{"id":23813,"date":"2019-11-17T10:58:13","date_gmt":"2019-11-17T09:58:13","guid":{"rendered":"http:\/\/www.lamennais.org\/?p=23813"},"modified":"2019-11-18T20:50:37","modified_gmt":"2019-11-18T19:50:37","slug":"vivamos-9-dias-con-jm-de-la-mennais-del-18-al-26-de-noviembre-9-dias-de-animacion-de-fiestas-y-de-oracion-con-el-padre-de-la-mennais-durante-la-gran-semana","status":"publish","type":"post","link":"https:\/\/www.lamennais.org\/es\/vivamos-9-dias-con-jm-de-la-mennais-del-18-al-26-de-noviembre-9-dias-de-animacion-de-fiestas-y-de-oracion-con-el-padre-de-la-mennais-durante-la-gran-semana\/","title":{"rendered":"VIVAMOS 9 D\u00cdAS CON JM DE LA MENNAIS del 18 al 26 de noviembre. 9 d\u00edas de animaci\u00f3n, de fiestas y de oraci\u00f3n con el Padre de la Mennais, durante la Gran Semana"},"content":{"rendered":"<p><strong><em>Enzo, In\u00e8s, No\u00e9lia, Swann y Nicolas, del Colegio Saint Stanislas de Saint-Renan, Francia\u00a0 <\/em><\/strong><strong><em>van a vivir la Gran Semana Menesiana, participando a diferentes eventos&#8230;<\/em><\/strong><\/p>\n<p>En muchas de las 200 escuelas de los 26 pa\u00edses en los que trabajan los Hermanos y Laicos de la Familia menesiana se ofrecen de manera especial animaciones espirituales, deportivas y culturales.<\/p>\n<p><img fetchpriority=\"high\" decoding=\"async\" class=\"alignleft size-large wp-image-23746\" src=\"http:\/\/www.lamennais.org\/wp-content\/uploads\/2016\/07\/JMLM-3-e1573559309122-1024x506.jpg\" alt=\"\" width=\"860\" height=\"425\" \/><\/p>\n<p>Un tiempo privilegiado de oraci\u00f3n y de v\u00ednculo con las personas encomendadas al Padre de la Mennais: es la cita anual de la Gran Novena <strong>para la<\/strong> <strong>beatificaci\u00f3n del Padre de la Mennais.<\/strong><\/p>\n<p>Durante 9 d\u00edas, <strong>las comunidades de los hermanos, los equipos de las escuelas y centros educativos, laicos y personales<\/strong> se asocian para compartir intenciones y confiar personas por intercesi\u00f3n de Juan Mar\u00eda de la Mennais.<\/p>\n<div id=\"attachment_23765\" style=\"width: 870px\" class=\"wp-caption alignleft\"><img decoding=\"async\" aria-describedby=\"caption-attachment-23765\" class=\"wp-image-23765 size-large\" src=\"http:\/\/www.lamennais.org\/wp-content\/uploads\/2019\/11\/IMG_4649-1024x591.jpg\" alt=\"\" width=\"860\" height=\"496\" srcset=\"https:\/\/www.lamennais.org\/wp-content\/uploads\/2019\/11\/IMG_4649-1024x591.jpg 1024w, https:\/\/www.lamennais.org\/wp-content\/uploads\/2019\/11\/IMG_4649-600x346.jpg 600w, https:\/\/www.lamennais.org\/wp-content\/uploads\/2019\/11\/IMG_4649-300x173.jpg 300w, https:\/\/www.lamennais.org\/wp-content\/uploads\/2019\/11\/IMG_4649-768x443.jpg 768w, https:\/\/www.lamennais.org\/wp-content\/uploads\/2019\/11\/IMG_4649-260x150.jpg 260w, https:\/\/www.lamennais.org\/wp-content\/uploads\/2019\/11\/IMG_4649.jpg 1040w\" sizes=\"(max-width: 860px) 100vw, 860px\" \/><p id=\"caption-attachment-23765\" class=\"wp-caption-text\"><em>Encuentro de pertenencia La Mennais \u2013 Districto Divina Providencia, Uruguay, Argentina, Chile, Bolivia<\/em><\/p><\/div>\n<p><strong>NUEVO !<img decoding=\"async\" class=\"alignleft size-full wp-image-21452\" src=\"http:\/\/www.lamennais.org\/wp-content\/uploads\/2019\/06\/CS-Ray-HAmelin.jpg\" alt=\"\" width=\"843\" height=\"429\" srcset=\"https:\/\/www.lamennais.org\/wp-content\/uploads\/2019\/06\/CS-Ray-HAmelin.jpg 843w, https:\/\/www.lamennais.org\/wp-content\/uploads\/2019\/06\/CS-Ray-HAmelin-300x153.jpg 300w, https:\/\/www.lamennais.org\/wp-content\/uploads\/2019\/06\/CS-Ray-HAmelin-768x391.jpg 768w, https:\/\/www.lamennais.org\/wp-content\/uploads\/2019\/06\/CS-Ray-HAmelin-260x132.jpg 260w\" sizes=\"(max-width: 843px) 100vw, 843px\" \/><\/strong><\/p>\n<table>\n<tbody>\n<tr>\n<td width=\"318\"><strong>Oraci\u00f3n de los peque\u00f1os<\/p>\n<p>Jes\u00fas,<\/strong><br \/>\n<strong>a Ti que eres el gran amigo de los ni\u00f1os,<\/strong><br \/>\n<strong>queremos pedirte por Juan M\u00aa.<\/strong><br \/>\n<strong>Tambi\u00e9n \u00e9l &#8211; como T\u00fa &#8211; quer\u00eda mucho a los ni\u00f1os.<\/strong><br \/>\n<strong>Por ellos y para ellos fund\u00f3<\/strong><br \/>\n<strong>las Congregaciones los Hermanos Menesianos<\/strong><br \/>\n<strong>y las Hijas de la Providencia<\/strong><br \/>\n<strong>para que te conocieran y te amaran,<\/strong><br \/>\n<strong>tanto en la escuela como en los juegos<\/strong><br \/>\n<strong>o en la amistad o en la oraci\u00f3n.<br \/>\n<\/strong><br \/>\n<strong>Jes\u00fas,<\/strong><br \/>\n<strong>le queremos mucho a Juan Mar\u00eda,<\/strong><br \/>\n<strong>porque es nuestro Padre: bueno y sabio.<\/strong><br \/>\n<strong>Te pedimos que podamos pronto<\/strong><br \/>\n<strong>rezarle como Beato y como Santo.<br \/>\n<\/strong><br \/>\n<strong>As\u00ed sentiremos la invitaci\u00f3n a que<\/strong><br \/>\n<strong>tambi\u00e9n nosotros seamos santos y<\/strong><br \/>\n<strong>\u00e9l nos proteger\u00e1 &#8211; mejor si cabe &#8211; desde el cielo.<\/strong><br \/>\n<strong>Am\u00e9n.<\/strong><\/td>\n<\/tr>\n<\/tbody>\n<\/table>\n<p><img loading=\"lazy\" decoding=\"async\" class=\"alignleft size-large wp-image-21027\" src=\"http:\/\/www.lamennais.org\/wp-content\/uploads\/2019\/05\/P1100307-1024x683.jpg\" alt=\"\" width=\"860\" height=\"574\" srcset=\"https:\/\/www.lamennais.org\/wp-content\/uploads\/2019\/05\/P1100307-1024x683.jpg 1024w, https:\/\/www.lamennais.org\/wp-content\/uploads\/2019\/05\/P1100307-300x200.jpg 300w, https:\/\/www.lamennais.org\/wp-content\/uploads\/2019\/05\/P1100307-768x512.jpg 768w, https:\/\/www.lamennais.org\/wp-content\/uploads\/2019\/05\/P1100307-260x173.jpg 260w, https:\/\/www.lamennais.org\/wp-content\/uploads\/2019\/05\/P1100307-1200x800.jpg 1200w\" sizes=\"(max-width: 860px) 100vw, 860px\" \/><\/p>\n<p><strong>Varias provincias y distritos<\/strong> publican tambi\u00e9n un folleto especial.<\/p>\n<div id=\"attachment_23783\" style=\"width: 870px\" class=\"wp-caption alignleft\"><img loading=\"lazy\" decoding=\"async\" aria-describedby=\"caption-attachment-23783\" class=\"wp-image-23783 size-large\" src=\"http:\/\/www.lamennais.org\/wp-content\/uploads\/2019\/11\/IMG_3159-1024x611.jpg\" alt=\"\" width=\"860\" height=\"513\" srcset=\"https:\/\/www.lamennais.org\/wp-content\/uploads\/2019\/11\/IMG_3159-1024x611.jpg 1024w, https:\/\/www.lamennais.org\/wp-content\/uploads\/2019\/11\/IMG_3159-600x358.jpg 600w, https:\/\/www.lamennais.org\/wp-content\/uploads\/2019\/11\/IMG_3159-300x179.jpg 300w, https:\/\/www.lamennais.org\/wp-content\/uploads\/2019\/11\/IMG_3159-768x458.jpg 768w, https:\/\/www.lamennais.org\/wp-content\/uploads\/2019\/11\/IMG_3159-260x155.jpg 260w\" sizes=\"(max-width: 860px) 100vw, 860px\" \/><p id=\"caption-attachment-23783\" class=\"wp-caption-text\"><em>Los participantes en el Cap\u00edtulo de la Provincia Jean de la Mennais \u2013 Canad\u00e1-Estados Unidos-M\u00e9xico en noviembre en La Prairie<\/em><\/p><\/div>\n<p>+ <strong>la Provincia Jean de la Mennais<\/strong> \u2013 M\u00e9xico-USA-Canad\u00e1. El Hno Robert Smyth est\u00e1 encargado de la coordinaci\u00f3n.<\/p>\n<div id=\"attachment_23768\" style=\"width: 910px\" class=\"wp-caption alignleft\"><img loading=\"lazy\" decoding=\"async\" aria-describedby=\"caption-attachment-23768\" class=\"wp-image-23768 size-full\" src=\"http:\/\/www.lamennais.org\/wp-content\/uploads\/2019\/11\/IMG-20191115-WA0010.jpg\" alt=\"\" width=\"900\" height=\"600\" srcset=\"https:\/\/www.lamennais.org\/wp-content\/uploads\/2019\/11\/IMG-20191115-WA0010.jpg 900w, https:\/\/www.lamennais.org\/wp-content\/uploads\/2019\/11\/IMG-20191115-WA0010-600x400.jpg 600w, https:\/\/www.lamennais.org\/wp-content\/uploads\/2019\/11\/IMG-20191115-WA0010-300x200.jpg 300w, https:\/\/www.lamennais.org\/wp-content\/uploads\/2019\/11\/IMG-20191115-WA0010-768x512.jpg 768w, https:\/\/www.lamennais.org\/wp-content\/uploads\/2019\/11\/IMG-20191115-WA0010-260x173.jpg 260w\" sizes=\"(max-width: 900px) 100vw, 900px\" \/><p id=\"caption-attachment-23768\" class=\"wp-caption-text\"><em>Escuela San Juan Pablo II de Mbugangali, Ruanda, noviembre 2019. Fotograf\u00eda v\u00eda el Hno Habimana Damien<\/em><\/p><\/div>\n<p>+ <strong>la Provincia de San Juan Bautista \u2013 Inglaterra-Francia.<\/strong> El librito est\u00e1 compuesto por el equipo provincial y el Hno Louis Le Guichet<\/p>\n<p><img loading=\"lazy\" decoding=\"async\" class=\"alignleft size-large wp-image-23793\" src=\"http:\/\/www.lamennais.org\/wp-content\/uploads\/2019\/11\/Capture-4-1024x565.jpg\" alt=\"\" width=\"860\" height=\"475\" srcset=\"https:\/\/www.lamennais.org\/wp-content\/uploads\/2019\/11\/Capture-4-1024x565.jpg 1024w, https:\/\/www.lamennais.org\/wp-content\/uploads\/2019\/11\/Capture-4-600x331.jpg 600w, https:\/\/www.lamennais.org\/wp-content\/uploads\/2019\/11\/Capture-4-300x166.jpg 300w, https:\/\/www.lamennais.org\/wp-content\/uploads\/2019\/11\/Capture-4-768x424.jpg 768w, https:\/\/www.lamennais.org\/wp-content\/uploads\/2019\/11\/Capture-4-260x144.jpg 260w, https:\/\/www.lamennais.org\/wp-content\/uploads\/2019\/11\/Capture-4.jpg 1092w\" sizes=\"(max-width: 860px) 100vw, 860px\" \/><strong>+ La Casa Generalizia, Roma, Italia.<\/strong> El librito est\u00e1 realizado por el Hno Herv\u00e9 Asse.<\/p>\n<p><strong>RECURSOS \u00abON LINE\u00bb para vivir la Gran Novena \u00a0 <a href=\"https:\/\/www.lamennais.org\/es\/logotipo\/?lang=es\" target=\"_blank\" rel=\"noopener noreferrer\">&gt;&gt;&gt;<\/a><\/strong><\/p>\n<p>V\u00eddeos, cantos, textos, dibujos animados, fotos, poster&#8230;<\/p>\n<p><em>El Hno. Dino de Carolis, postulador de la Causa, propone un documento espec\u00edfico para esta Gran Novena, <strong>que se puede encontrar en el sitio web en la r\u00fabrica ROGAR.<\/strong> <strong>http:\/\/www.lamennais.org\/sermon\/prier-2\/<\/strong><\/em><\/p>\n<p><em>\u00abEste a\u00f1o la novena coincide con el Bicentenario de la fundaci\u00f3n de las Congregaciones menesianas, explica el Hno Dino, en particular de los Hermanos de la Instrucci\u00f3n Cristiana. Ahora que la Causa entra en una fase decisiva, multipliquemos nuestros esfuerzos de oraci\u00f3n y de cercan\u00eda a nuestros Fundadores, en particular de Juan Mar\u00eda.<\/em><\/p>\n<p><em>Todos deseamos que el Padre de la Mennais sea reconocido \u00absanto\u00bb por la Iglesia, como \u00abmodelo de fidelidad a la Iglesia y patrono de nuestras escuelas cristianas\u00bb (oraci\u00f3n tradicional). Al mismo tiempo, estamos llamados a abrir una nueva p\u00e1gina, que actualiza el tiempo de gracia de la fundaci\u00f3n. <\/em><\/p>\n<p><em><br \/>\nNuestros Fundadores respondieron a una llamada del Esp\u00edritu Santo. Y aceptaron caminar como Abraham, sin saber ad\u00f3nde iban, guiados \u00fanicamente por el Esp\u00edritu Santo. \u00bb<\/em><\/p>\n<p><strong>Intenciones de oraci\u00f3n<\/strong><br \/>\n.Para que crezca una aut\u00e9ntica devoci\u00f3n al P. Juan Mar\u00eda de la Mennais.<\/p>\n<p>. Por la curaci\u00f3n de las personas que se encomiendan a Dios por la intercesi\u00f3n de nuestro Padre.<\/p>\n<p><strong>Personas recomendadas<\/strong><\/p>\n<p><strong>Espa\u00f1a<\/strong>: Hno Joaqu\u00edn Blanco (Bilbao)<br \/>\n<strong>Bolivia<\/strong>: Yeisa Mano Urquiza, profesora en San Borja<br \/>\n<strong>Francia<\/strong>: G\u00e9rard Dufour, Hno Bob L\u00e9austic, Hno Daniel Bouche<br \/>\nSe\u00f1ora Armelle Galisson,<br \/>\n<strong>Italia<\/strong>: Claudio, Casa di Maria, Castelgandolfo<br \/>\nElena, madre de dos hijos, Frederico,<br \/>\nRachele, de 11 a\u00f1os,<br \/>\n<strong>Canad\u00e1<\/strong>: Roger Lefebvre, 73 a\u00f1os, Dolbeau.<br \/>\nIan Juneau, 8 a\u00f1os, Prairie.<br \/>\n<strong>M\u00e9xico<\/strong>: Yolanda Camo Gonzalez, 38 a\u00f1os. Huatusco<br \/>\nSe\u00f1ora Libia Cecilia L\u00f3pez Melchior, 47 a\u00f1os.<br \/>\n<strong>Uganda<\/strong>: Catalina nante<br \/>\n<strong>U.S.A.<\/strong> Monse\u00f1or George Murry, Youngstown, Ohio<br \/>\nClayton Paradis, Waterville, Maine,<br \/>\n<strong>Tahit\u00ed<\/strong>: Sr. David Poirier (Nueva Zelandia).<br \/>\nSr. Saminadame Jean<\/p>\n<p><strong>Noticias de la causa de JM del Mennais<\/strong><\/p>\n<p>Los documentos del juicio de Rennes relacionados con la curaci\u00f3n de Josette Poulain, en Combourg, en la Cl\u00ednica de las Hijas de la Providencia, en los a\u00f1os 50, fueron entregados a la Congregaci\u00f3n de las Causas de los Santos en Roma, por el Hno Dino de Carolis, postulador y el Hno Michel Bouvais, vicepostulador, 14 de octubre.<\/p>\n<div id=\"attachment_23577\" style=\"width: 870px\" class=\"wp-caption alignleft\"><img loading=\"lazy\" decoding=\"async\" aria-describedby=\"caption-attachment-23577\" class=\"wp-image-23577 size-large\" src=\"http:\/\/www.lamennais.org\/wp-content\/uploads\/2019\/10\/P1060722-1024x768.jpg\" alt=\"\" width=\"860\" height=\"645\" srcset=\"https:\/\/www.lamennais.org\/wp-content\/uploads\/2019\/10\/P1060722-1024x768.jpg 1024w, https:\/\/www.lamennais.org\/wp-content\/uploads\/2019\/10\/P1060722-600x450.jpg 600w, https:\/\/www.lamennais.org\/wp-content\/uploads\/2019\/10\/P1060722-300x225.jpg 300w, https:\/\/www.lamennais.org\/wp-content\/uploads\/2019\/10\/P1060722-768x576.jpg 768w, https:\/\/www.lamennais.org\/wp-content\/uploads\/2019\/10\/P1060722-260x195.jpg 260w\" sizes=\"(max-width: 860px) 100vw, 860px\" \/><p id=\"caption-attachment-23577\" class=\"wp-caption-text\"><em>En Roma, a la Congregaci\u00f3n de la Causa de los Santos, al secretario a la izquierda y a los HH Dino de Carolis y Michel Bouvais.<\/em><\/p><\/div>\n<p>La solicitud de apertura oficial de los documentos reunidos por el Tribunal Diocesano de Rennes fue entregada al prefecto de la Congregaci\u00f3n, el cardenal Becciu.<\/p>\n<div id=\"attachment_23586\" style=\"width: 870px\" class=\"wp-caption alignleft\"><img loading=\"lazy\" decoding=\"async\" aria-describedby=\"caption-attachment-23586\" class=\"wp-image-23586 size-large\" src=\"http:\/\/www.lamennais.org\/wp-content\/uploads\/2019\/10\/P1060730-1024x702.jpg\" alt=\"\" width=\"860\" height=\"590\" srcset=\"https:\/\/www.lamennais.org\/wp-content\/uploads\/2019\/10\/P1060730-1024x702.jpg 1024w, https:\/\/www.lamennais.org\/wp-content\/uploads\/2019\/10\/P1060730-600x411.jpg 600w, https:\/\/www.lamennais.org\/wp-content\/uploads\/2019\/10\/P1060730-300x206.jpg 300w, https:\/\/www.lamennais.org\/wp-content\/uploads\/2019\/10\/P1060730-768x526.jpg 768w, https:\/\/www.lamennais.org\/wp-content\/uploads\/2019\/10\/P1060730-260x178.jpg 260w, https:\/\/www.lamennais.org\/wp-content\/uploads\/2019\/10\/P1060730.jpg 1615w\" sizes=\"(max-width: 860px) 100vw, 860px\" \/><p id=\"caption-attachment-23586\" class=\"wp-caption-text\"><em>Plaza de San Pedro en Roma, los HH Michel BOUVAIS, Vicepostulador, a la izquierda y Dino DE CAROLIS, postulador.<\/em><\/p><\/div>\n<p>La respuesta ser\u00e1 comunicada dentro poco tiempo. Se podr\u00e1 entonces abrir el expediente que permitir\u00e1 al postulador redactar la Positio oficial. \u00c9sta incluir\u00e1 los documentos de la primera y segunda fase del juicio, as\u00ed como el relato de la curaci\u00f3n de la joven Josette Poulain y una breve biograf\u00eda del fundador. Cuando todo est\u00e9 listo, la Positio ser\u00e1 impresa y presentada a la Congregaci\u00f3n que la transmitir\u00e1 a los M\u00e9dicos de la Consulta.<\/p>\n<p><em>\u00abEsa es la situaci\u00f3n actual.\u00bb<\/em><\/p>\n<p><strong>Intensifiquemos nuestra oraci\u00f3n<\/strong>, especialmente durante esta gran novena de noviembre, para que nuestro fundador sea beatificado, y se abra as\u00ed una nueva p\u00e1gina para las congregaciones menesianas de los hermanos y de las hijas de la Providencia.<\/p>\n","protected":false},"excerpt":{"rendered":"<p>Enzo, In\u00e8s, No\u00e9lia, Swann y Nicolas, del Colegio Saint Stanislas de Saint-Renan, Francia\u00a0 van a vivir la Gran Semana Menesiana, participando a diferentes eventos&#8230; En muchas de las 200 escuelas de los 26 pa\u00edses en los que trabajan los Hermanos y Laicos de la Familia menesiana se ofrecen de manera especial animaciones espirituales, deportivas y [&hellip;]<\/p>\n","protected":false},"author":3,"featured_media":23777,"comment_status":"closed","ping_status":"closed","sticky":false,"template":"","format":"standard","meta":{"footnotes":""},"categories":[105],"tags":[],"class_list":["post-23813","post","type-post","status-publish","format-standard","has-post-thumbnail","hentry","category-noticias"],"yoast_head":"<!-- This site is optimized with the Yoast SEO plugin v27.4 - https:\/\/yoast.com\/product\/yoast-seo-wordpress\/ -->\n<title>VIVAMOS 9 D\u00cdAS CON JM DE LA MENNAIS del 18 al 26 de noviembre. 9 d\u00edas de animaci\u00f3n, de fiestas y de oraci\u00f3n con el Padre de la Mennais, durante la Gran Semana - LaMennais.org<\/title>\n<meta name=\"robots\" content=\"index, follow, max-snippet:-1, max-image-preview:large, max-video-preview:-1\" \/>\n<link rel=\"canonical\" href=\"https:\/\/www.lamennais.org\/vivamos-9-dias-con-jm-de-la-mennais-del-18-al-26-de-noviembre-9-dias-de-animacion-de-fiestas-y-de-oracion-con-el-padre-de-la-mennais-durante-la-gran-semana\/?lang=es\" \/>\n<meta property=\"og:locale\" content=\"es_ES\" \/>\n<meta property=\"og:type\" content=\"article\" \/>\n<meta property=\"og:title\" content=\"VIVAMOS 9 D\u00cdAS CON JM DE LA MENNAIS del 18 al 26 de noviembre. 9 d\u00edas de animaci\u00f3n, de fiestas y de oraci\u00f3n con el Padre de la Mennais, durante la Gran Semana - LaMennais.org\" \/>\n<meta property=\"og:description\" content=\"Enzo, In\u00e8s, No\u00e9lia, Swann y Nicolas, del Colegio Saint Stanislas de Saint-Renan, Francia\u00a0 van a vivir la Gran Semana Menesiana, participando a diferentes eventos&#8230; En muchas de las 200 escuelas de los 26 pa\u00edses en los que trabajan los Hermanos y Laicos de la Familia menesiana se ofrecen de manera especial animaciones espirituales, deportivas y [&hellip;]\" \/>\n<meta property=\"og:url\" content=\"https:\/\/www.lamennais.org\/vivamos-9-dias-con-jm-de-la-mennais-del-18-al-26-de-noviembre-9-dias-de-animacion-de-fiestas-y-de-oracion-con-el-padre-de-la-mennais-durante-la-gran-semana\/?lang=es\" \/>\n<meta property=\"og:site_name\" content=\"LaMennais.org\" \/>\n<meta property=\"article:published_time\" content=\"2019-11-17T09:58:13+00:00\" \/>\n<meta property=\"article:modified_time\" content=\"2019-11-18T19:50:37+00:00\" \/>\n<meta property=\"og:image\" content=\"https:\/\/www.lamennais.org\/wp-content\/uploads\/2019\/11\/P1130636-e1574106733566-scaled.jpg\" \/>\n\t<meta property=\"og:image:width\" content=\"2560\" \/>\n\t<meta property=\"og:image:height\" content=\"1037\" \/>\n\t<meta property=\"og:image:type\" content=\"image\/jpeg\" \/>\n<meta name=\"author\" content=\"Herv\u00e9 Asse\" \/>\n<meta name=\"twitter:card\" content=\"summary_large_image\" \/>\n<meta name=\"twitter:label1\" content=\"Escrito por\" \/>\n\t<meta name=\"twitter:data1\" content=\"Herv\u00e9 Asse\" \/>\n\t<meta name=\"twitter:label2\" content=\"Tiempo de lectura\" \/>\n\t<meta name=\"twitter:data2\" content=\"5 minutos\" \/>\n<script type=\"application\/ld+json\" class=\"yoast-schema-graph\">{\"@context\":\"https:\\\/\\\/schema.org\",\"@graph\":[{\"@type\":\"Article\",\"@id\":\"https:\\\/\\\/www.lamennais.org\\\/vivamos-9-dias-con-jm-de-la-mennais-del-18-al-26-de-noviembre-9-dias-de-animacion-de-fiestas-y-de-oracion-con-el-padre-de-la-mennais-durante-la-gran-semana\\\/?lang=es#article\",\"isPartOf\":{\"@id\":\"https:\\\/\\\/www.lamennais.org\\\/vivamos-9-dias-con-jm-de-la-mennais-del-18-al-26-de-noviembre-9-dias-de-animacion-de-fiestas-y-de-oracion-con-el-padre-de-la-mennais-durante-la-gran-semana\\\/?lang=es\"},\"author\":{\"name\":\"Herv\u00e9 Asse\",\"@id\":\"https:\\\/\\\/www.lamennais.org\\\/#\\\/schema\\\/person\\\/2a8d6e8a95babedd5ba1c43afd2e3844\"},\"headline\":\"VIVAMOS 9 D\u00cdAS CON JM DE LA MENNAIS del 18 al 26 de noviembre. 9 d\u00edas de animaci\u00f3n, de fiestas y de oraci\u00f3n con el Padre de la Mennais, durante la Gran Semana\",\"datePublished\":\"2019-11-17T09:58:13+00:00\",\"dateModified\":\"2019-11-18T19:50:37+00:00\",\"mainEntityOfPage\":{\"@id\":\"https:\\\/\\\/www.lamennais.org\\\/vivamos-9-dias-con-jm-de-la-mennais-del-18-al-26-de-noviembre-9-dias-de-animacion-de-fiestas-y-de-oracion-con-el-padre-de-la-mennais-durante-la-gran-semana\\\/?lang=es\"},\"wordCount\":1039,\"image\":{\"@id\":\"https:\\\/\\\/www.lamennais.org\\\/vivamos-9-dias-con-jm-de-la-mennais-del-18-al-26-de-noviembre-9-dias-de-animacion-de-fiestas-y-de-oracion-con-el-padre-de-la-mennais-durante-la-gran-semana\\\/?lang=es#primaryimage\"},\"thumbnailUrl\":\"https:\\\/\\\/www.lamennais.org\\\/wp-content\\\/uploads\\\/2019\\\/11\\\/P1130636-e1574106733566-scaled.jpg\",\"articleSection\":[\"NOTICIAS\"],\"inLanguage\":\"es\"},{\"@type\":\"WebPage\",\"@id\":\"https:\\\/\\\/www.lamennais.org\\\/vivamos-9-dias-con-jm-de-la-mennais-del-18-al-26-de-noviembre-9-dias-de-animacion-de-fiestas-y-de-oracion-con-el-padre-de-la-mennais-durante-la-gran-semana\\\/?lang=es\",\"url\":\"https:\\\/\\\/www.lamennais.org\\\/vivamos-9-dias-con-jm-de-la-mennais-del-18-al-26-de-noviembre-9-dias-de-animacion-de-fiestas-y-de-oracion-con-el-padre-de-la-mennais-durante-la-gran-semana\\\/?lang=es\",\"name\":\"VIVAMOS 9 D\u00cdAS CON JM DE LA MENNAIS del 18 al 26 de noviembre. 9 d\u00edas de animaci\u00f3n, de fiestas y de oraci\u00f3n con el Padre de la Mennais, durante la Gran Semana - LaMennais.org\",\"isPartOf\":{\"@id\":\"https:\\\/\\\/www.lamennais.org\\\/#website\"},\"primaryImageOfPage\":{\"@id\":\"https:\\\/\\\/www.lamennais.org\\\/vivamos-9-dias-con-jm-de-la-mennais-del-18-al-26-de-noviembre-9-dias-de-animacion-de-fiestas-y-de-oracion-con-el-padre-de-la-mennais-durante-la-gran-semana\\\/?lang=es#primaryimage\"},\"image\":{\"@id\":\"https:\\\/\\\/www.lamennais.org\\\/vivamos-9-dias-con-jm-de-la-mennais-del-18-al-26-de-noviembre-9-dias-de-animacion-de-fiestas-y-de-oracion-con-el-padre-de-la-mennais-durante-la-gran-semana\\\/?lang=es#primaryimage\"},\"thumbnailUrl\":\"https:\\\/\\\/www.lamennais.org\\\/wp-content\\\/uploads\\\/2019\\\/11\\\/P1130636-e1574106733566-scaled.jpg\",\"datePublished\":\"2019-11-17T09:58:13+00:00\",\"dateModified\":\"2019-11-18T19:50:37+00:00\",\"author\":{\"@id\":\"https:\\\/\\\/www.lamennais.org\\\/#\\\/schema\\\/person\\\/2a8d6e8a95babedd5ba1c43afd2e3844\"},\"breadcrumb\":{\"@id\":\"https:\\\/\\\/www.lamennais.org\\\/vivamos-9-dias-con-jm-de-la-mennais-del-18-al-26-de-noviembre-9-dias-de-animacion-de-fiestas-y-de-oracion-con-el-padre-de-la-mennais-durante-la-gran-semana\\\/?lang=es#breadcrumb\"},\"inLanguage\":\"es\",\"potentialAction\":[{\"@type\":\"ReadAction\",\"target\":[\"https:\\\/\\\/www.lamennais.org\\\/vivamos-9-dias-con-jm-de-la-mennais-del-18-al-26-de-noviembre-9-dias-de-animacion-de-fiestas-y-de-oracion-con-el-padre-de-la-mennais-durante-la-gran-semana\\\/?lang=es\"]}]},{\"@type\":\"ImageObject\",\"inLanguage\":\"es\",\"@id\":\"https:\\\/\\\/www.lamennais.org\\\/vivamos-9-dias-con-jm-de-la-mennais-del-18-al-26-de-noviembre-9-dias-de-animacion-de-fiestas-y-de-oracion-con-el-padre-de-la-mennais-durante-la-gran-semana\\\/?lang=es#primaryimage\",\"url\":\"https:\\\/\\\/www.lamennais.org\\\/wp-content\\\/uploads\\\/2019\\\/11\\\/P1130636-e1574106733566-scaled.jpg\",\"contentUrl\":\"https:\\\/\\\/www.lamennais.org\\\/wp-content\\\/uploads\\\/2019\\\/11\\\/P1130636-e1574106733566-scaled.jpg\",\"width\":2560,\"height\":1037},{\"@type\":\"BreadcrumbList\",\"@id\":\"https:\\\/\\\/www.lamennais.org\\\/vivamos-9-dias-con-jm-de-la-mennais-del-18-al-26-de-noviembre-9-dias-de-animacion-de-fiestas-y-de-oracion-con-el-padre-de-la-mennais-durante-la-gran-semana\\\/?lang=es#breadcrumb\",\"itemListElement\":[{\"@type\":\"ListItem\",\"position\":1,\"name\":\"Accueil\",\"item\":\"https:\\\/\\\/www.lamennais.org\\\/\"},{\"@type\":\"ListItem\",\"position\":2,\"name\":\"VIVAMOS 9 D\u00cdAS CON JM DE LA MENNAIS del 18 al 26 de noviembre. 9 d\u00edas de animaci\u00f3n, de fiestas y de oraci\u00f3n con el Padre de la Mennais, durante la Gran Semana\"}]},{\"@type\":\"WebSite\",\"@id\":\"https:\\\/\\\/www.lamennais.org\\\/#website\",\"url\":\"https:\\\/\\\/www.lamennais.org\\\/\",\"name\":\"LaMennais.org\",\"description\":\"Fr\u00e8res de l&#039;Instruction Chr\u00e9tienne et Famille Mennaisienne\",\"potentialAction\":[{\"@type\":\"SearchAction\",\"target\":{\"@type\":\"EntryPoint\",\"urlTemplate\":\"https:\\\/\\\/www.lamennais.org\\\/?s={search_term_string}\"},\"query-input\":{\"@type\":\"PropertyValueSpecification\",\"valueRequired\":true,\"valueName\":\"search_term_string\"}}],\"inLanguage\":\"es\"},{\"@type\":\"Person\",\"@id\":\"https:\\\/\\\/www.lamennais.org\\\/#\\\/schema\\\/person\\\/2a8d6e8a95babedd5ba1c43afd2e3844\",\"name\":\"Herv\u00e9 Asse\",\"image\":{\"@type\":\"ImageObject\",\"inLanguage\":\"es\",\"@id\":\"https:\\\/\\\/secure.gravatar.com\\\/avatar\\\/1aaa7b1baf759c8b40525f40af381cbaa2b0ddd554f57145bceb0654ba45b4c0?s=96&d=mm&r=g\",\"url\":\"https:\\\/\\\/secure.gravatar.com\\\/avatar\\\/1aaa7b1baf759c8b40525f40af381cbaa2b0ddd554f57145bceb0654ba45b4c0?s=96&d=mm&r=g\",\"contentUrl\":\"https:\\\/\\\/secure.gravatar.com\\\/avatar\\\/1aaa7b1baf759c8b40525f40af381cbaa2b0ddd554f57145bceb0654ba45b4c0?s=96&d=mm&r=g\",\"caption\":\"Herv\u00e9 Asse\"}}]}<\/script>\n<!-- \/ Yoast SEO plugin. -->","yoast_head_json":{"title":"VIVAMOS 9 D\u00cdAS CON JM DE LA MENNAIS del 18 al 26 de noviembre. 9 d\u00edas de animaci\u00f3n, de fiestas y de oraci\u00f3n con el Padre de la Mennais, durante la Gran Semana - LaMennais.org","robots":{"index":"index","follow":"follow","max-snippet":"max-snippet:-1","max-image-preview":"max-image-preview:large","max-video-preview":"max-video-preview:-1"},"canonical":"https:\/\/www.lamennais.org\/vivamos-9-dias-con-jm-de-la-mennais-del-18-al-26-de-noviembre-9-dias-de-animacion-de-fiestas-y-de-oracion-con-el-padre-de-la-mennais-durante-la-gran-semana\/?lang=es","og_locale":"es_ES","og_type":"article","og_title":"VIVAMOS 9 D\u00cdAS CON JM DE LA MENNAIS del 18 al 26 de noviembre. 9 d\u00edas de animaci\u00f3n, de fiestas y de oraci\u00f3n con el Padre de la Mennais, durante la Gran Semana - LaMennais.org","og_description":"Enzo, In\u00e8s, No\u00e9lia, Swann y Nicolas, del Colegio Saint Stanislas de Saint-Renan, Francia\u00a0 van a vivir la Gran Semana Menesiana, participando a diferentes eventos&#8230; En muchas de las 200 escuelas de los 26 pa\u00edses en los que trabajan los Hermanos y Laicos de la Familia menesiana se ofrecen de manera especial animaciones espirituales, deportivas y [&hellip;]","og_url":"https:\/\/www.lamennais.org\/vivamos-9-dias-con-jm-de-la-mennais-del-18-al-26-de-noviembre-9-dias-de-animacion-de-fiestas-y-de-oracion-con-el-padre-de-la-mennais-durante-la-gran-semana\/?lang=es","og_site_name":"LaMennais.org","article_published_time":"2019-11-17T09:58:13+00:00","article_modified_time":"2019-11-18T19:50:37+00:00","og_image":[{"width":2560,"height":1037,"url":"https:\/\/www.lamennais.org\/wp-content\/uploads\/2019\/11\/P1130636-e1574106733566-scaled.jpg","type":"image\/jpeg"}],"author":"Herv\u00e9 Asse","twitter_card":"summary_large_image","twitter_misc":{"Escrito por":"Herv\u00e9 Asse","Tiempo de lectura":"5 minutos"},"schema":{"@context":"https:\/\/schema.org","@graph":[{"@type":"Article","@id":"https:\/\/www.lamennais.org\/vivamos-9-dias-con-jm-de-la-mennais-del-18-al-26-de-noviembre-9-dias-de-animacion-de-fiestas-y-de-oracion-con-el-padre-de-la-mennais-durante-la-gran-semana\/?lang=es#article","isPartOf":{"@id":"https:\/\/www.lamennais.org\/vivamos-9-dias-con-jm-de-la-mennais-del-18-al-26-de-noviembre-9-dias-de-animacion-de-fiestas-y-de-oracion-con-el-padre-de-la-mennais-durante-la-gran-semana\/?lang=es"},"author":{"name":"Herv\u00e9 Asse","@id":"https:\/\/www.lamennais.org\/#\/schema\/person\/2a8d6e8a95babedd5ba1c43afd2e3844"},"headline":"VIVAMOS 9 D\u00cdAS CON JM DE LA MENNAIS del 18 al 26 de noviembre. 9 d\u00edas de animaci\u00f3n, de fiestas y de oraci\u00f3n con el Padre de la Mennais, durante la Gran Semana","datePublished":"2019-11-17T09:58:13+00:00","dateModified":"2019-11-18T19:50:37+00:00","mainEntityOfPage":{"@id":"https:\/\/www.lamennais.org\/vivamos-9-dias-con-jm-de-la-mennais-del-18-al-26-de-noviembre-9-dias-de-animacion-de-fiestas-y-de-oracion-con-el-padre-de-la-mennais-durante-la-gran-semana\/?lang=es"},"wordCount":1039,"image":{"@id":"https:\/\/www.lamennais.org\/vivamos-9-dias-con-jm-de-la-mennais-del-18-al-26-de-noviembre-9-dias-de-animacion-de-fiestas-y-de-oracion-con-el-padre-de-la-mennais-durante-la-gran-semana\/?lang=es#primaryimage"},"thumbnailUrl":"https:\/\/www.lamennais.org\/wp-content\/uploads\/2019\/11\/P1130636-e1574106733566-scaled.jpg","articleSection":["NOTICIAS"],"inLanguage":"es"},{"@type":"WebPage","@id":"https:\/\/www.lamennais.org\/vivamos-9-dias-con-jm-de-la-mennais-del-18-al-26-de-noviembre-9-dias-de-animacion-de-fiestas-y-de-oracion-con-el-padre-de-la-mennais-durante-la-gran-semana\/?lang=es","url":"https:\/\/www.lamennais.org\/vivamos-9-dias-con-jm-de-la-mennais-del-18-al-26-de-noviembre-9-dias-de-animacion-de-fiestas-y-de-oracion-con-el-padre-de-la-mennais-durante-la-gran-semana\/?lang=es","name":"VIVAMOS 9 D\u00cdAS CON JM DE LA MENNAIS del 18 al 26 de noviembre. 9 d\u00edas de animaci\u00f3n, de fiestas y de oraci\u00f3n con el Padre de la Mennais, durante la Gran Semana - LaMennais.org","isPartOf":{"@id":"https:\/\/www.lamennais.org\/#website"},"primaryImageOfPage":{"@id":"https:\/\/www.lamennais.org\/vivamos-9-dias-con-jm-de-la-mennais-del-18-al-26-de-noviembre-9-dias-de-animacion-de-fiestas-y-de-oracion-con-el-padre-de-la-mennais-durante-la-gran-semana\/?lang=es#primaryimage"},"image":{"@id":"https:\/\/www.lamennais.org\/vivamos-9-dias-con-jm-de-la-mennais-del-18-al-26-de-noviembre-9-dias-de-animacion-de-fiestas-y-de-oracion-con-el-padre-de-la-mennais-durante-la-gran-semana\/?lang=es#primaryimage"},"thumbnailUrl":"https:\/\/www.lamennais.org\/wp-content\/uploads\/2019\/11\/P1130636-e1574106733566-scaled.jpg","datePublished":"2019-11-17T09:58:13+00:00","dateModified":"2019-11-18T19:50:37+00:00","author":{"@id":"https:\/\/www.lamennais.org\/#\/schema\/person\/2a8d6e8a95babedd5ba1c43afd2e3844"},"breadcrumb":{"@id":"https:\/\/www.lamennais.org\/vivamos-9-dias-con-jm-de-la-mennais-del-18-al-26-de-noviembre-9-dias-de-animacion-de-fiestas-y-de-oracion-con-el-padre-de-la-mennais-durante-la-gran-semana\/?lang=es#breadcrumb"},"inLanguage":"es","potentialAction":[{"@type":"ReadAction","target":["https:\/\/www.lamennais.org\/vivamos-9-dias-con-jm-de-la-mennais-del-18-al-26-de-noviembre-9-dias-de-animacion-de-fiestas-y-de-oracion-con-el-padre-de-la-mennais-durante-la-gran-semana\/?lang=es"]}]},{"@type":"ImageObject","inLanguage":"es","@id":"https:\/\/www.lamennais.org\/vivamos-9-dias-con-jm-de-la-mennais-del-18-al-26-de-noviembre-9-dias-de-animacion-de-fiestas-y-de-oracion-con-el-padre-de-la-mennais-durante-la-gran-semana\/?lang=es#primaryimage","url":"https:\/\/www.lamennais.org\/wp-content\/uploads\/2019\/11\/P1130636-e1574106733566-scaled.jpg","contentUrl":"https:\/\/www.lamennais.org\/wp-content\/uploads\/2019\/11\/P1130636-e1574106733566-scaled.jpg","width":2560,"height":1037},{"@type":"BreadcrumbList","@id":"https:\/\/www.lamennais.org\/vivamos-9-dias-con-jm-de-la-mennais-del-18-al-26-de-noviembre-9-dias-de-animacion-de-fiestas-y-de-oracion-con-el-padre-de-la-mennais-durante-la-gran-semana\/?lang=es#breadcrumb","itemListElement":[{"@type":"ListItem","position":1,"name":"Accueil","item":"https:\/\/www.lamennais.org\/"},{"@type":"ListItem","position":2,"name":"VIVAMOS 9 D\u00cdAS CON JM DE LA MENNAIS del 18 al 26 de noviembre. 9 d\u00edas de animaci\u00f3n, de fiestas y de oraci\u00f3n con el Padre de la Mennais, durante la Gran Semana"}]},{"@type":"WebSite","@id":"https:\/\/www.lamennais.org\/#website","url":"https:\/\/www.lamennais.org\/","name":"LaMennais.org","description":"Fr\u00e8res de l&#039;Instruction Chr\u00e9tienne et Famille Mennaisienne","potentialAction":[{"@type":"SearchAction","target":{"@type":"EntryPoint","urlTemplate":"https:\/\/www.lamennais.org\/?s={search_term_string}"},"query-input":{"@type":"PropertyValueSpecification","valueRequired":true,"valueName":"search_term_string"}}],"inLanguage":"es"},{"@type":"Person","@id":"https:\/\/www.lamennais.org\/#\/schema\/person\/2a8d6e8a95babedd5ba1c43afd2e3844","name":"Herv\u00e9 Asse","image":{"@type":"ImageObject","inLanguage":"es","@id":"https:\/\/secure.gravatar.com\/avatar\/1aaa7b1baf759c8b40525f40af381cbaa2b0ddd554f57145bceb0654ba45b4c0?s=96&d=mm&r=g","url":"https:\/\/secure.gravatar.com\/avatar\/1aaa7b1baf759c8b40525f40af381cbaa2b0ddd554f57145bceb0654ba45b4c0?s=96&d=mm&r=g","contentUrl":"https:\/\/secure.gravatar.com\/avatar\/1aaa7b1baf759c8b40525f40af381cbaa2b0ddd554f57145bceb0654ba45b4c0?s=96&d=mm&r=g","caption":"Herv\u00e9 Asse"}}]}},"_links":{"self":[{"href":"https:\/\/www.lamennais.org\/es\/wp-json\/wp\/v2\/posts\/23813","targetHints":{"allow":["GET"]}}],"collection":[{"href":"https:\/\/www.lamennais.org\/es\/wp-json\/wp\/v2\/posts"}],"about":[{"href":"https:\/\/www.lamennais.org\/es\/wp-json\/wp\/v2\/types\/post"}],"author":[{"embeddable":true,"href":"https:\/\/www.lamennais.org\/es\/wp-json\/wp\/v2\/users\/3"}],"replies":[{"embeddable":true,"href":"https:\/\/www.lamennais.org\/es\/wp-json\/wp\/v2\/comments?post=23813"}],"version-history":[{"count":2,"href":"https:\/\/www.lamennais.org\/es\/wp-json\/wp\/v2\/posts\/23813\/revisions"}],"predecessor-version":[{"id":23815,"href":"https:\/\/www.lamennais.org\/es\/wp-json\/wp\/v2\/posts\/23813\/revisions\/23815"}],"wp:featuredmedia":[{"embeddable":true,"href":"https:\/\/www.lamennais.org\/es\/wp-json\/wp\/v2\/media\/23777"}],"wp:attachment":[{"href":"https:\/\/www.lamennais.org\/es\/wp-json\/wp\/v2\/media?parent=23813"}],"wp:term":[{"taxonomy":"category","embeddable":true,"href":"https:\/\/www.lamennais.org\/es\/wp-json\/wp\/v2\/categories?post=23813"},{"taxonomy":"post_tag","embeddable":true,"href":"https:\/\/www.lamennais.org\/es\/wp-json\/wp\/v2\/tags?post=23813"}],"curies":[{"name":"wp","href":"https:\/\/api.w.org\/{rel}","templated":true}]}}