{"id":23714,"date":"2019-11-07T18:20:26","date_gmt":"2019-11-07T17:20:26","guid":{"rendered":"http:\/\/www.lamennais.org\/?p=23714"},"modified":"2019-11-11T11:04:18","modified_gmt":"2019-11-11T10:04:18","slug":"directores-de-colegios-nuestras-relaciones-estan-en-el-corazon-de-nuestra-mision-100-propuestas-recogidas-por-el-equipo-encargado-de-la-tutela-de-los-centros-menesianos-en-francia","status":"publish","type":"post","link":"https:\/\/www.lamennais.org\/es\/directores-de-colegios-nuestras-relaciones-estan-en-el-corazon-de-nuestra-mision-100-propuestas-recogidas-por-el-equipo-encargado-de-la-tutela-de-los-centros-menesianos-en-francia\/","title":{"rendered":"DIRECTORES DE COLEGIOS \u00abNuestras relaciones est\u00e1n en el coraz\u00f3n de nuestra misi\u00f3n\u00bb. 100 propuestas recogidas por el equipo encargado de la tutela de los Centros Menesianos en Francia."},"content":{"rendered":"<p><strong>Intensas. Los directores y adjuntos de los 76 colegios de la Red La Mennais en Francia han vivido dos d\u00edas plenos los d\u00edas 21 y 22 de octubre en Plo\u00ebrmel. En este a\u00f1o del Bicentenario, el Hno Yannick Houssay, Provincial, afirm\u00f3 desde el principio: \u201cEsta misi\u00f3n de educaci\u00f3n es nuestra misi\u00f3n juntos, adultos y j\u00f3venes, con un mismo esp\u00edritu. Dej\u00e9monos habitar por este esp\u00edritu de familia\u00bb. El equipo de Tutela que acompa\u00f1a a los centros tambi\u00e9n ha recogido 100 propuestas que permitir\u00e1n a este servicio responder a las expectativas. Los nuevos directores de colegios y el equipo de Tutela han sido enviados en misi\u00f3n en un momento de celebraci\u00f3n. <\/strong><\/p>\n<p>Acudir a las fuentes. Estas jornadas se han desarrollado sobre la base del nuevo texto de referencia presentado en el congreso \u00abFelices de ser educadores menesianos\u00bb, celebrado los d\u00edas 17, 18 y 19 de mayo.<br \/>\n<img fetchpriority=\"high\" decoding=\"async\" class=\"alignleft size-full wp-image-23651\" src=\"http:\/\/www.lamennais.org\/wp-content\/uploads\/2019\/11\/73155136_609256719610446_8361066200091852800_n-1.jpg\" alt=\"\" width=\"636\" height=\"394\" srcset=\"https:\/\/www.lamennais.org\/wp-content\/uploads\/2019\/11\/73155136_609256719610446_8361066200091852800_n-1.jpg 636w, https:\/\/www.lamennais.org\/wp-content\/uploads\/2019\/11\/73155136_609256719610446_8361066200091852800_n-1-600x372.jpg 600w, https:\/\/www.lamennais.org\/wp-content\/uploads\/2019\/11\/73155136_609256719610446_8361066200091852800_n-1-300x186.jpg 300w, https:\/\/www.lamennais.org\/wp-content\/uploads\/2019\/11\/73155136_609256719610446_8361066200091852800_n-1-260x161.jpg 260w\" sizes=\"(max-width: 636px) 100vw, 636px\" \/>El Hno Yannick Houssay, Provincial, nos invit\u00f3 a volver a las fuentes: \u201cVenir a Plo\u00ebrmel nos permite percibir la riqueza de estos 200 a\u00f1os de una historia que comenz\u00f3 con Juan Mar\u00eda de la Mennais y Gabriel Deshayes y que continu\u00f3 con sus primeros disc\u00edpulos, los primeros Hermanos.<\/p>\n<p>Una historia que ha guiado a la Red menesiana de los cinco continentes en respuesta a las diversas llamadas que se le han dirigido. Un carisma que es un don del Esp\u00edritu, fuerza y aliento, para proponer una educaci\u00f3n e instrucci\u00f3n a todos, fundada en el Evangelio de Jes\u00fas, Buena Noticia anunciada a los pobres.<br \/>\n\u00a1Esta misi\u00f3n vivida desde hace 200 a\u00f1os es vuestra misi\u00f3n! \u00a1Es nuestra misi\u00f3n! Debemos dar una respuesta juntos, en Iglesia, con los padres y los mismos j\u00f3venes. Es una MISI\u00d3N COMPARTIDA, Hermanos y Laicos.<\/p>\n<p>Diferentes vocaciones con un mismo esp\u00edritu, una misma fuente, una misi\u00f3n compartida y vivida con los dem\u00e1s, j\u00f3venes y adultos de nuestras COLEGIOS, \u00a1nunca sin ellos!<\/p>\n<p>Por eso estamos hablando de una familia menesiana. Tambi\u00e9n por esto debemos dejarnos habitar por este mismo esp\u00edritu de familia.\u00bb<\/p>\n<p><strong>ABRIR UNA NUEVA P\u00c1GINA<\/strong><\/p>\n<p><strong>\u00a0<\/strong>En la celebraci\u00f3n de los 200 a\u00f1os de la Congregaci\u00f3n el pasado 2 de junio, el Hermano Herv\u00e9 ZAMOR, Superior General, nos invit\u00f3 a abrir una nueva p\u00e1gina. Introdujimos esta nueva p\u00e1gina el lunes 21 de octubre con la intervenci\u00f3n del Padre Jean-Yves Baziou, de la di\u00f3cesis de Quimper y Le\u00f3n, Antiguo decano y profesor de la Universidad cat\u00f3lica de Lille que nos llev\u00f3 a reflexionar sobre la identidad relacional del ser humano y sobre las consecuencias educativas de esta identidad relacional.<\/p>\n<p><img decoding=\"async\" class=\"alignleft size-full wp-image-23654\" src=\"http:\/\/www.lamennais.org\/wp-content\/uploads\/2019\/11\/73357311_609256829610435_4800131956262043648_n.jpg\" alt=\"\" width=\"871\" height=\"545\" srcset=\"https:\/\/www.lamennais.org\/wp-content\/uploads\/2019\/11\/73357311_609256829610435_4800131956262043648_n.jpg 871w, https:\/\/www.lamennais.org\/wp-content\/uploads\/2019\/11\/73357311_609256829610435_4800131956262043648_n-600x375.jpg 600w, https:\/\/www.lamennais.org\/wp-content\/uploads\/2019\/11\/73357311_609256829610435_4800131956262043648_n-300x188.jpg 300w, https:\/\/www.lamennais.org\/wp-content\/uploads\/2019\/11\/73357311_609256829610435_4800131956262043648_n-768x481.jpg 768w, https:\/\/www.lamennais.org\/wp-content\/uploads\/2019\/11\/73357311_609256829610435_4800131956262043648_n-260x163.jpg 260w\" sizes=\"(max-width: 871px) 100vw, 871px\" \/>Introducci\u00f3n necesaria e indispensable para iniciar una reflexi\u00f3n sobre el funcionamiento mismo del servicio y\u00a0 acompa\u00f1amiento de los centros, la Tutela, a trav\u00e9s de dos tiempos de trabajo bajo el formato de un \u201cworld caf\u00e9\u201d a trav\u00e9s de las siguientes preguntas: \u00bfCu\u00e1les son las necesidades y expectativas de la Tutela y c\u00f3mo puede actuar cada actor en el seno de la misma Tutela?<\/p>\n<p><img decoding=\"async\" class=\"alignleft size-full wp-image-23657\" src=\"http:\/\/www.lamennais.org\/wp-content\/uploads\/2019\/11\/75242156_609256876277097_3898654832348626944_n.jpg\" alt=\"\" width=\"960\" height=\"554\" srcset=\"https:\/\/www.lamennais.org\/wp-content\/uploads\/2019\/11\/75242156_609256876277097_3898654832348626944_n.jpg 960w, https:\/\/www.lamennais.org\/wp-content\/uploads\/2019\/11\/75242156_609256876277097_3898654832348626944_n-600x346.jpg 600w, https:\/\/www.lamennais.org\/wp-content\/uploads\/2019\/11\/75242156_609256876277097_3898654832348626944_n-300x173.jpg 300w, https:\/\/www.lamennais.org\/wp-content\/uploads\/2019\/11\/75242156_609256876277097_3898654832348626944_n-768x443.jpg 768w, https:\/\/www.lamennais.org\/wp-content\/uploads\/2019\/11\/75242156_609256876277097_3898654832348626944_n-260x150.jpg 260w\" sizes=\"(max-width: 960px) 100vw, 960px\" \/><\/p>\n<p>El centenar de propuestas presentadas en estos talleres permitir\u00e1 al Consejo y al equipo de Tutela responder a las expectativas de los colegios.<\/p>\n<p>Adem\u00e1s de los tiempos de trabajo y de convivencia necesarios para la cohesi\u00f3n de nuestra red, hemos vivido un momento culminante con los momentos de celebraci\u00f3n. En el atrio de la capilla de los Hermanos, el Provincial llam\u00f3 individualmente a los miembros del equipo de Tutela.<\/p>\n<p><img loading=\"lazy\" decoding=\"async\" class=\"alignleft size-full wp-image-23663\" src=\"http:\/\/www.lamennais.org\/wp-content\/uploads\/2019\/11\/75279245_609256772943774_6018323490455683072_n.jpg\" alt=\"\" width=\"716\" height=\"530\" srcset=\"https:\/\/www.lamennais.org\/wp-content\/uploads\/2019\/11\/75279245_609256772943774_6018323490455683072_n.jpg 716w, https:\/\/www.lamennais.org\/wp-content\/uploads\/2019\/11\/75279245_609256772943774_6018323490455683072_n-600x444.jpg 600w, https:\/\/www.lamennais.org\/wp-content\/uploads\/2019\/11\/75279245_609256772943774_6018323490455683072_n-300x222.jpg 300w, https:\/\/www.lamennais.org\/wp-content\/uploads\/2019\/11\/75279245_609256772943774_6018323490455683072_n-260x192.jpg 260w\" sizes=\"(max-width: 716px) 100vw, 716px\" \/>Luego, Ronan Petton, Secretario general, llam\u00f3 a los nuevos directores y los invit\u00f3 a entrar en la capilla, seguidos por todos sus colegas. Todos fueron enviados en misi\u00f3n por el Provincial ante la tumba del Fundador<em>.\u201d Les agradezco su compromiso diario con su instituci\u00f3n, coment\u00f3 el Hno Yannick. Para vivir a\u00fan mejor vuestra misi\u00f3n menesiana, id a beber a la fuente del fundador, leedlo, tratad de conocerlo mejor. \u00bb<\/em><\/p>\n<div id=\"attachment_23684\" style=\"width: 594px\" class=\"wp-caption alignleft\"><img loading=\"lazy\" decoding=\"async\" aria-describedby=\"caption-attachment-23684\" class=\"wp-image-23684 size-full\" src=\"http:\/\/www.lamennais.org\/wp-content\/uploads\/2019\/11\/Capture.jpg\" alt=\"\" width=\"584\" height=\"357\" srcset=\"https:\/\/www.lamennais.org\/wp-content\/uploads\/2019\/11\/Capture.jpg 584w, https:\/\/www.lamennais.org\/wp-content\/uploads\/2019\/11\/Capture-300x183.jpg 300w, https:\/\/www.lamennais.org\/wp-content\/uploads\/2019\/11\/Capture-260x159.jpg 260w\" sizes=\"(max-width: 584px) 100vw, 584px\" \/><p id=\"caption-attachment-23684\" class=\"wp-caption-text\"><em>Equipo de la Tutela, acompa\u00f1ando los colegios y centros educativos de la Red\u00a0 LA MENNAIS, en\u00a0 Francia<\/em><\/p><\/div>\n<p>De izquierda a derecha :<br \/>\n<strong>Ronan Petton<\/strong>, Secretario General de la Tutela<strong>.<br \/>\nFran\u00e7ois P\u00e9ron,<\/strong>responsable de la vida escolar y de los proyectos socio-educativos.<br \/>\n<strong>La Sra. Bernadette Petton<\/strong>, responsable de la Pastoral.<br \/>\n<strong>Lo\u00efc Le Touzo<\/strong>, delegado de la Tutela<br \/>\nLa Sra. <strong>Chantal Devaux<\/strong>, delegada de la Tutela<br \/>\n<strong>Ronan Cariou<\/strong>, delegado de la Tutela<br \/>\n<strong>El Hno. Olivier Migot,<\/strong> responsable de la formaci\u00f3n<strong>.<br \/>\nEl Hno <\/strong><strong>Yannick Houssay,<\/strong> Provincial.<\/p>\n<p><strong><em>Informe a trav\u00e9s de la p\u00e1gina web URCEC Francia y el servicio de la Tutela en Francia<\/em><\/strong><\/p>\n<p><strong><em>Foto de grupo de los directores de los centros de la Red La Mennais France: direcci\u00f3n foto LABBE, Plumelec.<\/em><\/strong><\/p>\n<p><em>\u00a0<\/em><\/p>\n","protected":false},"excerpt":{"rendered":"<p>Intensas. Los directores y adjuntos de los 76 colegios de la Red La Mennais en Francia han vivido dos d\u00edas plenos los d\u00edas 21 y 22 de octubre en Plo\u00ebrmel. En este a\u00f1o del Bicentenario, el Hno Yannick Houssay, Provincial, afirm\u00f3 desde el principio: \u201cEsta misi\u00f3n de educaci\u00f3n es nuestra misi\u00f3n juntos, adultos y j\u00f3venes, [&hellip;]<\/p>\n","protected":false},"author":3,"featured_media":23662,"comment_status":"closed","ping_status":"closed","sticky":false,"template":"","format":"standard","meta":{"footnotes":""},"categories":[105],"tags":[],"class_list":["post-23714","post","type-post","status-publish","format-standard","has-post-thumbnail","hentry","category-noticias"],"yoast_head":"<!-- This site is optimized with the Yoast SEO plugin v27.4 - https:\/\/yoast.com\/product\/yoast-seo-wordpress\/ -->\n<title>DIRECTORES DE COLEGIOS \u00abNuestras relaciones est\u00e1n en el coraz\u00f3n de nuestra misi\u00f3n\u00bb. 100 propuestas recogidas por el equipo encargado de la tutela de los Centros Menesianos en Francia. - LaMennais.org<\/title>\n<meta name=\"robots\" content=\"index, follow, max-snippet:-1, max-image-preview:large, max-video-preview:-1\" \/>\n<link rel=\"canonical\" href=\"https:\/\/www.lamennais.org\/directores-de-colegios-nuestras-relaciones-estan-en-el-corazon-de-nuestra-mision-100-propuestas-recogidas-por-el-equipo-encargado-de-la-tutela-de-los-centros-menesianos-en-francia\/?lang=es\" \/>\n<meta property=\"og:locale\" content=\"es_ES\" \/>\n<meta property=\"og:type\" content=\"article\" \/>\n<meta property=\"og:title\" content=\"DIRECTORES DE COLEGIOS \u00abNuestras relaciones est\u00e1n en el coraz\u00f3n de nuestra misi\u00f3n\u00bb. 100 propuestas recogidas por el equipo encargado de la tutela de los Centros Menesianos en Francia. - LaMennais.org\" \/>\n<meta property=\"og:description\" content=\"Intensas. Los directores y adjuntos de los 76 colegios de la Red La Mennais en Francia han vivido dos d\u00edas plenos los d\u00edas 21 y 22 de octubre en Plo\u00ebrmel. En este a\u00f1o del Bicentenario, el Hno Yannick Houssay, Provincial, afirm\u00f3 desde el principio: \u201cEsta misi\u00f3n de educaci\u00f3n es nuestra misi\u00f3n juntos, adultos y j\u00f3venes, [&hellip;]\" \/>\n<meta property=\"og:url\" content=\"https:\/\/www.lamennais.org\/directores-de-colegios-nuestras-relaciones-estan-en-el-corazon-de-nuestra-mision-100-propuestas-recogidas-por-el-equipo-encargado-de-la-tutela-de-los-centros-menesianos-en-francia\/?lang=es\" \/>\n<meta property=\"og:site_name\" content=\"LaMennais.org\" \/>\n<meta property=\"article:published_time\" content=\"2019-11-07T17:20:26+00:00\" \/>\n<meta property=\"article:modified_time\" content=\"2019-11-11T10:04:18+00:00\" \/>\n<meta property=\"og:image\" content=\"https:\/\/www.lamennais.org\/wp-content\/uploads\/2019\/11\/P1130475-scaled.jpg\" \/>\n\t<meta property=\"og:image:width\" content=\"2560\" \/>\n\t<meta property=\"og:image:height\" content=\"1422\" \/>\n\t<meta property=\"og:image:type\" content=\"image\/jpeg\" \/>\n<meta name=\"author\" content=\"Herv\u00e9 Asse\" \/>\n<meta name=\"twitter:card\" content=\"summary_large_image\" \/>\n<meta name=\"twitter:label1\" content=\"Escrito por\" \/>\n\t<meta name=\"twitter:data1\" content=\"Herv\u00e9 Asse\" \/>\n\t<meta name=\"twitter:label2\" content=\"Tiempo de lectura\" \/>\n\t<meta name=\"twitter:data2\" content=\"4 minutos\" \/>\n<script type=\"application\/ld+json\" class=\"yoast-schema-graph\">{\"@context\":\"https:\\\/\\\/schema.org\",\"@graph\":[{\"@type\":\"Article\",\"@id\":\"https:\\\/\\\/www.lamennais.org\\\/directores-de-colegios-nuestras-relaciones-estan-en-el-corazon-de-nuestra-mision-100-propuestas-recogidas-por-el-equipo-encargado-de-la-tutela-de-los-centros-menesianos-en-francia\\\/?lang=es#article\",\"isPartOf\":{\"@id\":\"https:\\\/\\\/www.lamennais.org\\\/directores-de-colegios-nuestras-relaciones-estan-en-el-corazon-de-nuestra-mision-100-propuestas-recogidas-por-el-equipo-encargado-de-la-tutela-de-los-centros-menesianos-en-francia\\\/?lang=es\"},\"author\":{\"name\":\"Herv\u00e9 Asse\",\"@id\":\"https:\\\/\\\/www.lamennais.org\\\/#\\\/schema\\\/person\\\/2a8d6e8a95babedd5ba1c43afd2e3844\"},\"headline\":\"DIRECTORES DE COLEGIOS \u00abNuestras relaciones est\u00e1n en el coraz\u00f3n de nuestra misi\u00f3n\u00bb. 100 propuestas recogidas por el equipo encargado de la tutela de los Centros Menesianos en Francia.\",\"datePublished\":\"2019-11-07T17:20:26+00:00\",\"dateModified\":\"2019-11-11T10:04:18+00:00\",\"mainEntityOfPage\":{\"@id\":\"https:\\\/\\\/www.lamennais.org\\\/directores-de-colegios-nuestras-relaciones-estan-en-el-corazon-de-nuestra-mision-100-propuestas-recogidas-por-el-equipo-encargado-de-la-tutela-de-los-centros-menesianos-en-francia\\\/?lang=es\"},\"wordCount\":825,\"image\":{\"@id\":\"https:\\\/\\\/www.lamennais.org\\\/directores-de-colegios-nuestras-relaciones-estan-en-el-corazon-de-nuestra-mision-100-propuestas-recogidas-por-el-equipo-encargado-de-la-tutela-de-los-centros-menesianos-en-francia\\\/?lang=es#primaryimage\"},\"thumbnailUrl\":\"https:\\\/\\\/www.lamennais.org\\\/wp-content\\\/uploads\\\/2019\\\/11\\\/P1130475-scaled.jpg\",\"articleSection\":[\"NOTICIAS\"],\"inLanguage\":\"es\"},{\"@type\":\"WebPage\",\"@id\":\"https:\\\/\\\/www.lamennais.org\\\/directores-de-colegios-nuestras-relaciones-estan-en-el-corazon-de-nuestra-mision-100-propuestas-recogidas-por-el-equipo-encargado-de-la-tutela-de-los-centros-menesianos-en-francia\\\/?lang=es\",\"url\":\"https:\\\/\\\/www.lamennais.org\\\/directores-de-colegios-nuestras-relaciones-estan-en-el-corazon-de-nuestra-mision-100-propuestas-recogidas-por-el-equipo-encargado-de-la-tutela-de-los-centros-menesianos-en-francia\\\/?lang=es\",\"name\":\"DIRECTORES DE COLEGIOS \u00abNuestras relaciones est\u00e1n en el coraz\u00f3n de nuestra misi\u00f3n\u00bb. 100 propuestas recogidas por el equipo encargado de la tutela de los Centros Menesianos en Francia. - LaMennais.org\",\"isPartOf\":{\"@id\":\"https:\\\/\\\/www.lamennais.org\\\/#website\"},\"primaryImageOfPage\":{\"@id\":\"https:\\\/\\\/www.lamennais.org\\\/directores-de-colegios-nuestras-relaciones-estan-en-el-corazon-de-nuestra-mision-100-propuestas-recogidas-por-el-equipo-encargado-de-la-tutela-de-los-centros-menesianos-en-francia\\\/?lang=es#primaryimage\"},\"image\":{\"@id\":\"https:\\\/\\\/www.lamennais.org\\\/directores-de-colegios-nuestras-relaciones-estan-en-el-corazon-de-nuestra-mision-100-propuestas-recogidas-por-el-equipo-encargado-de-la-tutela-de-los-centros-menesianos-en-francia\\\/?lang=es#primaryimage\"},\"thumbnailUrl\":\"https:\\\/\\\/www.lamennais.org\\\/wp-content\\\/uploads\\\/2019\\\/11\\\/P1130475-scaled.jpg\",\"datePublished\":\"2019-11-07T17:20:26+00:00\",\"dateModified\":\"2019-11-11T10:04:18+00:00\",\"author\":{\"@id\":\"https:\\\/\\\/www.lamennais.org\\\/#\\\/schema\\\/person\\\/2a8d6e8a95babedd5ba1c43afd2e3844\"},\"breadcrumb\":{\"@id\":\"https:\\\/\\\/www.lamennais.org\\\/directores-de-colegios-nuestras-relaciones-estan-en-el-corazon-de-nuestra-mision-100-propuestas-recogidas-por-el-equipo-encargado-de-la-tutela-de-los-centros-menesianos-en-francia\\\/?lang=es#breadcrumb\"},\"inLanguage\":\"es\",\"potentialAction\":[{\"@type\":\"ReadAction\",\"target\":[\"https:\\\/\\\/www.lamennais.org\\\/directores-de-colegios-nuestras-relaciones-estan-en-el-corazon-de-nuestra-mision-100-propuestas-recogidas-por-el-equipo-encargado-de-la-tutela-de-los-centros-menesianos-en-francia\\\/?lang=es\"]}]},{\"@type\":\"ImageObject\",\"inLanguage\":\"es\",\"@id\":\"https:\\\/\\\/www.lamennais.org\\\/directores-de-colegios-nuestras-relaciones-estan-en-el-corazon-de-nuestra-mision-100-propuestas-recogidas-por-el-equipo-encargado-de-la-tutela-de-los-centros-menesianos-en-francia\\\/?lang=es#primaryimage\",\"url\":\"https:\\\/\\\/www.lamennais.org\\\/wp-content\\\/uploads\\\/2019\\\/11\\\/P1130475-scaled.jpg\",\"contentUrl\":\"https:\\\/\\\/www.lamennais.org\\\/wp-content\\\/uploads\\\/2019\\\/11\\\/P1130475-scaled.jpg\",\"width\":2560,\"height\":1422},{\"@type\":\"BreadcrumbList\",\"@id\":\"https:\\\/\\\/www.lamennais.org\\\/directores-de-colegios-nuestras-relaciones-estan-en-el-corazon-de-nuestra-mision-100-propuestas-recogidas-por-el-equipo-encargado-de-la-tutela-de-los-centros-menesianos-en-francia\\\/?lang=es#breadcrumb\",\"itemListElement\":[{\"@type\":\"ListItem\",\"position\":1,\"name\":\"Accueil\",\"item\":\"https:\\\/\\\/www.lamennais.org\\\/\"},{\"@type\":\"ListItem\",\"position\":2,\"name\":\"DIRECTORES DE COLEGIOS \u00abNuestras relaciones est\u00e1n en el coraz\u00f3n de nuestra misi\u00f3n\u00bb. 100 propuestas recogidas por el equipo encargado de la tutela de los Centros Menesianos en Francia.\"}]},{\"@type\":\"WebSite\",\"@id\":\"https:\\\/\\\/www.lamennais.org\\\/#website\",\"url\":\"https:\\\/\\\/www.lamennais.org\\\/\",\"name\":\"LaMennais.org\",\"description\":\"Fr\u00e8res de l&#039;Instruction Chr\u00e9tienne et Famille Mennaisienne\",\"potentialAction\":[{\"@type\":\"SearchAction\",\"target\":{\"@type\":\"EntryPoint\",\"urlTemplate\":\"https:\\\/\\\/www.lamennais.org\\\/?s={search_term_string}\"},\"query-input\":{\"@type\":\"PropertyValueSpecification\",\"valueRequired\":true,\"valueName\":\"search_term_string\"}}],\"inLanguage\":\"es\"},{\"@type\":\"Person\",\"@id\":\"https:\\\/\\\/www.lamennais.org\\\/#\\\/schema\\\/person\\\/2a8d6e8a95babedd5ba1c43afd2e3844\",\"name\":\"Herv\u00e9 Asse\",\"image\":{\"@type\":\"ImageObject\",\"inLanguage\":\"es\",\"@id\":\"https:\\\/\\\/secure.gravatar.com\\\/avatar\\\/1aaa7b1baf759c8b40525f40af381cbaa2b0ddd554f57145bceb0654ba45b4c0?s=96&d=mm&r=g\",\"url\":\"https:\\\/\\\/secure.gravatar.com\\\/avatar\\\/1aaa7b1baf759c8b40525f40af381cbaa2b0ddd554f57145bceb0654ba45b4c0?s=96&d=mm&r=g\",\"contentUrl\":\"https:\\\/\\\/secure.gravatar.com\\\/avatar\\\/1aaa7b1baf759c8b40525f40af381cbaa2b0ddd554f57145bceb0654ba45b4c0?s=96&d=mm&r=g\",\"caption\":\"Herv\u00e9 Asse\"}}]}<\/script>\n<!-- \/ Yoast SEO plugin. -->","yoast_head_json":{"title":"DIRECTORES DE COLEGIOS \u00abNuestras relaciones est\u00e1n en el coraz\u00f3n de nuestra misi\u00f3n\u00bb. 100 propuestas recogidas por el equipo encargado de la tutela de los Centros Menesianos en Francia. - LaMennais.org","robots":{"index":"index","follow":"follow","max-snippet":"max-snippet:-1","max-image-preview":"max-image-preview:large","max-video-preview":"max-video-preview:-1"},"canonical":"https:\/\/www.lamennais.org\/directores-de-colegios-nuestras-relaciones-estan-en-el-corazon-de-nuestra-mision-100-propuestas-recogidas-por-el-equipo-encargado-de-la-tutela-de-los-centros-menesianos-en-francia\/?lang=es","og_locale":"es_ES","og_type":"article","og_title":"DIRECTORES DE COLEGIOS \u00abNuestras relaciones est\u00e1n en el coraz\u00f3n de nuestra misi\u00f3n\u00bb. 100 propuestas recogidas por el equipo encargado de la tutela de los Centros Menesianos en Francia. - LaMennais.org","og_description":"Intensas. Los directores y adjuntos de los 76 colegios de la Red La Mennais en Francia han vivido dos d\u00edas plenos los d\u00edas 21 y 22 de octubre en Plo\u00ebrmel. En este a\u00f1o del Bicentenario, el Hno Yannick Houssay, Provincial, afirm\u00f3 desde el principio: \u201cEsta misi\u00f3n de educaci\u00f3n es nuestra misi\u00f3n juntos, adultos y j\u00f3venes, [&hellip;]","og_url":"https:\/\/www.lamennais.org\/directores-de-colegios-nuestras-relaciones-estan-en-el-corazon-de-nuestra-mision-100-propuestas-recogidas-por-el-equipo-encargado-de-la-tutela-de-los-centros-menesianos-en-francia\/?lang=es","og_site_name":"LaMennais.org","article_published_time":"2019-11-07T17:20:26+00:00","article_modified_time":"2019-11-11T10:04:18+00:00","og_image":[{"width":2560,"height":1422,"url":"https:\/\/www.lamennais.org\/wp-content\/uploads\/2019\/11\/P1130475-scaled.jpg","type":"image\/jpeg"}],"author":"Herv\u00e9 Asse","twitter_card":"summary_large_image","twitter_misc":{"Escrito por":"Herv\u00e9 Asse","Tiempo de lectura":"4 minutos"},"schema":{"@context":"https:\/\/schema.org","@graph":[{"@type":"Article","@id":"https:\/\/www.lamennais.org\/directores-de-colegios-nuestras-relaciones-estan-en-el-corazon-de-nuestra-mision-100-propuestas-recogidas-por-el-equipo-encargado-de-la-tutela-de-los-centros-menesianos-en-francia\/?lang=es#article","isPartOf":{"@id":"https:\/\/www.lamennais.org\/directores-de-colegios-nuestras-relaciones-estan-en-el-corazon-de-nuestra-mision-100-propuestas-recogidas-por-el-equipo-encargado-de-la-tutela-de-los-centros-menesianos-en-francia\/?lang=es"},"author":{"name":"Herv\u00e9 Asse","@id":"https:\/\/www.lamennais.org\/#\/schema\/person\/2a8d6e8a95babedd5ba1c43afd2e3844"},"headline":"DIRECTORES DE COLEGIOS \u00abNuestras relaciones est\u00e1n en el coraz\u00f3n de nuestra misi\u00f3n\u00bb. 100 propuestas recogidas por el equipo encargado de la tutela de los Centros Menesianos en Francia.","datePublished":"2019-11-07T17:20:26+00:00","dateModified":"2019-11-11T10:04:18+00:00","mainEntityOfPage":{"@id":"https:\/\/www.lamennais.org\/directores-de-colegios-nuestras-relaciones-estan-en-el-corazon-de-nuestra-mision-100-propuestas-recogidas-por-el-equipo-encargado-de-la-tutela-de-los-centros-menesianos-en-francia\/?lang=es"},"wordCount":825,"image":{"@id":"https:\/\/www.lamennais.org\/directores-de-colegios-nuestras-relaciones-estan-en-el-corazon-de-nuestra-mision-100-propuestas-recogidas-por-el-equipo-encargado-de-la-tutela-de-los-centros-menesianos-en-francia\/?lang=es#primaryimage"},"thumbnailUrl":"https:\/\/www.lamennais.org\/wp-content\/uploads\/2019\/11\/P1130475-scaled.jpg","articleSection":["NOTICIAS"],"inLanguage":"es"},{"@type":"WebPage","@id":"https:\/\/www.lamennais.org\/directores-de-colegios-nuestras-relaciones-estan-en-el-corazon-de-nuestra-mision-100-propuestas-recogidas-por-el-equipo-encargado-de-la-tutela-de-los-centros-menesianos-en-francia\/?lang=es","url":"https:\/\/www.lamennais.org\/directores-de-colegios-nuestras-relaciones-estan-en-el-corazon-de-nuestra-mision-100-propuestas-recogidas-por-el-equipo-encargado-de-la-tutela-de-los-centros-menesianos-en-francia\/?lang=es","name":"DIRECTORES DE COLEGIOS \u00abNuestras relaciones est\u00e1n en el coraz\u00f3n de nuestra misi\u00f3n\u00bb. 100 propuestas recogidas por el equipo encargado de la tutela de los Centros Menesianos en Francia. - LaMennais.org","isPartOf":{"@id":"https:\/\/www.lamennais.org\/#website"},"primaryImageOfPage":{"@id":"https:\/\/www.lamennais.org\/directores-de-colegios-nuestras-relaciones-estan-en-el-corazon-de-nuestra-mision-100-propuestas-recogidas-por-el-equipo-encargado-de-la-tutela-de-los-centros-menesianos-en-francia\/?lang=es#primaryimage"},"image":{"@id":"https:\/\/www.lamennais.org\/directores-de-colegios-nuestras-relaciones-estan-en-el-corazon-de-nuestra-mision-100-propuestas-recogidas-por-el-equipo-encargado-de-la-tutela-de-los-centros-menesianos-en-francia\/?lang=es#primaryimage"},"thumbnailUrl":"https:\/\/www.lamennais.org\/wp-content\/uploads\/2019\/11\/P1130475-scaled.jpg","datePublished":"2019-11-07T17:20:26+00:00","dateModified":"2019-11-11T10:04:18+00:00","author":{"@id":"https:\/\/www.lamennais.org\/#\/schema\/person\/2a8d6e8a95babedd5ba1c43afd2e3844"},"breadcrumb":{"@id":"https:\/\/www.lamennais.org\/directores-de-colegios-nuestras-relaciones-estan-en-el-corazon-de-nuestra-mision-100-propuestas-recogidas-por-el-equipo-encargado-de-la-tutela-de-los-centros-menesianos-en-francia\/?lang=es#breadcrumb"},"inLanguage":"es","potentialAction":[{"@type":"ReadAction","target":["https:\/\/www.lamennais.org\/directores-de-colegios-nuestras-relaciones-estan-en-el-corazon-de-nuestra-mision-100-propuestas-recogidas-por-el-equipo-encargado-de-la-tutela-de-los-centros-menesianos-en-francia\/?lang=es"]}]},{"@type":"ImageObject","inLanguage":"es","@id":"https:\/\/www.lamennais.org\/directores-de-colegios-nuestras-relaciones-estan-en-el-corazon-de-nuestra-mision-100-propuestas-recogidas-por-el-equipo-encargado-de-la-tutela-de-los-centros-menesianos-en-francia\/?lang=es#primaryimage","url":"https:\/\/www.lamennais.org\/wp-content\/uploads\/2019\/11\/P1130475-scaled.jpg","contentUrl":"https:\/\/www.lamennais.org\/wp-content\/uploads\/2019\/11\/P1130475-scaled.jpg","width":2560,"height":1422},{"@type":"BreadcrumbList","@id":"https:\/\/www.lamennais.org\/directores-de-colegios-nuestras-relaciones-estan-en-el-corazon-de-nuestra-mision-100-propuestas-recogidas-por-el-equipo-encargado-de-la-tutela-de-los-centros-menesianos-en-francia\/?lang=es#breadcrumb","itemListElement":[{"@type":"ListItem","position":1,"name":"Accueil","item":"https:\/\/www.lamennais.org\/"},{"@type":"ListItem","position":2,"name":"DIRECTORES DE COLEGIOS \u00abNuestras relaciones est\u00e1n en el coraz\u00f3n de nuestra misi\u00f3n\u00bb. 100 propuestas recogidas por el equipo encargado de la tutela de los Centros Menesianos en Francia."}]},{"@type":"WebSite","@id":"https:\/\/www.lamennais.org\/#website","url":"https:\/\/www.lamennais.org\/","name":"LaMennais.org","description":"Fr\u00e8res de l&#039;Instruction Chr\u00e9tienne et Famille Mennaisienne","potentialAction":[{"@type":"SearchAction","target":{"@type":"EntryPoint","urlTemplate":"https:\/\/www.lamennais.org\/?s={search_term_string}"},"query-input":{"@type":"PropertyValueSpecification","valueRequired":true,"valueName":"search_term_string"}}],"inLanguage":"es"},{"@type":"Person","@id":"https:\/\/www.lamennais.org\/#\/schema\/person\/2a8d6e8a95babedd5ba1c43afd2e3844","name":"Herv\u00e9 Asse","image":{"@type":"ImageObject","inLanguage":"es","@id":"https:\/\/secure.gravatar.com\/avatar\/1aaa7b1baf759c8b40525f40af381cbaa2b0ddd554f57145bceb0654ba45b4c0?s=96&d=mm&r=g","url":"https:\/\/secure.gravatar.com\/avatar\/1aaa7b1baf759c8b40525f40af381cbaa2b0ddd554f57145bceb0654ba45b4c0?s=96&d=mm&r=g","contentUrl":"https:\/\/secure.gravatar.com\/avatar\/1aaa7b1baf759c8b40525f40af381cbaa2b0ddd554f57145bceb0654ba45b4c0?s=96&d=mm&r=g","caption":"Herv\u00e9 Asse"}}]}},"_links":{"self":[{"href":"https:\/\/www.lamennais.org\/es\/wp-json\/wp\/v2\/posts\/23714","targetHints":{"allow":["GET"]}}],"collection":[{"href":"https:\/\/www.lamennais.org\/es\/wp-json\/wp\/v2\/posts"}],"about":[{"href":"https:\/\/www.lamennais.org\/es\/wp-json\/wp\/v2\/types\/post"}],"author":[{"embeddable":true,"href":"https:\/\/www.lamennais.org\/es\/wp-json\/wp\/v2\/users\/3"}],"replies":[{"embeddable":true,"href":"https:\/\/www.lamennais.org\/es\/wp-json\/wp\/v2\/comments?post=23714"}],"version-history":[{"count":2,"href":"https:\/\/www.lamennais.org\/es\/wp-json\/wp\/v2\/posts\/23714\/revisions"}],"predecessor-version":[{"id":23716,"href":"https:\/\/www.lamennais.org\/es\/wp-json\/wp\/v2\/posts\/23714\/revisions\/23716"}],"wp:featuredmedia":[{"embeddable":true,"href":"https:\/\/www.lamennais.org\/es\/wp-json\/wp\/v2\/media\/23662"}],"wp:attachment":[{"href":"https:\/\/www.lamennais.org\/es\/wp-json\/wp\/v2\/media?parent=23714"}],"wp:term":[{"taxonomy":"category","embeddable":true,"href":"https:\/\/www.lamennais.org\/es\/wp-json\/wp\/v2\/categories?post=23714"},{"taxonomy":"post_tag","embeddable":true,"href":"https:\/\/www.lamennais.org\/es\/wp-json\/wp\/v2\/tags?post=23714"}],"curies":[{"name":"wp","href":"https:\/\/api.w.org\/{rel}","templated":true}]}}