{"id":22724,"date":"2019-08-27T15:10:48","date_gmt":"2019-08-27T13:10:48","guid":{"rendered":"http:\/\/www.lamennais.org\/?p=22724"},"modified":"2019-08-28T10:13:19","modified_gmt":"2019-08-28T08:13:19","slug":"3-gracias-en-haiti-2-hermanos-se-comprometen-de-por-vida-4-hacen-sus-primeros-votos-y-hermanos-y-laicos-viven-el-capitulo-provincial","status":"publish","type":"post","link":"https:\/\/www.lamennais.org\/es\/3-gracias-en-haiti-2-hermanos-se-comprometen-de-por-vida-4-hacen-sus-primeros-votos-y-hermanos-y-laicos-viven-el-capitulo-provincial\/","title":{"rendered":"3 GRACIAS EN HAIT\u00cd. 2 Hermanos se comprometen de por vida, 4 hacen sus primeros votos y Hermanos y laicos viven el Cap\u00edtulo provincial."},"content":{"rendered":"<p><em>\u00abAlabado seas, Se\u00f1or, por tu grandeza,<br \/>\n<\/em><em>Alabado seas por todos tus beneficios.<br \/>\n<\/em><em>Gloria a ti, Se\u00f1or, eres vencedor,<br \/>\n<\/em><em>Tu amor inunda nuestros corazones.<br \/>\n<\/em><em>Que mi boca cante tu alabanza. \u00bb<\/em><\/p>\n<p><em>\u00a0<\/em>Este es el c\u00e1ntico que hemos elevado al Se\u00f1or desde comienzos del mes de \u00a0julio.<\/p>\n<p>En efecto, \u00e9l ha concedido sus gracias a la Provincia de San Luis\u00a0 Gonzaga, en Hait\u00ed.<\/p>\n<div id=\"attachment_22711\" style=\"width: 930px\" class=\"wp-caption alignleft\"><img fetchpriority=\"high\" decoding=\"async\" aria-describedby=\"caption-attachment-22711\" class=\"wp-image-22711 size-full\" src=\"http:\/\/www.lamennais.org\/wp-content\/uploads\/2019\/08\/Capture-3.jpg\" alt=\"\" width=\"920\" height=\"494\" srcset=\"https:\/\/www.lamennais.org\/wp-content\/uploads\/2019\/08\/Capture-3.jpg 920w, https:\/\/www.lamennais.org\/wp-content\/uploads\/2019\/08\/Capture-3-300x161.jpg 300w, https:\/\/www.lamennais.org\/wp-content\/uploads\/2019\/08\/Capture-3-768x412.jpg 768w, https:\/\/www.lamennais.org\/wp-content\/uploads\/2019\/08\/Capture-3-260x140.jpg 260w\" sizes=\"(max-width: 920px) 100vw, 920px\" \/><p id=\"caption-attachment-22711\" class=\"wp-caption-text\"><em>Los Hermanos de la Provincia San Luis Gonzaga y los celebrantes durante las profesiones del 15 de Agosto.<\/em><\/p><\/div>\n<p>+ La primera gracia, el 15 de agosto, son las <strong>profesiones perpetuas de los Hermanos Olson Dum\u00e9zil y Jean Yvelt Philippe.<\/strong><\/p>\n<div id=\"attachment_22702\" style=\"width: 870px\" class=\"wp-caption alignleft\"><img decoding=\"async\" aria-describedby=\"caption-attachment-22702\" class=\"wp-image-22702 size-large\" src=\"http:\/\/www.lamennais.org\/wp-content\/uploads\/2019\/08\/P8S_6332-e1566980362901-1024x376.jpg\" alt=\"\" width=\"860\" height=\"383\" \/><p id=\"caption-attachment-22702\" class=\"wp-caption-text\"><em>Los nuevos profesos perpetuos, los Hermanos <strong>Olson Dum\u00e9zil y Jean Yvelt Philippe, <\/strong>con los HH. Valmyr Dabel, provincial adjunto, Herv\u00e9 Zamor, Superior general y el Hno G\u00e9niaud Lauture, Provincial. <\/em><\/p><\/div>\n<p><strong><img decoding=\"async\" class=\"alignleft size-large wp-image-22705\" src=\"http:\/\/www.lamennais.org\/wp-content\/uploads\/2019\/08\/P8S_6414-1024x483.jpg\" alt=\"\" width=\"860\" height=\"406\" srcset=\"https:\/\/www.lamennais.org\/wp-content\/uploads\/2019\/08\/P8S_6414-1024x483.jpg 1024w, https:\/\/www.lamennais.org\/wp-content\/uploads\/2019\/08\/P8S_6414-300x142.jpg 300w, https:\/\/www.lamennais.org\/wp-content\/uploads\/2019\/08\/P8S_6414-768x362.jpg 768w, https:\/\/www.lamennais.org\/wp-content\/uploads\/2019\/08\/P8S_6414-260x123.jpg 260w\" sizes=\"(max-width: 860px) 100vw, 860px\" \/><\/strong><\/p>\n<p><strong>Los primeros votos de los Hermanos Bernady Ant\u00e9nor, Steker Augustin, Louis-Mary Desrivi\u00e8res y Arold Mathieu.<\/strong><\/p>\n<div id=\"attachment_22699\" style=\"width: 870px\" class=\"wp-caption alignleft\"><img loading=\"lazy\" decoding=\"async\" aria-describedby=\"caption-attachment-22699\" class=\"wp-image-22699 size-large\" src=\"http:\/\/www.lamennais.org\/wp-content\/uploads\/2019\/08\/P8S_6287-1024x683.jpg\" alt=\"\" width=\"860\" height=\"574\" srcset=\"https:\/\/www.lamennais.org\/wp-content\/uploads\/2019\/08\/P8S_6287-1024x683.jpg 1024w, https:\/\/www.lamennais.org\/wp-content\/uploads\/2019\/08\/P8S_6287-300x200.jpg 300w, https:\/\/www.lamennais.org\/wp-content\/uploads\/2019\/08\/P8S_6287-768x512.jpg 768w, https:\/\/www.lamennais.org\/wp-content\/uploads\/2019\/08\/P8S_6287-260x173.jpg 260w, https:\/\/www.lamennais.org\/wp-content\/uploads\/2019\/08\/P8S_6287-1200x800.jpg 1200w\" sizes=\"(max-width: 860px) 100vw, 860px\" \/><p id=\"caption-attachment-22699\" class=\"wp-caption-text\"><em>Primeros votos de los Hermanos Bernady Ant\u00e9nor, Steker Augustin, Louis-Mary Desrivi\u00e8res y Arold Mathieu.<\/em><\/p><\/div>\n<p>Los votos de los nuevos profesos fueron recibidos por el Hno. Herv\u00e9 Zamor, Superior General.<\/p>\n<p>Ese mismo d\u00eda fue marcado por la entrada al Noviciado de <strong>Jean St\u00e9phane Famil y de Jean Jude Simon<\/strong>,<\/p>\n<p>y el env\u00edo en misi\u00f3n de los<strong> Hermanos Ewald Guerrier (Huatusco-M\u00e9jico) y Joseph Bellanger (Roma).<\/strong><\/p>\n<div id=\"attachment_22708\" style=\"width: 870px\" class=\"wp-caption alignleft\"><img loading=\"lazy\" decoding=\"async\" aria-describedby=\"caption-attachment-22708\" class=\"wp-image-22708 size-large\" src=\"http:\/\/www.lamennais.org\/wp-content\/uploads\/2019\/08\/P8S_6458-1024x683.jpg\" alt=\"\" width=\"860\" height=\"574\" srcset=\"https:\/\/www.lamennais.org\/wp-content\/uploads\/2019\/08\/P8S_6458-1024x683.jpg 1024w, https:\/\/www.lamennais.org\/wp-content\/uploads\/2019\/08\/P8S_6458-300x200.jpg 300w, https:\/\/www.lamennais.org\/wp-content\/uploads\/2019\/08\/P8S_6458-768x512.jpg 768w, https:\/\/www.lamennais.org\/wp-content\/uploads\/2019\/08\/P8S_6458-260x173.jpg 260w, https:\/\/www.lamennais.org\/wp-content\/uploads\/2019\/08\/P8S_6458-1200x800.jpg 1200w\" sizes=\"(max-width: 860px) 100vw, 860px\" \/><p id=\"caption-attachment-22708\" class=\"wp-caption-text\"><em>De izquierda a derecha: El Hno. G\u00e9niaud LAUTURE, Provincial, durante el env\u00edo en misi\u00f3n de los HH. Joseph BELLANGER y Ewald GUERRIER<\/em><\/p><\/div>\n<p>Como Mar\u00eda, exultamos: \u00a1El Se\u00f1or ha hecho maravillas por nosotros! Santo es su nombre.<\/p>\n<p><strong>+ La segunda gracia es, por supuesto, la del retiro anual.<\/strong><\/p>\n<p>Reuni\u00f3 del 7 al 14 de julio a todos los Hermanos de la Provincia y a algunos laicos.<\/p>\n<p>Guiados por un predicador experimentado, los participantes han vivido piadosa e intensamente este tiempo fuerte que el Se\u00f1or les ha ofrecido.<\/p>\n<p><strong>+ La tercera gracia es la del Cap\u00edtulo Provincial.<\/strong><\/p>\n<p>Del 14 al 19 de julio, Hermanos y laicos, bajo la gu\u00eda del Esp\u00edritu, reflexionaron y se comprometieron con las orientaciones que hay que dar a la provincia para los pr\u00f3ximos seis a\u00f1os. Lo que ha marcado a los capitulares es, sobre todo, la experiencia de la sinodalidad. Se escuchaba con un gran esp\u00edritu de fraternidad. Todo el mundo sali\u00f3 muy edificado.<\/p>\n<p><strong>Hermano G\u00e9niaud Lauture, Provincial.<\/strong><\/p>\n<p>Provincia de San Luis Gonzaga, Hait\u00ed.<\/p>\n<p><strong>+ Monse\u00f1or Denis MOUTEL se re\u00fane con los Hermanos.<\/strong><\/p>\n<p>Durante su visita a Hait\u00ed, Monse\u00f1or Denis MOUTEL, Obispo de St-Brieuc y Tr\u00e9guier \u2013 Francia- fue a reunirse con el Hno. Herv\u00e9 ZAMOR, Superior General.<\/p>\n<div id=\"attachment_22714\" style=\"width: 720px\" class=\"wp-caption alignleft\"><img loading=\"lazy\" decoding=\"async\" aria-describedby=\"caption-attachment-22714\" class=\"wp-image-22714 size-full\" src=\"http:\/\/www.lamennais.org\/wp-content\/uploads\/2019\/08\/Capture-2.jpg\" alt=\"\" width=\"710\" height=\"489\" srcset=\"https:\/\/www.lamennais.org\/wp-content\/uploads\/2019\/08\/Capture-2.jpg 710w, https:\/\/www.lamennais.org\/wp-content\/uploads\/2019\/08\/Capture-2-300x207.jpg 300w, https:\/\/www.lamennais.org\/wp-content\/uploads\/2019\/08\/Capture-2-260x179.jpg 260w\" sizes=\"(max-width: 710px) 100vw, 710px\" \/><p id=\"caption-attachment-22714\" class=\"wp-caption-text\"><em>En el centro, Monse\u00f1or MOUTEL y el Hno. Herv\u00e9 ZAMOR en Jacmel, con los Hermanos.<\/em><\/p><\/div>\n<p><em>\u00abFue un gran placer conocer al Hermano Herv\u00e9 ZAMOR en Jacmel, Hait\u00ed.<br \/>\nBell\u00edsima experiencia de la misi\u00f3n universal de la Iglesia para toda esta visita que termina el pr\u00f3ximo lunes\u201d.<\/em><\/p>\n<p><em>Un abrazo fraterno\u00a0\u00a0\u00a0\u00a0\u00a0 <\/em>+ Denis Moutel, Obispo de Saint-Brieuc y Tr\u00e9guier<\/p>\n","protected":false},"excerpt":{"rendered":"<p>\u00abAlabado seas, Se\u00f1or, por tu grandeza, Alabado seas por todos tus beneficios. Gloria a ti, Se\u00f1or, eres vencedor, Tu amor inunda nuestros corazones. Que mi boca cante tu alabanza. \u00bb \u00a0Este es el c\u00e1ntico que hemos elevado al Se\u00f1or desde comienzos del mes de \u00a0julio. En efecto, \u00e9l ha concedido sus gracias a la Provincia [&hellip;]<\/p>\n","protected":false},"author":3,"featured_media":22713,"comment_status":"closed","ping_status":"closed","sticky":false,"template":"","format":"standard","meta":{"footnotes":""},"categories":[105],"tags":[],"class_list":["post-22724","post","type-post","status-publish","format-standard","has-post-thumbnail","hentry","category-noticias"],"yoast_head":"<!-- This site is optimized with the Yoast SEO plugin v27.4 - https:\/\/yoast.com\/product\/yoast-seo-wordpress\/ -->\n<title>3 GRACIAS EN HAIT\u00cd. 2 Hermanos se comprometen de por vida, 4 hacen sus primeros votos y Hermanos y laicos viven el Cap\u00edtulo provincial. - LaMennais.org<\/title>\n<meta name=\"robots\" content=\"index, follow, max-snippet:-1, max-image-preview:large, max-video-preview:-1\" \/>\n<link rel=\"canonical\" href=\"https:\/\/www.lamennais.org\/3-gracias-en-haiti-2-hermanos-se-comprometen-de-por-vida-4-hacen-sus-primeros-votos-y-hermanos-y-laicos-viven-el-capitulo-provincial\/?lang=es\" \/>\n<meta property=\"og:locale\" content=\"es_ES\" \/>\n<meta property=\"og:type\" content=\"article\" \/>\n<meta property=\"og:title\" content=\"3 GRACIAS EN HAIT\u00cd. 2 Hermanos se comprometen de por vida, 4 hacen sus primeros votos y Hermanos y laicos viven el Cap\u00edtulo provincial. - LaMennais.org\" \/>\n<meta property=\"og:description\" content=\"\u00abAlabado seas, Se\u00f1or, por tu grandeza, Alabado seas por todos tus beneficios. Gloria a ti, Se\u00f1or, eres vencedor, Tu amor inunda nuestros corazones. Que mi boca cante tu alabanza. \u00bb \u00a0Este es el c\u00e1ntico que hemos elevado al Se\u00f1or desde comienzos del mes de \u00a0julio. En efecto, \u00e9l ha concedido sus gracias a la Provincia [&hellip;]\" \/>\n<meta property=\"og:url\" content=\"https:\/\/www.lamennais.org\/3-gracias-en-haiti-2-hermanos-se-comprometen-de-por-vida-4-hacen-sus-primeros-votos-y-hermanos-y-laicos-viven-el-capitulo-provincial\/?lang=es\" \/>\n<meta property=\"og:site_name\" content=\"LaMennais.org\" \/>\n<meta property=\"article:published_time\" content=\"2019-08-27T13:10:48+00:00\" \/>\n<meta property=\"article:modified_time\" content=\"2019-08-28T08:13:19+00:00\" \/>\n<meta property=\"og:image\" content=\"https:\/\/www.lamennais.org\/wp-content\/uploads\/2019\/08\/Capture-3.jpg\" \/>\n\t<meta property=\"og:image:width\" content=\"920\" \/>\n\t<meta property=\"og:image:height\" content=\"494\" \/>\n\t<meta property=\"og:image:type\" content=\"image\/jpeg\" \/>\n<meta name=\"author\" content=\"Herv\u00e9 Asse\" \/>\n<meta name=\"twitter:card\" content=\"summary_large_image\" \/>\n<meta name=\"twitter:label1\" content=\"Escrito por\" \/>\n\t<meta name=\"twitter:data1\" content=\"Herv\u00e9 Asse\" \/>\n\t<meta name=\"twitter:label2\" content=\"Tiempo de lectura\" \/>\n\t<meta name=\"twitter:data2\" content=\"3 minutos\" \/>\n<script type=\"application\/ld+json\" class=\"yoast-schema-graph\">{\"@context\":\"https:\\\/\\\/schema.org\",\"@graph\":[{\"@type\":\"Article\",\"@id\":\"https:\\\/\\\/www.lamennais.org\\\/3-gracias-en-haiti-2-hermanos-se-comprometen-de-por-vida-4-hacen-sus-primeros-votos-y-hermanos-y-laicos-viven-el-capitulo-provincial\\\/?lang=es#article\",\"isPartOf\":{\"@id\":\"https:\\\/\\\/www.lamennais.org\\\/3-gracias-en-haiti-2-hermanos-se-comprometen-de-por-vida-4-hacen-sus-primeros-votos-y-hermanos-y-laicos-viven-el-capitulo-provincial\\\/?lang=es\"},\"author\":{\"name\":\"Herv\u00e9 Asse\",\"@id\":\"https:\\\/\\\/www.lamennais.org\\\/#\\\/schema\\\/person\\\/2a8d6e8a95babedd5ba1c43afd2e3844\"},\"headline\":\"3 GRACIAS EN HAIT\u00cd. 2 Hermanos se comprometen de por vida, 4 hacen sus primeros votos y Hermanos y laicos viven el Cap\u00edtulo provincial.\",\"datePublished\":\"2019-08-27T13:10:48+00:00\",\"dateModified\":\"2019-08-28T08:13:19+00:00\",\"mainEntityOfPage\":{\"@id\":\"https:\\\/\\\/www.lamennais.org\\\/3-gracias-en-haiti-2-hermanos-se-comprometen-de-por-vida-4-hacen-sus-primeros-votos-y-hermanos-y-laicos-viven-el-capitulo-provincial\\\/?lang=es\"},\"wordCount\":546,\"image\":{\"@id\":\"https:\\\/\\\/www.lamennais.org\\\/3-gracias-en-haiti-2-hermanos-se-comprometen-de-por-vida-4-hacen-sus-primeros-votos-y-hermanos-y-laicos-viven-el-capitulo-provincial\\\/?lang=es#primaryimage\"},\"thumbnailUrl\":\"https:\\\/\\\/www.lamennais.org\\\/wp-content\\\/uploads\\\/2019\\\/08\\\/Capture-3.jpg\",\"articleSection\":[\"NOTICIAS\"],\"inLanguage\":\"es\"},{\"@type\":\"WebPage\",\"@id\":\"https:\\\/\\\/www.lamennais.org\\\/3-gracias-en-haiti-2-hermanos-se-comprometen-de-por-vida-4-hacen-sus-primeros-votos-y-hermanos-y-laicos-viven-el-capitulo-provincial\\\/?lang=es\",\"url\":\"https:\\\/\\\/www.lamennais.org\\\/3-gracias-en-haiti-2-hermanos-se-comprometen-de-por-vida-4-hacen-sus-primeros-votos-y-hermanos-y-laicos-viven-el-capitulo-provincial\\\/?lang=es\",\"name\":\"3 GRACIAS EN HAIT\u00cd. 2 Hermanos se comprometen de por vida, 4 hacen sus primeros votos y Hermanos y laicos viven el Cap\u00edtulo provincial. - LaMennais.org\",\"isPartOf\":{\"@id\":\"https:\\\/\\\/www.lamennais.org\\\/#website\"},\"primaryImageOfPage\":{\"@id\":\"https:\\\/\\\/www.lamennais.org\\\/3-gracias-en-haiti-2-hermanos-se-comprometen-de-por-vida-4-hacen-sus-primeros-votos-y-hermanos-y-laicos-viven-el-capitulo-provincial\\\/?lang=es#primaryimage\"},\"image\":{\"@id\":\"https:\\\/\\\/www.lamennais.org\\\/3-gracias-en-haiti-2-hermanos-se-comprometen-de-por-vida-4-hacen-sus-primeros-votos-y-hermanos-y-laicos-viven-el-capitulo-provincial\\\/?lang=es#primaryimage\"},\"thumbnailUrl\":\"https:\\\/\\\/www.lamennais.org\\\/wp-content\\\/uploads\\\/2019\\\/08\\\/Capture-3.jpg\",\"datePublished\":\"2019-08-27T13:10:48+00:00\",\"dateModified\":\"2019-08-28T08:13:19+00:00\",\"author\":{\"@id\":\"https:\\\/\\\/www.lamennais.org\\\/#\\\/schema\\\/person\\\/2a8d6e8a95babedd5ba1c43afd2e3844\"},\"breadcrumb\":{\"@id\":\"https:\\\/\\\/www.lamennais.org\\\/3-gracias-en-haiti-2-hermanos-se-comprometen-de-por-vida-4-hacen-sus-primeros-votos-y-hermanos-y-laicos-viven-el-capitulo-provincial\\\/?lang=es#breadcrumb\"},\"inLanguage\":\"es\",\"potentialAction\":[{\"@type\":\"ReadAction\",\"target\":[\"https:\\\/\\\/www.lamennais.org\\\/3-gracias-en-haiti-2-hermanos-se-comprometen-de-por-vida-4-hacen-sus-primeros-votos-y-hermanos-y-laicos-viven-el-capitulo-provincial\\\/?lang=es\"]}]},{\"@type\":\"ImageObject\",\"inLanguage\":\"es\",\"@id\":\"https:\\\/\\\/www.lamennais.org\\\/3-gracias-en-haiti-2-hermanos-se-comprometen-de-por-vida-4-hacen-sus-primeros-votos-y-hermanos-y-laicos-viven-el-capitulo-provincial\\\/?lang=es#primaryimage\",\"url\":\"https:\\\/\\\/www.lamennais.org\\\/wp-content\\\/uploads\\\/2019\\\/08\\\/Capture-3.jpg\",\"contentUrl\":\"https:\\\/\\\/www.lamennais.org\\\/wp-content\\\/uploads\\\/2019\\\/08\\\/Capture-3.jpg\",\"width\":920,\"height\":494},{\"@type\":\"BreadcrumbList\",\"@id\":\"https:\\\/\\\/www.lamennais.org\\\/3-gracias-en-haiti-2-hermanos-se-comprometen-de-por-vida-4-hacen-sus-primeros-votos-y-hermanos-y-laicos-viven-el-capitulo-provincial\\\/?lang=es#breadcrumb\",\"itemListElement\":[{\"@type\":\"ListItem\",\"position\":1,\"name\":\"Accueil\",\"item\":\"https:\\\/\\\/www.lamennais.org\\\/\"},{\"@type\":\"ListItem\",\"position\":2,\"name\":\"3 GRACIAS EN HAIT\u00cd. 2 Hermanos se comprometen de por vida, 4 hacen sus primeros votos y Hermanos y laicos viven el Cap\u00edtulo provincial.\"}]},{\"@type\":\"WebSite\",\"@id\":\"https:\\\/\\\/www.lamennais.org\\\/#website\",\"url\":\"https:\\\/\\\/www.lamennais.org\\\/\",\"name\":\"LaMennais.org\",\"description\":\"Fr\u00e8res de l&#039;Instruction Chr\u00e9tienne et Famille Mennaisienne\",\"potentialAction\":[{\"@type\":\"SearchAction\",\"target\":{\"@type\":\"EntryPoint\",\"urlTemplate\":\"https:\\\/\\\/www.lamennais.org\\\/?s={search_term_string}\"},\"query-input\":{\"@type\":\"PropertyValueSpecification\",\"valueRequired\":true,\"valueName\":\"search_term_string\"}}],\"inLanguage\":\"es\"},{\"@type\":\"Person\",\"@id\":\"https:\\\/\\\/www.lamennais.org\\\/#\\\/schema\\\/person\\\/2a8d6e8a95babedd5ba1c43afd2e3844\",\"name\":\"Herv\u00e9 Asse\",\"image\":{\"@type\":\"ImageObject\",\"inLanguage\":\"es\",\"@id\":\"https:\\\/\\\/secure.gravatar.com\\\/avatar\\\/1aaa7b1baf759c8b40525f40af381cbaa2b0ddd554f57145bceb0654ba45b4c0?s=96&d=mm&r=g\",\"url\":\"https:\\\/\\\/secure.gravatar.com\\\/avatar\\\/1aaa7b1baf759c8b40525f40af381cbaa2b0ddd554f57145bceb0654ba45b4c0?s=96&d=mm&r=g\",\"contentUrl\":\"https:\\\/\\\/secure.gravatar.com\\\/avatar\\\/1aaa7b1baf759c8b40525f40af381cbaa2b0ddd554f57145bceb0654ba45b4c0?s=96&d=mm&r=g\",\"caption\":\"Herv\u00e9 Asse\"}}]}<\/script>\n<!-- \/ Yoast SEO plugin. -->","yoast_head_json":{"title":"3 GRACIAS EN HAIT\u00cd. 2 Hermanos se comprometen de por vida, 4 hacen sus primeros votos y Hermanos y laicos viven el Cap\u00edtulo provincial. - LaMennais.org","robots":{"index":"index","follow":"follow","max-snippet":"max-snippet:-1","max-image-preview":"max-image-preview:large","max-video-preview":"max-video-preview:-1"},"canonical":"https:\/\/www.lamennais.org\/3-gracias-en-haiti-2-hermanos-se-comprometen-de-por-vida-4-hacen-sus-primeros-votos-y-hermanos-y-laicos-viven-el-capitulo-provincial\/?lang=es","og_locale":"es_ES","og_type":"article","og_title":"3 GRACIAS EN HAIT\u00cd. 2 Hermanos se comprometen de por vida, 4 hacen sus primeros votos y Hermanos y laicos viven el Cap\u00edtulo provincial. - LaMennais.org","og_description":"\u00abAlabado seas, Se\u00f1or, por tu grandeza, Alabado seas por todos tus beneficios. Gloria a ti, Se\u00f1or, eres vencedor, Tu amor inunda nuestros corazones. Que mi boca cante tu alabanza. \u00bb \u00a0Este es el c\u00e1ntico que hemos elevado al Se\u00f1or desde comienzos del mes de \u00a0julio. En efecto, \u00e9l ha concedido sus gracias a la Provincia [&hellip;]","og_url":"https:\/\/www.lamennais.org\/3-gracias-en-haiti-2-hermanos-se-comprometen-de-por-vida-4-hacen-sus-primeros-votos-y-hermanos-y-laicos-viven-el-capitulo-provincial\/?lang=es","og_site_name":"LaMennais.org","article_published_time":"2019-08-27T13:10:48+00:00","article_modified_time":"2019-08-28T08:13:19+00:00","og_image":[{"width":920,"height":494,"url":"https:\/\/www.lamennais.org\/wp-content\/uploads\/2019\/08\/Capture-3.jpg","type":"image\/jpeg"}],"author":"Herv\u00e9 Asse","twitter_card":"summary_large_image","twitter_misc":{"Escrito por":"Herv\u00e9 Asse","Tiempo de lectura":"3 minutos"},"schema":{"@context":"https:\/\/schema.org","@graph":[{"@type":"Article","@id":"https:\/\/www.lamennais.org\/3-gracias-en-haiti-2-hermanos-se-comprometen-de-por-vida-4-hacen-sus-primeros-votos-y-hermanos-y-laicos-viven-el-capitulo-provincial\/?lang=es#article","isPartOf":{"@id":"https:\/\/www.lamennais.org\/3-gracias-en-haiti-2-hermanos-se-comprometen-de-por-vida-4-hacen-sus-primeros-votos-y-hermanos-y-laicos-viven-el-capitulo-provincial\/?lang=es"},"author":{"name":"Herv\u00e9 Asse","@id":"https:\/\/www.lamennais.org\/#\/schema\/person\/2a8d6e8a95babedd5ba1c43afd2e3844"},"headline":"3 GRACIAS EN HAIT\u00cd. 2 Hermanos se comprometen de por vida, 4 hacen sus primeros votos y Hermanos y laicos viven el Cap\u00edtulo provincial.","datePublished":"2019-08-27T13:10:48+00:00","dateModified":"2019-08-28T08:13:19+00:00","mainEntityOfPage":{"@id":"https:\/\/www.lamennais.org\/3-gracias-en-haiti-2-hermanos-se-comprometen-de-por-vida-4-hacen-sus-primeros-votos-y-hermanos-y-laicos-viven-el-capitulo-provincial\/?lang=es"},"wordCount":546,"image":{"@id":"https:\/\/www.lamennais.org\/3-gracias-en-haiti-2-hermanos-se-comprometen-de-por-vida-4-hacen-sus-primeros-votos-y-hermanos-y-laicos-viven-el-capitulo-provincial\/?lang=es#primaryimage"},"thumbnailUrl":"https:\/\/www.lamennais.org\/wp-content\/uploads\/2019\/08\/Capture-3.jpg","articleSection":["NOTICIAS"],"inLanguage":"es"},{"@type":"WebPage","@id":"https:\/\/www.lamennais.org\/3-gracias-en-haiti-2-hermanos-se-comprometen-de-por-vida-4-hacen-sus-primeros-votos-y-hermanos-y-laicos-viven-el-capitulo-provincial\/?lang=es","url":"https:\/\/www.lamennais.org\/3-gracias-en-haiti-2-hermanos-se-comprometen-de-por-vida-4-hacen-sus-primeros-votos-y-hermanos-y-laicos-viven-el-capitulo-provincial\/?lang=es","name":"3 GRACIAS EN HAIT\u00cd. 2 Hermanos se comprometen de por vida, 4 hacen sus primeros votos y Hermanos y laicos viven el Cap\u00edtulo provincial. - LaMennais.org","isPartOf":{"@id":"https:\/\/www.lamennais.org\/#website"},"primaryImageOfPage":{"@id":"https:\/\/www.lamennais.org\/3-gracias-en-haiti-2-hermanos-se-comprometen-de-por-vida-4-hacen-sus-primeros-votos-y-hermanos-y-laicos-viven-el-capitulo-provincial\/?lang=es#primaryimage"},"image":{"@id":"https:\/\/www.lamennais.org\/3-gracias-en-haiti-2-hermanos-se-comprometen-de-por-vida-4-hacen-sus-primeros-votos-y-hermanos-y-laicos-viven-el-capitulo-provincial\/?lang=es#primaryimage"},"thumbnailUrl":"https:\/\/www.lamennais.org\/wp-content\/uploads\/2019\/08\/Capture-3.jpg","datePublished":"2019-08-27T13:10:48+00:00","dateModified":"2019-08-28T08:13:19+00:00","author":{"@id":"https:\/\/www.lamennais.org\/#\/schema\/person\/2a8d6e8a95babedd5ba1c43afd2e3844"},"breadcrumb":{"@id":"https:\/\/www.lamennais.org\/3-gracias-en-haiti-2-hermanos-se-comprometen-de-por-vida-4-hacen-sus-primeros-votos-y-hermanos-y-laicos-viven-el-capitulo-provincial\/?lang=es#breadcrumb"},"inLanguage":"es","potentialAction":[{"@type":"ReadAction","target":["https:\/\/www.lamennais.org\/3-gracias-en-haiti-2-hermanos-se-comprometen-de-por-vida-4-hacen-sus-primeros-votos-y-hermanos-y-laicos-viven-el-capitulo-provincial\/?lang=es"]}]},{"@type":"ImageObject","inLanguage":"es","@id":"https:\/\/www.lamennais.org\/3-gracias-en-haiti-2-hermanos-se-comprometen-de-por-vida-4-hacen-sus-primeros-votos-y-hermanos-y-laicos-viven-el-capitulo-provincial\/?lang=es#primaryimage","url":"https:\/\/www.lamennais.org\/wp-content\/uploads\/2019\/08\/Capture-3.jpg","contentUrl":"https:\/\/www.lamennais.org\/wp-content\/uploads\/2019\/08\/Capture-3.jpg","width":920,"height":494},{"@type":"BreadcrumbList","@id":"https:\/\/www.lamennais.org\/3-gracias-en-haiti-2-hermanos-se-comprometen-de-por-vida-4-hacen-sus-primeros-votos-y-hermanos-y-laicos-viven-el-capitulo-provincial\/?lang=es#breadcrumb","itemListElement":[{"@type":"ListItem","position":1,"name":"Accueil","item":"https:\/\/www.lamennais.org\/"},{"@type":"ListItem","position":2,"name":"3 GRACIAS EN HAIT\u00cd. 2 Hermanos se comprometen de por vida, 4 hacen sus primeros votos y Hermanos y laicos viven el Cap\u00edtulo provincial."}]},{"@type":"WebSite","@id":"https:\/\/www.lamennais.org\/#website","url":"https:\/\/www.lamennais.org\/","name":"LaMennais.org","description":"Fr\u00e8res de l&#039;Instruction Chr\u00e9tienne et Famille Mennaisienne","potentialAction":[{"@type":"SearchAction","target":{"@type":"EntryPoint","urlTemplate":"https:\/\/www.lamennais.org\/?s={search_term_string}"},"query-input":{"@type":"PropertyValueSpecification","valueRequired":true,"valueName":"search_term_string"}}],"inLanguage":"es"},{"@type":"Person","@id":"https:\/\/www.lamennais.org\/#\/schema\/person\/2a8d6e8a95babedd5ba1c43afd2e3844","name":"Herv\u00e9 Asse","image":{"@type":"ImageObject","inLanguage":"es","@id":"https:\/\/secure.gravatar.com\/avatar\/1aaa7b1baf759c8b40525f40af381cbaa2b0ddd554f57145bceb0654ba45b4c0?s=96&d=mm&r=g","url":"https:\/\/secure.gravatar.com\/avatar\/1aaa7b1baf759c8b40525f40af381cbaa2b0ddd554f57145bceb0654ba45b4c0?s=96&d=mm&r=g","contentUrl":"https:\/\/secure.gravatar.com\/avatar\/1aaa7b1baf759c8b40525f40af381cbaa2b0ddd554f57145bceb0654ba45b4c0?s=96&d=mm&r=g","caption":"Herv\u00e9 Asse"}}]}},"_links":{"self":[{"href":"https:\/\/www.lamennais.org\/es\/wp-json\/wp\/v2\/posts\/22724","targetHints":{"allow":["GET"]}}],"collection":[{"href":"https:\/\/www.lamennais.org\/es\/wp-json\/wp\/v2\/posts"}],"about":[{"href":"https:\/\/www.lamennais.org\/es\/wp-json\/wp\/v2\/types\/post"}],"author":[{"embeddable":true,"href":"https:\/\/www.lamennais.org\/es\/wp-json\/wp\/v2\/users\/3"}],"replies":[{"embeddable":true,"href":"https:\/\/www.lamennais.org\/es\/wp-json\/wp\/v2\/comments?post=22724"}],"version-history":[{"count":1,"href":"https:\/\/www.lamennais.org\/es\/wp-json\/wp\/v2\/posts\/22724\/revisions"}],"predecessor-version":[{"id":22725,"href":"https:\/\/www.lamennais.org\/es\/wp-json\/wp\/v2\/posts\/22724\/revisions\/22725"}],"wp:featuredmedia":[{"embeddable":true,"href":"https:\/\/www.lamennais.org\/es\/wp-json\/wp\/v2\/media\/22713"}],"wp:attachment":[{"href":"https:\/\/www.lamennais.org\/es\/wp-json\/wp\/v2\/media?parent=22724"}],"wp:term":[{"taxonomy":"category","embeddable":true,"href":"https:\/\/www.lamennais.org\/es\/wp-json\/wp\/v2\/categories?post=22724"},{"taxonomy":"post_tag","embeddable":true,"href":"https:\/\/www.lamennais.org\/es\/wp-json\/wp\/v2\/tags?post=22724"}],"curies":[{"name":"wp","href":"https:\/\/api.w.org\/{rel}","templated":true}]}}