{"id":22561,"date":"2019-07-11T12:10:50","date_gmt":"2019-07-11T10:10:50","guid":{"rendered":"http:\/\/www.lamennais.org\/?p=22561"},"modified":"2019-07-12T06:54:58","modified_gmt":"2019-07-12T04:54:58","slug":"primeros-hermanos-de-indonesia-dos-hermanos-se-comprometieron-de-por-vida-y-cuatro-pronunciaron-sus-primeros-votos-en-el-distrito-de-san-francisco-javier-indonesia-japon-filipinas","status":"publish","type":"post","link":"https:\/\/www.lamennais.org\/es\/primeros-hermanos-de-indonesia-dos-hermanos-se-comprometieron-de-por-vida-y-cuatro-pronunciaron-sus-primeros-votos-en-el-distrito-de-san-francisco-javier-indonesia-japon-filipinas\/","title":{"rendered":"Primeros Hermanos de Indonesia. Dos Hermanos se comprometieron de por vida y cuatro pronunciaron sus primeros votos en el Distrito de San Francisco Javier -Indonesia-Jap\u00f3n-Filipinas."},"content":{"rendered":"<p>El 3 de julio de 2019 ha sido un gran d\u00eda en la misi\u00f3n de Indonesia y del Distrito de San Francisco Javier.<\/p>\n<div id=\"attachment_22526\" style=\"width: 870px\" class=\"wp-caption alignleft\"><img fetchpriority=\"high\" decoding=\"async\" aria-describedby=\"caption-attachment-22526\" class=\"size-large wp-image-22526\" src=\"http:\/\/www.lamennais.org\/wp-content\/uploads\/2019\/07\/Les-2-nouveaux-prof\u00e8s-perp\u00e9tuels-1024x705.jpg\" alt=\"\" width=\"860\" height=\"592\" \/><p id=\"caption-attachment-22526\" class=\"wp-caption-text\"><em>Los dos nuevos profesos: Los Hermanos Andreas Pito y Fransiscus Xaverius Gua Making.<\/em><\/p><\/div>\n<p>Durante una eucarist\u00eda presidida por el Obispo de Larantuka y concelebrada por una quincena de sacerdotes, los Hermanos\u00a0 <strong>Andreas Pito y Fransiscus Xaverius Gua Making <\/strong>pronunciaron ante el Hno. Herv\u00e9 Zamor, Superior General, sus votos perpetuos.<\/p>\n<p>\u00a1Es la primera vez desde que se fund\u00f3 la misi\u00f3n hace 20 a\u00f1os!<\/p>\n<p>Durante dicha liturgia, cuatro j\u00f3venes Hermanos \u2013 <strong>HH. Adrianus, Fabrianus, Oswaldus y Zenobius-<\/strong> pronunciaron sus primeros votos y los <strong>Hermanos Daniel Lefr\u00e8re y Gildas<\/strong> celebraron sus 40 a\u00f1os de vida religiosa.<\/p>\n<div id=\"attachment_22538\" style=\"width: 310px\" class=\"wp-caption alignleft\"><img decoding=\"async\" aria-describedby=\"caption-attachment-22538\" class=\"wp-image-22538 size-medium\" src=\"http:\/\/www.lamennais.org\/wp-content\/uploads\/2019\/07\/P1120405-300x212.jpg\" alt=\"\" width=\"300\" height=\"212\" srcset=\"https:\/\/www.lamennais.org\/wp-content\/uploads\/2019\/07\/P1120405-300x212.jpg 300w, https:\/\/www.lamennais.org\/wp-content\/uploads\/2019\/07\/P1120405-768x543.jpg 768w, https:\/\/www.lamennais.org\/wp-content\/uploads\/2019\/07\/P1120405-1024x724.jpg 1024w, https:\/\/www.lamennais.org\/wp-content\/uploads\/2019\/07\/P1120405-260x184.jpg 260w, https:\/\/www.lamennais.org\/wp-content\/uploads\/2019\/07\/P1120405.jpg 1157w\" sizes=\"(max-width: 300px) 100vw, 300px\" \/><p id=\"caption-attachment-22538\" class=\"wp-caption-text\"><em>El Hno. Herv\u00e9 ZAMOR, Superior General, recibe los votos perpetuos.<\/em><\/p><\/div>\n<p><img decoding=\"async\" class=\"alignleft size-medium wp-image-22535\" src=\"http:\/\/www.lamennais.org\/wp-content\/uploads\/2019\/07\/P1120403-300x159.jpg\" alt=\"\" width=\"300\" height=\"159\" srcset=\"https:\/\/www.lamennais.org\/wp-content\/uploads\/2019\/07\/P1120403-300x159.jpg 300w, https:\/\/www.lamennais.org\/wp-content\/uploads\/2019\/07\/P1120403-768x406.jpg 768w, https:\/\/www.lamennais.org\/wp-content\/uploads\/2019\/07\/P1120403-1024x541.jpg 1024w, https:\/\/www.lamennais.org\/wp-content\/uploads\/2019\/07\/P1120403-260x137.jpg 260w, https:\/\/www.lamennais.org\/wp-content\/uploads\/2019\/07\/P1120403.jpg 1442w\" sizes=\"(max-width: 300px) 100vw, 300px\" \/><\/p>\n<p><img loading=\"lazy\" decoding=\"async\" class=\"alignleft size-medium wp-image-22532\" src=\"http:\/\/www.lamennais.org\/wp-content\/uploads\/2019\/07\/P1120402-300x209.jpg\" alt=\"\" width=\"300\" height=\"209\" srcset=\"https:\/\/www.lamennais.org\/wp-content\/uploads\/2019\/07\/P1120402-300x209.jpg 300w, https:\/\/www.lamennais.org\/wp-content\/uploads\/2019\/07\/P1120402-768x534.jpg 768w, https:\/\/www.lamennais.org\/wp-content\/uploads\/2019\/07\/P1120402-1024x712.jpg 1024w, https:\/\/www.lamennais.org\/wp-content\/uploads\/2019\/07\/P1120402-260x181.jpg 260w, https:\/\/www.lamennais.org\/wp-content\/uploads\/2019\/07\/P1120402.jpg 1281w\" sizes=\"(max-width: 300px) 100vw, 300px\" \/><\/p>\n<div id=\"attachment_22520\" style=\"width: 870px\" class=\"wp-caption alignleft\"><img loading=\"lazy\" decoding=\"async\" aria-describedby=\"caption-attachment-22520\" class=\"wp-image-22520 size-large\" src=\"http:\/\/www.lamennais.org\/wp-content\/uploads\/2019\/07\/4-nouveaux-prof\u00e8s-en-tenue-traditionnelle-avant-de-prononcer-les-voeux-1024x683.jpg\" alt=\"\" width=\"860\" height=\"574\" srcset=\"https:\/\/www.lamennais.org\/wp-content\/uploads\/2019\/07\/4-nouveaux-prof\u00e8s-en-tenue-traditionnelle-avant-de-prononcer-les-voeux-1024x683.jpg 1024w, https:\/\/www.lamennais.org\/wp-content\/uploads\/2019\/07\/4-nouveaux-prof\u00e8s-en-tenue-traditionnelle-avant-de-prononcer-les-voeux-300x200.jpg 300w, https:\/\/www.lamennais.org\/wp-content\/uploads\/2019\/07\/4-nouveaux-prof\u00e8s-en-tenue-traditionnelle-avant-de-prononcer-les-voeux-768x512.jpg 768w, https:\/\/www.lamennais.org\/wp-content\/uploads\/2019\/07\/4-nouveaux-prof\u00e8s-en-tenue-traditionnelle-avant-de-prononcer-les-voeux-260x173.jpg 260w, https:\/\/www.lamennais.org\/wp-content\/uploads\/2019\/07\/4-nouveaux-prof\u00e8s-en-tenue-traditionnelle-avant-de-prononcer-les-voeux-1200x800.jpg 1200w\" sizes=\"(max-width: 860px) 100vw, 860px\" \/><p id=\"caption-attachment-22520\" class=\"wp-caption-text\"><em>Los cuatro nuevos profesos con sus trajes tradicionales.<\/em><\/p><\/div>\n<div id=\"attachment_22529\" style=\"width: 870px\" class=\"wp-caption alignleft\"><img loading=\"lazy\" decoding=\"async\" aria-describedby=\"caption-attachment-22529\" class=\"size-large wp-image-22529\" src=\"http:\/\/www.lamennais.org\/wp-content\/uploads\/2019\/07\/Les-4-nouveaux-prof\u00e8s-1024x620.jpg\" alt=\"\" width=\"860\" height=\"521\" srcset=\"https:\/\/www.lamennais.org\/wp-content\/uploads\/2019\/07\/Les-4-nouveaux-prof\u00e8s-1024x620.jpg 1024w, https:\/\/www.lamennais.org\/wp-content\/uploads\/2019\/07\/Les-4-nouveaux-prof\u00e8s-300x182.jpg 300w, https:\/\/www.lamennais.org\/wp-content\/uploads\/2019\/07\/Les-4-nouveaux-prof\u00e8s-768x465.jpg 768w, https:\/\/www.lamennais.org\/wp-content\/uploads\/2019\/07\/Les-4-nouveaux-prof\u00e8s-260x157.jpg 260w\" sizes=\"(max-width: 860px) 100vw, 860px\" \/><p id=\"caption-attachment-22529\" class=\"wp-caption-text\"><em>Despu\u00e9s de los primeros votos.<\/em><\/p><\/div>\n<p>Esta celebraci\u00f3n fue tambi\u00e9n la ocasi\u00f3n, para el Distrito de San Francisco Javier,\u00a0 para abrir el a\u00f1o del <strong>Bicentenario de la Congregaci\u00f3n.<\/strong><\/p>\n<div id=\"attachment_22541\" style=\"width: 310px\" class=\"wp-caption alignleft\"><img loading=\"lazy\" decoding=\"async\" aria-describedby=\"caption-attachment-22541\" class=\"wp-image-22541 size-medium\" src=\"http:\/\/www.lamennais.org\/wp-content\/uploads\/2019\/07\/P1120409-300x181.jpg\" alt=\"\" width=\"300\" height=\"181\" srcset=\"https:\/\/www.lamennais.org\/wp-content\/uploads\/2019\/07\/P1120409-300x181.jpg 300w, https:\/\/www.lamennais.org\/wp-content\/uploads\/2019\/07\/P1120409-768x464.jpg 768w, https:\/\/www.lamennais.org\/wp-content\/uploads\/2019\/07\/P1120409-1024x618.jpg 1024w, https:\/\/www.lamennais.org\/wp-content\/uploads\/2019\/07\/P1120409-260x157.jpg 260w, https:\/\/www.lamennais.org\/wp-content\/uploads\/2019\/07\/P1120409.jpg 1473w\" sizes=\"(max-width: 300px) 100vw, 300px\" \/><p id=\"caption-attachment-22541\" class=\"wp-caption-text\"><em>Apertura oficial del Bicentenario en el distrito SFX por el Hno. Herv\u00e9 Zamor, SG, y el Obispo de Larantuka, con la asistencia del Hno. Gildas Prigent, Visitador del Distrito.<\/em><\/p><\/div>\n<p><img loading=\"lazy\" decoding=\"async\" class=\"alignleft size-medium wp-image-22544\" src=\"http:\/\/www.lamennais.org\/wp-content\/uploads\/2019\/07\/P1120410-300x188.jpg\" alt=\"\" width=\"300\" height=\"188\" srcset=\"https:\/\/www.lamennais.org\/wp-content\/uploads\/2019\/07\/P1120410-300x188.jpg 300w, https:\/\/www.lamennais.org\/wp-content\/uploads\/2019\/07\/P1120410-768x480.jpg 768w, https:\/\/www.lamennais.org\/wp-content\/uploads\/2019\/07\/P1120410-1024x640.jpg 1024w, https:\/\/www.lamennais.org\/wp-content\/uploads\/2019\/07\/P1120410-260x163.jpg 260w, https:\/\/www.lamennais.org\/wp-content\/uploads\/2019\/07\/P1120410.jpg 1519w\" sizes=\"(max-width: 300px) 100vw, 300px\" \/><\/p>\n<p>La fiesta se celebr\u00f3 en el campo de deportes del Colegio SDK La Mennais con la participaci\u00f3n de m\u00e1s de 300 personas, entre ellas muchos alumnos del colegio, sus padres y personal de la escuela y de la Pusat La Mennais.<\/p>\n<p>A continuaci\u00f3n de la eucarist\u00eda hubo un tiempo de animaci\u00f3n presentada por los alumnos de la escuela y los aspirantes del pre-postulantado y tambi\u00e9n la presentaci\u00f3n de v\u00eddeos describiendo la historia de la misi\u00f3n de los Hermanos en Indonesia y del recorrido vocacional de los dos nuevos Hermanos perpetuos. Y como se suele hacer, a la fiesta continu\u00f3 una comida compartida por todos los participantes.<\/p>\n<p>\u00a1Un buen momento de la vida la Congregaci\u00f3n en Asia, que esperamos todos sea portador de un gran futuro!<\/p>\n<p><strong>HNo Gildas Prigent<\/strong><\/p>\n<p>\u00a0<\/p>\n<div id=\"attachment_22523\" style=\"width: 870px\" class=\"wp-caption alignleft\"><img loading=\"lazy\" decoding=\"async\" aria-describedby=\"caption-attachment-22523\" class=\"size-large wp-image-22523\" src=\"http:\/\/www.lamennais.org\/wp-content\/uploads\/2019\/07\/Fr\u00e8res-de-la-mission-avec-l\u00e9v\u00eaque-de-Larantuka-1024x536.jpg\" alt=\"\" width=\"860\" height=\"450\" srcset=\"https:\/\/www.lamennais.org\/wp-content\/uploads\/2019\/07\/Fr\u00e8res-de-la-mission-avec-l\u00e9v\u00eaque-de-Larantuka-1024x536.jpg 1024w, https:\/\/www.lamennais.org\/wp-content\/uploads\/2019\/07\/Fr\u00e8res-de-la-mission-avec-l\u00e9v\u00eaque-de-Larantuka-300x157.jpg 300w, https:\/\/www.lamennais.org\/wp-content\/uploads\/2019\/07\/Fr\u00e8res-de-la-mission-avec-l\u00e9v\u00eaque-de-Larantuka-768x402.jpg 768w, https:\/\/www.lamennais.org\/wp-content\/uploads\/2019\/07\/Fr\u00e8res-de-la-mission-avec-l\u00e9v\u00eaque-de-Larantuka-260x136.jpg 260w\" sizes=\"(max-width: 860px) 100vw, 860px\" \/><p id=\"caption-attachment-22523\" class=\"wp-caption-text\"><em>Los Hermanos del Distrito SFX presentes durante los votos y la apertura del Bicentenario el 3 de julio en Larantuka, Indonesia, con asistencia del Obispo y del Hno. Herv\u00e9 Zamor, Superior General.<\/em><\/p><\/div>\n\n\n<p><\/p>\n","protected":false},"excerpt":{"rendered":"<p>El 3 de julio de 2019 ha sido un gran d\u00eda en la misi\u00f3n de Indonesia y del Distrito de San Francisco Javier. Durante una eucarist\u00eda presidida por el Obispo de Larantuka y concelebrada por una quincena de sacerdotes, los Hermanos\u00a0 Andreas Pito y Fransiscus Xaverius Gua Making pronunciaron ante el Hno. Herv\u00e9 Zamor, Superior [&hellip;]<\/p>\n","protected":false},"author":3,"featured_media":22559,"comment_status":"closed","ping_status":"closed","sticky":false,"template":"","format":"standard","meta":{"footnotes":""},"categories":[105],"tags":[],"class_list":["post-22561","post","type-post","status-publish","format-standard","has-post-thumbnail","hentry","category-noticias"],"yoast_head":"<!-- This site is optimized with the Yoast SEO plugin v27.4 - https:\/\/yoast.com\/product\/yoast-seo-wordpress\/ -->\n<title>Primeros Hermanos de Indonesia. Dos Hermanos se comprometieron de por vida y cuatro pronunciaron sus primeros votos en el Distrito de San Francisco Javier -Indonesia-Jap\u00f3n-Filipinas. - LaMennais.org<\/title>\n<meta name=\"robots\" content=\"index, follow, max-snippet:-1, max-image-preview:large, max-video-preview:-1\" \/>\n<link rel=\"canonical\" href=\"https:\/\/www.lamennais.org\/primeros-hermanos-de-indonesia-dos-hermanos-se-comprometieron-de-por-vida-y-cuatro-pronunciaron-sus-primeros-votos-en-el-distrito-de-san-francisco-javier-indonesia-japon-filipinas\/?lang=es\" \/>\n<meta property=\"og:locale\" content=\"es_ES\" \/>\n<meta property=\"og:type\" content=\"article\" \/>\n<meta property=\"og:title\" content=\"Primeros Hermanos de Indonesia. Dos Hermanos se comprometieron de por vida y cuatro pronunciaron sus primeros votos en el Distrito de San Francisco Javier -Indonesia-Jap\u00f3n-Filipinas. - LaMennais.org\" \/>\n<meta property=\"og:description\" content=\"El 3 de julio de 2019 ha sido un gran d\u00eda en la misi\u00f3n de Indonesia y del Distrito de San Francisco Javier. Durante una eucarist\u00eda presidida por el Obispo de Larantuka y concelebrada por una quincena de sacerdotes, los Hermanos\u00a0 Andreas Pito y Fransiscus Xaverius Gua Making pronunciaron ante el Hno. Herv\u00e9 Zamor, Superior [&hellip;]\" \/>\n<meta property=\"og:url\" content=\"https:\/\/www.lamennais.org\/primeros-hermanos-de-indonesia-dos-hermanos-se-comprometieron-de-por-vida-y-cuatro-pronunciaron-sus-primeros-votos-en-el-distrito-de-san-francisco-javier-indonesia-japon-filipinas\/?lang=es\" \/>\n<meta property=\"og:site_name\" content=\"LaMennais.org\" \/>\n<meta property=\"article:published_time\" content=\"2019-07-11T10:10:50+00:00\" \/>\n<meta property=\"article:modified_time\" content=\"2019-07-12T04:54:58+00:00\" \/>\n<meta property=\"og:image\" content=\"https:\/\/www.lamennais.org\/wp-content\/uploads\/2019\/07\/Capture-11.jpg\" \/>\n\t<meta property=\"og:image:width\" content=\"783\" \/>\n\t<meta property=\"og:image:height\" content=\"457\" \/>\n\t<meta property=\"og:image:type\" content=\"image\/jpeg\" \/>\n<meta name=\"author\" content=\"Herv\u00e9 Asse\" \/>\n<meta name=\"twitter:card\" content=\"summary_large_image\" \/>\n<meta name=\"twitter:label1\" content=\"Escrito por\" \/>\n\t<meta name=\"twitter:data1\" content=\"Herv\u00e9 Asse\" \/>\n\t<meta name=\"twitter:label2\" content=\"Tiempo de lectura\" \/>\n\t<meta name=\"twitter:data2\" content=\"2 minutos\" \/>\n<script type=\"application\/ld+json\" class=\"yoast-schema-graph\">{\"@context\":\"https:\\\/\\\/schema.org\",\"@graph\":[{\"@type\":\"Article\",\"@id\":\"https:\\\/\\\/www.lamennais.org\\\/primeros-hermanos-de-indonesia-dos-hermanos-se-comprometieron-de-por-vida-y-cuatro-pronunciaron-sus-primeros-votos-en-el-distrito-de-san-francisco-javier-indonesia-japon-filipinas\\\/?lang=es#article\",\"isPartOf\":{\"@id\":\"https:\\\/\\\/www.lamennais.org\\\/primeros-hermanos-de-indonesia-dos-hermanos-se-comprometieron-de-por-vida-y-cuatro-pronunciaron-sus-primeros-votos-en-el-distrito-de-san-francisco-javier-indonesia-japon-filipinas\\\/?lang=es\"},\"author\":{\"name\":\"Herv\u00e9 Asse\",\"@id\":\"https:\\\/\\\/www.lamennais.org\\\/#\\\/schema\\\/person\\\/2a8d6e8a95babedd5ba1c43afd2e3844\"},\"headline\":\"Primeros Hermanos de Indonesia. Dos Hermanos se comprometieron de por vida y cuatro pronunciaron sus primeros votos en el Distrito de San Francisco Javier -Indonesia-Jap\u00f3n-Filipinas.\",\"datePublished\":\"2019-07-11T10:10:50+00:00\",\"dateModified\":\"2019-07-12T04:54:58+00:00\",\"mainEntityOfPage\":{\"@id\":\"https:\\\/\\\/www.lamennais.org\\\/primeros-hermanos-de-indonesia-dos-hermanos-se-comprometieron-de-por-vida-y-cuatro-pronunciaron-sus-primeros-votos-en-el-distrito-de-san-francisco-javier-indonesia-japon-filipinas\\\/?lang=es\"},\"wordCount\":435,\"image\":{\"@id\":\"https:\\\/\\\/www.lamennais.org\\\/primeros-hermanos-de-indonesia-dos-hermanos-se-comprometieron-de-por-vida-y-cuatro-pronunciaron-sus-primeros-votos-en-el-distrito-de-san-francisco-javier-indonesia-japon-filipinas\\\/?lang=es#primaryimage\"},\"thumbnailUrl\":\"https:\\\/\\\/www.lamennais.org\\\/wp-content\\\/uploads\\\/2019\\\/07\\\/Capture-11.jpg\",\"articleSection\":[\"NOTICIAS\"],\"inLanguage\":\"es\"},{\"@type\":\"WebPage\",\"@id\":\"https:\\\/\\\/www.lamennais.org\\\/primeros-hermanos-de-indonesia-dos-hermanos-se-comprometieron-de-por-vida-y-cuatro-pronunciaron-sus-primeros-votos-en-el-distrito-de-san-francisco-javier-indonesia-japon-filipinas\\\/?lang=es\",\"url\":\"https:\\\/\\\/www.lamennais.org\\\/primeros-hermanos-de-indonesia-dos-hermanos-se-comprometieron-de-por-vida-y-cuatro-pronunciaron-sus-primeros-votos-en-el-distrito-de-san-francisco-javier-indonesia-japon-filipinas\\\/?lang=es\",\"name\":\"Primeros Hermanos de Indonesia. Dos Hermanos se comprometieron de por vida y cuatro pronunciaron sus primeros votos en el Distrito de San Francisco Javier -Indonesia-Jap\u00f3n-Filipinas. - LaMennais.org\",\"isPartOf\":{\"@id\":\"https:\\\/\\\/www.lamennais.org\\\/#website\"},\"primaryImageOfPage\":{\"@id\":\"https:\\\/\\\/www.lamennais.org\\\/primeros-hermanos-de-indonesia-dos-hermanos-se-comprometieron-de-por-vida-y-cuatro-pronunciaron-sus-primeros-votos-en-el-distrito-de-san-francisco-javier-indonesia-japon-filipinas\\\/?lang=es#primaryimage\"},\"image\":{\"@id\":\"https:\\\/\\\/www.lamennais.org\\\/primeros-hermanos-de-indonesia-dos-hermanos-se-comprometieron-de-por-vida-y-cuatro-pronunciaron-sus-primeros-votos-en-el-distrito-de-san-francisco-javier-indonesia-japon-filipinas\\\/?lang=es#primaryimage\"},\"thumbnailUrl\":\"https:\\\/\\\/www.lamennais.org\\\/wp-content\\\/uploads\\\/2019\\\/07\\\/Capture-11.jpg\",\"datePublished\":\"2019-07-11T10:10:50+00:00\",\"dateModified\":\"2019-07-12T04:54:58+00:00\",\"author\":{\"@id\":\"https:\\\/\\\/www.lamennais.org\\\/#\\\/schema\\\/person\\\/2a8d6e8a95babedd5ba1c43afd2e3844\"},\"breadcrumb\":{\"@id\":\"https:\\\/\\\/www.lamennais.org\\\/primeros-hermanos-de-indonesia-dos-hermanos-se-comprometieron-de-por-vida-y-cuatro-pronunciaron-sus-primeros-votos-en-el-distrito-de-san-francisco-javier-indonesia-japon-filipinas\\\/?lang=es#breadcrumb\"},\"inLanguage\":\"es\",\"potentialAction\":[{\"@type\":\"ReadAction\",\"target\":[\"https:\\\/\\\/www.lamennais.org\\\/primeros-hermanos-de-indonesia-dos-hermanos-se-comprometieron-de-por-vida-y-cuatro-pronunciaron-sus-primeros-votos-en-el-distrito-de-san-francisco-javier-indonesia-japon-filipinas\\\/?lang=es\"]}]},{\"@type\":\"ImageObject\",\"inLanguage\":\"es\",\"@id\":\"https:\\\/\\\/www.lamennais.org\\\/primeros-hermanos-de-indonesia-dos-hermanos-se-comprometieron-de-por-vida-y-cuatro-pronunciaron-sus-primeros-votos-en-el-distrito-de-san-francisco-javier-indonesia-japon-filipinas\\\/?lang=es#primaryimage\",\"url\":\"https:\\\/\\\/www.lamennais.org\\\/wp-content\\\/uploads\\\/2019\\\/07\\\/Capture-11.jpg\",\"contentUrl\":\"https:\\\/\\\/www.lamennais.org\\\/wp-content\\\/uploads\\\/2019\\\/07\\\/Capture-11.jpg\",\"width\":783,\"height\":457},{\"@type\":\"BreadcrumbList\",\"@id\":\"https:\\\/\\\/www.lamennais.org\\\/primeros-hermanos-de-indonesia-dos-hermanos-se-comprometieron-de-por-vida-y-cuatro-pronunciaron-sus-primeros-votos-en-el-distrito-de-san-francisco-javier-indonesia-japon-filipinas\\\/?lang=es#breadcrumb\",\"itemListElement\":[{\"@type\":\"ListItem\",\"position\":1,\"name\":\"Accueil\",\"item\":\"https:\\\/\\\/www.lamennais.org\\\/\"},{\"@type\":\"ListItem\",\"position\":2,\"name\":\"Primeros Hermanos de Indonesia. Dos Hermanos se comprometieron de por vida y cuatro pronunciaron sus primeros votos en el Distrito de San Francisco Javier -Indonesia-Jap\u00f3n-Filipinas.\"}]},{\"@type\":\"WebSite\",\"@id\":\"https:\\\/\\\/www.lamennais.org\\\/#website\",\"url\":\"https:\\\/\\\/www.lamennais.org\\\/\",\"name\":\"LaMennais.org\",\"description\":\"Fr\u00e8res de l&#039;Instruction Chr\u00e9tienne et Famille Mennaisienne\",\"potentialAction\":[{\"@type\":\"SearchAction\",\"target\":{\"@type\":\"EntryPoint\",\"urlTemplate\":\"https:\\\/\\\/www.lamennais.org\\\/?s={search_term_string}\"},\"query-input\":{\"@type\":\"PropertyValueSpecification\",\"valueRequired\":true,\"valueName\":\"search_term_string\"}}],\"inLanguage\":\"es\"},{\"@type\":\"Person\",\"@id\":\"https:\\\/\\\/www.lamennais.org\\\/#\\\/schema\\\/person\\\/2a8d6e8a95babedd5ba1c43afd2e3844\",\"name\":\"Herv\u00e9 Asse\",\"image\":{\"@type\":\"ImageObject\",\"inLanguage\":\"es\",\"@id\":\"https:\\\/\\\/secure.gravatar.com\\\/avatar\\\/1aaa7b1baf759c8b40525f40af381cbaa2b0ddd554f57145bceb0654ba45b4c0?s=96&d=mm&r=g\",\"url\":\"https:\\\/\\\/secure.gravatar.com\\\/avatar\\\/1aaa7b1baf759c8b40525f40af381cbaa2b0ddd554f57145bceb0654ba45b4c0?s=96&d=mm&r=g\",\"contentUrl\":\"https:\\\/\\\/secure.gravatar.com\\\/avatar\\\/1aaa7b1baf759c8b40525f40af381cbaa2b0ddd554f57145bceb0654ba45b4c0?s=96&d=mm&r=g\",\"caption\":\"Herv\u00e9 Asse\"}}]}<\/script>\n<!-- \/ Yoast SEO plugin. -->","yoast_head_json":{"title":"Primeros Hermanos de Indonesia. Dos Hermanos se comprometieron de por vida y cuatro pronunciaron sus primeros votos en el Distrito de San Francisco Javier -Indonesia-Jap\u00f3n-Filipinas. - LaMennais.org","robots":{"index":"index","follow":"follow","max-snippet":"max-snippet:-1","max-image-preview":"max-image-preview:large","max-video-preview":"max-video-preview:-1"},"canonical":"https:\/\/www.lamennais.org\/primeros-hermanos-de-indonesia-dos-hermanos-se-comprometieron-de-por-vida-y-cuatro-pronunciaron-sus-primeros-votos-en-el-distrito-de-san-francisco-javier-indonesia-japon-filipinas\/?lang=es","og_locale":"es_ES","og_type":"article","og_title":"Primeros Hermanos de Indonesia. Dos Hermanos se comprometieron de por vida y cuatro pronunciaron sus primeros votos en el Distrito de San Francisco Javier -Indonesia-Jap\u00f3n-Filipinas. - LaMennais.org","og_description":"El 3 de julio de 2019 ha sido un gran d\u00eda en la misi\u00f3n de Indonesia y del Distrito de San Francisco Javier. Durante una eucarist\u00eda presidida por el Obispo de Larantuka y concelebrada por una quincena de sacerdotes, los Hermanos\u00a0 Andreas Pito y Fransiscus Xaverius Gua Making pronunciaron ante el Hno. Herv\u00e9 Zamor, Superior [&hellip;]","og_url":"https:\/\/www.lamennais.org\/primeros-hermanos-de-indonesia-dos-hermanos-se-comprometieron-de-por-vida-y-cuatro-pronunciaron-sus-primeros-votos-en-el-distrito-de-san-francisco-javier-indonesia-japon-filipinas\/?lang=es","og_site_name":"LaMennais.org","article_published_time":"2019-07-11T10:10:50+00:00","article_modified_time":"2019-07-12T04:54:58+00:00","og_image":[{"width":783,"height":457,"url":"https:\/\/www.lamennais.org\/wp-content\/uploads\/2019\/07\/Capture-11.jpg","type":"image\/jpeg"}],"author":"Herv\u00e9 Asse","twitter_card":"summary_large_image","twitter_misc":{"Escrito por":"Herv\u00e9 Asse","Tiempo de lectura":"2 minutos"},"schema":{"@context":"https:\/\/schema.org","@graph":[{"@type":"Article","@id":"https:\/\/www.lamennais.org\/primeros-hermanos-de-indonesia-dos-hermanos-se-comprometieron-de-por-vida-y-cuatro-pronunciaron-sus-primeros-votos-en-el-distrito-de-san-francisco-javier-indonesia-japon-filipinas\/?lang=es#article","isPartOf":{"@id":"https:\/\/www.lamennais.org\/primeros-hermanos-de-indonesia-dos-hermanos-se-comprometieron-de-por-vida-y-cuatro-pronunciaron-sus-primeros-votos-en-el-distrito-de-san-francisco-javier-indonesia-japon-filipinas\/?lang=es"},"author":{"name":"Herv\u00e9 Asse","@id":"https:\/\/www.lamennais.org\/#\/schema\/person\/2a8d6e8a95babedd5ba1c43afd2e3844"},"headline":"Primeros Hermanos de Indonesia. Dos Hermanos se comprometieron de por vida y cuatro pronunciaron sus primeros votos en el Distrito de San Francisco Javier -Indonesia-Jap\u00f3n-Filipinas.","datePublished":"2019-07-11T10:10:50+00:00","dateModified":"2019-07-12T04:54:58+00:00","mainEntityOfPage":{"@id":"https:\/\/www.lamennais.org\/primeros-hermanos-de-indonesia-dos-hermanos-se-comprometieron-de-por-vida-y-cuatro-pronunciaron-sus-primeros-votos-en-el-distrito-de-san-francisco-javier-indonesia-japon-filipinas\/?lang=es"},"wordCount":435,"image":{"@id":"https:\/\/www.lamennais.org\/primeros-hermanos-de-indonesia-dos-hermanos-se-comprometieron-de-por-vida-y-cuatro-pronunciaron-sus-primeros-votos-en-el-distrito-de-san-francisco-javier-indonesia-japon-filipinas\/?lang=es#primaryimage"},"thumbnailUrl":"https:\/\/www.lamennais.org\/wp-content\/uploads\/2019\/07\/Capture-11.jpg","articleSection":["NOTICIAS"],"inLanguage":"es"},{"@type":"WebPage","@id":"https:\/\/www.lamennais.org\/primeros-hermanos-de-indonesia-dos-hermanos-se-comprometieron-de-por-vida-y-cuatro-pronunciaron-sus-primeros-votos-en-el-distrito-de-san-francisco-javier-indonesia-japon-filipinas\/?lang=es","url":"https:\/\/www.lamennais.org\/primeros-hermanos-de-indonesia-dos-hermanos-se-comprometieron-de-por-vida-y-cuatro-pronunciaron-sus-primeros-votos-en-el-distrito-de-san-francisco-javier-indonesia-japon-filipinas\/?lang=es","name":"Primeros Hermanos de Indonesia. Dos Hermanos se comprometieron de por vida y cuatro pronunciaron sus primeros votos en el Distrito de San Francisco Javier -Indonesia-Jap\u00f3n-Filipinas. - LaMennais.org","isPartOf":{"@id":"https:\/\/www.lamennais.org\/#website"},"primaryImageOfPage":{"@id":"https:\/\/www.lamennais.org\/primeros-hermanos-de-indonesia-dos-hermanos-se-comprometieron-de-por-vida-y-cuatro-pronunciaron-sus-primeros-votos-en-el-distrito-de-san-francisco-javier-indonesia-japon-filipinas\/?lang=es#primaryimage"},"image":{"@id":"https:\/\/www.lamennais.org\/primeros-hermanos-de-indonesia-dos-hermanos-se-comprometieron-de-por-vida-y-cuatro-pronunciaron-sus-primeros-votos-en-el-distrito-de-san-francisco-javier-indonesia-japon-filipinas\/?lang=es#primaryimage"},"thumbnailUrl":"https:\/\/www.lamennais.org\/wp-content\/uploads\/2019\/07\/Capture-11.jpg","datePublished":"2019-07-11T10:10:50+00:00","dateModified":"2019-07-12T04:54:58+00:00","author":{"@id":"https:\/\/www.lamennais.org\/#\/schema\/person\/2a8d6e8a95babedd5ba1c43afd2e3844"},"breadcrumb":{"@id":"https:\/\/www.lamennais.org\/primeros-hermanos-de-indonesia-dos-hermanos-se-comprometieron-de-por-vida-y-cuatro-pronunciaron-sus-primeros-votos-en-el-distrito-de-san-francisco-javier-indonesia-japon-filipinas\/?lang=es#breadcrumb"},"inLanguage":"es","potentialAction":[{"@type":"ReadAction","target":["https:\/\/www.lamennais.org\/primeros-hermanos-de-indonesia-dos-hermanos-se-comprometieron-de-por-vida-y-cuatro-pronunciaron-sus-primeros-votos-en-el-distrito-de-san-francisco-javier-indonesia-japon-filipinas\/?lang=es"]}]},{"@type":"ImageObject","inLanguage":"es","@id":"https:\/\/www.lamennais.org\/primeros-hermanos-de-indonesia-dos-hermanos-se-comprometieron-de-por-vida-y-cuatro-pronunciaron-sus-primeros-votos-en-el-distrito-de-san-francisco-javier-indonesia-japon-filipinas\/?lang=es#primaryimage","url":"https:\/\/www.lamennais.org\/wp-content\/uploads\/2019\/07\/Capture-11.jpg","contentUrl":"https:\/\/www.lamennais.org\/wp-content\/uploads\/2019\/07\/Capture-11.jpg","width":783,"height":457},{"@type":"BreadcrumbList","@id":"https:\/\/www.lamennais.org\/primeros-hermanos-de-indonesia-dos-hermanos-se-comprometieron-de-por-vida-y-cuatro-pronunciaron-sus-primeros-votos-en-el-distrito-de-san-francisco-javier-indonesia-japon-filipinas\/?lang=es#breadcrumb","itemListElement":[{"@type":"ListItem","position":1,"name":"Accueil","item":"https:\/\/www.lamennais.org\/"},{"@type":"ListItem","position":2,"name":"Primeros Hermanos de Indonesia. Dos Hermanos se comprometieron de por vida y cuatro pronunciaron sus primeros votos en el Distrito de San Francisco Javier -Indonesia-Jap\u00f3n-Filipinas."}]},{"@type":"WebSite","@id":"https:\/\/www.lamennais.org\/#website","url":"https:\/\/www.lamennais.org\/","name":"LaMennais.org","description":"Fr\u00e8res de l&#039;Instruction Chr\u00e9tienne et Famille Mennaisienne","potentialAction":[{"@type":"SearchAction","target":{"@type":"EntryPoint","urlTemplate":"https:\/\/www.lamennais.org\/?s={search_term_string}"},"query-input":{"@type":"PropertyValueSpecification","valueRequired":true,"valueName":"search_term_string"}}],"inLanguage":"es"},{"@type":"Person","@id":"https:\/\/www.lamennais.org\/#\/schema\/person\/2a8d6e8a95babedd5ba1c43afd2e3844","name":"Herv\u00e9 Asse","image":{"@type":"ImageObject","inLanguage":"es","@id":"https:\/\/secure.gravatar.com\/avatar\/1aaa7b1baf759c8b40525f40af381cbaa2b0ddd554f57145bceb0654ba45b4c0?s=96&d=mm&r=g","url":"https:\/\/secure.gravatar.com\/avatar\/1aaa7b1baf759c8b40525f40af381cbaa2b0ddd554f57145bceb0654ba45b4c0?s=96&d=mm&r=g","contentUrl":"https:\/\/secure.gravatar.com\/avatar\/1aaa7b1baf759c8b40525f40af381cbaa2b0ddd554f57145bceb0654ba45b4c0?s=96&d=mm&r=g","caption":"Herv\u00e9 Asse"}}]}},"_links":{"self":[{"href":"https:\/\/www.lamennais.org\/es\/wp-json\/wp\/v2\/posts\/22561","targetHints":{"allow":["GET"]}}],"collection":[{"href":"https:\/\/www.lamennais.org\/es\/wp-json\/wp\/v2\/posts"}],"about":[{"href":"https:\/\/www.lamennais.org\/es\/wp-json\/wp\/v2\/types\/post"}],"author":[{"embeddable":true,"href":"https:\/\/www.lamennais.org\/es\/wp-json\/wp\/v2\/users\/3"}],"replies":[{"embeddable":true,"href":"https:\/\/www.lamennais.org\/es\/wp-json\/wp\/v2\/comments?post=22561"}],"version-history":[{"count":1,"href":"https:\/\/www.lamennais.org\/es\/wp-json\/wp\/v2\/posts\/22561\/revisions"}],"predecessor-version":[{"id":22562,"href":"https:\/\/www.lamennais.org\/es\/wp-json\/wp\/v2\/posts\/22561\/revisions\/22562"}],"wp:featuredmedia":[{"embeddable":true,"href":"https:\/\/www.lamennais.org\/es\/wp-json\/wp\/v2\/media\/22559"}],"wp:attachment":[{"href":"https:\/\/www.lamennais.org\/es\/wp-json\/wp\/v2\/media?parent=22561"}],"wp:term":[{"taxonomy":"category","embeddable":true,"href":"https:\/\/www.lamennais.org\/es\/wp-json\/wp\/v2\/categories?post=22561"},{"taxonomy":"post_tag","embeddable":true,"href":"https:\/\/www.lamennais.org\/es\/wp-json\/wp\/v2\/tags?post=22561"}],"curies":[{"name":"wp","href":"https:\/\/api.w.org\/{rel}","templated":true}]}}