{"id":22415,"date":"2019-07-04T10:10:34","date_gmt":"2019-07-04T08:10:34","guid":{"rendered":"http:\/\/www.lamennais.org\/?p=22415"},"modified":"2019-07-04T17:27:29","modified_gmt":"2019-07-04T15:27:29","slug":"ha-aparecido-el-album-del-bicentenario-el-relato-de-200-anos-de-historia-de-los-hermanos-en-148-paginas-y-400-fotos","status":"publish","type":"post","link":"https:\/\/www.lamennais.org\/es\/ha-aparecido-el-album-del-bicentenario-el-relato-de-200-anos-de-historia-de-los-hermanos-en-148-paginas-y-400-fotos\/","title":{"rendered":"HA APARECIDO EL \u00c1LBUM DEL BICENTENARIO. El relato de 200 a\u00f1os de historia de los Hermanos en 148 p\u00e1ginas y 400 fotos."},"content":{"rendered":"<p><strong>\u00bfQuieres conocer al santo catequista de los esclavos, los 3 Hermanos Morin, un Hermano que fue viajante de comercio, las caras de los Hermanos j\u00f3venes de hoy en Indonesia, Uganda, Hait\u00ed, el Congo RDC, Ruanda, Togo \u2026<\/strong><\/p>\n<p><strong>\u00bf Sabes<\/strong> que la 1a escuela fundada por el Padre Deshayes no estaba en Breta\u00f1a?<\/p>\n<p>Los Hermanos ense\u00f1aron en grandes ciudades de Francia, fuera de Breta\u00f1a: \u00bfCu\u00e1les son?<\/p>\n<p><img fetchpriority=\"high\" decoding=\"async\" class=\"alignleft size-large wp-image-22395\" src=\"http:\/\/www.lamennais.org\/wp-content\/uploads\/2019\/07\/P1090617-1024x665.jpg\" alt=\"\" width=\"860\" height=\"558\" srcset=\"https:\/\/www.lamennais.org\/wp-content\/uploads\/2019\/07\/P1090617-1024x665.jpg 1024w, https:\/\/www.lamennais.org\/wp-content\/uploads\/2019\/07\/P1090617-300x195.jpg 300w, https:\/\/www.lamennais.org\/wp-content\/uploads\/2019\/07\/P1090617-768x499.jpg 768w, https:\/\/www.lamennais.org\/wp-content\/uploads\/2019\/07\/P1090617-260x169.jpg 260w\" sizes=\"(max-width: 860px) 100vw, 860px\" \/><\/p>\n<p>1903 fue considerado como un a\u00f1o bisagra respecto a las fundaciones: \u00bfPor qu\u00e9?<br \/>\n290 Hermanos fueron movilizados durante la guerra 1914-1918 y 30 de ellos murieron.<\/p>\n<p>En 40 a\u00f1os, del 1921 al 1960, se dobl\u00f3 el n\u00famero de Hermanos, pasando de 1. 068 a 2. 182.<\/p>\n<p><strong>Es la 1a vez que se hace un \u00c1lbum como este para plasmarlo en un documento \u00fanico de <\/strong>200 a\u00f1os de historia de los Hermanos.<\/p>\n<p>Esto se ha elaborado en el marco de N\u00ba Especial de La Mennais Magazine.<\/p>\n<p>Hasta ahora, unas publicaciones presentaban tal o tal secuencia hist\u00f3rica o acontecimientos vinculados a un pa\u00eds, pero faltaba un \u00c1lbum para el gran p\u00fablico, para todos.<\/p>\n<p><img decoding=\"async\" class=\"alignleft size-large wp-image-22398\" src=\"http:\/\/www.lamennais.org\/wp-content\/uploads\/2019\/07\/P1090620-1024x659.jpg\" alt=\"\" width=\"860\" height=\"553\" srcset=\"https:\/\/www.lamennais.org\/wp-content\/uploads\/2019\/07\/P1090620-1024x659.jpg 1024w, https:\/\/www.lamennais.org\/wp-content\/uploads\/2019\/07\/P1090620-300x193.jpg 300w, https:\/\/www.lamennais.org\/wp-content\/uploads\/2019\/07\/P1090620-768x494.jpg 768w, https:\/\/www.lamennais.org\/wp-content\/uploads\/2019\/07\/P1090620-260x167.jpg 260w\" sizes=\"(max-width: 860px) 100vw, 860px\" \/><\/p>\n<ul>\n<li><strong>La elecci\u00f3n se ha hecho dando prioridad a los relatos, a los hombres y a las historias, <\/strong>contando la Gran Historia.<\/li>\n<\/ul>\n<p><strong>\u00c9sta est\u00e1 encarnada por la aventura de 4.700 Hermanos \u2013 7000 fueron miembros de la congregaci\u00f3n, teniendo en cuenta los que salieron &#8211; \u00a0y 1 000 colegios y obras educativas fundadas en estos 200 a\u00f1os en 37 pa\u00edses.<\/strong><\/p>\n<ul>\n<li>Es un<strong> \u00c1lbum Internaciona<\/strong>l que est\u00e1 unido a las realidades hist\u00f3ricas, a las evoluciones inesperadas y a las circunstancias excepcionales<\/li>\n<li>Un <strong>\u00c1lbum que interpela<\/strong>, que da testimonio, que cuenta e invita a ir m\u00e1s all\u00e1.<\/li>\n<li><strong>El \u00e1lbum se realiz\u00f3<\/strong> en seis meses, desde noviembre hasta abril de 2019.<\/li>\n<\/ul>\n<p><img decoding=\"async\" class=\"alignleft size-large wp-image-22404\" src=\"http:\/\/www.lamennais.org\/wp-content\/uploads\/2019\/07\/P1110268-1024x453.jpg\" alt=\"\" width=\"860\" height=\"380\" srcset=\"https:\/\/www.lamennais.org\/wp-content\/uploads\/2019\/07\/P1110268-1024x453.jpg 1024w, https:\/\/www.lamennais.org\/wp-content\/uploads\/2019\/07\/P1110268-300x133.jpg 300w, https:\/\/www.lamennais.org\/wp-content\/uploads\/2019\/07\/P1110268-768x340.jpg 768w, https:\/\/www.lamennais.org\/wp-content\/uploads\/2019\/07\/P1110268-260x115.jpg 260w\" sizes=\"(max-width: 860px) 100vw, 860px\" \/><\/p>\n<p>Un equipo internacional de 15 colaboradores ha trabajado con 60 contactos en los cinco continentes<\/p>\n<ul>\n<li>Es a la vez <strong>un \u00c1lbum conmemorativo, un <\/strong><strong>\u00e1lbum de familia <\/strong>y un documento que acompa\u00f1a un impulso y un aliento que activamente se persigue en la actualidad :<\/li>\n<\/ul>\n<p><strong>La Red Educativa internacional La Mennais est\u00e1 <\/strong><strong>presente en 26 pa\u00edses de los 5 continentes. Dirige 200 colegios y centros educativos con el concurso de unos 10. 000 colaboradores, entre quienes est\u00e1n unos 760 Hermanos de la Instrucci\u00f3n Cristiana, que est\u00e1n al servicio de 120. 000 j\u00f3venes<\/strong><\/p>\n<p><img loading=\"lazy\" decoding=\"async\" class=\"alignleft size-large wp-image-22392\" src=\"http:\/\/www.lamennais.org\/wp-content\/uploads\/2019\/07\/P1090616-1024x584.jpg\" alt=\"\" width=\"860\" height=\"490\" srcset=\"https:\/\/www.lamennais.org\/wp-content\/uploads\/2019\/07\/P1090616-1024x584.jpg 1024w, https:\/\/www.lamennais.org\/wp-content\/uploads\/2019\/07\/P1090616-300x171.jpg 300w, https:\/\/www.lamennais.org\/wp-content\/uploads\/2019\/07\/P1090616-768x438.jpg 768w, https:\/\/www.lamennais.org\/wp-content\/uploads\/2019\/07\/P1090616-260x148.jpg 260w\" sizes=\"(max-width: 860px) 100vw, 860px\" \/><\/p>\n<ul>\n<li><strong>En el \u00edndice<\/strong><\/li>\n<\/ul>\n<p><strong>7 Partes forman el \u00c1lbum<\/strong><\/p>\n<p>&#8211; Tras las huellas de ambos fundadores (1816-1824)<\/p>\n<p>&#8211; En los tiempos del Padre de la Mennais (1824-1860)<\/p>\n<p>&#8211; Consolidaci\u00f3n y expansi\u00f3n (1860-1880)<\/p>\n<p>&#8211; El chock de las pruebas (1880-1922)<\/p>\n<p>&#8211; Un nuevo impulso (1922-1964)<\/p>\n<p>&#8211; Entre una crisis de la sociedad y una apertura al mundo (1964-2019)<\/p>\n<p>&#8211; 200 a\u00f1os de historia: nuevas p\u00e1ginas en blanco<\/p>\n<p><strong><img loading=\"lazy\" decoding=\"async\" class=\"alignleft size-medium wp-image-22389\" src=\"http:\/\/www.lamennais.org\/wp-content\/uploads\/2019\/07\/Capture-222x300.jpg\" alt=\"\" width=\"222\" height=\"300\" srcset=\"https:\/\/www.lamennais.org\/wp-content\/uploads\/2019\/07\/Capture-222x300.jpg 222w, https:\/\/www.lamennais.org\/wp-content\/uploads\/2019\/07\/Capture-260x351.jpg 260w, https:\/\/www.lamennais.org\/wp-content\/uploads\/2019\/07\/Capture.jpg 433w\" sizes=\"(max-width: 222px) 100vw, 222px\" \/><\/strong><\/p>\n<p><strong>Pr\u00e1cticamente<\/strong><\/p>\n<ul>\n<li>El \u00e1lbum del Bicentenario se ha realizado en el marco de uno N \u00b0 Especial de La Mennais Magazine. Comprende<strong> 112 p\u00e1ginas y 400 fotos.<\/strong><\/li>\n<li><strong>Ha sido realizado en 3 versiones: <\/strong>1 versi\u00f3n en franc\u00e9s, 1 versi\u00f3n en Ingl\u00e9s y 1 versi\u00f3n en espa\u00f1ol.<\/li>\n<li><strong>Est\u00e1 destinado<\/strong> a las familias, a los j\u00f3venes, a los equipos educativos y personal, municipios donde est\u00e1n situados los colegios, autoridades educativas, responsables y autoridades \u2026<\/li>\n<\/ul>\n<p><strong>Est\u00e1 disponible en la secretar\u00eda de cada Provincia o Distrito<\/strong><\/p>\n","protected":false},"excerpt":{"rendered":"<p>\u00bfQuieres conocer al santo catequista de los esclavos, los 3 Hermanos Morin, un Hermano que fue viajante de comercio, las caras de los Hermanos j\u00f3venes de hoy en Indonesia, Uganda, Hait\u00ed, el Congo RDC, Ruanda, Togo \u2026 \u00bf Sabes que la 1a escuela fundada por el Padre Deshayes no estaba en Breta\u00f1a? Los Hermanos ense\u00f1aron [&hellip;]<\/p>\n","protected":false},"author":3,"featured_media":22413,"comment_status":"closed","ping_status":"closed","sticky":false,"template":"","format":"standard","meta":{"footnotes":""},"categories":[105],"tags":[],"class_list":["post-22415","post","type-post","status-publish","format-standard","has-post-thumbnail","hentry","category-noticias"],"yoast_head":"<!-- This site is optimized with the Yoast SEO plugin v27.4 - https:\/\/yoast.com\/product\/yoast-seo-wordpress\/ -->\n<title>HA APARECIDO EL \u00c1LBUM DEL BICENTENARIO. El relato de 200 a\u00f1os de historia de los Hermanos en 148 p\u00e1ginas y 400 fotos. - LaMennais.org<\/title>\n<meta name=\"robots\" content=\"index, follow, max-snippet:-1, max-image-preview:large, max-video-preview:-1\" \/>\n<link rel=\"canonical\" href=\"https:\/\/www.lamennais.org\/ha-aparecido-el-album-del-bicentenario-el-relato-de-200-anos-de-historia-de-los-hermanos-en-148-paginas-y-400-fotos\/?lang=es\" \/>\n<meta property=\"og:locale\" content=\"es_ES\" \/>\n<meta property=\"og:type\" content=\"article\" \/>\n<meta property=\"og:title\" content=\"HA APARECIDO EL \u00c1LBUM DEL BICENTENARIO. El relato de 200 a\u00f1os de historia de los Hermanos en 148 p\u00e1ginas y 400 fotos. - LaMennais.org\" \/>\n<meta property=\"og:description\" content=\"\u00bfQuieres conocer al santo catequista de los esclavos, los 3 Hermanos Morin, un Hermano que fue viajante de comercio, las caras de los Hermanos j\u00f3venes de hoy en Indonesia, Uganda, Hait\u00ed, el Congo RDC, Ruanda, Togo \u2026 \u00bf Sabes que la 1a escuela fundada por el Padre Deshayes no estaba en Breta\u00f1a? Los Hermanos ense\u00f1aron [&hellip;]\" \/>\n<meta property=\"og:url\" content=\"https:\/\/www.lamennais.org\/ha-aparecido-el-album-del-bicentenario-el-relato-de-200-anos-de-historia-de-los-hermanos-en-148-paginas-y-400-fotos\/?lang=es\" \/>\n<meta property=\"og:site_name\" content=\"LaMennais.org\" \/>\n<meta property=\"article:published_time\" content=\"2019-07-04T08:10:34+00:00\" \/>\n<meta property=\"article:modified_time\" content=\"2019-07-04T15:27:29+00:00\" \/>\n<meta property=\"og:image\" content=\"https:\/\/www.lamennais.org\/wp-content\/uploads\/2019\/07\/P1110259-1-e1562254225213.jpg\" \/>\n\t<meta property=\"og:image:width\" content=\"2736\" \/>\n\t<meta property=\"og:image:height\" content=\"950\" \/>\n\t<meta property=\"og:image:type\" content=\"image\/jpeg\" \/>\n<meta name=\"author\" content=\"Herv\u00e9 Asse\" \/>\n<meta name=\"twitter:card\" content=\"summary_large_image\" \/>\n<meta name=\"twitter:label1\" content=\"Escrito por\" \/>\n\t<meta name=\"twitter:data1\" content=\"Herv\u00e9 Asse\" \/>\n\t<meta name=\"twitter:label2\" content=\"Tiempo de lectura\" \/>\n\t<meta name=\"twitter:data2\" content=\"3 minutos\" \/>\n<script type=\"application\/ld+json\" class=\"yoast-schema-graph\">{\"@context\":\"https:\\\/\\\/schema.org\",\"@graph\":[{\"@type\":\"Article\",\"@id\":\"https:\\\/\\\/www.lamennais.org\\\/ha-aparecido-el-album-del-bicentenario-el-relato-de-200-anos-de-historia-de-los-hermanos-en-148-paginas-y-400-fotos\\\/?lang=es#article\",\"isPartOf\":{\"@id\":\"https:\\\/\\\/www.lamennais.org\\\/ha-aparecido-el-album-del-bicentenario-el-relato-de-200-anos-de-historia-de-los-hermanos-en-148-paginas-y-400-fotos\\\/?lang=es\"},\"author\":{\"name\":\"Herv\u00e9 Asse\",\"@id\":\"https:\\\/\\\/www.lamennais.org\\\/#\\\/schema\\\/person\\\/2a8d6e8a95babedd5ba1c43afd2e3844\"},\"headline\":\"HA APARECIDO EL \u00c1LBUM DEL BICENTENARIO. El relato de 200 a\u00f1os de historia de los Hermanos en 148 p\u00e1ginas y 400 fotos.\",\"datePublished\":\"2019-07-04T08:10:34+00:00\",\"dateModified\":\"2019-07-04T15:27:29+00:00\",\"mainEntityOfPage\":{\"@id\":\"https:\\\/\\\/www.lamennais.org\\\/ha-aparecido-el-album-del-bicentenario-el-relato-de-200-anos-de-historia-de-los-hermanos-en-148-paginas-y-400-fotos\\\/?lang=es\"},\"wordCount\":537,\"image\":{\"@id\":\"https:\\\/\\\/www.lamennais.org\\\/ha-aparecido-el-album-del-bicentenario-el-relato-de-200-anos-de-historia-de-los-hermanos-en-148-paginas-y-400-fotos\\\/?lang=es#primaryimage\"},\"thumbnailUrl\":\"https:\\\/\\\/www.lamennais.org\\\/wp-content\\\/uploads\\\/2019\\\/07\\\/P1110259-1-e1562254225213.jpg\",\"articleSection\":[\"NOTICIAS\"],\"inLanguage\":\"es\"},{\"@type\":\"WebPage\",\"@id\":\"https:\\\/\\\/www.lamennais.org\\\/ha-aparecido-el-album-del-bicentenario-el-relato-de-200-anos-de-historia-de-los-hermanos-en-148-paginas-y-400-fotos\\\/?lang=es\",\"url\":\"https:\\\/\\\/www.lamennais.org\\\/ha-aparecido-el-album-del-bicentenario-el-relato-de-200-anos-de-historia-de-los-hermanos-en-148-paginas-y-400-fotos\\\/?lang=es\",\"name\":\"HA APARECIDO EL \u00c1LBUM DEL BICENTENARIO. El relato de 200 a\u00f1os de historia de los Hermanos en 148 p\u00e1ginas y 400 fotos. - LaMennais.org\",\"isPartOf\":{\"@id\":\"https:\\\/\\\/www.lamennais.org\\\/#website\"},\"primaryImageOfPage\":{\"@id\":\"https:\\\/\\\/www.lamennais.org\\\/ha-aparecido-el-album-del-bicentenario-el-relato-de-200-anos-de-historia-de-los-hermanos-en-148-paginas-y-400-fotos\\\/?lang=es#primaryimage\"},\"image\":{\"@id\":\"https:\\\/\\\/www.lamennais.org\\\/ha-aparecido-el-album-del-bicentenario-el-relato-de-200-anos-de-historia-de-los-hermanos-en-148-paginas-y-400-fotos\\\/?lang=es#primaryimage\"},\"thumbnailUrl\":\"https:\\\/\\\/www.lamennais.org\\\/wp-content\\\/uploads\\\/2019\\\/07\\\/P1110259-1-e1562254225213.jpg\",\"datePublished\":\"2019-07-04T08:10:34+00:00\",\"dateModified\":\"2019-07-04T15:27:29+00:00\",\"author\":{\"@id\":\"https:\\\/\\\/www.lamennais.org\\\/#\\\/schema\\\/person\\\/2a8d6e8a95babedd5ba1c43afd2e3844\"},\"breadcrumb\":{\"@id\":\"https:\\\/\\\/www.lamennais.org\\\/ha-aparecido-el-album-del-bicentenario-el-relato-de-200-anos-de-historia-de-los-hermanos-en-148-paginas-y-400-fotos\\\/?lang=es#breadcrumb\"},\"inLanguage\":\"es\",\"potentialAction\":[{\"@type\":\"ReadAction\",\"target\":[\"https:\\\/\\\/www.lamennais.org\\\/ha-aparecido-el-album-del-bicentenario-el-relato-de-200-anos-de-historia-de-los-hermanos-en-148-paginas-y-400-fotos\\\/?lang=es\"]}]},{\"@type\":\"ImageObject\",\"inLanguage\":\"es\",\"@id\":\"https:\\\/\\\/www.lamennais.org\\\/ha-aparecido-el-album-del-bicentenario-el-relato-de-200-anos-de-historia-de-los-hermanos-en-148-paginas-y-400-fotos\\\/?lang=es#primaryimage\",\"url\":\"https:\\\/\\\/www.lamennais.org\\\/wp-content\\\/uploads\\\/2019\\\/07\\\/P1110259-1-e1562254225213.jpg\",\"contentUrl\":\"https:\\\/\\\/www.lamennais.org\\\/wp-content\\\/uploads\\\/2019\\\/07\\\/P1110259-1-e1562254225213.jpg\",\"width\":2736,\"height\":950},{\"@type\":\"BreadcrumbList\",\"@id\":\"https:\\\/\\\/www.lamennais.org\\\/ha-aparecido-el-album-del-bicentenario-el-relato-de-200-anos-de-historia-de-los-hermanos-en-148-paginas-y-400-fotos\\\/?lang=es#breadcrumb\",\"itemListElement\":[{\"@type\":\"ListItem\",\"position\":1,\"name\":\"Accueil\",\"item\":\"https:\\\/\\\/www.lamennais.org\\\/\"},{\"@type\":\"ListItem\",\"position\":2,\"name\":\"HA APARECIDO EL \u00c1LBUM DEL BICENTENARIO. El relato de 200 a\u00f1os de historia de los Hermanos en 148 p\u00e1ginas y 400 fotos.\"}]},{\"@type\":\"WebSite\",\"@id\":\"https:\\\/\\\/www.lamennais.org\\\/#website\",\"url\":\"https:\\\/\\\/www.lamennais.org\\\/\",\"name\":\"LaMennais.org\",\"description\":\"Fr\u00e8res de l&#039;Instruction Chr\u00e9tienne et Famille Mennaisienne\",\"potentialAction\":[{\"@type\":\"SearchAction\",\"target\":{\"@type\":\"EntryPoint\",\"urlTemplate\":\"https:\\\/\\\/www.lamennais.org\\\/?s={search_term_string}\"},\"query-input\":{\"@type\":\"PropertyValueSpecification\",\"valueRequired\":true,\"valueName\":\"search_term_string\"}}],\"inLanguage\":\"es\"},{\"@type\":\"Person\",\"@id\":\"https:\\\/\\\/www.lamennais.org\\\/#\\\/schema\\\/person\\\/2a8d6e8a95babedd5ba1c43afd2e3844\",\"name\":\"Herv\u00e9 Asse\",\"image\":{\"@type\":\"ImageObject\",\"inLanguage\":\"es\",\"@id\":\"https:\\\/\\\/secure.gravatar.com\\\/avatar\\\/1aaa7b1baf759c8b40525f40af381cbaa2b0ddd554f57145bceb0654ba45b4c0?s=96&d=mm&r=g\",\"url\":\"https:\\\/\\\/secure.gravatar.com\\\/avatar\\\/1aaa7b1baf759c8b40525f40af381cbaa2b0ddd554f57145bceb0654ba45b4c0?s=96&d=mm&r=g\",\"contentUrl\":\"https:\\\/\\\/secure.gravatar.com\\\/avatar\\\/1aaa7b1baf759c8b40525f40af381cbaa2b0ddd554f57145bceb0654ba45b4c0?s=96&d=mm&r=g\",\"caption\":\"Herv\u00e9 Asse\"}}]}<\/script>\n<!-- \/ Yoast SEO plugin. -->","yoast_head_json":{"title":"HA APARECIDO EL \u00c1LBUM DEL BICENTENARIO. El relato de 200 a\u00f1os de historia de los Hermanos en 148 p\u00e1ginas y 400 fotos. - LaMennais.org","robots":{"index":"index","follow":"follow","max-snippet":"max-snippet:-1","max-image-preview":"max-image-preview:large","max-video-preview":"max-video-preview:-1"},"canonical":"https:\/\/www.lamennais.org\/ha-aparecido-el-album-del-bicentenario-el-relato-de-200-anos-de-historia-de-los-hermanos-en-148-paginas-y-400-fotos\/?lang=es","og_locale":"es_ES","og_type":"article","og_title":"HA APARECIDO EL \u00c1LBUM DEL BICENTENARIO. El relato de 200 a\u00f1os de historia de los Hermanos en 148 p\u00e1ginas y 400 fotos. - LaMennais.org","og_description":"\u00bfQuieres conocer al santo catequista de los esclavos, los 3 Hermanos Morin, un Hermano que fue viajante de comercio, las caras de los Hermanos j\u00f3venes de hoy en Indonesia, Uganda, Hait\u00ed, el Congo RDC, Ruanda, Togo \u2026 \u00bf Sabes que la 1a escuela fundada por el Padre Deshayes no estaba en Breta\u00f1a? Los Hermanos ense\u00f1aron [&hellip;]","og_url":"https:\/\/www.lamennais.org\/ha-aparecido-el-album-del-bicentenario-el-relato-de-200-anos-de-historia-de-los-hermanos-en-148-paginas-y-400-fotos\/?lang=es","og_site_name":"LaMennais.org","article_published_time":"2019-07-04T08:10:34+00:00","article_modified_time":"2019-07-04T15:27:29+00:00","og_image":[{"width":2736,"height":950,"url":"https:\/\/www.lamennais.org\/wp-content\/uploads\/2019\/07\/P1110259-1-e1562254225213.jpg","type":"image\/jpeg"}],"author":"Herv\u00e9 Asse","twitter_card":"summary_large_image","twitter_misc":{"Escrito por":"Herv\u00e9 Asse","Tiempo de lectura":"3 minutos"},"schema":{"@context":"https:\/\/schema.org","@graph":[{"@type":"Article","@id":"https:\/\/www.lamennais.org\/ha-aparecido-el-album-del-bicentenario-el-relato-de-200-anos-de-historia-de-los-hermanos-en-148-paginas-y-400-fotos\/?lang=es#article","isPartOf":{"@id":"https:\/\/www.lamennais.org\/ha-aparecido-el-album-del-bicentenario-el-relato-de-200-anos-de-historia-de-los-hermanos-en-148-paginas-y-400-fotos\/?lang=es"},"author":{"name":"Herv\u00e9 Asse","@id":"https:\/\/www.lamennais.org\/#\/schema\/person\/2a8d6e8a95babedd5ba1c43afd2e3844"},"headline":"HA APARECIDO EL \u00c1LBUM DEL BICENTENARIO. El relato de 200 a\u00f1os de historia de los Hermanos en 148 p\u00e1ginas y 400 fotos.","datePublished":"2019-07-04T08:10:34+00:00","dateModified":"2019-07-04T15:27:29+00:00","mainEntityOfPage":{"@id":"https:\/\/www.lamennais.org\/ha-aparecido-el-album-del-bicentenario-el-relato-de-200-anos-de-historia-de-los-hermanos-en-148-paginas-y-400-fotos\/?lang=es"},"wordCount":537,"image":{"@id":"https:\/\/www.lamennais.org\/ha-aparecido-el-album-del-bicentenario-el-relato-de-200-anos-de-historia-de-los-hermanos-en-148-paginas-y-400-fotos\/?lang=es#primaryimage"},"thumbnailUrl":"https:\/\/www.lamennais.org\/wp-content\/uploads\/2019\/07\/P1110259-1-e1562254225213.jpg","articleSection":["NOTICIAS"],"inLanguage":"es"},{"@type":"WebPage","@id":"https:\/\/www.lamennais.org\/ha-aparecido-el-album-del-bicentenario-el-relato-de-200-anos-de-historia-de-los-hermanos-en-148-paginas-y-400-fotos\/?lang=es","url":"https:\/\/www.lamennais.org\/ha-aparecido-el-album-del-bicentenario-el-relato-de-200-anos-de-historia-de-los-hermanos-en-148-paginas-y-400-fotos\/?lang=es","name":"HA APARECIDO EL \u00c1LBUM DEL BICENTENARIO. El relato de 200 a\u00f1os de historia de los Hermanos en 148 p\u00e1ginas y 400 fotos. - LaMennais.org","isPartOf":{"@id":"https:\/\/www.lamennais.org\/#website"},"primaryImageOfPage":{"@id":"https:\/\/www.lamennais.org\/ha-aparecido-el-album-del-bicentenario-el-relato-de-200-anos-de-historia-de-los-hermanos-en-148-paginas-y-400-fotos\/?lang=es#primaryimage"},"image":{"@id":"https:\/\/www.lamennais.org\/ha-aparecido-el-album-del-bicentenario-el-relato-de-200-anos-de-historia-de-los-hermanos-en-148-paginas-y-400-fotos\/?lang=es#primaryimage"},"thumbnailUrl":"https:\/\/www.lamennais.org\/wp-content\/uploads\/2019\/07\/P1110259-1-e1562254225213.jpg","datePublished":"2019-07-04T08:10:34+00:00","dateModified":"2019-07-04T15:27:29+00:00","author":{"@id":"https:\/\/www.lamennais.org\/#\/schema\/person\/2a8d6e8a95babedd5ba1c43afd2e3844"},"breadcrumb":{"@id":"https:\/\/www.lamennais.org\/ha-aparecido-el-album-del-bicentenario-el-relato-de-200-anos-de-historia-de-los-hermanos-en-148-paginas-y-400-fotos\/?lang=es#breadcrumb"},"inLanguage":"es","potentialAction":[{"@type":"ReadAction","target":["https:\/\/www.lamennais.org\/ha-aparecido-el-album-del-bicentenario-el-relato-de-200-anos-de-historia-de-los-hermanos-en-148-paginas-y-400-fotos\/?lang=es"]}]},{"@type":"ImageObject","inLanguage":"es","@id":"https:\/\/www.lamennais.org\/ha-aparecido-el-album-del-bicentenario-el-relato-de-200-anos-de-historia-de-los-hermanos-en-148-paginas-y-400-fotos\/?lang=es#primaryimage","url":"https:\/\/www.lamennais.org\/wp-content\/uploads\/2019\/07\/P1110259-1-e1562254225213.jpg","contentUrl":"https:\/\/www.lamennais.org\/wp-content\/uploads\/2019\/07\/P1110259-1-e1562254225213.jpg","width":2736,"height":950},{"@type":"BreadcrumbList","@id":"https:\/\/www.lamennais.org\/ha-aparecido-el-album-del-bicentenario-el-relato-de-200-anos-de-historia-de-los-hermanos-en-148-paginas-y-400-fotos\/?lang=es#breadcrumb","itemListElement":[{"@type":"ListItem","position":1,"name":"Accueil","item":"https:\/\/www.lamennais.org\/"},{"@type":"ListItem","position":2,"name":"HA APARECIDO EL \u00c1LBUM DEL BICENTENARIO. El relato de 200 a\u00f1os de historia de los Hermanos en 148 p\u00e1ginas y 400 fotos."}]},{"@type":"WebSite","@id":"https:\/\/www.lamennais.org\/#website","url":"https:\/\/www.lamennais.org\/","name":"LaMennais.org","description":"Fr\u00e8res de l&#039;Instruction Chr\u00e9tienne et Famille Mennaisienne","potentialAction":[{"@type":"SearchAction","target":{"@type":"EntryPoint","urlTemplate":"https:\/\/www.lamennais.org\/?s={search_term_string}"},"query-input":{"@type":"PropertyValueSpecification","valueRequired":true,"valueName":"search_term_string"}}],"inLanguage":"es"},{"@type":"Person","@id":"https:\/\/www.lamennais.org\/#\/schema\/person\/2a8d6e8a95babedd5ba1c43afd2e3844","name":"Herv\u00e9 Asse","image":{"@type":"ImageObject","inLanguage":"es","@id":"https:\/\/secure.gravatar.com\/avatar\/1aaa7b1baf759c8b40525f40af381cbaa2b0ddd554f57145bceb0654ba45b4c0?s=96&d=mm&r=g","url":"https:\/\/secure.gravatar.com\/avatar\/1aaa7b1baf759c8b40525f40af381cbaa2b0ddd554f57145bceb0654ba45b4c0?s=96&d=mm&r=g","contentUrl":"https:\/\/secure.gravatar.com\/avatar\/1aaa7b1baf759c8b40525f40af381cbaa2b0ddd554f57145bceb0654ba45b4c0?s=96&d=mm&r=g","caption":"Herv\u00e9 Asse"}}]}},"_links":{"self":[{"href":"https:\/\/www.lamennais.org\/es\/wp-json\/wp\/v2\/posts\/22415","targetHints":{"allow":["GET"]}}],"collection":[{"href":"https:\/\/www.lamennais.org\/es\/wp-json\/wp\/v2\/posts"}],"about":[{"href":"https:\/\/www.lamennais.org\/es\/wp-json\/wp\/v2\/types\/post"}],"author":[{"embeddable":true,"href":"https:\/\/www.lamennais.org\/es\/wp-json\/wp\/v2\/users\/3"}],"replies":[{"embeddable":true,"href":"https:\/\/www.lamennais.org\/es\/wp-json\/wp\/v2\/comments?post=22415"}],"version-history":[{"count":1,"href":"https:\/\/www.lamennais.org\/es\/wp-json\/wp\/v2\/posts\/22415\/revisions"}],"predecessor-version":[{"id":22416,"href":"https:\/\/www.lamennais.org\/es\/wp-json\/wp\/v2\/posts\/22415\/revisions\/22416"}],"wp:featuredmedia":[{"embeddable":true,"href":"https:\/\/www.lamennais.org\/es\/wp-json\/wp\/v2\/media\/22413"}],"wp:attachment":[{"href":"https:\/\/www.lamennais.org\/es\/wp-json\/wp\/v2\/media?parent=22415"}],"wp:term":[{"taxonomy":"category","embeddable":true,"href":"https:\/\/www.lamennais.org\/es\/wp-json\/wp\/v2\/categories?post=22415"},{"taxonomy":"post_tag","embeddable":true,"href":"https:\/\/www.lamennais.org\/es\/wp-json\/wp\/v2\/tags?post=22415"}],"curies":[{"name":"wp","href":"https:\/\/api.w.org\/{rel}","templated":true}]}}