{"id":22107,"date":"2019-06-21T11:04:49","date_gmt":"2019-06-21T09:04:49","guid":{"rendered":"http:\/\/www.lamennais.org\/?p=22107"},"modified":"2019-06-24T09:59:29","modified_gmt":"2019-06-24T07:59:29","slug":"mensajes-200-anos-jovenes-centros-hermanos-educadores-dirigen-nuevos-mensajes-para-el-bicentenario-lamennais200","status":"publish","type":"post","link":"https:\/\/www.lamennais.org\/es\/mensajes-200-anos-jovenes-centros-hermanos-educadores-dirigen-nuevos-mensajes-para-el-bicentenario-lamennais200\/","title":{"rendered":"MENSAJES de los 200 A\u00d1OS. J\u00f3venes, colegios, Hermanos y educadores env\u00edan nuevos mensajes para el BICENTENARIO MENESIANO. #lamennais200"},"content":{"rendered":"<p style=\"text-align: center;\"><em>De la universidad de Walsh, Canton, USA<\/em><\/p>\n<p><em><strong>De todos los continentes siguen llegando mensajes.<\/strong><\/em><\/p>\n<div id=\"attachment_22037\" style=\"width: 870px\" class=\"wp-caption alignleft\"><img fetchpriority=\"high\" decoding=\"async\" aria-describedby=\"caption-attachment-22037\" class=\"wp-image-22037 size-large\" src=\"http:\/\/www.lamennais.org\/wp-content\/uploads\/2019\/06\/eucharistire-madrid-3-juin-1-1024x576.jpg\" alt=\"\" width=\"860\" height=\"484\" srcset=\"https:\/\/www.lamennais.org\/wp-content\/uploads\/2019\/06\/eucharistire-madrid-3-juin-1-1024x576.jpg 1024w, https:\/\/www.lamennais.org\/wp-content\/uploads\/2019\/06\/eucharistire-madrid-3-juin-1-300x169.jpg 300w, https:\/\/www.lamennais.org\/wp-content\/uploads\/2019\/06\/eucharistire-madrid-3-juin-1-768x432.jpg 768w, https:\/\/www.lamennais.org\/wp-content\/uploads\/2019\/06\/eucharistire-madrid-3-juin-1-260x146.jpg 260w\" sizes=\"(max-width: 860px) 100vw, 860px\" \/><p id=\"caption-attachment-22037\" class=\"wp-caption-text\"><em>De la comunidad y de la Familia Menesiana de Madrid&#8230;\u00a0 el 3 de junio. <\/em><\/p><\/div>\n<div id=\"attachment_22061\" style=\"width: 870px\" class=\"wp-caption alignleft\"><img decoding=\"async\" aria-describedby=\"caption-attachment-22061\" class=\"wp-image-22061 size-large\" src=\"http:\/\/www.lamennais.org\/wp-content\/uploads\/2019\/06\/\u00e9tude-biblique-1-1024x760.jpg\" alt=\"\" width=\"860\" height=\"638\" srcset=\"https:\/\/www.lamennais.org\/wp-content\/uploads\/2019\/06\/\u00e9tude-biblique-1-1024x760.jpg 1024w, https:\/\/www.lamennais.org\/wp-content\/uploads\/2019\/06\/\u00e9tude-biblique-1-300x223.jpg 300w, https:\/\/www.lamennais.org\/wp-content\/uploads\/2019\/06\/\u00e9tude-biblique-1-768x570.jpg 768w, https:\/\/www.lamennais.org\/wp-content\/uploads\/2019\/06\/\u00e9tude-biblique-1-260x193.jpg 260w, https:\/\/www.lamennais.org\/wp-content\/uploads\/2019\/06\/\u00e9tude-biblique-1.jpg 1359w\" sizes=\"(max-width: 860px) 100vw, 860px\" \/><p id=\"caption-attachment-22061\" class=\"wp-caption-text\"><em>El cuarto curso del Colegio San Juan Bautista de Gu\u00e9rande os desea un Feliz Aniversario de los 200 a\u00f1os. Informaci\u00f3n de Isabelle PRAT PENVERN<\/em><\/p><\/div>\n<p>En este A\u00f1o del Bicentenario, las clases, los equipos educativos, los colegios, las comunidades, los funcionarios, env\u00edan sus mensajes a la Congregaci\u00f3n de los Hermanos para subrayar lo simb\u00f3lico de este aniversario, y saludar y agradecer el trabajo realizado.<\/p>\n<div id=\"attachment_22052\" style=\"width: 870px\" class=\"wp-caption alignleft\"><img decoding=\"async\" aria-describedby=\"caption-attachment-22052\" class=\"wp-image-22052 size-large\" src=\"http:\/\/www.lamennais.org\/wp-content\/uploads\/2019\/06\/D8cqixTXsAABVV1.jpg-large-1024x768.jpg\" alt=\"\" width=\"860\" height=\"645\" srcset=\"https:\/\/www.lamennais.org\/wp-content\/uploads\/2019\/06\/D8cqixTXsAABVV1.jpg-large.jpg 1024w, https:\/\/www.lamennais.org\/wp-content\/uploads\/2019\/06\/D8cqixTXsAABVV1.jpg-large-300x225.jpg 300w, https:\/\/www.lamennais.org\/wp-content\/uploads\/2019\/06\/D8cqixTXsAABVV1.jpg-large-768x576.jpg 768w, https:\/\/www.lamennais.org\/wp-content\/uploads\/2019\/06\/D8cqixTXsAABVV1.jpg-large-260x195.jpg 260w\" sizes=\"(max-width: 860px) 100vw, 860px\" \/><p id=\"caption-attachment-22052\" class=\"wp-caption-text\"><em>Del Colegio Santa Maria de Portugalete, Espa\u00f1a.<\/em><\/p><\/div>\n<div id=\"attachment_22049\" style=\"width: 870px\" class=\"wp-caption alignleft\"><img loading=\"lazy\" decoding=\"async\" aria-describedby=\"caption-attachment-22049\" class=\"wp-image-22049 size-large\" src=\"http:\/\/www.lamennais.org\/wp-content\/uploads\/2019\/06\/OK-2-1024x576.jpg\" alt=\"\" width=\"860\" height=\"484\" srcset=\"https:\/\/www.lamennais.org\/wp-content\/uploads\/2019\/06\/OK-2.jpg 1024w, https:\/\/www.lamennais.org\/wp-content\/uploads\/2019\/06\/OK-2-300x169.jpg 300w, https:\/\/www.lamennais.org\/wp-content\/uploads\/2019\/06\/OK-2-768x432.jpg 768w, https:\/\/www.lamennais.org\/wp-content\/uploads\/2019\/06\/OK-2-260x146.jpg 260w\" sizes=\"(max-width: 860px) 100vw, 860px\" \/><p id=\"caption-attachment-22049\" class=\"wp-caption-text\"><em>El Consejo Municipal de Plo\u00ebrmel presidido por el alcalde, Sr. Le Griffon, recibi\u00f3 el 12 de junio al Consejo General de los Hermanos, con motivo del Bicentenario.<\/em><\/p><\/div>\n<div id=\"attachment_22058\" style=\"width: 870px\" class=\"wp-caption alignleft\"><img loading=\"lazy\" decoding=\"async\" aria-describedby=\"caption-attachment-22058\" class=\"wp-image-22058 size-large\" src=\"http:\/\/www.lamennais.org\/wp-content\/uploads\/2019\/06\/20190525_111828-1006x1024.jpg\" alt=\"\" width=\"860\" height=\"875\" srcset=\"https:\/\/www.lamennais.org\/wp-content\/uploads\/2019\/06\/20190525_111828-1006x1024.jpg 1006w, https:\/\/www.lamennais.org\/wp-content\/uploads\/2019\/06\/20190525_111828-295x300.jpg 295w, https:\/\/www.lamennais.org\/wp-content\/uploads\/2019\/06\/20190525_111828-768x781.jpg 768w, https:\/\/www.lamennais.org\/wp-content\/uploads\/2019\/06\/20190525_111828-260x265.jpg 260w\" sizes=\"(max-width: 860px) 100vw, 860px\" \/><p id=\"caption-attachment-22058\" class=\"wp-caption-text\"><em>Los j\u00f3venes de la escuela de Bunia con el Hermano Gilles MBOLIHINIE, RD del Congo.<\/em><\/p><\/div>\n<div id=\"attachment_22064\" style=\"width: 870px\" class=\"wp-caption alignleft\"><img loading=\"lazy\" decoding=\"async\" aria-describedby=\"caption-attachment-22064\" class=\"wp-image-22064 size-large\" src=\"http:\/\/www.lamennais.org\/wp-content\/uploads\/2019\/06\/20190525_113431-1024x768.jpg\" alt=\"\" width=\"860\" height=\"645\" srcset=\"https:\/\/www.lamennais.org\/wp-content\/uploads\/2019\/06\/20190525_113431-1024x768.jpg 1024w, https:\/\/www.lamennais.org\/wp-content\/uploads\/2019\/06\/20190525_113431-300x225.jpg 300w, https:\/\/www.lamennais.org\/wp-content\/uploads\/2019\/06\/20190525_113431-768x576.jpg 768w, https:\/\/www.lamennais.org\/wp-content\/uploads\/2019\/06\/20190525_113431-260x195.jpg 260w\" sizes=\"(max-width: 860px) 100vw, 860px\" \/><p id=\"caption-attachment-22064\" class=\"wp-caption-text\"><em>J\u00f3venes de Bunia, RDC.<\/em><\/p><\/div>\n<p>Mensajes llegando de las Filipinas, del Congo RDC, de Espa\u00f1a, de Francia, de los Estados Unidos&#8230;<\/p>\n<div id=\"attachment_22046\" style=\"width: 970px\" class=\"wp-caption alignleft\"><img loading=\"lazy\" decoding=\"async\" aria-describedby=\"caption-attachment-22046\" class=\"wp-image-22046 size-full\" src=\"http:\/\/www.lamennais.org\/wp-content\/uploads\/2019\/06\/Derval-1.jpg\" alt=\"\" width=\"960\" height=\"573\" srcset=\"https:\/\/www.lamennais.org\/wp-content\/uploads\/2019\/06\/Derval-1.jpg 960w, https:\/\/www.lamennais.org\/wp-content\/uploads\/2019\/06\/Derval-1-300x179.jpg 300w, https:\/\/www.lamennais.org\/wp-content\/uploads\/2019\/06\/Derval-1-768x458.jpg 768w, https:\/\/www.lamennais.org\/wp-content\/uploads\/2019\/06\/Derval-1-260x155.jpg 260w\" sizes=\"(max-width: 960px) 100vw, 960px\" \/><p id=\"caption-attachment-22046\" class=\"wp-caption-text\"><em>Gonzague, Rom\u00e9o y Gabriel, de la Instituci\u00f3n St Donatien en Derval, Francia, creadores del cartel de los 200 a\u00f1os.\u00a0 <br \/><\/em><\/p><\/div>\n<div id=\"attachment_22043\" style=\"width: 970px\" class=\"wp-caption alignleft\"><img loading=\"lazy\" decoding=\"async\" aria-describedby=\"caption-attachment-22043\" class=\"wp-image-22043 size-full\" src=\"http:\/\/www.lamennais.org\/wp-content\/uploads\/2019\/06\/62138745_2425047794226238_8825957042213617664_n-1.jpg\" alt=\"\" width=\"960\" height=\"716\" srcset=\"https:\/\/www.lamennais.org\/wp-content\/uploads\/2019\/06\/62138745_2425047794226238_8825957042213617664_n-1.jpg 960w, https:\/\/www.lamennais.org\/wp-content\/uploads\/2019\/06\/62138745_2425047794226238_8825957042213617664_n-1-300x224.jpg 300w, https:\/\/www.lamennais.org\/wp-content\/uploads\/2019\/06\/62138745_2425047794226238_8825957042213617664_n-1-768x573.jpg 768w, https:\/\/www.lamennais.org\/wp-content\/uploads\/2019\/06\/62138745_2425047794226238_8825957042213617664_n-1-260x194.jpg 260w\" sizes=\"(max-width: 960px) 100vw, 960px\" \/><p id=\"caption-attachment-22043\" class=\"wp-caption-text\"><em>De los EE UU.<\/em><\/p><\/div>\n<p><strong>+ Mensaje de BUNIA,\u00a0 RDC<\/strong><\/p>\n<p><em>Nuestro complejo escolar JUAN MAR\u00cdA DE LA MENNAIS de BUNIA (RDC) desea una Feliz Fiesta del Bicentenario a toda la Congregaci\u00f3n.<\/em><\/p>\n<p><em>Damos gracias a Dios por el regalo que hizo a su Iglesia d\u00e1ndonos como Fundadores a Juan Mar\u00eda de la Mennais y a Gabriel Deshayes.<\/em><\/p>\n<p><em>Gracias a ellos, nos beneficiamos hoy de una educaci\u00f3n integral en un colegio que nos proporciona cada d\u00eda el pan de la educaci\u00f3n seg\u00fan el carisma menesiano.<\/em><\/p>\n<p><em>Vivan los 200 a\u00f1os de la Congregaci\u00f3n y los 50 a\u00f1os de los Hermanos en la RDC, y viva nuestro Colegio Juan Mar\u00eda de la Mennais. Viva toda la Congregaci\u00f3n de los Hermanos de la Instrucci\u00f3n Cristiana.<\/em><\/p>\n<p><em>Feliz Fiesta a todos. <\/em><\/p>\n<p><em><strong>Hermano Gilles MBOLIHINIE, Director. <\/strong><\/em><\/p>\n<p><strong>+ Mensaje de Filipinas<\/strong><\/p>\n<div id=\"trpar\"><span id=\"s2_1\"><\/span><em>Como en Filipinas el curso escolar comienza en mayo, hemos podido integrar la celebraci\u00f3n de los 200 a\u00f1os de la Fundaci\u00f3n en el comienzo de las clases.<\/em><\/p>\n<p><em>Celebraremos muy especialmente nuestros 200 a\u00f1os con una Fiesta el pr\u00f3ximo d\u00eda 19 de Julio.\u00a0 <\/em><\/p>\n<p>Hno<strong> Nolin ROY<\/strong><\/div>\n<p><em><strong>Enviad vuestro MENSAJE a trav\u00e9s de los diferentes contactos, a elegir\u00a0:<\/strong><\/em><\/p>\n<p><strong><a href=\"mailto:lmm@lamennais.org\" target=\"_blank\" rel=\"noopener noreferrer\">lmm@lamennais.org<\/a> \u00a0\u00a0\u00a0\u00a0\u00a0\u00a0\u00a0\u00a0\u00a0\u00a0\u00a0\u00a0\u00a0\u00a0\u00a0 <\/strong><\/p>\n<p><a href=\"https:\/\/twitter.com\/hashtag\/LaMennais200\">https:\/\/twitter.com\/hashtag\/LaMennais200<\/a><\/p>\n<p><a href=\"https:\/\/www.facebook.com\/lamennais.org\/\">https:\/\/www.facebook.com\/lamennais.org\/<\/a><\/p>\n","protected":false},"excerpt":{"rendered":"<p>De la universidad de Walsh, Canton, USA De todos los continentes siguen llegando mensajes. En este A\u00f1o del Bicentenario, las clases, los equipos educativos, los colegios, las comunidades, los funcionarios, env\u00edan sus mensajes a la Congregaci\u00f3n de los Hermanos para subrayar lo simb\u00f3lico de este aniversario, y saludar y agradecer el trabajo realizado. Mensajes llegando [&hellip;]<\/p>\n","protected":false},"author":3,"featured_media":22042,"comment_status":"closed","ping_status":"closed","sticky":false,"template":"","format":"standard","meta":{"footnotes":""},"categories":[105],"tags":[],"class_list":["post-22107","post","type-post","status-publish","format-standard","has-post-thumbnail","hentry","category-noticias"],"yoast_head":"<!-- This site is optimized with the Yoast SEO plugin v27.5 - https:\/\/yoast.com\/product\/yoast-seo-wordpress\/ -->\n<title>MENSAJES de los 200 A\u00d1OS. J\u00f3venes, colegios, Hermanos y educadores env\u00edan nuevos mensajes para el BICENTENARIO MENESIANO. #lamennais200 - LaMennais.org<\/title>\n<meta name=\"robots\" content=\"index, follow, max-snippet:-1, max-image-preview:large, max-video-preview:-1\" \/>\n<link rel=\"canonical\" href=\"https:\/\/www.lamennais.org\/mensajes-200-anos-jovenes-centros-hermanos-educadores-dirigen-nuevos-mensajes-para-el-bicentenario-lamennais200\/?lang=es\" \/>\n<meta property=\"og:locale\" content=\"es_ES\" \/>\n<meta property=\"og:type\" content=\"article\" \/>\n<meta property=\"og:title\" content=\"MENSAJES de los 200 A\u00d1OS. J\u00f3venes, colegios, Hermanos y educadores env\u00edan nuevos mensajes para el BICENTENARIO MENESIANO. #lamennais200 - LaMennais.org\" \/>\n<meta property=\"og:description\" content=\"De la universidad de Walsh, Canton, USA De todos los continentes siguen llegando mensajes. En este A\u00f1o del Bicentenario, las clases, los equipos educativos, los colegios, las comunidades, los funcionarios, env\u00edan sus mensajes a la Congregaci\u00f3n de los Hermanos para subrayar lo simb\u00f3lico de este aniversario, y saludar y agradecer el trabajo realizado. Mensajes llegando [&hellip;]\" \/>\n<meta property=\"og:url\" content=\"https:\/\/www.lamennais.org\/mensajes-200-anos-jovenes-centros-hermanos-educadores-dirigen-nuevos-mensajes-para-el-bicentenario-lamennais200\/?lang=es\" \/>\n<meta property=\"og:site_name\" content=\"LaMennais.org\" \/>\n<meta property=\"article:published_time\" content=\"2019-06-21T09:04:49+00:00\" \/>\n<meta property=\"article:modified_time\" content=\"2019-06-24T07:59:29+00:00\" \/>\n<meta property=\"og:image\" content=\"https:\/\/www.lamennais.org\/wp-content\/uploads\/2019\/06\/61953659_2425047727559578_7669053724966256640_n-1.jpg\" \/>\n\t<meta property=\"og:image:width\" content=\"960\" \/>\n\t<meta property=\"og:image:height\" content=\"566\" \/>\n\t<meta property=\"og:image:type\" content=\"image\/jpeg\" \/>\n<meta name=\"author\" content=\"Herv\u00e9 Asse\" \/>\n<meta name=\"twitter:card\" content=\"summary_large_image\" \/>\n<meta name=\"twitter:label1\" content=\"Escrito por\" \/>\n\t<meta name=\"twitter:data1\" content=\"Herv\u00e9 Asse\" \/>\n\t<meta name=\"twitter:label2\" content=\"Tiempo de lectura\" \/>\n\t<meta name=\"twitter:data2\" content=\"2 minutos\" \/>\n<script type=\"application\/ld+json\" class=\"yoast-schema-graph\">{\"@context\":\"https:\\\/\\\/schema.org\",\"@graph\":[{\"@type\":\"Article\",\"@id\":\"https:\\\/\\\/www.lamennais.org\\\/mensajes-200-anos-jovenes-centros-hermanos-educadores-dirigen-nuevos-mensajes-para-el-bicentenario-lamennais200\\\/?lang=es#article\",\"isPartOf\":{\"@id\":\"https:\\\/\\\/www.lamennais.org\\\/mensajes-200-anos-jovenes-centros-hermanos-educadores-dirigen-nuevos-mensajes-para-el-bicentenario-lamennais200\\\/?lang=es\"},\"author\":{\"name\":\"Herv\u00e9 Asse\",\"@id\":\"https:\\\/\\\/www.lamennais.org\\\/#\\\/schema\\\/person\\\/2a8d6e8a95babedd5ba1c43afd2e3844\"},\"headline\":\"MENSAJES de los 200 A\u00d1OS. J\u00f3venes, colegios, Hermanos y educadores env\u00edan nuevos mensajes para el BICENTENARIO MENESIANO. #lamennais200\",\"datePublished\":\"2019-06-21T09:04:49+00:00\",\"dateModified\":\"2019-06-24T07:59:29+00:00\",\"mainEntityOfPage\":{\"@id\":\"https:\\\/\\\/www.lamennais.org\\\/mensajes-200-anos-jovenes-centros-hermanos-educadores-dirigen-nuevos-mensajes-para-el-bicentenario-lamennais200\\\/?lang=es\"},\"wordCount\":481,\"image\":{\"@id\":\"https:\\\/\\\/www.lamennais.org\\\/mensajes-200-anos-jovenes-centros-hermanos-educadores-dirigen-nuevos-mensajes-para-el-bicentenario-lamennais200\\\/?lang=es#primaryimage\"},\"thumbnailUrl\":\"https:\\\/\\\/www.lamennais.org\\\/wp-content\\\/uploads\\\/2019\\\/06\\\/61953659_2425047727559578_7669053724966256640_n-1.jpg\",\"articleSection\":[\"NOTICIAS\"],\"inLanguage\":\"es\"},{\"@type\":\"WebPage\",\"@id\":\"https:\\\/\\\/www.lamennais.org\\\/mensajes-200-anos-jovenes-centros-hermanos-educadores-dirigen-nuevos-mensajes-para-el-bicentenario-lamennais200\\\/?lang=es\",\"url\":\"https:\\\/\\\/www.lamennais.org\\\/mensajes-200-anos-jovenes-centros-hermanos-educadores-dirigen-nuevos-mensajes-para-el-bicentenario-lamennais200\\\/?lang=es\",\"name\":\"MENSAJES de los 200 A\u00d1OS. J\u00f3venes, colegios, Hermanos y educadores env\u00edan nuevos mensajes para el BICENTENARIO MENESIANO. #lamennais200 - LaMennais.org\",\"isPartOf\":{\"@id\":\"https:\\\/\\\/www.lamennais.org\\\/#website\"},\"primaryImageOfPage\":{\"@id\":\"https:\\\/\\\/www.lamennais.org\\\/mensajes-200-anos-jovenes-centros-hermanos-educadores-dirigen-nuevos-mensajes-para-el-bicentenario-lamennais200\\\/?lang=es#primaryimage\"},\"image\":{\"@id\":\"https:\\\/\\\/www.lamennais.org\\\/mensajes-200-anos-jovenes-centros-hermanos-educadores-dirigen-nuevos-mensajes-para-el-bicentenario-lamennais200\\\/?lang=es#primaryimage\"},\"thumbnailUrl\":\"https:\\\/\\\/www.lamennais.org\\\/wp-content\\\/uploads\\\/2019\\\/06\\\/61953659_2425047727559578_7669053724966256640_n-1.jpg\",\"datePublished\":\"2019-06-21T09:04:49+00:00\",\"dateModified\":\"2019-06-24T07:59:29+00:00\",\"author\":{\"@id\":\"https:\\\/\\\/www.lamennais.org\\\/#\\\/schema\\\/person\\\/2a8d6e8a95babedd5ba1c43afd2e3844\"},\"breadcrumb\":{\"@id\":\"https:\\\/\\\/www.lamennais.org\\\/mensajes-200-anos-jovenes-centros-hermanos-educadores-dirigen-nuevos-mensajes-para-el-bicentenario-lamennais200\\\/?lang=es#breadcrumb\"},\"inLanguage\":\"es\",\"potentialAction\":[{\"@type\":\"ReadAction\",\"target\":[\"https:\\\/\\\/www.lamennais.org\\\/mensajes-200-anos-jovenes-centros-hermanos-educadores-dirigen-nuevos-mensajes-para-el-bicentenario-lamennais200\\\/?lang=es\"]}]},{\"@type\":\"ImageObject\",\"inLanguage\":\"es\",\"@id\":\"https:\\\/\\\/www.lamennais.org\\\/mensajes-200-anos-jovenes-centros-hermanos-educadores-dirigen-nuevos-mensajes-para-el-bicentenario-lamennais200\\\/?lang=es#primaryimage\",\"url\":\"https:\\\/\\\/www.lamennais.org\\\/wp-content\\\/uploads\\\/2019\\\/06\\\/61953659_2425047727559578_7669053724966256640_n-1.jpg\",\"contentUrl\":\"https:\\\/\\\/www.lamennais.org\\\/wp-content\\\/uploads\\\/2019\\\/06\\\/61953659_2425047727559578_7669053724966256640_n-1.jpg\",\"width\":960,\"height\":566},{\"@type\":\"BreadcrumbList\",\"@id\":\"https:\\\/\\\/www.lamennais.org\\\/mensajes-200-anos-jovenes-centros-hermanos-educadores-dirigen-nuevos-mensajes-para-el-bicentenario-lamennais200\\\/?lang=es#breadcrumb\",\"itemListElement\":[{\"@type\":\"ListItem\",\"position\":1,\"name\":\"Accueil\",\"item\":\"https:\\\/\\\/www.lamennais.org\\\/\"},{\"@type\":\"ListItem\",\"position\":2,\"name\":\"MENSAJES de los 200 A\u00d1OS. J\u00f3venes, colegios, Hermanos y educadores env\u00edan nuevos mensajes para el BICENTENARIO MENESIANO. #lamennais200\"}]},{\"@type\":\"WebSite\",\"@id\":\"https:\\\/\\\/www.lamennais.org\\\/#website\",\"url\":\"https:\\\/\\\/www.lamennais.org\\\/\",\"name\":\"LaMennais.org\",\"description\":\"Fr\u00e8res de l&#039;Instruction Chr\u00e9tienne et Famille Mennaisienne\",\"potentialAction\":[{\"@type\":\"SearchAction\",\"target\":{\"@type\":\"EntryPoint\",\"urlTemplate\":\"https:\\\/\\\/www.lamennais.org\\\/?s={search_term_string}\"},\"query-input\":{\"@type\":\"PropertyValueSpecification\",\"valueRequired\":true,\"valueName\":\"search_term_string\"}}],\"inLanguage\":\"es\"},{\"@type\":\"Person\",\"@id\":\"https:\\\/\\\/www.lamennais.org\\\/#\\\/schema\\\/person\\\/2a8d6e8a95babedd5ba1c43afd2e3844\",\"name\":\"Herv\u00e9 Asse\",\"image\":{\"@type\":\"ImageObject\",\"inLanguage\":\"es\",\"@id\":\"https:\\\/\\\/secure.gravatar.com\\\/avatar\\\/1aaa7b1baf759c8b40525f40af381cbaa2b0ddd554f57145bceb0654ba45b4c0?s=96&d=mm&r=g\",\"url\":\"https:\\\/\\\/secure.gravatar.com\\\/avatar\\\/1aaa7b1baf759c8b40525f40af381cbaa2b0ddd554f57145bceb0654ba45b4c0?s=96&d=mm&r=g\",\"contentUrl\":\"https:\\\/\\\/secure.gravatar.com\\\/avatar\\\/1aaa7b1baf759c8b40525f40af381cbaa2b0ddd554f57145bceb0654ba45b4c0?s=96&d=mm&r=g\",\"caption\":\"Herv\u00e9 Asse\"}}]}<\/script>\n<!-- \/ Yoast SEO plugin. -->","yoast_head_json":{"title":"MENSAJES de los 200 A\u00d1OS. J\u00f3venes, colegios, Hermanos y educadores env\u00edan nuevos mensajes para el BICENTENARIO MENESIANO. #lamennais200 - LaMennais.org","robots":{"index":"index","follow":"follow","max-snippet":"max-snippet:-1","max-image-preview":"max-image-preview:large","max-video-preview":"max-video-preview:-1"},"canonical":"https:\/\/www.lamennais.org\/mensajes-200-anos-jovenes-centros-hermanos-educadores-dirigen-nuevos-mensajes-para-el-bicentenario-lamennais200\/?lang=es","og_locale":"es_ES","og_type":"article","og_title":"MENSAJES de los 200 A\u00d1OS. J\u00f3venes, colegios, Hermanos y educadores env\u00edan nuevos mensajes para el BICENTENARIO MENESIANO. #lamennais200 - LaMennais.org","og_description":"De la universidad de Walsh, Canton, USA De todos los continentes siguen llegando mensajes. En este A\u00f1o del Bicentenario, las clases, los equipos educativos, los colegios, las comunidades, los funcionarios, env\u00edan sus mensajes a la Congregaci\u00f3n de los Hermanos para subrayar lo simb\u00f3lico de este aniversario, y saludar y agradecer el trabajo realizado. Mensajes llegando [&hellip;]","og_url":"https:\/\/www.lamennais.org\/mensajes-200-anos-jovenes-centros-hermanos-educadores-dirigen-nuevos-mensajes-para-el-bicentenario-lamennais200\/?lang=es","og_site_name":"LaMennais.org","article_published_time":"2019-06-21T09:04:49+00:00","article_modified_time":"2019-06-24T07:59:29+00:00","og_image":[{"width":960,"height":566,"url":"https:\/\/www.lamennais.org\/wp-content\/uploads\/2019\/06\/61953659_2425047727559578_7669053724966256640_n-1.jpg","type":"image\/jpeg"}],"author":"Herv\u00e9 Asse","twitter_card":"summary_large_image","twitter_misc":{"Escrito por":"Herv\u00e9 Asse","Tiempo de lectura":"2 minutos"},"schema":{"@context":"https:\/\/schema.org","@graph":[{"@type":"Article","@id":"https:\/\/www.lamennais.org\/mensajes-200-anos-jovenes-centros-hermanos-educadores-dirigen-nuevos-mensajes-para-el-bicentenario-lamennais200\/?lang=es#article","isPartOf":{"@id":"https:\/\/www.lamennais.org\/mensajes-200-anos-jovenes-centros-hermanos-educadores-dirigen-nuevos-mensajes-para-el-bicentenario-lamennais200\/?lang=es"},"author":{"name":"Herv\u00e9 Asse","@id":"https:\/\/www.lamennais.org\/#\/schema\/person\/2a8d6e8a95babedd5ba1c43afd2e3844"},"headline":"MENSAJES de los 200 A\u00d1OS. J\u00f3venes, colegios, Hermanos y educadores env\u00edan nuevos mensajes para el BICENTENARIO MENESIANO. #lamennais200","datePublished":"2019-06-21T09:04:49+00:00","dateModified":"2019-06-24T07:59:29+00:00","mainEntityOfPage":{"@id":"https:\/\/www.lamennais.org\/mensajes-200-anos-jovenes-centros-hermanos-educadores-dirigen-nuevos-mensajes-para-el-bicentenario-lamennais200\/?lang=es"},"wordCount":481,"image":{"@id":"https:\/\/www.lamennais.org\/mensajes-200-anos-jovenes-centros-hermanos-educadores-dirigen-nuevos-mensajes-para-el-bicentenario-lamennais200\/?lang=es#primaryimage"},"thumbnailUrl":"https:\/\/www.lamennais.org\/wp-content\/uploads\/2019\/06\/61953659_2425047727559578_7669053724966256640_n-1.jpg","articleSection":["NOTICIAS"],"inLanguage":"es"},{"@type":"WebPage","@id":"https:\/\/www.lamennais.org\/mensajes-200-anos-jovenes-centros-hermanos-educadores-dirigen-nuevos-mensajes-para-el-bicentenario-lamennais200\/?lang=es","url":"https:\/\/www.lamennais.org\/mensajes-200-anos-jovenes-centros-hermanos-educadores-dirigen-nuevos-mensajes-para-el-bicentenario-lamennais200\/?lang=es","name":"MENSAJES de los 200 A\u00d1OS. J\u00f3venes, colegios, Hermanos y educadores env\u00edan nuevos mensajes para el BICENTENARIO MENESIANO. #lamennais200 - LaMennais.org","isPartOf":{"@id":"https:\/\/www.lamennais.org\/#website"},"primaryImageOfPage":{"@id":"https:\/\/www.lamennais.org\/mensajes-200-anos-jovenes-centros-hermanos-educadores-dirigen-nuevos-mensajes-para-el-bicentenario-lamennais200\/?lang=es#primaryimage"},"image":{"@id":"https:\/\/www.lamennais.org\/mensajes-200-anos-jovenes-centros-hermanos-educadores-dirigen-nuevos-mensajes-para-el-bicentenario-lamennais200\/?lang=es#primaryimage"},"thumbnailUrl":"https:\/\/www.lamennais.org\/wp-content\/uploads\/2019\/06\/61953659_2425047727559578_7669053724966256640_n-1.jpg","datePublished":"2019-06-21T09:04:49+00:00","dateModified":"2019-06-24T07:59:29+00:00","author":{"@id":"https:\/\/www.lamennais.org\/#\/schema\/person\/2a8d6e8a95babedd5ba1c43afd2e3844"},"breadcrumb":{"@id":"https:\/\/www.lamennais.org\/mensajes-200-anos-jovenes-centros-hermanos-educadores-dirigen-nuevos-mensajes-para-el-bicentenario-lamennais200\/?lang=es#breadcrumb"},"inLanguage":"es","potentialAction":[{"@type":"ReadAction","target":["https:\/\/www.lamennais.org\/mensajes-200-anos-jovenes-centros-hermanos-educadores-dirigen-nuevos-mensajes-para-el-bicentenario-lamennais200\/?lang=es"]}]},{"@type":"ImageObject","inLanguage":"es","@id":"https:\/\/www.lamennais.org\/mensajes-200-anos-jovenes-centros-hermanos-educadores-dirigen-nuevos-mensajes-para-el-bicentenario-lamennais200\/?lang=es#primaryimage","url":"https:\/\/www.lamennais.org\/wp-content\/uploads\/2019\/06\/61953659_2425047727559578_7669053724966256640_n-1.jpg","contentUrl":"https:\/\/www.lamennais.org\/wp-content\/uploads\/2019\/06\/61953659_2425047727559578_7669053724966256640_n-1.jpg","width":960,"height":566},{"@type":"BreadcrumbList","@id":"https:\/\/www.lamennais.org\/mensajes-200-anos-jovenes-centros-hermanos-educadores-dirigen-nuevos-mensajes-para-el-bicentenario-lamennais200\/?lang=es#breadcrumb","itemListElement":[{"@type":"ListItem","position":1,"name":"Accueil","item":"https:\/\/www.lamennais.org\/"},{"@type":"ListItem","position":2,"name":"MENSAJES de los 200 A\u00d1OS. J\u00f3venes, colegios, Hermanos y educadores env\u00edan nuevos mensajes para el BICENTENARIO MENESIANO. #lamennais200"}]},{"@type":"WebSite","@id":"https:\/\/www.lamennais.org\/#website","url":"https:\/\/www.lamennais.org\/","name":"LaMennais.org","description":"Fr\u00e8res de l&#039;Instruction Chr\u00e9tienne et Famille Mennaisienne","potentialAction":[{"@type":"SearchAction","target":{"@type":"EntryPoint","urlTemplate":"https:\/\/www.lamennais.org\/?s={search_term_string}"},"query-input":{"@type":"PropertyValueSpecification","valueRequired":true,"valueName":"search_term_string"}}],"inLanguage":"es"},{"@type":"Person","@id":"https:\/\/www.lamennais.org\/#\/schema\/person\/2a8d6e8a95babedd5ba1c43afd2e3844","name":"Herv\u00e9 Asse","image":{"@type":"ImageObject","inLanguage":"es","@id":"https:\/\/secure.gravatar.com\/avatar\/1aaa7b1baf759c8b40525f40af381cbaa2b0ddd554f57145bceb0654ba45b4c0?s=96&d=mm&r=g","url":"https:\/\/secure.gravatar.com\/avatar\/1aaa7b1baf759c8b40525f40af381cbaa2b0ddd554f57145bceb0654ba45b4c0?s=96&d=mm&r=g","contentUrl":"https:\/\/secure.gravatar.com\/avatar\/1aaa7b1baf759c8b40525f40af381cbaa2b0ddd554f57145bceb0654ba45b4c0?s=96&d=mm&r=g","caption":"Herv\u00e9 Asse"}}]}},"_links":{"self":[{"href":"https:\/\/www.lamennais.org\/es\/wp-json\/wp\/v2\/posts\/22107","targetHints":{"allow":["GET"]}}],"collection":[{"href":"https:\/\/www.lamennais.org\/es\/wp-json\/wp\/v2\/posts"}],"about":[{"href":"https:\/\/www.lamennais.org\/es\/wp-json\/wp\/v2\/types\/post"}],"author":[{"embeddable":true,"href":"https:\/\/www.lamennais.org\/es\/wp-json\/wp\/v2\/users\/3"}],"replies":[{"embeddable":true,"href":"https:\/\/www.lamennais.org\/es\/wp-json\/wp\/v2\/comments?post=22107"}],"version-history":[{"count":2,"href":"https:\/\/www.lamennais.org\/es\/wp-json\/wp\/v2\/posts\/22107\/revisions"}],"predecessor-version":[{"id":22116,"href":"https:\/\/www.lamennais.org\/es\/wp-json\/wp\/v2\/posts\/22107\/revisions\/22116"}],"wp:featuredmedia":[{"embeddable":true,"href":"https:\/\/www.lamennais.org\/es\/wp-json\/wp\/v2\/media\/22042"}],"wp:attachment":[{"href":"https:\/\/www.lamennais.org\/es\/wp-json\/wp\/v2\/media?parent=22107"}],"wp:term":[{"taxonomy":"category","embeddable":true,"href":"https:\/\/www.lamennais.org\/es\/wp-json\/wp\/v2\/categories?post=22107"},{"taxonomy":"post_tag","embeddable":true,"href":"https:\/\/www.lamennais.org\/es\/wp-json\/wp\/v2\/tags?post=22107"}],"curies":[{"name":"wp","href":"https:\/\/api.w.org\/{rel}","templated":true}]}}