{"id":21264,"date":"2019-05-24T10:45:25","date_gmt":"2019-05-24T08:45:25","guid":{"rendered":"http:\/\/www.lamennais.org\/?p=21264"},"modified":"2019-05-25T13:46:15","modified_gmt":"2019-05-25T11:46:15","slug":"joven-eres-llamado-tu-tambien-caras-de-hermanos-animan-la-semana-de-los-pioneros-en-haiti","status":"publish","type":"post","link":"https:\/\/www.lamennais.org\/es\/joven-eres-llamado-tu-tambien-caras-de-hermanos-animan-la-semana-de-los-pioneros-en-haiti\/","title":{"rendered":"JOVEN, ERES LLAMADO, T\u00da TAMBI\u00c9N. Caras de Hermanos animan la Semana de los Pioneros en Hait\u00ed."},"content":{"rendered":"<p>\u00a1Interpelar a los j\u00f3venes a trav\u00e9s de caras de Pioneros! Es el objetivo de esta semana de Pioneros organizada en la Provincia San Luis Gonzaga, en Hait\u00ed. Hombres que destacaron y que todav\u00eda destacan. <br \/>\u00abAcordaos de vuestros mayores, que escucharon la palabra de Dios y, considerando el recorrido de su vida, imitad su fe\u00bb. \u00a1Esta es la invitaci\u00f3n que se os dirige, queridos j\u00f3venes, queridos menesianos!<\/p>\n<p>\u00a1Dejad que la llamada de Cristo a seguirle\u00a0 m\u00e1s cerca, encuentre eco en vuestro coraz\u00f3n! \u00a1Con gran confianza en la Providencia que nunca enga\u00f1a, dejaos interpelar por el ejemplo de vida de estos 5 Hermanos, y tras ellos no teng\u00e1is ning\u00fan miedo en entregar vuestra vida al Se\u00f1or! Los 5 Hermanos cuyo itinerario de vida se presenta en los colegios y obras educativas son\u00a0 :\u00a0 los HH. Real Dion, Gabriel Franck, Serge Larose, Andr\u00e9 Nicolas y Bruno Laroche.<br \/><img fetchpriority=\"high\" decoding=\"async\" class=\"alignleft size-full wp-image-21181\" src=\"http:\/\/www.lamennais.org\/wp-content\/uploads\/2019\/05\/Capture-3.jpg\" alt=\"\" width=\"564\" height=\"313\" srcset=\"https:\/\/www.lamennais.org\/wp-content\/uploads\/2019\/05\/Capture-3.jpg 564w, https:\/\/www.lamennais.org\/wp-content\/uploads\/2019\/05\/Capture-3-300x166.jpg 300w, https:\/\/www.lamennais.org\/wp-content\/uploads\/2019\/05\/Capture-3-260x144.jpg 260w\" sizes=\"(max-width: 564px) 100vw, 564px\" \/> <img decoding=\"async\" class=\"alignleft size-large wp-image-21184\" src=\"http:\/\/www.lamennais.org\/wp-content\/uploads\/2019\/05\/Capture-4.jpg\" alt=\"\" width=\"547\" height=\"577\" srcset=\"https:\/\/www.lamennais.org\/wp-content\/uploads\/2019\/05\/Capture-4.jpg 547w, https:\/\/www.lamennais.org\/wp-content\/uploads\/2019\/05\/Capture-4-284x300.jpg 284w, https:\/\/www.lamennais.org\/wp-content\/uploads\/2019\/05\/Capture-4-260x274.jpg 260w\" sizes=\"(max-width: 547px) 100vw, 547px\" \/> <img decoding=\"async\" class=\"alignleft size-large wp-image-21187\" src=\"http:\/\/www.lamennais.org\/wp-content\/uploads\/2019\/05\/Capture-6.jpg\" alt=\"\" width=\"576\" height=\"327\" srcset=\"https:\/\/www.lamennais.org\/wp-content\/uploads\/2019\/05\/Capture-6.jpg 576w, https:\/\/www.lamennais.org\/wp-content\/uploads\/2019\/05\/Capture-6-300x170.jpg 300w, https:\/\/www.lamennais.org\/wp-content\/uploads\/2019\/05\/Capture-6-260x148.jpg 260w\" sizes=\"(max-width: 576px) 100vw, 576px\" \/>\u00a0 <img loading=\"lazy\" decoding=\"async\" class=\"alignleft size-large wp-image-21196\" src=\"http:\/\/www.lamennais.org\/wp-content\/uploads\/2019\/05\/Capture-11-1.jpg\" alt=\"\" width=\"565\" height=\"323\" srcset=\"https:\/\/www.lamennais.org\/wp-content\/uploads\/2019\/05\/Capture-11-1.jpg 565w, https:\/\/www.lamennais.org\/wp-content\/uploads\/2019\/05\/Capture-11-1-300x172.jpg 300w, https:\/\/www.lamennais.org\/wp-content\/uploads\/2019\/05\/Capture-11-1-260x149.jpg 260w\" sizes=\"(max-width: 565px) 100vw, 565px\" \/><\/p>\n<p>Su testimonio y ejemplo est\u00e1n ah\u00ed y son una llamada.<\/p>\n<p>\u00a0\u00a1Oremos para que al recordar la vida de estos Hermanos pioneros, que nos han comunicado \u00a0la palabra de Dios, y considerando el final de sus vidas, los ni\u00f1os y j\u00f3venes puedan imitar su fe y comprometerse a seguir a Cristo con toda confianza!<\/p>\n\n\n<p><\/p>\n","protected":false},"excerpt":{"rendered":"<p>\u00a1Interpelar a los j\u00f3venes a trav\u00e9s de caras de Pioneros! Es el objetivo de esta semana de Pioneros organizada en la Provincia San Luis Gonzaga, en Hait\u00ed. Hombres que destacaron y que todav\u00eda destacan. \u00abAcordaos de vuestros mayores, que escucharon la palabra de Dios y, considerando el recorrido de su vida, imitad su fe\u00bb. \u00a1Esta [&hellip;]<\/p>\n","protected":false},"author":3,"featured_media":21195,"comment_status":"closed","ping_status":"closed","sticky":false,"template":"","format":"standard","meta":{"footnotes":""},"categories":[105],"tags":[],"class_list":["post-21264","post","type-post","status-publish","format-standard","has-post-thumbnail","hentry","category-noticias"],"yoast_head":"<!-- This site is optimized with the Yoast SEO plugin v27.5 - https:\/\/yoast.com\/product\/yoast-seo-wordpress\/ -->\n<title>JOVEN, ERES LLAMADO, T\u00da TAMBI\u00c9N. Caras de Hermanos animan la Semana de los Pioneros en Hait\u00ed. - LaMennais.org<\/title>\n<meta name=\"robots\" content=\"index, follow, max-snippet:-1, max-image-preview:large, max-video-preview:-1\" \/>\n<link rel=\"canonical\" href=\"https:\/\/www.lamennais.org\/joven-eres-llamado-tu-tambien-caras-de-hermanos-animan-la-semana-de-los-pioneros-en-haiti\/?lang=es\" \/>\n<meta property=\"og:locale\" content=\"es_ES\" \/>\n<meta property=\"og:type\" content=\"article\" \/>\n<meta property=\"og:title\" content=\"JOVEN, ERES LLAMADO, T\u00da TAMBI\u00c9N. Caras de Hermanos animan la Semana de los Pioneros en Hait\u00ed. - LaMennais.org\" \/>\n<meta property=\"og:description\" content=\"\u00a1Interpelar a los j\u00f3venes a trav\u00e9s de caras de Pioneros! Es el objetivo de esta semana de Pioneros organizada en la Provincia San Luis Gonzaga, en Hait\u00ed. Hombres que destacaron y que todav\u00eda destacan. \u00abAcordaos de vuestros mayores, que escucharon la palabra de Dios y, considerando el recorrido de su vida, imitad su fe\u00bb. \u00a1Esta [&hellip;]\" \/>\n<meta property=\"og:url\" content=\"https:\/\/www.lamennais.org\/joven-eres-llamado-tu-tambien-caras-de-hermanos-animan-la-semana-de-los-pioneros-en-haiti\/?lang=es\" \/>\n<meta property=\"og:site_name\" content=\"LaMennais.org\" \/>\n<meta property=\"article:published_time\" content=\"2019-05-24T08:45:25+00:00\" \/>\n<meta property=\"article:modified_time\" content=\"2019-05-25T11:46:15+00:00\" \/>\n<meta property=\"og:image\" content=\"https:\/\/www.lamennais.org\/wp-content\/uploads\/2019\/05\/Capture-10-1.jpg\" \/>\n\t<meta property=\"og:image:width\" content=\"561\" \/>\n\t<meta property=\"og:image:height\" content=\"599\" \/>\n\t<meta property=\"og:image:type\" content=\"image\/jpeg\" \/>\n<meta name=\"author\" content=\"Herv\u00e9 Asse\" \/>\n<meta name=\"twitter:card\" content=\"summary_large_image\" \/>\n<meta name=\"twitter:label1\" content=\"Escrito por\" \/>\n\t<meta name=\"twitter:data1\" content=\"Herv\u00e9 Asse\" \/>\n\t<meta name=\"twitter:label2\" content=\"Tiempo de lectura\" \/>\n\t<meta name=\"twitter:data2\" content=\"1 minuto\" \/>\n<script type=\"application\/ld+json\" class=\"yoast-schema-graph\">{\"@context\":\"https:\\\/\\\/schema.org\",\"@graph\":[{\"@type\":\"Article\",\"@id\":\"https:\\\/\\\/www.lamennais.org\\\/joven-eres-llamado-tu-tambien-caras-de-hermanos-animan-la-semana-de-los-pioneros-en-haiti\\\/?lang=es#article\",\"isPartOf\":{\"@id\":\"https:\\\/\\\/www.lamennais.org\\\/joven-eres-llamado-tu-tambien-caras-de-hermanos-animan-la-semana-de-los-pioneros-en-haiti\\\/?lang=es\"},\"author\":{\"name\":\"Herv\u00e9 Asse\",\"@id\":\"https:\\\/\\\/www.lamennais.org\\\/#\\\/schema\\\/person\\\/2a8d6e8a95babedd5ba1c43afd2e3844\"},\"headline\":\"JOVEN, ERES LLAMADO, T\u00da TAMBI\u00c9N. Caras de Hermanos animan la Semana de los Pioneros en Hait\u00ed.\",\"datePublished\":\"2019-05-24T08:45:25+00:00\",\"dateModified\":\"2019-05-25T11:46:15+00:00\",\"mainEntityOfPage\":{\"@id\":\"https:\\\/\\\/www.lamennais.org\\\/joven-eres-llamado-tu-tambien-caras-de-hermanos-animan-la-semana-de-los-pioneros-en-haiti\\\/?lang=es\"},\"wordCount\":225,\"image\":{\"@id\":\"https:\\\/\\\/www.lamennais.org\\\/joven-eres-llamado-tu-tambien-caras-de-hermanos-animan-la-semana-de-los-pioneros-en-haiti\\\/?lang=es#primaryimage\"},\"thumbnailUrl\":\"https:\\\/\\\/www.lamennais.org\\\/wp-content\\\/uploads\\\/2019\\\/05\\\/Capture-10-1.jpg\",\"articleSection\":[\"NOTICIAS\"],\"inLanguage\":\"es\"},{\"@type\":\"WebPage\",\"@id\":\"https:\\\/\\\/www.lamennais.org\\\/joven-eres-llamado-tu-tambien-caras-de-hermanos-animan-la-semana-de-los-pioneros-en-haiti\\\/?lang=es\",\"url\":\"https:\\\/\\\/www.lamennais.org\\\/joven-eres-llamado-tu-tambien-caras-de-hermanos-animan-la-semana-de-los-pioneros-en-haiti\\\/?lang=es\",\"name\":\"JOVEN, ERES LLAMADO, T\u00da TAMBI\u00c9N. Caras de Hermanos animan la Semana de los Pioneros en Hait\u00ed. - LaMennais.org\",\"isPartOf\":{\"@id\":\"https:\\\/\\\/www.lamennais.org\\\/#website\"},\"primaryImageOfPage\":{\"@id\":\"https:\\\/\\\/www.lamennais.org\\\/joven-eres-llamado-tu-tambien-caras-de-hermanos-animan-la-semana-de-los-pioneros-en-haiti\\\/?lang=es#primaryimage\"},\"image\":{\"@id\":\"https:\\\/\\\/www.lamennais.org\\\/joven-eres-llamado-tu-tambien-caras-de-hermanos-animan-la-semana-de-los-pioneros-en-haiti\\\/?lang=es#primaryimage\"},\"thumbnailUrl\":\"https:\\\/\\\/www.lamennais.org\\\/wp-content\\\/uploads\\\/2019\\\/05\\\/Capture-10-1.jpg\",\"datePublished\":\"2019-05-24T08:45:25+00:00\",\"dateModified\":\"2019-05-25T11:46:15+00:00\",\"author\":{\"@id\":\"https:\\\/\\\/www.lamennais.org\\\/#\\\/schema\\\/person\\\/2a8d6e8a95babedd5ba1c43afd2e3844\"},\"breadcrumb\":{\"@id\":\"https:\\\/\\\/www.lamennais.org\\\/joven-eres-llamado-tu-tambien-caras-de-hermanos-animan-la-semana-de-los-pioneros-en-haiti\\\/?lang=es#breadcrumb\"},\"inLanguage\":\"es\",\"potentialAction\":[{\"@type\":\"ReadAction\",\"target\":[\"https:\\\/\\\/www.lamennais.org\\\/joven-eres-llamado-tu-tambien-caras-de-hermanos-animan-la-semana-de-los-pioneros-en-haiti\\\/?lang=es\"]}]},{\"@type\":\"ImageObject\",\"inLanguage\":\"es\",\"@id\":\"https:\\\/\\\/www.lamennais.org\\\/joven-eres-llamado-tu-tambien-caras-de-hermanos-animan-la-semana-de-los-pioneros-en-haiti\\\/?lang=es#primaryimage\",\"url\":\"https:\\\/\\\/www.lamennais.org\\\/wp-content\\\/uploads\\\/2019\\\/05\\\/Capture-10-1.jpg\",\"contentUrl\":\"https:\\\/\\\/www.lamennais.org\\\/wp-content\\\/uploads\\\/2019\\\/05\\\/Capture-10-1.jpg\",\"width\":561,\"height\":599},{\"@type\":\"BreadcrumbList\",\"@id\":\"https:\\\/\\\/www.lamennais.org\\\/joven-eres-llamado-tu-tambien-caras-de-hermanos-animan-la-semana-de-los-pioneros-en-haiti\\\/?lang=es#breadcrumb\",\"itemListElement\":[{\"@type\":\"ListItem\",\"position\":1,\"name\":\"Accueil\",\"item\":\"https:\\\/\\\/www.lamennais.org\\\/\"},{\"@type\":\"ListItem\",\"position\":2,\"name\":\"JOVEN, ERES LLAMADO, T\u00da TAMBI\u00c9N. Caras de Hermanos animan la Semana de los Pioneros en Hait\u00ed.\"}]},{\"@type\":\"WebSite\",\"@id\":\"https:\\\/\\\/www.lamennais.org\\\/#website\",\"url\":\"https:\\\/\\\/www.lamennais.org\\\/\",\"name\":\"LaMennais.org\",\"description\":\"Fr\u00e8res de l&#039;Instruction Chr\u00e9tienne et Famille Mennaisienne\",\"potentialAction\":[{\"@type\":\"SearchAction\",\"target\":{\"@type\":\"EntryPoint\",\"urlTemplate\":\"https:\\\/\\\/www.lamennais.org\\\/?s={search_term_string}\"},\"query-input\":{\"@type\":\"PropertyValueSpecification\",\"valueRequired\":true,\"valueName\":\"search_term_string\"}}],\"inLanguage\":\"es\"},{\"@type\":\"Person\",\"@id\":\"https:\\\/\\\/www.lamennais.org\\\/#\\\/schema\\\/person\\\/2a8d6e8a95babedd5ba1c43afd2e3844\",\"name\":\"Herv\u00e9 Asse\",\"image\":{\"@type\":\"ImageObject\",\"inLanguage\":\"es\",\"@id\":\"https:\\\/\\\/secure.gravatar.com\\\/avatar\\\/1aaa7b1baf759c8b40525f40af381cbaa2b0ddd554f57145bceb0654ba45b4c0?s=96&d=mm&r=g\",\"url\":\"https:\\\/\\\/secure.gravatar.com\\\/avatar\\\/1aaa7b1baf759c8b40525f40af381cbaa2b0ddd554f57145bceb0654ba45b4c0?s=96&d=mm&r=g\",\"contentUrl\":\"https:\\\/\\\/secure.gravatar.com\\\/avatar\\\/1aaa7b1baf759c8b40525f40af381cbaa2b0ddd554f57145bceb0654ba45b4c0?s=96&d=mm&r=g\",\"caption\":\"Herv\u00e9 Asse\"}}]}<\/script>\n<!-- \/ Yoast SEO plugin. -->","yoast_head_json":{"title":"JOVEN, ERES LLAMADO, T\u00da TAMBI\u00c9N. Caras de Hermanos animan la Semana de los Pioneros en Hait\u00ed. - LaMennais.org","robots":{"index":"index","follow":"follow","max-snippet":"max-snippet:-1","max-image-preview":"max-image-preview:large","max-video-preview":"max-video-preview:-1"},"canonical":"https:\/\/www.lamennais.org\/joven-eres-llamado-tu-tambien-caras-de-hermanos-animan-la-semana-de-los-pioneros-en-haiti\/?lang=es","og_locale":"es_ES","og_type":"article","og_title":"JOVEN, ERES LLAMADO, T\u00da TAMBI\u00c9N. Caras de Hermanos animan la Semana de los Pioneros en Hait\u00ed. - LaMennais.org","og_description":"\u00a1Interpelar a los j\u00f3venes a trav\u00e9s de caras de Pioneros! Es el objetivo de esta semana de Pioneros organizada en la Provincia San Luis Gonzaga, en Hait\u00ed. Hombres que destacaron y que todav\u00eda destacan. \u00abAcordaos de vuestros mayores, que escucharon la palabra de Dios y, considerando el recorrido de su vida, imitad su fe\u00bb. \u00a1Esta [&hellip;]","og_url":"https:\/\/www.lamennais.org\/joven-eres-llamado-tu-tambien-caras-de-hermanos-animan-la-semana-de-los-pioneros-en-haiti\/?lang=es","og_site_name":"LaMennais.org","article_published_time":"2019-05-24T08:45:25+00:00","article_modified_time":"2019-05-25T11:46:15+00:00","og_image":[{"width":561,"height":599,"url":"https:\/\/www.lamennais.org\/wp-content\/uploads\/2019\/05\/Capture-10-1.jpg","type":"image\/jpeg"}],"author":"Herv\u00e9 Asse","twitter_card":"summary_large_image","twitter_misc":{"Escrito por":"Herv\u00e9 Asse","Tiempo de lectura":"1 minuto"},"schema":{"@context":"https:\/\/schema.org","@graph":[{"@type":"Article","@id":"https:\/\/www.lamennais.org\/joven-eres-llamado-tu-tambien-caras-de-hermanos-animan-la-semana-de-los-pioneros-en-haiti\/?lang=es#article","isPartOf":{"@id":"https:\/\/www.lamennais.org\/joven-eres-llamado-tu-tambien-caras-de-hermanos-animan-la-semana-de-los-pioneros-en-haiti\/?lang=es"},"author":{"name":"Herv\u00e9 Asse","@id":"https:\/\/www.lamennais.org\/#\/schema\/person\/2a8d6e8a95babedd5ba1c43afd2e3844"},"headline":"JOVEN, ERES LLAMADO, T\u00da TAMBI\u00c9N. Caras de Hermanos animan la Semana de los Pioneros en Hait\u00ed.","datePublished":"2019-05-24T08:45:25+00:00","dateModified":"2019-05-25T11:46:15+00:00","mainEntityOfPage":{"@id":"https:\/\/www.lamennais.org\/joven-eres-llamado-tu-tambien-caras-de-hermanos-animan-la-semana-de-los-pioneros-en-haiti\/?lang=es"},"wordCount":225,"image":{"@id":"https:\/\/www.lamennais.org\/joven-eres-llamado-tu-tambien-caras-de-hermanos-animan-la-semana-de-los-pioneros-en-haiti\/?lang=es#primaryimage"},"thumbnailUrl":"https:\/\/www.lamennais.org\/wp-content\/uploads\/2019\/05\/Capture-10-1.jpg","articleSection":["NOTICIAS"],"inLanguage":"es"},{"@type":"WebPage","@id":"https:\/\/www.lamennais.org\/joven-eres-llamado-tu-tambien-caras-de-hermanos-animan-la-semana-de-los-pioneros-en-haiti\/?lang=es","url":"https:\/\/www.lamennais.org\/joven-eres-llamado-tu-tambien-caras-de-hermanos-animan-la-semana-de-los-pioneros-en-haiti\/?lang=es","name":"JOVEN, ERES LLAMADO, T\u00da TAMBI\u00c9N. Caras de Hermanos animan la Semana de los Pioneros en Hait\u00ed. - LaMennais.org","isPartOf":{"@id":"https:\/\/www.lamennais.org\/#website"},"primaryImageOfPage":{"@id":"https:\/\/www.lamennais.org\/joven-eres-llamado-tu-tambien-caras-de-hermanos-animan-la-semana-de-los-pioneros-en-haiti\/?lang=es#primaryimage"},"image":{"@id":"https:\/\/www.lamennais.org\/joven-eres-llamado-tu-tambien-caras-de-hermanos-animan-la-semana-de-los-pioneros-en-haiti\/?lang=es#primaryimage"},"thumbnailUrl":"https:\/\/www.lamennais.org\/wp-content\/uploads\/2019\/05\/Capture-10-1.jpg","datePublished":"2019-05-24T08:45:25+00:00","dateModified":"2019-05-25T11:46:15+00:00","author":{"@id":"https:\/\/www.lamennais.org\/#\/schema\/person\/2a8d6e8a95babedd5ba1c43afd2e3844"},"breadcrumb":{"@id":"https:\/\/www.lamennais.org\/joven-eres-llamado-tu-tambien-caras-de-hermanos-animan-la-semana-de-los-pioneros-en-haiti\/?lang=es#breadcrumb"},"inLanguage":"es","potentialAction":[{"@type":"ReadAction","target":["https:\/\/www.lamennais.org\/joven-eres-llamado-tu-tambien-caras-de-hermanos-animan-la-semana-de-los-pioneros-en-haiti\/?lang=es"]}]},{"@type":"ImageObject","inLanguage":"es","@id":"https:\/\/www.lamennais.org\/joven-eres-llamado-tu-tambien-caras-de-hermanos-animan-la-semana-de-los-pioneros-en-haiti\/?lang=es#primaryimage","url":"https:\/\/www.lamennais.org\/wp-content\/uploads\/2019\/05\/Capture-10-1.jpg","contentUrl":"https:\/\/www.lamennais.org\/wp-content\/uploads\/2019\/05\/Capture-10-1.jpg","width":561,"height":599},{"@type":"BreadcrumbList","@id":"https:\/\/www.lamennais.org\/joven-eres-llamado-tu-tambien-caras-de-hermanos-animan-la-semana-de-los-pioneros-en-haiti\/?lang=es#breadcrumb","itemListElement":[{"@type":"ListItem","position":1,"name":"Accueil","item":"https:\/\/www.lamennais.org\/"},{"@type":"ListItem","position":2,"name":"JOVEN, ERES LLAMADO, T\u00da TAMBI\u00c9N. Caras de Hermanos animan la Semana de los Pioneros en Hait\u00ed."}]},{"@type":"WebSite","@id":"https:\/\/www.lamennais.org\/#website","url":"https:\/\/www.lamennais.org\/","name":"LaMennais.org","description":"Fr\u00e8res de l&#039;Instruction Chr\u00e9tienne et Famille Mennaisienne","potentialAction":[{"@type":"SearchAction","target":{"@type":"EntryPoint","urlTemplate":"https:\/\/www.lamennais.org\/?s={search_term_string}"},"query-input":{"@type":"PropertyValueSpecification","valueRequired":true,"valueName":"search_term_string"}}],"inLanguage":"es"},{"@type":"Person","@id":"https:\/\/www.lamennais.org\/#\/schema\/person\/2a8d6e8a95babedd5ba1c43afd2e3844","name":"Herv\u00e9 Asse","image":{"@type":"ImageObject","inLanguage":"es","@id":"https:\/\/secure.gravatar.com\/avatar\/1aaa7b1baf759c8b40525f40af381cbaa2b0ddd554f57145bceb0654ba45b4c0?s=96&d=mm&r=g","url":"https:\/\/secure.gravatar.com\/avatar\/1aaa7b1baf759c8b40525f40af381cbaa2b0ddd554f57145bceb0654ba45b4c0?s=96&d=mm&r=g","contentUrl":"https:\/\/secure.gravatar.com\/avatar\/1aaa7b1baf759c8b40525f40af381cbaa2b0ddd554f57145bceb0654ba45b4c0?s=96&d=mm&r=g","caption":"Herv\u00e9 Asse"}}]}},"_links":{"self":[{"href":"https:\/\/www.lamennais.org\/es\/wp-json\/wp\/v2\/posts\/21264","targetHints":{"allow":["GET"]}}],"collection":[{"href":"https:\/\/www.lamennais.org\/es\/wp-json\/wp\/v2\/posts"}],"about":[{"href":"https:\/\/www.lamennais.org\/es\/wp-json\/wp\/v2\/types\/post"}],"author":[{"embeddable":true,"href":"https:\/\/www.lamennais.org\/es\/wp-json\/wp\/v2\/users\/3"}],"replies":[{"embeddable":true,"href":"https:\/\/www.lamennais.org\/es\/wp-json\/wp\/v2\/comments?post=21264"}],"version-history":[{"count":1,"href":"https:\/\/www.lamennais.org\/es\/wp-json\/wp\/v2\/posts\/21264\/revisions"}],"predecessor-version":[{"id":21265,"href":"https:\/\/www.lamennais.org\/es\/wp-json\/wp\/v2\/posts\/21264\/revisions\/21265"}],"wp:featuredmedia":[{"embeddable":true,"href":"https:\/\/www.lamennais.org\/es\/wp-json\/wp\/v2\/media\/21195"}],"wp:attachment":[{"href":"https:\/\/www.lamennais.org\/es\/wp-json\/wp\/v2\/media?parent=21264"}],"wp:term":[{"taxonomy":"category","embeddable":true,"href":"https:\/\/www.lamennais.org\/es\/wp-json\/wp\/v2\/categories?post=21264"},{"taxonomy":"post_tag","embeddable":true,"href":"https:\/\/www.lamennais.org\/es\/wp-json\/wp\/v2\/tags?post=21264"}],"curies":[{"name":"wp","href":"https:\/\/api.w.org\/{rel}","templated":true}]}}