{"id":20927,"date":"2019-05-14T15:32:07","date_gmt":"2019-05-14T13:32:07","guid":{"rendered":"http:\/\/www.lamennais.org\/?p=20927"},"modified":"2019-05-15T16:13:01","modified_gmt":"2019-05-15T14:13:01","slug":"universidad-estados-unidos-richard-jusseaume-pre-sidente-de-walsh-university-anuncia-su-jubilacion","status":"publish","type":"post","link":"https:\/\/www.lamennais.org\/es\/universidad-estados-unidos-richard-jusseaume-pre-sidente-de-walsh-university-anuncia-su-jubilacion\/","title":{"rendered":"UNIVERSIDAD, ESTADOS UNIDOS. Richard Jusseaume, Pre-sidente de Walsh University anuncia su jubilaci\u00f3n."},"content":{"rendered":"<p><strong>Despu\u00e9s de 18 a\u00f1os marcados por un crecimiento de la Universidad de Walsh, el presidente Richard Jusseaume ha anunciado su salida de la presidencia. El pasado 28 de abril se le ha hecho un homenaje y tambi\u00e9n a su esposa y a los Hermanos de la Instrucci\u00f3n Cristiana, durante la ceremonia de entrega de diplomas. <\/strong><\/p>\n<p>El Sr. Jusseaume seguir\u00e1 como Presidente de Walsh hasta el final del presente curso -30 de junio de 2019- con el fin de asegurar una transici\u00f3n tranquila al nuevo presidente y seguir\u00e1 como consultor durante el \u00faltimo a\u00f1o de su contrato. Se ha comenzado una b\u00fasqueda nacional para encontrar un nuevo presidente de Walsh.<\/p>\n<p>Desde 2001, Richard Jusseaume ha sido el sexto presidente de la Universidad de Walsh. Bajo su direcci\u00f3n, Walsh ha conocido un crecimiento fenomenal en casi todos los aspectos de sus actividades, incluidas las inscripciones, los programas universitarios, el cuerpo de profesores y el personal, los recursos financieros y las instalaciones materiales.<\/p>\n<p><strong>50 a\u00f1os en Walsh<\/strong><\/p>\n<div id=\"attachment_20896\" style=\"width: 491px\" class=\"wp-caption alignleft\"><img fetchpriority=\"high\" decoding=\"async\" aria-describedby=\"caption-attachment-20896\" class=\"wp-image-20896 \" src=\"http:\/\/www.lamennais.org\/wp-content\/uploads\/2019\/05\/president-jusseaume-through-the-years-homepage.jpg\" alt=\"\" width=\"481\" height=\"353\" srcset=\"https:\/\/www.lamennais.org\/wp-content\/uploads\/2019\/05\/president-jusseaume-through-the-years-homepage.jpg 500w, https:\/\/www.lamennais.org\/wp-content\/uploads\/2019\/05\/president-jusseaume-through-the-years-homepage-300x220.jpg 300w, https:\/\/www.lamennais.org\/wp-content\/uploads\/2019\/05\/president-jusseaume-through-the-years-homepage-260x191.jpg 260w\" sizes=\"(max-width: 481px) 100vw, 481px\" \/><p id=\"caption-attachment-20896\" class=\"wp-caption-text\"><em>Tres etapas cronol\u00f3gicas del Presidente Jusseaume.<\/em><\/p><\/div>\n<p>En resumen, el Sr. Jusseaume ha pasado cinco d\u00e9cadas en Walsh con diversos papeles, especialrmente los de estudiante, decano de estudiantes, miembro del Consejo de administraci\u00f3n y, finalmente, de Presidente. Empez\u00f3 su carrera como educador durante 17 a\u00f1os antes de pasar a la direcci\u00f3n de \u201cGraphic Enterprises Inc\u201d. Dirigi\u00f3 \u201cGraphic Enterprises\u201d durante 17 a\u00f1os antes de volver a Walsh d\u00f3nde ha concluido sus 17 a\u00f1os de contrato como Presidente.<\/p>\n<p>Profundamente cat\u00f3lico, con\u00a0 un sentido agudo en los negocios, su conocimiento y comprensi\u00f3n de la misi\u00f3n de Walsh, se apoyan en una relaci\u00f3n personal de toda una vida con los fundadores de la Universidad, los Hermanos de la Instrucci\u00f3n Cristiana. Educado por los Hermanos desde los 11 a\u00f1os, acab\u00f3 en la promoci\u00f3n de 1967 de Walsh como hermano-estudiante de la Instrucci\u00f3n Cristiana, decano de los estudiantes dos veces y miembro del consejo de administraci\u00f3n, el presidente Jusseaume forma parte de la historia y de la misi\u00f3n de Walsh casi desde la fundaci\u00f3n del establecimiento en 1960. Su compromiso en promover una educaci\u00f3n cat\u00f3lica aut\u00e9ntica reforzando al mismo tiempo la misi\u00f3n de Walsh que consist\u00eda en formar l\u00edderes al servicio de los dem\u00e1s, provocando una etapa de crecimiento sin precedentes en la Universidad de Walsh.<\/p>\n<table>\n<tbody>\n<tr>\n<td width=\"330\"><strong>\u00a0<\/strong><\/td>\n<td width=\"104\"><strong>2001-02<\/strong><\/td>\n<td width=\"141\"><strong>2018-19<\/strong><\/td>\n<\/tr>\n<tr>\n<td width=\"330\">Inscriptions<\/td>\n<td width=\"104\">1,684<\/td>\n<td width=\"141\">2,782<\/td>\n<\/tr>\n<tr>\n<td width=\"330\">Nombre d\u2019\u00e9difices sur le campus<\/td>\n<td width=\"104\">11<\/td>\n<td width=\"141\">27<\/td>\n<\/tr>\n<tr>\n<td width=\"330\">Nombre de disciplines au niveau Licences<\/td>\n<td width=\"104\">32<\/td>\n<td width=\"141\">70<\/td>\n<\/tr>\n<tr>\n<td width=\"330\">Nombre de programmes \u00e0 la Ma\u00eetrise et<\/p>\n<p>au doctorat \/ Programmes dipl\u00f4m\u00e9s<\/td>\n<td width=\"104\">4<\/td>\n<td width=\"141\">20<\/td>\n<\/tr>\n<tr>\n<td width=\"330\">Dotation<\/td>\n<td width=\"104\">$2 Million<\/td>\n<td width=\"141\">$27,379,276<\/p>\n<p>(Juin 2018)<\/td>\n<\/tr>\n<\/tbody>\n<\/table>\n<p><img decoding=\"async\" class=\"alignleft  wp-image-20908\" src=\"http:\/\/www.lamennais.org\/wp-content\/uploads\/2019\/05\/web-2748-xl.jpg\" alt=\"\" width=\"544\" height=\"360\" srcset=\"https:\/\/www.lamennais.org\/wp-content\/uploads\/2019\/05\/web-2748-xl.jpg 750w, https:\/\/www.lamennais.org\/wp-content\/uploads\/2019\/05\/web-2748-xl-300x199.jpg 300w, https:\/\/www.lamennais.org\/wp-content\/uploads\/2019\/05\/web-2748-xl-260x172.jpg 260w\" sizes=\"(max-width: 544px) 100vw, 544px\" \/><\/p>\n<p>A lo largo de su mandato, el n\u00famero de inscripciones a tiempo completo en el primer ciclo aument\u00f3 m\u00e1s del 60 %, mientras la universidad ha doblado el n\u00famero de diplomas del primer ciclo y ha lanzado sus primeros programas de doctorado en fisioterapia (2007) y en pr\u00e1cticas de enfermera (2011).<\/p>\n<div id=\"attachment_20905\" style=\"width: 970px\" class=\"wp-caption alignleft\"><img decoding=\"async\" aria-describedby=\"caption-attachment-20905\" class=\"wp-image-20905 size-full\" src=\"http:\/\/www.lamennais.org\/wp-content\/uploads\/2019\/05\/57577020_10156102362646190_4095075948926337024_n.jpg\" alt=\"\" width=\"960\" height=\"786\" srcset=\"https:\/\/www.lamennais.org\/wp-content\/uploads\/2019\/05\/57577020_10156102362646190_4095075948926337024_n.jpg 960w, https:\/\/www.lamennais.org\/wp-content\/uploads\/2019\/05\/57577020_10156102362646190_4095075948926337024_n-300x246.jpg 300w, https:\/\/www.lamennais.org\/wp-content\/uploads\/2019\/05\/57577020_10156102362646190_4095075948926337024_n-768x629.jpg 768w, https:\/\/www.lamennais.org\/wp-content\/uploads\/2019\/05\/57577020_10156102362646190_4095075948926337024_n-260x213.jpg 260w\" sizes=\"(max-width: 960px) 100vw, 960px\" \/><p id=\"caption-attachment-20905\" class=\"wp-caption-text\"><em>El n\u00famero de edificios sobre el campus se dobl\u00f3 durante su presidencia.<\/em><\/p><\/div>\n<p>Bajo el impulso de sus dirigentes, la Universidad ha llevado a cabo dos campa\u00f1as de financiaci\u00f3n: En la primera consigui\u00f3 un fondo de 23,4 millones de d\u00f3lares en 2001 y en la m\u00e1s reciente, la campa\u00f1a quinquenal \u201cWe Believe\u201d para la Universidad de Walsh en 2017, sobrepas\u00f3 todos los objetivos, alcanzando m\u00e1s de 34 millones de d\u00f3lares.<\/p>\n<p>Bajo su direcci\u00f3n, se han recabado m\u00e1s de 57 millones de d\u00f3lares y las contribuciones al Fondo anual de Walsh pasaron de 257. 944 d\u00f3lares a un importe r\u00e9cord de cerca de 1,1 millones de d\u00f3lares en 2018. El n\u00famero de edificios sobre el campus de Walsh, en North Canton, ha llegado a m\u00e1s del doble, pasando de 11 a 27 edificios en las 136 hect\u00e1reas de parque, con 10 residencias (seis construidas en el curso de los 18 \u00faltimos a\u00f1os), instalaciones deportivas y nuevos edificios universitarios dotados con las \u00faltimas tecnolog\u00edas. Walsh ha desarrollado tambi\u00e9n sus actividades internacionales con un campus en Roma, Italia, un programa MAED en Uganda y un programa s\u00f3lido de aprendizaje global en cuatro continentes.<\/p>\n<p>El presidente Richard Jusseaume y su esposa Teresa &#8211; &#8216; Terie &#8216; Frank- han mostrado siempre un gran inter\u00e9s y un amor profundo hacia esta universidad cat\u00f3lica que forma parte de su vida y de su familia desde hace m\u00e1s de 40 a\u00f1os. Antigua estudiante y graduada de Walsh en 1974, Terie reuni\u00f3 al personal de la universidad Walsh en 2004 para poner sus talentos y su energ\u00eda al servicio de nuevas iniciativas del campus que implicaba actividades de sensibilizaci\u00f3n cat\u00f3lica. El Sr. y la Sra. Jusseaume dirigieron muchos grupos de estudiantes en peregrinaci\u00f3n, especialmente a Medjugorje, Lourdes, Par\u00eds y Roma.<\/p>\n<div id=\"attachment_20899\" style=\"width: 527px\" class=\"wp-caption alignleft\"><img loading=\"lazy\" decoding=\"async\" aria-describedby=\"caption-attachment-20899\" class=\" wp-image-20899\" src=\"http:\/\/www.lamennais.org\/wp-content\/uploads\/2019\/05\/president-web2811-xl.jpg\" alt=\"\" width=\"517\" height=\"342\" srcset=\"https:\/\/www.lamennais.org\/wp-content\/uploads\/2019\/05\/president-web2811-xl.jpg 750w, https:\/\/www.lamennais.org\/wp-content\/uploads\/2019\/05\/president-web2811-xl-300x199.jpg 300w, https:\/\/www.lamennais.org\/wp-content\/uploads\/2019\/05\/president-web2811-xl-260x172.jpg 260w\" sizes=\"(max-width: 517px) 100vw, 517px\" \/><p id=\"caption-attachment-20899\" class=\"wp-caption-text\"><em>Durante la ceremonia del pasado 28 de abril. A la derecha, el Presidente Jusseaume.<\/em><\/p><\/div>\n<p>Adem\u00e1s, animaron la acogida de organizaciones cat\u00f3licas tales como \u201cCatholics United for Faith\u201d, \u201cMagn\u00edficat\u201d y \u201cOpus Angelorum\u201d. Entre los acontecimientos comunitarios, acogieron a oradores cat\u00f3licos universalmente conocidos, tales como Al Kresta, Immacul\u00e9e Ilibagiza, Christopher West, Dana Scallon y Maryann Love de EWTN. Ellos tienen cinco ni\u00f1os y 13 nietos.<\/p>\n<p>Adem\u00e1s de sus contribuciones a Walsh, el presidente Jusseaume ha entregado generosamente su tiempo ocupando un esca\u00f1o en numerosos consejos de administraci\u00f3n de comunidades y como voluntario en el comit\u00e9 de Stark.<\/p>\n<p><em>Informaciones: Comunicaci\u00f3n Walsh University<\/em><\/p>\n<p><strong>\u00a0<\/strong><\/p>\n<p><em>\u00a0<\/em><\/p>\n","protected":false},"excerpt":{"rendered":"<p>Despu\u00e9s de 18 a\u00f1os marcados por un crecimiento de la Universidad de Walsh, el presidente Richard Jusseaume ha anunciado su salida de la presidencia. El pasado 28 de abril se le ha hecho un homenaje y tambi\u00e9n a su esposa y a los Hermanos de la Instrucci\u00f3n Cristiana, durante la ceremonia de entrega de diplomas. [&hellip;]<\/p>\n","protected":false},"author":3,"featured_media":20907,"comment_status":"closed","ping_status":"closed","sticky":false,"template":"","format":"standard","meta":{"footnotes":""},"categories":[105],"tags":[],"class_list":["post-20927","post","type-post","status-publish","format-standard","has-post-thumbnail","hentry","category-noticias"],"yoast_head":"<!-- This site is optimized with the Yoast SEO plugin v27.5 - https:\/\/yoast.com\/product\/yoast-seo-wordpress\/ -->\n<title>UNIVERSIDAD, ESTADOS UNIDOS. Richard Jusseaume, Pre-sidente de Walsh University anuncia su jubilaci\u00f3n. - LaMennais.org<\/title>\n<meta name=\"robots\" content=\"index, follow, max-snippet:-1, max-image-preview:large, max-video-preview:-1\" \/>\n<link rel=\"canonical\" href=\"https:\/\/www.lamennais.org\/universidad-estados-unidos-richard-jusseaume-pre-sidente-de-walsh-university-anuncia-su-jubilacion\/?lang=es\" \/>\n<meta property=\"og:locale\" content=\"es_ES\" \/>\n<meta property=\"og:type\" content=\"article\" \/>\n<meta property=\"og:title\" content=\"UNIVERSIDAD, ESTADOS UNIDOS. Richard Jusseaume, Pre-sidente de Walsh University anuncia su jubilaci\u00f3n. - LaMennais.org\" \/>\n<meta property=\"og:description\" content=\"Despu\u00e9s de 18 a\u00f1os marcados por un crecimiento de la Universidad de Walsh, el presidente Richard Jusseaume ha anunciado su salida de la presidencia. El pasado 28 de abril se le ha hecho un homenaje y tambi\u00e9n a su esposa y a los Hermanos de la Instrucci\u00f3n Cristiana, durante la ceremonia de entrega de diplomas. [&hellip;]\" \/>\n<meta property=\"og:url\" content=\"https:\/\/www.lamennais.org\/universidad-estados-unidos-richard-jusseaume-pre-sidente-de-walsh-university-anuncia-su-jubilacion\/?lang=es\" \/>\n<meta property=\"og:site_name\" content=\"LaMennais.org\" \/>\n<meta property=\"article:published_time\" content=\"2019-05-14T13:32:07+00:00\" \/>\n<meta property=\"article:modified_time\" content=\"2019-05-15T14:13:01+00:00\" \/>\n<meta property=\"og:image\" content=\"https:\/\/www.lamennais.org\/wp-content\/uploads\/2019\/05\/57577020_10156102362646190_4095075948926337024_n.jpg\" \/>\n\t<meta property=\"og:image:width\" content=\"960\" \/>\n\t<meta property=\"og:image:height\" content=\"786\" \/>\n\t<meta property=\"og:image:type\" content=\"image\/jpeg\" \/>\n<meta name=\"author\" content=\"Herv\u00e9 Asse\" \/>\n<meta name=\"twitter:card\" content=\"summary_large_image\" \/>\n<meta name=\"twitter:label1\" content=\"Escrito por\" \/>\n\t<meta name=\"twitter:data1\" content=\"Herv\u00e9 Asse\" \/>\n\t<meta name=\"twitter:label2\" content=\"Tiempo de lectura\" \/>\n\t<meta name=\"twitter:data2\" content=\"5 minutos\" \/>\n<script type=\"application\/ld+json\" class=\"yoast-schema-graph\">{\"@context\":\"https:\\\/\\\/schema.org\",\"@graph\":[{\"@type\":\"Article\",\"@id\":\"https:\\\/\\\/www.lamennais.org\\\/universidad-estados-unidos-richard-jusseaume-pre-sidente-de-walsh-university-anuncia-su-jubilacion\\\/?lang=es#article\",\"isPartOf\":{\"@id\":\"https:\\\/\\\/www.lamennais.org\\\/universidad-estados-unidos-richard-jusseaume-pre-sidente-de-walsh-university-anuncia-su-jubilacion\\\/?lang=es\"},\"author\":{\"name\":\"Herv\u00e9 Asse\",\"@id\":\"https:\\\/\\\/www.lamennais.org\\\/#\\\/schema\\\/person\\\/2a8d6e8a95babedd5ba1c43afd2e3844\"},\"headline\":\"UNIVERSIDAD, ESTADOS UNIDOS. Richard Jusseaume, Pre-sidente de Walsh University anuncia su jubilaci\u00f3n.\",\"datePublished\":\"2019-05-14T13:32:07+00:00\",\"dateModified\":\"2019-05-15T14:13:01+00:00\",\"mainEntityOfPage\":{\"@id\":\"https:\\\/\\\/www.lamennais.org\\\/universidad-estados-unidos-richard-jusseaume-pre-sidente-de-walsh-university-anuncia-su-jubilacion\\\/?lang=es\"},\"wordCount\":922,\"image\":{\"@id\":\"https:\\\/\\\/www.lamennais.org\\\/universidad-estados-unidos-richard-jusseaume-pre-sidente-de-walsh-university-anuncia-su-jubilacion\\\/?lang=es#primaryimage\"},\"thumbnailUrl\":\"https:\\\/\\\/www.lamennais.org\\\/wp-content\\\/uploads\\\/2019\\\/05\\\/57577020_10156102362646190_4095075948926337024_n.jpg\",\"articleSection\":[\"NOTICIAS\"],\"inLanguage\":\"es\"},{\"@type\":\"WebPage\",\"@id\":\"https:\\\/\\\/www.lamennais.org\\\/universidad-estados-unidos-richard-jusseaume-pre-sidente-de-walsh-university-anuncia-su-jubilacion\\\/?lang=es\",\"url\":\"https:\\\/\\\/www.lamennais.org\\\/universidad-estados-unidos-richard-jusseaume-pre-sidente-de-walsh-university-anuncia-su-jubilacion\\\/?lang=es\",\"name\":\"UNIVERSIDAD, ESTADOS UNIDOS. Richard Jusseaume, Pre-sidente de Walsh University anuncia su jubilaci\u00f3n. - LaMennais.org\",\"isPartOf\":{\"@id\":\"https:\\\/\\\/www.lamennais.org\\\/#website\"},\"primaryImageOfPage\":{\"@id\":\"https:\\\/\\\/www.lamennais.org\\\/universidad-estados-unidos-richard-jusseaume-pre-sidente-de-walsh-university-anuncia-su-jubilacion\\\/?lang=es#primaryimage\"},\"image\":{\"@id\":\"https:\\\/\\\/www.lamennais.org\\\/universidad-estados-unidos-richard-jusseaume-pre-sidente-de-walsh-university-anuncia-su-jubilacion\\\/?lang=es#primaryimage\"},\"thumbnailUrl\":\"https:\\\/\\\/www.lamennais.org\\\/wp-content\\\/uploads\\\/2019\\\/05\\\/57577020_10156102362646190_4095075948926337024_n.jpg\",\"datePublished\":\"2019-05-14T13:32:07+00:00\",\"dateModified\":\"2019-05-15T14:13:01+00:00\",\"author\":{\"@id\":\"https:\\\/\\\/www.lamennais.org\\\/#\\\/schema\\\/person\\\/2a8d6e8a95babedd5ba1c43afd2e3844\"},\"breadcrumb\":{\"@id\":\"https:\\\/\\\/www.lamennais.org\\\/universidad-estados-unidos-richard-jusseaume-pre-sidente-de-walsh-university-anuncia-su-jubilacion\\\/?lang=es#breadcrumb\"},\"inLanguage\":\"es\",\"potentialAction\":[{\"@type\":\"ReadAction\",\"target\":[\"https:\\\/\\\/www.lamennais.org\\\/universidad-estados-unidos-richard-jusseaume-pre-sidente-de-walsh-university-anuncia-su-jubilacion\\\/?lang=es\"]}]},{\"@type\":\"ImageObject\",\"inLanguage\":\"es\",\"@id\":\"https:\\\/\\\/www.lamennais.org\\\/universidad-estados-unidos-richard-jusseaume-pre-sidente-de-walsh-university-anuncia-su-jubilacion\\\/?lang=es#primaryimage\",\"url\":\"https:\\\/\\\/www.lamennais.org\\\/wp-content\\\/uploads\\\/2019\\\/05\\\/57577020_10156102362646190_4095075948926337024_n.jpg\",\"contentUrl\":\"https:\\\/\\\/www.lamennais.org\\\/wp-content\\\/uploads\\\/2019\\\/05\\\/57577020_10156102362646190_4095075948926337024_n.jpg\",\"width\":960,\"height\":786},{\"@type\":\"BreadcrumbList\",\"@id\":\"https:\\\/\\\/www.lamennais.org\\\/universidad-estados-unidos-richard-jusseaume-pre-sidente-de-walsh-university-anuncia-su-jubilacion\\\/?lang=es#breadcrumb\",\"itemListElement\":[{\"@type\":\"ListItem\",\"position\":1,\"name\":\"Accueil\",\"item\":\"https:\\\/\\\/www.lamennais.org\\\/\"},{\"@type\":\"ListItem\",\"position\":2,\"name\":\"UNIVERSIDAD, ESTADOS UNIDOS. Richard Jusseaume, Pre-sidente de Walsh University anuncia su jubilaci\u00f3n.\"}]},{\"@type\":\"WebSite\",\"@id\":\"https:\\\/\\\/www.lamennais.org\\\/#website\",\"url\":\"https:\\\/\\\/www.lamennais.org\\\/\",\"name\":\"LaMennais.org\",\"description\":\"Fr\u00e8res de l&#039;Instruction Chr\u00e9tienne et Famille Mennaisienne\",\"potentialAction\":[{\"@type\":\"SearchAction\",\"target\":{\"@type\":\"EntryPoint\",\"urlTemplate\":\"https:\\\/\\\/www.lamennais.org\\\/?s={search_term_string}\"},\"query-input\":{\"@type\":\"PropertyValueSpecification\",\"valueRequired\":true,\"valueName\":\"search_term_string\"}}],\"inLanguage\":\"es\"},{\"@type\":\"Person\",\"@id\":\"https:\\\/\\\/www.lamennais.org\\\/#\\\/schema\\\/person\\\/2a8d6e8a95babedd5ba1c43afd2e3844\",\"name\":\"Herv\u00e9 Asse\",\"image\":{\"@type\":\"ImageObject\",\"inLanguage\":\"es\",\"@id\":\"https:\\\/\\\/secure.gravatar.com\\\/avatar\\\/1aaa7b1baf759c8b40525f40af381cbaa2b0ddd554f57145bceb0654ba45b4c0?s=96&d=mm&r=g\",\"url\":\"https:\\\/\\\/secure.gravatar.com\\\/avatar\\\/1aaa7b1baf759c8b40525f40af381cbaa2b0ddd554f57145bceb0654ba45b4c0?s=96&d=mm&r=g\",\"contentUrl\":\"https:\\\/\\\/secure.gravatar.com\\\/avatar\\\/1aaa7b1baf759c8b40525f40af381cbaa2b0ddd554f57145bceb0654ba45b4c0?s=96&d=mm&r=g\",\"caption\":\"Herv\u00e9 Asse\"}}]}<\/script>\n<!-- \/ Yoast SEO plugin. -->","yoast_head_json":{"title":"UNIVERSIDAD, ESTADOS UNIDOS. Richard Jusseaume, Pre-sidente de Walsh University anuncia su jubilaci\u00f3n. - LaMennais.org","robots":{"index":"index","follow":"follow","max-snippet":"max-snippet:-1","max-image-preview":"max-image-preview:large","max-video-preview":"max-video-preview:-1"},"canonical":"https:\/\/www.lamennais.org\/universidad-estados-unidos-richard-jusseaume-pre-sidente-de-walsh-university-anuncia-su-jubilacion\/?lang=es","og_locale":"es_ES","og_type":"article","og_title":"UNIVERSIDAD, ESTADOS UNIDOS. Richard Jusseaume, Pre-sidente de Walsh University anuncia su jubilaci\u00f3n. - LaMennais.org","og_description":"Despu\u00e9s de 18 a\u00f1os marcados por un crecimiento de la Universidad de Walsh, el presidente Richard Jusseaume ha anunciado su salida de la presidencia. El pasado 28 de abril se le ha hecho un homenaje y tambi\u00e9n a su esposa y a los Hermanos de la Instrucci\u00f3n Cristiana, durante la ceremonia de entrega de diplomas. [&hellip;]","og_url":"https:\/\/www.lamennais.org\/universidad-estados-unidos-richard-jusseaume-pre-sidente-de-walsh-university-anuncia-su-jubilacion\/?lang=es","og_site_name":"LaMennais.org","article_published_time":"2019-05-14T13:32:07+00:00","article_modified_time":"2019-05-15T14:13:01+00:00","og_image":[{"width":960,"height":786,"url":"https:\/\/www.lamennais.org\/wp-content\/uploads\/2019\/05\/57577020_10156102362646190_4095075948926337024_n.jpg","type":"image\/jpeg"}],"author":"Herv\u00e9 Asse","twitter_card":"summary_large_image","twitter_misc":{"Escrito por":"Herv\u00e9 Asse","Tiempo de lectura":"5 minutos"},"schema":{"@context":"https:\/\/schema.org","@graph":[{"@type":"Article","@id":"https:\/\/www.lamennais.org\/universidad-estados-unidos-richard-jusseaume-pre-sidente-de-walsh-university-anuncia-su-jubilacion\/?lang=es#article","isPartOf":{"@id":"https:\/\/www.lamennais.org\/universidad-estados-unidos-richard-jusseaume-pre-sidente-de-walsh-university-anuncia-su-jubilacion\/?lang=es"},"author":{"name":"Herv\u00e9 Asse","@id":"https:\/\/www.lamennais.org\/#\/schema\/person\/2a8d6e8a95babedd5ba1c43afd2e3844"},"headline":"UNIVERSIDAD, ESTADOS UNIDOS. Richard Jusseaume, Pre-sidente de Walsh University anuncia su jubilaci\u00f3n.","datePublished":"2019-05-14T13:32:07+00:00","dateModified":"2019-05-15T14:13:01+00:00","mainEntityOfPage":{"@id":"https:\/\/www.lamennais.org\/universidad-estados-unidos-richard-jusseaume-pre-sidente-de-walsh-university-anuncia-su-jubilacion\/?lang=es"},"wordCount":922,"image":{"@id":"https:\/\/www.lamennais.org\/universidad-estados-unidos-richard-jusseaume-pre-sidente-de-walsh-university-anuncia-su-jubilacion\/?lang=es#primaryimage"},"thumbnailUrl":"https:\/\/www.lamennais.org\/wp-content\/uploads\/2019\/05\/57577020_10156102362646190_4095075948926337024_n.jpg","articleSection":["NOTICIAS"],"inLanguage":"es"},{"@type":"WebPage","@id":"https:\/\/www.lamennais.org\/universidad-estados-unidos-richard-jusseaume-pre-sidente-de-walsh-university-anuncia-su-jubilacion\/?lang=es","url":"https:\/\/www.lamennais.org\/universidad-estados-unidos-richard-jusseaume-pre-sidente-de-walsh-university-anuncia-su-jubilacion\/?lang=es","name":"UNIVERSIDAD, ESTADOS UNIDOS. Richard Jusseaume, Pre-sidente de Walsh University anuncia su jubilaci\u00f3n. - LaMennais.org","isPartOf":{"@id":"https:\/\/www.lamennais.org\/#website"},"primaryImageOfPage":{"@id":"https:\/\/www.lamennais.org\/universidad-estados-unidos-richard-jusseaume-pre-sidente-de-walsh-university-anuncia-su-jubilacion\/?lang=es#primaryimage"},"image":{"@id":"https:\/\/www.lamennais.org\/universidad-estados-unidos-richard-jusseaume-pre-sidente-de-walsh-university-anuncia-su-jubilacion\/?lang=es#primaryimage"},"thumbnailUrl":"https:\/\/www.lamennais.org\/wp-content\/uploads\/2019\/05\/57577020_10156102362646190_4095075948926337024_n.jpg","datePublished":"2019-05-14T13:32:07+00:00","dateModified":"2019-05-15T14:13:01+00:00","author":{"@id":"https:\/\/www.lamennais.org\/#\/schema\/person\/2a8d6e8a95babedd5ba1c43afd2e3844"},"breadcrumb":{"@id":"https:\/\/www.lamennais.org\/universidad-estados-unidos-richard-jusseaume-pre-sidente-de-walsh-university-anuncia-su-jubilacion\/?lang=es#breadcrumb"},"inLanguage":"es","potentialAction":[{"@type":"ReadAction","target":["https:\/\/www.lamennais.org\/universidad-estados-unidos-richard-jusseaume-pre-sidente-de-walsh-university-anuncia-su-jubilacion\/?lang=es"]}]},{"@type":"ImageObject","inLanguage":"es","@id":"https:\/\/www.lamennais.org\/universidad-estados-unidos-richard-jusseaume-pre-sidente-de-walsh-university-anuncia-su-jubilacion\/?lang=es#primaryimage","url":"https:\/\/www.lamennais.org\/wp-content\/uploads\/2019\/05\/57577020_10156102362646190_4095075948926337024_n.jpg","contentUrl":"https:\/\/www.lamennais.org\/wp-content\/uploads\/2019\/05\/57577020_10156102362646190_4095075948926337024_n.jpg","width":960,"height":786},{"@type":"BreadcrumbList","@id":"https:\/\/www.lamennais.org\/universidad-estados-unidos-richard-jusseaume-pre-sidente-de-walsh-university-anuncia-su-jubilacion\/?lang=es#breadcrumb","itemListElement":[{"@type":"ListItem","position":1,"name":"Accueil","item":"https:\/\/www.lamennais.org\/"},{"@type":"ListItem","position":2,"name":"UNIVERSIDAD, ESTADOS UNIDOS. Richard Jusseaume, Pre-sidente de Walsh University anuncia su jubilaci\u00f3n."}]},{"@type":"WebSite","@id":"https:\/\/www.lamennais.org\/#website","url":"https:\/\/www.lamennais.org\/","name":"LaMennais.org","description":"Fr\u00e8res de l&#039;Instruction Chr\u00e9tienne et Famille Mennaisienne","potentialAction":[{"@type":"SearchAction","target":{"@type":"EntryPoint","urlTemplate":"https:\/\/www.lamennais.org\/?s={search_term_string}"},"query-input":{"@type":"PropertyValueSpecification","valueRequired":true,"valueName":"search_term_string"}}],"inLanguage":"es"},{"@type":"Person","@id":"https:\/\/www.lamennais.org\/#\/schema\/person\/2a8d6e8a95babedd5ba1c43afd2e3844","name":"Herv\u00e9 Asse","image":{"@type":"ImageObject","inLanguage":"es","@id":"https:\/\/secure.gravatar.com\/avatar\/1aaa7b1baf759c8b40525f40af381cbaa2b0ddd554f57145bceb0654ba45b4c0?s=96&d=mm&r=g","url":"https:\/\/secure.gravatar.com\/avatar\/1aaa7b1baf759c8b40525f40af381cbaa2b0ddd554f57145bceb0654ba45b4c0?s=96&d=mm&r=g","contentUrl":"https:\/\/secure.gravatar.com\/avatar\/1aaa7b1baf759c8b40525f40af381cbaa2b0ddd554f57145bceb0654ba45b4c0?s=96&d=mm&r=g","caption":"Herv\u00e9 Asse"}}]}},"_links":{"self":[{"href":"https:\/\/www.lamennais.org\/es\/wp-json\/wp\/v2\/posts\/20927","targetHints":{"allow":["GET"]}}],"collection":[{"href":"https:\/\/www.lamennais.org\/es\/wp-json\/wp\/v2\/posts"}],"about":[{"href":"https:\/\/www.lamennais.org\/es\/wp-json\/wp\/v2\/types\/post"}],"author":[{"embeddable":true,"href":"https:\/\/www.lamennais.org\/es\/wp-json\/wp\/v2\/users\/3"}],"replies":[{"embeddable":true,"href":"https:\/\/www.lamennais.org\/es\/wp-json\/wp\/v2\/comments?post=20927"}],"version-history":[{"count":3,"href":"https:\/\/www.lamennais.org\/es\/wp-json\/wp\/v2\/posts\/20927\/revisions"}],"predecessor-version":[{"id":20930,"href":"https:\/\/www.lamennais.org\/es\/wp-json\/wp\/v2\/posts\/20927\/revisions\/20930"}],"wp:featuredmedia":[{"embeddable":true,"href":"https:\/\/www.lamennais.org\/es\/wp-json\/wp\/v2\/media\/20907"}],"wp:attachment":[{"href":"https:\/\/www.lamennais.org\/es\/wp-json\/wp\/v2\/media?parent=20927"}],"wp:term":[{"taxonomy":"category","embeddable":true,"href":"https:\/\/www.lamennais.org\/es\/wp-json\/wp\/v2\/categories?post=20927"},{"taxonomy":"post_tag","embeddable":true,"href":"https:\/\/www.lamennais.org\/es\/wp-json\/wp\/v2\/tags?post=20927"}],"curies":[{"name":"wp","href":"https:\/\/api.w.org\/{rel}","templated":true}]}}