{"id":20887,"date":"2019-05-10T08:29:17","date_gmt":"2019-05-10T06:29:17","guid":{"rendered":"http:\/\/www.lamennais.org\/?p=20887"},"modified":"2019-05-10T17:47:06","modified_gmt":"2019-05-10T15:47:06","slug":"2-240-jovenes-escriben-200-y-ds-se-ha-abierto-el-bicentenario-en-tahiti-en-el-liceo-la-mennais-de-papeete","status":"publish","type":"post","link":"https:\/\/www.lamennais.org\/es\/2-240-jovenes-escriben-200-y-ds-se-ha-abierto-el-bicentenario-en-tahiti-en-el-liceo-la-mennais-de-papeete\/","title":{"rendered":"2 240 J\u00d3VENES escriben 200 y D+S. Se ha abierto el Bicentenario en Tahit\u00ed en el Liceo La Mennais de Papeete."},"content":{"rendered":"<p>\u00a1Hermosas im\u00e1genes y un hermoso s\u00edmbolo! Los 2.240 alumnos del Colegio-Secundario La Mennais de Papeete han representado el pasado 30 de abril el s\u00edmbolo <strong>D+S<\/strong> que significa <strong>Dios Solo<\/strong>, lema de la Congregaci\u00f3n de los Hermanos, con motivo del a\u00f1o de los 200 a\u00f1os de la fundaci\u00f3n.<\/p>\n<p><img fetchpriority=\"high\" decoding=\"async\" class=\"alignleft wp-image-20858 size-full\" src=\"http:\/\/www.lamennais.org\/wp-content\/uploads\/2019\/05\/Capture-10.jpg\" alt=\"\" width=\"455\" height=\"268\" srcset=\"https:\/\/www.lamennais.org\/wp-content\/uploads\/2019\/05\/Capture-10.jpg 455w, https:\/\/www.lamennais.org\/wp-content\/uploads\/2019\/05\/Capture-10-300x177.jpg 300w, https:\/\/www.lamennais.org\/wp-content\/uploads\/2019\/05\/Capture-10-260x153.jpg 260w\" sizes=\"(max-width: 455px) 100vw, 455px\" \/><\/p>\n<p><strong>Val\u00e9rie Faua,<\/strong> directora del establecimiento, quiso rendir homenaje a los dos fundadores de la Congregaci\u00f3n: Juan Mar\u00eda de la Mennais y Gabriel Deshayes. Todos los alumnos participaron con entusiasmo.<\/p>\n<p>Se difundieron numerosas entrevistas y reportajes en la 1ra.francetvinfo.fr\/polynesie\/tahiti y en TNTV Tahiti Nui T\u00e9l\u00e9vision, Entrevista a los H<strong>ermanos Henri ALANOU y Maxime CHAN<\/strong> el 30 de abril de 2019 (<strong>11&#8217;20\u201d a 16\u2019<\/strong> )<\/p>\n<p>Verlo en : <a href=\"https:\/\/www.lamennais.org\/es\/animations\/?lang=es\" target=\"_blank\" rel=\"noopener noreferrer\">http:\/\/www.lamennais.org\/animations\/?lang=es<\/a><\/p>\n<div id=\"attachment_20864\" style=\"width: 862px\" class=\"wp-caption aligncenter\"><img decoding=\"async\" aria-describedby=\"caption-attachment-20864\" class=\"wp-image-20864 size-full\" src=\"http:\/\/www.lamennais.org\/wp-content\/uploads\/2019\/05\/Capture-12.jpg\" alt=\"\" width=\"852\" height=\"464\" srcset=\"https:\/\/www.lamennais.org\/wp-content\/uploads\/2019\/05\/Capture-12.jpg 852w, https:\/\/www.lamennais.org\/wp-content\/uploads\/2019\/05\/Capture-12-300x163.jpg 300w, https:\/\/www.lamennais.org\/wp-content\/uploads\/2019\/05\/Capture-12-768x418.jpg 768w, https:\/\/www.lamennais.org\/wp-content\/uploads\/2019\/05\/Capture-12-260x142.jpg 260w\" sizes=\"(max-width: 852px) 100vw, 852px\" \/><p id=\"caption-attachment-20864\" class=\"wp-caption-text\">El <em>Hno Henri ALANOU presenta los 200 a\u00f1os de la fundaci\u00f3n de los Hermanos.<\/em><\/p><\/div>\n<div id=\"attachment_20861\" style=\"width: 633px\" class=\"wp-caption aligncenter\"><img decoding=\"async\" aria-describedby=\"caption-attachment-20861\" class=\"wp-image-20861 size-full\" src=\"http:\/\/www.lamennais.org\/wp-content\/uploads\/2019\/05\/Capture-11.jpg\" alt=\"\" width=\"623\" height=\"252\" srcset=\"https:\/\/www.lamennais.org\/wp-content\/uploads\/2019\/05\/Capture-11.jpg 623w, https:\/\/www.lamennais.org\/wp-content\/uploads\/2019\/05\/Capture-11-300x121.jpg 300w, https:\/\/www.lamennais.org\/wp-content\/uploads\/2019\/05\/Capture-11-260x105.jpg 260w\" sizes=\"(max-width: 623px) 100vw, 623px\" \/><p id=\"caption-attachment-20861\" class=\"wp-caption-text\"><em>El Hermano Maxime CHAN durante la entrevista de televisi\u00f3n<\/em>.<\/p><\/div>\n<p>Matari ha realizado un v\u00eddeo impresionante y din\u00e1mico.<\/p>\n<p><strong>Ver EL V\u00cdDEO haciendo clic aqu\u00ed :<\/strong><\/p>\n<p><a href=\"https:\/\/www.youtube.com\/watch?v=iaKUvQovDBQ\">https:\/\/www.youtube.com\/watch?v=iaKUvQovDBQ<\/a><\/p>\n<p><img loading=\"lazy\" decoding=\"async\" class=\"alignleft size-full wp-image-20855\" src=\"http:\/\/www.lamennais.org\/wp-content\/uploads\/2019\/05\/Capture-9.jpg\" alt=\"\" width=\"690\" height=\"352\" srcset=\"https:\/\/www.lamennais.org\/wp-content\/uploads\/2019\/05\/Capture-9.jpg 690w, https:\/\/www.lamennais.org\/wp-content\/uploads\/2019\/05\/Capture-9-300x153.jpg 300w, https:\/\/www.lamennais.org\/wp-content\/uploads\/2019\/05\/Capture-9-260x133.jpg 260w\" sizes=\"(max-width: 690px) 100vw, 690px\" \/><strong>Para el pr\u00f3ximo mes de noviembre est\u00e1 programado otro momento culminante.<\/strong><\/p>\n","protected":false},"excerpt":{"rendered":"<p>\u00a1Hermosas im\u00e1genes y un hermoso s\u00edmbolo! Los 2.240 alumnos del Colegio-Secundario La Mennais de Papeete han representado el pasado 30 de abril el s\u00edmbolo D+S que significa Dios Solo, lema de la Congregaci\u00f3n de los Hermanos, con motivo del a\u00f1o de los 200 a\u00f1os de la fundaci\u00f3n. Val\u00e9rie Faua, directora del establecimiento, quiso rendir homenaje [&hellip;]<\/p>\n","protected":false},"author":3,"featured_media":20854,"comment_status":"closed","ping_status":"closed","sticky":false,"template":"","format":"standard","meta":{"footnotes":""},"categories":[105],"tags":[],"class_list":["post-20887","post","type-post","status-publish","format-standard","has-post-thumbnail","hentry","category-noticias"],"yoast_head":"<!-- This site is optimized with the Yoast SEO plugin v27.4 - https:\/\/yoast.com\/product\/yoast-seo-wordpress\/ -->\n<title>2 240 J\u00d3VENES escriben 200 y D+S. Se ha abierto el Bicentenario en Tahit\u00ed en el Liceo La Mennais de Papeete. - LaMennais.org<\/title>\n<meta name=\"robots\" content=\"index, follow, max-snippet:-1, max-image-preview:large, max-video-preview:-1\" \/>\n<link rel=\"canonical\" href=\"https:\/\/www.lamennais.org\/2-240-jovenes-escriben-200-y-ds-se-ha-abierto-el-bicentenario-en-tahiti-en-el-liceo-la-mennais-de-papeete\/?lang=es\" \/>\n<meta property=\"og:locale\" content=\"es_ES\" \/>\n<meta property=\"og:type\" content=\"article\" \/>\n<meta property=\"og:title\" content=\"2 240 J\u00d3VENES escriben 200 y D+S. Se ha abierto el Bicentenario en Tahit\u00ed en el Liceo La Mennais de Papeete. - LaMennais.org\" \/>\n<meta property=\"og:description\" content=\"\u00a1Hermosas im\u00e1genes y un hermoso s\u00edmbolo! Los 2.240 alumnos del Colegio-Secundario La Mennais de Papeete han representado el pasado 30 de abril el s\u00edmbolo D+S que significa Dios Solo, lema de la Congregaci\u00f3n de los Hermanos, con motivo del a\u00f1o de los 200 a\u00f1os de la fundaci\u00f3n. Val\u00e9rie Faua, directora del establecimiento, quiso rendir homenaje [&hellip;]\" \/>\n<meta property=\"og:url\" content=\"https:\/\/www.lamennais.org\/2-240-jovenes-escriben-200-y-ds-se-ha-abierto-el-bicentenario-en-tahiti-en-el-liceo-la-mennais-de-papeete\/?lang=es\" \/>\n<meta property=\"og:site_name\" content=\"LaMennais.org\" \/>\n<meta property=\"article:published_time\" content=\"2019-05-10T06:29:17+00:00\" \/>\n<meta property=\"article:modified_time\" content=\"2019-05-10T15:47:06+00:00\" \/>\n<meta property=\"og:image\" content=\"https:\/\/www.lamennais.org\/wp-content\/uploads\/2019\/05\/Capture-8.jpg\" \/>\n\t<meta property=\"og:image:width\" content=\"707\" \/>\n\t<meta property=\"og:image:height\" content=\"349\" \/>\n\t<meta property=\"og:image:type\" content=\"image\/jpeg\" \/>\n<meta name=\"author\" content=\"Herv\u00e9 Asse\" \/>\n<meta name=\"twitter:card\" content=\"summary_large_image\" \/>\n<meta name=\"twitter:label1\" content=\"Escrito por\" \/>\n\t<meta name=\"twitter:data1\" content=\"Herv\u00e9 Asse\" \/>\n\t<meta name=\"twitter:label2\" content=\"Tiempo de lectura\" \/>\n\t<meta name=\"twitter:data2\" content=\"1 minuto\" \/>\n<script type=\"application\/ld+json\" class=\"yoast-schema-graph\">{\"@context\":\"https:\\\/\\\/schema.org\",\"@graph\":[{\"@type\":\"Article\",\"@id\":\"https:\\\/\\\/www.lamennais.org\\\/2-240-jovenes-escriben-200-y-ds-se-ha-abierto-el-bicentenario-en-tahiti-en-el-liceo-la-mennais-de-papeete\\\/?lang=es#article\",\"isPartOf\":{\"@id\":\"https:\\\/\\\/www.lamennais.org\\\/2-240-jovenes-escriben-200-y-ds-se-ha-abierto-el-bicentenario-en-tahiti-en-el-liceo-la-mennais-de-papeete\\\/?lang=es\"},\"author\":{\"name\":\"Herv\u00e9 Asse\",\"@id\":\"https:\\\/\\\/www.lamennais.org\\\/#\\\/schema\\\/person\\\/2a8d6e8a95babedd5ba1c43afd2e3844\"},\"headline\":\"2 240 J\u00d3VENES escriben 200 y D+S. Se ha abierto el Bicentenario en Tahit\u00ed en el Liceo La Mennais de Papeete.\",\"datePublished\":\"2019-05-10T06:29:17+00:00\",\"dateModified\":\"2019-05-10T15:47:06+00:00\",\"mainEntityOfPage\":{\"@id\":\"https:\\\/\\\/www.lamennais.org\\\/2-240-jovenes-escriben-200-y-ds-se-ha-abierto-el-bicentenario-en-tahiti-en-el-liceo-la-mennais-de-papeete\\\/?lang=es\"},\"wordCount\":223,\"image\":{\"@id\":\"https:\\\/\\\/www.lamennais.org\\\/2-240-jovenes-escriben-200-y-ds-se-ha-abierto-el-bicentenario-en-tahiti-en-el-liceo-la-mennais-de-papeete\\\/?lang=es#primaryimage\"},\"thumbnailUrl\":\"https:\\\/\\\/www.lamennais.org\\\/wp-content\\\/uploads\\\/2019\\\/05\\\/Capture-8.jpg\",\"articleSection\":[\"NOTICIAS\"],\"inLanguage\":\"es\"},{\"@type\":\"WebPage\",\"@id\":\"https:\\\/\\\/www.lamennais.org\\\/2-240-jovenes-escriben-200-y-ds-se-ha-abierto-el-bicentenario-en-tahiti-en-el-liceo-la-mennais-de-papeete\\\/?lang=es\",\"url\":\"https:\\\/\\\/www.lamennais.org\\\/2-240-jovenes-escriben-200-y-ds-se-ha-abierto-el-bicentenario-en-tahiti-en-el-liceo-la-mennais-de-papeete\\\/?lang=es\",\"name\":\"2 240 J\u00d3VENES escriben 200 y D+S. Se ha abierto el Bicentenario en Tahit\u00ed en el Liceo La Mennais de Papeete. - LaMennais.org\",\"isPartOf\":{\"@id\":\"https:\\\/\\\/www.lamennais.org\\\/#website\"},\"primaryImageOfPage\":{\"@id\":\"https:\\\/\\\/www.lamennais.org\\\/2-240-jovenes-escriben-200-y-ds-se-ha-abierto-el-bicentenario-en-tahiti-en-el-liceo-la-mennais-de-papeete\\\/?lang=es#primaryimage\"},\"image\":{\"@id\":\"https:\\\/\\\/www.lamennais.org\\\/2-240-jovenes-escriben-200-y-ds-se-ha-abierto-el-bicentenario-en-tahiti-en-el-liceo-la-mennais-de-papeete\\\/?lang=es#primaryimage\"},\"thumbnailUrl\":\"https:\\\/\\\/www.lamennais.org\\\/wp-content\\\/uploads\\\/2019\\\/05\\\/Capture-8.jpg\",\"datePublished\":\"2019-05-10T06:29:17+00:00\",\"dateModified\":\"2019-05-10T15:47:06+00:00\",\"author\":{\"@id\":\"https:\\\/\\\/www.lamennais.org\\\/#\\\/schema\\\/person\\\/2a8d6e8a95babedd5ba1c43afd2e3844\"},\"breadcrumb\":{\"@id\":\"https:\\\/\\\/www.lamennais.org\\\/2-240-jovenes-escriben-200-y-ds-se-ha-abierto-el-bicentenario-en-tahiti-en-el-liceo-la-mennais-de-papeete\\\/?lang=es#breadcrumb\"},\"inLanguage\":\"es\",\"potentialAction\":[{\"@type\":\"ReadAction\",\"target\":[\"https:\\\/\\\/www.lamennais.org\\\/2-240-jovenes-escriben-200-y-ds-se-ha-abierto-el-bicentenario-en-tahiti-en-el-liceo-la-mennais-de-papeete\\\/?lang=es\"]}]},{\"@type\":\"ImageObject\",\"inLanguage\":\"es\",\"@id\":\"https:\\\/\\\/www.lamennais.org\\\/2-240-jovenes-escriben-200-y-ds-se-ha-abierto-el-bicentenario-en-tahiti-en-el-liceo-la-mennais-de-papeete\\\/?lang=es#primaryimage\",\"url\":\"https:\\\/\\\/www.lamennais.org\\\/wp-content\\\/uploads\\\/2019\\\/05\\\/Capture-8.jpg\",\"contentUrl\":\"https:\\\/\\\/www.lamennais.org\\\/wp-content\\\/uploads\\\/2019\\\/05\\\/Capture-8.jpg\",\"width\":707,\"height\":349},{\"@type\":\"BreadcrumbList\",\"@id\":\"https:\\\/\\\/www.lamennais.org\\\/2-240-jovenes-escriben-200-y-ds-se-ha-abierto-el-bicentenario-en-tahiti-en-el-liceo-la-mennais-de-papeete\\\/?lang=es#breadcrumb\",\"itemListElement\":[{\"@type\":\"ListItem\",\"position\":1,\"name\":\"Accueil\",\"item\":\"https:\\\/\\\/www.lamennais.org\\\/\"},{\"@type\":\"ListItem\",\"position\":2,\"name\":\"2 240 J\u00d3VENES escriben 200 y D+S. Se ha abierto el Bicentenario en Tahit\u00ed en el Liceo La Mennais de Papeete.\"}]},{\"@type\":\"WebSite\",\"@id\":\"https:\\\/\\\/www.lamennais.org\\\/#website\",\"url\":\"https:\\\/\\\/www.lamennais.org\\\/\",\"name\":\"LaMennais.org\",\"description\":\"Fr\u00e8res de l&#039;Instruction Chr\u00e9tienne et Famille Mennaisienne\",\"potentialAction\":[{\"@type\":\"SearchAction\",\"target\":{\"@type\":\"EntryPoint\",\"urlTemplate\":\"https:\\\/\\\/www.lamennais.org\\\/?s={search_term_string}\"},\"query-input\":{\"@type\":\"PropertyValueSpecification\",\"valueRequired\":true,\"valueName\":\"search_term_string\"}}],\"inLanguage\":\"es\"},{\"@type\":\"Person\",\"@id\":\"https:\\\/\\\/www.lamennais.org\\\/#\\\/schema\\\/person\\\/2a8d6e8a95babedd5ba1c43afd2e3844\",\"name\":\"Herv\u00e9 Asse\",\"image\":{\"@type\":\"ImageObject\",\"inLanguage\":\"es\",\"@id\":\"https:\\\/\\\/secure.gravatar.com\\\/avatar\\\/1aaa7b1baf759c8b40525f40af381cbaa2b0ddd554f57145bceb0654ba45b4c0?s=96&d=mm&r=g\",\"url\":\"https:\\\/\\\/secure.gravatar.com\\\/avatar\\\/1aaa7b1baf759c8b40525f40af381cbaa2b0ddd554f57145bceb0654ba45b4c0?s=96&d=mm&r=g\",\"contentUrl\":\"https:\\\/\\\/secure.gravatar.com\\\/avatar\\\/1aaa7b1baf759c8b40525f40af381cbaa2b0ddd554f57145bceb0654ba45b4c0?s=96&d=mm&r=g\",\"caption\":\"Herv\u00e9 Asse\"}}]}<\/script>\n<!-- \/ Yoast SEO plugin. -->","yoast_head_json":{"title":"2 240 J\u00d3VENES escriben 200 y D+S. Se ha abierto el Bicentenario en Tahit\u00ed en el Liceo La Mennais de Papeete. - LaMennais.org","robots":{"index":"index","follow":"follow","max-snippet":"max-snippet:-1","max-image-preview":"max-image-preview:large","max-video-preview":"max-video-preview:-1"},"canonical":"https:\/\/www.lamennais.org\/2-240-jovenes-escriben-200-y-ds-se-ha-abierto-el-bicentenario-en-tahiti-en-el-liceo-la-mennais-de-papeete\/?lang=es","og_locale":"es_ES","og_type":"article","og_title":"2 240 J\u00d3VENES escriben 200 y D+S. Se ha abierto el Bicentenario en Tahit\u00ed en el Liceo La Mennais de Papeete. - LaMennais.org","og_description":"\u00a1Hermosas im\u00e1genes y un hermoso s\u00edmbolo! Los 2.240 alumnos del Colegio-Secundario La Mennais de Papeete han representado el pasado 30 de abril el s\u00edmbolo D+S que significa Dios Solo, lema de la Congregaci\u00f3n de los Hermanos, con motivo del a\u00f1o de los 200 a\u00f1os de la fundaci\u00f3n. Val\u00e9rie Faua, directora del establecimiento, quiso rendir homenaje [&hellip;]","og_url":"https:\/\/www.lamennais.org\/2-240-jovenes-escriben-200-y-ds-se-ha-abierto-el-bicentenario-en-tahiti-en-el-liceo-la-mennais-de-papeete\/?lang=es","og_site_name":"LaMennais.org","article_published_time":"2019-05-10T06:29:17+00:00","article_modified_time":"2019-05-10T15:47:06+00:00","og_image":[{"width":707,"height":349,"url":"https:\/\/www.lamennais.org\/wp-content\/uploads\/2019\/05\/Capture-8.jpg","type":"image\/jpeg"}],"author":"Herv\u00e9 Asse","twitter_card":"summary_large_image","twitter_misc":{"Escrito por":"Herv\u00e9 Asse","Tiempo de lectura":"1 minuto"},"schema":{"@context":"https:\/\/schema.org","@graph":[{"@type":"Article","@id":"https:\/\/www.lamennais.org\/2-240-jovenes-escriben-200-y-ds-se-ha-abierto-el-bicentenario-en-tahiti-en-el-liceo-la-mennais-de-papeete\/?lang=es#article","isPartOf":{"@id":"https:\/\/www.lamennais.org\/2-240-jovenes-escriben-200-y-ds-se-ha-abierto-el-bicentenario-en-tahiti-en-el-liceo-la-mennais-de-papeete\/?lang=es"},"author":{"name":"Herv\u00e9 Asse","@id":"https:\/\/www.lamennais.org\/#\/schema\/person\/2a8d6e8a95babedd5ba1c43afd2e3844"},"headline":"2 240 J\u00d3VENES escriben 200 y D+S. Se ha abierto el Bicentenario en Tahit\u00ed en el Liceo La Mennais de Papeete.","datePublished":"2019-05-10T06:29:17+00:00","dateModified":"2019-05-10T15:47:06+00:00","mainEntityOfPage":{"@id":"https:\/\/www.lamennais.org\/2-240-jovenes-escriben-200-y-ds-se-ha-abierto-el-bicentenario-en-tahiti-en-el-liceo-la-mennais-de-papeete\/?lang=es"},"wordCount":223,"image":{"@id":"https:\/\/www.lamennais.org\/2-240-jovenes-escriben-200-y-ds-se-ha-abierto-el-bicentenario-en-tahiti-en-el-liceo-la-mennais-de-papeete\/?lang=es#primaryimage"},"thumbnailUrl":"https:\/\/www.lamennais.org\/wp-content\/uploads\/2019\/05\/Capture-8.jpg","articleSection":["NOTICIAS"],"inLanguage":"es"},{"@type":"WebPage","@id":"https:\/\/www.lamennais.org\/2-240-jovenes-escriben-200-y-ds-se-ha-abierto-el-bicentenario-en-tahiti-en-el-liceo-la-mennais-de-papeete\/?lang=es","url":"https:\/\/www.lamennais.org\/2-240-jovenes-escriben-200-y-ds-se-ha-abierto-el-bicentenario-en-tahiti-en-el-liceo-la-mennais-de-papeete\/?lang=es","name":"2 240 J\u00d3VENES escriben 200 y D+S. Se ha abierto el Bicentenario en Tahit\u00ed en el Liceo La Mennais de Papeete. - LaMennais.org","isPartOf":{"@id":"https:\/\/www.lamennais.org\/#website"},"primaryImageOfPage":{"@id":"https:\/\/www.lamennais.org\/2-240-jovenes-escriben-200-y-ds-se-ha-abierto-el-bicentenario-en-tahiti-en-el-liceo-la-mennais-de-papeete\/?lang=es#primaryimage"},"image":{"@id":"https:\/\/www.lamennais.org\/2-240-jovenes-escriben-200-y-ds-se-ha-abierto-el-bicentenario-en-tahiti-en-el-liceo-la-mennais-de-papeete\/?lang=es#primaryimage"},"thumbnailUrl":"https:\/\/www.lamennais.org\/wp-content\/uploads\/2019\/05\/Capture-8.jpg","datePublished":"2019-05-10T06:29:17+00:00","dateModified":"2019-05-10T15:47:06+00:00","author":{"@id":"https:\/\/www.lamennais.org\/#\/schema\/person\/2a8d6e8a95babedd5ba1c43afd2e3844"},"breadcrumb":{"@id":"https:\/\/www.lamennais.org\/2-240-jovenes-escriben-200-y-ds-se-ha-abierto-el-bicentenario-en-tahiti-en-el-liceo-la-mennais-de-papeete\/?lang=es#breadcrumb"},"inLanguage":"es","potentialAction":[{"@type":"ReadAction","target":["https:\/\/www.lamennais.org\/2-240-jovenes-escriben-200-y-ds-se-ha-abierto-el-bicentenario-en-tahiti-en-el-liceo-la-mennais-de-papeete\/?lang=es"]}]},{"@type":"ImageObject","inLanguage":"es","@id":"https:\/\/www.lamennais.org\/2-240-jovenes-escriben-200-y-ds-se-ha-abierto-el-bicentenario-en-tahiti-en-el-liceo-la-mennais-de-papeete\/?lang=es#primaryimage","url":"https:\/\/www.lamennais.org\/wp-content\/uploads\/2019\/05\/Capture-8.jpg","contentUrl":"https:\/\/www.lamennais.org\/wp-content\/uploads\/2019\/05\/Capture-8.jpg","width":707,"height":349},{"@type":"BreadcrumbList","@id":"https:\/\/www.lamennais.org\/2-240-jovenes-escriben-200-y-ds-se-ha-abierto-el-bicentenario-en-tahiti-en-el-liceo-la-mennais-de-papeete\/?lang=es#breadcrumb","itemListElement":[{"@type":"ListItem","position":1,"name":"Accueil","item":"https:\/\/www.lamennais.org\/"},{"@type":"ListItem","position":2,"name":"2 240 J\u00d3VENES escriben 200 y D+S. Se ha abierto el Bicentenario en Tahit\u00ed en el Liceo La Mennais de Papeete."}]},{"@type":"WebSite","@id":"https:\/\/www.lamennais.org\/#website","url":"https:\/\/www.lamennais.org\/","name":"LaMennais.org","description":"Fr\u00e8res de l&#039;Instruction Chr\u00e9tienne et Famille Mennaisienne","potentialAction":[{"@type":"SearchAction","target":{"@type":"EntryPoint","urlTemplate":"https:\/\/www.lamennais.org\/?s={search_term_string}"},"query-input":{"@type":"PropertyValueSpecification","valueRequired":true,"valueName":"search_term_string"}}],"inLanguage":"es"},{"@type":"Person","@id":"https:\/\/www.lamennais.org\/#\/schema\/person\/2a8d6e8a95babedd5ba1c43afd2e3844","name":"Herv\u00e9 Asse","image":{"@type":"ImageObject","inLanguage":"es","@id":"https:\/\/secure.gravatar.com\/avatar\/1aaa7b1baf759c8b40525f40af381cbaa2b0ddd554f57145bceb0654ba45b4c0?s=96&d=mm&r=g","url":"https:\/\/secure.gravatar.com\/avatar\/1aaa7b1baf759c8b40525f40af381cbaa2b0ddd554f57145bceb0654ba45b4c0?s=96&d=mm&r=g","contentUrl":"https:\/\/secure.gravatar.com\/avatar\/1aaa7b1baf759c8b40525f40af381cbaa2b0ddd554f57145bceb0654ba45b4c0?s=96&d=mm&r=g","caption":"Herv\u00e9 Asse"}}]}},"_links":{"self":[{"href":"https:\/\/www.lamennais.org\/es\/wp-json\/wp\/v2\/posts\/20887","targetHints":{"allow":["GET"]}}],"collection":[{"href":"https:\/\/www.lamennais.org\/es\/wp-json\/wp\/v2\/posts"}],"about":[{"href":"https:\/\/www.lamennais.org\/es\/wp-json\/wp\/v2\/types\/post"}],"author":[{"embeddable":true,"href":"https:\/\/www.lamennais.org\/es\/wp-json\/wp\/v2\/users\/3"}],"replies":[{"embeddable":true,"href":"https:\/\/www.lamennais.org\/es\/wp-json\/wp\/v2\/comments?post=20887"}],"version-history":[{"count":2,"href":"https:\/\/www.lamennais.org\/es\/wp-json\/wp\/v2\/posts\/20887\/revisions"}],"predecessor-version":[{"id":20889,"href":"https:\/\/www.lamennais.org\/es\/wp-json\/wp\/v2\/posts\/20887\/revisions\/20889"}],"wp:featuredmedia":[{"embeddable":true,"href":"https:\/\/www.lamennais.org\/es\/wp-json\/wp\/v2\/media\/20854"}],"wp:attachment":[{"href":"https:\/\/www.lamennais.org\/es\/wp-json\/wp\/v2\/media?parent=20887"}],"wp:term":[{"taxonomy":"category","embeddable":true,"href":"https:\/\/www.lamennais.org\/es\/wp-json\/wp\/v2\/categories?post=20887"},{"taxonomy":"post_tag","embeddable":true,"href":"https:\/\/www.lamennais.org\/es\/wp-json\/wp\/v2\/tags?post=20887"}],"curies":[{"name":"wp","href":"https:\/\/api.w.org\/{rel}","templated":true}]}}