{"id":2027,"date":"2015-12-23T13:39:36","date_gmt":"2015-12-23T12:39:36","guid":{"rendered":"http:\/\/www.lamennais.org\/?p=2027"},"modified":"2017-10-24T09:40:53","modified_gmt":"2017-10-24T07:40:53","slug":"famille-mennaisienne-en-ouganda-et-tanzanie-kenya-larbre-continue-de-grandir","status":"publish","type":"post","link":"https:\/\/www.lamennais.org\/es\/famille-mennaisienne-en-ouganda-et-tanzanie-kenya-larbre-continue-de-grandir\/","title":{"rendered":"FAMILLE MENNAISIENNE. En Ouganda et Tanzanie-Kenya, l&#8217;arbre continue de grandir"},"content":{"rendered":"<p><strong><br \/>\n<\/strong>La Famille Mennaisienne sur le continent africain montre des signes de vie qui annoncent un avenir plein d&#8217;esp\u00e9rance.<\/p>\n<p>En Ouganda a eu lieu du 7 au 10 d\u00e9cembre une nouvelle session de formation des Fr\u00e8res et des La\u00efcs de la Famille Mennaisienne de la Province. 25 Fr\u00e8res et 25 La\u00efcs se sont donn\u00e9 rendez-vous sur les bords du lac Victoria, pour approfondir cette nouvelle mani\u00e8re de communier entre la\u00efcs et religieux-fr\u00e8res, et pour chercher ensemble des chemins de vie en vue de la mission selon les contextes et les \u0153uvres mennaisiennes sous ces latitudes. Une commission nomm\u00e9e par le Fr\u00e8re Provincial travaille avec beaucoup de s\u00e9rieux sur la planification et la mise en \u0153uvre des lignes de la Province. Il s&#8217;agit de trouver le bon esprit et la libert\u00e9 d&#8217;expression per\u00e7us durant toute cette rencontre. Un changement de pr\u00e9position a donn\u00e9 une nouvelle direction : Passer de \u00abtravailler <strong>pour <\/strong>les fr\u00e8res\u00bb \u00e0 \u00abtravailler <strong>avec <\/strong>les fr\u00e8res.\u00bb<\/p>\n<p>En Tanzanie, la Province Archange St Michel offre, depuis quelques ann\u00e9es, \u00e0 un groupe de la\u00efcs, six jours d&#8217;approfondissement de l&#8217;identit\u00e9 chr\u00e9tienne dans la Famille Mennaisienne. Cette ann\u00e9e, l&#8217;atelier a permis de tisser des liens entre les participants et de produire des lignes possibles d&#8217;animation dans les communaut\u00e9s et les coll\u00e8ges. Le Fr\u00e8re Provincial a nomm\u00e9 le Fr\u00e8re Anthony, vice-provincial, comme accompagnateur provincial de la Famille Mennaisienne dans les deux pays. Les la\u00efcs attendent maintenant la confirmation des grandes id\u00e9es provinciales dans chaque \u00e9cole, pour cr\u00e9er un groupe de la\u00efcs qui, en lien avec les Fr\u00e8res, veillera \u00e0 la fid\u00e9lit\u00e9 \u00e0 l&#8217;h\u00e9ritage re\u00e7u de nos fondateurs.<\/p>\n<p>Que l&#8217;Enfant qui vient nous aide \u00e0 faire grandir en nos c\u0153urs l&#8217;esprit nouveau qui na\u00eet chez les Fr\u00e8res et les La\u00efcs Mennaisiens de nos r\u00e9gions.<\/p>\n<p>H. Guillermo D\u00e1vila.<\/p>\n<div style=\"width: 470px\" class=\"wp-caption aligncenter\"><img fetchpriority=\"high\" decoding=\"async\" src=\"http:\/\/www.lamennais.org\/images\/images2015\/040_ougtan01.jpg\" width=\"460\" height=\"345\" \/><p class=\"wp-caption-text\">Session de la Famille Mennaisienne \u00e0 Nabinoonya, Ouganda.<\/p><\/div>\n<p>&nbsp;<\/p>\n<div style=\"width: 470px\" class=\"wp-caption aligncenter\"><img decoding=\"async\" src=\"http:\/\/www.lamennais.org\/images\/images2015\/040_ougtan02.jpg\" width=\"460\" height=\"345\" \/><p class=\"wp-caption-text\">Plantation de l&#8217;arbre symbolisant la Famille Mennaisienne par le F. Peter Kazekulya, Provincial<\/p><\/div>\n<p>&nbsp;<\/p>\n<div style=\"width: 470px\" class=\"wp-caption aligncenter\"><img decoding=\"async\" src=\"http:\/\/www.lamennais.org\/images\/images2015\/040_ougtan03.jpg\" width=\"460\" height=\"258\" \/><p class=\"wp-caption-text\">Une \u00e9quipe au travail.<\/p><\/div>\n<p>&nbsp;<\/p>\n<div style=\"width: 470px\" class=\"wp-caption aligncenter\"><img loading=\"lazy\" decoding=\"async\" src=\"http:\/\/www.lamennais.org\/images\/images2015\/040_ougtan04.jpg\" width=\"460\" height=\"258\" \/><p class=\"wp-caption-text\">ession de la Famille Mennaisienne en Tanzanie.<\/p><\/div>\n<p align=\"center\">\n","protected":false},"excerpt":{"rendered":"<p>La Famille Mennaisienne sur le continent africain montre des signes de vie qui annoncent un avenir plein d&#8217;esp\u00e9rance. En Ouganda a eu lieu du 7 au 10 d\u00e9cembre une nouvelle session de formation des Fr\u00e8res et des La\u00efcs de la Famille Mennaisienne de la Province. 25 Fr\u00e8res et 25 La\u00efcs se sont donn\u00e9 rendez-vous sur [&hellip;]<\/p>\n","protected":false},"author":1,"featured_media":0,"comment_status":"closed","ping_status":"closed","sticky":false,"template":"","format":"standard","meta":{"footnotes":""},"categories":[333],"tags":[],"class_list":["post-2027","post","type-post","status-publish","format-standard","hentry","category-archives"],"yoast_head":"<!-- This site is optimized with the Yoast SEO plugin v27.5 - https:\/\/yoast.com\/product\/yoast-seo-wordpress\/ -->\n<title>FAMILLE MENNAISIENNE. En Ouganda et Tanzanie-Kenya, l&#039;arbre continue de grandir - LaMennais.org<\/title>\n<meta name=\"robots\" content=\"index, follow, max-snippet:-1, max-image-preview:large, max-video-preview:-1\" \/>\n<link rel=\"canonical\" href=\"https:\/\/www.lamennais.org\/famille-mennaisienne-en-ouganda-et-tanzanie-kenya-larbre-continue-de-grandir\/?lang=en\" \/>\n<meta property=\"og:locale\" content=\"es_ES\" \/>\n<meta property=\"og:type\" content=\"article\" \/>\n<meta property=\"og:title\" content=\"FAMILLE MENNAISIENNE. En Ouganda et Tanzanie-Kenya, l&#039;arbre continue de grandir - LaMennais.org\" \/>\n<meta property=\"og:description\" content=\"La Famille Mennaisienne sur le continent africain montre des signes de vie qui annoncent un avenir plein d&#8217;esp\u00e9rance. En Ouganda a eu lieu du 7 au 10 d\u00e9cembre une nouvelle session de formation des Fr\u00e8res et des La\u00efcs de la Famille Mennaisienne de la Province. 25 Fr\u00e8res et 25 La\u00efcs se sont donn\u00e9 rendez-vous sur [&hellip;]\" \/>\n<meta property=\"og:url\" content=\"https:\/\/www.lamennais.org\/famille-mennaisienne-en-ouganda-et-tanzanie-kenya-larbre-continue-de-grandir\/?lang=en\" \/>\n<meta property=\"og:site_name\" content=\"LaMennais.org\" \/>\n<meta property=\"article:published_time\" content=\"2015-12-23T12:39:36+00:00\" \/>\n<meta property=\"article:modified_time\" content=\"2017-10-24T07:40:53+00:00\" \/>\n<meta property=\"og:image\" content=\"http:\/\/www.lamennais.org\/images\/images2015\/040_ougtan01.jpg\" \/>\n<meta name=\"author\" content=\"admon\" \/>\n<meta name=\"twitter:card\" content=\"summary_large_image\" \/>\n<meta name=\"twitter:label1\" content=\"Escrito por\" \/>\n\t<meta name=\"twitter:data1\" content=\"admon\" \/>\n\t<meta name=\"twitter:label2\" content=\"Tiempo de lectura\" \/>\n\t<meta name=\"twitter:data2\" content=\"2 minutos\" \/>\n<script type=\"application\/ld+json\" class=\"yoast-schema-graph\">{\"@context\":\"https:\\\/\\\/schema.org\",\"@graph\":[{\"@type\":\"Article\",\"@id\":\"https:\\\/\\\/www.lamennais.org\\\/famille-mennaisienne-en-ouganda-et-tanzanie-kenya-larbre-continue-de-grandir\\\/?lang=en#article\",\"isPartOf\":{\"@id\":\"https:\\\/\\\/www.lamennais.org\\\/famille-mennaisienne-en-ouganda-et-tanzanie-kenya-larbre-continue-de-grandir\\\/?lang=en\"},\"author\":{\"name\":\"admon\",\"@id\":\"https:\\\/\\\/www.lamennais.org\\\/#\\\/schema\\\/person\\\/a0284cbd3544e52f538d69e4acf1e58a\"},\"headline\":\"FAMILLE MENNAISIENNE. En Ouganda et Tanzanie-Kenya, l&#8217;arbre continue de grandir\",\"datePublished\":\"2015-12-23T12:39:36+00:00\",\"dateModified\":\"2017-10-24T07:40:53+00:00\",\"mainEntityOfPage\":{\"@id\":\"https:\\\/\\\/www.lamennais.org\\\/famille-mennaisienne-en-ouganda-et-tanzanie-kenya-larbre-continue-de-grandir\\\/?lang=en\"},\"wordCount\":399,\"image\":{\"@id\":\"https:\\\/\\\/www.lamennais.org\\\/famille-mennaisienne-en-ouganda-et-tanzanie-kenya-larbre-continue-de-grandir\\\/?lang=en#primaryimage\"},\"thumbnailUrl\":\"http:\\\/\\\/www.lamennais.org\\\/images\\\/images2015\\\/040_ougtan01.jpg\",\"articleSection\":[\"Archives\"],\"inLanguage\":\"es\"},{\"@type\":\"WebPage\",\"@id\":\"https:\\\/\\\/www.lamennais.org\\\/famille-mennaisienne-en-ouganda-et-tanzanie-kenya-larbre-continue-de-grandir\\\/?lang=en\",\"url\":\"https:\\\/\\\/www.lamennais.org\\\/famille-mennaisienne-en-ouganda-et-tanzanie-kenya-larbre-continue-de-grandir\\\/?lang=en\",\"name\":\"FAMILLE MENNAISIENNE. En Ouganda et Tanzanie-Kenya, l'arbre continue de grandir - LaMennais.org\",\"isPartOf\":{\"@id\":\"https:\\\/\\\/www.lamennais.org\\\/#website\"},\"primaryImageOfPage\":{\"@id\":\"https:\\\/\\\/www.lamennais.org\\\/famille-mennaisienne-en-ouganda-et-tanzanie-kenya-larbre-continue-de-grandir\\\/?lang=en#primaryimage\"},\"image\":{\"@id\":\"https:\\\/\\\/www.lamennais.org\\\/famille-mennaisienne-en-ouganda-et-tanzanie-kenya-larbre-continue-de-grandir\\\/?lang=en#primaryimage\"},\"thumbnailUrl\":\"http:\\\/\\\/www.lamennais.org\\\/images\\\/images2015\\\/040_ougtan01.jpg\",\"datePublished\":\"2015-12-23T12:39:36+00:00\",\"dateModified\":\"2017-10-24T07:40:53+00:00\",\"author\":{\"@id\":\"https:\\\/\\\/www.lamennais.org\\\/#\\\/schema\\\/person\\\/a0284cbd3544e52f538d69e4acf1e58a\"},\"breadcrumb\":{\"@id\":\"https:\\\/\\\/www.lamennais.org\\\/famille-mennaisienne-en-ouganda-et-tanzanie-kenya-larbre-continue-de-grandir\\\/?lang=en#breadcrumb\"},\"inLanguage\":\"es\",\"potentialAction\":[{\"@type\":\"ReadAction\",\"target\":[\"https:\\\/\\\/www.lamennais.org\\\/famille-mennaisienne-en-ouganda-et-tanzanie-kenya-larbre-continue-de-grandir\\\/?lang=en\"]}]},{\"@type\":\"ImageObject\",\"inLanguage\":\"es\",\"@id\":\"https:\\\/\\\/www.lamennais.org\\\/famille-mennaisienne-en-ouganda-et-tanzanie-kenya-larbre-continue-de-grandir\\\/?lang=en#primaryimage\",\"url\":\"http:\\\/\\\/www.lamennais.org\\\/images\\\/images2015\\\/040_ougtan01.jpg\",\"contentUrl\":\"http:\\\/\\\/www.lamennais.org\\\/images\\\/images2015\\\/040_ougtan01.jpg\"},{\"@type\":\"BreadcrumbList\",\"@id\":\"https:\\\/\\\/www.lamennais.org\\\/famille-mennaisienne-en-ouganda-et-tanzanie-kenya-larbre-continue-de-grandir\\\/?lang=en#breadcrumb\",\"itemListElement\":[{\"@type\":\"ListItem\",\"position\":1,\"name\":\"Accueil\",\"item\":\"https:\\\/\\\/www.lamennais.org\\\/\"},{\"@type\":\"ListItem\",\"position\":2,\"name\":\"FAMILLE MENNAISIENNE. En Ouganda et Tanzanie-Kenya, l&#8217;arbre continue de grandir\"}]},{\"@type\":\"WebSite\",\"@id\":\"https:\\\/\\\/www.lamennais.org\\\/#website\",\"url\":\"https:\\\/\\\/www.lamennais.org\\\/\",\"name\":\"LaMennais.org\",\"description\":\"Fr\u00e8res de l&#039;Instruction Chr\u00e9tienne et Famille Mennaisienne\",\"potentialAction\":[{\"@type\":\"SearchAction\",\"target\":{\"@type\":\"EntryPoint\",\"urlTemplate\":\"https:\\\/\\\/www.lamennais.org\\\/?s={search_term_string}\"},\"query-input\":{\"@type\":\"PropertyValueSpecification\",\"valueRequired\":true,\"valueName\":\"search_term_string\"}}],\"inLanguage\":\"es\"},{\"@type\":\"Person\",\"@id\":\"https:\\\/\\\/www.lamennais.org\\\/#\\\/schema\\\/person\\\/a0284cbd3544e52f538d69e4acf1e58a\",\"name\":\"admon\",\"image\":{\"@type\":\"ImageObject\",\"inLanguage\":\"es\",\"@id\":\"https:\\\/\\\/secure.gravatar.com\\\/avatar\\\/e69e6842b80ff10350a4c83f8c2e6ed6596fd887741cad3e5032828126fba0f2?s=96&d=mm&r=g\",\"url\":\"https:\\\/\\\/secure.gravatar.com\\\/avatar\\\/e69e6842b80ff10350a4c83f8c2e6ed6596fd887741cad3e5032828126fba0f2?s=96&d=mm&r=g\",\"contentUrl\":\"https:\\\/\\\/secure.gravatar.com\\\/avatar\\\/e69e6842b80ff10350a4c83f8c2e6ed6596fd887741cad3e5032828126fba0f2?s=96&d=mm&r=g\",\"caption\":\"admon\"}}]}<\/script>\n<!-- \/ Yoast SEO plugin. -->","yoast_head_json":{"title":"FAMILLE MENNAISIENNE. En Ouganda et Tanzanie-Kenya, l'arbre continue de grandir - LaMennais.org","robots":{"index":"index","follow":"follow","max-snippet":"max-snippet:-1","max-image-preview":"max-image-preview:large","max-video-preview":"max-video-preview:-1"},"canonical":"https:\/\/www.lamennais.org\/famille-mennaisienne-en-ouganda-et-tanzanie-kenya-larbre-continue-de-grandir\/?lang=en","og_locale":"es_ES","og_type":"article","og_title":"FAMILLE MENNAISIENNE. En Ouganda et Tanzanie-Kenya, l'arbre continue de grandir - LaMennais.org","og_description":"La Famille Mennaisienne sur le continent africain montre des signes de vie qui annoncent un avenir plein d&#8217;esp\u00e9rance. En Ouganda a eu lieu du 7 au 10 d\u00e9cembre une nouvelle session de formation des Fr\u00e8res et des La\u00efcs de la Famille Mennaisienne de la Province. 25 Fr\u00e8res et 25 La\u00efcs se sont donn\u00e9 rendez-vous sur [&hellip;]","og_url":"https:\/\/www.lamennais.org\/famille-mennaisienne-en-ouganda-et-tanzanie-kenya-larbre-continue-de-grandir\/?lang=en","og_site_name":"LaMennais.org","article_published_time":"2015-12-23T12:39:36+00:00","article_modified_time":"2017-10-24T07:40:53+00:00","og_image":[{"url":"http:\/\/www.lamennais.org\/images\/images2015\/040_ougtan01.jpg","type":"","width":"","height":""}],"author":"admon","twitter_card":"summary_large_image","twitter_misc":{"Escrito por":"admon","Tiempo de lectura":"2 minutos"},"schema":{"@context":"https:\/\/schema.org","@graph":[{"@type":"Article","@id":"https:\/\/www.lamennais.org\/famille-mennaisienne-en-ouganda-et-tanzanie-kenya-larbre-continue-de-grandir\/?lang=en#article","isPartOf":{"@id":"https:\/\/www.lamennais.org\/famille-mennaisienne-en-ouganda-et-tanzanie-kenya-larbre-continue-de-grandir\/?lang=en"},"author":{"name":"admon","@id":"https:\/\/www.lamennais.org\/#\/schema\/person\/a0284cbd3544e52f538d69e4acf1e58a"},"headline":"FAMILLE MENNAISIENNE. En Ouganda et Tanzanie-Kenya, l&#8217;arbre continue de grandir","datePublished":"2015-12-23T12:39:36+00:00","dateModified":"2017-10-24T07:40:53+00:00","mainEntityOfPage":{"@id":"https:\/\/www.lamennais.org\/famille-mennaisienne-en-ouganda-et-tanzanie-kenya-larbre-continue-de-grandir\/?lang=en"},"wordCount":399,"image":{"@id":"https:\/\/www.lamennais.org\/famille-mennaisienne-en-ouganda-et-tanzanie-kenya-larbre-continue-de-grandir\/?lang=en#primaryimage"},"thumbnailUrl":"http:\/\/www.lamennais.org\/images\/images2015\/040_ougtan01.jpg","articleSection":["Archives"],"inLanguage":"es"},{"@type":"WebPage","@id":"https:\/\/www.lamennais.org\/famille-mennaisienne-en-ouganda-et-tanzanie-kenya-larbre-continue-de-grandir\/?lang=en","url":"https:\/\/www.lamennais.org\/famille-mennaisienne-en-ouganda-et-tanzanie-kenya-larbre-continue-de-grandir\/?lang=en","name":"FAMILLE MENNAISIENNE. En Ouganda et Tanzanie-Kenya, l'arbre continue de grandir - LaMennais.org","isPartOf":{"@id":"https:\/\/www.lamennais.org\/#website"},"primaryImageOfPage":{"@id":"https:\/\/www.lamennais.org\/famille-mennaisienne-en-ouganda-et-tanzanie-kenya-larbre-continue-de-grandir\/?lang=en#primaryimage"},"image":{"@id":"https:\/\/www.lamennais.org\/famille-mennaisienne-en-ouganda-et-tanzanie-kenya-larbre-continue-de-grandir\/?lang=en#primaryimage"},"thumbnailUrl":"http:\/\/www.lamennais.org\/images\/images2015\/040_ougtan01.jpg","datePublished":"2015-12-23T12:39:36+00:00","dateModified":"2017-10-24T07:40:53+00:00","author":{"@id":"https:\/\/www.lamennais.org\/#\/schema\/person\/a0284cbd3544e52f538d69e4acf1e58a"},"breadcrumb":{"@id":"https:\/\/www.lamennais.org\/famille-mennaisienne-en-ouganda-et-tanzanie-kenya-larbre-continue-de-grandir\/?lang=en#breadcrumb"},"inLanguage":"es","potentialAction":[{"@type":"ReadAction","target":["https:\/\/www.lamennais.org\/famille-mennaisienne-en-ouganda-et-tanzanie-kenya-larbre-continue-de-grandir\/?lang=en"]}]},{"@type":"ImageObject","inLanguage":"es","@id":"https:\/\/www.lamennais.org\/famille-mennaisienne-en-ouganda-et-tanzanie-kenya-larbre-continue-de-grandir\/?lang=en#primaryimage","url":"http:\/\/www.lamennais.org\/images\/images2015\/040_ougtan01.jpg","contentUrl":"http:\/\/www.lamennais.org\/images\/images2015\/040_ougtan01.jpg"},{"@type":"BreadcrumbList","@id":"https:\/\/www.lamennais.org\/famille-mennaisienne-en-ouganda-et-tanzanie-kenya-larbre-continue-de-grandir\/?lang=en#breadcrumb","itemListElement":[{"@type":"ListItem","position":1,"name":"Accueil","item":"https:\/\/www.lamennais.org\/"},{"@type":"ListItem","position":2,"name":"FAMILLE MENNAISIENNE. En Ouganda et Tanzanie-Kenya, l&#8217;arbre continue de grandir"}]},{"@type":"WebSite","@id":"https:\/\/www.lamennais.org\/#website","url":"https:\/\/www.lamennais.org\/","name":"LaMennais.org","description":"Fr\u00e8res de l&#039;Instruction Chr\u00e9tienne et Famille Mennaisienne","potentialAction":[{"@type":"SearchAction","target":{"@type":"EntryPoint","urlTemplate":"https:\/\/www.lamennais.org\/?s={search_term_string}"},"query-input":{"@type":"PropertyValueSpecification","valueRequired":true,"valueName":"search_term_string"}}],"inLanguage":"es"},{"@type":"Person","@id":"https:\/\/www.lamennais.org\/#\/schema\/person\/a0284cbd3544e52f538d69e4acf1e58a","name":"admon","image":{"@type":"ImageObject","inLanguage":"es","@id":"https:\/\/secure.gravatar.com\/avatar\/e69e6842b80ff10350a4c83f8c2e6ed6596fd887741cad3e5032828126fba0f2?s=96&d=mm&r=g","url":"https:\/\/secure.gravatar.com\/avatar\/e69e6842b80ff10350a4c83f8c2e6ed6596fd887741cad3e5032828126fba0f2?s=96&d=mm&r=g","contentUrl":"https:\/\/secure.gravatar.com\/avatar\/e69e6842b80ff10350a4c83f8c2e6ed6596fd887741cad3e5032828126fba0f2?s=96&d=mm&r=g","caption":"admon"}}]}},"_links":{"self":[{"href":"https:\/\/www.lamennais.org\/es\/wp-json\/wp\/v2\/posts\/2027","targetHints":{"allow":["GET"]}}],"collection":[{"href":"https:\/\/www.lamennais.org\/es\/wp-json\/wp\/v2\/posts"}],"about":[{"href":"https:\/\/www.lamennais.org\/es\/wp-json\/wp\/v2\/types\/post"}],"author":[{"embeddable":true,"href":"https:\/\/www.lamennais.org\/es\/wp-json\/wp\/v2\/users\/1"}],"replies":[{"embeddable":true,"href":"https:\/\/www.lamennais.org\/es\/wp-json\/wp\/v2\/comments?post=2027"}],"version-history":[{"count":4,"href":"https:\/\/www.lamennais.org\/es\/wp-json\/wp\/v2\/posts\/2027\/revisions"}],"predecessor-version":[{"id":3956,"href":"https:\/\/www.lamennais.org\/es\/wp-json\/wp\/v2\/posts\/2027\/revisions\/3956"}],"wp:attachment":[{"href":"https:\/\/www.lamennais.org\/es\/wp-json\/wp\/v2\/media?parent=2027"}],"wp:term":[{"taxonomy":"category","embeddable":true,"href":"https:\/\/www.lamennais.org\/es\/wp-json\/wp\/v2\/categories?post=2027"},{"taxonomy":"post_tag","embeddable":true,"href":"https:\/\/www.lamennais.org\/es\/wp-json\/wp\/v2\/tags?post=2027"}],"curies":[{"name":"wp","href":"https:\/\/api.w.org\/{rel}","templated":true}]}}