{"id":1980,"date":"2015-08-19T12:54:37","date_gmt":"2015-08-19T10:54:37","guid":{"rendered":"http:\/\/www.lamennais.org\/?p=1980"},"modified":"2017-10-24T09:36:09","modified_gmt":"2017-10-24T07:36:09","slug":"les-participants-nous-sommes-90-de-25-nationalites","status":"publish","type":"post","link":"https:\/\/www.lamennais.org\/es\/les-participants-nous-sommes-90-de-25-nationalites\/","title":{"rendered":"Les participants. Nous sommes 90 de 25 nationalit\u00e9s\u00a0!"},"content":{"rendered":"<ul>\n<li>Qui sont les <strong>90 participants <\/strong>\u00e0 l&#8217;assembl\u00e9e de Plo\u00ebrmel\u00a0?<\/li>\n<\/ul>\n<p>46 la\u00efcs dont 18 femmes et 28 hommes et 44 Fr\u00e8res, d\u00e9l\u00e9gu\u00e9s des diff\u00e9rents pays.<\/p>\n<ul>\n<li>Les <strong>5 continents <\/strong>sont repr\u00e9sent\u00e9s de la mani\u00e8re suivante\u00a0:<\/li>\n<\/ul>\n<p><strong>EUROPE\u00a0: <\/strong>Angleterre\u00a0: 1, Espagne\u00a0: 7, France\u00a0: 13,\u00a0 Italie\u00a0: 2<\/p>\n<p><strong>AMERIQUE\u00a0 <\/strong>: USA\u00a0: 2, Canada\u00a0: 10, Ha\u00efti\u00a0: 4, Chili: 2, Bolivie : 2, Argentine: 3, Uruguay : 3<\/p>\n<p><strong>ASIE <\/strong>\u00a0: Indon\u00e9sie\u00a0: 2, Japon : 2, Philippines\u00a0: 2<\/p>\n<p><strong>AFRIQUE : <\/strong>B\u00e9nin : 1, Togo: 2, S\u00e9n\u00e9gal : 1, Kenya\u00a0: 2, Tanzanie :\u00a0 3, Ouganda : 6\u00a0; Rwanda\u00a0: 2\u00a0; Congo RDC 1<\/p>\n<p><strong>OCEANIE <\/strong>:\u00a0Polyn\u00e9sie : 4<\/p>\n<p>+ Voulez-vous conna\u00eetre <strong>le nom de plusieurs villes <\/strong>dont sont originaires les participants\u00a0?<\/p>\n<p>Des grandes villes: Tokyo, Buenos Aires, Liverpool , Culipran, Madrid, Bilbao, Port-au-Prince, Dar es Salaam, San Jos\u00e9, Papeete, Rome.<\/p>\n<p>Des villes de taille moyenne \u00a0: La Prairie,\u00a0 Trois Rivi\u00e8res, Portugalete, Rennes, Vannes, Cap Ha\u00eftien, Larantuka, Kisubi, Kasasa.<\/p>\n<p>Des villes de taille plus petite \u00a0: Diourbel,\u00a0 Aguilar de Campoo, Ch\u00e2teaulin, Derval, La Vall\u00e9e de Jacmel.<\/p>\n<div style=\"width: 470px\" class=\"wp-caption aligncenter\"><img fetchpriority=\"high\" decoding=\"async\" src=\"http:\/\/www.lamennais.org\/images\/images2015\/025_assemblee03.jpg\" width=\"460\" height=\"284\" \/><p class=\"wp-caption-text\">Photo de tout le groupe L&#8217;Assembl\u00e9e avec des d\u00e9l\u00e9gu\u00e9s des 5 continents venant de 25 pays<\/p><\/div>\n<p><img decoding=\"async\" class=\"aligncenter\" src=\"http:\/\/www.lamennais.org\/images\/images2015\/025_assemblee02.jpg\" width=\"460\" height=\"343\" \/><\/p>\n<p align=\"center\"><strong><em><img decoding=\"async\" src=\"http:\/\/www.lamennais.org\/images\/images2015\/025_assemblee01.jpg\" width=\"460\" height=\"574\" \/><\/em><\/strong><\/p>\n","protected":false},"excerpt":{"rendered":"<p>Qui sont les 90 participants \u00e0 l&#8217;assembl\u00e9e de Plo\u00ebrmel\u00a0? 46 la\u00efcs dont 18 femmes et 28 hommes et 44 Fr\u00e8res, d\u00e9l\u00e9gu\u00e9s des diff\u00e9rents pays. Les 5 continents sont repr\u00e9sent\u00e9s de la mani\u00e8re suivante\u00a0: EUROPE\u00a0: Angleterre\u00a0: 1, Espagne\u00a0: 7, France\u00a0: 13,\u00a0 Italie\u00a0: 2 AMERIQUE\u00a0 : USA\u00a0: 2, Canada\u00a0: 10, Ha\u00efti\u00a0: 4, Chili: 2, Bolivie : 2, [&hellip;]<\/p>\n","protected":false},"author":1,"featured_media":0,"comment_status":"closed","ping_status":"closed","sticky":false,"template":"","format":"standard","meta":{"footnotes":""},"categories":[333],"tags":[],"class_list":["post-1980","post","type-post","status-publish","format-standard","hentry","category-archives"],"yoast_head":"<!-- This site is optimized with the Yoast SEO plugin v27.4 - https:\/\/yoast.com\/product\/yoast-seo-wordpress\/ -->\n<title>Les participants. Nous sommes 90 de 25 nationalit\u00e9s\u00a0! - LaMennais.org<\/title>\n<meta name=\"robots\" content=\"index, follow, max-snippet:-1, max-image-preview:large, max-video-preview:-1\" \/>\n<link rel=\"canonical\" href=\"https:\/\/www.lamennais.org\/les-participants-nous-sommes-90-de-25-nationalites\/?lang=en\" \/>\n<meta property=\"og:locale\" content=\"es_ES\" \/>\n<meta property=\"og:type\" content=\"article\" \/>\n<meta property=\"og:title\" content=\"Les participants. Nous sommes 90 de 25 nationalit\u00e9s\u00a0! - LaMennais.org\" \/>\n<meta property=\"og:description\" content=\"Qui sont les 90 participants \u00e0 l&#8217;assembl\u00e9e de Plo\u00ebrmel\u00a0? 46 la\u00efcs dont 18 femmes et 28 hommes et 44 Fr\u00e8res, d\u00e9l\u00e9gu\u00e9s des diff\u00e9rents pays. Les 5 continents sont repr\u00e9sent\u00e9s de la mani\u00e8re suivante\u00a0: EUROPE\u00a0: Angleterre\u00a0: 1, Espagne\u00a0: 7, France\u00a0: 13,\u00a0 Italie\u00a0: 2 AMERIQUE\u00a0 : USA\u00a0: 2, Canada\u00a0: 10, Ha\u00efti\u00a0: 4, Chili: 2, Bolivie : 2, [&hellip;]\" \/>\n<meta property=\"og:url\" content=\"https:\/\/www.lamennais.org\/les-participants-nous-sommes-90-de-25-nationalites\/?lang=en\" \/>\n<meta property=\"og:site_name\" content=\"LaMennais.org\" \/>\n<meta property=\"article:published_time\" content=\"2015-08-19T10:54:37+00:00\" \/>\n<meta property=\"article:modified_time\" content=\"2017-10-24T07:36:09+00:00\" \/>\n<meta property=\"og:image\" content=\"http:\/\/www.lamennais.org\/images\/images2015\/025_assemblee03.jpg\" \/>\n<meta name=\"author\" content=\"admon\" \/>\n<meta name=\"twitter:card\" content=\"summary_large_image\" \/>\n<meta name=\"twitter:label1\" content=\"Escrito por\" \/>\n\t<meta name=\"twitter:data1\" content=\"admon\" \/>\n\t<meta name=\"twitter:label2\" content=\"Tiempo de lectura\" \/>\n\t<meta name=\"twitter:data2\" content=\"1 minuto\" \/>\n<script type=\"application\/ld+json\" class=\"yoast-schema-graph\">{\"@context\":\"https:\\\/\\\/schema.org\",\"@graph\":[{\"@type\":\"Article\",\"@id\":\"https:\\\/\\\/www.lamennais.org\\\/les-participants-nous-sommes-90-de-25-nationalites\\\/?lang=en#article\",\"isPartOf\":{\"@id\":\"https:\\\/\\\/www.lamennais.org\\\/les-participants-nous-sommes-90-de-25-nationalites\\\/?lang=en\"},\"author\":{\"name\":\"admon\",\"@id\":\"https:\\\/\\\/www.lamennais.org\\\/#\\\/schema\\\/person\\\/a0284cbd3544e52f538d69e4acf1e58a\"},\"headline\":\"Les participants. Nous sommes 90 de 25 nationalit\u00e9s\u00a0!\",\"datePublished\":\"2015-08-19T10:54:37+00:00\",\"dateModified\":\"2017-10-24T07:36:09+00:00\",\"mainEntityOfPage\":{\"@id\":\"https:\\\/\\\/www.lamennais.org\\\/les-participants-nous-sommes-90-de-25-nationalites\\\/?lang=en\"},\"wordCount\":173,\"image\":{\"@id\":\"https:\\\/\\\/www.lamennais.org\\\/les-participants-nous-sommes-90-de-25-nationalites\\\/?lang=en#primaryimage\"},\"thumbnailUrl\":\"http:\\\/\\\/www.lamennais.org\\\/images\\\/images2015\\\/025_assemblee03.jpg\",\"articleSection\":[\"Archives\"],\"inLanguage\":\"es\"},{\"@type\":\"WebPage\",\"@id\":\"https:\\\/\\\/www.lamennais.org\\\/les-participants-nous-sommes-90-de-25-nationalites\\\/?lang=en\",\"url\":\"https:\\\/\\\/www.lamennais.org\\\/les-participants-nous-sommes-90-de-25-nationalites\\\/?lang=en\",\"name\":\"Les participants. Nous sommes 90 de 25 nationalit\u00e9s\u00a0! - LaMennais.org\",\"isPartOf\":{\"@id\":\"https:\\\/\\\/www.lamennais.org\\\/#website\"},\"primaryImageOfPage\":{\"@id\":\"https:\\\/\\\/www.lamennais.org\\\/les-participants-nous-sommes-90-de-25-nationalites\\\/?lang=en#primaryimage\"},\"image\":{\"@id\":\"https:\\\/\\\/www.lamennais.org\\\/les-participants-nous-sommes-90-de-25-nationalites\\\/?lang=en#primaryimage\"},\"thumbnailUrl\":\"http:\\\/\\\/www.lamennais.org\\\/images\\\/images2015\\\/025_assemblee03.jpg\",\"datePublished\":\"2015-08-19T10:54:37+00:00\",\"dateModified\":\"2017-10-24T07:36:09+00:00\",\"author\":{\"@id\":\"https:\\\/\\\/www.lamennais.org\\\/#\\\/schema\\\/person\\\/a0284cbd3544e52f538d69e4acf1e58a\"},\"breadcrumb\":{\"@id\":\"https:\\\/\\\/www.lamennais.org\\\/les-participants-nous-sommes-90-de-25-nationalites\\\/?lang=en#breadcrumb\"},\"inLanguage\":\"es\",\"potentialAction\":[{\"@type\":\"ReadAction\",\"target\":[\"https:\\\/\\\/www.lamennais.org\\\/les-participants-nous-sommes-90-de-25-nationalites\\\/?lang=en\"]}]},{\"@type\":\"ImageObject\",\"inLanguage\":\"es\",\"@id\":\"https:\\\/\\\/www.lamennais.org\\\/les-participants-nous-sommes-90-de-25-nationalites\\\/?lang=en#primaryimage\",\"url\":\"http:\\\/\\\/www.lamennais.org\\\/images\\\/images2015\\\/025_assemblee03.jpg\",\"contentUrl\":\"http:\\\/\\\/www.lamennais.org\\\/images\\\/images2015\\\/025_assemblee03.jpg\"},{\"@type\":\"BreadcrumbList\",\"@id\":\"https:\\\/\\\/www.lamennais.org\\\/les-participants-nous-sommes-90-de-25-nationalites\\\/?lang=en#breadcrumb\",\"itemListElement\":[{\"@type\":\"ListItem\",\"position\":1,\"name\":\"Accueil\",\"item\":\"https:\\\/\\\/www.lamennais.org\\\/\"},{\"@type\":\"ListItem\",\"position\":2,\"name\":\"Les participants. Nous sommes 90 de 25 nationalit\u00e9s\u00a0!\"}]},{\"@type\":\"WebSite\",\"@id\":\"https:\\\/\\\/www.lamennais.org\\\/#website\",\"url\":\"https:\\\/\\\/www.lamennais.org\\\/\",\"name\":\"LaMennais.org\",\"description\":\"Fr\u00e8res de l&#039;Instruction Chr\u00e9tienne et Famille Mennaisienne\",\"potentialAction\":[{\"@type\":\"SearchAction\",\"target\":{\"@type\":\"EntryPoint\",\"urlTemplate\":\"https:\\\/\\\/www.lamennais.org\\\/?s={search_term_string}\"},\"query-input\":{\"@type\":\"PropertyValueSpecification\",\"valueRequired\":true,\"valueName\":\"search_term_string\"}}],\"inLanguage\":\"es\"},{\"@type\":\"Person\",\"@id\":\"https:\\\/\\\/www.lamennais.org\\\/#\\\/schema\\\/person\\\/a0284cbd3544e52f538d69e4acf1e58a\",\"name\":\"admon\",\"image\":{\"@type\":\"ImageObject\",\"inLanguage\":\"es\",\"@id\":\"https:\\\/\\\/secure.gravatar.com\\\/avatar\\\/e69e6842b80ff10350a4c83f8c2e6ed6596fd887741cad3e5032828126fba0f2?s=96&d=mm&r=g\",\"url\":\"https:\\\/\\\/secure.gravatar.com\\\/avatar\\\/e69e6842b80ff10350a4c83f8c2e6ed6596fd887741cad3e5032828126fba0f2?s=96&d=mm&r=g\",\"contentUrl\":\"https:\\\/\\\/secure.gravatar.com\\\/avatar\\\/e69e6842b80ff10350a4c83f8c2e6ed6596fd887741cad3e5032828126fba0f2?s=96&d=mm&r=g\",\"caption\":\"admon\"}}]}<\/script>\n<!-- \/ Yoast SEO plugin. -->","yoast_head_json":{"title":"Les participants. Nous sommes 90 de 25 nationalit\u00e9s\u00a0! - LaMennais.org","robots":{"index":"index","follow":"follow","max-snippet":"max-snippet:-1","max-image-preview":"max-image-preview:large","max-video-preview":"max-video-preview:-1"},"canonical":"https:\/\/www.lamennais.org\/les-participants-nous-sommes-90-de-25-nationalites\/?lang=en","og_locale":"es_ES","og_type":"article","og_title":"Les participants. Nous sommes 90 de 25 nationalit\u00e9s\u00a0! - LaMennais.org","og_description":"Qui sont les 90 participants \u00e0 l&#8217;assembl\u00e9e de Plo\u00ebrmel\u00a0? 46 la\u00efcs dont 18 femmes et 28 hommes et 44 Fr\u00e8res, d\u00e9l\u00e9gu\u00e9s des diff\u00e9rents pays. Les 5 continents sont repr\u00e9sent\u00e9s de la mani\u00e8re suivante\u00a0: EUROPE\u00a0: Angleterre\u00a0: 1, Espagne\u00a0: 7, France\u00a0: 13,\u00a0 Italie\u00a0: 2 AMERIQUE\u00a0 : USA\u00a0: 2, Canada\u00a0: 10, Ha\u00efti\u00a0: 4, Chili: 2, Bolivie : 2, [&hellip;]","og_url":"https:\/\/www.lamennais.org\/les-participants-nous-sommes-90-de-25-nationalites\/?lang=en","og_site_name":"LaMennais.org","article_published_time":"2015-08-19T10:54:37+00:00","article_modified_time":"2017-10-24T07:36:09+00:00","og_image":[{"url":"http:\/\/www.lamennais.org\/images\/images2015\/025_assemblee03.jpg","type":"","width":"","height":""}],"author":"admon","twitter_card":"summary_large_image","twitter_misc":{"Escrito por":"admon","Tiempo de lectura":"1 minuto"},"schema":{"@context":"https:\/\/schema.org","@graph":[{"@type":"Article","@id":"https:\/\/www.lamennais.org\/les-participants-nous-sommes-90-de-25-nationalites\/?lang=en#article","isPartOf":{"@id":"https:\/\/www.lamennais.org\/les-participants-nous-sommes-90-de-25-nationalites\/?lang=en"},"author":{"name":"admon","@id":"https:\/\/www.lamennais.org\/#\/schema\/person\/a0284cbd3544e52f538d69e4acf1e58a"},"headline":"Les participants. Nous sommes 90 de 25 nationalit\u00e9s\u00a0!","datePublished":"2015-08-19T10:54:37+00:00","dateModified":"2017-10-24T07:36:09+00:00","mainEntityOfPage":{"@id":"https:\/\/www.lamennais.org\/les-participants-nous-sommes-90-de-25-nationalites\/?lang=en"},"wordCount":173,"image":{"@id":"https:\/\/www.lamennais.org\/les-participants-nous-sommes-90-de-25-nationalites\/?lang=en#primaryimage"},"thumbnailUrl":"http:\/\/www.lamennais.org\/images\/images2015\/025_assemblee03.jpg","articleSection":["Archives"],"inLanguage":"es"},{"@type":"WebPage","@id":"https:\/\/www.lamennais.org\/les-participants-nous-sommes-90-de-25-nationalites\/?lang=en","url":"https:\/\/www.lamennais.org\/les-participants-nous-sommes-90-de-25-nationalites\/?lang=en","name":"Les participants. Nous sommes 90 de 25 nationalit\u00e9s\u00a0! - LaMennais.org","isPartOf":{"@id":"https:\/\/www.lamennais.org\/#website"},"primaryImageOfPage":{"@id":"https:\/\/www.lamennais.org\/les-participants-nous-sommes-90-de-25-nationalites\/?lang=en#primaryimage"},"image":{"@id":"https:\/\/www.lamennais.org\/les-participants-nous-sommes-90-de-25-nationalites\/?lang=en#primaryimage"},"thumbnailUrl":"http:\/\/www.lamennais.org\/images\/images2015\/025_assemblee03.jpg","datePublished":"2015-08-19T10:54:37+00:00","dateModified":"2017-10-24T07:36:09+00:00","author":{"@id":"https:\/\/www.lamennais.org\/#\/schema\/person\/a0284cbd3544e52f538d69e4acf1e58a"},"breadcrumb":{"@id":"https:\/\/www.lamennais.org\/les-participants-nous-sommes-90-de-25-nationalites\/?lang=en#breadcrumb"},"inLanguage":"es","potentialAction":[{"@type":"ReadAction","target":["https:\/\/www.lamennais.org\/les-participants-nous-sommes-90-de-25-nationalites\/?lang=en"]}]},{"@type":"ImageObject","inLanguage":"es","@id":"https:\/\/www.lamennais.org\/les-participants-nous-sommes-90-de-25-nationalites\/?lang=en#primaryimage","url":"http:\/\/www.lamennais.org\/images\/images2015\/025_assemblee03.jpg","contentUrl":"http:\/\/www.lamennais.org\/images\/images2015\/025_assemblee03.jpg"},{"@type":"BreadcrumbList","@id":"https:\/\/www.lamennais.org\/les-participants-nous-sommes-90-de-25-nationalites\/?lang=en#breadcrumb","itemListElement":[{"@type":"ListItem","position":1,"name":"Accueil","item":"https:\/\/www.lamennais.org\/"},{"@type":"ListItem","position":2,"name":"Les participants. Nous sommes 90 de 25 nationalit\u00e9s\u00a0!"}]},{"@type":"WebSite","@id":"https:\/\/www.lamennais.org\/#website","url":"https:\/\/www.lamennais.org\/","name":"LaMennais.org","description":"Fr\u00e8res de l&#039;Instruction Chr\u00e9tienne et Famille Mennaisienne","potentialAction":[{"@type":"SearchAction","target":{"@type":"EntryPoint","urlTemplate":"https:\/\/www.lamennais.org\/?s={search_term_string}"},"query-input":{"@type":"PropertyValueSpecification","valueRequired":true,"valueName":"search_term_string"}}],"inLanguage":"es"},{"@type":"Person","@id":"https:\/\/www.lamennais.org\/#\/schema\/person\/a0284cbd3544e52f538d69e4acf1e58a","name":"admon","image":{"@type":"ImageObject","inLanguage":"es","@id":"https:\/\/secure.gravatar.com\/avatar\/e69e6842b80ff10350a4c83f8c2e6ed6596fd887741cad3e5032828126fba0f2?s=96&d=mm&r=g","url":"https:\/\/secure.gravatar.com\/avatar\/e69e6842b80ff10350a4c83f8c2e6ed6596fd887741cad3e5032828126fba0f2?s=96&d=mm&r=g","contentUrl":"https:\/\/secure.gravatar.com\/avatar\/e69e6842b80ff10350a4c83f8c2e6ed6596fd887741cad3e5032828126fba0f2?s=96&d=mm&r=g","caption":"admon"}}]}},"_links":{"self":[{"href":"https:\/\/www.lamennais.org\/es\/wp-json\/wp\/v2\/posts\/1980","targetHints":{"allow":["GET"]}}],"collection":[{"href":"https:\/\/www.lamennais.org\/es\/wp-json\/wp\/v2\/posts"}],"about":[{"href":"https:\/\/www.lamennais.org\/es\/wp-json\/wp\/v2\/types\/post"}],"author":[{"embeddable":true,"href":"https:\/\/www.lamennais.org\/es\/wp-json\/wp\/v2\/users\/1"}],"replies":[{"embeddable":true,"href":"https:\/\/www.lamennais.org\/es\/wp-json\/wp\/v2\/comments?post=1980"}],"version-history":[{"count":3,"href":"https:\/\/www.lamennais.org\/es\/wp-json\/wp\/v2\/posts\/1980\/revisions"}],"predecessor-version":[{"id":1984,"href":"https:\/\/www.lamennais.org\/es\/wp-json\/wp\/v2\/posts\/1980\/revisions\/1984"}],"wp:attachment":[{"href":"https:\/\/www.lamennais.org\/es\/wp-json\/wp\/v2\/media?parent=1980"}],"wp:term":[{"taxonomy":"category","embeddable":true,"href":"https:\/\/www.lamennais.org\/es\/wp-json\/wp\/v2\/categories?post=1980"},{"taxonomy":"post_tag","embeddable":true,"href":"https:\/\/www.lamennais.org\/es\/wp-json\/wp\/v2\/tags?post=1980"}],"curies":[{"name":"wp","href":"https:\/\/api.w.org\/{rel}","templated":true}]}}