{"id":1938,"date":"2015-04-22T12:05:36","date_gmt":"2015-04-22T10:05:36","guid":{"rendered":"http:\/\/www.lamennais.org\/?p=1938"},"modified":"2017-10-24T09:30:39","modified_gmt":"2017-10-24T07:30:39","slug":"100-jeunes-vivent-paques-freres-du-canada-et-dhaiti-avec-les-jeunes-du-mexique","status":"publish","type":"post","link":"https:\/\/www.lamennais.org\/es\/100-jeunes-vivent-paques-freres-du-canada-et-dhaiti-avec-les-jeunes-du-mexique\/","title":{"rendered":"100 jeunes vivent P\u00e2ques.\u00a0 Fr\u00e8res du Canada et d&#8217;Ha\u00efti avec les jeunes du Mexique"},"content":{"rendered":"<p>Les 30-31 mars et 1 avril a eu\u00a0lieu au Centre Jean Paul II de Huatusco, trois jours de pr\u00e9paration au Triduum Pascal.<\/p>\n<p>La Famille mennaisienne et les Fr\u00e8res de Huatusco comptant sur la pr\u00e9cieuse pr\u00e9sence du F. Simon, ma\u00eetre des novices en Ha\u00eft\u00ed,\u00a0ont pris part\u00a0\u00e1 l&#8217;animation d&#8217;un peu plus de 100 jeunes \u00e2g\u00e9s entre 15 et 25 ans.<\/p>\n<p>Un Chemin de Croix li\u00e9 \u00e0 l&#8217;actualit\u00e9 a \u00e9t\u00e9 v\u00e9cu le vendredi saint. A chaque groupe correspondait une station du Chemin de Croix. Nous\u00a0 avons pr\u00e9sent\u00e9 les th\u00e8mes suivants\u00a0: l&#8217;\u00e9pid\u00e9mie d&#8217;\u00e9bola, les tensions avec\u00a0 \u00ab\u00a0l&#8217;Etat islamique\u00a0\u00bb, la guerre en Syrie et en ancienne Crim\u00e9e, les 43 \u00e9tudiants disparus et tu\u00e9s, etc.<\/p>\n<p>Les 3 Fr\u00e8res ont anim\u00e9 aussi une petite exp\u00e9rience de silence. La journ\u00e9e s&#8217;est termin\u00e9e par une adoration de la Croix dans la petite chapelle du Centre. Le lendemain matin, nous avons anim\u00e9 les Laudes et pr\u00e9senter la vie d&#8217;un mennaisien, campant le tout dans le cadre de l&#8217;ann\u00e9e de la Vie consacr\u00e9e.<\/p>\n<p>F. Mario Couture<\/p>\n<p align=\"center\"><img fetchpriority=\"high\" decoding=\"async\" src=\"http:\/\/www.lamennais.org\/images\/images2015\/011_paques01.jpg\" width=\"460\" height=\"345\" \/><\/p>\n<p align=\"center\"><img decoding=\"async\" src=\"http:\/\/www.lamennais.org\/images\/images2015\/011_paques02.jpg\" width=\"460\" height=\"335\" \/><\/p>\n","protected":false},"excerpt":{"rendered":"<p>Les 30-31 mars et 1 avril a eu\u00a0lieu au Centre Jean Paul II de Huatusco, trois jours de pr\u00e9paration au Triduum Pascal. La Famille mennaisienne et les Fr\u00e8res de Huatusco comptant sur la pr\u00e9cieuse pr\u00e9sence du F. Simon, ma\u00eetre des novices en Ha\u00eft\u00ed,\u00a0ont pris part\u00a0\u00e1 l&#8217;animation d&#8217;un peu plus de 100 jeunes \u00e2g\u00e9s entre 15 [&hellip;]<\/p>\n","protected":false},"author":1,"featured_media":0,"comment_status":"closed","ping_status":"closed","sticky":false,"template":"","format":"standard","meta":{"footnotes":""},"categories":[333],"tags":[],"class_list":["post-1938","post","type-post","status-publish","format-standard","hentry","category-archives"],"yoast_head":"<!-- This site is optimized with the Yoast SEO plugin v27.4 - https:\/\/yoast.com\/product\/yoast-seo-wordpress\/ -->\n<title>100 jeunes vivent P\u00e2ques.\u00a0 Fr\u00e8res du Canada et d&#039;Ha\u00efti avec les jeunes du Mexique - LaMennais.org<\/title>\n<meta name=\"robots\" content=\"index, follow, max-snippet:-1, max-image-preview:large, max-video-preview:-1\" \/>\n<link rel=\"canonical\" href=\"https:\/\/www.lamennais.org\/100-jeunes-vivent-paques-freres-du-canada-et-dhaiti-avec-les-jeunes-du-mexique\/?lang=es\" \/>\n<meta property=\"og:locale\" content=\"es_ES\" \/>\n<meta property=\"og:type\" content=\"article\" \/>\n<meta property=\"og:title\" content=\"100 jeunes vivent P\u00e2ques.\u00a0 Fr\u00e8res du Canada et d&#039;Ha\u00efti avec les jeunes du Mexique - LaMennais.org\" \/>\n<meta property=\"og:description\" content=\"Les 30-31 mars et 1 avril a eu\u00a0lieu au Centre Jean Paul II de Huatusco, trois jours de pr\u00e9paration au Triduum Pascal. La Famille mennaisienne et les Fr\u00e8res de Huatusco comptant sur la pr\u00e9cieuse pr\u00e9sence du F. Simon, ma\u00eetre des novices en Ha\u00eft\u00ed,\u00a0ont pris part\u00a0\u00e1 l&#8217;animation d&#8217;un peu plus de 100 jeunes \u00e2g\u00e9s entre 15 [&hellip;]\" \/>\n<meta property=\"og:url\" content=\"https:\/\/www.lamennais.org\/100-jeunes-vivent-paques-freres-du-canada-et-dhaiti-avec-les-jeunes-du-mexique\/?lang=es\" \/>\n<meta property=\"og:site_name\" content=\"LaMennais.org\" \/>\n<meta property=\"article:published_time\" content=\"2015-04-22T10:05:36+00:00\" \/>\n<meta property=\"article:modified_time\" content=\"2017-10-24T07:30:39+00:00\" \/>\n<meta property=\"og:image\" content=\"http:\/\/www.lamennais.org\/images\/images2015\/011_paques01.jpg\" \/>\n<meta name=\"author\" content=\"admon\" \/>\n<meta name=\"twitter:card\" content=\"summary_large_image\" \/>\n<meta name=\"twitter:label1\" content=\"Escrito por\" \/>\n\t<meta name=\"twitter:data1\" content=\"admon\" \/>\n\t<meta name=\"twitter:label2\" content=\"Tiempo de lectura\" \/>\n\t<meta name=\"twitter:data2\" content=\"1 minuto\" \/>\n<script type=\"application\/ld+json\" class=\"yoast-schema-graph\">{\"@context\":\"https:\\\/\\\/schema.org\",\"@graph\":[{\"@type\":\"Article\",\"@id\":\"https:\\\/\\\/www.lamennais.org\\\/100-jeunes-vivent-paques-freres-du-canada-et-dhaiti-avec-les-jeunes-du-mexique\\\/?lang=es#article\",\"isPartOf\":{\"@id\":\"https:\\\/\\\/www.lamennais.org\\\/100-jeunes-vivent-paques-freres-du-canada-et-dhaiti-avec-les-jeunes-du-mexique\\\/?lang=es\"},\"author\":{\"name\":\"admon\",\"@id\":\"https:\\\/\\\/www.lamennais.org\\\/#\\\/schema\\\/person\\\/a0284cbd3544e52f538d69e4acf1e58a\"},\"headline\":\"100 jeunes vivent P\u00e2ques.\u00a0 Fr\u00e8res du Canada et d&#8217;Ha\u00efti avec les jeunes du Mexique\",\"datePublished\":\"2015-04-22T10:05:36+00:00\",\"dateModified\":\"2017-10-24T07:30:39+00:00\",\"mainEntityOfPage\":{\"@id\":\"https:\\\/\\\/www.lamennais.org\\\/100-jeunes-vivent-paques-freres-du-canada-et-dhaiti-avec-les-jeunes-du-mexique\\\/?lang=es\"},\"wordCount\":206,\"image\":{\"@id\":\"https:\\\/\\\/www.lamennais.org\\\/100-jeunes-vivent-paques-freres-du-canada-et-dhaiti-avec-les-jeunes-du-mexique\\\/?lang=es#primaryimage\"},\"thumbnailUrl\":\"http:\\\/\\\/www.lamennais.org\\\/images\\\/images2015\\\/011_paques01.jpg\",\"articleSection\":[\"Archives\"],\"inLanguage\":\"es\"},{\"@type\":\"WebPage\",\"@id\":\"https:\\\/\\\/www.lamennais.org\\\/100-jeunes-vivent-paques-freres-du-canada-et-dhaiti-avec-les-jeunes-du-mexique\\\/?lang=es\",\"url\":\"https:\\\/\\\/www.lamennais.org\\\/100-jeunes-vivent-paques-freres-du-canada-et-dhaiti-avec-les-jeunes-du-mexique\\\/?lang=es\",\"name\":\"100 jeunes vivent P\u00e2ques.\u00a0 Fr\u00e8res du Canada et d'Ha\u00efti avec les jeunes du Mexique - LaMennais.org\",\"isPartOf\":{\"@id\":\"https:\\\/\\\/www.lamennais.org\\\/#website\"},\"primaryImageOfPage\":{\"@id\":\"https:\\\/\\\/www.lamennais.org\\\/100-jeunes-vivent-paques-freres-du-canada-et-dhaiti-avec-les-jeunes-du-mexique\\\/?lang=es#primaryimage\"},\"image\":{\"@id\":\"https:\\\/\\\/www.lamennais.org\\\/100-jeunes-vivent-paques-freres-du-canada-et-dhaiti-avec-les-jeunes-du-mexique\\\/?lang=es#primaryimage\"},\"thumbnailUrl\":\"http:\\\/\\\/www.lamennais.org\\\/images\\\/images2015\\\/011_paques01.jpg\",\"datePublished\":\"2015-04-22T10:05:36+00:00\",\"dateModified\":\"2017-10-24T07:30:39+00:00\",\"author\":{\"@id\":\"https:\\\/\\\/www.lamennais.org\\\/#\\\/schema\\\/person\\\/a0284cbd3544e52f538d69e4acf1e58a\"},\"breadcrumb\":{\"@id\":\"https:\\\/\\\/www.lamennais.org\\\/100-jeunes-vivent-paques-freres-du-canada-et-dhaiti-avec-les-jeunes-du-mexique\\\/?lang=es#breadcrumb\"},\"inLanguage\":\"es\",\"potentialAction\":[{\"@type\":\"ReadAction\",\"target\":[\"https:\\\/\\\/www.lamennais.org\\\/100-jeunes-vivent-paques-freres-du-canada-et-dhaiti-avec-les-jeunes-du-mexique\\\/?lang=es\"]}]},{\"@type\":\"ImageObject\",\"inLanguage\":\"es\",\"@id\":\"https:\\\/\\\/www.lamennais.org\\\/100-jeunes-vivent-paques-freres-du-canada-et-dhaiti-avec-les-jeunes-du-mexique\\\/?lang=es#primaryimage\",\"url\":\"http:\\\/\\\/www.lamennais.org\\\/images\\\/images2015\\\/011_paques01.jpg\",\"contentUrl\":\"http:\\\/\\\/www.lamennais.org\\\/images\\\/images2015\\\/011_paques01.jpg\"},{\"@type\":\"BreadcrumbList\",\"@id\":\"https:\\\/\\\/www.lamennais.org\\\/100-jeunes-vivent-paques-freres-du-canada-et-dhaiti-avec-les-jeunes-du-mexique\\\/?lang=es#breadcrumb\",\"itemListElement\":[{\"@type\":\"ListItem\",\"position\":1,\"name\":\"Accueil\",\"item\":\"https:\\\/\\\/www.lamennais.org\\\/\"},{\"@type\":\"ListItem\",\"position\":2,\"name\":\"100 jeunes vivent P\u00e2ques.\u00a0 Fr\u00e8res du Canada et d&#8217;Ha\u00efti avec les jeunes du Mexique\"}]},{\"@type\":\"WebSite\",\"@id\":\"https:\\\/\\\/www.lamennais.org\\\/#website\",\"url\":\"https:\\\/\\\/www.lamennais.org\\\/\",\"name\":\"LaMennais.org\",\"description\":\"Fr\u00e8res de l&#039;Instruction Chr\u00e9tienne et Famille Mennaisienne\",\"potentialAction\":[{\"@type\":\"SearchAction\",\"target\":{\"@type\":\"EntryPoint\",\"urlTemplate\":\"https:\\\/\\\/www.lamennais.org\\\/?s={search_term_string}\"},\"query-input\":{\"@type\":\"PropertyValueSpecification\",\"valueRequired\":true,\"valueName\":\"search_term_string\"}}],\"inLanguage\":\"es\"},{\"@type\":\"Person\",\"@id\":\"https:\\\/\\\/www.lamennais.org\\\/#\\\/schema\\\/person\\\/a0284cbd3544e52f538d69e4acf1e58a\",\"name\":\"admon\",\"image\":{\"@type\":\"ImageObject\",\"inLanguage\":\"es\",\"@id\":\"https:\\\/\\\/secure.gravatar.com\\\/avatar\\\/e69e6842b80ff10350a4c83f8c2e6ed6596fd887741cad3e5032828126fba0f2?s=96&d=mm&r=g\",\"url\":\"https:\\\/\\\/secure.gravatar.com\\\/avatar\\\/e69e6842b80ff10350a4c83f8c2e6ed6596fd887741cad3e5032828126fba0f2?s=96&d=mm&r=g\",\"contentUrl\":\"https:\\\/\\\/secure.gravatar.com\\\/avatar\\\/e69e6842b80ff10350a4c83f8c2e6ed6596fd887741cad3e5032828126fba0f2?s=96&d=mm&r=g\",\"caption\":\"admon\"}}]}<\/script>\n<!-- \/ Yoast SEO plugin. -->","yoast_head_json":{"title":"100 jeunes vivent P\u00e2ques.\u00a0 Fr\u00e8res du Canada et d'Ha\u00efti avec les jeunes du Mexique - LaMennais.org","robots":{"index":"index","follow":"follow","max-snippet":"max-snippet:-1","max-image-preview":"max-image-preview:large","max-video-preview":"max-video-preview:-1"},"canonical":"https:\/\/www.lamennais.org\/100-jeunes-vivent-paques-freres-du-canada-et-dhaiti-avec-les-jeunes-du-mexique\/?lang=es","og_locale":"es_ES","og_type":"article","og_title":"100 jeunes vivent P\u00e2ques.\u00a0 Fr\u00e8res du Canada et d'Ha\u00efti avec les jeunes du Mexique - LaMennais.org","og_description":"Les 30-31 mars et 1 avril a eu\u00a0lieu au Centre Jean Paul II de Huatusco, trois jours de pr\u00e9paration au Triduum Pascal. La Famille mennaisienne et les Fr\u00e8res de Huatusco comptant sur la pr\u00e9cieuse pr\u00e9sence du F. Simon, ma\u00eetre des novices en Ha\u00eft\u00ed,\u00a0ont pris part\u00a0\u00e1 l&#8217;animation d&#8217;un peu plus de 100 jeunes \u00e2g\u00e9s entre 15 [&hellip;]","og_url":"https:\/\/www.lamennais.org\/100-jeunes-vivent-paques-freres-du-canada-et-dhaiti-avec-les-jeunes-du-mexique\/?lang=es","og_site_name":"LaMennais.org","article_published_time":"2015-04-22T10:05:36+00:00","article_modified_time":"2017-10-24T07:30:39+00:00","og_image":[{"url":"http:\/\/www.lamennais.org\/images\/images2015\/011_paques01.jpg","type":"","width":"","height":""}],"author":"admon","twitter_card":"summary_large_image","twitter_misc":{"Escrito por":"admon","Tiempo de lectura":"1 minuto"},"schema":{"@context":"https:\/\/schema.org","@graph":[{"@type":"Article","@id":"https:\/\/www.lamennais.org\/100-jeunes-vivent-paques-freres-du-canada-et-dhaiti-avec-les-jeunes-du-mexique\/?lang=es#article","isPartOf":{"@id":"https:\/\/www.lamennais.org\/100-jeunes-vivent-paques-freres-du-canada-et-dhaiti-avec-les-jeunes-du-mexique\/?lang=es"},"author":{"name":"admon","@id":"https:\/\/www.lamennais.org\/#\/schema\/person\/a0284cbd3544e52f538d69e4acf1e58a"},"headline":"100 jeunes vivent P\u00e2ques.\u00a0 Fr\u00e8res du Canada et d&#8217;Ha\u00efti avec les jeunes du Mexique","datePublished":"2015-04-22T10:05:36+00:00","dateModified":"2017-10-24T07:30:39+00:00","mainEntityOfPage":{"@id":"https:\/\/www.lamennais.org\/100-jeunes-vivent-paques-freres-du-canada-et-dhaiti-avec-les-jeunes-du-mexique\/?lang=es"},"wordCount":206,"image":{"@id":"https:\/\/www.lamennais.org\/100-jeunes-vivent-paques-freres-du-canada-et-dhaiti-avec-les-jeunes-du-mexique\/?lang=es#primaryimage"},"thumbnailUrl":"http:\/\/www.lamennais.org\/images\/images2015\/011_paques01.jpg","articleSection":["Archives"],"inLanguage":"es"},{"@type":"WebPage","@id":"https:\/\/www.lamennais.org\/100-jeunes-vivent-paques-freres-du-canada-et-dhaiti-avec-les-jeunes-du-mexique\/?lang=es","url":"https:\/\/www.lamennais.org\/100-jeunes-vivent-paques-freres-du-canada-et-dhaiti-avec-les-jeunes-du-mexique\/?lang=es","name":"100 jeunes vivent P\u00e2ques.\u00a0 Fr\u00e8res du Canada et d'Ha\u00efti avec les jeunes du Mexique - LaMennais.org","isPartOf":{"@id":"https:\/\/www.lamennais.org\/#website"},"primaryImageOfPage":{"@id":"https:\/\/www.lamennais.org\/100-jeunes-vivent-paques-freres-du-canada-et-dhaiti-avec-les-jeunes-du-mexique\/?lang=es#primaryimage"},"image":{"@id":"https:\/\/www.lamennais.org\/100-jeunes-vivent-paques-freres-du-canada-et-dhaiti-avec-les-jeunes-du-mexique\/?lang=es#primaryimage"},"thumbnailUrl":"http:\/\/www.lamennais.org\/images\/images2015\/011_paques01.jpg","datePublished":"2015-04-22T10:05:36+00:00","dateModified":"2017-10-24T07:30:39+00:00","author":{"@id":"https:\/\/www.lamennais.org\/#\/schema\/person\/a0284cbd3544e52f538d69e4acf1e58a"},"breadcrumb":{"@id":"https:\/\/www.lamennais.org\/100-jeunes-vivent-paques-freres-du-canada-et-dhaiti-avec-les-jeunes-du-mexique\/?lang=es#breadcrumb"},"inLanguage":"es","potentialAction":[{"@type":"ReadAction","target":["https:\/\/www.lamennais.org\/100-jeunes-vivent-paques-freres-du-canada-et-dhaiti-avec-les-jeunes-du-mexique\/?lang=es"]}]},{"@type":"ImageObject","inLanguage":"es","@id":"https:\/\/www.lamennais.org\/100-jeunes-vivent-paques-freres-du-canada-et-dhaiti-avec-les-jeunes-du-mexique\/?lang=es#primaryimage","url":"http:\/\/www.lamennais.org\/images\/images2015\/011_paques01.jpg","contentUrl":"http:\/\/www.lamennais.org\/images\/images2015\/011_paques01.jpg"},{"@type":"BreadcrumbList","@id":"https:\/\/www.lamennais.org\/100-jeunes-vivent-paques-freres-du-canada-et-dhaiti-avec-les-jeunes-du-mexique\/?lang=es#breadcrumb","itemListElement":[{"@type":"ListItem","position":1,"name":"Accueil","item":"https:\/\/www.lamennais.org\/"},{"@type":"ListItem","position":2,"name":"100 jeunes vivent P\u00e2ques.\u00a0 Fr\u00e8res du Canada et d&#8217;Ha\u00efti avec les jeunes du Mexique"}]},{"@type":"WebSite","@id":"https:\/\/www.lamennais.org\/#website","url":"https:\/\/www.lamennais.org\/","name":"LaMennais.org","description":"Fr\u00e8res de l&#039;Instruction Chr\u00e9tienne et Famille Mennaisienne","potentialAction":[{"@type":"SearchAction","target":{"@type":"EntryPoint","urlTemplate":"https:\/\/www.lamennais.org\/?s={search_term_string}"},"query-input":{"@type":"PropertyValueSpecification","valueRequired":true,"valueName":"search_term_string"}}],"inLanguage":"es"},{"@type":"Person","@id":"https:\/\/www.lamennais.org\/#\/schema\/person\/a0284cbd3544e52f538d69e4acf1e58a","name":"admon","image":{"@type":"ImageObject","inLanguage":"es","@id":"https:\/\/secure.gravatar.com\/avatar\/e69e6842b80ff10350a4c83f8c2e6ed6596fd887741cad3e5032828126fba0f2?s=96&d=mm&r=g","url":"https:\/\/secure.gravatar.com\/avatar\/e69e6842b80ff10350a4c83f8c2e6ed6596fd887741cad3e5032828126fba0f2?s=96&d=mm&r=g","contentUrl":"https:\/\/secure.gravatar.com\/avatar\/e69e6842b80ff10350a4c83f8c2e6ed6596fd887741cad3e5032828126fba0f2?s=96&d=mm&r=g","caption":"admon"}}]}},"_links":{"self":[{"href":"https:\/\/www.lamennais.org\/es\/wp-json\/wp\/v2\/posts\/1938","targetHints":{"allow":["GET"]}}],"collection":[{"href":"https:\/\/www.lamennais.org\/es\/wp-json\/wp\/v2\/posts"}],"about":[{"href":"https:\/\/www.lamennais.org\/es\/wp-json\/wp\/v2\/types\/post"}],"author":[{"embeddable":true,"href":"https:\/\/www.lamennais.org\/es\/wp-json\/wp\/v2\/users\/1"}],"replies":[{"embeddable":true,"href":"https:\/\/www.lamennais.org\/es\/wp-json\/wp\/v2\/comments?post=1938"}],"version-history":[{"count":1,"href":"https:\/\/www.lamennais.org\/es\/wp-json\/wp\/v2\/posts\/1938\/revisions"}],"predecessor-version":[{"id":1939,"href":"https:\/\/www.lamennais.org\/es\/wp-json\/wp\/v2\/posts\/1938\/revisions\/1939"}],"wp:attachment":[{"href":"https:\/\/www.lamennais.org\/es\/wp-json\/wp\/v2\/media?parent=1938"}],"wp:term":[{"taxonomy":"category","embeddable":true,"href":"https:\/\/www.lamennais.org\/es\/wp-json\/wp\/v2\/categories?post=1938"},{"taxonomy":"post_tag","embeddable":true,"href":"https:\/\/www.lamennais.org\/es\/wp-json\/wp\/v2\/tags?post=1938"}],"curies":[{"name":"wp","href":"https:\/\/api.w.org\/{rel}","templated":true}]}}