{"id":19175,"date":"2019-01-21T14:56:27","date_gmt":"2019-01-21T13:56:27","guid":{"rendered":"http:\/\/www.lamennais.org\/?p=19175"},"modified":"2019-01-22T10:27:49","modified_gmt":"2019-01-22T09:27:49","slug":"semana-del-fundador-movilizacion-general-en-el-noviciado-de-dapaong-togo","status":"publish","type":"post","link":"https:\/\/www.lamennais.org\/es\/semana-del-fundador-movilizacion-general-en-el-noviciado-de-dapaong-togo\/","title":{"rendered":"SEMANA DEL FUNDADOR. Movilizaci\u00f3n general en el noviciado de Dapaong, Togo."},"content":{"rendered":"<p><em>Hermanos de Ogaro, Mango y Dapaong y novicios y postulantes de Ogaro<\/em>.<\/p>\n<p><strong>\u00bb La semana menesiana dedicada a nuestro Padre Fundador marc\u00f3 nuestra comunidad del noviciado, en Dapaong, Togo, Noviciado de \u00c1frica del Oeste y de \u00c1frica central. Fue para nosotros un tiempo favorable para testimoniar nuestra estima por el Padre Fundador, y rezar tambi\u00e9n la oraci\u00f3n por su beatificaci\u00f3n.<\/strong><br \/>\nDurante toda la semana del 18 al 26 de noviembre, profundizamos nuestro conocimiento de la vida del Padre, sus obras y sus m\u00e9ritos a trav\u00e9s de muchas ense\u00f1anzas.<\/p>\n<p><img fetchpriority=\"high\" decoding=\"async\" class=\"alignleft size-large wp-image-19099\" src=\"http:\/\/www.lamennais.org\/wp-content\/uploads\/2019\/01\/DSCN6601-1024x768.jpg\" alt=\"\" width=\"860\" height=\"645\" srcset=\"https:\/\/www.lamennais.org\/wp-content\/uploads\/2019\/01\/DSCN6601-1024x768.jpg 1024w, https:\/\/www.lamennais.org\/wp-content\/uploads\/2019\/01\/DSCN6601-300x225.jpg 300w, https:\/\/www.lamennais.org\/wp-content\/uploads\/2019\/01\/DSCN6601-768x576.jpg 768w, https:\/\/www.lamennais.org\/wp-content\/uploads\/2019\/01\/DSCN6601-260x195.jpg 260w\" sizes=\"(max-width: 860px) 100vw, 860px\" \/><\/p>\n<p>Tambi\u00e9n hicimos una peregrinaci\u00f3n a pie de 41 Km. alrededor de Dapaong. A lo largo del trayecto, no dejamos de cantar hermosas canciones dedicadas al Padre de la Mennais, rezar a la Virgen mediante la oraci\u00f3n del rosario y tambi\u00e9n ofrecerle a Dios nuestros peque\u00f1os sufrimientos f\u00edsicos de la marcha por la glorificaci\u00f3n de nuestro Padre.<\/p>\n<p><img decoding=\"async\" class=\"alignleft size-large wp-image-19102\" src=\"http:\/\/www.lamennais.org\/wp-content\/uploads\/2019\/01\/DSCN6667-1024x768.jpg\" alt=\"\" width=\"860\" height=\"645\" srcset=\"https:\/\/www.lamennais.org\/wp-content\/uploads\/2019\/01\/DSCN6667-1024x768.jpg 1024w, https:\/\/www.lamennais.org\/wp-content\/uploads\/2019\/01\/DSCN6667-300x225.jpg 300w, https:\/\/www.lamennais.org\/wp-content\/uploads\/2019\/01\/DSCN6667-768x576.jpg 768w, https:\/\/www.lamennais.org\/wp-content\/uploads\/2019\/01\/DSCN6667-260x195.jpg 260w\" sizes=\"(max-width: 860px) 100vw, 860px\" \/><\/p>\n<p>Finalmente destacamos el d\u00eda 26 de noviembre con una misa de acci\u00f3n de gracias en la comunidad del noviciado reuniendo a los postulantes de Ogaro as\u00ed como a los Hermanos de las comunidades de Ogaro y de Mango. Terminamos la jornada con un partido de f\u00fatbol que enfrentando a los j\u00f3venes en formaci\u00f3n (novicios y postulantes) con algunos Hermanos, contra los j\u00f3venes mayores del barrio de Nassabl\u00e9 de Dapaong.<\/p>\n<p><img decoding=\"async\" class=\"alignleft size-large wp-image-19105\" src=\"http:\/\/www.lamennais.org\/wp-content\/uploads\/2019\/01\/DSCN6661-1024x553.jpg\" alt=\"\" width=\"860\" height=\"464\" srcset=\"https:\/\/www.lamennais.org\/wp-content\/uploads\/2019\/01\/DSCN6661-1024x553.jpg 1024w, https:\/\/www.lamennais.org\/wp-content\/uploads\/2019\/01\/DSCN6661-300x162.jpg 300w, https:\/\/www.lamennais.org\/wp-content\/uploads\/2019\/01\/DSCN6661-768x415.jpg 768w, https:\/\/www.lamennais.org\/wp-content\/uploads\/2019\/01\/DSCN6661-260x141.jpg 260w\" sizes=\"(max-width: 860px) 100vw, 860px\" \/><\/p>\n<p><strong>Hno. Germ\u00e1n,<\/strong><\/p>\n<p>novicio fic, Dapaong<\/p>\n","protected":false},"excerpt":{"rendered":"<p>Hermanos de Ogaro, Mango y Dapaong y novicios y postulantes de Ogaro. \u00bb La semana menesiana dedicada a nuestro Padre Fundador marc\u00f3 nuestra comunidad del noviciado, en Dapaong, Togo, Noviciado de \u00c1frica del Oeste y de \u00c1frica central. Fue para nosotros un tiempo favorable para testimoniar nuestra estima por el Padre Fundador, y rezar tambi\u00e9n [&hellip;]<\/p>\n","protected":false},"author":3,"featured_media":19095,"comment_status":"closed","ping_status":"closed","sticky":false,"template":"","format":"standard","meta":{"footnotes":""},"categories":[105],"tags":[],"class_list":["post-19175","post","type-post","status-publish","format-standard","has-post-thumbnail","hentry","category-noticias"],"yoast_head":"<!-- This site is optimized with the Yoast SEO plugin v27.4 - https:\/\/yoast.com\/product\/yoast-seo-wordpress\/ -->\n<title>SEMANA DEL FUNDADOR. Movilizaci\u00f3n general en el noviciado de Dapaong, Togo. - LaMennais.org<\/title>\n<meta name=\"robots\" content=\"index, follow, max-snippet:-1, max-image-preview:large, max-video-preview:-1\" \/>\n<link rel=\"canonical\" href=\"https:\/\/www.lamennais.org\/semana-del-fundador-movilizacion-general-en-el-noviciado-de-dapaong-togo\/?lang=es\" \/>\n<meta property=\"og:locale\" content=\"es_ES\" \/>\n<meta property=\"og:type\" content=\"article\" \/>\n<meta property=\"og:title\" content=\"SEMANA DEL FUNDADOR. Movilizaci\u00f3n general en el noviciado de Dapaong, Togo. - LaMennais.org\" \/>\n<meta property=\"og:description\" content=\"Hermanos de Ogaro, Mango y Dapaong y novicios y postulantes de Ogaro. \u00bb La semana menesiana dedicada a nuestro Padre Fundador marc\u00f3 nuestra comunidad del noviciado, en Dapaong, Togo, Noviciado de \u00c1frica del Oeste y de \u00c1frica central. Fue para nosotros un tiempo favorable para testimoniar nuestra estima por el Padre Fundador, y rezar tambi\u00e9n [&hellip;]\" \/>\n<meta property=\"og:url\" content=\"https:\/\/www.lamennais.org\/semana-del-fundador-movilizacion-general-en-el-noviciado-de-dapaong-togo\/?lang=es\" \/>\n<meta property=\"og:site_name\" content=\"LaMennais.org\" \/>\n<meta property=\"article:published_time\" content=\"2019-01-21T13:56:27+00:00\" \/>\n<meta property=\"article:modified_time\" content=\"2019-01-22T09:27:49+00:00\" \/>\n<meta property=\"og:image\" content=\"https:\/\/www.lamennais.org\/wp-content\/uploads\/2019\/01\/DSCN6613-1024x657.jpg\" \/>\n\t<meta property=\"og:image:width\" content=\"1024\" \/>\n\t<meta property=\"og:image:height\" content=\"657\" \/>\n\t<meta property=\"og:image:type\" content=\"image\/jpeg\" \/>\n<meta name=\"author\" content=\"Herv\u00e9 Asse\" \/>\n<meta name=\"twitter:card\" content=\"summary_large_image\" \/>\n<meta name=\"twitter:label1\" content=\"Escrito por\" \/>\n\t<meta name=\"twitter:data1\" content=\"Herv\u00e9 Asse\" \/>\n\t<meta name=\"twitter:label2\" content=\"Tiempo de lectura\" \/>\n\t<meta name=\"twitter:data2\" content=\"1 minuto\" \/>\n<script type=\"application\/ld+json\" class=\"yoast-schema-graph\">{\"@context\":\"https:\\\/\\\/schema.org\",\"@graph\":[{\"@type\":\"Article\",\"@id\":\"https:\\\/\\\/www.lamennais.org\\\/semana-del-fundador-movilizacion-general-en-el-noviciado-de-dapaong-togo\\\/?lang=es#article\",\"isPartOf\":{\"@id\":\"https:\\\/\\\/www.lamennais.org\\\/semana-del-fundador-movilizacion-general-en-el-noviciado-de-dapaong-togo\\\/?lang=es\"},\"author\":{\"name\":\"Herv\u00e9 Asse\",\"@id\":\"https:\\\/\\\/www.lamennais.org\\\/#\\\/schema\\\/person\\\/2a8d6e8a95babedd5ba1c43afd2e3844\"},\"headline\":\"SEMANA DEL FUNDADOR. Movilizaci\u00f3n general en el noviciado de Dapaong, Togo.\",\"datePublished\":\"2019-01-21T13:56:27+00:00\",\"dateModified\":\"2019-01-22T09:27:49+00:00\",\"mainEntityOfPage\":{\"@id\":\"https:\\\/\\\/www.lamennais.org\\\/semana-del-fundador-movilizacion-general-en-el-noviciado-de-dapaong-togo\\\/?lang=es\"},\"wordCount\":245,\"image\":{\"@id\":\"https:\\\/\\\/www.lamennais.org\\\/semana-del-fundador-movilizacion-general-en-el-noviciado-de-dapaong-togo\\\/?lang=es#primaryimage\"},\"thumbnailUrl\":\"https:\\\/\\\/www.lamennais.org\\\/wp-content\\\/uploads\\\/2019\\\/01\\\/DSCN6613.jpg\",\"articleSection\":[\"NOTICIAS\"],\"inLanguage\":\"es\"},{\"@type\":\"WebPage\",\"@id\":\"https:\\\/\\\/www.lamennais.org\\\/semana-del-fundador-movilizacion-general-en-el-noviciado-de-dapaong-togo\\\/?lang=es\",\"url\":\"https:\\\/\\\/www.lamennais.org\\\/semana-del-fundador-movilizacion-general-en-el-noviciado-de-dapaong-togo\\\/?lang=es\",\"name\":\"SEMANA DEL FUNDADOR. Movilizaci\u00f3n general en el noviciado de Dapaong, Togo. - LaMennais.org\",\"isPartOf\":{\"@id\":\"https:\\\/\\\/www.lamennais.org\\\/#website\"},\"primaryImageOfPage\":{\"@id\":\"https:\\\/\\\/www.lamennais.org\\\/semana-del-fundador-movilizacion-general-en-el-noviciado-de-dapaong-togo\\\/?lang=es#primaryimage\"},\"image\":{\"@id\":\"https:\\\/\\\/www.lamennais.org\\\/semana-del-fundador-movilizacion-general-en-el-noviciado-de-dapaong-togo\\\/?lang=es#primaryimage\"},\"thumbnailUrl\":\"https:\\\/\\\/www.lamennais.org\\\/wp-content\\\/uploads\\\/2019\\\/01\\\/DSCN6613.jpg\",\"datePublished\":\"2019-01-21T13:56:27+00:00\",\"dateModified\":\"2019-01-22T09:27:49+00:00\",\"author\":{\"@id\":\"https:\\\/\\\/www.lamennais.org\\\/#\\\/schema\\\/person\\\/2a8d6e8a95babedd5ba1c43afd2e3844\"},\"breadcrumb\":{\"@id\":\"https:\\\/\\\/www.lamennais.org\\\/semana-del-fundador-movilizacion-general-en-el-noviciado-de-dapaong-togo\\\/?lang=es#breadcrumb\"},\"inLanguage\":\"es\",\"potentialAction\":[{\"@type\":\"ReadAction\",\"target\":[\"https:\\\/\\\/www.lamennais.org\\\/semana-del-fundador-movilizacion-general-en-el-noviciado-de-dapaong-togo\\\/?lang=es\"]}]},{\"@type\":\"ImageObject\",\"inLanguage\":\"es\",\"@id\":\"https:\\\/\\\/www.lamennais.org\\\/semana-del-fundador-movilizacion-general-en-el-noviciado-de-dapaong-togo\\\/?lang=es#primaryimage\",\"url\":\"https:\\\/\\\/www.lamennais.org\\\/wp-content\\\/uploads\\\/2019\\\/01\\\/DSCN6613.jpg\",\"contentUrl\":\"https:\\\/\\\/www.lamennais.org\\\/wp-content\\\/uploads\\\/2019\\\/01\\\/DSCN6613.jpg\",\"width\":5001,\"height\":3210},{\"@type\":\"BreadcrumbList\",\"@id\":\"https:\\\/\\\/www.lamennais.org\\\/semana-del-fundador-movilizacion-general-en-el-noviciado-de-dapaong-togo\\\/?lang=es#breadcrumb\",\"itemListElement\":[{\"@type\":\"ListItem\",\"position\":1,\"name\":\"Accueil\",\"item\":\"https:\\\/\\\/www.lamennais.org\\\/\"},{\"@type\":\"ListItem\",\"position\":2,\"name\":\"SEMANA DEL FUNDADOR. Movilizaci\u00f3n general en el noviciado de Dapaong, Togo.\"}]},{\"@type\":\"WebSite\",\"@id\":\"https:\\\/\\\/www.lamennais.org\\\/#website\",\"url\":\"https:\\\/\\\/www.lamennais.org\\\/\",\"name\":\"LaMennais.org\",\"description\":\"Fr\u00e8res de l&#039;Instruction Chr\u00e9tienne et Famille Mennaisienne\",\"potentialAction\":[{\"@type\":\"SearchAction\",\"target\":{\"@type\":\"EntryPoint\",\"urlTemplate\":\"https:\\\/\\\/www.lamennais.org\\\/?s={search_term_string}\"},\"query-input\":{\"@type\":\"PropertyValueSpecification\",\"valueRequired\":true,\"valueName\":\"search_term_string\"}}],\"inLanguage\":\"es\"},{\"@type\":\"Person\",\"@id\":\"https:\\\/\\\/www.lamennais.org\\\/#\\\/schema\\\/person\\\/2a8d6e8a95babedd5ba1c43afd2e3844\",\"name\":\"Herv\u00e9 Asse\",\"image\":{\"@type\":\"ImageObject\",\"inLanguage\":\"es\",\"@id\":\"https:\\\/\\\/secure.gravatar.com\\\/avatar\\\/1aaa7b1baf759c8b40525f40af381cbaa2b0ddd554f57145bceb0654ba45b4c0?s=96&d=mm&r=g\",\"url\":\"https:\\\/\\\/secure.gravatar.com\\\/avatar\\\/1aaa7b1baf759c8b40525f40af381cbaa2b0ddd554f57145bceb0654ba45b4c0?s=96&d=mm&r=g\",\"contentUrl\":\"https:\\\/\\\/secure.gravatar.com\\\/avatar\\\/1aaa7b1baf759c8b40525f40af381cbaa2b0ddd554f57145bceb0654ba45b4c0?s=96&d=mm&r=g\",\"caption\":\"Herv\u00e9 Asse\"}}]}<\/script>\n<!-- \/ Yoast SEO plugin. -->","yoast_head_json":{"title":"SEMANA DEL FUNDADOR. Movilizaci\u00f3n general en el noviciado de Dapaong, Togo. - LaMennais.org","robots":{"index":"index","follow":"follow","max-snippet":"max-snippet:-1","max-image-preview":"max-image-preview:large","max-video-preview":"max-video-preview:-1"},"canonical":"https:\/\/www.lamennais.org\/semana-del-fundador-movilizacion-general-en-el-noviciado-de-dapaong-togo\/?lang=es","og_locale":"es_ES","og_type":"article","og_title":"SEMANA DEL FUNDADOR. Movilizaci\u00f3n general en el noviciado de Dapaong, Togo. - LaMennais.org","og_description":"Hermanos de Ogaro, Mango y Dapaong y novicios y postulantes de Ogaro. \u00bb La semana menesiana dedicada a nuestro Padre Fundador marc\u00f3 nuestra comunidad del noviciado, en Dapaong, Togo, Noviciado de \u00c1frica del Oeste y de \u00c1frica central. Fue para nosotros un tiempo favorable para testimoniar nuestra estima por el Padre Fundador, y rezar tambi\u00e9n [&hellip;]","og_url":"https:\/\/www.lamennais.org\/semana-del-fundador-movilizacion-general-en-el-noviciado-de-dapaong-togo\/?lang=es","og_site_name":"LaMennais.org","article_published_time":"2019-01-21T13:56:27+00:00","article_modified_time":"2019-01-22T09:27:49+00:00","og_image":[{"width":1024,"height":657,"url":"https:\/\/www.lamennais.org\/wp-content\/uploads\/2019\/01\/DSCN6613-1024x657.jpg","type":"image\/jpeg"}],"author":"Herv\u00e9 Asse","twitter_card":"summary_large_image","twitter_misc":{"Escrito por":"Herv\u00e9 Asse","Tiempo de lectura":"1 minuto"},"schema":{"@context":"https:\/\/schema.org","@graph":[{"@type":"Article","@id":"https:\/\/www.lamennais.org\/semana-del-fundador-movilizacion-general-en-el-noviciado-de-dapaong-togo\/?lang=es#article","isPartOf":{"@id":"https:\/\/www.lamennais.org\/semana-del-fundador-movilizacion-general-en-el-noviciado-de-dapaong-togo\/?lang=es"},"author":{"name":"Herv\u00e9 Asse","@id":"https:\/\/www.lamennais.org\/#\/schema\/person\/2a8d6e8a95babedd5ba1c43afd2e3844"},"headline":"SEMANA DEL FUNDADOR. Movilizaci\u00f3n general en el noviciado de Dapaong, Togo.","datePublished":"2019-01-21T13:56:27+00:00","dateModified":"2019-01-22T09:27:49+00:00","mainEntityOfPage":{"@id":"https:\/\/www.lamennais.org\/semana-del-fundador-movilizacion-general-en-el-noviciado-de-dapaong-togo\/?lang=es"},"wordCount":245,"image":{"@id":"https:\/\/www.lamennais.org\/semana-del-fundador-movilizacion-general-en-el-noviciado-de-dapaong-togo\/?lang=es#primaryimage"},"thumbnailUrl":"https:\/\/www.lamennais.org\/wp-content\/uploads\/2019\/01\/DSCN6613.jpg","articleSection":["NOTICIAS"],"inLanguage":"es"},{"@type":"WebPage","@id":"https:\/\/www.lamennais.org\/semana-del-fundador-movilizacion-general-en-el-noviciado-de-dapaong-togo\/?lang=es","url":"https:\/\/www.lamennais.org\/semana-del-fundador-movilizacion-general-en-el-noviciado-de-dapaong-togo\/?lang=es","name":"SEMANA DEL FUNDADOR. Movilizaci\u00f3n general en el noviciado de Dapaong, Togo. - LaMennais.org","isPartOf":{"@id":"https:\/\/www.lamennais.org\/#website"},"primaryImageOfPage":{"@id":"https:\/\/www.lamennais.org\/semana-del-fundador-movilizacion-general-en-el-noviciado-de-dapaong-togo\/?lang=es#primaryimage"},"image":{"@id":"https:\/\/www.lamennais.org\/semana-del-fundador-movilizacion-general-en-el-noviciado-de-dapaong-togo\/?lang=es#primaryimage"},"thumbnailUrl":"https:\/\/www.lamennais.org\/wp-content\/uploads\/2019\/01\/DSCN6613.jpg","datePublished":"2019-01-21T13:56:27+00:00","dateModified":"2019-01-22T09:27:49+00:00","author":{"@id":"https:\/\/www.lamennais.org\/#\/schema\/person\/2a8d6e8a95babedd5ba1c43afd2e3844"},"breadcrumb":{"@id":"https:\/\/www.lamennais.org\/semana-del-fundador-movilizacion-general-en-el-noviciado-de-dapaong-togo\/?lang=es#breadcrumb"},"inLanguage":"es","potentialAction":[{"@type":"ReadAction","target":["https:\/\/www.lamennais.org\/semana-del-fundador-movilizacion-general-en-el-noviciado-de-dapaong-togo\/?lang=es"]}]},{"@type":"ImageObject","inLanguage":"es","@id":"https:\/\/www.lamennais.org\/semana-del-fundador-movilizacion-general-en-el-noviciado-de-dapaong-togo\/?lang=es#primaryimage","url":"https:\/\/www.lamennais.org\/wp-content\/uploads\/2019\/01\/DSCN6613.jpg","contentUrl":"https:\/\/www.lamennais.org\/wp-content\/uploads\/2019\/01\/DSCN6613.jpg","width":5001,"height":3210},{"@type":"BreadcrumbList","@id":"https:\/\/www.lamennais.org\/semana-del-fundador-movilizacion-general-en-el-noviciado-de-dapaong-togo\/?lang=es#breadcrumb","itemListElement":[{"@type":"ListItem","position":1,"name":"Accueil","item":"https:\/\/www.lamennais.org\/"},{"@type":"ListItem","position":2,"name":"SEMANA DEL FUNDADOR. Movilizaci\u00f3n general en el noviciado de Dapaong, Togo."}]},{"@type":"WebSite","@id":"https:\/\/www.lamennais.org\/#website","url":"https:\/\/www.lamennais.org\/","name":"LaMennais.org","description":"Fr\u00e8res de l&#039;Instruction Chr\u00e9tienne et Famille Mennaisienne","potentialAction":[{"@type":"SearchAction","target":{"@type":"EntryPoint","urlTemplate":"https:\/\/www.lamennais.org\/?s={search_term_string}"},"query-input":{"@type":"PropertyValueSpecification","valueRequired":true,"valueName":"search_term_string"}}],"inLanguage":"es"},{"@type":"Person","@id":"https:\/\/www.lamennais.org\/#\/schema\/person\/2a8d6e8a95babedd5ba1c43afd2e3844","name":"Herv\u00e9 Asse","image":{"@type":"ImageObject","inLanguage":"es","@id":"https:\/\/secure.gravatar.com\/avatar\/1aaa7b1baf759c8b40525f40af381cbaa2b0ddd554f57145bceb0654ba45b4c0?s=96&d=mm&r=g","url":"https:\/\/secure.gravatar.com\/avatar\/1aaa7b1baf759c8b40525f40af381cbaa2b0ddd554f57145bceb0654ba45b4c0?s=96&d=mm&r=g","contentUrl":"https:\/\/secure.gravatar.com\/avatar\/1aaa7b1baf759c8b40525f40af381cbaa2b0ddd554f57145bceb0654ba45b4c0?s=96&d=mm&r=g","caption":"Herv\u00e9 Asse"}}]}},"_links":{"self":[{"href":"https:\/\/www.lamennais.org\/es\/wp-json\/wp\/v2\/posts\/19175","targetHints":{"allow":["GET"]}}],"collection":[{"href":"https:\/\/www.lamennais.org\/es\/wp-json\/wp\/v2\/posts"}],"about":[{"href":"https:\/\/www.lamennais.org\/es\/wp-json\/wp\/v2\/types\/post"}],"author":[{"embeddable":true,"href":"https:\/\/www.lamennais.org\/es\/wp-json\/wp\/v2\/users\/3"}],"replies":[{"embeddable":true,"href":"https:\/\/www.lamennais.org\/es\/wp-json\/wp\/v2\/comments?post=19175"}],"version-history":[{"count":2,"href":"https:\/\/www.lamennais.org\/es\/wp-json\/wp\/v2\/posts\/19175\/revisions"}],"predecessor-version":[{"id":19180,"href":"https:\/\/www.lamennais.org\/es\/wp-json\/wp\/v2\/posts\/19175\/revisions\/19180"}],"wp:featuredmedia":[{"embeddable":true,"href":"https:\/\/www.lamennais.org\/es\/wp-json\/wp\/v2\/media\/19095"}],"wp:attachment":[{"href":"https:\/\/www.lamennais.org\/es\/wp-json\/wp\/v2\/media?parent=19175"}],"wp:term":[{"taxonomy":"category","embeddable":true,"href":"https:\/\/www.lamennais.org\/es\/wp-json\/wp\/v2\/categories?post=19175"},{"taxonomy":"post_tag","embeddable":true,"href":"https:\/\/www.lamennais.org\/es\/wp-json\/wp\/v2\/tags?post=19175"}],"curies":[{"name":"wp","href":"https:\/\/api.w.org\/{rel}","templated":true}]}}