{"id":16871,"date":"2018-04-18T08:57:43","date_gmt":"2018-04-18T06:57:43","guid":{"rendered":"http:\/\/www.lamennais.org\/bro-marcel-lacasse-james-lucien\/"},"modified":"2018-04-18T08:57:43","modified_gmt":"2018-04-18T06:57:43","slug":"bro-marcel-lacasse-james-lucien","status":"publish","type":"post","link":"https:\/\/www.lamennais.org\/es\/bro-marcel-lacasse-james-lucien\/","title":{"rendered":"Bro Marcel LACASSE   (James-Lucien)"},"content":{"rendered":"<p><strong><img fetchpriority=\"high\" decoding=\"async\" class=\"alignleft size-medium wp-image-16867\" src=\"http:\/\/www.lamennais.org\/wp-content\/uploads\/2018\/04\/James-LAcasse-224x300.jpg\" alt=\"\" width=\"224\" height=\"300\" srcset=\"https:\/\/www.lamennais.org\/wp-content\/uploads\/2018\/04\/James-LAcasse-224x300.jpg 224w, https:\/\/www.lamennais.org\/wp-content\/uploads\/2018\/04\/James-LAcasse-260x349.jpg 260w, https:\/\/www.lamennais.org\/wp-content\/uploads\/2018\/04\/James-LAcasse.jpg 716w\" sizes=\"(max-width: 224px) 100vw, 224px\" \/><\/strong><\/p>\n<p>&nbsp;<\/p>\n<p><strong>Birth\u00a0<\/strong> :\u00a0 December 17, 1926\u00a0 at Waterville, ME (USA)<\/p>\n<p><strong>Novitiate\u00a0<\/strong> :\u00a0 September 15, 1942\u00a0 (La Prairie).<br \/>\n<strong>Perpetual Profession<\/strong>\u00a0 : July 2, 1948.<\/p>\n<p><strong>Bro Marcel LACASSE passed away at Maine Medical Hospital in Portland on Monday, April 16, 2018, at the age of 91, of which 76 in the religious life.<\/strong><\/p>\n<p><strong>Jean de la Mennais Province<\/strong><\/p>\n<p>&nbsp;<\/p>\n<hr \/>\n<h4>Appointments :<\/h4>\n<table width=\"836\">\n<tbody>\n<tr>\n<td width=\"108\">1945<\/td>\n<td width=\"327\">Montr\u00e9al, Qu\u00e9bec, \u00e9cole Vaudreuil,<\/td>\n<td width=\"402\">Teacher<\/td>\n<\/tr>\n<tr>\n<td width=\"108\">1946<\/td>\n<td width=\"327\">Plattsburgh, NY, St. Peter\u2019s,<\/td>\n<td width=\"402\">Teacher<\/td>\n<\/tr>\n<tr>\n<td width=\"108\">1947<\/td>\n<td width=\"327\">Sanford, ME, St. Ignatius,<\/td>\n<td width=\"402\">Teacher<\/td>\n<\/tr>\n<tr>\n<td width=\"108\">1950<\/td>\n<td width=\"327\">Plattsburgh, NY, MAI,<\/td>\n<td width=\"402\">Teacher<\/td>\n<\/tr>\n<tr>\n<td width=\"108\">1961<\/td>\n<td width=\"327\">Jersey Island, English Channel,<\/td>\n<td width=\"402\">Second Novitiate<\/td>\n<\/tr>\n<tr>\n<td width=\"108\">1961<\/td>\n<td width=\"327\">Detroit, MI, Cathedral Center,<\/td>\n<td width=\"402\">Teacher<\/td>\n<\/tr>\n<tr>\n<td width=\"108\">1964<\/td>\n<td width=\"327\">Canton, OH, Walsh College,<\/td>\n<td width=\"402\">Dean of Students<\/td>\n<\/tr>\n<tr>\n<td width=\"108\">1972<\/td>\n<td width=\"327\">Canton, OH, Walsh College,<\/td>\n<td width=\"402\">Registrar, Dir. of Research<\/td>\n<\/tr>\n<tr>\n<td width=\"108\">1977<\/td>\n<td width=\"327\">Canton, OH, Walsh College,<\/td>\n<td width=\"402\">Superior<\/td>\n<\/tr>\n<tr>\n<td width=\"108\">1986<\/td>\n<td width=\"327\">Canton, OH, Walsh College,<\/td>\n<td width=\"402\">Provincial Treasurer<\/td>\n<\/tr>\n<tr>\n<td width=\"108\">1992<\/td>\n<td width=\"327\">Canton, OH, Walsh University,<\/td>\n<td width=\"402\">Superior<\/td>\n<\/tr>\n<tr>\n<td width=\"108\">1992<\/td>\n<td width=\"327\">Italy, Castelgandolfo,<\/td>\n<td width=\"402\">Renewal Year<\/td>\n<\/tr>\n<tr>\n<td width=\"108\">1992<\/td>\n<td width=\"327\">Canton, OH, Walsh University,<\/td>\n<td width=\"402\">Superior<\/td>\n<\/tr>\n<tr>\n<td width=\"108\">1995<\/td>\n<td width=\"327\">Alfred, ME, NDI,<\/td>\n<td width=\"402\">Superior<\/td>\n<\/tr>\n<tr>\n<td width=\"108\">2012<\/td>\n<td width=\"327\">Alfred, ME, NDI,<\/td>\n<td width=\"402\">Actively Retired<\/td>\n<\/tr>\n<\/tbody>\n<\/table>\n","protected":false},"excerpt":{"rendered":"<p>&nbsp; Birth\u00a0 :\u00a0 December 17, 1926\u00a0 at Waterville, ME (USA) Novitiate\u00a0 :\u00a0 September 15, 1942\u00a0 (La Prairie). Perpetual Profession\u00a0 : July 2, 1948. Bro Marcel LACASSE passed away at Maine Medical Hospital in Portland on Monday, April 16, 2018, at the age of 91, of which 76 in the religious life. Jean de la Mennais [&hellip;]<\/p>\n","protected":false},"author":3,"featured_media":0,"comment_status":"closed","ping_status":"closed","sticky":false,"template":"","format":"standard","meta":{"footnotes":""},"categories":[208,206,339],"tags":[],"class_list":["post-16871","post","type-post","status-publish","format-standard","hentry","category-fallecidos","category-hermanos-es","category-2018-es"],"yoast_head":"<!-- This site is optimized with the Yoast SEO plugin v27.4 - https:\/\/yoast.com\/product\/yoast-seo-wordpress\/ -->\n<title>Bro Marcel LACASSE  (James-Lucien) - LaMennais.org<\/title>\n<meta name=\"robots\" content=\"index, follow, max-snippet:-1, max-image-preview:large, max-video-preview:-1\" \/>\n<link rel=\"canonical\" href=\"https:\/\/www.lamennais.org\/bro-marcel-lacasse-james-lucien\/?lang=es\" \/>\n<meta property=\"og:locale\" content=\"es_ES\" \/>\n<meta property=\"og:type\" content=\"article\" \/>\n<meta property=\"og:title\" content=\"Bro Marcel LACASSE  (James-Lucien) - LaMennais.org\" \/>\n<meta property=\"og:description\" content=\"&nbsp; Birth\u00a0 :\u00a0 December 17, 1926\u00a0 at Waterville, ME (USA) Novitiate\u00a0 :\u00a0 September 15, 1942\u00a0 (La Prairie). Perpetual Profession\u00a0 : July 2, 1948. Bro Marcel LACASSE passed away at Maine Medical Hospital in Portland on Monday, April 16, 2018, at the age of 91, of which 76 in the religious life. Jean de la Mennais [&hellip;]\" \/>\n<meta property=\"og:url\" content=\"https:\/\/www.lamennais.org\/bro-marcel-lacasse-james-lucien\/?lang=es\" \/>\n<meta property=\"og:site_name\" content=\"LaMennais.org\" \/>\n<meta property=\"article:published_time\" content=\"2018-04-18T06:57:43+00:00\" \/>\n<meta property=\"og:image\" content=\"http:\/\/www.lamennais.org\/wp-content\/uploads\/2018\/04\/James-LAcasse-224x300.jpg\" \/>\n<meta name=\"author\" content=\"Herv\u00e9 Asse\" \/>\n<meta name=\"twitter:card\" content=\"summary_large_image\" \/>\n<meta name=\"twitter:label1\" content=\"Escrito por\" \/>\n\t<meta name=\"twitter:data1\" content=\"Herv\u00e9 Asse\" \/>\n\t<meta name=\"twitter:label2\" content=\"Tiempo de lectura\" \/>\n\t<meta name=\"twitter:data2\" content=\"1 minuto\" \/>\n<script type=\"application\/ld+json\" class=\"yoast-schema-graph\">{\"@context\":\"https:\\\/\\\/schema.org\",\"@graph\":[{\"@type\":\"Article\",\"@id\":\"https:\\\/\\\/www.lamennais.org\\\/bro-marcel-lacasse-james-lucien\\\/?lang=es#article\",\"isPartOf\":{\"@id\":\"https:\\\/\\\/www.lamennais.org\\\/bro-marcel-lacasse-james-lucien\\\/?lang=es\"},\"author\":{\"name\":\"Herv\u00e9 Asse\",\"@id\":\"https:\\\/\\\/www.lamennais.org\\\/#\\\/schema\\\/person\\\/2a8d6e8a95babedd5ba1c43afd2e3844\"},\"headline\":\"Bro Marcel LACASSE (James-Lucien)\",\"datePublished\":\"2018-04-18T06:57:43+00:00\",\"mainEntityOfPage\":{\"@id\":\"https:\\\/\\\/www.lamennais.org\\\/bro-marcel-lacasse-james-lucien\\\/?lang=es\"},\"wordCount\":131,\"image\":{\"@id\":\"https:\\\/\\\/www.lamennais.org\\\/bro-marcel-lacasse-james-lucien\\\/?lang=es#primaryimage\"},\"thumbnailUrl\":\"http:\\\/\\\/www.lamennais.org\\\/wp-content\\\/uploads\\\/2018\\\/04\\\/James-LAcasse-224x300.jpg\",\"articleSection\":[\"Fallecidos\",\"Hermanos\",\"Hermanos fallecidos en 2018\"],\"inLanguage\":\"es\"},{\"@type\":\"WebPage\",\"@id\":\"https:\\\/\\\/www.lamennais.org\\\/bro-marcel-lacasse-james-lucien\\\/?lang=es\",\"url\":\"https:\\\/\\\/www.lamennais.org\\\/bro-marcel-lacasse-james-lucien\\\/?lang=es\",\"name\":\"Bro Marcel LACASSE (James-Lucien) - LaMennais.org\",\"isPartOf\":{\"@id\":\"https:\\\/\\\/www.lamennais.org\\\/#website\"},\"primaryImageOfPage\":{\"@id\":\"https:\\\/\\\/www.lamennais.org\\\/bro-marcel-lacasse-james-lucien\\\/?lang=es#primaryimage\"},\"image\":{\"@id\":\"https:\\\/\\\/www.lamennais.org\\\/bro-marcel-lacasse-james-lucien\\\/?lang=es#primaryimage\"},\"thumbnailUrl\":\"http:\\\/\\\/www.lamennais.org\\\/wp-content\\\/uploads\\\/2018\\\/04\\\/James-LAcasse-224x300.jpg\",\"datePublished\":\"2018-04-18T06:57:43+00:00\",\"author\":{\"@id\":\"https:\\\/\\\/www.lamennais.org\\\/#\\\/schema\\\/person\\\/2a8d6e8a95babedd5ba1c43afd2e3844\"},\"breadcrumb\":{\"@id\":\"https:\\\/\\\/www.lamennais.org\\\/bro-marcel-lacasse-james-lucien\\\/?lang=es#breadcrumb\"},\"inLanguage\":\"es\",\"potentialAction\":[{\"@type\":\"ReadAction\",\"target\":[\"https:\\\/\\\/www.lamennais.org\\\/bro-marcel-lacasse-james-lucien\\\/?lang=es\"]}]},{\"@type\":\"ImageObject\",\"inLanguage\":\"es\",\"@id\":\"https:\\\/\\\/www.lamennais.org\\\/bro-marcel-lacasse-james-lucien\\\/?lang=es#primaryimage\",\"url\":\"http:\\\/\\\/www.lamennais.org\\\/wp-content\\\/uploads\\\/2018\\\/04\\\/James-LAcasse-224x300.jpg\",\"contentUrl\":\"http:\\\/\\\/www.lamennais.org\\\/wp-content\\\/uploads\\\/2018\\\/04\\\/James-LAcasse-224x300.jpg\"},{\"@type\":\"BreadcrumbList\",\"@id\":\"https:\\\/\\\/www.lamennais.org\\\/bro-marcel-lacasse-james-lucien\\\/?lang=es#breadcrumb\",\"itemListElement\":[{\"@type\":\"ListItem\",\"position\":1,\"name\":\"Accueil\",\"item\":\"https:\\\/\\\/www.lamennais.org\\\/\"},{\"@type\":\"ListItem\",\"position\":2,\"name\":\"Bro Marcel LACASSE (James-Lucien)\"}]},{\"@type\":\"WebSite\",\"@id\":\"https:\\\/\\\/www.lamennais.org\\\/#website\",\"url\":\"https:\\\/\\\/www.lamennais.org\\\/\",\"name\":\"LaMennais.org\",\"description\":\"Fr\u00e8res de l&#039;Instruction Chr\u00e9tienne et Famille Mennaisienne\",\"potentialAction\":[{\"@type\":\"SearchAction\",\"target\":{\"@type\":\"EntryPoint\",\"urlTemplate\":\"https:\\\/\\\/www.lamennais.org\\\/?s={search_term_string}\"},\"query-input\":{\"@type\":\"PropertyValueSpecification\",\"valueRequired\":true,\"valueName\":\"search_term_string\"}}],\"inLanguage\":\"es\"},{\"@type\":\"Person\",\"@id\":\"https:\\\/\\\/www.lamennais.org\\\/#\\\/schema\\\/person\\\/2a8d6e8a95babedd5ba1c43afd2e3844\",\"name\":\"Herv\u00e9 Asse\",\"image\":{\"@type\":\"ImageObject\",\"inLanguage\":\"es\",\"@id\":\"https:\\\/\\\/secure.gravatar.com\\\/avatar\\\/1aaa7b1baf759c8b40525f40af381cbaa2b0ddd554f57145bceb0654ba45b4c0?s=96&d=mm&r=g\",\"url\":\"https:\\\/\\\/secure.gravatar.com\\\/avatar\\\/1aaa7b1baf759c8b40525f40af381cbaa2b0ddd554f57145bceb0654ba45b4c0?s=96&d=mm&r=g\",\"contentUrl\":\"https:\\\/\\\/secure.gravatar.com\\\/avatar\\\/1aaa7b1baf759c8b40525f40af381cbaa2b0ddd554f57145bceb0654ba45b4c0?s=96&d=mm&r=g\",\"caption\":\"Herv\u00e9 Asse\"}}]}<\/script>\n<!-- \/ Yoast SEO plugin. -->","yoast_head_json":{"title":"Bro Marcel LACASSE  (James-Lucien) - LaMennais.org","robots":{"index":"index","follow":"follow","max-snippet":"max-snippet:-1","max-image-preview":"max-image-preview:large","max-video-preview":"max-video-preview:-1"},"canonical":"https:\/\/www.lamennais.org\/bro-marcel-lacasse-james-lucien\/?lang=es","og_locale":"es_ES","og_type":"article","og_title":"Bro Marcel LACASSE  (James-Lucien) - LaMennais.org","og_description":"&nbsp; Birth\u00a0 :\u00a0 December 17, 1926\u00a0 at Waterville, ME (USA) Novitiate\u00a0 :\u00a0 September 15, 1942\u00a0 (La Prairie). Perpetual Profession\u00a0 : July 2, 1948. Bro Marcel LACASSE passed away at Maine Medical Hospital in Portland on Monday, April 16, 2018, at the age of 91, of which 76 in the religious life. Jean de la Mennais [&hellip;]","og_url":"https:\/\/www.lamennais.org\/bro-marcel-lacasse-james-lucien\/?lang=es","og_site_name":"LaMennais.org","article_published_time":"2018-04-18T06:57:43+00:00","og_image":[{"url":"http:\/\/www.lamennais.org\/wp-content\/uploads\/2018\/04\/James-LAcasse-224x300.jpg","type":"","width":"","height":""}],"author":"Herv\u00e9 Asse","twitter_card":"summary_large_image","twitter_misc":{"Escrito por":"Herv\u00e9 Asse","Tiempo de lectura":"1 minuto"},"schema":{"@context":"https:\/\/schema.org","@graph":[{"@type":"Article","@id":"https:\/\/www.lamennais.org\/bro-marcel-lacasse-james-lucien\/?lang=es#article","isPartOf":{"@id":"https:\/\/www.lamennais.org\/bro-marcel-lacasse-james-lucien\/?lang=es"},"author":{"name":"Herv\u00e9 Asse","@id":"https:\/\/www.lamennais.org\/#\/schema\/person\/2a8d6e8a95babedd5ba1c43afd2e3844"},"headline":"Bro Marcel LACASSE (James-Lucien)","datePublished":"2018-04-18T06:57:43+00:00","mainEntityOfPage":{"@id":"https:\/\/www.lamennais.org\/bro-marcel-lacasse-james-lucien\/?lang=es"},"wordCount":131,"image":{"@id":"https:\/\/www.lamennais.org\/bro-marcel-lacasse-james-lucien\/?lang=es#primaryimage"},"thumbnailUrl":"http:\/\/www.lamennais.org\/wp-content\/uploads\/2018\/04\/James-LAcasse-224x300.jpg","articleSection":["Fallecidos","Hermanos","Hermanos fallecidos en 2018"],"inLanguage":"es"},{"@type":"WebPage","@id":"https:\/\/www.lamennais.org\/bro-marcel-lacasse-james-lucien\/?lang=es","url":"https:\/\/www.lamennais.org\/bro-marcel-lacasse-james-lucien\/?lang=es","name":"Bro Marcel LACASSE (James-Lucien) - LaMennais.org","isPartOf":{"@id":"https:\/\/www.lamennais.org\/#website"},"primaryImageOfPage":{"@id":"https:\/\/www.lamennais.org\/bro-marcel-lacasse-james-lucien\/?lang=es#primaryimage"},"image":{"@id":"https:\/\/www.lamennais.org\/bro-marcel-lacasse-james-lucien\/?lang=es#primaryimage"},"thumbnailUrl":"http:\/\/www.lamennais.org\/wp-content\/uploads\/2018\/04\/James-LAcasse-224x300.jpg","datePublished":"2018-04-18T06:57:43+00:00","author":{"@id":"https:\/\/www.lamennais.org\/#\/schema\/person\/2a8d6e8a95babedd5ba1c43afd2e3844"},"breadcrumb":{"@id":"https:\/\/www.lamennais.org\/bro-marcel-lacasse-james-lucien\/?lang=es#breadcrumb"},"inLanguage":"es","potentialAction":[{"@type":"ReadAction","target":["https:\/\/www.lamennais.org\/bro-marcel-lacasse-james-lucien\/?lang=es"]}]},{"@type":"ImageObject","inLanguage":"es","@id":"https:\/\/www.lamennais.org\/bro-marcel-lacasse-james-lucien\/?lang=es#primaryimage","url":"http:\/\/www.lamennais.org\/wp-content\/uploads\/2018\/04\/James-LAcasse-224x300.jpg","contentUrl":"http:\/\/www.lamennais.org\/wp-content\/uploads\/2018\/04\/James-LAcasse-224x300.jpg"},{"@type":"BreadcrumbList","@id":"https:\/\/www.lamennais.org\/bro-marcel-lacasse-james-lucien\/?lang=es#breadcrumb","itemListElement":[{"@type":"ListItem","position":1,"name":"Accueil","item":"https:\/\/www.lamennais.org\/"},{"@type":"ListItem","position":2,"name":"Bro Marcel LACASSE (James-Lucien)"}]},{"@type":"WebSite","@id":"https:\/\/www.lamennais.org\/#website","url":"https:\/\/www.lamennais.org\/","name":"LaMennais.org","description":"Fr\u00e8res de l&#039;Instruction Chr\u00e9tienne et Famille Mennaisienne","potentialAction":[{"@type":"SearchAction","target":{"@type":"EntryPoint","urlTemplate":"https:\/\/www.lamennais.org\/?s={search_term_string}"},"query-input":{"@type":"PropertyValueSpecification","valueRequired":true,"valueName":"search_term_string"}}],"inLanguage":"es"},{"@type":"Person","@id":"https:\/\/www.lamennais.org\/#\/schema\/person\/2a8d6e8a95babedd5ba1c43afd2e3844","name":"Herv\u00e9 Asse","image":{"@type":"ImageObject","inLanguage":"es","@id":"https:\/\/secure.gravatar.com\/avatar\/1aaa7b1baf759c8b40525f40af381cbaa2b0ddd554f57145bceb0654ba45b4c0?s=96&d=mm&r=g","url":"https:\/\/secure.gravatar.com\/avatar\/1aaa7b1baf759c8b40525f40af381cbaa2b0ddd554f57145bceb0654ba45b4c0?s=96&d=mm&r=g","contentUrl":"https:\/\/secure.gravatar.com\/avatar\/1aaa7b1baf759c8b40525f40af381cbaa2b0ddd554f57145bceb0654ba45b4c0?s=96&d=mm&r=g","caption":"Herv\u00e9 Asse"}}]}},"_links":{"self":[{"href":"https:\/\/www.lamennais.org\/es\/wp-json\/wp\/v2\/posts\/16871","targetHints":{"allow":["GET"]}}],"collection":[{"href":"https:\/\/www.lamennais.org\/es\/wp-json\/wp\/v2\/posts"}],"about":[{"href":"https:\/\/www.lamennais.org\/es\/wp-json\/wp\/v2\/types\/post"}],"author":[{"embeddable":true,"href":"https:\/\/www.lamennais.org\/es\/wp-json\/wp\/v2\/users\/3"}],"replies":[{"embeddable":true,"href":"https:\/\/www.lamennais.org\/es\/wp-json\/wp\/v2\/comments?post=16871"}],"version-history":[{"count":0,"href":"https:\/\/www.lamennais.org\/es\/wp-json\/wp\/v2\/posts\/16871\/revisions"}],"wp:attachment":[{"href":"https:\/\/www.lamennais.org\/es\/wp-json\/wp\/v2\/media?parent=16871"}],"wp:term":[{"taxonomy":"category","embeddable":true,"href":"https:\/\/www.lamennais.org\/es\/wp-json\/wp\/v2\/categories?post=16871"},{"taxonomy":"post_tag","embeddable":true,"href":"https:\/\/www.lamennais.org\/es\/wp-json\/wp\/v2\/tags?post=16871"}],"curies":[{"name":"wp","href":"https:\/\/api.w.org\/{rel}","templated":true}]}}