{"id":16825,"date":"2018-04-09T10:44:19","date_gmt":"2018-04-09T08:44:19","guid":{"rendered":"http:\/\/www.lamennais.org\/?p=16825"},"modified":"2018-04-10T08:07:18","modified_gmt":"2018-04-10T06:07:18","slug":"entrevista-del-hno-superior-general-el-h-herve-zamor-presenta-los-desafios-de-la-congregacion-en-la-radio-rcf-podeis-escucharlo-aqui","status":"publish","type":"post","link":"https:\/\/www.lamennais.org\/es\/entrevista-del-hno-superior-general-el-h-herve-zamor-presenta-los-desafios-de-la-congregacion-en-la-radio-rcf-podeis-escucharlo-aqui\/","title":{"rendered":"ENTREVISTA DEL Hno. SUPERIOR GENERAL. El H. Herv\u00e9 ZAMOR presenta los desaf\u00edos de la Congregaci\u00f3n en la radio RCF. Pod\u00e9is escucharlo aqu\u00ed."},"content":{"rendered":"<p>Durante una entrevista en la Red de Radio Franc\u00f3fona- RCF &#8211; Radio Cristiana Franc\u00f3fona, el Hno. Herv\u00e9 ZAMOR, nuevo Superior General de los Hermanos, se sit\u00faa en el coraz\u00f3n de las realidades de la Congregaci\u00f3n y de la Familia Menesiana.<br \/>\nPresenta a la vez elementos sobre su recorrido personal y las realidades y diversidad de la Congregaci\u00f3n.<\/p>\n<p><img fetchpriority=\"high\" decoding=\"async\" class=\"alignleft size-large wp-image-16816\" src=\"http:\/\/www.lamennais.org\/wp-content\/uploads\/2018\/04\/P1030002-1024x607.jpg\" alt=\"\" width=\"860\" height=\"510\" srcset=\"https:\/\/www.lamennais.org\/wp-content\/uploads\/2018\/04\/P1030002-1024x607.jpg 1024w, https:\/\/www.lamennais.org\/wp-content\/uploads\/2018\/04\/P1030002-300x178.jpg 300w, https:\/\/www.lamennais.org\/wp-content\/uploads\/2018\/04\/P1030002-768x456.jpg 768w, https:\/\/www.lamennais.org\/wp-content\/uploads\/2018\/04\/P1030002-260x154.jpg 260w\" sizes=\"(max-width: 860px) 100vw, 860px\" \/>Presenta tambi\u00e9n los retos del Cap\u00edtulo y los impulsos que dimanan de \u00e9l, con los desaf\u00edos con los que Hermanos y Laicos deben enfrentarse.<br \/>\nUna entrevista vibrante de 8 minutos para conocer al nuevo Hermano Superior General y ponerse al d\u00eda en la vida real de la Congregaci\u00f3n.<\/p>\n<p><strong>Para escucharlo, haz clic aqu\u00ed en :<\/strong><br \/>\n<a href=\"https:\/\/rcf.fr\/spiritualite\/les-freres-de-l-instruction-chretienne-ont-un-nouveau-superieur-general\" target=\"_blank\" rel=\"noopener\">https:\/\/rcf.fr\/spiritualite\/les-freres-de-l-instruction-chretienne-ont-un-nouveau-superieur-general<\/a><\/p>\n","protected":false},"excerpt":{"rendered":"<p>Durante una entrevista en la Red de Radio Franc\u00f3fona- RCF &#8211; Radio Cristiana Franc\u00f3fona, el Hno. Herv\u00e9 ZAMOR, nuevo Superior General de los Hermanos, se sit\u00faa en el coraz\u00f3n de las realidades de la Congregaci\u00f3n y de la Familia Menesiana. Presenta a la vez elementos sobre su recorrido personal y las realidades y diversidad de [&hellip;]<\/p>\n","protected":false},"author":3,"featured_media":16821,"comment_status":"closed","ping_status":"closed","sticky":false,"template":"","format":"standard","meta":{"footnotes":""},"categories":[105,161,222,163,226],"tags":[],"class_list":["post-16825","post","type-post","status-publish","format-standard","has-post-thumbnail","hentry","category-noticias","category-noticias-hermanos","category-noticias-iglesia","category-noticias-jovenes","category-noticias-laicos"],"yoast_head":"<!-- This site is optimized with the Yoast SEO plugin v27.5 - https:\/\/yoast.com\/product\/yoast-seo-wordpress\/ -->\n<title>ENTREVISTA DEL Hno. SUPERIOR GENERAL. El H. Herv\u00e9 ZAMOR presenta los desaf\u00edos de la Congregaci\u00f3n en la radio RCF. Pod\u00e9is escucharlo aqu\u00ed. - LaMennais.org<\/title>\n<meta name=\"robots\" content=\"index, follow, max-snippet:-1, max-image-preview:large, max-video-preview:-1\" \/>\n<link rel=\"canonical\" href=\"https:\/\/www.lamennais.org\/entrevista-del-hno-superior-general-el-h-herve-zamor-presenta-los-desafios-de-la-congregacion-en-la-radio-rcf-podeis-escucharlo-aqui\/?lang=es\" \/>\n<meta property=\"og:locale\" content=\"es_ES\" \/>\n<meta property=\"og:type\" content=\"article\" \/>\n<meta property=\"og:title\" content=\"ENTREVISTA DEL Hno. SUPERIOR GENERAL. El H. Herv\u00e9 ZAMOR presenta los desaf\u00edos de la Congregaci\u00f3n en la radio RCF. Pod\u00e9is escucharlo aqu\u00ed. - LaMennais.org\" \/>\n<meta property=\"og:description\" content=\"Durante una entrevista en la Red de Radio Franc\u00f3fona- RCF &#8211; Radio Cristiana Franc\u00f3fona, el Hno. Herv\u00e9 ZAMOR, nuevo Superior General de los Hermanos, se sit\u00faa en el coraz\u00f3n de las realidades de la Congregaci\u00f3n y de la Familia Menesiana. Presenta a la vez elementos sobre su recorrido personal y las realidades y diversidad de [&hellip;]\" \/>\n<meta property=\"og:url\" content=\"https:\/\/www.lamennais.org\/entrevista-del-hno-superior-general-el-h-herve-zamor-presenta-los-desafios-de-la-congregacion-en-la-radio-rcf-podeis-escucharlo-aqui\/?lang=es\" \/>\n<meta property=\"og:site_name\" content=\"LaMennais.org\" \/>\n<meta property=\"article:published_time\" content=\"2018-04-09T08:44:19+00:00\" \/>\n<meta property=\"article:modified_time\" content=\"2018-04-10T06:07:18+00:00\" \/>\n<meta property=\"og:image\" content=\"https:\/\/www.lamennais.org\/wp-content\/uploads\/2018\/04\/P1030240.jpg\" \/>\n\t<meta property=\"og:image:width\" content=\"2201\" \/>\n\t<meta property=\"og:image:height\" content=\"1695\" \/>\n\t<meta property=\"og:image:type\" content=\"image\/jpeg\" \/>\n<meta name=\"author\" content=\"Herv\u00e9 Asse\" \/>\n<meta name=\"twitter:card\" content=\"summary_large_image\" \/>\n<meta name=\"twitter:label1\" content=\"Escrito por\" \/>\n\t<meta name=\"twitter:data1\" content=\"Herv\u00e9 Asse\" \/>\n\t<meta name=\"twitter:label2\" content=\"Tiempo de lectura\" \/>\n\t<meta name=\"twitter:data2\" content=\"1 minuto\" \/>\n<script type=\"application\/ld+json\" class=\"yoast-schema-graph\">{\"@context\":\"https:\\\/\\\/schema.org\",\"@graph\":[{\"@type\":\"Article\",\"@id\":\"https:\\\/\\\/www.lamennais.org\\\/entrevista-del-hno-superior-general-el-h-herve-zamor-presenta-los-desafios-de-la-congregacion-en-la-radio-rcf-podeis-escucharlo-aqui\\\/?lang=es#article\",\"isPartOf\":{\"@id\":\"https:\\\/\\\/www.lamennais.org\\\/entrevista-del-hno-superior-general-el-h-herve-zamor-presenta-los-desafios-de-la-congregacion-en-la-radio-rcf-podeis-escucharlo-aqui\\\/?lang=es\"},\"author\":{\"name\":\"Herv\u00e9 Asse\",\"@id\":\"https:\\\/\\\/www.lamennais.org\\\/#\\\/schema\\\/person\\\/2a8d6e8a95babedd5ba1c43afd2e3844\"},\"headline\":\"ENTREVISTA DEL Hno. SUPERIOR GENERAL. El H. Herv\u00e9 ZAMOR presenta los desaf\u00edos de la Congregaci\u00f3n en la radio RCF. Pod\u00e9is escucharlo aqu\u00ed.\",\"datePublished\":\"2018-04-09T08:44:19+00:00\",\"dateModified\":\"2018-04-10T06:07:18+00:00\",\"mainEntityOfPage\":{\"@id\":\"https:\\\/\\\/www.lamennais.org\\\/entrevista-del-hno-superior-general-el-h-herve-zamor-presenta-los-desafios-de-la-congregacion-en-la-radio-rcf-podeis-escucharlo-aqui\\\/?lang=es\"},\"wordCount\":151,\"image\":{\"@id\":\"https:\\\/\\\/www.lamennais.org\\\/entrevista-del-hno-superior-general-el-h-herve-zamor-presenta-los-desafios-de-la-congregacion-en-la-radio-rcf-podeis-escucharlo-aqui\\\/?lang=es#primaryimage\"},\"thumbnailUrl\":\"https:\\\/\\\/www.lamennais.org\\\/wp-content\\\/uploads\\\/2018\\\/04\\\/P1030240.jpg\",\"articleSection\":[\"NOTICIAS\",\"Noticias - Hermanos\",\"Noticias - Iglesia\",\"Noticias - J\u00f3venes\",\"Noticias - Laicos\"],\"inLanguage\":\"es\"},{\"@type\":\"WebPage\",\"@id\":\"https:\\\/\\\/www.lamennais.org\\\/entrevista-del-hno-superior-general-el-h-herve-zamor-presenta-los-desafios-de-la-congregacion-en-la-radio-rcf-podeis-escucharlo-aqui\\\/?lang=es\",\"url\":\"https:\\\/\\\/www.lamennais.org\\\/entrevista-del-hno-superior-general-el-h-herve-zamor-presenta-los-desafios-de-la-congregacion-en-la-radio-rcf-podeis-escucharlo-aqui\\\/?lang=es\",\"name\":\"ENTREVISTA DEL Hno. SUPERIOR GENERAL. El H. Herv\u00e9 ZAMOR presenta los desaf\u00edos de la Congregaci\u00f3n en la radio RCF. Pod\u00e9is escucharlo aqu\u00ed. - LaMennais.org\",\"isPartOf\":{\"@id\":\"https:\\\/\\\/www.lamennais.org\\\/#website\"},\"primaryImageOfPage\":{\"@id\":\"https:\\\/\\\/www.lamennais.org\\\/entrevista-del-hno-superior-general-el-h-herve-zamor-presenta-los-desafios-de-la-congregacion-en-la-radio-rcf-podeis-escucharlo-aqui\\\/?lang=es#primaryimage\"},\"image\":{\"@id\":\"https:\\\/\\\/www.lamennais.org\\\/entrevista-del-hno-superior-general-el-h-herve-zamor-presenta-los-desafios-de-la-congregacion-en-la-radio-rcf-podeis-escucharlo-aqui\\\/?lang=es#primaryimage\"},\"thumbnailUrl\":\"https:\\\/\\\/www.lamennais.org\\\/wp-content\\\/uploads\\\/2018\\\/04\\\/P1030240.jpg\",\"datePublished\":\"2018-04-09T08:44:19+00:00\",\"dateModified\":\"2018-04-10T06:07:18+00:00\",\"author\":{\"@id\":\"https:\\\/\\\/www.lamennais.org\\\/#\\\/schema\\\/person\\\/2a8d6e8a95babedd5ba1c43afd2e3844\"},\"breadcrumb\":{\"@id\":\"https:\\\/\\\/www.lamennais.org\\\/entrevista-del-hno-superior-general-el-h-herve-zamor-presenta-los-desafios-de-la-congregacion-en-la-radio-rcf-podeis-escucharlo-aqui\\\/?lang=es#breadcrumb\"},\"inLanguage\":\"es\",\"potentialAction\":[{\"@type\":\"ReadAction\",\"target\":[\"https:\\\/\\\/www.lamennais.org\\\/entrevista-del-hno-superior-general-el-h-herve-zamor-presenta-los-desafios-de-la-congregacion-en-la-radio-rcf-podeis-escucharlo-aqui\\\/?lang=es\"]}]},{\"@type\":\"ImageObject\",\"inLanguage\":\"es\",\"@id\":\"https:\\\/\\\/www.lamennais.org\\\/entrevista-del-hno-superior-general-el-h-herve-zamor-presenta-los-desafios-de-la-congregacion-en-la-radio-rcf-podeis-escucharlo-aqui\\\/?lang=es#primaryimage\",\"url\":\"https:\\\/\\\/www.lamennais.org\\\/wp-content\\\/uploads\\\/2018\\\/04\\\/P1030240.jpg\",\"contentUrl\":\"https:\\\/\\\/www.lamennais.org\\\/wp-content\\\/uploads\\\/2018\\\/04\\\/P1030240.jpg\",\"width\":2201,\"height\":1695},{\"@type\":\"BreadcrumbList\",\"@id\":\"https:\\\/\\\/www.lamennais.org\\\/entrevista-del-hno-superior-general-el-h-herve-zamor-presenta-los-desafios-de-la-congregacion-en-la-radio-rcf-podeis-escucharlo-aqui\\\/?lang=es#breadcrumb\",\"itemListElement\":[{\"@type\":\"ListItem\",\"position\":1,\"name\":\"Accueil\",\"item\":\"https:\\\/\\\/www.lamennais.org\\\/\"},{\"@type\":\"ListItem\",\"position\":2,\"name\":\"ENTREVISTA DEL Hno. SUPERIOR GENERAL. El H. Herv\u00e9 ZAMOR presenta los desaf\u00edos de la Congregaci\u00f3n en la radio RCF. Pod\u00e9is escucharlo aqu\u00ed.\"}]},{\"@type\":\"WebSite\",\"@id\":\"https:\\\/\\\/www.lamennais.org\\\/#website\",\"url\":\"https:\\\/\\\/www.lamennais.org\\\/\",\"name\":\"LaMennais.org\",\"description\":\"Fr\u00e8res de l&#039;Instruction Chr\u00e9tienne et Famille Mennaisienne\",\"potentialAction\":[{\"@type\":\"SearchAction\",\"target\":{\"@type\":\"EntryPoint\",\"urlTemplate\":\"https:\\\/\\\/www.lamennais.org\\\/?s={search_term_string}\"},\"query-input\":{\"@type\":\"PropertyValueSpecification\",\"valueRequired\":true,\"valueName\":\"search_term_string\"}}],\"inLanguage\":\"es\"},{\"@type\":\"Person\",\"@id\":\"https:\\\/\\\/www.lamennais.org\\\/#\\\/schema\\\/person\\\/2a8d6e8a95babedd5ba1c43afd2e3844\",\"name\":\"Herv\u00e9 Asse\",\"image\":{\"@type\":\"ImageObject\",\"inLanguage\":\"es\",\"@id\":\"https:\\\/\\\/secure.gravatar.com\\\/avatar\\\/1aaa7b1baf759c8b40525f40af381cbaa2b0ddd554f57145bceb0654ba45b4c0?s=96&d=mm&r=g\",\"url\":\"https:\\\/\\\/secure.gravatar.com\\\/avatar\\\/1aaa7b1baf759c8b40525f40af381cbaa2b0ddd554f57145bceb0654ba45b4c0?s=96&d=mm&r=g\",\"contentUrl\":\"https:\\\/\\\/secure.gravatar.com\\\/avatar\\\/1aaa7b1baf759c8b40525f40af381cbaa2b0ddd554f57145bceb0654ba45b4c0?s=96&d=mm&r=g\",\"caption\":\"Herv\u00e9 Asse\"}}]}<\/script>\n<!-- \/ Yoast SEO plugin. -->","yoast_head_json":{"title":"ENTREVISTA DEL Hno. SUPERIOR GENERAL. El H. Herv\u00e9 ZAMOR presenta los desaf\u00edos de la Congregaci\u00f3n en la radio RCF. Pod\u00e9is escucharlo aqu\u00ed. - LaMennais.org","robots":{"index":"index","follow":"follow","max-snippet":"max-snippet:-1","max-image-preview":"max-image-preview:large","max-video-preview":"max-video-preview:-1"},"canonical":"https:\/\/www.lamennais.org\/entrevista-del-hno-superior-general-el-h-herve-zamor-presenta-los-desafios-de-la-congregacion-en-la-radio-rcf-podeis-escucharlo-aqui\/?lang=es","og_locale":"es_ES","og_type":"article","og_title":"ENTREVISTA DEL Hno. SUPERIOR GENERAL. El H. Herv\u00e9 ZAMOR presenta los desaf\u00edos de la Congregaci\u00f3n en la radio RCF. Pod\u00e9is escucharlo aqu\u00ed. - LaMennais.org","og_description":"Durante una entrevista en la Red de Radio Franc\u00f3fona- RCF &#8211; Radio Cristiana Franc\u00f3fona, el Hno. Herv\u00e9 ZAMOR, nuevo Superior General de los Hermanos, se sit\u00faa en el coraz\u00f3n de las realidades de la Congregaci\u00f3n y de la Familia Menesiana. Presenta a la vez elementos sobre su recorrido personal y las realidades y diversidad de [&hellip;]","og_url":"https:\/\/www.lamennais.org\/entrevista-del-hno-superior-general-el-h-herve-zamor-presenta-los-desafios-de-la-congregacion-en-la-radio-rcf-podeis-escucharlo-aqui\/?lang=es","og_site_name":"LaMennais.org","article_published_time":"2018-04-09T08:44:19+00:00","article_modified_time":"2018-04-10T06:07:18+00:00","og_image":[{"width":2201,"height":1695,"url":"https:\/\/www.lamennais.org\/wp-content\/uploads\/2018\/04\/P1030240.jpg","type":"image\/jpeg"}],"author":"Herv\u00e9 Asse","twitter_card":"summary_large_image","twitter_misc":{"Escrito por":"Herv\u00e9 Asse","Tiempo de lectura":"1 minuto"},"schema":{"@context":"https:\/\/schema.org","@graph":[{"@type":"Article","@id":"https:\/\/www.lamennais.org\/entrevista-del-hno-superior-general-el-h-herve-zamor-presenta-los-desafios-de-la-congregacion-en-la-radio-rcf-podeis-escucharlo-aqui\/?lang=es#article","isPartOf":{"@id":"https:\/\/www.lamennais.org\/entrevista-del-hno-superior-general-el-h-herve-zamor-presenta-los-desafios-de-la-congregacion-en-la-radio-rcf-podeis-escucharlo-aqui\/?lang=es"},"author":{"name":"Herv\u00e9 Asse","@id":"https:\/\/www.lamennais.org\/#\/schema\/person\/2a8d6e8a95babedd5ba1c43afd2e3844"},"headline":"ENTREVISTA DEL Hno. SUPERIOR GENERAL. El H. Herv\u00e9 ZAMOR presenta los desaf\u00edos de la Congregaci\u00f3n en la radio RCF. Pod\u00e9is escucharlo aqu\u00ed.","datePublished":"2018-04-09T08:44:19+00:00","dateModified":"2018-04-10T06:07:18+00:00","mainEntityOfPage":{"@id":"https:\/\/www.lamennais.org\/entrevista-del-hno-superior-general-el-h-herve-zamor-presenta-los-desafios-de-la-congregacion-en-la-radio-rcf-podeis-escucharlo-aqui\/?lang=es"},"wordCount":151,"image":{"@id":"https:\/\/www.lamennais.org\/entrevista-del-hno-superior-general-el-h-herve-zamor-presenta-los-desafios-de-la-congregacion-en-la-radio-rcf-podeis-escucharlo-aqui\/?lang=es#primaryimage"},"thumbnailUrl":"https:\/\/www.lamennais.org\/wp-content\/uploads\/2018\/04\/P1030240.jpg","articleSection":["NOTICIAS","Noticias - Hermanos","Noticias - Iglesia","Noticias - J\u00f3venes","Noticias - Laicos"],"inLanguage":"es"},{"@type":"WebPage","@id":"https:\/\/www.lamennais.org\/entrevista-del-hno-superior-general-el-h-herve-zamor-presenta-los-desafios-de-la-congregacion-en-la-radio-rcf-podeis-escucharlo-aqui\/?lang=es","url":"https:\/\/www.lamennais.org\/entrevista-del-hno-superior-general-el-h-herve-zamor-presenta-los-desafios-de-la-congregacion-en-la-radio-rcf-podeis-escucharlo-aqui\/?lang=es","name":"ENTREVISTA DEL Hno. SUPERIOR GENERAL. El H. Herv\u00e9 ZAMOR presenta los desaf\u00edos de la Congregaci\u00f3n en la radio RCF. Pod\u00e9is escucharlo aqu\u00ed. - LaMennais.org","isPartOf":{"@id":"https:\/\/www.lamennais.org\/#website"},"primaryImageOfPage":{"@id":"https:\/\/www.lamennais.org\/entrevista-del-hno-superior-general-el-h-herve-zamor-presenta-los-desafios-de-la-congregacion-en-la-radio-rcf-podeis-escucharlo-aqui\/?lang=es#primaryimage"},"image":{"@id":"https:\/\/www.lamennais.org\/entrevista-del-hno-superior-general-el-h-herve-zamor-presenta-los-desafios-de-la-congregacion-en-la-radio-rcf-podeis-escucharlo-aqui\/?lang=es#primaryimage"},"thumbnailUrl":"https:\/\/www.lamennais.org\/wp-content\/uploads\/2018\/04\/P1030240.jpg","datePublished":"2018-04-09T08:44:19+00:00","dateModified":"2018-04-10T06:07:18+00:00","author":{"@id":"https:\/\/www.lamennais.org\/#\/schema\/person\/2a8d6e8a95babedd5ba1c43afd2e3844"},"breadcrumb":{"@id":"https:\/\/www.lamennais.org\/entrevista-del-hno-superior-general-el-h-herve-zamor-presenta-los-desafios-de-la-congregacion-en-la-radio-rcf-podeis-escucharlo-aqui\/?lang=es#breadcrumb"},"inLanguage":"es","potentialAction":[{"@type":"ReadAction","target":["https:\/\/www.lamennais.org\/entrevista-del-hno-superior-general-el-h-herve-zamor-presenta-los-desafios-de-la-congregacion-en-la-radio-rcf-podeis-escucharlo-aqui\/?lang=es"]}]},{"@type":"ImageObject","inLanguage":"es","@id":"https:\/\/www.lamennais.org\/entrevista-del-hno-superior-general-el-h-herve-zamor-presenta-los-desafios-de-la-congregacion-en-la-radio-rcf-podeis-escucharlo-aqui\/?lang=es#primaryimage","url":"https:\/\/www.lamennais.org\/wp-content\/uploads\/2018\/04\/P1030240.jpg","contentUrl":"https:\/\/www.lamennais.org\/wp-content\/uploads\/2018\/04\/P1030240.jpg","width":2201,"height":1695},{"@type":"BreadcrumbList","@id":"https:\/\/www.lamennais.org\/entrevista-del-hno-superior-general-el-h-herve-zamor-presenta-los-desafios-de-la-congregacion-en-la-radio-rcf-podeis-escucharlo-aqui\/?lang=es#breadcrumb","itemListElement":[{"@type":"ListItem","position":1,"name":"Accueil","item":"https:\/\/www.lamennais.org\/"},{"@type":"ListItem","position":2,"name":"ENTREVISTA DEL Hno. SUPERIOR GENERAL. El H. Herv\u00e9 ZAMOR presenta los desaf\u00edos de la Congregaci\u00f3n en la radio RCF. Pod\u00e9is escucharlo aqu\u00ed."}]},{"@type":"WebSite","@id":"https:\/\/www.lamennais.org\/#website","url":"https:\/\/www.lamennais.org\/","name":"LaMennais.org","description":"Fr\u00e8res de l&#039;Instruction Chr\u00e9tienne et Famille Mennaisienne","potentialAction":[{"@type":"SearchAction","target":{"@type":"EntryPoint","urlTemplate":"https:\/\/www.lamennais.org\/?s={search_term_string}"},"query-input":{"@type":"PropertyValueSpecification","valueRequired":true,"valueName":"search_term_string"}}],"inLanguage":"es"},{"@type":"Person","@id":"https:\/\/www.lamennais.org\/#\/schema\/person\/2a8d6e8a95babedd5ba1c43afd2e3844","name":"Herv\u00e9 Asse","image":{"@type":"ImageObject","inLanguage":"es","@id":"https:\/\/secure.gravatar.com\/avatar\/1aaa7b1baf759c8b40525f40af381cbaa2b0ddd554f57145bceb0654ba45b4c0?s=96&d=mm&r=g","url":"https:\/\/secure.gravatar.com\/avatar\/1aaa7b1baf759c8b40525f40af381cbaa2b0ddd554f57145bceb0654ba45b4c0?s=96&d=mm&r=g","contentUrl":"https:\/\/secure.gravatar.com\/avatar\/1aaa7b1baf759c8b40525f40af381cbaa2b0ddd554f57145bceb0654ba45b4c0?s=96&d=mm&r=g","caption":"Herv\u00e9 Asse"}}]}},"_links":{"self":[{"href":"https:\/\/www.lamennais.org\/es\/wp-json\/wp\/v2\/posts\/16825","targetHints":{"allow":["GET"]}}],"collection":[{"href":"https:\/\/www.lamennais.org\/es\/wp-json\/wp\/v2\/posts"}],"about":[{"href":"https:\/\/www.lamennais.org\/es\/wp-json\/wp\/v2\/types\/post"}],"author":[{"embeddable":true,"href":"https:\/\/www.lamennais.org\/es\/wp-json\/wp\/v2\/users\/3"}],"replies":[{"embeddable":true,"href":"https:\/\/www.lamennais.org\/es\/wp-json\/wp\/v2\/comments?post=16825"}],"version-history":[{"count":3,"href":"https:\/\/www.lamennais.org\/es\/wp-json\/wp\/v2\/posts\/16825\/revisions"}],"predecessor-version":[{"id":16837,"href":"https:\/\/www.lamennais.org\/es\/wp-json\/wp\/v2\/posts\/16825\/revisions\/16837"}],"wp:featuredmedia":[{"embeddable":true,"href":"https:\/\/www.lamennais.org\/es\/wp-json\/wp\/v2\/media\/16821"}],"wp:attachment":[{"href":"https:\/\/www.lamennais.org\/es\/wp-json\/wp\/v2\/media?parent=16825"}],"wp:term":[{"taxonomy":"category","embeddable":true,"href":"https:\/\/www.lamennais.org\/es\/wp-json\/wp\/v2\/categories?post=16825"},{"taxonomy":"post_tag","embeddable":true,"href":"https:\/\/www.lamennais.org\/es\/wp-json\/wp\/v2\/tags?post=16825"}],"curies":[{"name":"wp","href":"https:\/\/api.w.org\/{rel}","templated":true}]}}