{"id":16035,"date":"2018-03-16T10:04:54","date_gmt":"2018-03-16T09:04:54","guid":{"rendered":"http:\/\/www.lamennais.org\/?p=16035"},"modified":"2018-03-16T15:24:57","modified_gmt":"2018-03-16T14:24:57","slug":"visperas-de-la-eleccion-preparacion-y-desarrollo-de-la-eleccion-del-superior-general","status":"publish","type":"post","link":"https:\/\/www.lamennais.org\/es\/visperas-de-la-eleccion-preparacion-y-desarrollo-de-la-eleccion-del-superior-general\/","title":{"rendered":"V\u00cdSPERAS DE LA ELECCI\u00d3N. Preparaci\u00f3n y desarrollo de la Elecci\u00f3n del Superior General"},"content":{"rendered":"<p><strong>Este viernes 16, a las 17:19 h<\/strong> los Capitulares van a vivir un momento de <strong><em>\u00abmurmuratio\u00bb<\/em><\/strong>, t\u00e9rmino empleado en el <em>discernimiento ignaciano<\/em>.<\/p>\n<p>Se concretar\u00e1 en intercambios de dos en dos y en consultas con vistas a la <strong>Elecci\u00f3n del H. Superior General<\/strong>.<\/p>\n<p><strong>Ma\u00f1ana, s\u00e1bado 17,<\/strong> los Capitulares participar\u00e1n en una <strong>Misa a las 09:00 h<\/strong> y en una invocaci\u00f3n al Esp\u00edritu Santo. Luego se dirigir\u00e1n a la Sala Capitular, <strong>\u00a1en silencio<\/strong>!<\/p>\n<p>&nbsp;<\/p>\n<p><img fetchpriority=\"high\" decoding=\"async\" class=\"alignleft size-large wp-image-16019\" src=\"http:\/\/www.lamennais.org\/wp-content\/uploads\/2018\/03\/P1010434-1024x618.jpg\" alt=\"\" width=\"860\" height=\"519\" srcset=\"https:\/\/www.lamennais.org\/wp-content\/uploads\/2018\/03\/P1010434-1024x618.jpg 1024w, https:\/\/www.lamennais.org\/wp-content\/uploads\/2018\/03\/P1010434-300x181.jpg 300w, https:\/\/www.lamennais.org\/wp-content\/uploads\/2018\/03\/P1010434-768x463.jpg 768w, https:\/\/www.lamennais.org\/wp-content\/uploads\/2018\/03\/P1010434-260x157.jpg 260w\" sizes=\"(max-width: 860px) 100vw, 860px\" \/><\/p>\n<p><strong>Hacia las 10:30 h<\/strong>, el Secretario del Cap\u00edtulo dar\u00e1 lectura a los art\u00edculos de la <strong>Regla de Vida<\/strong> concernientes a la<strong> Elecci\u00f3n del Superior General<\/strong> con sus modalidades.<\/p>\n<p>Luego se entrega a cada uno una lista con los Capitulares que cumplen con las condiciones de <strong><em>elegibilidad<\/em>.<\/strong><\/p>\n<p>A continuaci\u00f3n, los Electores, comenzando por los Miembros de la Mesa: Presidente, Animador, Moderador, Escrutadores y Asesores, ir\u00e1n a depositar su voto en una urna colocada delante del Presidente.<\/p>\n<p>Durante la votaci\u00f3n y hasta la proclamaci\u00f3n del resultado <strong>\u00a1todos guardar\u00e1n silencio!<\/strong><\/p>\n<p>El H. Superior General se elige por mayor\u00eda. Al H. que haya obtenido dicha mayor\u00eda, el Presidente le har\u00e1 la siguiente pregunta:<\/p>\n<p><strong>\u00abHermano&#8230;, tus Co-hermanos, miembros del Cap\u00edtulo, te han elegido para cumplir el cargo de Superior General de los HH. de la Instrucci\u00f3n Cristiana. \u00bfAceptas libremente este mandato?\u00bb<\/strong><\/p>\n<p>&nbsp;<\/p>\n<p><img decoding=\"async\" class=\"alignleft size-large wp-image-16013\" src=\"http:\/\/www.lamennais.org\/wp-content\/uploads\/2018\/03\/P1010419-1024x771.jpg\" alt=\"\" width=\"860\" height=\"648\" srcset=\"https:\/\/www.lamennais.org\/wp-content\/uploads\/2018\/03\/P1010419-1024x771.jpg 1024w, https:\/\/www.lamennais.org\/wp-content\/uploads\/2018\/03\/P1010419-300x226.jpg 300w, https:\/\/www.lamennais.org\/wp-content\/uploads\/2018\/03\/P1010419-768x578.jpg 768w, https:\/\/www.lamennais.org\/wp-content\/uploads\/2018\/03\/P1010419-260x196.jpg 260w, https:\/\/www.lamennais.org\/wp-content\/uploads\/2018\/03\/P1010419.jpg 1637w\" sizes=\"(max-width: 860px) 100vw, 860px\" \/><\/p>\n<p>El Hermano elegido expresa &#8211; con claridad &#8211; su consentimiento o hace saber que renuncia, sin tener que dar ninguna explicaci\u00f3n. Tambi\u00e9n puede <em>pedir un tiempo de reflexi\u00f3n<\/em>, cuya duraci\u00f3n fija \u00e9l mismo.<\/p>\n<p>Si su respuesta es afirmativa el Presidente o el Escrutador proclama como sigue su elecci\u00f3n:<\/p>\n<p><strong>\u00abEl H&#8230;. es elegido Superior General de los HH. de la Instrucci\u00f3n Cristiana.\u00bb<\/strong><\/p>\n<p>En caso de renuncia, se propone una <em>suspensi\u00f3n de la Sesi\u00f3n<\/em> de <strong>una hora de duraci\u00f3n<\/strong>. Seguidamente se empieza un nuevo Proceso de Elecci\u00f3n.<\/p>\n<p>&nbsp;<\/p>\n","protected":false},"excerpt":{"rendered":"<p>Este viernes 16, a las 17:19 h los Capitulares van a vivir un momento de \u00abmurmuratio\u00bb, t\u00e9rmino empleado en el discernimiento ignaciano. Se concretar\u00e1 en intercambios de dos en dos y en consultas con vistas a la Elecci\u00f3n del H. Superior General. Ma\u00f1ana, s\u00e1bado 17, los Capitulares participar\u00e1n en una Misa a las 09:00 h [&hellip;]<\/p>\n","protected":false},"author":4,"featured_media":16018,"comment_status":"closed","ping_status":"closed","sticky":false,"template":"","format":"standard","meta":{"footnotes":""},"categories":[105,161,163,226],"tags":[],"class_list":["post-16035","post","type-post","status-publish","format-standard","has-post-thumbnail","hentry","category-noticias","category-noticias-hermanos","category-noticias-jovenes","category-noticias-laicos"],"yoast_head":"<!-- This site is optimized with the Yoast SEO plugin v27.5 - https:\/\/yoast.com\/product\/yoast-seo-wordpress\/ -->\n<title>V\u00cdSPERAS DE LA ELECCI\u00d3N. Preparaci\u00f3n y desarrollo de la Elecci\u00f3n del Superior General - LaMennais.org<\/title>\n<meta name=\"robots\" content=\"index, follow, max-snippet:-1, max-image-preview:large, max-video-preview:-1\" \/>\n<link rel=\"canonical\" href=\"https:\/\/www.lamennais.org\/visperas-de-la-eleccion-preparacion-y-desarrollo-de-la-eleccion-del-superior-general\/?lang=es\" \/>\n<meta property=\"og:locale\" content=\"es_ES\" \/>\n<meta property=\"og:type\" content=\"article\" \/>\n<meta property=\"og:title\" content=\"V\u00cdSPERAS DE LA ELECCI\u00d3N. Preparaci\u00f3n y desarrollo de la Elecci\u00f3n del Superior General - LaMennais.org\" \/>\n<meta property=\"og:description\" content=\"Este viernes 16, a las 17:19 h los Capitulares van a vivir un momento de \u00abmurmuratio\u00bb, t\u00e9rmino empleado en el discernimiento ignaciano. Se concretar\u00e1 en intercambios de dos en dos y en consultas con vistas a la Elecci\u00f3n del H. Superior General. Ma\u00f1ana, s\u00e1bado 17, los Capitulares participar\u00e1n en una Misa a las 09:00 h [&hellip;]\" \/>\n<meta property=\"og:url\" content=\"https:\/\/www.lamennais.org\/visperas-de-la-eleccion-preparacion-y-desarrollo-de-la-eleccion-del-superior-general\/?lang=es\" \/>\n<meta property=\"og:site_name\" content=\"LaMennais.org\" \/>\n<meta property=\"article:published_time\" content=\"2018-03-16T09:04:54+00:00\" \/>\n<meta property=\"article:modified_time\" content=\"2018-03-16T14:24:57+00:00\" \/>\n<meta property=\"og:image\" content=\"https:\/\/www.lamennais.org\/wp-content\/uploads\/2018\/03\/P1010430.jpg\" \/>\n\t<meta property=\"og:image:width\" content=\"2736\" \/>\n\t<meta property=\"og:image:height\" content=\"1578\" \/>\n\t<meta property=\"og:image:type\" content=\"image\/jpeg\" \/>\n<meta name=\"author\" content=\"Michel Tanguy\" \/>\n<meta name=\"twitter:card\" content=\"summary_large_image\" \/>\n<meta name=\"twitter:label1\" content=\"Escrito por\" \/>\n\t<meta name=\"twitter:data1\" content=\"Michel Tanguy\" \/>\n\t<meta name=\"twitter:label2\" content=\"Tiempo de lectura\" \/>\n\t<meta name=\"twitter:data2\" content=\"2 minutos\" \/>\n<script type=\"application\/ld+json\" class=\"yoast-schema-graph\">{\"@context\":\"https:\\\/\\\/schema.org\",\"@graph\":[{\"@type\":\"Article\",\"@id\":\"https:\\\/\\\/www.lamennais.org\\\/visperas-de-la-eleccion-preparacion-y-desarrollo-de-la-eleccion-del-superior-general\\\/?lang=es#article\",\"isPartOf\":{\"@id\":\"https:\\\/\\\/www.lamennais.org\\\/visperas-de-la-eleccion-preparacion-y-desarrollo-de-la-eleccion-del-superior-general\\\/?lang=es\"},\"author\":{\"name\":\"Michel Tanguy\",\"@id\":\"https:\\\/\\\/www.lamennais.org\\\/#\\\/schema\\\/person\\\/a984c67fd812bf8e53c43f4cef0c9d68\"},\"headline\":\"V\u00cdSPERAS DE LA ELECCI\u00d3N. Preparaci\u00f3n y desarrollo de la Elecci\u00f3n del Superior General\",\"datePublished\":\"2018-03-16T09:04:54+00:00\",\"dateModified\":\"2018-03-16T14:24:57+00:00\",\"mainEntityOfPage\":{\"@id\":\"https:\\\/\\\/www.lamennais.org\\\/visperas-de-la-eleccion-preparacion-y-desarrollo-de-la-eleccion-del-superior-general\\\/?lang=es\"},\"wordCount\":337,\"image\":{\"@id\":\"https:\\\/\\\/www.lamennais.org\\\/visperas-de-la-eleccion-preparacion-y-desarrollo-de-la-eleccion-del-superior-general\\\/?lang=es#primaryimage\"},\"thumbnailUrl\":\"https:\\\/\\\/www.lamennais.org\\\/wp-content\\\/uploads\\\/2018\\\/03\\\/P1010430.jpg\",\"articleSection\":[\"NOTICIAS\",\"Noticias - Hermanos\",\"Noticias - J\u00f3venes\",\"Noticias - Laicos\"],\"inLanguage\":\"es\"},{\"@type\":\"WebPage\",\"@id\":\"https:\\\/\\\/www.lamennais.org\\\/visperas-de-la-eleccion-preparacion-y-desarrollo-de-la-eleccion-del-superior-general\\\/?lang=es\",\"url\":\"https:\\\/\\\/www.lamennais.org\\\/visperas-de-la-eleccion-preparacion-y-desarrollo-de-la-eleccion-del-superior-general\\\/?lang=es\",\"name\":\"V\u00cdSPERAS DE LA ELECCI\u00d3N. Preparaci\u00f3n y desarrollo de la Elecci\u00f3n del Superior General - LaMennais.org\",\"isPartOf\":{\"@id\":\"https:\\\/\\\/www.lamennais.org\\\/#website\"},\"primaryImageOfPage\":{\"@id\":\"https:\\\/\\\/www.lamennais.org\\\/visperas-de-la-eleccion-preparacion-y-desarrollo-de-la-eleccion-del-superior-general\\\/?lang=es#primaryimage\"},\"image\":{\"@id\":\"https:\\\/\\\/www.lamennais.org\\\/visperas-de-la-eleccion-preparacion-y-desarrollo-de-la-eleccion-del-superior-general\\\/?lang=es#primaryimage\"},\"thumbnailUrl\":\"https:\\\/\\\/www.lamennais.org\\\/wp-content\\\/uploads\\\/2018\\\/03\\\/P1010430.jpg\",\"datePublished\":\"2018-03-16T09:04:54+00:00\",\"dateModified\":\"2018-03-16T14:24:57+00:00\",\"author\":{\"@id\":\"https:\\\/\\\/www.lamennais.org\\\/#\\\/schema\\\/person\\\/a984c67fd812bf8e53c43f4cef0c9d68\"},\"breadcrumb\":{\"@id\":\"https:\\\/\\\/www.lamennais.org\\\/visperas-de-la-eleccion-preparacion-y-desarrollo-de-la-eleccion-del-superior-general\\\/?lang=es#breadcrumb\"},\"inLanguage\":\"es\",\"potentialAction\":[{\"@type\":\"ReadAction\",\"target\":[\"https:\\\/\\\/www.lamennais.org\\\/visperas-de-la-eleccion-preparacion-y-desarrollo-de-la-eleccion-del-superior-general\\\/?lang=es\"]}]},{\"@type\":\"ImageObject\",\"inLanguage\":\"es\",\"@id\":\"https:\\\/\\\/www.lamennais.org\\\/visperas-de-la-eleccion-preparacion-y-desarrollo-de-la-eleccion-del-superior-general\\\/?lang=es#primaryimage\",\"url\":\"https:\\\/\\\/www.lamennais.org\\\/wp-content\\\/uploads\\\/2018\\\/03\\\/P1010430.jpg\",\"contentUrl\":\"https:\\\/\\\/www.lamennais.org\\\/wp-content\\\/uploads\\\/2018\\\/03\\\/P1010430.jpg\",\"width\":2736,\"height\":1578},{\"@type\":\"BreadcrumbList\",\"@id\":\"https:\\\/\\\/www.lamennais.org\\\/visperas-de-la-eleccion-preparacion-y-desarrollo-de-la-eleccion-del-superior-general\\\/?lang=es#breadcrumb\",\"itemListElement\":[{\"@type\":\"ListItem\",\"position\":1,\"name\":\"Accueil\",\"item\":\"https:\\\/\\\/www.lamennais.org\\\/\"},{\"@type\":\"ListItem\",\"position\":2,\"name\":\"V\u00cdSPERAS DE LA ELECCI\u00d3N. Preparaci\u00f3n y desarrollo de la Elecci\u00f3n del Superior General\"}]},{\"@type\":\"WebSite\",\"@id\":\"https:\\\/\\\/www.lamennais.org\\\/#website\",\"url\":\"https:\\\/\\\/www.lamennais.org\\\/\",\"name\":\"LaMennais.org\",\"description\":\"Fr\u00e8res de l&#039;Instruction Chr\u00e9tienne et Famille Mennaisienne\",\"potentialAction\":[{\"@type\":\"SearchAction\",\"target\":{\"@type\":\"EntryPoint\",\"urlTemplate\":\"https:\\\/\\\/www.lamennais.org\\\/?s={search_term_string}\"},\"query-input\":{\"@type\":\"PropertyValueSpecification\",\"valueRequired\":true,\"valueName\":\"search_term_string\"}}],\"inLanguage\":\"es\"},{\"@type\":\"Person\",\"@id\":\"https:\\\/\\\/www.lamennais.org\\\/#\\\/schema\\\/person\\\/a984c67fd812bf8e53c43f4cef0c9d68\",\"name\":\"Michel Tanguy\",\"image\":{\"@type\":\"ImageObject\",\"inLanguage\":\"es\",\"@id\":\"https:\\\/\\\/secure.gravatar.com\\\/avatar\\\/b3c956df0bca17cf8df0d005d644d556411ad2a66155e4ee1a51c72e4df4d512?s=96&d=mm&r=g\",\"url\":\"https:\\\/\\\/secure.gravatar.com\\\/avatar\\\/b3c956df0bca17cf8df0d005d644d556411ad2a66155e4ee1a51c72e4df4d512?s=96&d=mm&r=g\",\"contentUrl\":\"https:\\\/\\\/secure.gravatar.com\\\/avatar\\\/b3c956df0bca17cf8df0d005d644d556411ad2a66155e4ee1a51c72e4df4d512?s=96&d=mm&r=g\",\"caption\":\"Michel Tanguy\"}}]}<\/script>\n<!-- \/ Yoast SEO plugin. -->","yoast_head_json":{"title":"V\u00cdSPERAS DE LA ELECCI\u00d3N. Preparaci\u00f3n y desarrollo de la Elecci\u00f3n del Superior General - LaMennais.org","robots":{"index":"index","follow":"follow","max-snippet":"max-snippet:-1","max-image-preview":"max-image-preview:large","max-video-preview":"max-video-preview:-1"},"canonical":"https:\/\/www.lamennais.org\/visperas-de-la-eleccion-preparacion-y-desarrollo-de-la-eleccion-del-superior-general\/?lang=es","og_locale":"es_ES","og_type":"article","og_title":"V\u00cdSPERAS DE LA ELECCI\u00d3N. Preparaci\u00f3n y desarrollo de la Elecci\u00f3n del Superior General - LaMennais.org","og_description":"Este viernes 16, a las 17:19 h los Capitulares van a vivir un momento de \u00abmurmuratio\u00bb, t\u00e9rmino empleado en el discernimiento ignaciano. Se concretar\u00e1 en intercambios de dos en dos y en consultas con vistas a la Elecci\u00f3n del H. Superior General. Ma\u00f1ana, s\u00e1bado 17, los Capitulares participar\u00e1n en una Misa a las 09:00 h [&hellip;]","og_url":"https:\/\/www.lamennais.org\/visperas-de-la-eleccion-preparacion-y-desarrollo-de-la-eleccion-del-superior-general\/?lang=es","og_site_name":"LaMennais.org","article_published_time":"2018-03-16T09:04:54+00:00","article_modified_time":"2018-03-16T14:24:57+00:00","og_image":[{"width":2736,"height":1578,"url":"https:\/\/www.lamennais.org\/wp-content\/uploads\/2018\/03\/P1010430.jpg","type":"image\/jpeg"}],"author":"Michel Tanguy","twitter_card":"summary_large_image","twitter_misc":{"Escrito por":"Michel Tanguy","Tiempo de lectura":"2 minutos"},"schema":{"@context":"https:\/\/schema.org","@graph":[{"@type":"Article","@id":"https:\/\/www.lamennais.org\/visperas-de-la-eleccion-preparacion-y-desarrollo-de-la-eleccion-del-superior-general\/?lang=es#article","isPartOf":{"@id":"https:\/\/www.lamennais.org\/visperas-de-la-eleccion-preparacion-y-desarrollo-de-la-eleccion-del-superior-general\/?lang=es"},"author":{"name":"Michel Tanguy","@id":"https:\/\/www.lamennais.org\/#\/schema\/person\/a984c67fd812bf8e53c43f4cef0c9d68"},"headline":"V\u00cdSPERAS DE LA ELECCI\u00d3N. Preparaci\u00f3n y desarrollo de la Elecci\u00f3n del Superior General","datePublished":"2018-03-16T09:04:54+00:00","dateModified":"2018-03-16T14:24:57+00:00","mainEntityOfPage":{"@id":"https:\/\/www.lamennais.org\/visperas-de-la-eleccion-preparacion-y-desarrollo-de-la-eleccion-del-superior-general\/?lang=es"},"wordCount":337,"image":{"@id":"https:\/\/www.lamennais.org\/visperas-de-la-eleccion-preparacion-y-desarrollo-de-la-eleccion-del-superior-general\/?lang=es#primaryimage"},"thumbnailUrl":"https:\/\/www.lamennais.org\/wp-content\/uploads\/2018\/03\/P1010430.jpg","articleSection":["NOTICIAS","Noticias - Hermanos","Noticias - J\u00f3venes","Noticias - Laicos"],"inLanguage":"es"},{"@type":"WebPage","@id":"https:\/\/www.lamennais.org\/visperas-de-la-eleccion-preparacion-y-desarrollo-de-la-eleccion-del-superior-general\/?lang=es","url":"https:\/\/www.lamennais.org\/visperas-de-la-eleccion-preparacion-y-desarrollo-de-la-eleccion-del-superior-general\/?lang=es","name":"V\u00cdSPERAS DE LA ELECCI\u00d3N. Preparaci\u00f3n y desarrollo de la Elecci\u00f3n del Superior General - LaMennais.org","isPartOf":{"@id":"https:\/\/www.lamennais.org\/#website"},"primaryImageOfPage":{"@id":"https:\/\/www.lamennais.org\/visperas-de-la-eleccion-preparacion-y-desarrollo-de-la-eleccion-del-superior-general\/?lang=es#primaryimage"},"image":{"@id":"https:\/\/www.lamennais.org\/visperas-de-la-eleccion-preparacion-y-desarrollo-de-la-eleccion-del-superior-general\/?lang=es#primaryimage"},"thumbnailUrl":"https:\/\/www.lamennais.org\/wp-content\/uploads\/2018\/03\/P1010430.jpg","datePublished":"2018-03-16T09:04:54+00:00","dateModified":"2018-03-16T14:24:57+00:00","author":{"@id":"https:\/\/www.lamennais.org\/#\/schema\/person\/a984c67fd812bf8e53c43f4cef0c9d68"},"breadcrumb":{"@id":"https:\/\/www.lamennais.org\/visperas-de-la-eleccion-preparacion-y-desarrollo-de-la-eleccion-del-superior-general\/?lang=es#breadcrumb"},"inLanguage":"es","potentialAction":[{"@type":"ReadAction","target":["https:\/\/www.lamennais.org\/visperas-de-la-eleccion-preparacion-y-desarrollo-de-la-eleccion-del-superior-general\/?lang=es"]}]},{"@type":"ImageObject","inLanguage":"es","@id":"https:\/\/www.lamennais.org\/visperas-de-la-eleccion-preparacion-y-desarrollo-de-la-eleccion-del-superior-general\/?lang=es#primaryimage","url":"https:\/\/www.lamennais.org\/wp-content\/uploads\/2018\/03\/P1010430.jpg","contentUrl":"https:\/\/www.lamennais.org\/wp-content\/uploads\/2018\/03\/P1010430.jpg","width":2736,"height":1578},{"@type":"BreadcrumbList","@id":"https:\/\/www.lamennais.org\/visperas-de-la-eleccion-preparacion-y-desarrollo-de-la-eleccion-del-superior-general\/?lang=es#breadcrumb","itemListElement":[{"@type":"ListItem","position":1,"name":"Accueil","item":"https:\/\/www.lamennais.org\/"},{"@type":"ListItem","position":2,"name":"V\u00cdSPERAS DE LA ELECCI\u00d3N. Preparaci\u00f3n y desarrollo de la Elecci\u00f3n del Superior General"}]},{"@type":"WebSite","@id":"https:\/\/www.lamennais.org\/#website","url":"https:\/\/www.lamennais.org\/","name":"LaMennais.org","description":"Fr\u00e8res de l&#039;Instruction Chr\u00e9tienne et Famille Mennaisienne","potentialAction":[{"@type":"SearchAction","target":{"@type":"EntryPoint","urlTemplate":"https:\/\/www.lamennais.org\/?s={search_term_string}"},"query-input":{"@type":"PropertyValueSpecification","valueRequired":true,"valueName":"search_term_string"}}],"inLanguage":"es"},{"@type":"Person","@id":"https:\/\/www.lamennais.org\/#\/schema\/person\/a984c67fd812bf8e53c43f4cef0c9d68","name":"Michel Tanguy","image":{"@type":"ImageObject","inLanguage":"es","@id":"https:\/\/secure.gravatar.com\/avatar\/b3c956df0bca17cf8df0d005d644d556411ad2a66155e4ee1a51c72e4df4d512?s=96&d=mm&r=g","url":"https:\/\/secure.gravatar.com\/avatar\/b3c956df0bca17cf8df0d005d644d556411ad2a66155e4ee1a51c72e4df4d512?s=96&d=mm&r=g","contentUrl":"https:\/\/secure.gravatar.com\/avatar\/b3c956df0bca17cf8df0d005d644d556411ad2a66155e4ee1a51c72e4df4d512?s=96&d=mm&r=g","caption":"Michel Tanguy"}}]}},"_links":{"self":[{"href":"https:\/\/www.lamennais.org\/es\/wp-json\/wp\/v2\/posts\/16035","targetHints":{"allow":["GET"]}}],"collection":[{"href":"https:\/\/www.lamennais.org\/es\/wp-json\/wp\/v2\/posts"}],"about":[{"href":"https:\/\/www.lamennais.org\/es\/wp-json\/wp\/v2\/types\/post"}],"author":[{"embeddable":true,"href":"https:\/\/www.lamennais.org\/es\/wp-json\/wp\/v2\/users\/4"}],"replies":[{"embeddable":true,"href":"https:\/\/www.lamennais.org\/es\/wp-json\/wp\/v2\/comments?post=16035"}],"version-history":[{"count":2,"href":"https:\/\/www.lamennais.org\/es\/wp-json\/wp\/v2\/posts\/16035\/revisions"}],"predecessor-version":[{"id":16037,"href":"https:\/\/www.lamennais.org\/es\/wp-json\/wp\/v2\/posts\/16035\/revisions\/16037"}],"wp:featuredmedia":[{"embeddable":true,"href":"https:\/\/www.lamennais.org\/es\/wp-json\/wp\/v2\/media\/16018"}],"wp:attachment":[{"href":"https:\/\/www.lamennais.org\/es\/wp-json\/wp\/v2\/media?parent=16035"}],"wp:term":[{"taxonomy":"category","embeddable":true,"href":"https:\/\/www.lamennais.org\/es\/wp-json\/wp\/v2\/categories?post=16035"},{"taxonomy":"post_tag","embeddable":true,"href":"https:\/\/www.lamennais.org\/es\/wp-json\/wp\/v2\/tags?post=16035"}],"curies":[{"name":"wp","href":"https:\/\/api.w.org\/{rel}","templated":true}]}}