{"id":15086,"date":"2018-03-02T12:56:12","date_gmt":"2018-03-02T11:56:12","guid":{"rendered":"http:\/\/www.lamennais.org\/?p=15086"},"modified":"2018-03-03T15:14:05","modified_gmt":"2018-03-03T14:14:05","slug":"comenzo-el-capitulo-43-capitulares-de-los-que-41-tienen-derecho-a-voto-y-los-laicos-presentes-desde-la-apertura","status":"publish","type":"post","link":"https:\/\/www.lamennais.org\/es\/comenzo-el-capitulo-43-capitulares-de-los-que-41-tienen-derecho-a-voto-y-los-laicos-presentes-desde-la-apertura\/","title":{"rendered":"\u00a1COMENZ\u00d3 EL CAP\u00cdTULO! 43 Capitulares de los que  41 tienen derecho a Voto. Y los Laicos presentes desde la Apertura"},"content":{"rendered":"<p>El canto del <em>Veni Creator<\/em> como m\u00fasica del Cap\u00edtulo. <strong>\u00a1Ven Esp\u00edritu Santo!<\/strong><\/p>\n<p>Y tambi\u00e9n la confianza puesta en Mar\u00eda: <em>\u201cPongamos este Cap\u00edtulo entre sus manos. Que Ella est\u00e9 ah\u00ed para hablarnos al coraz\u00f3n y para guiarnos!\u201d<\/em><\/p>\n<p>&nbsp;<\/p>\n<div id=\"attachment_14960\" style=\"width: 870px\" class=\"wp-caption alignleft\"><img fetchpriority=\"high\" decoding=\"async\" aria-describedby=\"caption-attachment-14960\" class=\"wp-image-14960 size-large\" src=\"http:\/\/www.lamennais.org\/wp-content\/uploads\/2018\/03\/P1000339-1024x588.jpg\" alt=\"\" width=\"860\" height=\"494\" srcset=\"https:\/\/www.lamennais.org\/wp-content\/uploads\/2018\/03\/P1000339-1024x588.jpg 1024w, https:\/\/www.lamennais.org\/wp-content\/uploads\/2018\/03\/P1000339-300x172.jpg 300w, https:\/\/www.lamennais.org\/wp-content\/uploads\/2018\/03\/P1000339-768x441.jpg 768w, https:\/\/www.lamennais.org\/wp-content\/uploads\/2018\/03\/P1000339-260x149.jpg 260w\" sizes=\"(max-width: 860px) 100vw, 860px\" \/><p id=\"caption-attachment-14960\" class=\"wp-caption-text\"><em>Cada capitular ha sacado &#8211; al azar &#8211; un n\u00famero que le indicaba el sitio que ocupar\u00eda durante todo el Cap\u00edtulo.<\/em><\/p><\/div>\n<p>Para comenzar, cada participante sac\u00f3 un n\u00famero al azar, antes de entrar en la Sala, que le indicar\u00eda su asiento, simbolizado por un personaje o un lugar de la historia menesiana.<\/p>\n<p><img decoding=\"async\" class=\"alignleft size-large wp-image-14966\" src=\"http:\/\/www.lamennais.org\/wp-content\/uploads\/2018\/03\/P1000349-1024x530.jpg\" alt=\"\" width=\"860\" height=\"445\" \/><\/p>\n<p><strong>\u00a1Noticia!<\/strong> <em>\u201cHemos decidido recibir a los Laicos y acogerlos entre nosotros desde el principio del Cap\u00edtulo: es la primera vez que hacemos esto\u201d<\/em> cementaba el H. Yannick, al hacer uso de la palabra durante la Apertura del Cap\u00edtulo. <em>\u201cEsto no nos quita ninguna responsabilidad a los Hermanos Capitulares, pero no podemos hacer esta apertura hoy sin involucrar a toda la Familia Menesiana.\u201d<\/em><\/p>\n<div id=\"attachment_14972\" style=\"width: 870px\" class=\"wp-caption alignleft\"><img decoding=\"async\" aria-describedby=\"caption-attachment-14972\" class=\"wp-image-14972 size-large\" src=\"http:\/\/www.lamennais.org\/wp-content\/uploads\/2018\/03\/P1000391-1024x571.jpg\" alt=\"\" width=\"860\" height=\"480\" srcset=\"https:\/\/www.lamennais.org\/wp-content\/uploads\/2018\/03\/P1000391-1024x571.jpg 1024w, https:\/\/www.lamennais.org\/wp-content\/uploads\/2018\/03\/P1000391-300x167.jpg 300w, https:\/\/www.lamennais.org\/wp-content\/uploads\/2018\/03\/P1000391-768x428.jpg 768w, https:\/\/www.lamennais.org\/wp-content\/uploads\/2018\/03\/P1000391-260x145.jpg 260w\" sizes=\"(max-width: 860px) 100vw, 860px\" \/><p id=\"caption-attachment-14972\" class=\"wp-caption-text\"><em>El voto electr\u00f3nico ha confirmado por unanimidad la Apertura del Cap\u00edtulo con 41 votos sobre 41 votantes.<\/em><\/p><\/div>\n<p>El H. Yannick ha ley\u00f3 uego la <strong>Regla de Vida<\/strong> en lo que se refiere al Cap\u00edtulo y a continuaci\u00f3n una votaci\u00f3n oficial de apertura ha confirmado el acuerdo un\u00e1nime de los 41 votantes para que d\u00e9 comienzo el presente Cap\u00edtulo.<\/p>\n","protected":false},"excerpt":{"rendered":"<p>El canto del Veni Creator como m\u00fasica del Cap\u00edtulo. \u00a1Ven Esp\u00edritu Santo! Y tambi\u00e9n la confianza puesta en Mar\u00eda: \u201cPongamos este Cap\u00edtulo entre sus manos. Que Ella est\u00e9 ah\u00ed para hablarnos al coraz\u00f3n y para guiarnos!\u201d &nbsp; Para comenzar, cada participante sac\u00f3 un n\u00famero al azar, antes de entrar en la Sala, que le indicar\u00eda [&hellip;]<\/p>\n","protected":false},"author":4,"featured_media":14965,"comment_status":"closed","ping_status":"closed","sticky":false,"template":"","format":"standard","meta":{"footnotes":""},"categories":[105,161,222,163,226],"tags":[],"class_list":["post-15086","post","type-post","status-publish","format-standard","has-post-thumbnail","hentry","category-noticias","category-noticias-hermanos","category-noticias-iglesia","category-noticias-jovenes","category-noticias-laicos"],"yoast_head":"<!-- This site is optimized with the Yoast SEO plugin v27.5 - https:\/\/yoast.com\/product\/yoast-seo-wordpress\/ -->\n<title>\u00a1COMENZ\u00d3 EL CAP\u00cdTULO! 43 Capitulares de los que 41 tienen derecho a Voto. Y los Laicos presentes desde la Apertura - LaMennais.org<\/title>\n<meta name=\"robots\" content=\"index, follow, max-snippet:-1, max-image-preview:large, max-video-preview:-1\" \/>\n<link rel=\"canonical\" href=\"https:\/\/www.lamennais.org\/comenzo-el-capitulo-43-capitulares-de-los-que-41-tienen-derecho-a-voto-y-los-laicos-presentes-desde-la-apertura\/?lang=es\" \/>\n<meta property=\"og:locale\" content=\"es_ES\" \/>\n<meta property=\"og:type\" content=\"article\" \/>\n<meta property=\"og:title\" content=\"\u00a1COMENZ\u00d3 EL CAP\u00cdTULO! 43 Capitulares de los que 41 tienen derecho a Voto. Y los Laicos presentes desde la Apertura - LaMennais.org\" \/>\n<meta property=\"og:description\" content=\"El canto del Veni Creator como m\u00fasica del Cap\u00edtulo. \u00a1Ven Esp\u00edritu Santo! Y tambi\u00e9n la confianza puesta en Mar\u00eda: \u201cPongamos este Cap\u00edtulo entre sus manos. Que Ella est\u00e9 ah\u00ed para hablarnos al coraz\u00f3n y para guiarnos!\u201d &nbsp; Para comenzar, cada participante sac\u00f3 un n\u00famero al azar, antes de entrar en la Sala, que le indicar\u00eda [&hellip;]\" \/>\n<meta property=\"og:url\" content=\"https:\/\/www.lamennais.org\/comenzo-el-capitulo-43-capitulares-de-los-que-41-tienen-derecho-a-voto-y-los-laicos-presentes-desde-la-apertura\/?lang=es\" \/>\n<meta property=\"og:site_name\" content=\"LaMennais.org\" \/>\n<meta property=\"article:published_time\" content=\"2018-03-02T11:56:12+00:00\" \/>\n<meta property=\"article:modified_time\" content=\"2018-03-03T14:14:05+00:00\" \/>\n<meta property=\"og:image\" content=\"https:\/\/www.lamennais.org\/wp-content\/uploads\/2018\/03\/P1000360-1024x607.jpg\" \/>\n\t<meta property=\"og:image:width\" content=\"1024\" \/>\n\t<meta property=\"og:image:height\" content=\"607\" \/>\n\t<meta property=\"og:image:type\" content=\"image\/jpeg\" \/>\n<meta name=\"author\" content=\"Michel Tanguy\" \/>\n<meta name=\"twitter:card\" content=\"summary_large_image\" \/>\n<meta name=\"twitter:label1\" content=\"Escrito por\" \/>\n\t<meta name=\"twitter:data1\" content=\"Michel Tanguy\" \/>\n\t<meta name=\"twitter:label2\" content=\"Tiempo de lectura\" \/>\n\t<meta name=\"twitter:data2\" content=\"1 minuto\" \/>\n<script type=\"application\/ld+json\" class=\"yoast-schema-graph\">{\"@context\":\"https:\\\/\\\/schema.org\",\"@graph\":[{\"@type\":\"Article\",\"@id\":\"https:\\\/\\\/www.lamennais.org\\\/comenzo-el-capitulo-43-capitulares-de-los-que-41-tienen-derecho-a-voto-y-los-laicos-presentes-desde-la-apertura\\\/?lang=es#article\",\"isPartOf\":{\"@id\":\"https:\\\/\\\/www.lamennais.org\\\/comenzo-el-capitulo-43-capitulares-de-los-que-41-tienen-derecho-a-voto-y-los-laicos-presentes-desde-la-apertura\\\/?lang=es\"},\"author\":{\"name\":\"Michel Tanguy\",\"@id\":\"https:\\\/\\\/www.lamennais.org\\\/#\\\/schema\\\/person\\\/a984c67fd812bf8e53c43f4cef0c9d68\"},\"headline\":\"\u00a1COMENZ\u00d3 EL CAP\u00cdTULO! 43 Capitulares de los que 41 tienen derecho a Voto. Y los Laicos presentes desde la Apertura\",\"datePublished\":\"2018-03-02T11:56:12+00:00\",\"dateModified\":\"2018-03-03T14:14:05+00:00\",\"mainEntityOfPage\":{\"@id\":\"https:\\\/\\\/www.lamennais.org\\\/comenzo-el-capitulo-43-capitulares-de-los-que-41-tienen-derecho-a-voto-y-los-laicos-presentes-desde-la-apertura\\\/?lang=es\"},\"wordCount\":260,\"image\":{\"@id\":\"https:\\\/\\\/www.lamennais.org\\\/comenzo-el-capitulo-43-capitulares-de-los-que-41-tienen-derecho-a-voto-y-los-laicos-presentes-desde-la-apertura\\\/?lang=es#primaryimage\"},\"thumbnailUrl\":\"https:\\\/\\\/www.lamennais.org\\\/wp-content\\\/uploads\\\/2018\\\/03\\\/P1000360.jpg\",\"articleSection\":[\"NOTICIAS\",\"Noticias - Hermanos\",\"Noticias - Iglesia\",\"Noticias - J\u00f3venes\",\"Noticias - Laicos\"],\"inLanguage\":\"es\"},{\"@type\":\"WebPage\",\"@id\":\"https:\\\/\\\/www.lamennais.org\\\/comenzo-el-capitulo-43-capitulares-de-los-que-41-tienen-derecho-a-voto-y-los-laicos-presentes-desde-la-apertura\\\/?lang=es\",\"url\":\"https:\\\/\\\/www.lamennais.org\\\/comenzo-el-capitulo-43-capitulares-de-los-que-41-tienen-derecho-a-voto-y-los-laicos-presentes-desde-la-apertura\\\/?lang=es\",\"name\":\"\u00a1COMENZ\u00d3 EL CAP\u00cdTULO! 43 Capitulares de los que 41 tienen derecho a Voto. Y los Laicos presentes desde la Apertura - LaMennais.org\",\"isPartOf\":{\"@id\":\"https:\\\/\\\/www.lamennais.org\\\/#website\"},\"primaryImageOfPage\":{\"@id\":\"https:\\\/\\\/www.lamennais.org\\\/comenzo-el-capitulo-43-capitulares-de-los-que-41-tienen-derecho-a-voto-y-los-laicos-presentes-desde-la-apertura\\\/?lang=es#primaryimage\"},\"image\":{\"@id\":\"https:\\\/\\\/www.lamennais.org\\\/comenzo-el-capitulo-43-capitulares-de-los-que-41-tienen-derecho-a-voto-y-los-laicos-presentes-desde-la-apertura\\\/?lang=es#primaryimage\"},\"thumbnailUrl\":\"https:\\\/\\\/www.lamennais.org\\\/wp-content\\\/uploads\\\/2018\\\/03\\\/P1000360.jpg\",\"datePublished\":\"2018-03-02T11:56:12+00:00\",\"dateModified\":\"2018-03-03T14:14:05+00:00\",\"author\":{\"@id\":\"https:\\\/\\\/www.lamennais.org\\\/#\\\/schema\\\/person\\\/a984c67fd812bf8e53c43f4cef0c9d68\"},\"breadcrumb\":{\"@id\":\"https:\\\/\\\/www.lamennais.org\\\/comenzo-el-capitulo-43-capitulares-de-los-que-41-tienen-derecho-a-voto-y-los-laicos-presentes-desde-la-apertura\\\/?lang=es#breadcrumb\"},\"inLanguage\":\"es\",\"potentialAction\":[{\"@type\":\"ReadAction\",\"target\":[\"https:\\\/\\\/www.lamennais.org\\\/comenzo-el-capitulo-43-capitulares-de-los-que-41-tienen-derecho-a-voto-y-los-laicos-presentes-desde-la-apertura\\\/?lang=es\"]}]},{\"@type\":\"ImageObject\",\"inLanguage\":\"es\",\"@id\":\"https:\\\/\\\/www.lamennais.org\\\/comenzo-el-capitulo-43-capitulares-de-los-que-41-tienen-derecho-a-voto-y-los-laicos-presentes-desde-la-apertura\\\/?lang=es#primaryimage\",\"url\":\"https:\\\/\\\/www.lamennais.org\\\/wp-content\\\/uploads\\\/2018\\\/03\\\/P1000360.jpg\",\"contentUrl\":\"https:\\\/\\\/www.lamennais.org\\\/wp-content\\\/uploads\\\/2018\\\/03\\\/P1000360.jpg\",\"width\":5472,\"height\":3246},{\"@type\":\"BreadcrumbList\",\"@id\":\"https:\\\/\\\/www.lamennais.org\\\/comenzo-el-capitulo-43-capitulares-de-los-que-41-tienen-derecho-a-voto-y-los-laicos-presentes-desde-la-apertura\\\/?lang=es#breadcrumb\",\"itemListElement\":[{\"@type\":\"ListItem\",\"position\":1,\"name\":\"Accueil\",\"item\":\"https:\\\/\\\/www.lamennais.org\\\/\"},{\"@type\":\"ListItem\",\"position\":2,\"name\":\"\u00a1COMENZ\u00d3 EL CAP\u00cdTULO! 43 Capitulares de los que 41 tienen derecho a Voto. Y los Laicos presentes desde la Apertura\"}]},{\"@type\":\"WebSite\",\"@id\":\"https:\\\/\\\/www.lamennais.org\\\/#website\",\"url\":\"https:\\\/\\\/www.lamennais.org\\\/\",\"name\":\"LaMennais.org\",\"description\":\"Fr\u00e8res de l&#039;Instruction Chr\u00e9tienne et Famille Mennaisienne\",\"potentialAction\":[{\"@type\":\"SearchAction\",\"target\":{\"@type\":\"EntryPoint\",\"urlTemplate\":\"https:\\\/\\\/www.lamennais.org\\\/?s={search_term_string}\"},\"query-input\":{\"@type\":\"PropertyValueSpecification\",\"valueRequired\":true,\"valueName\":\"search_term_string\"}}],\"inLanguage\":\"es\"},{\"@type\":\"Person\",\"@id\":\"https:\\\/\\\/www.lamennais.org\\\/#\\\/schema\\\/person\\\/a984c67fd812bf8e53c43f4cef0c9d68\",\"name\":\"Michel Tanguy\",\"image\":{\"@type\":\"ImageObject\",\"inLanguage\":\"es\",\"@id\":\"https:\\\/\\\/secure.gravatar.com\\\/avatar\\\/b3c956df0bca17cf8df0d005d644d556411ad2a66155e4ee1a51c72e4df4d512?s=96&d=mm&r=g\",\"url\":\"https:\\\/\\\/secure.gravatar.com\\\/avatar\\\/b3c956df0bca17cf8df0d005d644d556411ad2a66155e4ee1a51c72e4df4d512?s=96&d=mm&r=g\",\"contentUrl\":\"https:\\\/\\\/secure.gravatar.com\\\/avatar\\\/b3c956df0bca17cf8df0d005d644d556411ad2a66155e4ee1a51c72e4df4d512?s=96&d=mm&r=g\",\"caption\":\"Michel Tanguy\"}}]}<\/script>\n<!-- \/ Yoast SEO plugin. -->","yoast_head_json":{"title":"\u00a1COMENZ\u00d3 EL CAP\u00cdTULO! 43 Capitulares de los que 41 tienen derecho a Voto. Y los Laicos presentes desde la Apertura - LaMennais.org","robots":{"index":"index","follow":"follow","max-snippet":"max-snippet:-1","max-image-preview":"max-image-preview:large","max-video-preview":"max-video-preview:-1"},"canonical":"https:\/\/www.lamennais.org\/comenzo-el-capitulo-43-capitulares-de-los-que-41-tienen-derecho-a-voto-y-los-laicos-presentes-desde-la-apertura\/?lang=es","og_locale":"es_ES","og_type":"article","og_title":"\u00a1COMENZ\u00d3 EL CAP\u00cdTULO! 43 Capitulares de los que 41 tienen derecho a Voto. Y los Laicos presentes desde la Apertura - LaMennais.org","og_description":"El canto del Veni Creator como m\u00fasica del Cap\u00edtulo. \u00a1Ven Esp\u00edritu Santo! Y tambi\u00e9n la confianza puesta en Mar\u00eda: \u201cPongamos este Cap\u00edtulo entre sus manos. Que Ella est\u00e9 ah\u00ed para hablarnos al coraz\u00f3n y para guiarnos!\u201d &nbsp; Para comenzar, cada participante sac\u00f3 un n\u00famero al azar, antes de entrar en la Sala, que le indicar\u00eda [&hellip;]","og_url":"https:\/\/www.lamennais.org\/comenzo-el-capitulo-43-capitulares-de-los-que-41-tienen-derecho-a-voto-y-los-laicos-presentes-desde-la-apertura\/?lang=es","og_site_name":"LaMennais.org","article_published_time":"2018-03-02T11:56:12+00:00","article_modified_time":"2018-03-03T14:14:05+00:00","og_image":[{"width":1024,"height":607,"url":"https:\/\/www.lamennais.org\/wp-content\/uploads\/2018\/03\/P1000360-1024x607.jpg","type":"image\/jpeg"}],"author":"Michel Tanguy","twitter_card":"summary_large_image","twitter_misc":{"Escrito por":"Michel Tanguy","Tiempo de lectura":"1 minuto"},"schema":{"@context":"https:\/\/schema.org","@graph":[{"@type":"Article","@id":"https:\/\/www.lamennais.org\/comenzo-el-capitulo-43-capitulares-de-los-que-41-tienen-derecho-a-voto-y-los-laicos-presentes-desde-la-apertura\/?lang=es#article","isPartOf":{"@id":"https:\/\/www.lamennais.org\/comenzo-el-capitulo-43-capitulares-de-los-que-41-tienen-derecho-a-voto-y-los-laicos-presentes-desde-la-apertura\/?lang=es"},"author":{"name":"Michel Tanguy","@id":"https:\/\/www.lamennais.org\/#\/schema\/person\/a984c67fd812bf8e53c43f4cef0c9d68"},"headline":"\u00a1COMENZ\u00d3 EL CAP\u00cdTULO! 43 Capitulares de los que 41 tienen derecho a Voto. Y los Laicos presentes desde la Apertura","datePublished":"2018-03-02T11:56:12+00:00","dateModified":"2018-03-03T14:14:05+00:00","mainEntityOfPage":{"@id":"https:\/\/www.lamennais.org\/comenzo-el-capitulo-43-capitulares-de-los-que-41-tienen-derecho-a-voto-y-los-laicos-presentes-desde-la-apertura\/?lang=es"},"wordCount":260,"image":{"@id":"https:\/\/www.lamennais.org\/comenzo-el-capitulo-43-capitulares-de-los-que-41-tienen-derecho-a-voto-y-los-laicos-presentes-desde-la-apertura\/?lang=es#primaryimage"},"thumbnailUrl":"https:\/\/www.lamennais.org\/wp-content\/uploads\/2018\/03\/P1000360.jpg","articleSection":["NOTICIAS","Noticias - Hermanos","Noticias - Iglesia","Noticias - J\u00f3venes","Noticias - Laicos"],"inLanguage":"es"},{"@type":"WebPage","@id":"https:\/\/www.lamennais.org\/comenzo-el-capitulo-43-capitulares-de-los-que-41-tienen-derecho-a-voto-y-los-laicos-presentes-desde-la-apertura\/?lang=es","url":"https:\/\/www.lamennais.org\/comenzo-el-capitulo-43-capitulares-de-los-que-41-tienen-derecho-a-voto-y-los-laicos-presentes-desde-la-apertura\/?lang=es","name":"\u00a1COMENZ\u00d3 EL CAP\u00cdTULO! 43 Capitulares de los que 41 tienen derecho a Voto. Y los Laicos presentes desde la Apertura - LaMennais.org","isPartOf":{"@id":"https:\/\/www.lamennais.org\/#website"},"primaryImageOfPage":{"@id":"https:\/\/www.lamennais.org\/comenzo-el-capitulo-43-capitulares-de-los-que-41-tienen-derecho-a-voto-y-los-laicos-presentes-desde-la-apertura\/?lang=es#primaryimage"},"image":{"@id":"https:\/\/www.lamennais.org\/comenzo-el-capitulo-43-capitulares-de-los-que-41-tienen-derecho-a-voto-y-los-laicos-presentes-desde-la-apertura\/?lang=es#primaryimage"},"thumbnailUrl":"https:\/\/www.lamennais.org\/wp-content\/uploads\/2018\/03\/P1000360.jpg","datePublished":"2018-03-02T11:56:12+00:00","dateModified":"2018-03-03T14:14:05+00:00","author":{"@id":"https:\/\/www.lamennais.org\/#\/schema\/person\/a984c67fd812bf8e53c43f4cef0c9d68"},"breadcrumb":{"@id":"https:\/\/www.lamennais.org\/comenzo-el-capitulo-43-capitulares-de-los-que-41-tienen-derecho-a-voto-y-los-laicos-presentes-desde-la-apertura\/?lang=es#breadcrumb"},"inLanguage":"es","potentialAction":[{"@type":"ReadAction","target":["https:\/\/www.lamennais.org\/comenzo-el-capitulo-43-capitulares-de-los-que-41-tienen-derecho-a-voto-y-los-laicos-presentes-desde-la-apertura\/?lang=es"]}]},{"@type":"ImageObject","inLanguage":"es","@id":"https:\/\/www.lamennais.org\/comenzo-el-capitulo-43-capitulares-de-los-que-41-tienen-derecho-a-voto-y-los-laicos-presentes-desde-la-apertura\/?lang=es#primaryimage","url":"https:\/\/www.lamennais.org\/wp-content\/uploads\/2018\/03\/P1000360.jpg","contentUrl":"https:\/\/www.lamennais.org\/wp-content\/uploads\/2018\/03\/P1000360.jpg","width":5472,"height":3246},{"@type":"BreadcrumbList","@id":"https:\/\/www.lamennais.org\/comenzo-el-capitulo-43-capitulares-de-los-que-41-tienen-derecho-a-voto-y-los-laicos-presentes-desde-la-apertura\/?lang=es#breadcrumb","itemListElement":[{"@type":"ListItem","position":1,"name":"Accueil","item":"https:\/\/www.lamennais.org\/"},{"@type":"ListItem","position":2,"name":"\u00a1COMENZ\u00d3 EL CAP\u00cdTULO! 43 Capitulares de los que 41 tienen derecho a Voto. Y los Laicos presentes desde la Apertura"}]},{"@type":"WebSite","@id":"https:\/\/www.lamennais.org\/#website","url":"https:\/\/www.lamennais.org\/","name":"LaMennais.org","description":"Fr\u00e8res de l&#039;Instruction Chr\u00e9tienne et Famille Mennaisienne","potentialAction":[{"@type":"SearchAction","target":{"@type":"EntryPoint","urlTemplate":"https:\/\/www.lamennais.org\/?s={search_term_string}"},"query-input":{"@type":"PropertyValueSpecification","valueRequired":true,"valueName":"search_term_string"}}],"inLanguage":"es"},{"@type":"Person","@id":"https:\/\/www.lamennais.org\/#\/schema\/person\/a984c67fd812bf8e53c43f4cef0c9d68","name":"Michel Tanguy","image":{"@type":"ImageObject","inLanguage":"es","@id":"https:\/\/secure.gravatar.com\/avatar\/b3c956df0bca17cf8df0d005d644d556411ad2a66155e4ee1a51c72e4df4d512?s=96&d=mm&r=g","url":"https:\/\/secure.gravatar.com\/avatar\/b3c956df0bca17cf8df0d005d644d556411ad2a66155e4ee1a51c72e4df4d512?s=96&d=mm&r=g","contentUrl":"https:\/\/secure.gravatar.com\/avatar\/b3c956df0bca17cf8df0d005d644d556411ad2a66155e4ee1a51c72e4df4d512?s=96&d=mm&r=g","caption":"Michel Tanguy"}}]}},"_links":{"self":[{"href":"https:\/\/www.lamennais.org\/es\/wp-json\/wp\/v2\/posts\/15086","targetHints":{"allow":["GET"]}}],"collection":[{"href":"https:\/\/www.lamennais.org\/es\/wp-json\/wp\/v2\/posts"}],"about":[{"href":"https:\/\/www.lamennais.org\/es\/wp-json\/wp\/v2\/types\/post"}],"author":[{"embeddable":true,"href":"https:\/\/www.lamennais.org\/es\/wp-json\/wp\/v2\/users\/4"}],"replies":[{"embeddable":true,"href":"https:\/\/www.lamennais.org\/es\/wp-json\/wp\/v2\/comments?post=15086"}],"version-history":[{"count":2,"href":"https:\/\/www.lamennais.org\/es\/wp-json\/wp\/v2\/posts\/15086\/revisions"}],"predecessor-version":[{"id":15088,"href":"https:\/\/www.lamennais.org\/es\/wp-json\/wp\/v2\/posts\/15086\/revisions\/15088"}],"wp:featuredmedia":[{"embeddable":true,"href":"https:\/\/www.lamennais.org\/es\/wp-json\/wp\/v2\/media\/14965"}],"wp:attachment":[{"href":"https:\/\/www.lamennais.org\/es\/wp-json\/wp\/v2\/media?parent=15086"}],"wp:term":[{"taxonomy":"category","embeddable":true,"href":"https:\/\/www.lamennais.org\/es\/wp-json\/wp\/v2\/categories?post=15086"},{"taxonomy":"post_tag","embeddable":true,"href":"https:\/\/www.lamennais.org\/es\/wp-json\/wp\/v2\/tags?post=15086"}],"curies":[{"name":"wp","href":"https:\/\/api.w.org\/{rel}","templated":true}]}}