{"id":12900,"date":"2017-09-09T10:47:57","date_gmt":"2017-09-09T08:47:57","guid":{"rendered":"http:\/\/www.lamennais.org\/?p=12900"},"modified":"2018-04-09T17:21:29","modified_gmt":"2018-04-09T15:21:29","slug":"capitulo-general-2018","status":"publish","type":"post","link":"https:\/\/www.lamennais.org\/es\/capitulo-general-2018\/","title":{"rendered":"Cap\u00edtulo General 2018"},"content":{"rendered":"<h3><span style=\"color: #ff6600;\">UNA EXPERIENCIA FUERTE DE FRATERNIDAD<img fetchpriority=\"high\" decoding=\"async\" class=\"size-medium wp-image-16733 alignright\" src=\"http:\/\/www.lamennais.org\/wp-content\/uploads\/2017\/09\/P1010824-300x200.jpg\" alt=\"\" width=\"300\" height=\"200\" srcset=\"https:\/\/www.lamennais.org\/wp-content\/uploads\/2017\/09\/P1010824-300x200.jpg 300w, https:\/\/www.lamennais.org\/wp-content\/uploads\/2017\/09\/P1010824-768x512.jpg 768w, https:\/\/www.lamennais.org\/wp-content\/uploads\/2017\/09\/P1010824-1024x683.jpg 1024w, https:\/\/www.lamennais.org\/wp-content\/uploads\/2017\/09\/P1010824-260x173.jpg 260w, https:\/\/www.lamennais.org\/wp-content\/uploads\/2017\/09\/P1010824-1200x800.jpg 1200w\" sizes=\"(max-width: 300px) 100vw, 300px\" \/><\/span><\/h3>\n<p>Mirad y escuchad ! <strong>30\u00a0 testimonios de Hermanos capitulantes\u2026 en directo<br \/>\n<\/strong><\/p>\n<p>Cuentan, especialmente a los j\u00edvenes hermanos en formaci\u00f3n, en algunas palabras como han vivido esas tres semanas de cap\u00edtulo :<br \/>\n<a href=\"https:\/\/youtu.be\/bgpOC2Bg3gY\" target=\"_blank\" rel=\"noopener\">https:\/\/youtu.be\/bgpOC2Bg3gY<\/a><\/p>\n<p>Entrevista del Hno Herv\u00e9 Zamor, por RCF (Radio Cristiana Franc\u00f3fona) &#8211; 7&#8242; (en Franc\u00e9s)<\/p>\n<p><a href=\"https:\/\/rcf.fr\/spiritualite\/les-freres-de-l-instruction-chretienne-ont-un-nouveau-superieur-general-web\" target=\"_blank\" rel=\"noopener\">https:\/\/rcf.fr\/spiritualite\/les-freres-de-l-instruction-chretienne-ont-un-nouveau-superieur-general-web<\/a><\/p>\n<hr \/>\n<h3><span style=\"color: #ff6600;\"><strong>C<span style=\"color: #ff6600;\">AP<\/span><\/strong><strong>\u00cd<\/strong><strong><span style=\"color: #ff6600;\">TUL<\/span>O GENERAL<\/strong> <\/span><strong><span style=\"color: #ff6600;\">2018 :\u00a0 \u00a1 Ah\u00ed estamos !<\/span><br \/>\n<\/strong><\/h3>\n<p><img decoding=\"async\" class=\"alignleft size-thumbnail wp-image-15630\" src=\"http:\/\/www.lamennais.org\/wp-content\/uploads\/2018\/03\/P1010259-150x150.jpg\" alt=\"\" width=\"150\" height=\"150\" \/>Vivid cada momento de este momento importante de la congregaci\u00f3n leyendo las <a href=\"http:\/\/www.lamennais.org\/?lang=es\" target=\"_blank\" rel=\"noopener\">noticias<\/a> de la p\u00e1gina Web o en la <a href=\"https:\/\/www.facebook.com\/lamennais.org\/\" target=\"_blank\" rel=\"noopener\">p\u00e1gina Facebook<\/a> del Sito\u2026<\/p>\n<p>Encontrad otras fotos, d\u00eda tras d\u00eda : <a href=\"https:\/\/www.lamennais.org\/es\/photos\/?lang=es\" target=\"_blank\" rel=\"noopener\">&gt;&gt;&gt;<\/a><\/p>\n<hr \/>\n<h3 style=\"text-align: center;\"><span style=\"color: #0000ff;\"><strong>CAP\u00cdTULO GENERAL<\/strong> <strong>2018<\/strong><\/span><\/h3>\n<h3 style=\"text-align: center;\"><span style=\"color: #008000;\"><strong>PREPARACI\u00d3N<\/strong><\/span><\/h3>\n<p><strong><em>Hermano Superior general \u00a0\u00a0\u00a0\u00a0\u00a0\u00a0\u00a0\u00a0\u00a0\u00a0\u00a0\u00a0\u00a0\u00a0\u00a0\u00a0\u00a0\u00a0\u00a0\u00a0\u00a0\u00a0\u00a0\u00a0\u00a0\u00a0\u00a0\u00a0\u00a0\u00a0\u00a0\u00a0\u00a0 \u00a0 \u00a0 \u00a0 \u00a0 \u00a0 \u00a0 \u00a0 \u00a0 \u00a0 \u00a0 \u00a0 \u00a0 \u00a0 \u00a0 \u00a0 \u00a0 \u00a0 \u00a0 \u00a0 \u00a0 \u00a0 \u00a0 \u00a0 \u00a0\u00a0\u00a0\u00a0\u00a0\u00a0\u00a0\u00a0\u00a0\u00a0 Roma, septiembre 2017<\/em><\/strong><\/p>\n<p style=\"text-align: left;\">\u00a0El Consejo General os invita entrar en la preparaci\u00f3n del Cap\u00edtulo General, por el proceso siguiente :<\/p>\n<p>Proponemos a\u00a0 <span style=\"color: #ff6600;\"><strong><u>7 \u2018Grupos\u2019 que abran \u2018UNA NUEVA P\u00c1GINA\u2019:<\/u><\/strong><\/span><\/p>\n<h3 style=\"text-align: center;\"><span style=\"color: #0000ff;\"><strong><img decoding=\"async\" class=\"wp-image-10567 alignright\" src=\"http:\/\/www.lamennais.org\/wp-content\/uploads\/2017\/01\/200-LaMennais2019_ESP-rgb-300x225.jpg\" alt=\"\" width=\"177\" height=\"133\" srcset=\"https:\/\/www.lamennais.org\/wp-content\/uploads\/2017\/01\/200-LaMennais2019_ESP-rgb-300x225.jpg 300w, https:\/\/www.lamennais.org\/wp-content\/uploads\/2017\/01\/200-LaMennais2019_ESP-rgb-768x575.jpg 768w, https:\/\/www.lamennais.org\/wp-content\/uploads\/2017\/01\/200-LaMennais2019_ESP-rgb-1024x767.jpg 1024w, https:\/\/www.lamennais.org\/wp-content\/uploads\/2017\/01\/200-LaMennais2019_ESP-rgb-260x195.jpg 260w\" sizes=\"(max-width: 177px) 100vw, 177px\" \/><\/strong><\/span><\/h3>\n<ul>\n<li><strong>ESCUELAS MENESIANAS<\/strong>: Los Laicos y los Hermanos que forman parte de un Equipo de misi\u00f3n y los Directores y\/o los Equipos directivos de nuestros Centros educativos.\u00a0\u00a0 <strong><a href=\"http:\/\/www.lamennais.org\/wp-content\/uploads\/2017\/09\/1-OBRAS-EDUCATIVAS.pdf\" target=\"_blank\" rel=\"noopener noreferrer\">1<\/a> \u00a0 \u00a0 <a href=\"http:\/\/www.lamennais.org\/wp-content\/uploads\/2017\/09\/2-OBRAS-EDUCATIVAS.pdf\" target=\"_blank\" rel=\"noopener noreferrer\">2 <\/a>\u00a0 \u00a0 <a href=\"http:\/\/www.lamennais.org\/wp-content\/uploads\/2017\/09\/3-OBRAS-EDUCATIVAS.pdf\" target=\"_blank\" rel=\"noopener noreferrer\">3<\/a><\/strong><\/li>\n<li><strong>FAMILIA MENESIANA<\/strong>: Los Laicos comprometidos con los Hermanos en la misi\u00f3n, las comisiones de la Familia menesiana, los miembros asociados, etc.\u00a0\u00a0\u00a0 <strong><a href=\"http:\/\/www.lamennais.org\/wp-content\/uploads\/2017\/09\/1-FAMILIA-MENESIANA.pdf\" target=\"_blank\" rel=\"noopener noreferrer\">1<\/a> \u00a0 \u00a0 <a href=\"http:\/\/www.lamennais.org\/wp-content\/uploads\/2017\/09\/2-FAMILIA-MENESIANA.pdf\" target=\"_blank\" rel=\"noopener noreferrer\">2<\/a> \u00a0 \u00a0 <a href=\"http:\/\/www.lamennais.org\/wp-content\/uploads\/2017\/09\/3-FAMILIA-MENESIANA.pdf\" target=\"_blank\" rel=\"noopener noreferrer\">3<\/a><\/strong><\/li>\n<li><strong>FORMADORES<\/strong>: Los hermanos encargados de la Formaci\u00f3n inicial y los Hermanos de las comunidades de formaci\u00f3n.\u00a0\u00a0 <strong><a href=\"http:\/\/www.lamennais.org\/wp-content\/uploads\/2017\/09\/1-FORMADORES.pdf\" target=\"_blank\" rel=\"noopener noreferrer\">1<\/a> \u00a0 \u00a0<a href=\"http:\/\/www.lamennais.org\/wp-content\/uploads\/2017\/09\/2-FORMADORES.pdf\" target=\"_blank\" rel=\"noopener noreferrer\"> 2<\/a> \u00a0 \u00a0 <a href=\"http:\/\/www.lamennais.org\/wp-content\/uploads\/2017\/09\/3-FORMADORES-1.docx\" target=\"_blank\" rel=\"noopener noreferrer\">3<\/a><\/strong><\/li>\n<li><strong>J\u00d3VENES HERMANOS<\/strong>: Todos los Hermanos de votos temporales y, porque no, otros que dese\u00e9is asociarles. \u00a0\u00a0 <strong><a href=\"http:\/\/www.lamennais.org\/wp-content\/uploads\/2017\/09\/1-HERMANOS-JOVENES.pdf\" target=\"_blank\" rel=\"noopener noreferrer\">1<\/a> \u00a0 \u00a0 <a href=\"http:\/\/www.lamennais.org\/wp-content\/uploads\/2017\/09\/2-HERMANOS-JOVENES.pdf\" target=\"_blank\" rel=\"noopener noreferrer\">2<\/a> \u00a0 \u00a0 <a href=\"http:\/\/www.lamennais.org\/wp-content\/uploads\/2017\/09\/3-HERMANOS-JOVENES.pdf\" target=\"_blank\" rel=\"noopener noreferrer\">3<\/a>\u00a0\u00a0\u00a0 <\/strong><a href=\"http:\/\/www.lamennais.org\/wp-content\/uploads\/2017\/09\/3BIS-HERMANOS-JOVENES.pdf\" target=\"_blank\" rel=\"noopener noreferrer\"><strong>3b<\/strong><\/a><\/li>\n<li><strong>J\u00d3VENES MENESIANOS<\/strong>: Los J\u00f3venes (20 \u2013 30 a\u00f1os) m\u00e1s cercanos y que se comprometen de una manera u otra.\u00a0\u00a0 <strong><a href=\"http:\/\/www.lamennais.org\/wp-content\/uploads\/2017\/09\/1-JOVENES-MENESIANOS.pdf\" target=\"_blank\" rel=\"noopener noreferrer\">1<\/a> \u00a0 \u00a0 <a href=\"http:\/\/www.lamennais.org\/wp-content\/uploads\/2017\/09\/2-JOVENES-MENESIANOS.pdf\" target=\"_blank\" rel=\"noopener noreferrer\">2<\/a> \u00a0 \u00a0 <a href=\"http:\/\/www.lamennais.org\/wp-content\/uploads\/2017\/09\/3-JOVENES-MENESIANOS.pdf\" target=\"_blank\" rel=\"noopener noreferrer\">3<\/a><\/strong><\/li>\n<li><strong>PASTORAL VOCACIONAL<\/strong>: Los Hermanos y los Laicos comprometidos en la pastoral vocacional.\u00a0\u00a0 <strong><a href=\"http:\/\/www.lamennais.org\/wp-content\/uploads\/2017\/09\/1-PASTORAL-VOCACIONAL.pdf\" target=\"_blank\" rel=\"noopener noreferrer\">1<\/a> \u00a0 \u00a0 <a href=\"http:\/\/www.lamennais.org\/wp-content\/uploads\/2017\/09\/2-PASTORAL-VOCACIONAL.pdf\" target=\"_blank\" rel=\"noopener noreferrer\">2<\/a> \u00a0 \u00a0 <a href=\"http:\/\/www.lamennais.org\/wp-content\/uploads\/2017\/09\/3-PASTORAL-VOCACIONAL.pdf\" target=\"_blank\" rel=\"noopener noreferrer\">3<\/a><\/strong><\/li>\n<li><strong>CONSEJOS PROVINCIALES<\/strong>: Los Hermanos que forman parte de vuestro Consejo.\u00a0\u00a0 <strong><a href=\"http:\/\/www.lamennais.org\/wp-content\/uploads\/2017\/09\/1-CONSEJO-PROVINCIAL.pdf\" target=\"_blank\" rel=\"noopener noreferrer\">1 <\/a>\u00a0 \u00a0 <a href=\"http:\/\/www.lamennais.org\/wp-content\/uploads\/2017\/09\/2-CONSEJO-PROVINCIAL.pdf\" target=\"_blank\" rel=\"noopener noreferrer\">2<\/a> \u00a0 \u00a0 <a href=\"http:\/\/www.lamennais.org\/wp-content\/uploads\/2017\/09\/3-CONSEJO-PROVINCIAL.pdf\" target=\"_blank\" rel=\"noopener noreferrer\">3 <\/a><\/strong><\/li>\n<\/ul>\n<p><span style=\"color: #800000;\"><strong>Encontrar\u00e9is en archivo con esta carta: <\/strong><\/span><\/p>\n<ul>\n<li><span style=\"color: #800000;\">Todas las explicaciones del proceso para cada \u00abGRUPO\u00bb <strong><u>en el fichero 1 &#8211; <\/u><\/strong><u>\u2026<\/u><\/span><\/li>\n<li><span style=\"color: #800000;\">Una breve presentaci\u00f3n de la Congregaci\u00f3n <strong><u>en el fichero 2 &#8211; \u2026<\/u><\/strong><\/span><\/li>\n<li><span style=\"color: #800000;\">Una propuesta de lectura de un texto para alimentar la reflexi\u00f3n <strong><u>en el fichero 3 &#8211; \u2026<\/u><\/strong><\/span><\/li>\n<\/ul>\n<p><span style=\"color: #800000;\"><strong><u>Os invito a leer atentamente el fichero 1<\/u><\/strong><strong>\u2026 \u00a0<\/strong>\u00a0por lo menos de un grupo (proponemos el mismo proceso para todos los grupos) antes de empezar toda preparaci\u00f3n. \u00a0<\/span><\/p>\n<p><span style=\"color: #800000;\"><strong><u>Deseamos recibir la \u00abp\u00e1gina\u00bb con 3 orientaciones elegidas por cada grupo, en diciembre de 2017<\/u><\/strong><\/span><strong><span style=\"color: #800000;\"> . Ser\u00e1 el Superior Mayor, encargado de este proceso de discernimiento, que nos enviar\u00e1 esta p\u00e1gina.<\/span> <\/strong><\/p>\n<p><strong><u>Para las COMUNIDADES de Hermanos<\/u><\/strong><strong>, <\/strong>basta con continuar el proceso ya empezado desde el 20 de mayo de 2017. \u00a0Una de las etapas comporta elementos que invitan a hacer propuestas.<\/p>\n<p>No vacil\u00e9is en pedir al Hermanos Secretario general, a uno de los asistentes o a m\u00ed mismo, las explicaciones complementarias que necesit\u00e9is.<\/p>\n<p><strong>\u00abEl Cap\u00edtulo general \u2013 mejor no olvidarlo &#8211; es el lugar de la obediencia personal y concertada al Esp\u00edritu Santo\u2026 Se trata de tomar contacto con el paso del Esp\u00edritu Santo, lo que significa escuchar lo que Dios esta dici\u00e9ndonos dentro de nuestras situaciones de Instituto\u00bb dice un documento de la <\/strong><\/p>\n<p><strong>CIVCSVA de 2017: <em>A vino nuevo, odres nuevos<\/em>.<\/strong><\/p>\n<p><strong>Cuento con vuestro compromiso a favor de la mejor preparaci\u00f3n posible.<\/strong><\/p>\n<p>Os agradezco sinceramente la colaboraci\u00f3n y os aseguro de mi oraci\u00f3n.<\/p>\n<p>Hno Yannick Houssay, Superior General<\/p>\n<p>&nbsp;<\/p>\n<p>&nbsp;<\/p>\n<p>&nbsp;<\/p>\n<p>&nbsp;<\/p>\n<p>&nbsp;<\/p>\n<p>&nbsp;<\/p>\n<p>&nbsp;<\/p>\n<p>&nbsp;<\/p>\n","protected":false},"excerpt":{"rendered":"<p>Los Hermanos del Cap\u00edtulo en la plaza San Piedro el dia de la audiencia con el Papa Francisco : un gran momento!<\/p>\n","protected":false},"author":3,"featured_media":16737,"comment_status":"closed","ping_status":"closed","sticky":false,"template":"","format":"standard","meta":{"footnotes":""},"categories":[105],"tags":[],"class_list":["post-12900","post","type-post","status-publish","format-standard","has-post-thumbnail","hentry","category-noticias"],"yoast_head":"<!-- This site is optimized with the Yoast SEO plugin v27.5 - https:\/\/yoast.com\/product\/yoast-seo-wordpress\/ -->\n<title>Cap\u00edtulo General 2018 - LaMennais.org<\/title>\n<meta name=\"robots\" content=\"index, follow, max-snippet:-1, max-image-preview:large, max-video-preview:-1\" \/>\n<link rel=\"canonical\" href=\"https:\/\/www.lamennais.org\/capitulo-general-2018\/?lang=es\" \/>\n<meta property=\"og:locale\" content=\"es_ES\" \/>\n<meta property=\"og:type\" content=\"article\" \/>\n<meta property=\"og:title\" content=\"Cap\u00edtulo General 2018 - LaMennais.org\" \/>\n<meta property=\"og:description\" content=\"Los Hermanos del Cap\u00edtulo en la plaza San Piedro el dia de la audiencia con el Papa Francisco : un gran momento!\" \/>\n<meta property=\"og:url\" content=\"https:\/\/www.lamennais.org\/capitulo-general-2018\/?lang=es\" \/>\n<meta property=\"og:site_name\" content=\"LaMennais.org\" \/>\n<meta property=\"article:published_time\" content=\"2017-09-09T08:47:57+00:00\" \/>\n<meta property=\"article:modified_time\" content=\"2018-04-09T15:21:29+00:00\" \/>\n<meta property=\"og:image\" content=\"https:\/\/www.lamennais.org\/wp-content\/uploads\/2017\/09\/P1020380-1024x683.jpg\" \/>\n\t<meta property=\"og:image:width\" content=\"1024\" \/>\n\t<meta property=\"og:image:height\" content=\"683\" \/>\n\t<meta property=\"og:image:type\" content=\"image\/jpeg\" \/>\n<meta name=\"author\" content=\"Herv\u00e9 Asse\" \/>\n<meta name=\"twitter:card\" content=\"summary_large_image\" \/>\n<meta name=\"twitter:label1\" content=\"Escrito por\" \/>\n\t<meta name=\"twitter:data1\" content=\"Herv\u00e9 Asse\" \/>\n\t<meta name=\"twitter:label2\" content=\"Tiempo de lectura\" \/>\n\t<meta name=\"twitter:data2\" content=\"3 minutos\" \/>\n<script type=\"application\/ld+json\" class=\"yoast-schema-graph\">{\"@context\":\"https:\\\/\\\/schema.org\",\"@graph\":[{\"@type\":\"Article\",\"@id\":\"https:\\\/\\\/www.lamennais.org\\\/capitulo-general-2018\\\/?lang=es#article\",\"isPartOf\":{\"@id\":\"https:\\\/\\\/www.lamennais.org\\\/capitulo-general-2018\\\/?lang=es\"},\"author\":{\"name\":\"Herv\u00e9 Asse\",\"@id\":\"https:\\\/\\\/www.lamennais.org\\\/#\\\/schema\\\/person\\\/2a8d6e8a95babedd5ba1c43afd2e3844\"},\"headline\":\"Cap\u00edtulo General 2018\",\"datePublished\":\"2017-09-09T08:47:57+00:00\",\"dateModified\":\"2018-04-09T15:21:29+00:00\",\"mainEntityOfPage\":{\"@id\":\"https:\\\/\\\/www.lamennais.org\\\/capitulo-general-2018\\\/?lang=es\"},\"wordCount\":528,\"image\":{\"@id\":\"https:\\\/\\\/www.lamennais.org\\\/capitulo-general-2018\\\/?lang=es#primaryimage\"},\"thumbnailUrl\":\"https:\\\/\\\/www.lamennais.org\\\/wp-content\\\/uploads\\\/2017\\\/09\\\/P1020380.jpg\",\"articleSection\":[\"NOTICIAS\"],\"inLanguage\":\"es\"},{\"@type\":\"WebPage\",\"@id\":\"https:\\\/\\\/www.lamennais.org\\\/capitulo-general-2018\\\/?lang=es\",\"url\":\"https:\\\/\\\/www.lamennais.org\\\/capitulo-general-2018\\\/?lang=es\",\"name\":\"Cap\u00edtulo General 2018 - LaMennais.org\",\"isPartOf\":{\"@id\":\"https:\\\/\\\/www.lamennais.org\\\/#website\"},\"primaryImageOfPage\":{\"@id\":\"https:\\\/\\\/www.lamennais.org\\\/capitulo-general-2018\\\/?lang=es#primaryimage\"},\"image\":{\"@id\":\"https:\\\/\\\/www.lamennais.org\\\/capitulo-general-2018\\\/?lang=es#primaryimage\"},\"thumbnailUrl\":\"https:\\\/\\\/www.lamennais.org\\\/wp-content\\\/uploads\\\/2017\\\/09\\\/P1020380.jpg\",\"datePublished\":\"2017-09-09T08:47:57+00:00\",\"dateModified\":\"2018-04-09T15:21:29+00:00\",\"author\":{\"@id\":\"https:\\\/\\\/www.lamennais.org\\\/#\\\/schema\\\/person\\\/2a8d6e8a95babedd5ba1c43afd2e3844\"},\"breadcrumb\":{\"@id\":\"https:\\\/\\\/www.lamennais.org\\\/capitulo-general-2018\\\/?lang=es#breadcrumb\"},\"inLanguage\":\"es\",\"potentialAction\":[{\"@type\":\"ReadAction\",\"target\":[\"https:\\\/\\\/www.lamennais.org\\\/capitulo-general-2018\\\/?lang=es\"]}]},{\"@type\":\"ImageObject\",\"inLanguage\":\"es\",\"@id\":\"https:\\\/\\\/www.lamennais.org\\\/capitulo-general-2018\\\/?lang=es#primaryimage\",\"url\":\"https:\\\/\\\/www.lamennais.org\\\/wp-content\\\/uploads\\\/2017\\\/09\\\/P1020380.jpg\",\"contentUrl\":\"https:\\\/\\\/www.lamennais.org\\\/wp-content\\\/uploads\\\/2017\\\/09\\\/P1020380.jpg\",\"width\":2736,\"height\":1824},{\"@type\":\"BreadcrumbList\",\"@id\":\"https:\\\/\\\/www.lamennais.org\\\/capitulo-general-2018\\\/?lang=es#breadcrumb\",\"itemListElement\":[{\"@type\":\"ListItem\",\"position\":1,\"name\":\"Accueil\",\"item\":\"https:\\\/\\\/www.lamennais.org\\\/\"},{\"@type\":\"ListItem\",\"position\":2,\"name\":\"Cap\u00edtulo General 2018\"}]},{\"@type\":\"WebSite\",\"@id\":\"https:\\\/\\\/www.lamennais.org\\\/#website\",\"url\":\"https:\\\/\\\/www.lamennais.org\\\/\",\"name\":\"LaMennais.org\",\"description\":\"Fr\u00e8res de l&#039;Instruction Chr\u00e9tienne et Famille Mennaisienne\",\"potentialAction\":[{\"@type\":\"SearchAction\",\"target\":{\"@type\":\"EntryPoint\",\"urlTemplate\":\"https:\\\/\\\/www.lamennais.org\\\/?s={search_term_string}\"},\"query-input\":{\"@type\":\"PropertyValueSpecification\",\"valueRequired\":true,\"valueName\":\"search_term_string\"}}],\"inLanguage\":\"es\"},{\"@type\":\"Person\",\"@id\":\"https:\\\/\\\/www.lamennais.org\\\/#\\\/schema\\\/person\\\/2a8d6e8a95babedd5ba1c43afd2e3844\",\"name\":\"Herv\u00e9 Asse\",\"image\":{\"@type\":\"ImageObject\",\"inLanguage\":\"es\",\"@id\":\"https:\\\/\\\/secure.gravatar.com\\\/avatar\\\/1aaa7b1baf759c8b40525f40af381cbaa2b0ddd554f57145bceb0654ba45b4c0?s=96&d=mm&r=g\",\"url\":\"https:\\\/\\\/secure.gravatar.com\\\/avatar\\\/1aaa7b1baf759c8b40525f40af381cbaa2b0ddd554f57145bceb0654ba45b4c0?s=96&d=mm&r=g\",\"contentUrl\":\"https:\\\/\\\/secure.gravatar.com\\\/avatar\\\/1aaa7b1baf759c8b40525f40af381cbaa2b0ddd554f57145bceb0654ba45b4c0?s=96&d=mm&r=g\",\"caption\":\"Herv\u00e9 Asse\"}}]}<\/script>\n<!-- \/ Yoast SEO plugin. -->","yoast_head_json":{"title":"Cap\u00edtulo General 2018 - LaMennais.org","robots":{"index":"index","follow":"follow","max-snippet":"max-snippet:-1","max-image-preview":"max-image-preview:large","max-video-preview":"max-video-preview:-1"},"canonical":"https:\/\/www.lamennais.org\/capitulo-general-2018\/?lang=es","og_locale":"es_ES","og_type":"article","og_title":"Cap\u00edtulo General 2018 - LaMennais.org","og_description":"Los Hermanos del Cap\u00edtulo en la plaza San Piedro el dia de la audiencia con el Papa Francisco : un gran momento!","og_url":"https:\/\/www.lamennais.org\/capitulo-general-2018\/?lang=es","og_site_name":"LaMennais.org","article_published_time":"2017-09-09T08:47:57+00:00","article_modified_time":"2018-04-09T15:21:29+00:00","og_image":[{"width":1024,"height":683,"url":"https:\/\/www.lamennais.org\/wp-content\/uploads\/2017\/09\/P1020380-1024x683.jpg","type":"image\/jpeg"}],"author":"Herv\u00e9 Asse","twitter_card":"summary_large_image","twitter_misc":{"Escrito por":"Herv\u00e9 Asse","Tiempo de lectura":"3 minutos"},"schema":{"@context":"https:\/\/schema.org","@graph":[{"@type":"Article","@id":"https:\/\/www.lamennais.org\/capitulo-general-2018\/?lang=es#article","isPartOf":{"@id":"https:\/\/www.lamennais.org\/capitulo-general-2018\/?lang=es"},"author":{"name":"Herv\u00e9 Asse","@id":"https:\/\/www.lamennais.org\/#\/schema\/person\/2a8d6e8a95babedd5ba1c43afd2e3844"},"headline":"Cap\u00edtulo General 2018","datePublished":"2017-09-09T08:47:57+00:00","dateModified":"2018-04-09T15:21:29+00:00","mainEntityOfPage":{"@id":"https:\/\/www.lamennais.org\/capitulo-general-2018\/?lang=es"},"wordCount":528,"image":{"@id":"https:\/\/www.lamennais.org\/capitulo-general-2018\/?lang=es#primaryimage"},"thumbnailUrl":"https:\/\/www.lamennais.org\/wp-content\/uploads\/2017\/09\/P1020380.jpg","articleSection":["NOTICIAS"],"inLanguage":"es"},{"@type":"WebPage","@id":"https:\/\/www.lamennais.org\/capitulo-general-2018\/?lang=es","url":"https:\/\/www.lamennais.org\/capitulo-general-2018\/?lang=es","name":"Cap\u00edtulo General 2018 - LaMennais.org","isPartOf":{"@id":"https:\/\/www.lamennais.org\/#website"},"primaryImageOfPage":{"@id":"https:\/\/www.lamennais.org\/capitulo-general-2018\/?lang=es#primaryimage"},"image":{"@id":"https:\/\/www.lamennais.org\/capitulo-general-2018\/?lang=es#primaryimage"},"thumbnailUrl":"https:\/\/www.lamennais.org\/wp-content\/uploads\/2017\/09\/P1020380.jpg","datePublished":"2017-09-09T08:47:57+00:00","dateModified":"2018-04-09T15:21:29+00:00","author":{"@id":"https:\/\/www.lamennais.org\/#\/schema\/person\/2a8d6e8a95babedd5ba1c43afd2e3844"},"breadcrumb":{"@id":"https:\/\/www.lamennais.org\/capitulo-general-2018\/?lang=es#breadcrumb"},"inLanguage":"es","potentialAction":[{"@type":"ReadAction","target":["https:\/\/www.lamennais.org\/capitulo-general-2018\/?lang=es"]}]},{"@type":"ImageObject","inLanguage":"es","@id":"https:\/\/www.lamennais.org\/capitulo-general-2018\/?lang=es#primaryimage","url":"https:\/\/www.lamennais.org\/wp-content\/uploads\/2017\/09\/P1020380.jpg","contentUrl":"https:\/\/www.lamennais.org\/wp-content\/uploads\/2017\/09\/P1020380.jpg","width":2736,"height":1824},{"@type":"BreadcrumbList","@id":"https:\/\/www.lamennais.org\/capitulo-general-2018\/?lang=es#breadcrumb","itemListElement":[{"@type":"ListItem","position":1,"name":"Accueil","item":"https:\/\/www.lamennais.org\/"},{"@type":"ListItem","position":2,"name":"Cap\u00edtulo General 2018"}]},{"@type":"WebSite","@id":"https:\/\/www.lamennais.org\/#website","url":"https:\/\/www.lamennais.org\/","name":"LaMennais.org","description":"Fr\u00e8res de l&#039;Instruction Chr\u00e9tienne et Famille Mennaisienne","potentialAction":[{"@type":"SearchAction","target":{"@type":"EntryPoint","urlTemplate":"https:\/\/www.lamennais.org\/?s={search_term_string}"},"query-input":{"@type":"PropertyValueSpecification","valueRequired":true,"valueName":"search_term_string"}}],"inLanguage":"es"},{"@type":"Person","@id":"https:\/\/www.lamennais.org\/#\/schema\/person\/2a8d6e8a95babedd5ba1c43afd2e3844","name":"Herv\u00e9 Asse","image":{"@type":"ImageObject","inLanguage":"es","@id":"https:\/\/secure.gravatar.com\/avatar\/1aaa7b1baf759c8b40525f40af381cbaa2b0ddd554f57145bceb0654ba45b4c0?s=96&d=mm&r=g","url":"https:\/\/secure.gravatar.com\/avatar\/1aaa7b1baf759c8b40525f40af381cbaa2b0ddd554f57145bceb0654ba45b4c0?s=96&d=mm&r=g","contentUrl":"https:\/\/secure.gravatar.com\/avatar\/1aaa7b1baf759c8b40525f40af381cbaa2b0ddd554f57145bceb0654ba45b4c0?s=96&d=mm&r=g","caption":"Herv\u00e9 Asse"}}]}},"_links":{"self":[{"href":"https:\/\/www.lamennais.org\/es\/wp-json\/wp\/v2\/posts\/12900","targetHints":{"allow":["GET"]}}],"collection":[{"href":"https:\/\/www.lamennais.org\/es\/wp-json\/wp\/v2\/posts"}],"about":[{"href":"https:\/\/www.lamennais.org\/es\/wp-json\/wp\/v2\/types\/post"}],"author":[{"embeddable":true,"href":"https:\/\/www.lamennais.org\/es\/wp-json\/wp\/v2\/users\/3"}],"replies":[{"embeddable":true,"href":"https:\/\/www.lamennais.org\/es\/wp-json\/wp\/v2\/comments?post=12900"}],"version-history":[{"count":18,"href":"https:\/\/www.lamennais.org\/es\/wp-json\/wp\/v2\/posts\/12900\/revisions"}],"predecessor-version":[{"id":16830,"href":"https:\/\/www.lamennais.org\/es\/wp-json\/wp\/v2\/posts\/12900\/revisions\/16830"}],"wp:featuredmedia":[{"embeddable":true,"href":"https:\/\/www.lamennais.org\/es\/wp-json\/wp\/v2\/media\/16737"}],"wp:attachment":[{"href":"https:\/\/www.lamennais.org\/es\/wp-json\/wp\/v2\/media?parent=12900"}],"wp:term":[{"taxonomy":"category","embeddable":true,"href":"https:\/\/www.lamennais.org\/es\/wp-json\/wp\/v2\/categories?post=12900"},{"taxonomy":"post_tag","embeddable":true,"href":"https:\/\/www.lamennais.org\/es\/wp-json\/wp\/v2\/tags?post=12900"}],"curies":[{"name":"wp","href":"https:\/\/api.w.org\/{rel}","templated":true}]}}