{"id":12029,"date":"2017-05-15T11:34:57","date_gmt":"2017-05-15T09:34:57","guid":{"rendered":"http:\/\/www.lamennais.org\/?p=12029"},"modified":"2017-05-18T09:09:07","modified_gmt":"2017-05-18T07:09:07","slug":"estancia-educativa-tres-jovenes-y-un-hermano-tejen-lazos-entre-inglaterra-japon-e-indonesia","status":"publish","type":"post","link":"https:\/\/www.lamennais.org\/es\/estancia-educativa-tres-jovenes-y-un-hermano-tejen-lazos-entre-inglaterra-japon-e-indonesia\/","title":{"rendered":"ESTANCIA EDUCATIVA. Tres j\u00f3venes y un Hermano tejen lazos entre Inglaterra, Jap\u00f3n e Indonesia."},"content":{"rendered":"<p><em>Celebraci\u00f3n con el equipo educativo del Colegio Internacional St Mary de Tokio.<\/em><\/p>\n<p><strong>\u00bb Vivir juntos, j\u00f3venes y educadores de diferentes pa\u00edses, los valores educativos aportados por el esp\u00edritu Menesiano \u00ab. El Hno. James Hayes &#8211; capell\u00e1n y profesor en el Colegio San Francisco Javier de Liverpool &#8211; presenta aqu\u00ed el relato de lo que el grupo acaba de vivir estas \u00faltimas semanas en Jap\u00f3n e Indonesia. Leedlo.<\/strong><\/p>\n<p>\u00abDespu\u00e9s de los anteriores viajes a \u00c1frica, organizamos un viaje a Indonesia de nueve d\u00edas y a Jap\u00f3n de cuatro d\u00edas en torno al proyecto educativo de los Hermanos de La Mennais.<br \/>\nEl equipo planific\u00f3 este viaje con 12 alumnos, entre ellos, Harry Brown y James Yeoman y un antiguo alumno, ahora m\u00e1s mayor, Andy Rowan.<\/p>\n<p>Sus objetivos fueron los siguientes :<br \/>\n\u00b7 poder conocer la vida de personas de otra cultura y conocernos a nosotros mismos gracias a una serie de actividades compartidas, por ejemplo el di\u00e1logo, el ocio, el deporte, la m\u00fasica, etc. y organizar actividades de campamentos de verano para ni\u00f1os de colegios de Primaria co-animadas por nuestros j\u00f3venes;<br \/>\n\u00b7 abrir nuestros corazones para responder a las necesidades humanas, espirituales y materiales de los dem\u00e1s;<br \/>\n\u00b7 cambiar nuestra visi\u00f3n del mundo;<br \/>\n\u00b7 desarrollar competencias y ayudar a los dem\u00e1s a desarrollar las suyas;<br \/>\n\u00b7 aprender a revisar nuestras experiencias y a compartirlas con otras personas.<\/p>\n<p><strong>Durante 4 d\u00edas en Jap\u00f3n,<\/strong> nos quedamos en la comunidad de los Hermanos que dirigen el Colegio internacional St Mary, en Tokio, de lengua inglesa. Visitamos las clases en las secciones de Primaria y Secundaria del colegio, animamos actividades de canto y de baile con los ni\u00f1os peque\u00f1os y participamos en di\u00e1logos con los estudiantes mayores; como punto de partida de los intercambios, utilizamos el vivido en SFX \u2013 San Francisco Javier &#8211; , y la vida en Liverpool, presentada por Harry y James. Los Hermanos Michel Jutras, canadiense, y Deogracias, Ugand\u00e9s, que ambos han trabajado en St Mary durante muchos a\u00f1os y que hablan muy bien japon\u00e9s, nos acompa\u00f1aron a visitar durante una media jornada los alrededores de Tokio, explorando los diversos aspectos culturales y cient\u00edficos de la vida en Jap\u00f3n.<\/p>\n<p>&nbsp;<\/p>\n<div id=\"attachment_11912\" style=\"width: 870px\" class=\"wp-caption alignleft\"><img fetchpriority=\"high\" decoding=\"async\" aria-describedby=\"caption-attachment-11912\" class=\"wp-image-11912 size-large\" src=\"http:\/\/www.lamennais.org\/wp-content\/uploads\/2017\/05\/33841942171_7a667ea3d0_o-1024x700.jpg\" alt=\"\" width=\"860\" height=\"588\" srcset=\"https:\/\/www.lamennais.org\/wp-content\/uploads\/2017\/05\/33841942171_7a667ea3d0_o-1024x700.jpg 1024w, https:\/\/www.lamennais.org\/wp-content\/uploads\/2017\/05\/33841942171_7a667ea3d0_o-300x205.jpg 300w, https:\/\/www.lamennais.org\/wp-content\/uploads\/2017\/05\/33841942171_7a667ea3d0_o-768x525.jpg 768w, https:\/\/www.lamennais.org\/wp-content\/uploads\/2017\/05\/33841942171_7a667ea3d0_o-260x178.jpg 260w\" sizes=\"(max-width: 860px) 100vw, 860px\" \/><p id=\"caption-attachment-11912\" class=\"wp-caption-text\"><em>Nuestro grupo ha vivido encuentros y animaciones en las clases del Colegio Internacional St Mary de Tokio.<\/em><\/p><\/div>\n<p>Despu\u00e9s de los vuelos correspondientes de Tokio (v\u00eda Kuala Lumpur y Bali) hasta Maumere en <strong>la isla de Flores, en Indonesia,<\/strong> el grupo fue recibido por el Hno. Philippe Blot, profesor y responsable del Colegio de Primaria de los Hermanos en Larantuka, Flores. Nos acompa\u00f1\u00f3 durante el trayecto en microb\u00fas \/ taxi de 4 horas de Maumere a Larantuka por la costa oeste de Flores. El viaje nos llev\u00f3 a trav\u00e9s de paisajes impresionantes, en una isla coronada &#8211; como la inmensa mayor\u00eda de las islas indonesias &#8211; por volcanes recientemente extinguidos que forman la columna vertebral de la isla. Las mismas monta\u00f1as y las sendas estrechas de costa alrededor de ellas est\u00e1n cubiertas de exuberante vegetaci\u00f3n. Tan pronto como salimos fuera de la carretera llena de pendientes, nos adentramos en plena selva. \u00a1Nos sent\u00edamos muy lejos de all\u00ed, debido a los miles y miles de criaturas ex\u00f3ticas y peligrosas, y numerosas bestias centelleantes e inesperadas que prefer\u00edamos no encontrar!<\/p>\n<div id=\"attachment_11909\" style=\"width: 870px\" class=\"wp-caption alignleft\"><img decoding=\"async\" aria-describedby=\"caption-attachment-11909\" class=\"wp-image-11909 size-large\" src=\"http:\/\/www.lamennais.org\/wp-content\/uploads\/2017\/05\/33210902604_6c1645e756_o-1024x683.jpg\" alt=\"\" width=\"860\" height=\"574\" srcset=\"https:\/\/www.lamennais.org\/wp-content\/uploads\/2017\/05\/33210902604_6c1645e756_o-1024x683.jpg 1024w, https:\/\/www.lamennais.org\/wp-content\/uploads\/2017\/05\/33210902604_6c1645e756_o-300x200.jpg 300w, https:\/\/www.lamennais.org\/wp-content\/uploads\/2017\/05\/33210902604_6c1645e756_o-768x512.jpg 768w, https:\/\/www.lamennais.org\/wp-content\/uploads\/2017\/05\/33210902604_6c1645e756_o-260x173.jpg 260w, https:\/\/www.lamennais.org\/wp-content\/uploads\/2017\/05\/33210902604_6c1645e756_o-1200x800.jpg 1200w\" sizes=\"(max-width: 860px) 100vw, 860px\" \/><p id=\"caption-attachment-11909\" class=\"wp-caption-text\"><em>Animaciones educativas con los ni\u00f1os de la escuela primaria SDK La Mennais en Larantuka y quatro j\u00f3venes del grupo de SFX, Liverpool.<\/em><\/p><\/div>\n<p><img decoding=\"async\" class=\"alignleft size-large wp-image-11918\" src=\"http:\/\/www.lamennais.org\/wp-content\/uploads\/2017\/05\/34099299196_a0bb0f701f_o-1024x683.jpg\" alt=\"\" width=\"860\" height=\"574\" srcset=\"https:\/\/www.lamennais.org\/wp-content\/uploads\/2017\/05\/34099299196_a0bb0f701f_o-1024x683.jpg 1024w, https:\/\/www.lamennais.org\/wp-content\/uploads\/2017\/05\/34099299196_a0bb0f701f_o-300x200.jpg 300w, https:\/\/www.lamennais.org\/wp-content\/uploads\/2017\/05\/34099299196_a0bb0f701f_o-768x512.jpg 768w, https:\/\/www.lamennais.org\/wp-content\/uploads\/2017\/05\/34099299196_a0bb0f701f_o-260x173.jpg 260w, https:\/\/www.lamennais.org\/wp-content\/uploads\/2017\/05\/34099299196_a0bb0f701f_o-1200x800.jpg 1200w\" sizes=\"(max-width: 860px) 100vw, 860px\" \/>Nuestra estancia en Larantuka comenz\u00f3 con la participaci\u00f3n en las celebraciones del Triduo Pascual; el S\u00e1bado Santo por la ma\u00f1ana estuvimos en un orfanato de la localidad, donde lo pasamos muy bien\u00a0 organizando juegos para los ni\u00f1os. El lunes de Pascua fue un d\u00eda muy emocionante : por la ma\u00f1ana tuvimos actividades educativas y recreativas con los ni\u00f1os de la parroquia local y en la escuela primaria de los Hermanos, y por la tarde, deporte y descanso con los Hermanos de Larantuka y los 8 j\u00f3venes adultos de 18 a 25 a\u00f1os &#8211; llamados \u201caspirantes \u00bb &#8211; que residen con los Hermanos durante dos a\u00f1os para verificar su posible vocaci\u00f3n de Hermano, y finalmente, las actividades de la noche que consist\u00edan en cursos de lengua inglesa para los j\u00f3venes adultos o para los alumnos.<\/p>\n<p>Tuvimos un recibimiento maravilloso por todas partes donde estuvimos, pero fue especialmente gratificante para nuestros j\u00f3venes adultos, el tiempo que vivieron con los 8 j\u00f3venes indonesios y los Hermanos que los acogieron \u2013 Hermanos de Francia, de Espa\u00f1a y de Indonesia. Hicimos muchos y s\u00f3lidos lazos de amistad, que nos han llevado a nuevos e intensos intercambios entre nosotros desde el inicio de nuestro viaje de vuelta y que contin\u00faan desde entonces. \u00ab<\/p>\n","protected":false},"excerpt":{"rendered":"<p>Celebraci\u00f3n con el equipo educativo del Colegio Internacional St Mary de Tokio. \u00bb Vivir juntos, j\u00f3venes y educadores de diferentes pa\u00edses, los valores educativos aportados por el esp\u00edritu Menesiano \u00ab. El Hno. James Hayes &#8211; capell\u00e1n y profesor en el Colegio San Francisco Javier de Liverpool &#8211; presenta aqu\u00ed el relato de lo que el [&hellip;]<\/p>\n","protected":false},"author":3,"featured_media":11908,"comment_status":"closed","ping_status":"closed","sticky":false,"template":"","format":"standard","meta":{"footnotes":""},"categories":[105,220,161,163,226],"tags":[],"class_list":["post-12029","post","type-post","status-publish","format-standard","has-post-thumbnail","hentry","category-noticias","category-noticias-educacion","category-noticias-hermanos","category-noticias-jovenes","category-noticias-laicos"],"yoast_head":"<!-- This site is optimized with the Yoast SEO plugin v27.4 - https:\/\/yoast.com\/product\/yoast-seo-wordpress\/ -->\n<title>ESTANCIA EDUCATIVA. Tres j\u00f3venes y un Hermano tejen lazos entre Inglaterra, Jap\u00f3n e Indonesia. - LaMennais.org<\/title>\n<meta name=\"robots\" content=\"index, follow, max-snippet:-1, max-image-preview:large, max-video-preview:-1\" \/>\n<link rel=\"canonical\" href=\"https:\/\/www.lamennais.org\/estancia-educativa-tres-jovenes-y-un-hermano-tejen-lazos-entre-inglaterra-japon-e-indonesia\/?lang=es\" \/>\n<meta property=\"og:locale\" content=\"es_ES\" \/>\n<meta property=\"og:type\" content=\"article\" \/>\n<meta property=\"og:title\" content=\"ESTANCIA EDUCATIVA. Tres j\u00f3venes y un Hermano tejen lazos entre Inglaterra, Jap\u00f3n e Indonesia. - LaMennais.org\" \/>\n<meta property=\"og:description\" content=\"Celebraci\u00f3n con el equipo educativo del Colegio Internacional St Mary de Tokio. \u00bb Vivir juntos, j\u00f3venes y educadores de diferentes pa\u00edses, los valores educativos aportados por el esp\u00edritu Menesiano \u00ab. El Hno. James Hayes &#8211; capell\u00e1n y profesor en el Colegio San Francisco Javier de Liverpool &#8211; presenta aqu\u00ed el relato de lo que el [&hellip;]\" \/>\n<meta property=\"og:url\" content=\"https:\/\/www.lamennais.org\/estancia-educativa-tres-jovenes-y-un-hermano-tejen-lazos-entre-inglaterra-japon-e-indonesia\/?lang=es\" \/>\n<meta property=\"og:site_name\" content=\"LaMennais.org\" \/>\n<meta property=\"article:published_time\" content=\"2017-05-15T09:34:57+00:00\" \/>\n<meta property=\"article:modified_time\" content=\"2017-05-18T07:09:07+00:00\" \/>\n<meta property=\"og:image\" content=\"https:\/\/www.lamennais.org\/wp-content\/uploads\/2017\/05\/33786039742_15281d74b9_o-1024x683.jpg\" \/>\n\t<meta property=\"og:image:width\" content=\"1024\" \/>\n\t<meta property=\"og:image:height\" content=\"683\" \/>\n\t<meta property=\"og:image:type\" content=\"image\/jpeg\" \/>\n<meta name=\"author\" content=\"Herv\u00e9 Asse\" \/>\n<meta name=\"twitter:card\" content=\"summary_large_image\" \/>\n<meta name=\"twitter:label1\" content=\"Escrito por\" \/>\n\t<meta name=\"twitter:data1\" content=\"Herv\u00e9 Asse\" \/>\n\t<meta name=\"twitter:label2\" content=\"Tiempo de lectura\" \/>\n\t<meta name=\"twitter:data2\" content=\"4 minutos\" \/>\n<script type=\"application\/ld+json\" class=\"yoast-schema-graph\">{\"@context\":\"https:\\\/\\\/schema.org\",\"@graph\":[{\"@type\":\"Article\",\"@id\":\"https:\\\/\\\/www.lamennais.org\\\/estancia-educativa-tres-jovenes-y-un-hermano-tejen-lazos-entre-inglaterra-japon-e-indonesia\\\/?lang=es#article\",\"isPartOf\":{\"@id\":\"https:\\\/\\\/www.lamennais.org\\\/estancia-educativa-tres-jovenes-y-un-hermano-tejen-lazos-entre-inglaterra-japon-e-indonesia\\\/?lang=es\"},\"author\":{\"name\":\"Herv\u00e9 Asse\",\"@id\":\"https:\\\/\\\/www.lamennais.org\\\/#\\\/schema\\\/person\\\/2a8d6e8a95babedd5ba1c43afd2e3844\"},\"headline\":\"ESTANCIA EDUCATIVA. Tres j\u00f3venes y un Hermano tejen lazos entre Inglaterra, Jap\u00f3n e Indonesia.\",\"datePublished\":\"2017-05-15T09:34:57+00:00\",\"dateModified\":\"2017-05-18T07:09:07+00:00\",\"mainEntityOfPage\":{\"@id\":\"https:\\\/\\\/www.lamennais.org\\\/estancia-educativa-tres-jovenes-y-un-hermano-tejen-lazos-entre-inglaterra-japon-e-indonesia\\\/?lang=es\"},\"wordCount\":832,\"image\":{\"@id\":\"https:\\\/\\\/www.lamennais.org\\\/estancia-educativa-tres-jovenes-y-un-hermano-tejen-lazos-entre-inglaterra-japon-e-indonesia\\\/?lang=es#primaryimage\"},\"thumbnailUrl\":\"https:\\\/\\\/www.lamennais.org\\\/wp-content\\\/uploads\\\/2017\\\/05\\\/33786039742_15281d74b9_o.jpg\",\"articleSection\":[\"NOTICIAS\",\"Noticias - Educaci\u00f3n\",\"Noticias - Hermanos\",\"Noticias - J\u00f3venes\",\"Noticias - Laicos\"],\"inLanguage\":\"es\"},{\"@type\":\"WebPage\",\"@id\":\"https:\\\/\\\/www.lamennais.org\\\/estancia-educativa-tres-jovenes-y-un-hermano-tejen-lazos-entre-inglaterra-japon-e-indonesia\\\/?lang=es\",\"url\":\"https:\\\/\\\/www.lamennais.org\\\/estancia-educativa-tres-jovenes-y-un-hermano-tejen-lazos-entre-inglaterra-japon-e-indonesia\\\/?lang=es\",\"name\":\"ESTANCIA EDUCATIVA. Tres j\u00f3venes y un Hermano tejen lazos entre Inglaterra, Jap\u00f3n e Indonesia. - LaMennais.org\",\"isPartOf\":{\"@id\":\"https:\\\/\\\/www.lamennais.org\\\/#website\"},\"primaryImageOfPage\":{\"@id\":\"https:\\\/\\\/www.lamennais.org\\\/estancia-educativa-tres-jovenes-y-un-hermano-tejen-lazos-entre-inglaterra-japon-e-indonesia\\\/?lang=es#primaryimage\"},\"image\":{\"@id\":\"https:\\\/\\\/www.lamennais.org\\\/estancia-educativa-tres-jovenes-y-un-hermano-tejen-lazos-entre-inglaterra-japon-e-indonesia\\\/?lang=es#primaryimage\"},\"thumbnailUrl\":\"https:\\\/\\\/www.lamennais.org\\\/wp-content\\\/uploads\\\/2017\\\/05\\\/33786039742_15281d74b9_o.jpg\",\"datePublished\":\"2017-05-15T09:34:57+00:00\",\"dateModified\":\"2017-05-18T07:09:07+00:00\",\"author\":{\"@id\":\"https:\\\/\\\/www.lamennais.org\\\/#\\\/schema\\\/person\\\/2a8d6e8a95babedd5ba1c43afd2e3844\"},\"breadcrumb\":{\"@id\":\"https:\\\/\\\/www.lamennais.org\\\/estancia-educativa-tres-jovenes-y-un-hermano-tejen-lazos-entre-inglaterra-japon-e-indonesia\\\/?lang=es#breadcrumb\"},\"inLanguage\":\"es\",\"potentialAction\":[{\"@type\":\"ReadAction\",\"target\":[\"https:\\\/\\\/www.lamennais.org\\\/estancia-educativa-tres-jovenes-y-un-hermano-tejen-lazos-entre-inglaterra-japon-e-indonesia\\\/?lang=es\"]}]},{\"@type\":\"ImageObject\",\"inLanguage\":\"es\",\"@id\":\"https:\\\/\\\/www.lamennais.org\\\/estancia-educativa-tres-jovenes-y-un-hermano-tejen-lazos-entre-inglaterra-japon-e-indonesia\\\/?lang=es#primaryimage\",\"url\":\"https:\\\/\\\/www.lamennais.org\\\/wp-content\\\/uploads\\\/2017\\\/05\\\/33786039742_15281d74b9_o.jpg\",\"contentUrl\":\"https:\\\/\\\/www.lamennais.org\\\/wp-content\\\/uploads\\\/2017\\\/05\\\/33786039742_15281d74b9_o.jpg\",\"width\":5472,\"height\":3648},{\"@type\":\"BreadcrumbList\",\"@id\":\"https:\\\/\\\/www.lamennais.org\\\/estancia-educativa-tres-jovenes-y-un-hermano-tejen-lazos-entre-inglaterra-japon-e-indonesia\\\/?lang=es#breadcrumb\",\"itemListElement\":[{\"@type\":\"ListItem\",\"position\":1,\"name\":\"Accueil\",\"item\":\"https:\\\/\\\/www.lamennais.org\\\/\"},{\"@type\":\"ListItem\",\"position\":2,\"name\":\"ESTANCIA EDUCATIVA. Tres j\u00f3venes y un Hermano tejen lazos entre Inglaterra, Jap\u00f3n e Indonesia.\"}]},{\"@type\":\"WebSite\",\"@id\":\"https:\\\/\\\/www.lamennais.org\\\/#website\",\"url\":\"https:\\\/\\\/www.lamennais.org\\\/\",\"name\":\"LaMennais.org\",\"description\":\"Fr\u00e8res de l&#039;Instruction Chr\u00e9tienne et Famille Mennaisienne\",\"potentialAction\":[{\"@type\":\"SearchAction\",\"target\":{\"@type\":\"EntryPoint\",\"urlTemplate\":\"https:\\\/\\\/www.lamennais.org\\\/?s={search_term_string}\"},\"query-input\":{\"@type\":\"PropertyValueSpecification\",\"valueRequired\":true,\"valueName\":\"search_term_string\"}}],\"inLanguage\":\"es\"},{\"@type\":\"Person\",\"@id\":\"https:\\\/\\\/www.lamennais.org\\\/#\\\/schema\\\/person\\\/2a8d6e8a95babedd5ba1c43afd2e3844\",\"name\":\"Herv\u00e9 Asse\",\"image\":{\"@type\":\"ImageObject\",\"inLanguage\":\"es\",\"@id\":\"https:\\\/\\\/secure.gravatar.com\\\/avatar\\\/1aaa7b1baf759c8b40525f40af381cbaa2b0ddd554f57145bceb0654ba45b4c0?s=96&d=mm&r=g\",\"url\":\"https:\\\/\\\/secure.gravatar.com\\\/avatar\\\/1aaa7b1baf759c8b40525f40af381cbaa2b0ddd554f57145bceb0654ba45b4c0?s=96&d=mm&r=g\",\"contentUrl\":\"https:\\\/\\\/secure.gravatar.com\\\/avatar\\\/1aaa7b1baf759c8b40525f40af381cbaa2b0ddd554f57145bceb0654ba45b4c0?s=96&d=mm&r=g\",\"caption\":\"Herv\u00e9 Asse\"}}]}<\/script>\n<!-- \/ Yoast SEO plugin. -->","yoast_head_json":{"title":"ESTANCIA EDUCATIVA. Tres j\u00f3venes y un Hermano tejen lazos entre Inglaterra, Jap\u00f3n e Indonesia. - LaMennais.org","robots":{"index":"index","follow":"follow","max-snippet":"max-snippet:-1","max-image-preview":"max-image-preview:large","max-video-preview":"max-video-preview:-1"},"canonical":"https:\/\/www.lamennais.org\/estancia-educativa-tres-jovenes-y-un-hermano-tejen-lazos-entre-inglaterra-japon-e-indonesia\/?lang=es","og_locale":"es_ES","og_type":"article","og_title":"ESTANCIA EDUCATIVA. Tres j\u00f3venes y un Hermano tejen lazos entre Inglaterra, Jap\u00f3n e Indonesia. - LaMennais.org","og_description":"Celebraci\u00f3n con el equipo educativo del Colegio Internacional St Mary de Tokio. \u00bb Vivir juntos, j\u00f3venes y educadores de diferentes pa\u00edses, los valores educativos aportados por el esp\u00edritu Menesiano \u00ab. El Hno. James Hayes &#8211; capell\u00e1n y profesor en el Colegio San Francisco Javier de Liverpool &#8211; presenta aqu\u00ed el relato de lo que el [&hellip;]","og_url":"https:\/\/www.lamennais.org\/estancia-educativa-tres-jovenes-y-un-hermano-tejen-lazos-entre-inglaterra-japon-e-indonesia\/?lang=es","og_site_name":"LaMennais.org","article_published_time":"2017-05-15T09:34:57+00:00","article_modified_time":"2017-05-18T07:09:07+00:00","og_image":[{"width":1024,"height":683,"url":"https:\/\/www.lamennais.org\/wp-content\/uploads\/2017\/05\/33786039742_15281d74b9_o-1024x683.jpg","type":"image\/jpeg"}],"author":"Herv\u00e9 Asse","twitter_card":"summary_large_image","twitter_misc":{"Escrito por":"Herv\u00e9 Asse","Tiempo de lectura":"4 minutos"},"schema":{"@context":"https:\/\/schema.org","@graph":[{"@type":"Article","@id":"https:\/\/www.lamennais.org\/estancia-educativa-tres-jovenes-y-un-hermano-tejen-lazos-entre-inglaterra-japon-e-indonesia\/?lang=es#article","isPartOf":{"@id":"https:\/\/www.lamennais.org\/estancia-educativa-tres-jovenes-y-un-hermano-tejen-lazos-entre-inglaterra-japon-e-indonesia\/?lang=es"},"author":{"name":"Herv\u00e9 Asse","@id":"https:\/\/www.lamennais.org\/#\/schema\/person\/2a8d6e8a95babedd5ba1c43afd2e3844"},"headline":"ESTANCIA EDUCATIVA. Tres j\u00f3venes y un Hermano tejen lazos entre Inglaterra, Jap\u00f3n e Indonesia.","datePublished":"2017-05-15T09:34:57+00:00","dateModified":"2017-05-18T07:09:07+00:00","mainEntityOfPage":{"@id":"https:\/\/www.lamennais.org\/estancia-educativa-tres-jovenes-y-un-hermano-tejen-lazos-entre-inglaterra-japon-e-indonesia\/?lang=es"},"wordCount":832,"image":{"@id":"https:\/\/www.lamennais.org\/estancia-educativa-tres-jovenes-y-un-hermano-tejen-lazos-entre-inglaterra-japon-e-indonesia\/?lang=es#primaryimage"},"thumbnailUrl":"https:\/\/www.lamennais.org\/wp-content\/uploads\/2017\/05\/33786039742_15281d74b9_o.jpg","articleSection":["NOTICIAS","Noticias - Educaci\u00f3n","Noticias - Hermanos","Noticias - J\u00f3venes","Noticias - Laicos"],"inLanguage":"es"},{"@type":"WebPage","@id":"https:\/\/www.lamennais.org\/estancia-educativa-tres-jovenes-y-un-hermano-tejen-lazos-entre-inglaterra-japon-e-indonesia\/?lang=es","url":"https:\/\/www.lamennais.org\/estancia-educativa-tres-jovenes-y-un-hermano-tejen-lazos-entre-inglaterra-japon-e-indonesia\/?lang=es","name":"ESTANCIA EDUCATIVA. Tres j\u00f3venes y un Hermano tejen lazos entre Inglaterra, Jap\u00f3n e Indonesia. - LaMennais.org","isPartOf":{"@id":"https:\/\/www.lamennais.org\/#website"},"primaryImageOfPage":{"@id":"https:\/\/www.lamennais.org\/estancia-educativa-tres-jovenes-y-un-hermano-tejen-lazos-entre-inglaterra-japon-e-indonesia\/?lang=es#primaryimage"},"image":{"@id":"https:\/\/www.lamennais.org\/estancia-educativa-tres-jovenes-y-un-hermano-tejen-lazos-entre-inglaterra-japon-e-indonesia\/?lang=es#primaryimage"},"thumbnailUrl":"https:\/\/www.lamennais.org\/wp-content\/uploads\/2017\/05\/33786039742_15281d74b9_o.jpg","datePublished":"2017-05-15T09:34:57+00:00","dateModified":"2017-05-18T07:09:07+00:00","author":{"@id":"https:\/\/www.lamennais.org\/#\/schema\/person\/2a8d6e8a95babedd5ba1c43afd2e3844"},"breadcrumb":{"@id":"https:\/\/www.lamennais.org\/estancia-educativa-tres-jovenes-y-un-hermano-tejen-lazos-entre-inglaterra-japon-e-indonesia\/?lang=es#breadcrumb"},"inLanguage":"es","potentialAction":[{"@type":"ReadAction","target":["https:\/\/www.lamennais.org\/estancia-educativa-tres-jovenes-y-un-hermano-tejen-lazos-entre-inglaterra-japon-e-indonesia\/?lang=es"]}]},{"@type":"ImageObject","inLanguage":"es","@id":"https:\/\/www.lamennais.org\/estancia-educativa-tres-jovenes-y-un-hermano-tejen-lazos-entre-inglaterra-japon-e-indonesia\/?lang=es#primaryimage","url":"https:\/\/www.lamennais.org\/wp-content\/uploads\/2017\/05\/33786039742_15281d74b9_o.jpg","contentUrl":"https:\/\/www.lamennais.org\/wp-content\/uploads\/2017\/05\/33786039742_15281d74b9_o.jpg","width":5472,"height":3648},{"@type":"BreadcrumbList","@id":"https:\/\/www.lamennais.org\/estancia-educativa-tres-jovenes-y-un-hermano-tejen-lazos-entre-inglaterra-japon-e-indonesia\/?lang=es#breadcrumb","itemListElement":[{"@type":"ListItem","position":1,"name":"Accueil","item":"https:\/\/www.lamennais.org\/"},{"@type":"ListItem","position":2,"name":"ESTANCIA EDUCATIVA. Tres j\u00f3venes y un Hermano tejen lazos entre Inglaterra, Jap\u00f3n e Indonesia."}]},{"@type":"WebSite","@id":"https:\/\/www.lamennais.org\/#website","url":"https:\/\/www.lamennais.org\/","name":"LaMennais.org","description":"Fr\u00e8res de l&#039;Instruction Chr\u00e9tienne et Famille Mennaisienne","potentialAction":[{"@type":"SearchAction","target":{"@type":"EntryPoint","urlTemplate":"https:\/\/www.lamennais.org\/?s={search_term_string}"},"query-input":{"@type":"PropertyValueSpecification","valueRequired":true,"valueName":"search_term_string"}}],"inLanguage":"es"},{"@type":"Person","@id":"https:\/\/www.lamennais.org\/#\/schema\/person\/2a8d6e8a95babedd5ba1c43afd2e3844","name":"Herv\u00e9 Asse","image":{"@type":"ImageObject","inLanguage":"es","@id":"https:\/\/secure.gravatar.com\/avatar\/1aaa7b1baf759c8b40525f40af381cbaa2b0ddd554f57145bceb0654ba45b4c0?s=96&d=mm&r=g","url":"https:\/\/secure.gravatar.com\/avatar\/1aaa7b1baf759c8b40525f40af381cbaa2b0ddd554f57145bceb0654ba45b4c0?s=96&d=mm&r=g","contentUrl":"https:\/\/secure.gravatar.com\/avatar\/1aaa7b1baf759c8b40525f40af381cbaa2b0ddd554f57145bceb0654ba45b4c0?s=96&d=mm&r=g","caption":"Herv\u00e9 Asse"}}]}},"_links":{"self":[{"href":"https:\/\/www.lamennais.org\/es\/wp-json\/wp\/v2\/posts\/12029","targetHints":{"allow":["GET"]}}],"collection":[{"href":"https:\/\/www.lamennais.org\/es\/wp-json\/wp\/v2\/posts"}],"about":[{"href":"https:\/\/www.lamennais.org\/es\/wp-json\/wp\/v2\/types\/post"}],"author":[{"embeddable":true,"href":"https:\/\/www.lamennais.org\/es\/wp-json\/wp\/v2\/users\/3"}],"replies":[{"embeddable":true,"href":"https:\/\/www.lamennais.org\/es\/wp-json\/wp\/v2\/comments?post=12029"}],"version-history":[{"count":1,"href":"https:\/\/www.lamennais.org\/es\/wp-json\/wp\/v2\/posts\/12029\/revisions"}],"predecessor-version":[{"id":12030,"href":"https:\/\/www.lamennais.org\/es\/wp-json\/wp\/v2\/posts\/12029\/revisions\/12030"}],"wp:featuredmedia":[{"embeddable":true,"href":"https:\/\/www.lamennais.org\/es\/wp-json\/wp\/v2\/media\/11908"}],"wp:attachment":[{"href":"https:\/\/www.lamennais.org\/es\/wp-json\/wp\/v2\/media?parent=12029"}],"wp:term":[{"taxonomy":"category","embeddable":true,"href":"https:\/\/www.lamennais.org\/es\/wp-json\/wp\/v2\/categories?post=12029"},{"taxonomy":"post_tag","embeddable":true,"href":"https:\/\/www.lamennais.org\/es\/wp-json\/wp\/v2\/tags?post=12029"}],"curies":[{"name":"wp","href":"https:\/\/api.w.org\/{rel}","templated":true}]}}