{"id":10845,"date":"2017-03-02T15:24:33","date_gmt":"2017-03-02T14:24:33","guid":{"rendered":"http:\/\/www.lamennais.org\/frere-yves-moque\/"},"modified":"2017-03-02T15:27:57","modified_gmt":"2017-03-02T14:27:57","slug":"frere-yves-moque","status":"publish","type":"post","link":"https:\/\/www.lamennais.org\/es\/frere-yves-moque\/","title":{"rendered":"Fr\u00e8re Yves MOQUE"},"content":{"rendered":"<p><strong><img fetchpriority=\"high\" decoding=\"async\" class=\"alignleft size-medium wp-image-10842\" src=\"http:\/\/www.lamennais.org\/wp-content\/uploads\/2017\/03\/Moqu\u00e9-225x300.jpg\" alt=\"\" width=\"225\" height=\"300\" srcset=\"https:\/\/www.lamennais.org\/wp-content\/uploads\/2017\/03\/Moqu\u00e9-225x300.jpg 225w, https:\/\/www.lamennais.org\/wp-content\/uploads\/2017\/03\/Moqu\u00e9-260x347.jpg 260w, https:\/\/www.lamennais.org\/wp-content\/uploads\/2017\/03\/Moqu\u00e9.jpg 444w\" sizes=\"(max-width: 225px) 100vw, 225px\" \/><br \/>\nNaissance : Le Grand-Fougeray (France)<\/strong><\/p>\n<p><strong>le 22 avril 1947<\/strong><\/p>\n<p><strong>Noviciat : le 11 octobre 1968, \u00e0 Jersey<\/strong><\/p>\n<p><strong>Profession perp\u00e9tuelle : <\/strong><\/p>\n<p><strong>\u00a0\u00a0\u00a0\u00a0 \u00a0\u00a0\u00a0\u00a0\u00a0\u00a0\u00a0\u00a0\u00a0\u00a0\u00a0\u00a0\u00a0\u00a0\u00a0\u00a0\u00a0\u00a0\u00a0\u00a0\u00a0\u00a0\u00a0\u00a0\u00a0\u00a028 septembre 1975<\/strong><\/p>\n<p><strong>Province Saint Jean-Baptiste (France)<\/strong><\/p>\n<p>D\u00e9c\u00e9d\u00e9 \u00e0 la communaut\u00e9 de Josselin, lundi 27 f\u00e9vrier 2017, \u00e0 l\u2019\u00e2ge de 69 ans dont 49 de vie religieuse.<\/p>\n<hr \/>\n<h4><strong>Situations et postes occup\u00e9s :<\/strong><\/h4>\n<table width=\"780\">\n<tbody>\n<tr>\n<td width=\"106\">1971<\/td>\n<td width=\"284\">JANZE (St-Joseph)<\/td>\n<td width=\"390\">Enseignant<\/td>\n<\/tr>\n<tr>\n<td width=\"106\">1972<\/td>\n<td width=\"284\">HAITI (Camp Perrin)<\/td>\n<td width=\"390\">Coop\u00e9ration<\/td>\n<\/tr>\n<tr>\n<td width=\"106\">1974<\/td>\n<td width=\"284\">CANCALE (St-Joseph)<\/td>\n<td width=\"390\">Enseignant<\/td>\n<\/tr>\n<tr>\n<td width=\"106\">1981<\/td>\n<td width=\"284\">LYON (IPER)<\/td>\n<td width=\"390\">\u00c9tudes<\/td>\n<\/tr>\n<tr>\n<td width=\"106\">1984<\/td>\n<td width=\"284\">REDON (St-Joseph)<\/td>\n<td width=\"390\">Enseignant<\/td>\n<\/tr>\n<tr>\n<td width=\"106\">1992<\/td>\n<td width=\"284\">CASTELGANDOLFO<\/td>\n<td width=\"390\">Ann\u00e9e de R\u00e9novation<\/td>\n<\/tr>\n<tr>\n<td width=\"106\">1993<\/td>\n<td width=\"284\">RENNES (St-H\u00e9lier)<\/td>\n<td width=\"390\">D.A.V.<\/td>\n<\/tr>\n<tr>\n<td width=\"106\">1998<\/td>\n<td width=\"284\">NANTES (Les Tilleuls)<\/td>\n<td width=\"390\">D.A.V.<\/td>\n<\/tr>\n<tr>\n<td width=\"106\">2000<\/td>\n<td width=\"284\">LOURDES (St-Joseph)<\/td>\n<td width=\"390\">Animation pastorale et enseignant<\/td>\n<\/tr>\n<tr>\n<td width=\"106\">2010<\/td>\n<td width=\"284\">BAIN-DE-BRETAGNE<\/td>\n<td width=\"390\">Retrait\u00e9, Animation pastorale<\/td>\n<\/tr>\n<tr>\n<td width=\"106\">2015<\/td>\n<td width=\"284\">JANZE<\/td>\n<td width=\"390\">Retrait\u00e9<\/td>\n<\/tr>\n<\/tbody>\n<\/table>\n","protected":false},"excerpt":{"rendered":"<p>Naissance : Le Grand-Fougeray (France) le 22 avril 1947 Noviciat : le 11 octobre 1968, \u00e0 Jersey Profession perp\u00e9tuelle : \u00a0\u00a0\u00a0\u00a0 \u00a0\u00a0\u00a0\u00a0\u00a0\u00a0\u00a0\u00a0\u00a0\u00a0\u00a0\u00a0\u00a0\u00a0\u00a0\u00a0\u00a0\u00a0\u00a0\u00a0\u00a0\u00a0\u00a0\u00a0\u00a0\u00a028 septembre 1975 Province Saint Jean-Baptiste (France) D\u00e9c\u00e9d\u00e9 \u00e0 la communaut\u00e9 de Josselin, lundi 27 f\u00e9vrier 2017, \u00e0 l\u2019\u00e2ge de 69 ans dont 49 de vie religieuse. Situations et postes occup\u00e9s : 1971 JANZE [&hellip;]<\/p>\n","protected":false},"author":3,"featured_media":0,"comment_status":"closed","ping_status":"closed","sticky":false,"template":"","format":"standard","meta":{"footnotes":""},"categories":[208,206],"tags":[],"class_list":["post-10845","post","type-post","status-publish","format-standard","hentry","category-fallecidos","category-hermanos-es"],"yoast_head":"<!-- This site is optimized with the Yoast SEO plugin v27.5 - https:\/\/yoast.com\/product\/yoast-seo-wordpress\/ -->\n<title>Fr\u00e8re Yves MOQUE - LaMennais.org<\/title>\n<meta name=\"robots\" content=\"index, follow, max-snippet:-1, max-image-preview:large, max-video-preview:-1\" \/>\n<link rel=\"canonical\" href=\"https:\/\/www.lamennais.org\/frere-yves-moque\/?lang=es\" \/>\n<meta property=\"og:locale\" content=\"es_ES\" \/>\n<meta property=\"og:type\" content=\"article\" \/>\n<meta property=\"og:title\" content=\"Fr\u00e8re Yves MOQUE - LaMennais.org\" \/>\n<meta property=\"og:description\" content=\"Naissance : Le Grand-Fougeray (France) le 22 avril 1947 Noviciat : le 11 octobre 1968, \u00e0 Jersey Profession perp\u00e9tuelle : \u00a0\u00a0\u00a0\u00a0 \u00a0\u00a0\u00a0\u00a0\u00a0\u00a0\u00a0\u00a0\u00a0\u00a0\u00a0\u00a0\u00a0\u00a0\u00a0\u00a0\u00a0\u00a0\u00a0\u00a0\u00a0\u00a0\u00a0\u00a0\u00a0\u00a028 septembre 1975 Province Saint Jean-Baptiste (France) D\u00e9c\u00e9d\u00e9 \u00e0 la communaut\u00e9 de Josselin, lundi 27 f\u00e9vrier 2017, \u00e0 l\u2019\u00e2ge de 69 ans dont 49 de vie religieuse. Situations et postes occup\u00e9s : 1971 JANZE [&hellip;]\" \/>\n<meta property=\"og:url\" content=\"https:\/\/www.lamennais.org\/frere-yves-moque\/?lang=es\" \/>\n<meta property=\"og:site_name\" content=\"LaMennais.org\" \/>\n<meta property=\"article:published_time\" content=\"2017-03-02T14:24:33+00:00\" \/>\n<meta property=\"article:modified_time\" content=\"2017-03-02T14:27:57+00:00\" \/>\n<meta property=\"og:image\" content=\"http:\/\/www.lamennais.org\/wp-content\/uploads\/2017\/03\/Moqu\u00e9-225x300.jpg\" \/>\n<meta name=\"author\" content=\"Herv\u00e9 Asse\" \/>\n<meta name=\"twitter:card\" content=\"summary_large_image\" \/>\n<meta name=\"twitter:label1\" content=\"Escrito por\" \/>\n\t<meta name=\"twitter:data1\" content=\"Herv\u00e9 Asse\" \/>\n<script type=\"application\/ld+json\" class=\"yoast-schema-graph\">{\"@context\":\"https:\\\/\\\/schema.org\",\"@graph\":[{\"@type\":\"Article\",\"@id\":\"https:\\\/\\\/www.lamennais.org\\\/frere-yves-moque\\\/?lang=es#article\",\"isPartOf\":{\"@id\":\"https:\\\/\\\/www.lamennais.org\\\/frere-yves-moque\\\/?lang=es\"},\"author\":{\"name\":\"Herv\u00e9 Asse\",\"@id\":\"https:\\\/\\\/www.lamennais.org\\\/#\\\/schema\\\/person\\\/2a8d6e8a95babedd5ba1c43afd2e3844\"},\"headline\":\"Fr\u00e8re Yves MOQUE\",\"datePublished\":\"2017-03-02T14:24:33+00:00\",\"dateModified\":\"2017-03-02T14:27:57+00:00\",\"mainEntityOfPage\":{\"@id\":\"https:\\\/\\\/www.lamennais.org\\\/frere-yves-moque\\\/?lang=es\"},\"wordCount\":92,\"articleSection\":[\"Fallecidos\",\"Hermanos\"],\"inLanguage\":\"es\"},{\"@type\":\"WebPage\",\"@id\":\"https:\\\/\\\/www.lamennais.org\\\/frere-yves-moque\\\/?lang=es\",\"url\":\"https:\\\/\\\/www.lamennais.org\\\/frere-yves-moque\\\/?lang=es\",\"name\":\"Fr\u00e8re Yves MOQUE - LaMennais.org\",\"isPartOf\":{\"@id\":\"https:\\\/\\\/www.lamennais.org\\\/#website\"},\"datePublished\":\"2017-03-02T14:24:33+00:00\",\"dateModified\":\"2017-03-02T14:27:57+00:00\",\"author\":{\"@id\":\"https:\\\/\\\/www.lamennais.org\\\/#\\\/schema\\\/person\\\/2a8d6e8a95babedd5ba1c43afd2e3844\"},\"breadcrumb\":{\"@id\":\"https:\\\/\\\/www.lamennais.org\\\/frere-yves-moque\\\/?lang=es#breadcrumb\"},\"inLanguage\":\"es\",\"potentialAction\":[{\"@type\":\"ReadAction\",\"target\":[\"https:\\\/\\\/www.lamennais.org\\\/frere-yves-moque\\\/?lang=es\"]}]},{\"@type\":\"BreadcrumbList\",\"@id\":\"https:\\\/\\\/www.lamennais.org\\\/frere-yves-moque\\\/?lang=es#breadcrumb\",\"itemListElement\":[{\"@type\":\"ListItem\",\"position\":1,\"name\":\"Accueil\",\"item\":\"https:\\\/\\\/www.lamennais.org\\\/\"},{\"@type\":\"ListItem\",\"position\":2,\"name\":\"Fr\u00e8re Yves MOQUE\"}]},{\"@type\":\"WebSite\",\"@id\":\"https:\\\/\\\/www.lamennais.org\\\/#website\",\"url\":\"https:\\\/\\\/www.lamennais.org\\\/\",\"name\":\"LaMennais.org\",\"description\":\"Fr\u00e8res de l&#039;Instruction Chr\u00e9tienne et Famille Mennaisienne\",\"potentialAction\":[{\"@type\":\"SearchAction\",\"target\":{\"@type\":\"EntryPoint\",\"urlTemplate\":\"https:\\\/\\\/www.lamennais.org\\\/?s={search_term_string}\"},\"query-input\":{\"@type\":\"PropertyValueSpecification\",\"valueRequired\":true,\"valueName\":\"search_term_string\"}}],\"inLanguage\":\"es\"},{\"@type\":\"Person\",\"@id\":\"https:\\\/\\\/www.lamennais.org\\\/#\\\/schema\\\/person\\\/2a8d6e8a95babedd5ba1c43afd2e3844\",\"name\":\"Herv\u00e9 Asse\",\"image\":{\"@type\":\"ImageObject\",\"inLanguage\":\"es\",\"@id\":\"https:\\\/\\\/secure.gravatar.com\\\/avatar\\\/1aaa7b1baf759c8b40525f40af381cbaa2b0ddd554f57145bceb0654ba45b4c0?s=96&d=mm&r=g\",\"url\":\"https:\\\/\\\/secure.gravatar.com\\\/avatar\\\/1aaa7b1baf759c8b40525f40af381cbaa2b0ddd554f57145bceb0654ba45b4c0?s=96&d=mm&r=g\",\"contentUrl\":\"https:\\\/\\\/secure.gravatar.com\\\/avatar\\\/1aaa7b1baf759c8b40525f40af381cbaa2b0ddd554f57145bceb0654ba45b4c0?s=96&d=mm&r=g\",\"caption\":\"Herv\u00e9 Asse\"}}]}<\/script>\n<!-- \/ Yoast SEO plugin. -->","yoast_head_json":{"title":"Fr\u00e8re Yves MOQUE - LaMennais.org","robots":{"index":"index","follow":"follow","max-snippet":"max-snippet:-1","max-image-preview":"max-image-preview:large","max-video-preview":"max-video-preview:-1"},"canonical":"https:\/\/www.lamennais.org\/frere-yves-moque\/?lang=es","og_locale":"es_ES","og_type":"article","og_title":"Fr\u00e8re Yves MOQUE - LaMennais.org","og_description":"Naissance : Le Grand-Fougeray (France) le 22 avril 1947 Noviciat : le 11 octobre 1968, \u00e0 Jersey Profession perp\u00e9tuelle : \u00a0\u00a0\u00a0\u00a0 \u00a0\u00a0\u00a0\u00a0\u00a0\u00a0\u00a0\u00a0\u00a0\u00a0\u00a0\u00a0\u00a0\u00a0\u00a0\u00a0\u00a0\u00a0\u00a0\u00a0\u00a0\u00a0\u00a0\u00a0\u00a0\u00a028 septembre 1975 Province Saint Jean-Baptiste (France) D\u00e9c\u00e9d\u00e9 \u00e0 la communaut\u00e9 de Josselin, lundi 27 f\u00e9vrier 2017, \u00e0 l\u2019\u00e2ge de 69 ans dont 49 de vie religieuse. Situations et postes occup\u00e9s : 1971 JANZE [&hellip;]","og_url":"https:\/\/www.lamennais.org\/frere-yves-moque\/?lang=es","og_site_name":"LaMennais.org","article_published_time":"2017-03-02T14:24:33+00:00","article_modified_time":"2017-03-02T14:27:57+00:00","og_image":[{"url":"http:\/\/www.lamennais.org\/wp-content\/uploads\/2017\/03\/Moqu\u00e9-225x300.jpg","type":"","width":"","height":""}],"author":"Herv\u00e9 Asse","twitter_card":"summary_large_image","twitter_misc":{"Escrito por":"Herv\u00e9 Asse"},"schema":{"@context":"https:\/\/schema.org","@graph":[{"@type":"Article","@id":"https:\/\/www.lamennais.org\/frere-yves-moque\/?lang=es#article","isPartOf":{"@id":"https:\/\/www.lamennais.org\/frere-yves-moque\/?lang=es"},"author":{"name":"Herv\u00e9 Asse","@id":"https:\/\/www.lamennais.org\/#\/schema\/person\/2a8d6e8a95babedd5ba1c43afd2e3844"},"headline":"Fr\u00e8re Yves MOQUE","datePublished":"2017-03-02T14:24:33+00:00","dateModified":"2017-03-02T14:27:57+00:00","mainEntityOfPage":{"@id":"https:\/\/www.lamennais.org\/frere-yves-moque\/?lang=es"},"wordCount":92,"articleSection":["Fallecidos","Hermanos"],"inLanguage":"es"},{"@type":"WebPage","@id":"https:\/\/www.lamennais.org\/frere-yves-moque\/?lang=es","url":"https:\/\/www.lamennais.org\/frere-yves-moque\/?lang=es","name":"Fr\u00e8re Yves MOQUE - LaMennais.org","isPartOf":{"@id":"https:\/\/www.lamennais.org\/#website"},"datePublished":"2017-03-02T14:24:33+00:00","dateModified":"2017-03-02T14:27:57+00:00","author":{"@id":"https:\/\/www.lamennais.org\/#\/schema\/person\/2a8d6e8a95babedd5ba1c43afd2e3844"},"breadcrumb":{"@id":"https:\/\/www.lamennais.org\/frere-yves-moque\/?lang=es#breadcrumb"},"inLanguage":"es","potentialAction":[{"@type":"ReadAction","target":["https:\/\/www.lamennais.org\/frere-yves-moque\/?lang=es"]}]},{"@type":"BreadcrumbList","@id":"https:\/\/www.lamennais.org\/frere-yves-moque\/?lang=es#breadcrumb","itemListElement":[{"@type":"ListItem","position":1,"name":"Accueil","item":"https:\/\/www.lamennais.org\/"},{"@type":"ListItem","position":2,"name":"Fr\u00e8re Yves MOQUE"}]},{"@type":"WebSite","@id":"https:\/\/www.lamennais.org\/#website","url":"https:\/\/www.lamennais.org\/","name":"LaMennais.org","description":"Fr\u00e8res de l&#039;Instruction Chr\u00e9tienne et Famille Mennaisienne","potentialAction":[{"@type":"SearchAction","target":{"@type":"EntryPoint","urlTemplate":"https:\/\/www.lamennais.org\/?s={search_term_string}"},"query-input":{"@type":"PropertyValueSpecification","valueRequired":true,"valueName":"search_term_string"}}],"inLanguage":"es"},{"@type":"Person","@id":"https:\/\/www.lamennais.org\/#\/schema\/person\/2a8d6e8a95babedd5ba1c43afd2e3844","name":"Herv\u00e9 Asse","image":{"@type":"ImageObject","inLanguage":"es","@id":"https:\/\/secure.gravatar.com\/avatar\/1aaa7b1baf759c8b40525f40af381cbaa2b0ddd554f57145bceb0654ba45b4c0?s=96&d=mm&r=g","url":"https:\/\/secure.gravatar.com\/avatar\/1aaa7b1baf759c8b40525f40af381cbaa2b0ddd554f57145bceb0654ba45b4c0?s=96&d=mm&r=g","contentUrl":"https:\/\/secure.gravatar.com\/avatar\/1aaa7b1baf759c8b40525f40af381cbaa2b0ddd554f57145bceb0654ba45b4c0?s=96&d=mm&r=g","caption":"Herv\u00e9 Asse"}}]}},"_links":{"self":[{"href":"https:\/\/www.lamennais.org\/es\/wp-json\/wp\/v2\/posts\/10845","targetHints":{"allow":["GET"]}}],"collection":[{"href":"https:\/\/www.lamennais.org\/es\/wp-json\/wp\/v2\/posts"}],"about":[{"href":"https:\/\/www.lamennais.org\/es\/wp-json\/wp\/v2\/types\/post"}],"author":[{"embeddable":true,"href":"https:\/\/www.lamennais.org\/es\/wp-json\/wp\/v2\/users\/3"}],"replies":[{"embeddable":true,"href":"https:\/\/www.lamennais.org\/es\/wp-json\/wp\/v2\/comments?post=10845"}],"version-history":[{"count":1,"href":"https:\/\/www.lamennais.org\/es\/wp-json\/wp\/v2\/posts\/10845\/revisions"}],"predecessor-version":[{"id":10848,"href":"https:\/\/www.lamennais.org\/es\/wp-json\/wp\/v2\/posts\/10845\/revisions\/10848"}],"wp:attachment":[{"href":"https:\/\/www.lamennais.org\/es\/wp-json\/wp\/v2\/media?parent=10845"}],"wp:term":[{"taxonomy":"category","embeddable":true,"href":"https:\/\/www.lamennais.org\/es\/wp-json\/wp\/v2\/categories?post=10845"},{"taxonomy":"post_tag","embeddable":true,"href":"https:\/\/www.lamennais.org\/es\/wp-json\/wp\/v2\/tags?post=10845"}],"curies":[{"name":"wp","href":"https:\/\/api.w.org\/{rel}","templated":true}]}}