{"id":10789,"date":"2017-02-18T09:02:41","date_gmt":"2017-02-18T08:02:41","guid":{"rendered":"http:\/\/www.lamennais.org\/frere-leon-guerin-yves-bernard\/"},"modified":"2017-03-02T15:28:43","modified_gmt":"2017-03-02T14:28:43","slug":"frere-leon-guerin-yves-bernard","status":"publish","type":"post","link":"https:\/\/www.lamennais.org\/es\/frere-leon-guerin-yves-bernard\/","title":{"rendered":"Fr\u00e8re L\u00e9on GUERIN (Yves-Bernard)"},"content":{"rendered":"<p><strong><img fetchpriority=\"high\" decoding=\"async\" class=\"alignleft size-medium wp-image-10786\" src=\"http:\/\/www.lamennais.org\/wp-content\/uploads\/2017\/02\/Sans-titre-1-234x300.jpg\" alt=\"\" width=\"234\" height=\"300\" srcset=\"https:\/\/www.lamennais.org\/wp-content\/uploads\/2017\/02\/Sans-titre-1-234x300.jpg 234w, https:\/\/www.lamennais.org\/wp-content\/uploads\/2017\/02\/Sans-titre-1-260x333.jpg 260w, https:\/\/www.lamennais.org\/wp-content\/uploads\/2017\/02\/Sans-titre-1.jpg 756w\" sizes=\"(max-width: 234px) 100vw, 234px\" \/><br \/>\nNaissance : Le Grand-Fougeray (France)<\/strong><\/p>\n<p><strong>le 01 novembre 1925<\/strong><\/p>\n<p><strong>Noviciat : le 15 ao\u00fbt 1941, au Roscoat<\/strong><\/p>\n<p><strong>Profession perp\u00e9tuelle : 15 ao\u00fbt 1947<\/strong><\/p>\n<p><strong>Province Saint Jean-Baptiste (France)<\/strong><\/p>\n<p><strong>D\u00e9c\u00e9d\u00e9 \u00e0 la communaut\u00e9 de Josselin, dimanche 12 f\u00e9vrier 2017, \u00e0 l\u2019\u00e2ge de 91 ans dont 75 de vie religieuse.<\/strong><\/p>\n<hr \/>\n<p><strong><br \/>\nSituations et postes occup\u00e9s :<\/strong><\/p>\n<table width=\"685\">\n<tbody>\n<tr>\n<td width=\"106\">1943<\/td>\n<td width=\"284\">DOMALAIN<\/td>\n<td width=\"295\">Enseignant<\/td>\n<\/tr>\n<tr>\n<td width=\"106\">1947<\/td>\n<td width=\"284\">CANCALE<\/td>\n<td width=\"295\">Enseignant<\/td>\n<\/tr>\n<tr>\n<td width=\"106\">1956<\/td>\n<td width=\"284\">FLERS<\/td>\n<td width=\"295\">Enseignant<\/td>\n<\/tr>\n<tr>\n<td width=\"106\">1960<\/td>\n<td width=\"284\">GACE<\/td>\n<td width=\"295\">Enseignant<\/td>\n<\/tr>\n<tr>\n<td width=\"106\">1961<\/td>\n<td width=\"284\">SAINT-SERVAN<\/td>\n<td width=\"295\">Enseignant<\/td>\n<\/tr>\n<tr>\n<td width=\"106\">1962<\/td>\n<td width=\"284\">CANCALE<\/td>\n<td width=\"295\">Enseignant<\/td>\n<\/tr>\n<tr>\n<td width=\"106\">1964<\/td>\n<td width=\"284\">REDON<\/td>\n<td width=\"295\">Enseignant<\/td>\n<\/tr>\n<tr>\n<td width=\"106\">1976<\/td>\n<td width=\"284\">ROME<\/td>\n<td width=\"295\">Second Noviciat<\/td>\n<\/tr>\n<tr>\n<td width=\"106\">1977<\/td>\n<td width=\"284\">MONTFORT-SUR-MEU<\/td>\n<td width=\"295\">Enseignant<\/td>\n<\/tr>\n<tr>\n<td width=\"106\">1984<\/td>\n<td width=\"284\">RENNES (St-H\u00e9lier)<\/td>\n<td width=\"295\">Services \u00e0 la Maison Provinciale<\/td>\n<\/tr>\n<tr>\n<td width=\"106\">1994<\/td>\n<td width=\"284\">CHANTELOUP<\/td>\n<td width=\"295\">Retrait\u00e9<\/td>\n<\/tr>\n<tr>\n<td width=\"106\">2002<\/td>\n<td width=\"284\">JANZE<\/td>\n<td width=\"295\">Retrait\u00e9<\/td>\n<\/tr>\n<tr>\n<td width=\"106\">2015<\/td>\n<td width=\"284\">JOSSELIN<\/td>\n<td width=\"295\"><\/td>\n<\/tr>\n<\/tbody>\n<\/table>\n","protected":false},"excerpt":{"rendered":"<p>Naissance : Le Grand-Fougeray (France) le 01 novembre 1925 Noviciat : le 15 ao\u00fbt 1941, au Roscoat Profession perp\u00e9tuelle : 15 ao\u00fbt 1947 Province Saint Jean-Baptiste (France) D\u00e9c\u00e9d\u00e9 \u00e0 la communaut\u00e9 de Josselin, dimanche 12 f\u00e9vrier 2017, \u00e0 l\u2019\u00e2ge de 91 ans dont 75 de vie religieuse. Situations et postes occup\u00e9s : 1943 DOMALAIN Enseignant [&hellip;]<\/p>\n","protected":false},"author":3,"featured_media":0,"comment_status":"closed","ping_status":"closed","sticky":false,"template":"","format":"standard","meta":{"footnotes":""},"categories":[208,206],"tags":[],"class_list":["post-10789","post","type-post","status-publish","format-standard","hentry","category-fallecidos","category-hermanos-es"],"yoast_head":"<!-- This site is optimized with the Yoast SEO plugin v27.5 - https:\/\/yoast.com\/product\/yoast-seo-wordpress\/ -->\n<title>Fr\u00e8re L\u00e9on GUERIN (Yves-Bernard) - LaMennais.org<\/title>\n<meta name=\"robots\" content=\"index, follow, max-snippet:-1, max-image-preview:large, max-video-preview:-1\" \/>\n<link rel=\"canonical\" href=\"https:\/\/www.lamennais.org\/frere-leon-guerin-yves-bernard\/?lang=es\" \/>\n<meta property=\"og:locale\" content=\"es_ES\" \/>\n<meta property=\"og:type\" content=\"article\" \/>\n<meta property=\"og:title\" content=\"Fr\u00e8re L\u00e9on GUERIN (Yves-Bernard) - LaMennais.org\" \/>\n<meta property=\"og:description\" content=\"Naissance : Le Grand-Fougeray (France) le 01 novembre 1925 Noviciat : le 15 ao\u00fbt 1941, au Roscoat Profession perp\u00e9tuelle : 15 ao\u00fbt 1947 Province Saint Jean-Baptiste (France) D\u00e9c\u00e9d\u00e9 \u00e0 la communaut\u00e9 de Josselin, dimanche 12 f\u00e9vrier 2017, \u00e0 l\u2019\u00e2ge de 91 ans dont 75 de vie religieuse. Situations et postes occup\u00e9s : 1943 DOMALAIN Enseignant [&hellip;]\" \/>\n<meta property=\"og:url\" content=\"https:\/\/www.lamennais.org\/frere-leon-guerin-yves-bernard\/?lang=es\" \/>\n<meta property=\"og:site_name\" content=\"LaMennais.org\" \/>\n<meta property=\"article:published_time\" content=\"2017-02-18T08:02:41+00:00\" \/>\n<meta property=\"article:modified_time\" content=\"2017-03-02T14:28:43+00:00\" \/>\n<meta property=\"og:image\" content=\"http:\/\/www.lamennais.org\/wp-content\/uploads\/2017\/02\/Sans-titre-1-234x300.jpg\" \/>\n<meta name=\"author\" content=\"Herv\u00e9 Asse\" \/>\n<meta name=\"twitter:card\" content=\"summary_large_image\" \/>\n<meta name=\"twitter:label1\" content=\"Escrito por\" \/>\n\t<meta name=\"twitter:data1\" content=\"Herv\u00e9 Asse\" \/>\n<script type=\"application\/ld+json\" class=\"yoast-schema-graph\">{\"@context\":\"https:\\\/\\\/schema.org\",\"@graph\":[{\"@type\":\"Article\",\"@id\":\"https:\\\/\\\/www.lamennais.org\\\/frere-leon-guerin-yves-bernard\\\/?lang=es#article\",\"isPartOf\":{\"@id\":\"https:\\\/\\\/www.lamennais.org\\\/frere-leon-guerin-yves-bernard\\\/?lang=es\"},\"author\":{\"name\":\"Herv\u00e9 Asse\",\"@id\":\"https:\\\/\\\/www.lamennais.org\\\/#\\\/schema\\\/person\\\/2a8d6e8a95babedd5ba1c43afd2e3844\"},\"headline\":\"Fr\u00e8re L\u00e9on GUERIN (Yves-Bernard)\",\"datePublished\":\"2017-02-18T08:02:41+00:00\",\"dateModified\":\"2017-03-02T14:28:43+00:00\",\"mainEntityOfPage\":{\"@id\":\"https:\\\/\\\/www.lamennais.org\\\/frere-leon-guerin-yves-bernard\\\/?lang=es\"},\"wordCount\":81,\"image\":{\"@id\":\"https:\\\/\\\/www.lamennais.org\\\/frere-leon-guerin-yves-bernard\\\/?lang=es#primaryimage\"},\"thumbnailUrl\":\"http:\\\/\\\/www.lamennais.org\\\/wp-content\\\/uploads\\\/2017\\\/02\\\/Sans-titre-1-234x300.jpg\",\"articleSection\":[\"Fallecidos\",\"Hermanos\"],\"inLanguage\":\"es\"},{\"@type\":\"WebPage\",\"@id\":\"https:\\\/\\\/www.lamennais.org\\\/frere-leon-guerin-yves-bernard\\\/?lang=es\",\"url\":\"https:\\\/\\\/www.lamennais.org\\\/frere-leon-guerin-yves-bernard\\\/?lang=es\",\"name\":\"Fr\u00e8re L\u00e9on GUERIN (Yves-Bernard) - LaMennais.org\",\"isPartOf\":{\"@id\":\"https:\\\/\\\/www.lamennais.org\\\/#website\"},\"primaryImageOfPage\":{\"@id\":\"https:\\\/\\\/www.lamennais.org\\\/frere-leon-guerin-yves-bernard\\\/?lang=es#primaryimage\"},\"image\":{\"@id\":\"https:\\\/\\\/www.lamennais.org\\\/frere-leon-guerin-yves-bernard\\\/?lang=es#primaryimage\"},\"thumbnailUrl\":\"http:\\\/\\\/www.lamennais.org\\\/wp-content\\\/uploads\\\/2017\\\/02\\\/Sans-titre-1-234x300.jpg\",\"datePublished\":\"2017-02-18T08:02:41+00:00\",\"dateModified\":\"2017-03-02T14:28:43+00:00\",\"author\":{\"@id\":\"https:\\\/\\\/www.lamennais.org\\\/#\\\/schema\\\/person\\\/2a8d6e8a95babedd5ba1c43afd2e3844\"},\"breadcrumb\":{\"@id\":\"https:\\\/\\\/www.lamennais.org\\\/frere-leon-guerin-yves-bernard\\\/?lang=es#breadcrumb\"},\"inLanguage\":\"es\",\"potentialAction\":[{\"@type\":\"ReadAction\",\"target\":[\"https:\\\/\\\/www.lamennais.org\\\/frere-leon-guerin-yves-bernard\\\/?lang=es\"]}]},{\"@type\":\"ImageObject\",\"inLanguage\":\"es\",\"@id\":\"https:\\\/\\\/www.lamennais.org\\\/frere-leon-guerin-yves-bernard\\\/?lang=es#primaryimage\",\"url\":\"http:\\\/\\\/www.lamennais.org\\\/wp-content\\\/uploads\\\/2017\\\/02\\\/Sans-titre-1-234x300.jpg\",\"contentUrl\":\"http:\\\/\\\/www.lamennais.org\\\/wp-content\\\/uploads\\\/2017\\\/02\\\/Sans-titre-1-234x300.jpg\"},{\"@type\":\"BreadcrumbList\",\"@id\":\"https:\\\/\\\/www.lamennais.org\\\/frere-leon-guerin-yves-bernard\\\/?lang=es#breadcrumb\",\"itemListElement\":[{\"@type\":\"ListItem\",\"position\":1,\"name\":\"Accueil\",\"item\":\"https:\\\/\\\/www.lamennais.org\\\/\"},{\"@type\":\"ListItem\",\"position\":2,\"name\":\"Fr\u00e8re L\u00e9on GUERIN (Yves-Bernard)\"}]},{\"@type\":\"WebSite\",\"@id\":\"https:\\\/\\\/www.lamennais.org\\\/#website\",\"url\":\"https:\\\/\\\/www.lamennais.org\\\/\",\"name\":\"LaMennais.org\",\"description\":\"Fr\u00e8res de l&#039;Instruction Chr\u00e9tienne et Famille Mennaisienne\",\"potentialAction\":[{\"@type\":\"SearchAction\",\"target\":{\"@type\":\"EntryPoint\",\"urlTemplate\":\"https:\\\/\\\/www.lamennais.org\\\/?s={search_term_string}\"},\"query-input\":{\"@type\":\"PropertyValueSpecification\",\"valueRequired\":true,\"valueName\":\"search_term_string\"}}],\"inLanguage\":\"es\"},{\"@type\":\"Person\",\"@id\":\"https:\\\/\\\/www.lamennais.org\\\/#\\\/schema\\\/person\\\/2a8d6e8a95babedd5ba1c43afd2e3844\",\"name\":\"Herv\u00e9 Asse\",\"image\":{\"@type\":\"ImageObject\",\"inLanguage\":\"es\",\"@id\":\"https:\\\/\\\/secure.gravatar.com\\\/avatar\\\/1aaa7b1baf759c8b40525f40af381cbaa2b0ddd554f57145bceb0654ba45b4c0?s=96&d=mm&r=g\",\"url\":\"https:\\\/\\\/secure.gravatar.com\\\/avatar\\\/1aaa7b1baf759c8b40525f40af381cbaa2b0ddd554f57145bceb0654ba45b4c0?s=96&d=mm&r=g\",\"contentUrl\":\"https:\\\/\\\/secure.gravatar.com\\\/avatar\\\/1aaa7b1baf759c8b40525f40af381cbaa2b0ddd554f57145bceb0654ba45b4c0?s=96&d=mm&r=g\",\"caption\":\"Herv\u00e9 Asse\"}}]}<\/script>\n<!-- \/ Yoast SEO plugin. -->","yoast_head_json":{"title":"Fr\u00e8re L\u00e9on GUERIN (Yves-Bernard) - LaMennais.org","robots":{"index":"index","follow":"follow","max-snippet":"max-snippet:-1","max-image-preview":"max-image-preview:large","max-video-preview":"max-video-preview:-1"},"canonical":"https:\/\/www.lamennais.org\/frere-leon-guerin-yves-bernard\/?lang=es","og_locale":"es_ES","og_type":"article","og_title":"Fr\u00e8re L\u00e9on GUERIN (Yves-Bernard) - LaMennais.org","og_description":"Naissance : Le Grand-Fougeray (France) le 01 novembre 1925 Noviciat : le 15 ao\u00fbt 1941, au Roscoat Profession perp\u00e9tuelle : 15 ao\u00fbt 1947 Province Saint Jean-Baptiste (France) D\u00e9c\u00e9d\u00e9 \u00e0 la communaut\u00e9 de Josselin, dimanche 12 f\u00e9vrier 2017, \u00e0 l\u2019\u00e2ge de 91 ans dont 75 de vie religieuse. Situations et postes occup\u00e9s : 1943 DOMALAIN Enseignant [&hellip;]","og_url":"https:\/\/www.lamennais.org\/frere-leon-guerin-yves-bernard\/?lang=es","og_site_name":"LaMennais.org","article_published_time":"2017-02-18T08:02:41+00:00","article_modified_time":"2017-03-02T14:28:43+00:00","og_image":[{"url":"http:\/\/www.lamennais.org\/wp-content\/uploads\/2017\/02\/Sans-titre-1-234x300.jpg","type":"","width":"","height":""}],"author":"Herv\u00e9 Asse","twitter_card":"summary_large_image","twitter_misc":{"Escrito por":"Herv\u00e9 Asse"},"schema":{"@context":"https:\/\/schema.org","@graph":[{"@type":"Article","@id":"https:\/\/www.lamennais.org\/frere-leon-guerin-yves-bernard\/?lang=es#article","isPartOf":{"@id":"https:\/\/www.lamennais.org\/frere-leon-guerin-yves-bernard\/?lang=es"},"author":{"name":"Herv\u00e9 Asse","@id":"https:\/\/www.lamennais.org\/#\/schema\/person\/2a8d6e8a95babedd5ba1c43afd2e3844"},"headline":"Fr\u00e8re L\u00e9on GUERIN (Yves-Bernard)","datePublished":"2017-02-18T08:02:41+00:00","dateModified":"2017-03-02T14:28:43+00:00","mainEntityOfPage":{"@id":"https:\/\/www.lamennais.org\/frere-leon-guerin-yves-bernard\/?lang=es"},"wordCount":81,"image":{"@id":"https:\/\/www.lamennais.org\/frere-leon-guerin-yves-bernard\/?lang=es#primaryimage"},"thumbnailUrl":"http:\/\/www.lamennais.org\/wp-content\/uploads\/2017\/02\/Sans-titre-1-234x300.jpg","articleSection":["Fallecidos","Hermanos"],"inLanguage":"es"},{"@type":"WebPage","@id":"https:\/\/www.lamennais.org\/frere-leon-guerin-yves-bernard\/?lang=es","url":"https:\/\/www.lamennais.org\/frere-leon-guerin-yves-bernard\/?lang=es","name":"Fr\u00e8re L\u00e9on GUERIN (Yves-Bernard) - LaMennais.org","isPartOf":{"@id":"https:\/\/www.lamennais.org\/#website"},"primaryImageOfPage":{"@id":"https:\/\/www.lamennais.org\/frere-leon-guerin-yves-bernard\/?lang=es#primaryimage"},"image":{"@id":"https:\/\/www.lamennais.org\/frere-leon-guerin-yves-bernard\/?lang=es#primaryimage"},"thumbnailUrl":"http:\/\/www.lamennais.org\/wp-content\/uploads\/2017\/02\/Sans-titre-1-234x300.jpg","datePublished":"2017-02-18T08:02:41+00:00","dateModified":"2017-03-02T14:28:43+00:00","author":{"@id":"https:\/\/www.lamennais.org\/#\/schema\/person\/2a8d6e8a95babedd5ba1c43afd2e3844"},"breadcrumb":{"@id":"https:\/\/www.lamennais.org\/frere-leon-guerin-yves-bernard\/?lang=es#breadcrumb"},"inLanguage":"es","potentialAction":[{"@type":"ReadAction","target":["https:\/\/www.lamennais.org\/frere-leon-guerin-yves-bernard\/?lang=es"]}]},{"@type":"ImageObject","inLanguage":"es","@id":"https:\/\/www.lamennais.org\/frere-leon-guerin-yves-bernard\/?lang=es#primaryimage","url":"http:\/\/www.lamennais.org\/wp-content\/uploads\/2017\/02\/Sans-titre-1-234x300.jpg","contentUrl":"http:\/\/www.lamennais.org\/wp-content\/uploads\/2017\/02\/Sans-titre-1-234x300.jpg"},{"@type":"BreadcrumbList","@id":"https:\/\/www.lamennais.org\/frere-leon-guerin-yves-bernard\/?lang=es#breadcrumb","itemListElement":[{"@type":"ListItem","position":1,"name":"Accueil","item":"https:\/\/www.lamennais.org\/"},{"@type":"ListItem","position":2,"name":"Fr\u00e8re L\u00e9on GUERIN (Yves-Bernard)"}]},{"@type":"WebSite","@id":"https:\/\/www.lamennais.org\/#website","url":"https:\/\/www.lamennais.org\/","name":"LaMennais.org","description":"Fr\u00e8res de l&#039;Instruction Chr\u00e9tienne et Famille Mennaisienne","potentialAction":[{"@type":"SearchAction","target":{"@type":"EntryPoint","urlTemplate":"https:\/\/www.lamennais.org\/?s={search_term_string}"},"query-input":{"@type":"PropertyValueSpecification","valueRequired":true,"valueName":"search_term_string"}}],"inLanguage":"es"},{"@type":"Person","@id":"https:\/\/www.lamennais.org\/#\/schema\/person\/2a8d6e8a95babedd5ba1c43afd2e3844","name":"Herv\u00e9 Asse","image":{"@type":"ImageObject","inLanguage":"es","@id":"https:\/\/secure.gravatar.com\/avatar\/1aaa7b1baf759c8b40525f40af381cbaa2b0ddd554f57145bceb0654ba45b4c0?s=96&d=mm&r=g","url":"https:\/\/secure.gravatar.com\/avatar\/1aaa7b1baf759c8b40525f40af381cbaa2b0ddd554f57145bceb0654ba45b4c0?s=96&d=mm&r=g","contentUrl":"https:\/\/secure.gravatar.com\/avatar\/1aaa7b1baf759c8b40525f40af381cbaa2b0ddd554f57145bceb0654ba45b4c0?s=96&d=mm&r=g","caption":"Herv\u00e9 Asse"}}]}},"_links":{"self":[{"href":"https:\/\/www.lamennais.org\/es\/wp-json\/wp\/v2\/posts\/10789","targetHints":{"allow":["GET"]}}],"collection":[{"href":"https:\/\/www.lamennais.org\/es\/wp-json\/wp\/v2\/posts"}],"about":[{"href":"https:\/\/www.lamennais.org\/es\/wp-json\/wp\/v2\/types\/post"}],"author":[{"embeddable":true,"href":"https:\/\/www.lamennais.org\/es\/wp-json\/wp\/v2\/users\/3"}],"replies":[{"embeddable":true,"href":"https:\/\/www.lamennais.org\/es\/wp-json\/wp\/v2\/comments?post=10789"}],"version-history":[{"count":1,"href":"https:\/\/www.lamennais.org\/es\/wp-json\/wp\/v2\/posts\/10789\/revisions"}],"predecessor-version":[{"id":10853,"href":"https:\/\/www.lamennais.org\/es\/wp-json\/wp\/v2\/posts\/10789\/revisions\/10853"}],"wp:attachment":[{"href":"https:\/\/www.lamennais.org\/es\/wp-json\/wp\/v2\/media?parent=10789"}],"wp:term":[{"taxonomy":"category","embeddable":true,"href":"https:\/\/www.lamennais.org\/es\/wp-json\/wp\/v2\/categories?post=10789"},{"taxonomy":"post_tag","embeddable":true,"href":"https:\/\/www.lamennais.org\/es\/wp-json\/wp\/v2\/tags?post=10789"}],"curies":[{"name":"wp","href":"https:\/\/api.w.org\/{rel}","templated":true}]}}