{"id":20574,"date":"2019-04-29T08:10:19","date_gmt":"2019-04-29T06:10:19","guid":{"rendered":"http:\/\/www.lamennais.org\/events\/conseil-general-ploermel\/"},"modified":"2019-04-29T08:20:39","modified_gmt":"2019-04-29T06:20:39","slug":"conseil-general-ploermel","status":"publish","type":"post_events","link":"https:\/\/www.lamennais.org\/es\/events\/conseil-general-ploermel\/","title":{"rendered":"Consejo general- Plo\u00ebrmel"},"content":{"rendered":"<p>El Consejo General tendr\u00e1 su sesi\u00f3n ordinaria entre <strong>el 13 de Mayo a 14 de Junio<\/strong> en la Casa Madre de Plo\u00ebrmel.<\/p>\n<p><em><br \/>\n<\/em>Participar\u00e1 a las actividades del <a href=\"https:\/\/youtu.be\/srsLwF-wj7Y\" target=\"_blank\" rel=\"noopener noreferrer\">Congreso educativo Menesiano<\/a> de la Provincia San Juan Bautista, y inaugurar\u00e1 el a\u00f1o del Bicentenario el <strong>2 de Junio.<\/strong><\/p>\n","protected":false},"excerpt":{"rendered":"<p>El Consejo General tendr\u00e1 su sesi\u00f3n ordinaria entre el 13 de Mayo a 14 de Junio en la Casa Madre de Plo\u00ebrmel. Participar\u00e1 a las actividades del Congreso educativo Menesiano de la Provincia San Juan Bautista, y inaugurar\u00e1 el a\u00f1o del Bicentenario el 2 de Junio.<\/p>\n","protected":false},"author":3,"featured_media":0,"template":"","meta":[],"wpl_events_category":[249],"class_list":["post-20574","post_events","type-post_events","status-publish","hentry","wpl_events_category-encuentros"],"yoast_head":"<!-- This site is optimized with the Yoast SEO plugin v27.5 - https:\/\/yoast.com\/product\/yoast-seo-wordpress\/ -->\n<title>Consejo general- Plo\u00ebrmel - LaMennais.org<\/title>\n<meta name=\"robots\" content=\"index, follow, max-snippet:-1, max-image-preview:large, max-video-preview:-1\" \/>\n<link rel=\"canonical\" href=\"https:\/\/www.lamennais.org\/events\/conseil-general-ploermel\/?lang=es\" \/>\n<meta property=\"og:locale\" content=\"es_ES\" \/>\n<meta property=\"og:type\" content=\"article\" \/>\n<meta property=\"og:title\" content=\"Consejo general- Plo\u00ebrmel - LaMennais.org\" \/>\n<meta property=\"og:description\" content=\"El Consejo General tendr\u00e1 su sesi\u00f3n ordinaria entre el 13 de Mayo a 14 de Junio en la Casa Madre de Plo\u00ebrmel. Participar\u00e1 a las actividades del Congreso educativo Menesiano de la Provincia San Juan Bautista, y inaugurar\u00e1 el a\u00f1o del Bicentenario el 2 de Junio.\" \/>\n<meta property=\"og:url\" content=\"https:\/\/www.lamennais.org\/events\/conseil-general-ploermel\/?lang=es\" \/>\n<meta property=\"og:site_name\" content=\"LaMennais.org\" \/>\n<meta property=\"article:modified_time\" content=\"2019-04-29T06:20:39+00:00\" \/>\n<meta name=\"twitter:card\" content=\"summary_large_image\" \/>\n<script type=\"application\/ld+json\" class=\"yoast-schema-graph\">{\"@context\":\"https:\\\/\\\/schema.org\",\"@graph\":[{\"@type\":\"WebPage\",\"@id\":\"https:\\\/\\\/www.lamennais.org\\\/events\\\/conseil-general-ploermel\\\/?lang=es\",\"url\":\"https:\\\/\\\/www.lamennais.org\\\/events\\\/conseil-general-ploermel\\\/?lang=es\",\"name\":\"Consejo general- Plo\u00ebrmel - LaMennais.org\",\"isPartOf\":{\"@id\":\"https:\\\/\\\/www.lamennais.org\\\/#website\"},\"datePublished\":\"2019-04-29T06:10:19+00:00\",\"dateModified\":\"2019-04-29T06:20:39+00:00\",\"breadcrumb\":{\"@id\":\"https:\\\/\\\/www.lamennais.org\\\/events\\\/conseil-general-ploermel\\\/?lang=es#breadcrumb\"},\"inLanguage\":\"es\",\"potentialAction\":[{\"@type\":\"ReadAction\",\"target\":[\"https:\\\/\\\/www.lamennais.org\\\/events\\\/conseil-general-ploermel\\\/?lang=es\"]}]},{\"@type\":\"BreadcrumbList\",\"@id\":\"https:\\\/\\\/www.lamennais.org\\\/events\\\/conseil-general-ploermel\\\/?lang=es#breadcrumb\",\"itemListElement\":[{\"@type\":\"ListItem\",\"position\":1,\"name\":\"Accueil\",\"item\":\"https:\\\/\\\/www.lamennais.org\\\/\"},{\"@type\":\"ListItem\",\"position\":2,\"name\":\"Consejo general- Plo\u00ebrmel\"}]},{\"@type\":\"WebSite\",\"@id\":\"https:\\\/\\\/www.lamennais.org\\\/#website\",\"url\":\"https:\\\/\\\/www.lamennais.org\\\/\",\"name\":\"LaMennais.org\",\"description\":\"Fr\u00e8res de l&#039;Instruction Chr\u00e9tienne et Famille Mennaisienne\",\"potentialAction\":[{\"@type\":\"SearchAction\",\"target\":{\"@type\":\"EntryPoint\",\"urlTemplate\":\"https:\\\/\\\/www.lamennais.org\\\/?s={search_term_string}\"},\"query-input\":{\"@type\":\"PropertyValueSpecification\",\"valueRequired\":true,\"valueName\":\"search_term_string\"}}],\"inLanguage\":\"es\"}]}<\/script>\n<!-- \/ Yoast SEO plugin. -->","yoast_head_json":{"title":"Consejo general- Plo\u00ebrmel - LaMennais.org","robots":{"index":"index","follow":"follow","max-snippet":"max-snippet:-1","max-image-preview":"max-image-preview:large","max-video-preview":"max-video-preview:-1"},"canonical":"https:\/\/www.lamennais.org\/events\/conseil-general-ploermel\/?lang=es","og_locale":"es_ES","og_type":"article","og_title":"Consejo general- Plo\u00ebrmel - LaMennais.org","og_description":"El Consejo General tendr\u00e1 su sesi\u00f3n ordinaria entre el 13 de Mayo a 14 de Junio en la Casa Madre de Plo\u00ebrmel. Participar\u00e1 a las actividades del Congreso educativo Menesiano de la Provincia San Juan Bautista, y inaugurar\u00e1 el a\u00f1o del Bicentenario el 2 de Junio.","og_url":"https:\/\/www.lamennais.org\/events\/conseil-general-ploermel\/?lang=es","og_site_name":"LaMennais.org","article_modified_time":"2019-04-29T06:20:39+00:00","twitter_card":"summary_large_image","schema":{"@context":"https:\/\/schema.org","@graph":[{"@type":"WebPage","@id":"https:\/\/www.lamennais.org\/events\/conseil-general-ploermel\/?lang=es","url":"https:\/\/www.lamennais.org\/events\/conseil-general-ploermel\/?lang=es","name":"Consejo general- Plo\u00ebrmel - LaMennais.org","isPartOf":{"@id":"https:\/\/www.lamennais.org\/#website"},"datePublished":"2019-04-29T06:10:19+00:00","dateModified":"2019-04-29T06:20:39+00:00","breadcrumb":{"@id":"https:\/\/www.lamennais.org\/events\/conseil-general-ploermel\/?lang=es#breadcrumb"},"inLanguage":"es","potentialAction":[{"@type":"ReadAction","target":["https:\/\/www.lamennais.org\/events\/conseil-general-ploermel\/?lang=es"]}]},{"@type":"BreadcrumbList","@id":"https:\/\/www.lamennais.org\/events\/conseil-general-ploermel\/?lang=es#breadcrumb","itemListElement":[{"@type":"ListItem","position":1,"name":"Accueil","item":"https:\/\/www.lamennais.org\/"},{"@type":"ListItem","position":2,"name":"Consejo general- Plo\u00ebrmel"}]},{"@type":"WebSite","@id":"https:\/\/www.lamennais.org\/#website","url":"https:\/\/www.lamennais.org\/","name":"LaMennais.org","description":"Fr\u00e8res de l&#039;Instruction Chr\u00e9tienne et Famille Mennaisienne","potentialAction":[{"@type":"SearchAction","target":{"@type":"EntryPoint","urlTemplate":"https:\/\/www.lamennais.org\/?s={search_term_string}"},"query-input":{"@type":"PropertyValueSpecification","valueRequired":true,"valueName":"search_term_string"}}],"inLanguage":"es"}]}},"_links":{"self":[{"href":"https:\/\/www.lamennais.org\/es\/wp-json\/wp\/v2\/post_events\/20574","targetHints":{"allow":["GET"]}}],"collection":[{"href":"https:\/\/www.lamennais.org\/es\/wp-json\/wp\/v2\/post_events"}],"about":[{"href":"https:\/\/www.lamennais.org\/es\/wp-json\/wp\/v2\/types\/post_events"}],"author":[{"embeddable":true,"href":"https:\/\/www.lamennais.org\/es\/wp-json\/wp\/v2\/users\/3"}],"version-history":[{"count":1,"href":"https:\/\/www.lamennais.org\/es\/wp-json\/wp\/v2\/post_events\/20574\/revisions"}],"predecessor-version":[{"id":20576,"href":"https:\/\/www.lamennais.org\/es\/wp-json\/wp\/v2\/post_events\/20574\/revisions\/20576"}],"wp:attachment":[{"href":"https:\/\/www.lamennais.org\/es\/wp-json\/wp\/v2\/media?parent=20574"}],"wp:term":[{"taxonomy":"wpl_events_category","embeddable":true,"href":"https:\/\/www.lamennais.org\/es\/wp-json\/wp\/v2\/wpl_events_category?post=20574"}],"curies":[{"name":"wp","href":"https:\/\/api.w.org\/{rel}","templated":true}]}}