{"id":12385,"date":"2017-06-03T16:40:35","date_gmt":"2017-06-03T14:40:35","guid":{"rendered":"http:\/\/www.lamennais.org\/?post_type=post_events&#038;p=12385"},"modified":"2017-06-03T17:03:52","modified_gmt":"2017-06-03T15:03:52","slug":"formacion-internacional-ploermel","status":"publish","type":"post_events","link":"https:\/\/www.lamennais.org\/es\/events\/formacion-internacional-ploermel\/","title":{"rendered":"Formaci\u00f3n internacional &#8211; Plo\u00ebrmel"},"content":{"rendered":"<div id=\"attachment_8045\" style=\"width: 310px\" class=\"wp-caption alignleft\"><img fetchpriority=\"high\" decoding=\"async\" aria-describedby=\"caption-attachment-8045\" class=\"wp-image-8045 size-medium\" src=\"http:\/\/www.lamennais.org\/wp-content\/uploads\/2016\/09\/Chesnaie-2016-1-1024x654-300x192.jpg\" alt=\"\" width=\"300\" height=\"192\" srcset=\"https:\/\/www.lamennais.org\/wp-content\/uploads\/2016\/09\/Chesnaie-2016-1-1024x654-300x192.jpg 300w, https:\/\/www.lamennais.org\/wp-content\/uploads\/2016\/09\/Chesnaie-2016-1-1024x654-768x491.jpg 768w, https:\/\/www.lamennais.org\/wp-content\/uploads\/2016\/09\/Chesnaie-2016-1-1024x654.jpg 1024w, https:\/\/www.lamennais.org\/wp-content\/uploads\/2016\/09\/Chesnaie-2016-1-1024x654-260x166.jpg 260w\" sizes=\"(max-width: 300px) 100vw, 300px\" \/><p id=\"caption-attachment-8045\" class=\"wp-caption-text\">Grupo de formaci\u00f3n (verano 2016) en La Chesnaie<\/p><\/div>\n<p><span id=\"tran0\">A partir del 14 de julio, <\/span><span id=\"tran0\">una sesi\u00f3n internacional de formaci\u00f3n permanente <\/span><span id=\"tran0\">tendr\u00e1 lugar en la Casa Madre de Plo\u00ebrmel, para Hermanos\u00a0 de m\u00e1s de 35 a\u00f1os <\/span><span id=\"tran0\">de edad<\/span><span id=\"tran0\">.<\/span><\/p>\n<ul>\n<li><span id=\"tran1\">Tiempos de vida y de intercambio en<\/span><span id=\"tran1\"> la Casa Madre<\/span><\/li>\n<li><span id=\"tran1\">Tiempos de visitas sobre los lugares menesianos<\/span><\/li>\n<li><span id=\"tran1\">Tiempo de retiro en un monasterio<\/span><\/li>\n<li><span id=\"tran1\">visitas de comunidades <\/span><\/li>\n<li><span id=\"tran1\">Fin de la sesi\u00f3n: en Par\u00eds sobre los lugares donde el Padre de la Mennais vivi\u00f3.<\/span>\n<p><span id=\"tran2\"><\/span><span id=\"tran2\">Es una verdaera suerte que de vivir esta experiencia internacional, entre Hermanos, al principio de las celebraciones del Bicentenario, en el coraz\u00f3n de la Casa Madre.<\/span><\/li>\n<\/ul>\n","protected":false},"excerpt":{"rendered":"<p>A partir del 14 de julio, una sesi\u00f3n internacional de formaci\u00f3n permanente tendr\u00e1 lugar en la Casa Madre de Plo\u00ebrmel, para Hermanos\u00a0 de m\u00e1s de 35 a\u00f1os de edad. Tiempos de vida y de intercambio en la Casa Madre Tiempos de visitas sobre los lugares menesianos Tiempo de retiro en un monasterio visitas de comunidades [&hellip;]<\/p>\n","protected":false},"author":3,"featured_media":0,"template":"","meta":[],"wpl_events_category":[],"class_list":["post-12385","post_events","type-post_events","status-publish","hentry"],"yoast_head":"<!-- This site is optimized with the Yoast SEO plugin v27.5 - https:\/\/yoast.com\/product\/yoast-seo-wordpress\/ -->\n<title>Formaci\u00f3n internacional - Plo\u00ebrmel - LaMennais.org<\/title>\n<meta name=\"robots\" content=\"index, follow, max-snippet:-1, max-image-preview:large, max-video-preview:-1\" \/>\n<link rel=\"canonical\" href=\"https:\/\/www.lamennais.org\/events\/formacion-internacional-ploermel\/?lang=es\" \/>\n<meta property=\"og:locale\" content=\"es_ES\" \/>\n<meta property=\"og:type\" content=\"article\" \/>\n<meta property=\"og:title\" content=\"Formaci\u00f3n internacional - Plo\u00ebrmel - LaMennais.org\" \/>\n<meta property=\"og:description\" content=\"A partir del 14 de julio, una sesi\u00f3n internacional de formaci\u00f3n permanente tendr\u00e1 lugar en la Casa Madre de Plo\u00ebrmel, para Hermanos\u00a0 de m\u00e1s de 35 a\u00f1os de edad. Tiempos de vida y de intercambio en la Casa Madre Tiempos de visitas sobre los lugares menesianos Tiempo de retiro en un monasterio visitas de comunidades [&hellip;]\" \/>\n<meta property=\"og:url\" content=\"https:\/\/www.lamennais.org\/events\/formacion-internacional-ploermel\/?lang=es\" \/>\n<meta property=\"og:site_name\" content=\"LaMennais.org\" \/>\n<meta property=\"article:modified_time\" content=\"2017-06-03T15:03:52+00:00\" \/>\n<meta property=\"og:image\" content=\"http:\/\/www.lamennais.org\/wp-content\/uploads\/2016\/09\/Chesnaie-2016-1-1024x654-300x192.jpg\" \/>\n<meta name=\"twitter:card\" content=\"summary_large_image\" \/>\n<meta name=\"twitter:label1\" content=\"Tiempo de lectura\" \/>\n\t<meta name=\"twitter:data1\" content=\"1 minuto\" \/>\n<script type=\"application\/ld+json\" class=\"yoast-schema-graph\">{\"@context\":\"https:\\\/\\\/schema.org\",\"@graph\":[{\"@type\":\"WebPage\",\"@id\":\"https:\\\/\\\/www.lamennais.org\\\/events\\\/formacion-internacional-ploermel\\\/?lang=es\",\"url\":\"https:\\\/\\\/www.lamennais.org\\\/events\\\/formacion-internacional-ploermel\\\/?lang=es\",\"name\":\"Formaci\u00f3n internacional - Plo\u00ebrmel - LaMennais.org\",\"isPartOf\":{\"@id\":\"https:\\\/\\\/www.lamennais.org\\\/#website\"},\"primaryImageOfPage\":{\"@id\":\"https:\\\/\\\/www.lamennais.org\\\/events\\\/formacion-internacional-ploermel\\\/?lang=es#primaryimage\"},\"image\":{\"@id\":\"https:\\\/\\\/www.lamennais.org\\\/events\\\/formacion-internacional-ploermel\\\/?lang=es#primaryimage\"},\"thumbnailUrl\":\"http:\\\/\\\/www.lamennais.org\\\/wp-content\\\/uploads\\\/2016\\\/09\\\/Chesnaie-2016-1-1024x654-300x192.jpg\",\"datePublished\":\"2017-06-03T14:40:35+00:00\",\"dateModified\":\"2017-06-03T15:03:52+00:00\",\"breadcrumb\":{\"@id\":\"https:\\\/\\\/www.lamennais.org\\\/events\\\/formacion-internacional-ploermel\\\/?lang=es#breadcrumb\"},\"inLanguage\":\"es\",\"potentialAction\":[{\"@type\":\"ReadAction\",\"target\":[\"https:\\\/\\\/www.lamennais.org\\\/events\\\/formacion-internacional-ploermel\\\/?lang=es\"]}]},{\"@type\":\"ImageObject\",\"inLanguage\":\"es\",\"@id\":\"https:\\\/\\\/www.lamennais.org\\\/events\\\/formacion-internacional-ploermel\\\/?lang=es#primaryimage\",\"url\":\"http:\\\/\\\/www.lamennais.org\\\/wp-content\\\/uploads\\\/2016\\\/09\\\/Chesnaie-2016-1-1024x654-300x192.jpg\",\"contentUrl\":\"http:\\\/\\\/www.lamennais.org\\\/wp-content\\\/uploads\\\/2016\\\/09\\\/Chesnaie-2016-1-1024x654-300x192.jpg\"},{\"@type\":\"BreadcrumbList\",\"@id\":\"https:\\\/\\\/www.lamennais.org\\\/events\\\/formacion-internacional-ploermel\\\/?lang=es#breadcrumb\",\"itemListElement\":[{\"@type\":\"ListItem\",\"position\":1,\"name\":\"Accueil\",\"item\":\"https:\\\/\\\/www.lamennais.org\\\/\"},{\"@type\":\"ListItem\",\"position\":2,\"name\":\"Formaci\u00f3n internacional &#8211; Plo\u00ebrmel\"}]},{\"@type\":\"WebSite\",\"@id\":\"https:\\\/\\\/www.lamennais.org\\\/#website\",\"url\":\"https:\\\/\\\/www.lamennais.org\\\/\",\"name\":\"LaMennais.org\",\"description\":\"Fr\u00e8res de l&#039;Instruction Chr\u00e9tienne et Famille Mennaisienne\",\"potentialAction\":[{\"@type\":\"SearchAction\",\"target\":{\"@type\":\"EntryPoint\",\"urlTemplate\":\"https:\\\/\\\/www.lamennais.org\\\/?s={search_term_string}\"},\"query-input\":{\"@type\":\"PropertyValueSpecification\",\"valueRequired\":true,\"valueName\":\"search_term_string\"}}],\"inLanguage\":\"es\"}]}<\/script>\n<!-- \/ Yoast SEO plugin. -->","yoast_head_json":{"title":"Formaci\u00f3n internacional - Plo\u00ebrmel - LaMennais.org","robots":{"index":"index","follow":"follow","max-snippet":"max-snippet:-1","max-image-preview":"max-image-preview:large","max-video-preview":"max-video-preview:-1"},"canonical":"https:\/\/www.lamennais.org\/events\/formacion-internacional-ploermel\/?lang=es","og_locale":"es_ES","og_type":"article","og_title":"Formaci\u00f3n internacional - Plo\u00ebrmel - LaMennais.org","og_description":"A partir del 14 de julio, una sesi\u00f3n internacional de formaci\u00f3n permanente tendr\u00e1 lugar en la Casa Madre de Plo\u00ebrmel, para Hermanos\u00a0 de m\u00e1s de 35 a\u00f1os de edad. Tiempos de vida y de intercambio en la Casa Madre Tiempos de visitas sobre los lugares menesianos Tiempo de retiro en un monasterio visitas de comunidades [&hellip;]","og_url":"https:\/\/www.lamennais.org\/events\/formacion-internacional-ploermel\/?lang=es","og_site_name":"LaMennais.org","article_modified_time":"2017-06-03T15:03:52+00:00","og_image":[{"url":"http:\/\/www.lamennais.org\/wp-content\/uploads\/2016\/09\/Chesnaie-2016-1-1024x654-300x192.jpg","type":"","width":"","height":""}],"twitter_card":"summary_large_image","twitter_misc":{"Tiempo de lectura":"1 minuto"},"schema":{"@context":"https:\/\/schema.org","@graph":[{"@type":"WebPage","@id":"https:\/\/www.lamennais.org\/events\/formacion-internacional-ploermel\/?lang=es","url":"https:\/\/www.lamennais.org\/events\/formacion-internacional-ploermel\/?lang=es","name":"Formaci\u00f3n internacional - Plo\u00ebrmel - LaMennais.org","isPartOf":{"@id":"https:\/\/www.lamennais.org\/#website"},"primaryImageOfPage":{"@id":"https:\/\/www.lamennais.org\/events\/formacion-internacional-ploermel\/?lang=es#primaryimage"},"image":{"@id":"https:\/\/www.lamennais.org\/events\/formacion-internacional-ploermel\/?lang=es#primaryimage"},"thumbnailUrl":"http:\/\/www.lamennais.org\/wp-content\/uploads\/2016\/09\/Chesnaie-2016-1-1024x654-300x192.jpg","datePublished":"2017-06-03T14:40:35+00:00","dateModified":"2017-06-03T15:03:52+00:00","breadcrumb":{"@id":"https:\/\/www.lamennais.org\/events\/formacion-internacional-ploermel\/?lang=es#breadcrumb"},"inLanguage":"es","potentialAction":[{"@type":"ReadAction","target":["https:\/\/www.lamennais.org\/events\/formacion-internacional-ploermel\/?lang=es"]}]},{"@type":"ImageObject","inLanguage":"es","@id":"https:\/\/www.lamennais.org\/events\/formacion-internacional-ploermel\/?lang=es#primaryimage","url":"http:\/\/www.lamennais.org\/wp-content\/uploads\/2016\/09\/Chesnaie-2016-1-1024x654-300x192.jpg","contentUrl":"http:\/\/www.lamennais.org\/wp-content\/uploads\/2016\/09\/Chesnaie-2016-1-1024x654-300x192.jpg"},{"@type":"BreadcrumbList","@id":"https:\/\/www.lamennais.org\/events\/formacion-internacional-ploermel\/?lang=es#breadcrumb","itemListElement":[{"@type":"ListItem","position":1,"name":"Accueil","item":"https:\/\/www.lamennais.org\/"},{"@type":"ListItem","position":2,"name":"Formaci\u00f3n internacional &#8211; Plo\u00ebrmel"}]},{"@type":"WebSite","@id":"https:\/\/www.lamennais.org\/#website","url":"https:\/\/www.lamennais.org\/","name":"LaMennais.org","description":"Fr\u00e8res de l&#039;Instruction Chr\u00e9tienne et Famille Mennaisienne","potentialAction":[{"@type":"SearchAction","target":{"@type":"EntryPoint","urlTemplate":"https:\/\/www.lamennais.org\/?s={search_term_string}"},"query-input":{"@type":"PropertyValueSpecification","valueRequired":true,"valueName":"search_term_string"}}],"inLanguage":"es"}]}},"_links":{"self":[{"href":"https:\/\/www.lamennais.org\/es\/wp-json\/wp\/v2\/post_events\/12385","targetHints":{"allow":["GET"]}}],"collection":[{"href":"https:\/\/www.lamennais.org\/es\/wp-json\/wp\/v2\/post_events"}],"about":[{"href":"https:\/\/www.lamennais.org\/es\/wp-json\/wp\/v2\/types\/post_events"}],"author":[{"embeddable":true,"href":"https:\/\/www.lamennais.org\/es\/wp-json\/wp\/v2\/users\/3"}],"version-history":[{"count":0,"href":"https:\/\/www.lamennais.org\/es\/wp-json\/wp\/v2\/post_events\/12385\/revisions"}],"wp:attachment":[{"href":"https:\/\/www.lamennais.org\/es\/wp-json\/wp\/v2\/media?parent=12385"}],"wp:term":[{"taxonomy":"wpl_events_category","embeddable":true,"href":"https:\/\/www.lamennais.org\/es\/wp-json\/wp\/v2\/wpl_events_category?post=12385"}],"curies":[{"name":"wp","href":"https:\/\/api.w.org\/{rel}","templated":true}]}}