{"id":10860,"date":"2017-03-02T16:12:20","date_gmt":"2017-03-02T15:12:20","guid":{"rendered":"http:\/\/www.lamennais.org\/?post_type=post_events&#038;p=10860"},"modified":"2017-03-04T17:56:54","modified_gmt":"2017-03-04T16:56:54","slug":"opening-of-the-first-year-of-the-bicentennial-celebrations","status":"publish","type":"post_events","link":"https:\/\/www.lamennais.org\/es\/events\/opening-of-the-first-year-of-the-bicentennial-celebrations\/","title":{"rendered":"Apertura del primer a\u00f1o de las celebraciones del Bicentenario"},"content":{"rendered":"<p><img fetchpriority=\"high\" decoding=\"async\" class=\"alignleft size-medium wp-image-10858\" src=\"http:\/\/www.lamennais.org\/wp-content\/uploads\/2017\/03\/18017-2017-236x300.jpg\" alt=\"\" width=\"236\" height=\"300\" srcset=\"https:\/\/www.lamennais.org\/wp-content\/uploads\/2017\/03\/18017-2017-236x300.jpg 236w, https:\/\/www.lamennais.org\/wp-content\/uploads\/2017\/03\/18017-2017-260x330.jpg 260w, https:\/\/www.lamennais.org\/wp-content\/uploads\/2017\/03\/18017-2017.jpg 551w\" sizes=\"(max-width: 236px) 100vw, 236px\" \/><\/p>\n<p>&nbsp;<\/p>\n<p>Apertura del primer a\u00f1o de las celebraciones del Bicentenario tendr\u00e1 lugar oficialmente el <strong>6<u> de junio de 2017<\/u><\/strong>, mediante un<strong><u> primer v\u00eddeo-mensaje del Superior General<\/u><\/strong> en la p\u00e1gina Web de la Congregaci\u00f3n.<\/p>\n","protected":false},"excerpt":{"rendered":"<p>&nbsp; Apertura del primer a\u00f1o de las celebraciones del Bicentenario tendr\u00e1 lugar oficialmente el 6 de junio de 2017, mediante un primer v\u00eddeo-mensaje del Superior General en la p\u00e1gina Web de la Congregaci\u00f3n.<\/p>\n","protected":false},"author":3,"featured_media":0,"template":"","meta":[],"wpl_events_category":[249],"class_list":["post-10860","post_events","type-post_events","status-publish","hentry","wpl_events_category-encuentros"],"yoast_head":"<!-- This site is optimized with the Yoast SEO plugin v27.5 - https:\/\/yoast.com\/product\/yoast-seo-wordpress\/ -->\n<title>Apertura del primer a\u00f1o de las celebraciones del Bicentenario - LaMennais.org<\/title>\n<meta name=\"robots\" content=\"index, follow, max-snippet:-1, max-image-preview:large, max-video-preview:-1\" \/>\n<link rel=\"canonical\" href=\"https:\/\/www.lamennais.org\/events\/opening-of-the-first-year-of-the-bicentennial-celebrations\/?lang=es\" \/>\n<meta property=\"og:locale\" content=\"es_ES\" \/>\n<meta property=\"og:type\" content=\"article\" \/>\n<meta property=\"og:title\" content=\"Apertura del primer a\u00f1o de las celebraciones del Bicentenario - LaMennais.org\" \/>\n<meta property=\"og:description\" content=\"&nbsp; Apertura del primer a\u00f1o de las celebraciones del Bicentenario tendr\u00e1 lugar oficialmente el 6 de junio de 2017, mediante un primer v\u00eddeo-mensaje del Superior General en la p\u00e1gina Web de la Congregaci\u00f3n.\" \/>\n<meta property=\"og:url\" content=\"https:\/\/www.lamennais.org\/events\/opening-of-the-first-year-of-the-bicentennial-celebrations\/?lang=es\" \/>\n<meta property=\"og:site_name\" content=\"LaMennais.org\" \/>\n<meta property=\"article:modified_time\" content=\"2017-03-04T16:56:54+00:00\" \/>\n<meta property=\"og:image\" content=\"http:\/\/www.lamennais.org\/wp-content\/uploads\/2017\/03\/18017-2017-236x300.jpg\" \/>\n<meta name=\"twitter:card\" content=\"summary_large_image\" \/>\n<script type=\"application\/ld+json\" class=\"yoast-schema-graph\">{\"@context\":\"https:\\\/\\\/schema.org\",\"@graph\":[{\"@type\":\"WebPage\",\"@id\":\"https:\\\/\\\/www.lamennais.org\\\/events\\\/opening-of-the-first-year-of-the-bicentennial-celebrations\\\/?lang=es\",\"url\":\"https:\\\/\\\/www.lamennais.org\\\/events\\\/opening-of-the-first-year-of-the-bicentennial-celebrations\\\/?lang=es\",\"name\":\"Apertura del primer a\u00f1o de las celebraciones del Bicentenario - LaMennais.org\",\"isPartOf\":{\"@id\":\"https:\\\/\\\/www.lamennais.org\\\/#website\"},\"primaryImageOfPage\":{\"@id\":\"https:\\\/\\\/www.lamennais.org\\\/events\\\/opening-of-the-first-year-of-the-bicentennial-celebrations\\\/?lang=es#primaryimage\"},\"image\":{\"@id\":\"https:\\\/\\\/www.lamennais.org\\\/events\\\/opening-of-the-first-year-of-the-bicentennial-celebrations\\\/?lang=es#primaryimage\"},\"thumbnailUrl\":\"http:\\\/\\\/www.lamennais.org\\\/wp-content\\\/uploads\\\/2017\\\/03\\\/18017-2017-236x300.jpg\",\"datePublished\":\"2017-03-02T15:12:20+00:00\",\"dateModified\":\"2017-03-04T16:56:54+00:00\",\"breadcrumb\":{\"@id\":\"https:\\\/\\\/www.lamennais.org\\\/events\\\/opening-of-the-first-year-of-the-bicentennial-celebrations\\\/?lang=es#breadcrumb\"},\"inLanguage\":\"es\",\"potentialAction\":[{\"@type\":\"ReadAction\",\"target\":[\"https:\\\/\\\/www.lamennais.org\\\/events\\\/opening-of-the-first-year-of-the-bicentennial-celebrations\\\/?lang=es\"]}]},{\"@type\":\"ImageObject\",\"inLanguage\":\"es\",\"@id\":\"https:\\\/\\\/www.lamennais.org\\\/events\\\/opening-of-the-first-year-of-the-bicentennial-celebrations\\\/?lang=es#primaryimage\",\"url\":\"http:\\\/\\\/www.lamennais.org\\\/wp-content\\\/uploads\\\/2017\\\/03\\\/18017-2017-236x300.jpg\",\"contentUrl\":\"http:\\\/\\\/www.lamennais.org\\\/wp-content\\\/uploads\\\/2017\\\/03\\\/18017-2017-236x300.jpg\"},{\"@type\":\"BreadcrumbList\",\"@id\":\"https:\\\/\\\/www.lamennais.org\\\/events\\\/opening-of-the-first-year-of-the-bicentennial-celebrations\\\/?lang=es#breadcrumb\",\"itemListElement\":[{\"@type\":\"ListItem\",\"position\":1,\"name\":\"Accueil\",\"item\":\"https:\\\/\\\/www.lamennais.org\\\/\"},{\"@type\":\"ListItem\",\"position\":2,\"name\":\"Apertura del primer a\u00f1o de las celebraciones del Bicentenario\"}]},{\"@type\":\"WebSite\",\"@id\":\"https:\\\/\\\/www.lamennais.org\\\/#website\",\"url\":\"https:\\\/\\\/www.lamennais.org\\\/\",\"name\":\"LaMennais.org\",\"description\":\"Fr\u00e8res de l&#039;Instruction Chr\u00e9tienne et Famille Mennaisienne\",\"potentialAction\":[{\"@type\":\"SearchAction\",\"target\":{\"@type\":\"EntryPoint\",\"urlTemplate\":\"https:\\\/\\\/www.lamennais.org\\\/?s={search_term_string}\"},\"query-input\":{\"@type\":\"PropertyValueSpecification\",\"valueRequired\":true,\"valueName\":\"search_term_string\"}}],\"inLanguage\":\"es\"}]}<\/script>\n<!-- \/ Yoast SEO plugin. -->","yoast_head_json":{"title":"Apertura del primer a\u00f1o de las celebraciones del Bicentenario - LaMennais.org","robots":{"index":"index","follow":"follow","max-snippet":"max-snippet:-1","max-image-preview":"max-image-preview:large","max-video-preview":"max-video-preview:-1"},"canonical":"https:\/\/www.lamennais.org\/events\/opening-of-the-first-year-of-the-bicentennial-celebrations\/?lang=es","og_locale":"es_ES","og_type":"article","og_title":"Apertura del primer a\u00f1o de las celebraciones del Bicentenario - LaMennais.org","og_description":"&nbsp; Apertura del primer a\u00f1o de las celebraciones del Bicentenario tendr\u00e1 lugar oficialmente el 6 de junio de 2017, mediante un primer v\u00eddeo-mensaje del Superior General en la p\u00e1gina Web de la Congregaci\u00f3n.","og_url":"https:\/\/www.lamennais.org\/events\/opening-of-the-first-year-of-the-bicentennial-celebrations\/?lang=es","og_site_name":"LaMennais.org","article_modified_time":"2017-03-04T16:56:54+00:00","og_image":[{"url":"http:\/\/www.lamennais.org\/wp-content\/uploads\/2017\/03\/18017-2017-236x300.jpg","type":"","width":"","height":""}],"twitter_card":"summary_large_image","schema":{"@context":"https:\/\/schema.org","@graph":[{"@type":"WebPage","@id":"https:\/\/www.lamennais.org\/events\/opening-of-the-first-year-of-the-bicentennial-celebrations\/?lang=es","url":"https:\/\/www.lamennais.org\/events\/opening-of-the-first-year-of-the-bicentennial-celebrations\/?lang=es","name":"Apertura del primer a\u00f1o de las celebraciones del Bicentenario - LaMennais.org","isPartOf":{"@id":"https:\/\/www.lamennais.org\/#website"},"primaryImageOfPage":{"@id":"https:\/\/www.lamennais.org\/events\/opening-of-the-first-year-of-the-bicentennial-celebrations\/?lang=es#primaryimage"},"image":{"@id":"https:\/\/www.lamennais.org\/events\/opening-of-the-first-year-of-the-bicentennial-celebrations\/?lang=es#primaryimage"},"thumbnailUrl":"http:\/\/www.lamennais.org\/wp-content\/uploads\/2017\/03\/18017-2017-236x300.jpg","datePublished":"2017-03-02T15:12:20+00:00","dateModified":"2017-03-04T16:56:54+00:00","breadcrumb":{"@id":"https:\/\/www.lamennais.org\/events\/opening-of-the-first-year-of-the-bicentennial-celebrations\/?lang=es#breadcrumb"},"inLanguage":"es","potentialAction":[{"@type":"ReadAction","target":["https:\/\/www.lamennais.org\/events\/opening-of-the-first-year-of-the-bicentennial-celebrations\/?lang=es"]}]},{"@type":"ImageObject","inLanguage":"es","@id":"https:\/\/www.lamennais.org\/events\/opening-of-the-first-year-of-the-bicentennial-celebrations\/?lang=es#primaryimage","url":"http:\/\/www.lamennais.org\/wp-content\/uploads\/2017\/03\/18017-2017-236x300.jpg","contentUrl":"http:\/\/www.lamennais.org\/wp-content\/uploads\/2017\/03\/18017-2017-236x300.jpg"},{"@type":"BreadcrumbList","@id":"https:\/\/www.lamennais.org\/events\/opening-of-the-first-year-of-the-bicentennial-celebrations\/?lang=es#breadcrumb","itemListElement":[{"@type":"ListItem","position":1,"name":"Accueil","item":"https:\/\/www.lamennais.org\/"},{"@type":"ListItem","position":2,"name":"Apertura del primer a\u00f1o de las celebraciones del Bicentenario"}]},{"@type":"WebSite","@id":"https:\/\/www.lamennais.org\/#website","url":"https:\/\/www.lamennais.org\/","name":"LaMennais.org","description":"Fr\u00e8res de l&#039;Instruction Chr\u00e9tienne et Famille Mennaisienne","potentialAction":[{"@type":"SearchAction","target":{"@type":"EntryPoint","urlTemplate":"https:\/\/www.lamennais.org\/?s={search_term_string}"},"query-input":{"@type":"PropertyValueSpecification","valueRequired":true,"valueName":"search_term_string"}}],"inLanguage":"es"}]}},"_links":{"self":[{"href":"https:\/\/www.lamennais.org\/es\/wp-json\/wp\/v2\/post_events\/10860","targetHints":{"allow":["GET"]}}],"collection":[{"href":"https:\/\/www.lamennais.org\/es\/wp-json\/wp\/v2\/post_events"}],"about":[{"href":"https:\/\/www.lamennais.org\/es\/wp-json\/wp\/v2\/types\/post_events"}],"author":[{"embeddable":true,"href":"https:\/\/www.lamennais.org\/es\/wp-json\/wp\/v2\/users\/3"}],"version-history":[{"count":0,"href":"https:\/\/www.lamennais.org\/es\/wp-json\/wp\/v2\/post_events\/10860\/revisions"}],"wp:attachment":[{"href":"https:\/\/www.lamennais.org\/es\/wp-json\/wp\/v2\/media?parent=10860"}],"wp:term":[{"taxonomy":"wpl_events_category","embeddable":true,"href":"https:\/\/www.lamennais.org\/es\/wp-json\/wp\/v2\/wpl_events_category?post=10860"}],"curies":[{"name":"wp","href":"https:\/\/api.w.org\/{rel}","templated":true}]}}