{"id":52185,"date":"2026-09-03T13:56:04","date_gmt":"2026-09-03T11:56:04","guid":{"rendered":"https:\/\/www.lamennais.org\/?p=52185"},"modified":"2026-09-03T14:09:58","modified_gmt":"2026-09-03T12:09:58","slug":"uganda-nabinoonya-session-du-conseil-general","status":"publish","type":"post","link":"https:\/\/www.lamennais.org\/en\/uganda-nabinoonya-session-du-conseil-general\/","title":{"rendered":"Uganda \u2013 Nabinoonya : session du Conseil g\u00e9n\u00e9ral"},"content":{"rendered":"<p><strong><em>Tous les Fr\u00e8res du Conseil g\u00e9n\u00e9ral se sont retrouv\u00e9s \u00e0 Nabinoonya d\u00e8s le 29 ao\u00fbt, pour commencer la session ordinaire du Conseil g\u00e9n\u00e9ral\u00a0 le lundi 31 ao\u00fbt. Ce Conseil g\u00e9n\u00e9ral se d\u00e9roulera en 2 p\u00e9riodes : du 2 au 4 septembre en Ouganda puis elle se poursuivra \u00e0 Rome du 14 au 30 septembre.<\/em><\/strong><\/p>\n<table>\n<tbody>\n<tr>\n<td width=\"302\"><img fetchpriority=\"high\" decoding=\"async\" class=\"size-large wp-image-52190 aligncenter\" src=\"https:\/\/www.lamennais.org\/wp-content\/uploads\/2026\/09\/WhatsApp-Image-2026-09-02-at-15.26.10-1024x576.jpeg\" alt=\"\" width=\"860\" height=\"484\" srcset=\"https:\/\/www.lamennais.org\/wp-content\/uploads\/2026\/09\/WhatsApp-Image-2026-09-02-at-15.26.10-1024x576.jpeg 1024w, https:\/\/www.lamennais.org\/wp-content\/uploads\/2026\/09\/WhatsApp-Image-2026-09-02-at-15.26.10-300x169.jpeg 300w, https:\/\/www.lamennais.org\/wp-content\/uploads\/2026\/09\/WhatsApp-Image-2026-09-02-at-15.26.10-768x432.jpeg 768w, https:\/\/www.lamennais.org\/wp-content\/uploads\/2026\/09\/WhatsApp-Image-2026-09-02-at-15.26.10-1536x864.jpeg 1536w, https:\/\/www.lamennais.org\/wp-content\/uploads\/2026\/09\/WhatsApp-Image-2026-09-02-at-15.26.10-260x146.jpeg 260w, https:\/\/www.lamennais.org\/wp-content\/uploads\/2026\/09\/WhatsApp-Image-2026-09-02-at-15.26.10.jpeg 2016w\" sizes=\"(max-width: 860px) 100vw, 860px\" \/><\/td>\n<td width=\"302\"><img decoding=\"async\" class=\"size-large wp-image-52193 aligncenter\" src=\"https:\/\/www.lamennais.org\/wp-content\/uploads\/2026\/09\/WhatsApp-Image-2026-09-02-at-15.26.11-1-1024x576.jpeg\" alt=\"\" width=\"860\" height=\"484\" srcset=\"https:\/\/www.lamennais.org\/wp-content\/uploads\/2026\/09\/WhatsApp-Image-2026-09-02-at-15.26.11-1-1024x576.jpeg 1024w, https:\/\/www.lamennais.org\/wp-content\/uploads\/2026\/09\/WhatsApp-Image-2026-09-02-at-15.26.11-1-300x169.jpeg 300w, https:\/\/www.lamennais.org\/wp-content\/uploads\/2026\/09\/WhatsApp-Image-2026-09-02-at-15.26.11-1-768x432.jpeg 768w, https:\/\/www.lamennais.org\/wp-content\/uploads\/2026\/09\/WhatsApp-Image-2026-09-02-at-15.26.11-1-1536x864.jpeg 1536w, https:\/\/www.lamennais.org\/wp-content\/uploads\/2026\/09\/WhatsApp-Image-2026-09-02-at-15.26.11-1-260x146.jpeg 260w, https:\/\/www.lamennais.org\/wp-content\/uploads\/2026\/09\/WhatsApp-Image-2026-09-02-at-15.26.11-1.jpeg 2016w\" sizes=\"(max-width: 860px) 100vw, 860px\" \/><\/td>\n<\/tr>\n<\/tbody>\n<\/table>\n<p>Entre ces 2 temps, se tiendra la <strong><em>Conf\u00e9rence g\u00e9n\u00e9rale des Sup\u00e9rieurs majeurs<\/em><\/strong> de la Congr\u00e9gation, du 5 au 11 septembre au cours de laquelle se d\u00e9roulera<strong><em> la F\u00eate du Centenaire de la pr\u00e9sence des Fr\u00e8res en Ouganda le 5 septembre.<\/em><\/strong><\/p>\n<table>\n<tbody>\n<tr>\n<td width=\"302\"><img decoding=\"async\" class=\"size-large wp-image-52199 aligncenter\" src=\"https:\/\/www.lamennais.org\/wp-content\/uploads\/2026\/09\/WhatsApp-Image-2026-09-02-at-15.26.11-2-1024x576.jpeg\" alt=\"\" width=\"860\" height=\"484\" srcset=\"https:\/\/www.lamennais.org\/wp-content\/uploads\/2026\/09\/WhatsApp-Image-2026-09-02-at-15.26.11-2-1024x576.jpeg 1024w, https:\/\/www.lamennais.org\/wp-content\/uploads\/2026\/09\/WhatsApp-Image-2026-09-02-at-15.26.11-2-300x169.jpeg 300w, https:\/\/www.lamennais.org\/wp-content\/uploads\/2026\/09\/WhatsApp-Image-2026-09-02-at-15.26.11-2-768x432.jpeg 768w, https:\/\/www.lamennais.org\/wp-content\/uploads\/2026\/09\/WhatsApp-Image-2026-09-02-at-15.26.11-2-1536x864.jpeg 1536w, https:\/\/www.lamennais.org\/wp-content\/uploads\/2026\/09\/WhatsApp-Image-2026-09-02-at-15.26.11-2-260x146.jpeg 260w, https:\/\/www.lamennais.org\/wp-content\/uploads\/2026\/09\/WhatsApp-Image-2026-09-02-at-15.26.11-2.jpeg 2016w\" sizes=\"(max-width: 860px) 100vw, 860px\" \/><\/td>\n<td width=\"302\"><img loading=\"lazy\" decoding=\"async\" class=\"size-large wp-image-52196 aligncenter\" src=\"https:\/\/www.lamennais.org\/wp-content\/uploads\/2026\/09\/WhatsApp-Image-2026-09-02-at-15.26.09-1024x576.jpeg\" alt=\"\" width=\"860\" height=\"484\" srcset=\"https:\/\/www.lamennais.org\/wp-content\/uploads\/2026\/09\/WhatsApp-Image-2026-09-02-at-15.26.09-1024x576.jpeg 1024w, https:\/\/www.lamennais.org\/wp-content\/uploads\/2026\/09\/WhatsApp-Image-2026-09-02-at-15.26.09-300x169.jpeg 300w, https:\/\/www.lamennais.org\/wp-content\/uploads\/2026\/09\/WhatsApp-Image-2026-09-02-at-15.26.09-768x432.jpeg 768w, https:\/\/www.lamennais.org\/wp-content\/uploads\/2026\/09\/WhatsApp-Image-2026-09-02-at-15.26.09-1536x864.jpeg 1536w, https:\/\/www.lamennais.org\/wp-content\/uploads\/2026\/09\/WhatsApp-Image-2026-09-02-at-15.26.09-260x146.jpeg 260w, https:\/\/www.lamennais.org\/wp-content\/uploads\/2026\/09\/WhatsApp-Image-2026-09-02-at-15.26.09.jpeg 2016w\" sizes=\"(max-width: 860px) 100vw, 860px\" \/><\/td>\n<\/tr>\n<\/tbody>\n<\/table>\n<p>Ceux qui connaissent le <strong>site de Nabinoonya<\/strong> reconna\u00eetront qu\u2019il est sans doute difficile de trouver meilleur endroit pour le repos, la r\u00e9flexion et le partage fraternel. Un paradis situ\u00e9 sur les rives du Lac Victoria, une v\u00e9ritable cath\u00e9drale de verdure, o\u00f9 hommes et animaux vivent en parfaite osmose, pour la joie de tous !<\/p>\n<table>\n<tbody>\n<tr>\n<td width=\"201\"><img loading=\"lazy\" decoding=\"async\" class=\"size-large wp-image-52205 aligncenter\" src=\"https:\/\/www.lamennais.org\/wp-content\/uploads\/2026\/09\/WhatsApp-Image-2026-09-02-at-15.26.08-576x1024.jpeg\" alt=\"\" width=\"576\" height=\"1024\" srcset=\"https:\/\/www.lamennais.org\/wp-content\/uploads\/2026\/09\/WhatsApp-Image-2026-09-02-at-15.26.08-576x1024.jpeg 576w, https:\/\/www.lamennais.org\/wp-content\/uploads\/2026\/09\/WhatsApp-Image-2026-09-02-at-15.26.08-169x300.jpeg 169w, https:\/\/www.lamennais.org\/wp-content\/uploads\/2026\/09\/WhatsApp-Image-2026-09-02-at-15.26.08-768x1365.jpeg 768w, https:\/\/www.lamennais.org\/wp-content\/uploads\/2026\/09\/WhatsApp-Image-2026-09-02-at-15.26.08-864x1536.jpeg 864w, https:\/\/www.lamennais.org\/wp-content\/uploads\/2026\/09\/WhatsApp-Image-2026-09-02-at-15.26.08-260x462.jpeg 260w, https:\/\/www.lamennais.org\/wp-content\/uploads\/2026\/09\/WhatsApp-Image-2026-09-02-at-15.26.08.jpeg 1134w\" sizes=\"(max-width: 576px) 100vw, 576px\" \/><\/td>\n<td width=\"201\"><img loading=\"lazy\" decoding=\"async\" class=\"size-large wp-image-52202 aligncenter\" src=\"https:\/\/www.lamennais.org\/wp-content\/uploads\/2026\/09\/WhatsApp-Image-2026-09-02-at-15.26.07-576x1024.jpeg\" alt=\"\" width=\"576\" height=\"1024\" srcset=\"https:\/\/www.lamennais.org\/wp-content\/uploads\/2026\/09\/WhatsApp-Image-2026-09-02-at-15.26.07-576x1024.jpeg 576w, https:\/\/www.lamennais.org\/wp-content\/uploads\/2026\/09\/WhatsApp-Image-2026-09-02-at-15.26.07-169x300.jpeg 169w, https:\/\/www.lamennais.org\/wp-content\/uploads\/2026\/09\/WhatsApp-Image-2026-09-02-at-15.26.07-768x1365.jpeg 768w, https:\/\/www.lamennais.org\/wp-content\/uploads\/2026\/09\/WhatsApp-Image-2026-09-02-at-15.26.07-864x1536.jpeg 864w, https:\/\/www.lamennais.org\/wp-content\/uploads\/2026\/09\/WhatsApp-Image-2026-09-02-at-15.26.07-260x462.jpeg 260w, https:\/\/www.lamennais.org\/wp-content\/uploads\/2026\/09\/WhatsApp-Image-2026-09-02-at-15.26.07.jpeg 1134w\" sizes=\"(max-width: 576px) 100vw, 576px\" \/><\/td>\n<td width=\"201\"><img loading=\"lazy\" decoding=\"async\" class=\"size-large wp-image-52208 aligncenter\" src=\"https:\/\/www.lamennais.org\/wp-content\/uploads\/2026\/09\/WhatsApp-Image-2026-09-02-at-15.26.11-576x1024.jpeg\" alt=\"\" width=\"576\" height=\"1024\" srcset=\"https:\/\/www.lamennais.org\/wp-content\/uploads\/2026\/09\/WhatsApp-Image-2026-09-02-at-15.26.11-576x1024.jpeg 576w, https:\/\/www.lamennais.org\/wp-content\/uploads\/2026\/09\/WhatsApp-Image-2026-09-02-at-15.26.11-169x300.jpeg 169w, https:\/\/www.lamennais.org\/wp-content\/uploads\/2026\/09\/WhatsApp-Image-2026-09-02-at-15.26.11-768x1365.jpeg 768w, https:\/\/www.lamennais.org\/wp-content\/uploads\/2026\/09\/WhatsApp-Image-2026-09-02-at-15.26.11-864x1536.jpeg 864w, https:\/\/www.lamennais.org\/wp-content\/uploads\/2026\/09\/WhatsApp-Image-2026-09-02-at-15.26.11-260x462.jpeg 260w, https:\/\/www.lamennais.org\/wp-content\/uploads\/2026\/09\/WhatsApp-Image-2026-09-02-at-15.26.11.jpeg 1134w\" sizes=\"(max-width: 576px) 100vw, 576px\" \/><\/td>\n<\/tr>\n<\/tbody>\n<\/table>\n<p>Rappelons que <strong>Nabinoonya<\/strong> veut dire : l\u00e0 o\u00f9 la Vierge vient prendre soin, et m\u00eame plus litt\u00e9ralement &#8220;vient chercher les rem\u00e8des pour gu\u00e9rir&#8221; !<\/p>\n<p>D\u00e8s le lundi 31 ao\u00fbt, le Conseil g\u00e9n\u00e9ral a la joie d\u2019accueillir <strong>l\u2019archev\u00eaque de Kampala<\/strong> et l\u2019\u00e9quipe provinciale de la Province Ste Th\u00e9r\u00e8se de l\u2019Enfant J\u00e9sus. Une rencontre fraternelle, simple, empreinte de confiance et d&#8217;\u00e9change fraternel.<\/p>\n<table>\n<tbody>\n<tr>\n<td width=\"201\"><img loading=\"lazy\" decoding=\"async\" class=\"size-large wp-image-52218 aligncenter\" src=\"https:\/\/www.lamennais.org\/wp-content\/uploads\/2026\/09\/WhatsApp-Image-2026-09-02-at-15.26.13-1-1024x576.jpeg\" alt=\"\" width=\"860\" height=\"484\" srcset=\"https:\/\/www.lamennais.org\/wp-content\/uploads\/2026\/09\/WhatsApp-Image-2026-09-02-at-15.26.13-1-1024x576.jpeg 1024w, https:\/\/www.lamennais.org\/wp-content\/uploads\/2026\/09\/WhatsApp-Image-2026-09-02-at-15.26.13-1-300x169.jpeg 300w, https:\/\/www.lamennais.org\/wp-content\/uploads\/2026\/09\/WhatsApp-Image-2026-09-02-at-15.26.13-1-768x432.jpeg 768w, https:\/\/www.lamennais.org\/wp-content\/uploads\/2026\/09\/WhatsApp-Image-2026-09-02-at-15.26.13-1-1536x864.jpeg 1536w, https:\/\/www.lamennais.org\/wp-content\/uploads\/2026\/09\/WhatsApp-Image-2026-09-02-at-15.26.13-1-260x146.jpeg 260w, https:\/\/www.lamennais.org\/wp-content\/uploads\/2026\/09\/WhatsApp-Image-2026-09-02-at-15.26.13-1.jpeg 2016w\" sizes=\"(max-width: 860px) 100vw, 860px\" \/><\/td>\n<td width=\"201\"><img loading=\"lazy\" decoding=\"async\" class=\"alignnone size-large wp-image-52215\" src=\"https:\/\/www.lamennais.org\/wp-content\/uploads\/2026\/09\/WhatsApp-Image-2026-09-02-at-15.26.12-2-1024x576.jpeg\" alt=\"\" width=\"860\" height=\"484\" srcset=\"https:\/\/www.lamennais.org\/wp-content\/uploads\/2026\/09\/WhatsApp-Image-2026-09-02-at-15.26.12-2-1024x576.jpeg 1024w, https:\/\/www.lamennais.org\/wp-content\/uploads\/2026\/09\/WhatsApp-Image-2026-09-02-at-15.26.12-2-300x169.jpeg 300w, https:\/\/www.lamennais.org\/wp-content\/uploads\/2026\/09\/WhatsApp-Image-2026-09-02-at-15.26.12-2-768x432.jpeg 768w, https:\/\/www.lamennais.org\/wp-content\/uploads\/2026\/09\/WhatsApp-Image-2026-09-02-at-15.26.12-2-1536x864.jpeg 1536w, https:\/\/www.lamennais.org\/wp-content\/uploads\/2026\/09\/WhatsApp-Image-2026-09-02-at-15.26.12-2-260x146.jpeg 260w, https:\/\/www.lamennais.org\/wp-content\/uploads\/2026\/09\/WhatsApp-Image-2026-09-02-at-15.26.12-2.jpeg 2016w\" sizes=\"(max-width: 860px) 100vw, 860px\" \/><\/td>\n<td width=\"201\"><img loading=\"lazy\" decoding=\"async\" class=\"size-large wp-image-52212 aligncenter\" src=\"https:\/\/www.lamennais.org\/wp-content\/uploads\/2026\/09\/WhatsApp-Image-2026-09-02-at-15.26.12-1-1024x576.jpeg\" alt=\"\" width=\"860\" height=\"484\" srcset=\"https:\/\/www.lamennais.org\/wp-content\/uploads\/2026\/09\/WhatsApp-Image-2026-09-02-at-15.26.12-1-1024x576.jpeg 1024w, https:\/\/www.lamennais.org\/wp-content\/uploads\/2026\/09\/WhatsApp-Image-2026-09-02-at-15.26.12-1-300x169.jpeg 300w, https:\/\/www.lamennais.org\/wp-content\/uploads\/2026\/09\/WhatsApp-Image-2026-09-02-at-15.26.12-1-768x432.jpeg 768w, https:\/\/www.lamennais.org\/wp-content\/uploads\/2026\/09\/WhatsApp-Image-2026-09-02-at-15.26.12-1-1536x864.jpeg 1536w, https:\/\/www.lamennais.org\/wp-content\/uploads\/2026\/09\/WhatsApp-Image-2026-09-02-at-15.26.12-1-260x146.jpeg 260w, https:\/\/www.lamennais.org\/wp-content\/uploads\/2026\/09\/WhatsApp-Image-2026-09-02-at-15.26.12-1.jpeg 2016w\" sizes=\"(max-width: 860px) 100vw, 860px\" \/><\/td>\n<\/tr>\n<\/tbody>\n<\/table>\n<p>Chaque jour, un des aum\u00f4niers de Kisubi se rend disponible pour venir c\u00e9l\u00e9brer l\u2019eucharistie\u00a0! Pas de d\u00e9placement pour nous\u00a0! Quelle gr\u00e2ce\u00a0!<\/p>\n<table>\n<tbody>\n<tr>\n<td width=\"302\"><img loading=\"lazy\" decoding=\"async\" class=\"alignnone size-large wp-image-52222\" src=\"https:\/\/www.lamennais.org\/wp-content\/uploads\/2026\/09\/WhatsApp-Image-2026-09-02-at-15.24.30-1024x576.jpeg\" alt=\"\" width=\"860\" height=\"484\" srcset=\"https:\/\/www.lamennais.org\/wp-content\/uploads\/2026\/09\/WhatsApp-Image-2026-09-02-at-15.24.30-1024x576.jpeg 1024w, https:\/\/www.lamennais.org\/wp-content\/uploads\/2026\/09\/WhatsApp-Image-2026-09-02-at-15.24.30-300x169.jpeg 300w, https:\/\/www.lamennais.org\/wp-content\/uploads\/2026\/09\/WhatsApp-Image-2026-09-02-at-15.24.30-768x432.jpeg 768w, https:\/\/www.lamennais.org\/wp-content\/uploads\/2026\/09\/WhatsApp-Image-2026-09-02-at-15.24.30-1536x864.jpeg 1536w, https:\/\/www.lamennais.org\/wp-content\/uploads\/2026\/09\/WhatsApp-Image-2026-09-02-at-15.24.30-260x146.jpeg 260w, https:\/\/www.lamennais.org\/wp-content\/uploads\/2026\/09\/WhatsApp-Image-2026-09-02-at-15.24.30.jpeg 2048w\" sizes=\"(max-width: 860px) 100vw, 860px\" \/><\/td>\n<td width=\"302\"><img loading=\"lazy\" decoding=\"async\" class=\"size-large wp-image-52225 aligncenter\" src=\"https:\/\/www.lamennais.org\/wp-content\/uploads\/2026\/09\/WhatsApp-Image-2026-09-02-at-15.26.12-1024x576.jpeg\" alt=\"\" width=\"860\" height=\"484\" srcset=\"https:\/\/www.lamennais.org\/wp-content\/uploads\/2026\/09\/WhatsApp-Image-2026-09-02-at-15.26.12-1024x576.jpeg 1024w, https:\/\/www.lamennais.org\/wp-content\/uploads\/2026\/09\/WhatsApp-Image-2026-09-02-at-15.26.12-300x169.jpeg 300w, https:\/\/www.lamennais.org\/wp-content\/uploads\/2026\/09\/WhatsApp-Image-2026-09-02-at-15.26.12-768x432.jpeg 768w, https:\/\/www.lamennais.org\/wp-content\/uploads\/2026\/09\/WhatsApp-Image-2026-09-02-at-15.26.12-1536x864.jpeg 1536w, https:\/\/www.lamennais.org\/wp-content\/uploads\/2026\/09\/WhatsApp-Image-2026-09-02-at-15.26.12-260x146.jpeg 260w, https:\/\/www.lamennais.org\/wp-content\/uploads\/2026\/09\/WhatsApp-Image-2026-09-02-at-15.26.12.jpeg 2048w\" sizes=\"(max-width: 860px) 100vw, 860px\" \/><\/td>\n<\/tr>\n<\/tbody>\n<\/table>\n<p>Le Fr\u00e8res du Conseil g\u00e9n\u00e9ral remercient vivement la Province d\u2019Ouganda pour avoir offert tout cet espace de convivialit\u00e9 vraiment propice \u00e0 des rencontres de Congr\u00e9gation qui nous l\u2019esp\u00e9rons seront fructueuses pour tous.<\/p>\n<p><em><strong>F. Herv\u00e9 ASSE<\/strong><\/em><\/p>\n","protected":false},"excerpt":{"rendered":"<p>Tous les Fr\u00e8res du Conseil g\u00e9n\u00e9ral se sont retrouv\u00e9s \u00e0 Nabinoonya d\u00e8s le 29 ao\u00fbt, pour commencer la session ordinaire du Conseil g\u00e9n\u00e9ral\u00a0 le lundi 31 ao\u00fbt. Ce Conseil g\u00e9n\u00e9ral se d\u00e9roulera en 2 p\u00e9riodes : du 2 au 4 septembre en Ouganda puis elle se poursuivra \u00e0 Rome du 14 au 30 septembre. Entre [&hellip;]<\/p>\n","protected":false},"author":3,"featured_media":52186,"comment_status":"closed","ping_status":"closed","sticky":false,"template":"","format":"standard","meta":{"footnotes":""},"categories":[1],"tags":[],"class_list":["post-52185","post","type-post","status-publish","format-standard","has-post-thumbnail","hentry","category-nouvelles"],"yoast_head":"<!-- This site is optimized with the Yoast SEO plugin v28.4 - https:\/\/yoast.com\/product\/yoast-seo-wordpress\/ -->\n<title>Uganda \u2013 Nabinoonya : session du Conseil g\u00e9n\u00e9ral - LaMennais.org<\/title>\n<meta name=\"robots\" content=\"index, follow, max-snippet:-1, max-image-preview:large, max-video-preview:-1\" \/>\n<link rel=\"canonical\" href=\"https:\/\/www.lamennais.org\/uganda-nabinoonya-session-du-conseil-general\/\" \/>\n<meta property=\"og:locale\" content=\"en_US\" \/>\n<meta property=\"og:type\" content=\"article\" \/>\n<meta property=\"og:title\" content=\"Uganda \u2013 Nabinoonya : session du Conseil g\u00e9n\u00e9ral - LaMennais.org\" \/>\n<meta property=\"og:description\" content=\"Tous les Fr\u00e8res du Conseil g\u00e9n\u00e9ral se sont retrouv\u00e9s \u00e0 Nabinoonya d\u00e8s le 29 ao\u00fbt, pour commencer la session ordinaire du Conseil g\u00e9n\u00e9ral\u00a0 le lundi 31 ao\u00fbt. Ce Conseil g\u00e9n\u00e9ral se d\u00e9roulera en 2 p\u00e9riodes : du 2 au 4 septembre en Ouganda puis elle se poursuivra \u00e0 Rome du 14 au 30 septembre. Entre [&hellip;]\" \/>\n<meta property=\"og:url\" content=\"https:\/\/www.lamennais.org\/uganda-nabinoonya-session-du-conseil-general\/\" \/>\n<meta property=\"og:site_name\" content=\"LaMennais.org\" \/>\n<meta property=\"article:published_time\" content=\"2026-09-03T11:56:04+00:00\" \/>\n<meta property=\"article:modified_time\" content=\"2026-09-03T12:09:58+00:00\" \/>\n<meta property=\"og:image\" content=\"https:\/\/www.lamennais.org\/wp-content\/uploads\/2026\/09\/WhatsApp-Image-2026-09-02-at-15.26.08-1.jpeg\" \/>\n\t<meta property=\"og:image:width\" content=\"2016\" \/>\n\t<meta property=\"og:image:height\" content=\"1134\" \/>\n\t<meta property=\"og:image:type\" content=\"image\/jpeg\" \/>\n<meta name=\"author\" content=\"Herv\u00e9 Asse\" \/>\n<meta name=\"twitter:card\" content=\"summary_large_image\" \/>\n<meta name=\"twitter:label1\" content=\"Written by\" \/>\n\t<meta name=\"twitter:data1\" content=\"Herv\u00e9 Asse\" \/>\n\t<meta name=\"twitter:label2\" content=\"Est. reading time\" \/>\n\t<meta name=\"twitter:data2\" content=\"4 minutes\" \/>\n<script type=\"application\/ld+json\" class=\"yoast-schema-graph\">{\"@context\":\"https:\\\/\\\/schema.org\",\"@graph\":[{\"@type\":\"Article\",\"@id\":\"https:\\\/\\\/www.lamennais.org\\\/uganda-nabinoonya-session-du-conseil-general\\\/#article\",\"isPartOf\":{\"@id\":\"https:\\\/\\\/www.lamennais.org\\\/uganda-nabinoonya-session-du-conseil-general\\\/\"},\"author\":{\"name\":\"Herv\u00e9 Asse\",\"@id\":\"https:\\\/\\\/www.lamennais.org\\\/#\\\/schema\\\/person\\\/2a8d6e8a95babedd5ba1c43afd2e3844\"},\"headline\":\"Uganda \u2013 Nabinoonya : session du Conseil g\u00e9n\u00e9ral\",\"datePublished\":\"2026-09-03T11:56:04+00:00\",\"dateModified\":\"2026-09-03T12:09:58+00:00\",\"mainEntityOfPage\":{\"@id\":\"https:\\\/\\\/www.lamennais.org\\\/uganda-nabinoonya-session-du-conseil-general\\\/\"},\"wordCount\":310,\"image\":{\"@id\":\"https:\\\/\\\/www.lamennais.org\\\/uganda-nabinoonya-session-du-conseil-general\\\/#primaryimage\"},\"thumbnailUrl\":\"https:\\\/\\\/www.lamennais.org\\\/wp-content\\\/uploads\\\/2026\\\/09\\\/WhatsApp-Image-2026-09-02-at-15.26.08-1.jpeg\",\"articleSection\":[\"NOUVELLES\"],\"inLanguage\":\"en-US\"},{\"@type\":\"WebPage\",\"@id\":\"https:\\\/\\\/www.lamennais.org\\\/uganda-nabinoonya-session-du-conseil-general\\\/\",\"url\":\"https:\\\/\\\/www.lamennais.org\\\/uganda-nabinoonya-session-du-conseil-general\\\/\",\"name\":\"Uganda \u2013 Nabinoonya : session du Conseil g\u00e9n\u00e9ral - LaMennais.org\",\"isPartOf\":{\"@id\":\"https:\\\/\\\/www.lamennais.org\\\/#website\"},\"primaryImageOfPage\":{\"@id\":\"https:\\\/\\\/www.lamennais.org\\\/uganda-nabinoonya-session-du-conseil-general\\\/#primaryimage\"},\"image\":{\"@id\":\"https:\\\/\\\/www.lamennais.org\\\/uganda-nabinoonya-session-du-conseil-general\\\/#primaryimage\"},\"thumbnailUrl\":\"https:\\\/\\\/www.lamennais.org\\\/wp-content\\\/uploads\\\/2026\\\/09\\\/WhatsApp-Image-2026-09-02-at-15.26.08-1.jpeg\",\"datePublished\":\"2026-09-03T11:56:04+00:00\",\"dateModified\":\"2026-09-03T12:09:58+00:00\",\"author\":{\"@id\":\"https:\\\/\\\/www.lamennais.org\\\/#\\\/schema\\\/person\\\/2a8d6e8a95babedd5ba1c43afd2e3844\"},\"breadcrumb\":{\"@id\":\"https:\\\/\\\/www.lamennais.org\\\/uganda-nabinoonya-session-du-conseil-general\\\/#breadcrumb\"},\"inLanguage\":\"en-US\",\"potentialAction\":[{\"@type\":\"ReadAction\",\"target\":[\"https:\\\/\\\/www.lamennais.org\\\/uganda-nabinoonya-session-du-conseil-general\\\/\"]}]},{\"@type\":\"ImageObject\",\"inLanguage\":\"en-US\",\"@id\":\"https:\\\/\\\/www.lamennais.org\\\/uganda-nabinoonya-session-du-conseil-general\\\/#primaryimage\",\"url\":\"https:\\\/\\\/www.lamennais.org\\\/wp-content\\\/uploads\\\/2026\\\/09\\\/WhatsApp-Image-2026-09-02-at-15.26.08-1.jpeg\",\"contentUrl\":\"https:\\\/\\\/www.lamennais.org\\\/wp-content\\\/uploads\\\/2026\\\/09\\\/WhatsApp-Image-2026-09-02-at-15.26.08-1.jpeg\",\"width\":2016,\"height\":1134},{\"@type\":\"BreadcrumbList\",\"@id\":\"https:\\\/\\\/www.lamennais.org\\\/uganda-nabinoonya-session-du-conseil-general\\\/#breadcrumb\",\"itemListElement\":[{\"@type\":\"ListItem\",\"position\":1,\"name\":\"Accueil\",\"item\":\"https:\\\/\\\/www.lamennais.org\\\/\"},{\"@type\":\"ListItem\",\"position\":2,\"name\":\"Uganda \u2013 Nabinoonya : session du Conseil g\u00e9n\u00e9ral\"}]},{\"@type\":\"WebSite\",\"@id\":\"https:\\\/\\\/www.lamennais.org\\\/#website\",\"url\":\"https:\\\/\\\/www.lamennais.org\\\/\",\"name\":\"LaMennais.org\",\"description\":\"Fr\u00e8res de l&#039;Instruction Chr\u00e9tienne et Famille Mennaisienne\",\"potentialAction\":[{\"@type\":\"SearchAction\",\"target\":{\"@type\":\"EntryPoint\",\"urlTemplate\":\"https:\\\/\\\/www.lamennais.org\\\/?s={search_term_string}\"},\"query-input\":{\"@type\":\"PropertyValueSpecification\",\"valueRequired\":true,\"valueName\":\"search_term_string\"}}],\"inLanguage\":\"en-US\"},{\"@type\":\"Person\",\"@id\":\"https:\\\/\\\/www.lamennais.org\\\/#\\\/schema\\\/person\\\/2a8d6e8a95babedd5ba1c43afd2e3844\",\"name\":\"Herv\u00e9 Asse\",\"image\":{\"@type\":\"ImageObject\",\"inLanguage\":\"en-US\",\"@id\":\"https:\\\/\\\/secure.gravatar.com\\\/avatar\\\/1aaa7b1baf759c8b40525f40af381cbaa2b0ddd554f57145bceb0654ba45b4c0?s=96&d=mm&r=g\",\"url\":\"https:\\\/\\\/secure.gravatar.com\\\/avatar\\\/1aaa7b1baf759c8b40525f40af381cbaa2b0ddd554f57145bceb0654ba45b4c0?s=96&d=mm&r=g\",\"contentUrl\":\"https:\\\/\\\/secure.gravatar.com\\\/avatar\\\/1aaa7b1baf759c8b40525f40af381cbaa2b0ddd554f57145bceb0654ba45b4c0?s=96&d=mm&r=g\",\"caption\":\"Herv\u00e9 Asse\"}}]}<\/script>\n<!-- \/ Yoast SEO plugin. -->","yoast_head_json":{"title":"Uganda \u2013 Nabinoonya : session du Conseil g\u00e9n\u00e9ral - LaMennais.org","robots":{"index":"index","follow":"follow","max-snippet":"max-snippet:-1","max-image-preview":"max-image-preview:large","max-video-preview":"max-video-preview:-1"},"canonical":"https:\/\/www.lamennais.org\/uganda-nabinoonya-session-du-conseil-general\/","og_locale":"en_US","og_type":"article","og_title":"Uganda \u2013 Nabinoonya : session du Conseil g\u00e9n\u00e9ral - LaMennais.org","og_description":"Tous les Fr\u00e8res du Conseil g\u00e9n\u00e9ral se sont retrouv\u00e9s \u00e0 Nabinoonya d\u00e8s le 29 ao\u00fbt, pour commencer la session ordinaire du Conseil g\u00e9n\u00e9ral\u00a0 le lundi 31 ao\u00fbt. Ce Conseil g\u00e9n\u00e9ral se d\u00e9roulera en 2 p\u00e9riodes : du 2 au 4 septembre en Ouganda puis elle se poursuivra \u00e0 Rome du 14 au 30 septembre. Entre [&hellip;]","og_url":"https:\/\/www.lamennais.org\/uganda-nabinoonya-session-du-conseil-general\/","og_site_name":"LaMennais.org","article_published_time":"2026-09-03T11:56:04+00:00","article_modified_time":"2026-09-03T12:09:58+00:00","og_image":[{"width":2016,"height":1134,"url":"https:\/\/www.lamennais.org\/wp-content\/uploads\/2026\/09\/WhatsApp-Image-2026-09-02-at-15.26.08-1.jpeg","type":"image\/jpeg"}],"author":"Herv\u00e9 Asse","twitter_card":"summary_large_image","twitter_misc":{"Written by":"Herv\u00e9 Asse","Est. reading time":"4 minutes"},"schema":{"@context":"https:\/\/schema.org","@graph":[{"@type":"Article","@id":"https:\/\/www.lamennais.org\/uganda-nabinoonya-session-du-conseil-general\/#article","isPartOf":{"@id":"https:\/\/www.lamennais.org\/uganda-nabinoonya-session-du-conseil-general\/"},"author":{"name":"Herv\u00e9 Asse","@id":"https:\/\/www.lamennais.org\/#\/schema\/person\/2a8d6e8a95babedd5ba1c43afd2e3844"},"headline":"Uganda \u2013 Nabinoonya : session du Conseil g\u00e9n\u00e9ral","datePublished":"2026-09-03T11:56:04+00:00","dateModified":"2026-09-03T12:09:58+00:00","mainEntityOfPage":{"@id":"https:\/\/www.lamennais.org\/uganda-nabinoonya-session-du-conseil-general\/"},"wordCount":310,"image":{"@id":"https:\/\/www.lamennais.org\/uganda-nabinoonya-session-du-conseil-general\/#primaryimage"},"thumbnailUrl":"https:\/\/www.lamennais.org\/wp-content\/uploads\/2026\/09\/WhatsApp-Image-2026-09-02-at-15.26.08-1.jpeg","articleSection":["NOUVELLES"],"inLanguage":"en-US"},{"@type":"WebPage","@id":"https:\/\/www.lamennais.org\/uganda-nabinoonya-session-du-conseil-general\/","url":"https:\/\/www.lamennais.org\/uganda-nabinoonya-session-du-conseil-general\/","name":"Uganda \u2013 Nabinoonya : session du Conseil g\u00e9n\u00e9ral - LaMennais.org","isPartOf":{"@id":"https:\/\/www.lamennais.org\/#website"},"primaryImageOfPage":{"@id":"https:\/\/www.lamennais.org\/uganda-nabinoonya-session-du-conseil-general\/#primaryimage"},"image":{"@id":"https:\/\/www.lamennais.org\/uganda-nabinoonya-session-du-conseil-general\/#primaryimage"},"thumbnailUrl":"https:\/\/www.lamennais.org\/wp-content\/uploads\/2026\/09\/WhatsApp-Image-2026-09-02-at-15.26.08-1.jpeg","datePublished":"2026-09-03T11:56:04+00:00","dateModified":"2026-09-03T12:09:58+00:00","author":{"@id":"https:\/\/www.lamennais.org\/#\/schema\/person\/2a8d6e8a95babedd5ba1c43afd2e3844"},"breadcrumb":{"@id":"https:\/\/www.lamennais.org\/uganda-nabinoonya-session-du-conseil-general\/#breadcrumb"},"inLanguage":"en-US","potentialAction":[{"@type":"ReadAction","target":["https:\/\/www.lamennais.org\/uganda-nabinoonya-session-du-conseil-general\/"]}]},{"@type":"ImageObject","inLanguage":"en-US","@id":"https:\/\/www.lamennais.org\/uganda-nabinoonya-session-du-conseil-general\/#primaryimage","url":"https:\/\/www.lamennais.org\/wp-content\/uploads\/2026\/09\/WhatsApp-Image-2026-09-02-at-15.26.08-1.jpeg","contentUrl":"https:\/\/www.lamennais.org\/wp-content\/uploads\/2026\/09\/WhatsApp-Image-2026-09-02-at-15.26.08-1.jpeg","width":2016,"height":1134},{"@type":"BreadcrumbList","@id":"https:\/\/www.lamennais.org\/uganda-nabinoonya-session-du-conseil-general\/#breadcrumb","itemListElement":[{"@type":"ListItem","position":1,"name":"Accueil","item":"https:\/\/www.lamennais.org\/"},{"@type":"ListItem","position":2,"name":"Uganda \u2013 Nabinoonya : session du Conseil g\u00e9n\u00e9ral"}]},{"@type":"WebSite","@id":"https:\/\/www.lamennais.org\/#website","url":"https:\/\/www.lamennais.org\/","name":"LaMennais.org","description":"Fr\u00e8res de l&#039;Instruction Chr\u00e9tienne et Famille Mennaisienne","potentialAction":[{"@type":"SearchAction","target":{"@type":"EntryPoint","urlTemplate":"https:\/\/www.lamennais.org\/?s={search_term_string}"},"query-input":{"@type":"PropertyValueSpecification","valueRequired":true,"valueName":"search_term_string"}}],"inLanguage":"en-US"},{"@type":"Person","@id":"https:\/\/www.lamennais.org\/#\/schema\/person\/2a8d6e8a95babedd5ba1c43afd2e3844","name":"Herv\u00e9 Asse","image":{"@type":"ImageObject","inLanguage":"en-US","@id":"https:\/\/secure.gravatar.com\/avatar\/1aaa7b1baf759c8b40525f40af381cbaa2b0ddd554f57145bceb0654ba45b4c0?s=96&d=mm&r=g","url":"https:\/\/secure.gravatar.com\/avatar\/1aaa7b1baf759c8b40525f40af381cbaa2b0ddd554f57145bceb0654ba45b4c0?s=96&d=mm&r=g","contentUrl":"https:\/\/secure.gravatar.com\/avatar\/1aaa7b1baf759c8b40525f40af381cbaa2b0ddd554f57145bceb0654ba45b4c0?s=96&d=mm&r=g","caption":"Herv\u00e9 Asse"}}]}},"_links":{"self":[{"href":"https:\/\/www.lamennais.org\/en\/wp-json\/wp\/v2\/posts\/52185","targetHints":{"allow":["GET"]}}],"collection":[{"href":"https:\/\/www.lamennais.org\/en\/wp-json\/wp\/v2\/posts"}],"about":[{"href":"https:\/\/www.lamennais.org\/en\/wp-json\/wp\/v2\/types\/post"}],"author":[{"embeddable":true,"href":"https:\/\/www.lamennais.org\/en\/wp-json\/wp\/v2\/users\/3"}],"replies":[{"embeddable":true,"href":"https:\/\/www.lamennais.org\/en\/wp-json\/wp\/v2\/comments?post=52185"}],"version-history":[{"count":3,"href":"https:\/\/www.lamennais.org\/en\/wp-json\/wp\/v2\/posts\/52185\/revisions"}],"predecessor-version":[{"id":52229,"href":"https:\/\/www.lamennais.org\/en\/wp-json\/wp\/v2\/posts\/52185\/revisions\/52229"}],"wp:featuredmedia":[{"embeddable":true,"href":"https:\/\/www.lamennais.org\/en\/wp-json\/wp\/v2\/media\/52186"}],"wp:attachment":[{"href":"https:\/\/www.lamennais.org\/en\/wp-json\/wp\/v2\/media?parent=52185"}],"wp:term":[{"taxonomy":"category","embeddable":true,"href":"https:\/\/www.lamennais.org\/en\/wp-json\/wp\/v2\/categories?post=52185"},{"taxonomy":"post_tag","embeddable":true,"href":"https:\/\/www.lamennais.org\/en\/wp-json\/wp\/v2\/tags?post=52185"}],"curies":[{"name":"wp","href":"https:\/\/api.w.org\/{rel}","templated":true}]}}