{"id":52118,"date":"2026-09-01T16:16:33","date_gmt":"2026-09-01T14:16:33","guid":{"rendered":"https:\/\/www.lamennais.org\/?p=52118"},"modified":"2026-09-01T17:01:04","modified_gmt":"2026-09-01T15:01:04","slug":"france-ploermel-fete-de-la-famille-mennaisienne","status":"publish","type":"post","link":"https:\/\/www.lamennais.org\/en\/france-ploermel-fete-de-la-famille-mennaisienne\/","title":{"rendered":"France &#8211; Plo\u00ebrmel : F\u00eate de la famille Mennaisienne"},"content":{"rendered":"<p><strong><em>Comme chaque ann\u00e9e, \u00e0 la fin des vacances d\u2019\u00e9t\u00e9 et avant la nouvelle ann\u00e9e scolaire, cette ann\u00e9e le dimanche 30 ao\u00fbt, toute la Province St Jean-Baptiste se retrouve \u00e0 Plo\u00ebrmel pour vivre une journ\u00e9e de la f\u00eate de la Famille mennaisienne. Diff\u00e9rents temps vont marquer la journ\u00e9e\u00a0: <\/em><\/strong><\/p>\n<h2><strong>1<sup>er<\/sup> temps\u00a0:\u00a0 Assembl\u00e9e<\/strong><\/h2>\n<p><img fetchpriority=\"high\" decoding=\"async\" class=\"size-large wp-image-52129 alignleft\" src=\"https:\/\/www.lamennais.org\/wp-content\/uploads\/2026\/09\/20260830_113009-1024x473.jpg\" alt=\"\" width=\"860\" height=\"397\" srcset=\"https:\/\/www.lamennais.org\/wp-content\/uploads\/2026\/09\/20260830_113009-1024x473.jpg 1024w, https:\/\/www.lamennais.org\/wp-content\/uploads\/2026\/09\/20260830_113009-300x139.jpg 300w, https:\/\/www.lamennais.org\/wp-content\/uploads\/2026\/09\/20260830_113009-768x355.jpg 768w, https:\/\/www.lamennais.org\/wp-content\/uploads\/2026\/09\/20260830_113009-1536x710.jpg 1536w, https:\/\/www.lamennais.org\/wp-content\/uploads\/2026\/09\/20260830_113009-2048x946.jpg 2048w, https:\/\/www.lamennais.org\/wp-content\/uploads\/2026\/09\/20260830_113009-260x120.jpg 260w\" sizes=\"(max-width: 860px) 100vw, 860px\" \/>C\u2019est par un temps de pri\u00e8re que s\u2019est ouverte notre assembl\u00e9e mennaisienne. Il a \u00e9t\u00e9 illustr\u00e9 par un extrait de \u00ab\u00a0Magnifica Humanitas\u00a0\u00bb (Pape L\u00e9on XIV).<\/p>\n<div id=\"attachment_52133\" style=\"width: 310px\" class=\"wp-caption alignright\"><img decoding=\"async\" aria-describedby=\"caption-attachment-52133\" class=\"size-medium wp-image-52133\" src=\"https:\/\/www.lamennais.org\/wp-content\/uploads\/2026\/09\/20250914130947703-300x225.jpg\" alt=\"\" width=\"300\" height=\"225\" srcset=\"https:\/\/www.lamennais.org\/wp-content\/uploads\/2026\/09\/20250914130947703-300x225.jpg 300w, https:\/\/www.lamennais.org\/wp-content\/uploads\/2026\/09\/20250914130947703-768x576.jpg 768w, https:\/\/www.lamennais.org\/wp-content\/uploads\/2026\/09\/20250914130947703-260x195.jpg 260w, https:\/\/www.lamennais.org\/wp-content\/uploads\/2026\/09\/20250914130947703.jpg 1024w\" sizes=\"(max-width: 300px) 100vw, 300px\" \/><p id=\"caption-attachment-52133\" class=\"wp-caption-text\">Le pape L\u00e9on XIV f\u00eate ses 70 ans dimanche.<\/p><\/div>\n<p><em>\u00ab\u00a0Le pouvoir des <\/em><strong><em>mots<\/em><\/strong><em> est immense et nous en faisons l\u2019exp\u00e9rience dans notre communication quotidienne, lorsque quelqu\u2019un nous dit quelque chose qui modifie notre \u00e9tat d\u2019esprit, en bien ou en mal. La paix commence par chacun de nous : par la mani\u00e8re dont nous regardons les autres, dont nous les \u00e9coutons, dont nous parlons d\u2019eux ; et, en ce sens, la mani\u00e8re dont nous communiquons est d\u2019une importance fondamentale : nous devons dire \u201cnon\u201d \u00e0 la guerre des mots et des images, nous devons rejeter le paradigme de la guerre. Nous devons donc tous faire un examen de conscience sur les mots que nous utilisons, sur les pr\u00e9jug\u00e9s dont ils sont charg\u00e9s et sur l\u2019agressivit\u00e9, ouverte ou latente, qui les habite. Nous avons une r\u00e9elle possibilit\u00e9 de contribuer au bien chaque fois que nous disons la v\u00e9rit\u00e9, que nous donnons un conseil avis\u00e9, que nous soutenons ceux qui ont besoin de r\u00e9confort, que nous d\u00e9non\u00e7ons une injustice, et que nous donnons la parole \u00e0 ceux qui ne l\u2019ont pas. \u00bb (n\u00b0 214).<\/em><\/p>\n<p>La famille mennaisienne se retrouve bien dans ce texte puisque son th\u00e8me d\u2019ann\u00e9e est <strong><em>\u00ab\u00a0Dis-moi les MOTS qui font vivre.\u00a0\u00bb<\/em><\/strong><\/p>\n<p><img decoding=\"async\" class=\"size-full wp-image-52137 alignleft\" src=\"https:\/\/www.lamennais.org\/wp-content\/uploads\/2026\/09\/com.jpg\" alt=\"\" width=\"399\" height=\"264\" srcset=\"https:\/\/www.lamennais.org\/wp-content\/uploads\/2026\/09\/com.jpg 399w, https:\/\/www.lamennais.org\/wp-content\/uploads\/2026\/09\/com-300x198.jpg 300w, https:\/\/www.lamennais.org\/wp-content\/uploads\/2026\/09\/com-260x172.jpg 260w\" sizes=\"(max-width: 399px) 100vw, 399px\" \/>Le Fr\u00e8re Yannick prend ensuite la parole pour nous pr\u00e9senter les axes importants de cette nouvelle ann\u00e9e. Il rappelle les d\u00e9cisions prises lors de l\u2019assembl\u00e9e capitulaire d\u2019octobre 2025 et en particulier la mise en place du \u00ab\u00a0<strong><em>Comit\u00e9 de la Famille Mennaisienne\u00a0\u00bb <\/em><\/strong>constitu\u00e9 du Provincial et de son adjoint, et des repr\u00e9sentants de chaque composante de la Famille Mennaisienne\u00a0: <strong><em>ESTIVAL, ASSIFIC, COCOFRAM, l\u2019\u00e9quipe de TUTELLE, l\u2019IMF, LAM, CAMM.*<\/em><\/strong><\/p>\n<p><strong><em>*ESTIVAL : association pour les camps de vacances \u2013 ASSIFIC: ONG \u2013 COCOFRAM : commission de coordination des Fraternit\u00e9s mennaisiennes \u2013 TUTELLE : organisme charg\u00e9e de la gestion et de l\u2019accompagnement des \u00e9tablissements du r\u00e9seau \u2013 IMF : Institut Mennaisien de Formation \u2013 LAM : La\u00efcs associ\u00e9s Mennaisiens \u2013 CAMM : Centre d&#8217;Accueil de la Maison M\u00e8re.<\/em><\/strong><\/p>\n<p><strong><em><img loading=\"lazy\" decoding=\"async\" class=\" wp-image-52140 alignright\" src=\"https:\/\/www.lamennais.org\/wp-content\/uploads\/2026\/09\/20260830_103225-1024x473.jpg\" alt=\"\" width=\"756\" height=\"349\" srcset=\"https:\/\/www.lamennais.org\/wp-content\/uploads\/2026\/09\/20260830_103225-1024x473.jpg 1024w, https:\/\/www.lamennais.org\/wp-content\/uploads\/2026\/09\/20260830_103225-300x139.jpg 300w, https:\/\/www.lamennais.org\/wp-content\/uploads\/2026\/09\/20260830_103225-768x355.jpg 768w, https:\/\/www.lamennais.org\/wp-content\/uploads\/2026\/09\/20260830_103225-1536x710.jpg 1536w, https:\/\/www.lamennais.org\/wp-content\/uploads\/2026\/09\/20260830_103225-2048x946.jpg 2048w, https:\/\/www.lamennais.org\/wp-content\/uploads\/2026\/09\/20260830_103225-260x120.jpg 260w\" sizes=\"(max-width: 756px) 100vw, 756px\" \/>4 fr\u00e8res sont \u00e0 l\u2019honneur cette ann\u00e9e pour leurs 50 ans de vie religieuse : ici, de gauche \u00e0 droite, le fr\u00e8re Thierry BEAUPLET, le fr\u00e8re Jean HERBINIERE, le fr\u00e8re Daniel BRIANT et le fr\u00e8re Omer CHOUAN (rest\u00e9 aux Marquises).<\/em><\/strong><\/p>\n<p><strong><em><img loading=\"lazy\" decoding=\"async\" class=\"size-medium wp-image-52148 alignleft\" src=\"https:\/\/www.lamennais.org\/wp-content\/uploads\/2026\/09\/20260830_111001-139x300.jpg\" alt=\"\" width=\"139\" height=\"300\" srcset=\"https:\/\/www.lamennais.org\/wp-content\/uploads\/2026\/09\/20260830_111001-139x300.jpg 139w, https:\/\/www.lamennais.org\/wp-content\/uploads\/2026\/09\/20260830_111001-473x1024.jpg 473w, https:\/\/www.lamennais.org\/wp-content\/uploads\/2026\/09\/20260830_111001-768x1662.jpg 768w, https:\/\/www.lamennais.org\/wp-content\/uploads\/2026\/09\/20260830_111001-710x1536.jpg 710w, https:\/\/www.lamennais.org\/wp-content\/uploads\/2026\/09\/20260830_111001-946x2048.jpg 946w, https:\/\/www.lamennais.org\/wp-content\/uploads\/2026\/09\/20260830_111001-231x500.jpg 231w, https:\/\/www.lamennais.org\/wp-content\/uploads\/2026\/09\/20260830_111001-scaled.jpg 1183w\" sizes=\"(max-width: 139px) 100vw, 139px\" \/>Dix autres Fr\u00e8res f\u00eataient leurs 60 ans de vie religieuse et 4 autres leurs 70 ans de vie religieuse<\/em><\/strong><\/p>\n<p>Ici le <strong><em>Fr Andr\u00e9 GUERLAIS <\/em><\/strong>pr\u00e9sentant le parcours de vie du <strong><em>Fr Jean HERBINIERE.<\/em><\/strong><\/p>\n<p>La vie du <strong><em>F. Daniel BRIANT<\/em><\/strong> a \u00e9t\u00e9 pr\u00e9sent\u00e9e par le <strong><em>F Jean-Yves HAMON<\/em><\/strong> et celle du <strong><em>F. Thierry BEAUPLET<\/em><\/strong>, par le <strong><em>F. Gabriel DOUAUD<\/em><\/strong><\/p>\n<h2><strong>3\u00e8me temps\u00a0: C\u00e9l\u00e9bration Eucharistique<\/strong><\/h2>\n<p>La c\u00e9l\u00e9bration eucharistique, dans la chapelle de la Maison-M\u00e8re \u00e9tait pr\u00e9sid\u00e9e par le <strong><em>P\u00e8re Paul HABERT<\/em><\/strong>, vicaire g\u00e9n\u00e9ral du dioc\u00e8se de Rennes.<\/p>\n<table>\n<tbody>\n<tr>\n<td width=\"302\"><img loading=\"lazy\" decoding=\"async\" class=\"size-large wp-image-52152 aligncenter\" src=\"https:\/\/www.lamennais.org\/wp-content\/uploads\/2026\/09\/20260830_115539-1024x473.jpg\" alt=\"\" width=\"860\" height=\"397\" srcset=\"https:\/\/www.lamennais.org\/wp-content\/uploads\/2026\/09\/20260830_115539-1024x473.jpg 1024w, https:\/\/www.lamennais.org\/wp-content\/uploads\/2026\/09\/20260830_115539-300x139.jpg 300w, https:\/\/www.lamennais.org\/wp-content\/uploads\/2026\/09\/20260830_115539-768x355.jpg 768w, https:\/\/www.lamennais.org\/wp-content\/uploads\/2026\/09\/20260830_115539-1536x710.jpg 1536w, https:\/\/www.lamennais.org\/wp-content\/uploads\/2026\/09\/20260830_115539-2048x946.jpg 2048w, https:\/\/www.lamennais.org\/wp-content\/uploads\/2026\/09\/20260830_115539-260x120.jpg 260w\" sizes=\"(max-width: 860px) 100vw, 860px\" \/><\/td>\n<td rowspan=\"2\" width=\"302\"><img loading=\"lazy\" decoding=\"async\" class=\"alignnone size-large wp-image-52158\" src=\"https:\/\/www.lamennais.org\/wp-content\/uploads\/2026\/09\/20260830_124106-473x1024.jpg\" alt=\"\" width=\"473\" height=\"1024\" srcset=\"https:\/\/www.lamennais.org\/wp-content\/uploads\/2026\/09\/20260830_124106-473x1024.jpg 473w, https:\/\/www.lamennais.org\/wp-content\/uploads\/2026\/09\/20260830_124106-139x300.jpg 139w, https:\/\/www.lamennais.org\/wp-content\/uploads\/2026\/09\/20260830_124106-768x1662.jpg 768w, https:\/\/www.lamennais.org\/wp-content\/uploads\/2026\/09\/20260830_124106-710x1536.jpg 710w, https:\/\/www.lamennais.org\/wp-content\/uploads\/2026\/09\/20260830_124106-946x2048.jpg 946w, https:\/\/www.lamennais.org\/wp-content\/uploads\/2026\/09\/20260830_124106-231x500.jpg 231w, https:\/\/www.lamennais.org\/wp-content\/uploads\/2026\/09\/20260830_124106-scaled.jpg 1183w\" sizes=\"(max-width: 473px) 100vw, 473px\" \/><\/td>\n<\/tr>\n<tr>\n<td width=\"302\"><img loading=\"lazy\" decoding=\"async\" class=\"size-large wp-image-52155 aligncenter\" src=\"https:\/\/www.lamennais.org\/wp-content\/uploads\/2026\/09\/20260830_122922-1024x473.jpg\" alt=\"\" width=\"860\" height=\"397\" srcset=\"https:\/\/www.lamennais.org\/wp-content\/uploads\/2026\/09\/20260830_122922-1024x473.jpg 1024w, https:\/\/www.lamennais.org\/wp-content\/uploads\/2026\/09\/20260830_122922-300x139.jpg 300w, https:\/\/www.lamennais.org\/wp-content\/uploads\/2026\/09\/20260830_122922-768x355.jpg 768w, https:\/\/www.lamennais.org\/wp-content\/uploads\/2026\/09\/20260830_122922-1536x710.jpg 1536w, https:\/\/www.lamennais.org\/wp-content\/uploads\/2026\/09\/20260830_122922-2048x946.jpg 2048w, https:\/\/www.lamennais.org\/wp-content\/uploads\/2026\/09\/20260830_122922-260x120.jpg 260w\" sizes=\"(max-width: 860px) 100vw, 860px\" \/><\/td>\n<\/tr>\n<\/tbody>\n<\/table>\n<p><img loading=\"lazy\" decoding=\"async\" class=\"size-large wp-image-52163 aligncenter\" src=\"https:\/\/www.lamennais.org\/wp-content\/uploads\/2026\/09\/20260830_131150-1024x473.jpg\" alt=\"\" width=\"860\" height=\"397\" srcset=\"https:\/\/www.lamennais.org\/wp-content\/uploads\/2026\/09\/20260830_131150-1024x473.jpg 1024w, https:\/\/www.lamennais.org\/wp-content\/uploads\/2026\/09\/20260830_131150-300x139.jpg 300w, https:\/\/www.lamennais.org\/wp-content\/uploads\/2026\/09\/20260830_131150-768x355.jpg 768w, https:\/\/www.lamennais.org\/wp-content\/uploads\/2026\/09\/20260830_131150-1536x710.jpg 1536w, https:\/\/www.lamennais.org\/wp-content\/uploads\/2026\/09\/20260830_131150-2048x946.jpg 2048w, https:\/\/www.lamennais.org\/wp-content\/uploads\/2026\/09\/20260830_131150-260x120.jpg 260w\" sizes=\"(max-width: 860px) 100vw, 860px\" \/><\/p>\n<p style=\"text-align: center;\"><em>Les \u00ab\u00a0h\u00e9ros\u00a0\u00bb du jour accompagn\u00e9s de leurs ain\u00e9s qui f\u00eataient leurs 60 ans et 70 ans de vie religieuse.<\/em><\/p>\n<p>Autre \u00e9v\u00e9nement important dans la province\u00a0: <strong><em>l\u2019arriv\u00e9e des 4 Fr\u00e8res italiens<\/em><\/strong>. Le Fr\u00e8re Yannick a fait la pr\u00e9sentation de chacun d\u2019entre eux, et leur a souhait\u00e9 chaleureusement un bon accueil au nom de la Province, un grand merci et une belle nouvelle \u00e9tape de vie dans la Province : <strong><em>\u00e0 Lourdes pour les Fr\u00e8res Dino de Carolis et Eugenio Manoni et \u00e0 la Maison M\u00e8re de Plo\u00ebrmel pour les Fr\u00e8res Mario Forino et Franco Graziosi<\/em><\/strong>.<\/p>\n<table>\n<tbody>\n<tr>\n<td width=\"302\"><img loading=\"lazy\" decoding=\"async\" class=\"size-large wp-image-52167 aligncenter\" src=\"https:\/\/www.lamennais.org\/wp-content\/uploads\/2026\/09\/20260830_101154-1024x473.jpg\" alt=\"\" width=\"860\" height=\"397\" srcset=\"https:\/\/www.lamennais.org\/wp-content\/uploads\/2026\/09\/20260830_101154-1024x473.jpg 1024w, https:\/\/www.lamennais.org\/wp-content\/uploads\/2026\/09\/20260830_101154-300x139.jpg 300w, https:\/\/www.lamennais.org\/wp-content\/uploads\/2026\/09\/20260830_101154-768x355.jpg 768w, https:\/\/www.lamennais.org\/wp-content\/uploads\/2026\/09\/20260830_101154-1536x710.jpg 1536w, https:\/\/www.lamennais.org\/wp-content\/uploads\/2026\/09\/20260830_101154-2048x946.jpg 2048w, https:\/\/www.lamennais.org\/wp-content\/uploads\/2026\/09\/20260830_101154-260x120.jpg 260w\" sizes=\"(max-width: 860px) 100vw, 860px\" \/><\/td>\n<td width=\"302\"><img loading=\"lazy\" decoding=\"async\" class=\"size-large wp-image-52170 aligncenter\" src=\"https:\/\/www.lamennais.org\/wp-content\/uploads\/2026\/09\/20260830_131640-1024x473.jpg\" alt=\"\" width=\"860\" height=\"397\" srcset=\"https:\/\/www.lamennais.org\/wp-content\/uploads\/2026\/09\/20260830_131640-1024x473.jpg 1024w, https:\/\/www.lamennais.org\/wp-content\/uploads\/2026\/09\/20260830_131640-300x139.jpg 300w, https:\/\/www.lamennais.org\/wp-content\/uploads\/2026\/09\/20260830_131640-768x355.jpg 768w, https:\/\/www.lamennais.org\/wp-content\/uploads\/2026\/09\/20260830_131640-1536x710.jpg 1536w, https:\/\/www.lamennais.org\/wp-content\/uploads\/2026\/09\/20260830_131640-2048x946.jpg 2048w, https:\/\/www.lamennais.org\/wp-content\/uploads\/2026\/09\/20260830_131640-260x120.jpg 260w\" sizes=\"(max-width: 860px) 100vw, 860px\" \/><\/td>\n<\/tr>\n<\/tbody>\n<\/table>\n<p style=\"text-align: center;\"><em><strong>Le matin, pr\u00e9sentation des Fr\u00e8res italiens lors de l&#8217;assembl\u00e9e, puis, apr\u00e8s la c\u00e9l\u00e9bration eucharistique, ici, de gauche \u00e0 droite, autour du tombeau du Fondateur : Fr Yannick \u2013 Fr Franco \u2013 Fr Mario \u2013\u2013 Fr Dino \u2013 Fr Eugenio<\/strong><\/em>.<\/p>\n<h2><strong><img loading=\"lazy\" decoding=\"async\" class=\"size-large wp-image-52173 alignright\" src=\"https:\/\/www.lamennais.org\/wp-content\/uploads\/2026\/09\/20260830_152333-1024x473.jpg\" alt=\"\" width=\"860\" height=\"397\" srcset=\"https:\/\/www.lamennais.org\/wp-content\/uploads\/2026\/09\/20260830_152333-1024x473.jpg 1024w, https:\/\/www.lamennais.org\/wp-content\/uploads\/2026\/09\/20260830_152333-300x139.jpg 300w, https:\/\/www.lamennais.org\/wp-content\/uploads\/2026\/09\/20260830_152333-768x355.jpg 768w, https:\/\/www.lamennais.org\/wp-content\/uploads\/2026\/09\/20260830_152333-1536x710.jpg 1536w, https:\/\/www.lamennais.org\/wp-content\/uploads\/2026\/09\/20260830_152333-2048x946.jpg 2048w, https:\/\/www.lamennais.org\/wp-content\/uploads\/2026\/09\/20260830_152333-260x120.jpg 260w\" sizes=\"(max-width: 860px) 100vw, 860px\" \/>4\u00e8me temps\u00a0: verre de l\u2019amiti\u00e9 et buffet<\/strong><\/h2>\n<p>La journ\u00e9e se termine par le partage du verre de l\u2019amiti\u00e9 et d\u2019un buffet qui refait les forces pour se lancer dans une nouvelle ann\u00e9e de vie communautaire, apostolique et missionnaire.<\/p>\n<p><strong><em>Nouvelle pr\u00e9par\u00e9e par le Fr\u00e8re Bernard BOURIGAULT<\/em><\/strong><\/p>\n","protected":false},"excerpt":{"rendered":"<p>Comme chaque ann\u00e9e, \u00e0 la fin des vacances d\u2019\u00e9t\u00e9 et avant la nouvelle ann\u00e9e scolaire, cette ann\u00e9e le dimanche 30 ao\u00fbt, toute la Province St Jean-Baptiste se retrouve \u00e0 Plo\u00ebrmel pour vivre une journ\u00e9e de la f\u00eate de la Famille mennaisienne. Diff\u00e9rents temps vont marquer la journ\u00e9e\u00a0: 1er temps\u00a0:\u00a0 Assembl\u00e9e C\u2019est par un temps de [&hellip;]<\/p>\n","protected":false},"author":3,"featured_media":52125,"comment_status":"closed","ping_status":"closed","sticky":false,"template":"","format":"standard","meta":{"footnotes":""},"categories":[1],"tags":[],"class_list":["post-52118","post","type-post","status-publish","format-standard","has-post-thumbnail","hentry","category-nouvelles"],"yoast_head":"<!-- This site is optimized with the Yoast SEO plugin v28.3 - https:\/\/yoast.com\/product\/yoast-seo-wordpress\/ -->\n<title>France - Plo\u00ebrmel : F\u00eate de la famille Mennaisienne - LaMennais.org<\/title>\n<meta name=\"robots\" content=\"index, follow, max-snippet:-1, max-image-preview:large, max-video-preview:-1\" \/>\n<link rel=\"canonical\" href=\"https:\/\/www.lamennais.org\/france-ploermel-fete-de-la-famille-mennaisienne\/\" \/>\n<meta property=\"og:locale\" content=\"en_US\" \/>\n<meta property=\"og:type\" content=\"article\" \/>\n<meta property=\"og:title\" content=\"France - Plo\u00ebrmel : F\u00eate de la famille Mennaisienne - LaMennais.org\" \/>\n<meta property=\"og:description\" content=\"Comme chaque ann\u00e9e, \u00e0 la fin des vacances d\u2019\u00e9t\u00e9 et avant la nouvelle ann\u00e9e scolaire, cette ann\u00e9e le dimanche 30 ao\u00fbt, toute la Province St Jean-Baptiste se retrouve \u00e0 Plo\u00ebrmel pour vivre une journ\u00e9e de la f\u00eate de la Famille mennaisienne. Diff\u00e9rents temps vont marquer la journ\u00e9e\u00a0: 1er temps\u00a0:\u00a0 Assembl\u00e9e C\u2019est par un temps de [&hellip;]\" \/>\n<meta property=\"og:url\" content=\"https:\/\/www.lamennais.org\/france-ploermel-fete-de-la-famille-mennaisienne\/\" \/>\n<meta property=\"og:site_name\" content=\"LaMennais.org\" \/>\n<meta property=\"article:published_time\" content=\"2026-09-01T14:16:33+00:00\" \/>\n<meta property=\"article:modified_time\" content=\"2026-09-01T15:01:04+00:00\" \/>\n<meta property=\"og:image\" content=\"https:\/\/www.lamennais.org\/wp-content\/uploads\/2026\/09\/slide-scaled.jpg\" \/>\n\t<meta property=\"og:image:width\" content=\"2560\" \/>\n\t<meta property=\"og:image:height\" content=\"1246\" \/>\n\t<meta property=\"og:image:type\" content=\"image\/jpeg\" \/>\n<meta name=\"author\" content=\"Herv\u00e9 Asse\" \/>\n<meta name=\"twitter:card\" content=\"summary_large_image\" \/>\n<meta name=\"twitter:label1\" content=\"Written by\" \/>\n\t<meta name=\"twitter:data1\" content=\"Herv\u00e9 Asse\" \/>\n\t<meta name=\"twitter:label2\" content=\"Est. reading time\" \/>\n\t<meta name=\"twitter:data2\" content=\"7 minutes\" \/>\n<script type=\"application\/ld+json\" class=\"yoast-schema-graph\">{\"@context\":\"https:\\\/\\\/schema.org\",\"@graph\":[{\"@type\":\"Article\",\"@id\":\"https:\\\/\\\/www.lamennais.org\\\/france-ploermel-fete-de-la-famille-mennaisienne\\\/#article\",\"isPartOf\":{\"@id\":\"https:\\\/\\\/www.lamennais.org\\\/france-ploermel-fete-de-la-famille-mennaisienne\\\/\"},\"author\":{\"name\":\"Herv\u00e9 Asse\",\"@id\":\"https:\\\/\\\/www.lamennais.org\\\/#\\\/schema\\\/person\\\/2a8d6e8a95babedd5ba1c43afd2e3844\"},\"headline\":\"France &#8211; Plo\u00ebrmel : F\u00eate de la famille Mennaisienne\",\"datePublished\":\"2026-09-01T14:16:33+00:00\",\"dateModified\":\"2026-09-01T15:01:04+00:00\",\"mainEntityOfPage\":{\"@id\":\"https:\\\/\\\/www.lamennais.org\\\/france-ploermel-fete-de-la-famille-mennaisienne\\\/\"},\"wordCount\":785,\"image\":{\"@id\":\"https:\\\/\\\/www.lamennais.org\\\/france-ploermel-fete-de-la-famille-mennaisienne\\\/#primaryimage\"},\"thumbnailUrl\":\"https:\\\/\\\/www.lamennais.org\\\/wp-content\\\/uploads\\\/2026\\\/09\\\/slide-scaled.jpg\",\"articleSection\":[\"NOUVELLES\"],\"inLanguage\":\"en-US\"},{\"@type\":\"WebPage\",\"@id\":\"https:\\\/\\\/www.lamennais.org\\\/france-ploermel-fete-de-la-famille-mennaisienne\\\/\",\"url\":\"https:\\\/\\\/www.lamennais.org\\\/france-ploermel-fete-de-la-famille-mennaisienne\\\/\",\"name\":\"France - Plo\u00ebrmel : F\u00eate de la famille Mennaisienne - LaMennais.org\",\"isPartOf\":{\"@id\":\"https:\\\/\\\/www.lamennais.org\\\/#website\"},\"primaryImageOfPage\":{\"@id\":\"https:\\\/\\\/www.lamennais.org\\\/france-ploermel-fete-de-la-famille-mennaisienne\\\/#primaryimage\"},\"image\":{\"@id\":\"https:\\\/\\\/www.lamennais.org\\\/france-ploermel-fete-de-la-famille-mennaisienne\\\/#primaryimage\"},\"thumbnailUrl\":\"https:\\\/\\\/www.lamennais.org\\\/wp-content\\\/uploads\\\/2026\\\/09\\\/slide-scaled.jpg\",\"datePublished\":\"2026-09-01T14:16:33+00:00\",\"dateModified\":\"2026-09-01T15:01:04+00:00\",\"author\":{\"@id\":\"https:\\\/\\\/www.lamennais.org\\\/#\\\/schema\\\/person\\\/2a8d6e8a95babedd5ba1c43afd2e3844\"},\"breadcrumb\":{\"@id\":\"https:\\\/\\\/www.lamennais.org\\\/france-ploermel-fete-de-la-famille-mennaisienne\\\/#breadcrumb\"},\"inLanguage\":\"en-US\",\"potentialAction\":[{\"@type\":\"ReadAction\",\"target\":[\"https:\\\/\\\/www.lamennais.org\\\/france-ploermel-fete-de-la-famille-mennaisienne\\\/\"]}]},{\"@type\":\"ImageObject\",\"inLanguage\":\"en-US\",\"@id\":\"https:\\\/\\\/www.lamennais.org\\\/france-ploermel-fete-de-la-famille-mennaisienne\\\/#primaryimage\",\"url\":\"https:\\\/\\\/www.lamennais.org\\\/wp-content\\\/uploads\\\/2026\\\/09\\\/slide-scaled.jpg\",\"contentUrl\":\"https:\\\/\\\/www.lamennais.org\\\/wp-content\\\/uploads\\\/2026\\\/09\\\/slide-scaled.jpg\",\"width\":2560,\"height\":1246},{\"@type\":\"BreadcrumbList\",\"@id\":\"https:\\\/\\\/www.lamennais.org\\\/france-ploermel-fete-de-la-famille-mennaisienne\\\/#breadcrumb\",\"itemListElement\":[{\"@type\":\"ListItem\",\"position\":1,\"name\":\"Accueil\",\"item\":\"https:\\\/\\\/www.lamennais.org\\\/\"},{\"@type\":\"ListItem\",\"position\":2,\"name\":\"France &#8211; Plo\u00ebrmel : F\u00eate de la famille Mennaisienne\"}]},{\"@type\":\"WebSite\",\"@id\":\"https:\\\/\\\/www.lamennais.org\\\/#website\",\"url\":\"https:\\\/\\\/www.lamennais.org\\\/\",\"name\":\"LaMennais.org\",\"description\":\"Fr\u00e8res de l&#039;Instruction Chr\u00e9tienne et Famille Mennaisienne\",\"potentialAction\":[{\"@type\":\"SearchAction\",\"target\":{\"@type\":\"EntryPoint\",\"urlTemplate\":\"https:\\\/\\\/www.lamennais.org\\\/?s={search_term_string}\"},\"query-input\":{\"@type\":\"PropertyValueSpecification\",\"valueRequired\":true,\"valueName\":\"search_term_string\"}}],\"inLanguage\":\"en-US\"},{\"@type\":\"Person\",\"@id\":\"https:\\\/\\\/www.lamennais.org\\\/#\\\/schema\\\/person\\\/2a8d6e8a95babedd5ba1c43afd2e3844\",\"name\":\"Herv\u00e9 Asse\",\"image\":{\"@type\":\"ImageObject\",\"inLanguage\":\"en-US\",\"@id\":\"https:\\\/\\\/secure.gravatar.com\\\/avatar\\\/1aaa7b1baf759c8b40525f40af381cbaa2b0ddd554f57145bceb0654ba45b4c0?s=96&d=mm&r=g\",\"url\":\"https:\\\/\\\/secure.gravatar.com\\\/avatar\\\/1aaa7b1baf759c8b40525f40af381cbaa2b0ddd554f57145bceb0654ba45b4c0?s=96&d=mm&r=g\",\"contentUrl\":\"https:\\\/\\\/secure.gravatar.com\\\/avatar\\\/1aaa7b1baf759c8b40525f40af381cbaa2b0ddd554f57145bceb0654ba45b4c0?s=96&d=mm&r=g\",\"caption\":\"Herv\u00e9 Asse\"}}]}<\/script>\n<!-- \/ Yoast SEO plugin. -->","yoast_head_json":{"title":"France - Plo\u00ebrmel : F\u00eate de la famille Mennaisienne - LaMennais.org","robots":{"index":"index","follow":"follow","max-snippet":"max-snippet:-1","max-image-preview":"max-image-preview:large","max-video-preview":"max-video-preview:-1"},"canonical":"https:\/\/www.lamennais.org\/france-ploermel-fete-de-la-famille-mennaisienne\/","og_locale":"en_US","og_type":"article","og_title":"France - Plo\u00ebrmel : F\u00eate de la famille Mennaisienne - LaMennais.org","og_description":"Comme chaque ann\u00e9e, \u00e0 la fin des vacances d\u2019\u00e9t\u00e9 et avant la nouvelle ann\u00e9e scolaire, cette ann\u00e9e le dimanche 30 ao\u00fbt, toute la Province St Jean-Baptiste se retrouve \u00e0 Plo\u00ebrmel pour vivre une journ\u00e9e de la f\u00eate de la Famille mennaisienne. Diff\u00e9rents temps vont marquer la journ\u00e9e\u00a0: 1er temps\u00a0:\u00a0 Assembl\u00e9e C\u2019est par un temps de [&hellip;]","og_url":"https:\/\/www.lamennais.org\/france-ploermel-fete-de-la-famille-mennaisienne\/","og_site_name":"LaMennais.org","article_published_time":"2026-09-01T14:16:33+00:00","article_modified_time":"2026-09-01T15:01:04+00:00","og_image":[{"width":2560,"height":1246,"url":"https:\/\/www.lamennais.org\/wp-content\/uploads\/2026\/09\/slide-scaled.jpg","type":"image\/jpeg"}],"author":"Herv\u00e9 Asse","twitter_card":"summary_large_image","twitter_misc":{"Written by":"Herv\u00e9 Asse","Est. reading time":"7 minutes"},"schema":{"@context":"https:\/\/schema.org","@graph":[{"@type":"Article","@id":"https:\/\/www.lamennais.org\/france-ploermel-fete-de-la-famille-mennaisienne\/#article","isPartOf":{"@id":"https:\/\/www.lamennais.org\/france-ploermel-fete-de-la-famille-mennaisienne\/"},"author":{"name":"Herv\u00e9 Asse","@id":"https:\/\/www.lamennais.org\/#\/schema\/person\/2a8d6e8a95babedd5ba1c43afd2e3844"},"headline":"France &#8211; Plo\u00ebrmel : F\u00eate de la famille Mennaisienne","datePublished":"2026-09-01T14:16:33+00:00","dateModified":"2026-09-01T15:01:04+00:00","mainEntityOfPage":{"@id":"https:\/\/www.lamennais.org\/france-ploermel-fete-de-la-famille-mennaisienne\/"},"wordCount":785,"image":{"@id":"https:\/\/www.lamennais.org\/france-ploermel-fete-de-la-famille-mennaisienne\/#primaryimage"},"thumbnailUrl":"https:\/\/www.lamennais.org\/wp-content\/uploads\/2026\/09\/slide-scaled.jpg","articleSection":["NOUVELLES"],"inLanguage":"en-US"},{"@type":"WebPage","@id":"https:\/\/www.lamennais.org\/france-ploermel-fete-de-la-famille-mennaisienne\/","url":"https:\/\/www.lamennais.org\/france-ploermel-fete-de-la-famille-mennaisienne\/","name":"France - Plo\u00ebrmel : F\u00eate de la famille Mennaisienne - LaMennais.org","isPartOf":{"@id":"https:\/\/www.lamennais.org\/#website"},"primaryImageOfPage":{"@id":"https:\/\/www.lamennais.org\/france-ploermel-fete-de-la-famille-mennaisienne\/#primaryimage"},"image":{"@id":"https:\/\/www.lamennais.org\/france-ploermel-fete-de-la-famille-mennaisienne\/#primaryimage"},"thumbnailUrl":"https:\/\/www.lamennais.org\/wp-content\/uploads\/2026\/09\/slide-scaled.jpg","datePublished":"2026-09-01T14:16:33+00:00","dateModified":"2026-09-01T15:01:04+00:00","author":{"@id":"https:\/\/www.lamennais.org\/#\/schema\/person\/2a8d6e8a95babedd5ba1c43afd2e3844"},"breadcrumb":{"@id":"https:\/\/www.lamennais.org\/france-ploermel-fete-de-la-famille-mennaisienne\/#breadcrumb"},"inLanguage":"en-US","potentialAction":[{"@type":"ReadAction","target":["https:\/\/www.lamennais.org\/france-ploermel-fete-de-la-famille-mennaisienne\/"]}]},{"@type":"ImageObject","inLanguage":"en-US","@id":"https:\/\/www.lamennais.org\/france-ploermel-fete-de-la-famille-mennaisienne\/#primaryimage","url":"https:\/\/www.lamennais.org\/wp-content\/uploads\/2026\/09\/slide-scaled.jpg","contentUrl":"https:\/\/www.lamennais.org\/wp-content\/uploads\/2026\/09\/slide-scaled.jpg","width":2560,"height":1246},{"@type":"BreadcrumbList","@id":"https:\/\/www.lamennais.org\/france-ploermel-fete-de-la-famille-mennaisienne\/#breadcrumb","itemListElement":[{"@type":"ListItem","position":1,"name":"Accueil","item":"https:\/\/www.lamennais.org\/"},{"@type":"ListItem","position":2,"name":"France &#8211; Plo\u00ebrmel : F\u00eate de la famille Mennaisienne"}]},{"@type":"WebSite","@id":"https:\/\/www.lamennais.org\/#website","url":"https:\/\/www.lamennais.org\/","name":"LaMennais.org","description":"Fr\u00e8res de l&#039;Instruction Chr\u00e9tienne et Famille Mennaisienne","potentialAction":[{"@type":"SearchAction","target":{"@type":"EntryPoint","urlTemplate":"https:\/\/www.lamennais.org\/?s={search_term_string}"},"query-input":{"@type":"PropertyValueSpecification","valueRequired":true,"valueName":"search_term_string"}}],"inLanguage":"en-US"},{"@type":"Person","@id":"https:\/\/www.lamennais.org\/#\/schema\/person\/2a8d6e8a95babedd5ba1c43afd2e3844","name":"Herv\u00e9 Asse","image":{"@type":"ImageObject","inLanguage":"en-US","@id":"https:\/\/secure.gravatar.com\/avatar\/1aaa7b1baf759c8b40525f40af381cbaa2b0ddd554f57145bceb0654ba45b4c0?s=96&d=mm&r=g","url":"https:\/\/secure.gravatar.com\/avatar\/1aaa7b1baf759c8b40525f40af381cbaa2b0ddd554f57145bceb0654ba45b4c0?s=96&d=mm&r=g","contentUrl":"https:\/\/secure.gravatar.com\/avatar\/1aaa7b1baf759c8b40525f40af381cbaa2b0ddd554f57145bceb0654ba45b4c0?s=96&d=mm&r=g","caption":"Herv\u00e9 Asse"}}]}},"_links":{"self":[{"href":"https:\/\/www.lamennais.org\/en\/wp-json\/wp\/v2\/posts\/52118","targetHints":{"allow":["GET"]}}],"collection":[{"href":"https:\/\/www.lamennais.org\/en\/wp-json\/wp\/v2\/posts"}],"about":[{"href":"https:\/\/www.lamennais.org\/en\/wp-json\/wp\/v2\/types\/post"}],"author":[{"embeddable":true,"href":"https:\/\/www.lamennais.org\/en\/wp-json\/wp\/v2\/users\/3"}],"replies":[{"embeddable":true,"href":"https:\/\/www.lamennais.org\/en\/wp-json\/wp\/v2\/comments?post=52118"}],"version-history":[{"count":3,"href":"https:\/\/www.lamennais.org\/en\/wp-json\/wp\/v2\/posts\/52118\/revisions"}],"predecessor-version":[{"id":52177,"href":"https:\/\/www.lamennais.org\/en\/wp-json\/wp\/v2\/posts\/52118\/revisions\/52177"}],"wp:featuredmedia":[{"embeddable":true,"href":"https:\/\/www.lamennais.org\/en\/wp-json\/wp\/v2\/media\/52125"}],"wp:attachment":[{"href":"https:\/\/www.lamennais.org\/en\/wp-json\/wp\/v2\/media?parent=52118"}],"wp:term":[{"taxonomy":"category","embeddable":true,"href":"https:\/\/www.lamennais.org\/en\/wp-json\/wp\/v2\/categories?post=52118"},{"taxonomy":"post_tag","embeddable":true,"href":"https:\/\/www.lamennais.org\/en\/wp-json\/wp\/v2\/tags?post=52118"}],"curies":[{"name":"wp","href":"https:\/\/api.w.org\/{rel}","templated":true}]}}