{"id":50674,"date":"2026-05-02T10:20:30","date_gmt":"2026-05-02T08:20:30","guid":{"rendered":"https:\/\/www.lamennais.org\/?p=50674"},"modified":"2026-05-02T10:21:17","modified_gmt":"2026-05-02T08:21:17","slug":"frere-aniuwe-dengbanda","status":"publish","type":"post","link":"https:\/\/www.lamennais.org\/en\/frere-aniuwe-dengbanda\/","title":{"rendered":"Fr\u00e8re ANIUWE Dengbanda"},"content":{"rendered":"<p><strong><img fetchpriority=\"high\" decoding=\"async\" class=\" wp-image-50675 alignleft\" src=\"https:\/\/www.lamennais.org\/wp-content\/uploads\/2026\/05\/Aniuwe-1-e1777710001159.jpg\" alt=\"\" width=\"232\" height=\"315\" srcset=\"https:\/\/www.lamennais.org\/wp-content\/uploads\/2026\/05\/Aniuwe-1-e1777710001159.jpg 379w, https:\/\/www.lamennais.org\/wp-content\/uploads\/2026\/05\/Aniuwe-1-e1777710001159-221x300.jpg 221w, https:\/\/www.lamennais.org\/wp-content\/uploads\/2026\/05\/Aniuwe-1-e1777710001159-260x353.jpg 260w\" sizes=\"(max-width: 232px) 100vw, 232px\" \/>Naissance <\/strong>: 22 mai 1960 \u00e0 Napodo (Congo RDC)<\/p>\n<p><strong>Noviciat<\/strong> : 08 septembre 1980 \u00e0 Kinshasa<\/p>\n<p><strong>Profession perp\u00e9tuelle <\/strong>: 30 ao\u00fbt 1987<\/p>\n<p><strong>Le Fr\u00e8re Dengbanda ANIUWE est d\u00e9c\u00e9d\u00e9 \u00e0 la Clinique de l\u2019Est d\u2019Isiro, le 1er mai 2026, \u00e0 l\u2019\u00e2ge de 65 ans dont 45 ans de vie religieuse.<\/strong><\/p>\n<p><strong>District Saint-Joseph (Congo RDC)<\/strong><\/p>\n<p>&nbsp;<\/p>\n<p>&nbsp;<\/p>\n<p><strong>Son parcours de service<\/strong><\/p>\n<table width=\"652\">\n<tbody>\n<tr>\n<td width=\"55\"><strong>1982<\/strong><\/td>\n<td width=\"86\">Dungu<\/td>\n<td colspan=\"4\" width=\"255\">Institut Wando<\/td>\n<td width=\"255\">Enseignant<\/td>\n<\/tr>\n<tr>\n<td width=\"55\"><strong>1984<\/strong><\/td>\n<td width=\"86\">Bangadi<\/td>\n<td colspan=\"4\" width=\"255\">Centre de formation cat\u00e9ch\u00e9tique<\/td>\n<td width=\"255\">Enseignant<\/td>\n<\/tr>\n<tr>\n<td width=\"55\"><strong>1985<\/strong><\/td>\n<td width=\"86\">Bunia<\/td>\n<td colspan=\"4\" width=\"255\">Grand S\u00e9minaire dioc\u00e9sain<\/td>\n<td width=\"255\">Etudiant<\/td>\n<\/tr>\n<tr>\n<td width=\"55\"><strong>1989<\/strong><\/td>\n<td width=\"86\">Dungu<\/td>\n<td colspan=\"4\" width=\"255\">Juv\u00e9nat ; Institut Wando<\/td>\n<td width=\"255\">Directeur du Juv\u00e9nat, enseignant<\/td>\n<\/tr>\n<tr>\n<td width=\"55\"><strong>1991<\/strong><\/td>\n<td width=\"86\">Rome<\/td>\n<td colspan=\"4\" width=\"255\">Casa Generalizia<\/td>\n<td width=\"255\">\u00c9tudiant<\/td>\n<\/tr>\n<tr>\n<td width=\"55\"><strong>1994<\/strong><\/td>\n<td width=\"86\">Kinshasa<\/td>\n<td colspan=\"4\" width=\"255\">Centre de formation F.I.C.<\/td>\n<td width=\"255\">Sup\u00e9rieur, Directeur<\/td>\n<\/tr>\n<tr>\n<td width=\"55\"><strong>1998<\/strong><\/td>\n<td width=\"86\">Dungu<\/td>\n<td colspan=\"4\" width=\"255\">Institut Wando<\/td>\n<td width=\"255\">Sup.-adjoint, Pr\u00e9fet<\/td>\n<\/tr>\n<tr>\n<td width=\"55\"><strong>2004<\/strong><\/td>\n<td width=\"86\">Isiro<\/td>\n<td colspan=\"4\" width=\"255\"><\/td>\n<td width=\"255\">Sup\u00e9rieur<\/td>\n<\/tr>\n<tr>\n<td width=\"55\"><strong>2007<\/strong><\/td>\n<td width=\"86\">Kirambo<\/td>\n<td colspan=\"4\" width=\"255\">ENP\/TTC Jean de la Mennais<\/td>\n<td width=\"255\">\u00a0Aide \u00e0 l\u2019intendance<\/td>\n<\/tr>\n<tr>\n<td width=\"55\"><strong>2008<\/strong><\/td>\n<td width=\"86\">Dungu<\/td>\n<td colspan=\"4\" width=\"255\">Communaut\u00e9 FIC<\/td>\n<td width=\"255\">Sup\u00e9rieur, Pr\u00e9fet \u00e0 Wando<\/td>\n<\/tr>\n<tr>\n<td width=\"55\"><strong>2012<\/strong><\/td>\n<td width=\"86\">Dungu<\/td>\n<td colspan=\"2\" width=\"142\">Communaut\u00e9 FIC<\/td>\n<td colspan=\"3\" width=\"369\">Coordinateur dioc\u00e9sain des \u00e9coles conventionn\u00e9es catholiques<\/td>\n<\/tr>\n<tr>\n<td width=\"55\"><strong>2015<\/strong><\/td>\n<td width=\"86\">Gisenyi<\/td>\n<td width=\"132\">Communaut\u00e9 FIC<\/td>\n<td colspan=\"4\" width=\"378\">Attach\u00e9 au Postulat, et \u00e0 l&#8217;\u00e9cole de Mbugangali<\/td>\n<\/tr>\n<tr>\n<td width=\"55\"><strong>2017<\/strong><\/td>\n<td width=\"86\">Isiro<\/td>\n<td width=\"132\">Communaut\u00e9 FIC<\/td>\n<td colspan=\"4\" width=\"378\">Conseiller p\u00e9dagogique \u00e0 l&#8217;Institut Saint-Rosaire<\/td>\n<\/tr>\n<tr>\n<td width=\"55\"><strong>2022<\/strong><\/td>\n<td width=\"86\">Josselin<\/td>\n<td colspan=\"4\" width=\"255\">Communaut\u00e9 FIC<\/td>\n<td width=\"255\">Repos m\u00e9dical<\/td>\n<\/tr>\n<tr>\n<td width=\"55\"><strong>2023<\/strong><\/td>\n<td width=\"86\">Isiro<\/td>\n<td colspan=\"4\" width=\"255\">Communaut\u00e9 FIC<\/td>\n<td width=\"255\">Conseiller p\u00e9dagogique<\/td>\n<\/tr>\n<tr>\n<td width=\"55\"><strong>2024<\/strong><\/td>\n<td width=\"86\">Isiro<\/td>\n<td colspan=\"4\" width=\"255\">Communaut\u00e9 FIC<\/td>\n<td width=\"255\">Repos m\u00e9dical<\/td>\n<\/tr>\n<tr>\n<td width=\"55\"><strong>2025<\/strong><\/td>\n<td width=\"86\">Isiro<\/td>\n<td colspan=\"3\" width=\"170\">Communaut\u00e9 FIC<\/td>\n<td colspan=\"2\" width=\"340\">Sup ad, enseignant \u00e0 l&#8217;Inst St Rosaire<\/td>\n<\/tr>\n<\/tbody>\n<\/table>\n","protected":false},"excerpt":{"rendered":"<p>Naissance : 22 mai 1960 \u00e0 Napodo (Congo RDC) Noviciat : 08 septembre 1980 \u00e0 Kinshasa Profession perp\u00e9tuelle : 30 ao\u00fbt 1987 Le Fr\u00e8re Dengbanda ANIUWE est d\u00e9c\u00e9d\u00e9 \u00e0 la Clinique de l\u2019Est d\u2019Isiro, le 1er mai 2026, \u00e0 l\u2019\u00e2ge de 65 ans dont 45 ans de vie religieuse. District Saint-Joseph (Congo RDC) &nbsp; &nbsp; [&hellip;]<\/p>\n","protected":false},"author":3,"featured_media":0,"comment_status":"closed","ping_status":"closed","sticky":false,"template":"","format":"standard","meta":{"footnotes":""},"categories":[90,409,58],"tags":[],"class_list":["post-50674","post","type-post","status-publish","format-standard","hentry","category-defunts","category-409","category-freres"],"yoast_head":"<!-- This site is optimized with the Yoast SEO plugin v27.5 - https:\/\/yoast.com\/product\/yoast-seo-wordpress\/ -->\n<title>Fr\u00e8re ANIUWE Dengbanda - LaMennais.org<\/title>\n<meta name=\"robots\" content=\"index, follow, max-snippet:-1, max-image-preview:large, max-video-preview:-1\" \/>\n<link rel=\"canonical\" href=\"https:\/\/www.lamennais.org\/frere-aniuwe-dengbanda\/\" \/>\n<meta property=\"og:locale\" content=\"en_US\" \/>\n<meta property=\"og:type\" content=\"article\" \/>\n<meta property=\"og:title\" content=\"Fr\u00e8re ANIUWE Dengbanda - LaMennais.org\" \/>\n<meta property=\"og:description\" content=\"Naissance : 22 mai 1960 \u00e0 Napodo (Congo RDC) Noviciat : 08 septembre 1980 \u00e0 Kinshasa Profession perp\u00e9tuelle : 30 ao\u00fbt 1987 Le Fr\u00e8re Dengbanda ANIUWE est d\u00e9c\u00e9d\u00e9 \u00e0 la Clinique de l\u2019Est d\u2019Isiro, le 1er mai 2026, \u00e0 l\u2019\u00e2ge de 65 ans dont 45 ans de vie religieuse. District Saint-Joseph (Congo RDC) &nbsp; &nbsp; [&hellip;]\" \/>\n<meta property=\"og:url\" content=\"https:\/\/www.lamennais.org\/frere-aniuwe-dengbanda\/\" \/>\n<meta property=\"og:site_name\" content=\"LaMennais.org\" \/>\n<meta property=\"article:published_time\" content=\"2026-05-02T08:20:30+00:00\" \/>\n<meta property=\"article:modified_time\" content=\"2026-05-02T08:21:17+00:00\" \/>\n<meta property=\"og:image\" content=\"https:\/\/www.lamennais.org\/wp-content\/uploads\/2026\/05\/Aniuwe-1-e1777710001159.jpg\" \/>\n\t<meta property=\"og:image:width\" content=\"379\" \/>\n\t<meta property=\"og:image:height\" content=\"514\" \/>\n\t<meta property=\"og:image:type\" content=\"image\/jpeg\" \/>\n<meta name=\"author\" content=\"Herv\u00e9 Asse\" \/>\n<meta name=\"twitter:card\" content=\"summary_large_image\" \/>\n<meta name=\"twitter:label1\" content=\"Written by\" \/>\n\t<meta name=\"twitter:data1\" content=\"Herv\u00e9 Asse\" \/>\n\t<meta name=\"twitter:label2\" content=\"Est. reading time\" \/>\n\t<meta name=\"twitter:data2\" content=\"2 minutes\" \/>\n<script type=\"application\/ld+json\" class=\"yoast-schema-graph\">{\"@context\":\"https:\\\/\\\/schema.org\",\"@graph\":[{\"@type\":\"Article\",\"@id\":\"https:\\\/\\\/www.lamennais.org\\\/frere-aniuwe-dengbanda\\\/#article\",\"isPartOf\":{\"@id\":\"https:\\\/\\\/www.lamennais.org\\\/frere-aniuwe-dengbanda\\\/\"},\"author\":{\"name\":\"Herv\u00e9 Asse\",\"@id\":\"https:\\\/\\\/www.lamennais.org\\\/#\\\/schema\\\/person\\\/2a8d6e8a95babedd5ba1c43afd2e3844\"},\"headline\":\"Fr\u00e8re ANIUWE Dengbanda\",\"datePublished\":\"2026-05-02T08:20:30+00:00\",\"dateModified\":\"2026-05-02T08:21:17+00:00\",\"mainEntityOfPage\":{\"@id\":\"https:\\\/\\\/www.lamennais.org\\\/frere-aniuwe-dengbanda\\\/\"},\"wordCount\":185,\"image\":{\"@id\":\"https:\\\/\\\/www.lamennais.org\\\/frere-aniuwe-dengbanda\\\/#primaryimage\"},\"thumbnailUrl\":\"https:\\\/\\\/www.lamennais.org\\\/wp-content\\\/uploads\\\/2026\\\/05\\\/Aniuwe-1-e1777710001159.jpg\",\"articleSection\":[\"D\u00e9funts\",\"D\u00e9funts de l'ann\u00e9e 2026\",\"Fr\u00e8res\"],\"inLanguage\":\"en-US\"},{\"@type\":\"WebPage\",\"@id\":\"https:\\\/\\\/www.lamennais.org\\\/frere-aniuwe-dengbanda\\\/\",\"url\":\"https:\\\/\\\/www.lamennais.org\\\/frere-aniuwe-dengbanda\\\/\",\"name\":\"Fr\u00e8re ANIUWE Dengbanda - LaMennais.org\",\"isPartOf\":{\"@id\":\"https:\\\/\\\/www.lamennais.org\\\/#website\"},\"primaryImageOfPage\":{\"@id\":\"https:\\\/\\\/www.lamennais.org\\\/frere-aniuwe-dengbanda\\\/#primaryimage\"},\"image\":{\"@id\":\"https:\\\/\\\/www.lamennais.org\\\/frere-aniuwe-dengbanda\\\/#primaryimage\"},\"thumbnailUrl\":\"https:\\\/\\\/www.lamennais.org\\\/wp-content\\\/uploads\\\/2026\\\/05\\\/Aniuwe-1-e1777710001159.jpg\",\"datePublished\":\"2026-05-02T08:20:30+00:00\",\"dateModified\":\"2026-05-02T08:21:17+00:00\",\"author\":{\"@id\":\"https:\\\/\\\/www.lamennais.org\\\/#\\\/schema\\\/person\\\/2a8d6e8a95babedd5ba1c43afd2e3844\"},\"breadcrumb\":{\"@id\":\"https:\\\/\\\/www.lamennais.org\\\/frere-aniuwe-dengbanda\\\/#breadcrumb\"},\"inLanguage\":\"en-US\",\"potentialAction\":[{\"@type\":\"ReadAction\",\"target\":[\"https:\\\/\\\/www.lamennais.org\\\/frere-aniuwe-dengbanda\\\/\"]}]},{\"@type\":\"ImageObject\",\"inLanguage\":\"en-US\",\"@id\":\"https:\\\/\\\/www.lamennais.org\\\/frere-aniuwe-dengbanda\\\/#primaryimage\",\"url\":\"https:\\\/\\\/www.lamennais.org\\\/wp-content\\\/uploads\\\/2026\\\/05\\\/Aniuwe-1-e1777710001159.jpg\",\"contentUrl\":\"https:\\\/\\\/www.lamennais.org\\\/wp-content\\\/uploads\\\/2026\\\/05\\\/Aniuwe-1-e1777710001159.jpg\"},{\"@type\":\"BreadcrumbList\",\"@id\":\"https:\\\/\\\/www.lamennais.org\\\/frere-aniuwe-dengbanda\\\/#breadcrumb\",\"itemListElement\":[{\"@type\":\"ListItem\",\"position\":1,\"name\":\"Accueil\",\"item\":\"https:\\\/\\\/www.lamennais.org\\\/\"},{\"@type\":\"ListItem\",\"position\":2,\"name\":\"Fr\u00e8re ANIUWE Dengbanda\"}]},{\"@type\":\"WebSite\",\"@id\":\"https:\\\/\\\/www.lamennais.org\\\/#website\",\"url\":\"https:\\\/\\\/www.lamennais.org\\\/\",\"name\":\"LaMennais.org\",\"description\":\"Fr\u00e8res de l&#039;Instruction Chr\u00e9tienne et Famille Mennaisienne\",\"potentialAction\":[{\"@type\":\"SearchAction\",\"target\":{\"@type\":\"EntryPoint\",\"urlTemplate\":\"https:\\\/\\\/www.lamennais.org\\\/?s={search_term_string}\"},\"query-input\":{\"@type\":\"PropertyValueSpecification\",\"valueRequired\":true,\"valueName\":\"search_term_string\"}}],\"inLanguage\":\"en-US\"},{\"@type\":\"Person\",\"@id\":\"https:\\\/\\\/www.lamennais.org\\\/#\\\/schema\\\/person\\\/2a8d6e8a95babedd5ba1c43afd2e3844\",\"name\":\"Herv\u00e9 Asse\",\"image\":{\"@type\":\"ImageObject\",\"inLanguage\":\"en-US\",\"@id\":\"https:\\\/\\\/secure.gravatar.com\\\/avatar\\\/1aaa7b1baf759c8b40525f40af381cbaa2b0ddd554f57145bceb0654ba45b4c0?s=96&d=mm&r=g\",\"url\":\"https:\\\/\\\/secure.gravatar.com\\\/avatar\\\/1aaa7b1baf759c8b40525f40af381cbaa2b0ddd554f57145bceb0654ba45b4c0?s=96&d=mm&r=g\",\"contentUrl\":\"https:\\\/\\\/secure.gravatar.com\\\/avatar\\\/1aaa7b1baf759c8b40525f40af381cbaa2b0ddd554f57145bceb0654ba45b4c0?s=96&d=mm&r=g\",\"caption\":\"Herv\u00e9 Asse\"}}]}<\/script>\n<!-- \/ Yoast SEO plugin. -->","yoast_head_json":{"title":"Fr\u00e8re ANIUWE Dengbanda - LaMennais.org","robots":{"index":"index","follow":"follow","max-snippet":"max-snippet:-1","max-image-preview":"max-image-preview:large","max-video-preview":"max-video-preview:-1"},"canonical":"https:\/\/www.lamennais.org\/frere-aniuwe-dengbanda\/","og_locale":"en_US","og_type":"article","og_title":"Fr\u00e8re ANIUWE Dengbanda - LaMennais.org","og_description":"Naissance : 22 mai 1960 \u00e0 Napodo (Congo RDC) Noviciat : 08 septembre 1980 \u00e0 Kinshasa Profession perp\u00e9tuelle : 30 ao\u00fbt 1987 Le Fr\u00e8re Dengbanda ANIUWE est d\u00e9c\u00e9d\u00e9 \u00e0 la Clinique de l\u2019Est d\u2019Isiro, le 1er mai 2026, \u00e0 l\u2019\u00e2ge de 65 ans dont 45 ans de vie religieuse. District Saint-Joseph (Congo RDC) &nbsp; &nbsp; [&hellip;]","og_url":"https:\/\/www.lamennais.org\/frere-aniuwe-dengbanda\/","og_site_name":"LaMennais.org","article_published_time":"2026-05-02T08:20:30+00:00","article_modified_time":"2026-05-02T08:21:17+00:00","og_image":[{"width":379,"height":514,"url":"https:\/\/www.lamennais.org\/wp-content\/uploads\/2026\/05\/Aniuwe-1-e1777710001159.jpg","type":"image\/jpeg"}],"author":"Herv\u00e9 Asse","twitter_card":"summary_large_image","twitter_misc":{"Written by":"Herv\u00e9 Asse","Est. reading time":"2 minutes"},"schema":{"@context":"https:\/\/schema.org","@graph":[{"@type":"Article","@id":"https:\/\/www.lamennais.org\/frere-aniuwe-dengbanda\/#article","isPartOf":{"@id":"https:\/\/www.lamennais.org\/frere-aniuwe-dengbanda\/"},"author":{"name":"Herv\u00e9 Asse","@id":"https:\/\/www.lamennais.org\/#\/schema\/person\/2a8d6e8a95babedd5ba1c43afd2e3844"},"headline":"Fr\u00e8re ANIUWE Dengbanda","datePublished":"2026-05-02T08:20:30+00:00","dateModified":"2026-05-02T08:21:17+00:00","mainEntityOfPage":{"@id":"https:\/\/www.lamennais.org\/frere-aniuwe-dengbanda\/"},"wordCount":185,"image":{"@id":"https:\/\/www.lamennais.org\/frere-aniuwe-dengbanda\/#primaryimage"},"thumbnailUrl":"https:\/\/www.lamennais.org\/wp-content\/uploads\/2026\/05\/Aniuwe-1-e1777710001159.jpg","articleSection":["D\u00e9funts","D\u00e9funts de l'ann\u00e9e 2026","Fr\u00e8res"],"inLanguage":"en-US"},{"@type":"WebPage","@id":"https:\/\/www.lamennais.org\/frere-aniuwe-dengbanda\/","url":"https:\/\/www.lamennais.org\/frere-aniuwe-dengbanda\/","name":"Fr\u00e8re ANIUWE Dengbanda - LaMennais.org","isPartOf":{"@id":"https:\/\/www.lamennais.org\/#website"},"primaryImageOfPage":{"@id":"https:\/\/www.lamennais.org\/frere-aniuwe-dengbanda\/#primaryimage"},"image":{"@id":"https:\/\/www.lamennais.org\/frere-aniuwe-dengbanda\/#primaryimage"},"thumbnailUrl":"https:\/\/www.lamennais.org\/wp-content\/uploads\/2026\/05\/Aniuwe-1-e1777710001159.jpg","datePublished":"2026-05-02T08:20:30+00:00","dateModified":"2026-05-02T08:21:17+00:00","author":{"@id":"https:\/\/www.lamennais.org\/#\/schema\/person\/2a8d6e8a95babedd5ba1c43afd2e3844"},"breadcrumb":{"@id":"https:\/\/www.lamennais.org\/frere-aniuwe-dengbanda\/#breadcrumb"},"inLanguage":"en-US","potentialAction":[{"@type":"ReadAction","target":["https:\/\/www.lamennais.org\/frere-aniuwe-dengbanda\/"]}]},{"@type":"ImageObject","inLanguage":"en-US","@id":"https:\/\/www.lamennais.org\/frere-aniuwe-dengbanda\/#primaryimage","url":"https:\/\/www.lamennais.org\/wp-content\/uploads\/2026\/05\/Aniuwe-1-e1777710001159.jpg","contentUrl":"https:\/\/www.lamennais.org\/wp-content\/uploads\/2026\/05\/Aniuwe-1-e1777710001159.jpg"},{"@type":"BreadcrumbList","@id":"https:\/\/www.lamennais.org\/frere-aniuwe-dengbanda\/#breadcrumb","itemListElement":[{"@type":"ListItem","position":1,"name":"Accueil","item":"https:\/\/www.lamennais.org\/"},{"@type":"ListItem","position":2,"name":"Fr\u00e8re ANIUWE Dengbanda"}]},{"@type":"WebSite","@id":"https:\/\/www.lamennais.org\/#website","url":"https:\/\/www.lamennais.org\/","name":"LaMennais.org","description":"Fr\u00e8res de l&#039;Instruction Chr\u00e9tienne et Famille Mennaisienne","potentialAction":[{"@type":"SearchAction","target":{"@type":"EntryPoint","urlTemplate":"https:\/\/www.lamennais.org\/?s={search_term_string}"},"query-input":{"@type":"PropertyValueSpecification","valueRequired":true,"valueName":"search_term_string"}}],"inLanguage":"en-US"},{"@type":"Person","@id":"https:\/\/www.lamennais.org\/#\/schema\/person\/2a8d6e8a95babedd5ba1c43afd2e3844","name":"Herv\u00e9 Asse","image":{"@type":"ImageObject","inLanguage":"en-US","@id":"https:\/\/secure.gravatar.com\/avatar\/1aaa7b1baf759c8b40525f40af381cbaa2b0ddd554f57145bceb0654ba45b4c0?s=96&d=mm&r=g","url":"https:\/\/secure.gravatar.com\/avatar\/1aaa7b1baf759c8b40525f40af381cbaa2b0ddd554f57145bceb0654ba45b4c0?s=96&d=mm&r=g","contentUrl":"https:\/\/secure.gravatar.com\/avatar\/1aaa7b1baf759c8b40525f40af381cbaa2b0ddd554f57145bceb0654ba45b4c0?s=96&d=mm&r=g","caption":"Herv\u00e9 Asse"}}]}},"_links":{"self":[{"href":"https:\/\/www.lamennais.org\/en\/wp-json\/wp\/v2\/posts\/50674","targetHints":{"allow":["GET"]}}],"collection":[{"href":"https:\/\/www.lamennais.org\/en\/wp-json\/wp\/v2\/posts"}],"about":[{"href":"https:\/\/www.lamennais.org\/en\/wp-json\/wp\/v2\/types\/post"}],"author":[{"embeddable":true,"href":"https:\/\/www.lamennais.org\/en\/wp-json\/wp\/v2\/users\/3"}],"replies":[{"embeddable":true,"href":"https:\/\/www.lamennais.org\/en\/wp-json\/wp\/v2\/comments?post=50674"}],"version-history":[{"count":3,"href":"https:\/\/www.lamennais.org\/en\/wp-json\/wp\/v2\/posts\/50674\/revisions"}],"predecessor-version":[{"id":50680,"href":"https:\/\/www.lamennais.org\/en\/wp-json\/wp\/v2\/posts\/50674\/revisions\/50680"}],"wp:attachment":[{"href":"https:\/\/www.lamennais.org\/en\/wp-json\/wp\/v2\/media?parent=50674"}],"wp:term":[{"taxonomy":"category","embeddable":true,"href":"https:\/\/www.lamennais.org\/en\/wp-json\/wp\/v2\/categories?post=50674"},{"taxonomy":"post_tag","embeddable":true,"href":"https:\/\/www.lamennais.org\/en\/wp-json\/wp\/v2\/tags?post=50674"}],"curies":[{"name":"wp","href":"https:\/\/api.w.org\/{rel}","templated":true}]}}