{"id":49900,"date":"2026-02-20T15:50:36","date_gmt":"2026-02-20T14:50:36","guid":{"rendered":"https:\/\/www.lamennais.org\/?p=49900"},"modified":"2026-02-20T17:22:03","modified_gmt":"2026-02-20T16:22:03","slug":"argentina-bialet-masse-a-fire-that-is-spreading","status":"publish","type":"post","link":"https:\/\/www.lamennais.org\/en\/argentina-bialet-masse-a-fire-that-is-spreading\/","title":{"rendered":"ARGENTINA \u2013 Bialet-Mass\u00e9: a Fire that is Spreading"},"content":{"rendered":"<p>From February 2<sup>nd<\/sup> to 5<sup>th<\/sup>, 2026, in Bialet Mass\u00e9, in the Department of C\u00f3rdoba, Educators from Argentina, Chile and Uruguay reminded us that Education is <strong><em>not about Filling a Glass, but about Lighting a Fire.<\/em><\/strong><\/p>\n<p><img fetchpriority=\"high\" decoding=\"async\" class=\"size-full wp-image-49890 aligncenter\" src=\"https:\/\/www.lamennais.org\/wp-content\/uploads\/2026\/02\/Bialet-M-1.jpg\" alt=\"\" width=\"1400\" height=\"600\" srcset=\"https:\/\/www.lamennais.org\/wp-content\/uploads\/2026\/02\/Bialet-M-1.jpg 1400w, https:\/\/www.lamennais.org\/wp-content\/uploads\/2026\/02\/Bialet-M-1-300x129.jpg 300w, https:\/\/www.lamennais.org\/wp-content\/uploads\/2026\/02\/Bialet-M-1-1024x439.jpg 1024w, https:\/\/www.lamennais.org\/wp-content\/uploads\/2026\/02\/Bialet-M-1-768x329.jpg 768w, https:\/\/www.lamennais.org\/wp-content\/uploads\/2026\/02\/Bialet-M-1-260x111.jpg 260w\" sizes=\"(max-width: 1400px) 100vw, 1400px\" \/><\/p>\n<p>During that <strong>F<\/strong><strong>irst Mennaisian School<\/strong>, the Notre-Dame du Rosaire School in Bialet Mass\u00e9 became a Place of Fraternal Encounter where Hearts were prepared for the Most Beautiful of Missions: <strong>to bring to Life the Charism of Jean-Marie de la Mennais and Gabriel Deshayes<\/strong> among the Children and Young People who would soon fill Our Classrooms.<\/p>\n<table width=\"671\">\n<tbody>\n<tr>\n<td width=\"186\"><img decoding=\"async\" class=\"size-full wp-image-49878 aligncenter\" src=\"https:\/\/www.lamennais.org\/wp-content\/uploads\/2026\/02\/Bialet-M-5.jpg\" alt=\"\" width=\"896\" height=\"600\" srcset=\"https:\/\/www.lamennais.org\/wp-content\/uploads\/2026\/02\/Bialet-M-5.jpg 896w, https:\/\/www.lamennais.org\/wp-content\/uploads\/2026\/02\/Bialet-M-5-300x201.jpg 300w, https:\/\/www.lamennais.org\/wp-content\/uploads\/2026\/02\/Bialet-M-5-768x514.jpg 768w, https:\/\/www.lamennais.org\/wp-content\/uploads\/2026\/02\/Bialet-M-5-260x174.jpg 260w\" sizes=\"(max-width: 896px) 100vw, 896px\" \/><\/td>\n<td width=\"274\"><img decoding=\"async\" class=\"size-full wp-image-49866 aligncenter\" src=\"https:\/\/www.lamennais.org\/wp-content\/uploads\/2026\/02\/Bialet-M-9.jpg\" alt=\"\" width=\"764\" height=\"600\" srcset=\"https:\/\/www.lamennais.org\/wp-content\/uploads\/2026\/02\/Bialet-M-9.jpg 764w, https:\/\/www.lamennais.org\/wp-content\/uploads\/2026\/02\/Bialet-M-9-300x236.jpg 300w, https:\/\/www.lamennais.org\/wp-content\/uploads\/2026\/02\/Bialet-M-9-260x204.jpg 260w\" sizes=\"(max-width: 764px) 100vw, 764px\" \/><\/td>\n<td width=\"210\"><img loading=\"lazy\" decoding=\"async\" class=\"size-full wp-image-49881 aligncenter\" src=\"https:\/\/www.lamennais.org\/wp-content\/uploads\/2026\/02\/Bialet-M-4.jpg\" alt=\"\" width=\"706\" height=\"600\" srcset=\"https:\/\/www.lamennais.org\/wp-content\/uploads\/2026\/02\/Bialet-M-4.jpg 706w, https:\/\/www.lamennais.org\/wp-content\/uploads\/2026\/02\/Bialet-M-4-300x255.jpg 300w, https:\/\/www.lamennais.org\/wp-content\/uploads\/2026\/02\/Bialet-M-4-260x221.jpg 260w\" sizes=\"(max-width: 706px) 100vw, 706px\" \/><\/td>\n<\/tr>\n<\/tbody>\n<\/table>\n<p>Those Days were not devoted to Theories, but to Genuine Encounters and Connections that transcended Borders. Thank you to each Teacher for Dedicating that Time to &#8220;<strong><em>Preparing the Soul&#8221; before Proclaiming Jesus!<\/em><\/strong><\/p>\n<table>\n<tbody>\n<tr>\n<td width=\"214\"><img loading=\"lazy\" decoding=\"async\" class=\"size-full wp-image-49875 aligncenter\" src=\"https:\/\/www.lamennais.org\/wp-content\/uploads\/2026\/02\/Bialet-M-6.jpg\" alt=\"\" width=\"953\" height=\"600\" srcset=\"https:\/\/www.lamennais.org\/wp-content\/uploads\/2026\/02\/Bialet-M-6.jpg 953w, https:\/\/www.lamennais.org\/wp-content\/uploads\/2026\/02\/Bialet-M-6-300x189.jpg 300w, https:\/\/www.lamennais.org\/wp-content\/uploads\/2026\/02\/Bialet-M-6-768x484.jpg 768w, https:\/\/www.lamennais.org\/wp-content\/uploads\/2026\/02\/Bialet-M-6-260x164.jpg 260w\" sizes=\"(max-width: 953px) 100vw, 953px\" \/><\/td>\n<td width=\"214\"><img loading=\"lazy\" decoding=\"async\" class=\"size-full wp-image-49872 aligncenter\" src=\"https:\/\/www.lamennais.org\/wp-content\/uploads\/2026\/02\/Bialet-M-7.jpg\" alt=\"\" width=\"855\" height=\"600\" srcset=\"https:\/\/www.lamennais.org\/wp-content\/uploads\/2026\/02\/Bialet-M-7.jpg 855w, https:\/\/www.lamennais.org\/wp-content\/uploads\/2026\/02\/Bialet-M-7-300x211.jpg 300w, https:\/\/www.lamennais.org\/wp-content\/uploads\/2026\/02\/Bialet-M-7-768x539.jpg 768w, https:\/\/www.lamennais.org\/wp-content\/uploads\/2026\/02\/Bialet-M-7-260x182.jpg 260w\" sizes=\"(max-width: 855px) 100vw, 855px\" \/><\/td>\n<td width=\"214\"><img loading=\"lazy\" decoding=\"async\" class=\"size-full wp-image-49869 aligncenter\" src=\"https:\/\/www.lamennais.org\/wp-content\/uploads\/2026\/02\/Bialet-M-8.jpg\" alt=\"\" width=\"972\" height=\"600\" srcset=\"https:\/\/www.lamennais.org\/wp-content\/uploads\/2026\/02\/Bialet-M-8.jpg 972w, https:\/\/www.lamennais.org\/wp-content\/uploads\/2026\/02\/Bialet-M-8-300x185.jpg 300w, https:\/\/www.lamennais.org\/wp-content\/uploads\/2026\/02\/Bialet-M-8-768x474.jpg 768w, https:\/\/www.lamennais.org\/wp-content\/uploads\/2026\/02\/Bialet-M-8-260x160.jpg 260w\" sizes=\"(max-width: 972px) 100vw, 972px\" \/><\/td>\n<\/tr>\n<\/tbody>\n<\/table>\n<p>May God Bless this New Year that began: Teachers, Educators, Parents, Young People and Children\u2026<\/p>\n<p style=\"text-align: center;\"><img loading=\"lazy\" decoding=\"async\" class=\"size-full wp-image-49884 aligncenter\" src=\"https:\/\/www.lamennais.org\/wp-content\/uploads\/2026\/02\/Bialet-M-3.jpg\" alt=\"\" width=\"1521\" height=\"600\" srcset=\"https:\/\/www.lamennais.org\/wp-content\/uploads\/2026\/02\/Bialet-M-3.jpg 1521w, https:\/\/www.lamennais.org\/wp-content\/uploads\/2026\/02\/Bialet-M-3-300x118.jpg 300w, https:\/\/www.lamennais.org\/wp-content\/uploads\/2026\/02\/Bialet-M-3-1024x404.jpg 1024w, https:\/\/www.lamennais.org\/wp-content\/uploads\/2026\/02\/Bialet-M-3-768x303.jpg 768w, https:\/\/www.lamennais.org\/wp-content\/uploads\/2026\/02\/Bialet-M-3-260x103.jpg 260w\" sizes=\"(max-width: 1521px) 100vw, 1521px\" \/><\/p>\n<p style=\"text-align: center;\">\n<em><strong>May Charisma live on like a Fire to be passed on in Each of You!<\/strong><\/em><\/p>\n<p><em><strong>News compiled by Mart\u00edn Roig<\/strong><\/em><\/p>\n","protected":false},"excerpt":{"rendered":"<p>From February 2nd to 5th, 2026, in Bialet Mass\u00e9, in the Department of C\u00f3rdoba, Educators from Argentina, Chile and Uruguay reminded us that Education is not about Filling a Glass, but about Lighting a Fire. During that First Mennaisian School, the Notre-Dame du Rosaire School in Bialet Mass\u00e9 became a Place of Fraternal Encounter where [&hellip;]<\/p>\n","protected":false},"author":3,"featured_media":49888,"comment_status":"closed","ping_status":"closed","sticky":false,"template":"","format":"standard","meta":{"footnotes":""},"categories":[104],"tags":[],"class_list":["post-49900","post","type-post","status-publish","format-standard","has-post-thumbnail","hentry","category-news"],"yoast_head":"<!-- This site is optimized with the Yoast SEO plugin v27.4 - https:\/\/yoast.com\/product\/yoast-seo-wordpress\/ -->\n<title>ARGENTINA \u2013 Bialet-Mass\u00e9: a Fire that is Spreading - LaMennais.org<\/title>\n<meta name=\"robots\" content=\"index, follow, max-snippet:-1, max-image-preview:large, max-video-preview:-1\" \/>\n<link rel=\"canonical\" href=\"https:\/\/www.lamennais.org\/en\/argentina-bialet-masse-a-fire-that-is-spreading\/\" \/>\n<meta property=\"og:locale\" content=\"en_US\" \/>\n<meta property=\"og:type\" content=\"article\" \/>\n<meta property=\"og:title\" content=\"ARGENTINA \u2013 Bialet-Mass\u00e9: a Fire that is Spreading - LaMennais.org\" \/>\n<meta property=\"og:description\" content=\"From February 2nd to 5th, 2026, in Bialet Mass\u00e9, in the Department of C\u00f3rdoba, Educators from Argentina, Chile and Uruguay reminded us that Education is not about Filling a Glass, but about Lighting a Fire. During that First Mennaisian School, the Notre-Dame du Rosaire School in Bialet Mass\u00e9 became a Place of Fraternal Encounter where [&hellip;]\" \/>\n<meta property=\"og:url\" content=\"https:\/\/www.lamennais.org\/en\/argentina-bialet-masse-a-fire-that-is-spreading\/\" \/>\n<meta property=\"og:site_name\" content=\"LaMennais.org\" \/>\n<meta property=\"article:published_time\" content=\"2026-02-20T14:50:36+00:00\" \/>\n<meta property=\"article:modified_time\" content=\"2026-02-20T16:22:03+00:00\" \/>\n<meta property=\"og:image\" content=\"https:\/\/www.lamennais.org\/wp-content\/uploads\/2026\/02\/Bialet-M-2.jpg\" \/>\n\t<meta property=\"og:image:width\" content=\"1189\" \/>\n\t<meta property=\"og:image:height\" content=\"600\" \/>\n\t<meta property=\"og:image:type\" content=\"image\/jpeg\" \/>\n<meta name=\"author\" content=\"Herv\u00e9 Asse\" \/>\n<meta name=\"twitter:card\" content=\"summary_large_image\" \/>\n<meta name=\"twitter:label1\" content=\"Written by\" \/>\n\t<meta name=\"twitter:data1\" content=\"Herv\u00e9 Asse\" \/>\n\t<meta name=\"twitter:label2\" content=\"Est. reading time\" \/>\n\t<meta name=\"twitter:data2\" content=\"3 minutes\" \/>\n<script type=\"application\/ld+json\" class=\"yoast-schema-graph\">{\"@context\":\"https:\\\/\\\/schema.org\",\"@graph\":[{\"@type\":\"Article\",\"@id\":\"https:\\\/\\\/www.lamennais.org\\\/en\\\/argentina-bialet-masse-a-fire-that-is-spreading\\\/#article\",\"isPartOf\":{\"@id\":\"https:\\\/\\\/www.lamennais.org\\\/en\\\/argentina-bialet-masse-a-fire-that-is-spreading\\\/\"},\"author\":{\"name\":\"Herv\u00e9 Asse\",\"@id\":\"https:\\\/\\\/www.lamennais.org\\\/#\\\/schema\\\/person\\\/2a8d6e8a95babedd5ba1c43afd2e3844\"},\"headline\":\"ARGENTINA \u2013 Bialet-Mass\u00e9: a Fire that is Spreading\",\"datePublished\":\"2026-02-20T14:50:36+00:00\",\"dateModified\":\"2026-02-20T16:22:03+00:00\",\"mainEntityOfPage\":{\"@id\":\"https:\\\/\\\/www.lamennais.org\\\/en\\\/argentina-bialet-masse-a-fire-that-is-spreading\\\/\"},\"wordCount\":166,\"image\":{\"@id\":\"https:\\\/\\\/www.lamennais.org\\\/en\\\/argentina-bialet-masse-a-fire-that-is-spreading\\\/#primaryimage\"},\"thumbnailUrl\":\"https:\\\/\\\/www.lamennais.org\\\/wp-content\\\/uploads\\\/2026\\\/02\\\/Bialet-M-2.jpg\",\"articleSection\":[\"NEWS\"],\"inLanguage\":\"en-US\"},{\"@type\":\"WebPage\",\"@id\":\"https:\\\/\\\/www.lamennais.org\\\/en\\\/argentina-bialet-masse-a-fire-that-is-spreading\\\/\",\"url\":\"https:\\\/\\\/www.lamennais.org\\\/en\\\/argentina-bialet-masse-a-fire-that-is-spreading\\\/\",\"name\":\"ARGENTINA \u2013 Bialet-Mass\u00e9: a Fire that is Spreading - LaMennais.org\",\"isPartOf\":{\"@id\":\"https:\\\/\\\/www.lamennais.org\\\/#website\"},\"primaryImageOfPage\":{\"@id\":\"https:\\\/\\\/www.lamennais.org\\\/en\\\/argentina-bialet-masse-a-fire-that-is-spreading\\\/#primaryimage\"},\"image\":{\"@id\":\"https:\\\/\\\/www.lamennais.org\\\/en\\\/argentina-bialet-masse-a-fire-that-is-spreading\\\/#primaryimage\"},\"thumbnailUrl\":\"https:\\\/\\\/www.lamennais.org\\\/wp-content\\\/uploads\\\/2026\\\/02\\\/Bialet-M-2.jpg\",\"datePublished\":\"2026-02-20T14:50:36+00:00\",\"dateModified\":\"2026-02-20T16:22:03+00:00\",\"author\":{\"@id\":\"https:\\\/\\\/www.lamennais.org\\\/#\\\/schema\\\/person\\\/2a8d6e8a95babedd5ba1c43afd2e3844\"},\"breadcrumb\":{\"@id\":\"https:\\\/\\\/www.lamennais.org\\\/en\\\/argentina-bialet-masse-a-fire-that-is-spreading\\\/#breadcrumb\"},\"inLanguage\":\"en-US\",\"potentialAction\":[{\"@type\":\"ReadAction\",\"target\":[\"https:\\\/\\\/www.lamennais.org\\\/en\\\/argentina-bialet-masse-a-fire-that-is-spreading\\\/\"]}]},{\"@type\":\"ImageObject\",\"inLanguage\":\"en-US\",\"@id\":\"https:\\\/\\\/www.lamennais.org\\\/en\\\/argentina-bialet-masse-a-fire-that-is-spreading\\\/#primaryimage\",\"url\":\"https:\\\/\\\/www.lamennais.org\\\/wp-content\\\/uploads\\\/2026\\\/02\\\/Bialet-M-2.jpg\",\"contentUrl\":\"https:\\\/\\\/www.lamennais.org\\\/wp-content\\\/uploads\\\/2026\\\/02\\\/Bialet-M-2.jpg\",\"width\":1189,\"height\":600},{\"@type\":\"BreadcrumbList\",\"@id\":\"https:\\\/\\\/www.lamennais.org\\\/en\\\/argentina-bialet-masse-a-fire-that-is-spreading\\\/#breadcrumb\",\"itemListElement\":[{\"@type\":\"ListItem\",\"position\":1,\"name\":\"Accueil\",\"item\":\"https:\\\/\\\/www.lamennais.org\\\/\"},{\"@type\":\"ListItem\",\"position\":2,\"name\":\"ARGENTINA \u2013 Bialet-Mass\u00e9: a Fire that is Spreading\"}]},{\"@type\":\"WebSite\",\"@id\":\"https:\\\/\\\/www.lamennais.org\\\/#website\",\"url\":\"https:\\\/\\\/www.lamennais.org\\\/\",\"name\":\"LaMennais.org\",\"description\":\"Fr\u00e8res de l&#039;Instruction Chr\u00e9tienne et Famille Mennaisienne\",\"potentialAction\":[{\"@type\":\"SearchAction\",\"target\":{\"@type\":\"EntryPoint\",\"urlTemplate\":\"https:\\\/\\\/www.lamennais.org\\\/?s={search_term_string}\"},\"query-input\":{\"@type\":\"PropertyValueSpecification\",\"valueRequired\":true,\"valueName\":\"search_term_string\"}}],\"inLanguage\":\"en-US\"},{\"@type\":\"Person\",\"@id\":\"https:\\\/\\\/www.lamennais.org\\\/#\\\/schema\\\/person\\\/2a8d6e8a95babedd5ba1c43afd2e3844\",\"name\":\"Herv\u00e9 Asse\",\"image\":{\"@type\":\"ImageObject\",\"inLanguage\":\"en-US\",\"@id\":\"https:\\\/\\\/secure.gravatar.com\\\/avatar\\\/1aaa7b1baf759c8b40525f40af381cbaa2b0ddd554f57145bceb0654ba45b4c0?s=96&d=mm&r=g\",\"url\":\"https:\\\/\\\/secure.gravatar.com\\\/avatar\\\/1aaa7b1baf759c8b40525f40af381cbaa2b0ddd554f57145bceb0654ba45b4c0?s=96&d=mm&r=g\",\"contentUrl\":\"https:\\\/\\\/secure.gravatar.com\\\/avatar\\\/1aaa7b1baf759c8b40525f40af381cbaa2b0ddd554f57145bceb0654ba45b4c0?s=96&d=mm&r=g\",\"caption\":\"Herv\u00e9 Asse\"}}]}<\/script>\n<!-- \/ Yoast SEO plugin. -->","yoast_head_json":{"title":"ARGENTINA \u2013 Bialet-Mass\u00e9: a Fire that is Spreading - LaMennais.org","robots":{"index":"index","follow":"follow","max-snippet":"max-snippet:-1","max-image-preview":"max-image-preview:large","max-video-preview":"max-video-preview:-1"},"canonical":"https:\/\/www.lamennais.org\/en\/argentina-bialet-masse-a-fire-that-is-spreading\/","og_locale":"en_US","og_type":"article","og_title":"ARGENTINA \u2013 Bialet-Mass\u00e9: a Fire that is Spreading - LaMennais.org","og_description":"From February 2nd to 5th, 2026, in Bialet Mass\u00e9, in the Department of C\u00f3rdoba, Educators from Argentina, Chile and Uruguay reminded us that Education is not about Filling a Glass, but about Lighting a Fire. During that First Mennaisian School, the Notre-Dame du Rosaire School in Bialet Mass\u00e9 became a Place of Fraternal Encounter where [&hellip;]","og_url":"https:\/\/www.lamennais.org\/en\/argentina-bialet-masse-a-fire-that-is-spreading\/","og_site_name":"LaMennais.org","article_published_time":"2026-02-20T14:50:36+00:00","article_modified_time":"2026-02-20T16:22:03+00:00","og_image":[{"width":1189,"height":600,"url":"https:\/\/www.lamennais.org\/wp-content\/uploads\/2026\/02\/Bialet-M-2.jpg","type":"image\/jpeg"}],"author":"Herv\u00e9 Asse","twitter_card":"summary_large_image","twitter_misc":{"Written by":"Herv\u00e9 Asse","Est. reading time":"3 minutes"},"schema":{"@context":"https:\/\/schema.org","@graph":[{"@type":"Article","@id":"https:\/\/www.lamennais.org\/en\/argentina-bialet-masse-a-fire-that-is-spreading\/#article","isPartOf":{"@id":"https:\/\/www.lamennais.org\/en\/argentina-bialet-masse-a-fire-that-is-spreading\/"},"author":{"name":"Herv\u00e9 Asse","@id":"https:\/\/www.lamennais.org\/#\/schema\/person\/2a8d6e8a95babedd5ba1c43afd2e3844"},"headline":"ARGENTINA \u2013 Bialet-Mass\u00e9: a Fire that is Spreading","datePublished":"2026-02-20T14:50:36+00:00","dateModified":"2026-02-20T16:22:03+00:00","mainEntityOfPage":{"@id":"https:\/\/www.lamennais.org\/en\/argentina-bialet-masse-a-fire-that-is-spreading\/"},"wordCount":166,"image":{"@id":"https:\/\/www.lamennais.org\/en\/argentina-bialet-masse-a-fire-that-is-spreading\/#primaryimage"},"thumbnailUrl":"https:\/\/www.lamennais.org\/wp-content\/uploads\/2026\/02\/Bialet-M-2.jpg","articleSection":["NEWS"],"inLanguage":"en-US"},{"@type":"WebPage","@id":"https:\/\/www.lamennais.org\/en\/argentina-bialet-masse-a-fire-that-is-spreading\/","url":"https:\/\/www.lamennais.org\/en\/argentina-bialet-masse-a-fire-that-is-spreading\/","name":"ARGENTINA \u2013 Bialet-Mass\u00e9: a Fire that is Spreading - LaMennais.org","isPartOf":{"@id":"https:\/\/www.lamennais.org\/#website"},"primaryImageOfPage":{"@id":"https:\/\/www.lamennais.org\/en\/argentina-bialet-masse-a-fire-that-is-spreading\/#primaryimage"},"image":{"@id":"https:\/\/www.lamennais.org\/en\/argentina-bialet-masse-a-fire-that-is-spreading\/#primaryimage"},"thumbnailUrl":"https:\/\/www.lamennais.org\/wp-content\/uploads\/2026\/02\/Bialet-M-2.jpg","datePublished":"2026-02-20T14:50:36+00:00","dateModified":"2026-02-20T16:22:03+00:00","author":{"@id":"https:\/\/www.lamennais.org\/#\/schema\/person\/2a8d6e8a95babedd5ba1c43afd2e3844"},"breadcrumb":{"@id":"https:\/\/www.lamennais.org\/en\/argentina-bialet-masse-a-fire-that-is-spreading\/#breadcrumb"},"inLanguage":"en-US","potentialAction":[{"@type":"ReadAction","target":["https:\/\/www.lamennais.org\/en\/argentina-bialet-masse-a-fire-that-is-spreading\/"]}]},{"@type":"ImageObject","inLanguage":"en-US","@id":"https:\/\/www.lamennais.org\/en\/argentina-bialet-masse-a-fire-that-is-spreading\/#primaryimage","url":"https:\/\/www.lamennais.org\/wp-content\/uploads\/2026\/02\/Bialet-M-2.jpg","contentUrl":"https:\/\/www.lamennais.org\/wp-content\/uploads\/2026\/02\/Bialet-M-2.jpg","width":1189,"height":600},{"@type":"BreadcrumbList","@id":"https:\/\/www.lamennais.org\/en\/argentina-bialet-masse-a-fire-that-is-spreading\/#breadcrumb","itemListElement":[{"@type":"ListItem","position":1,"name":"Accueil","item":"https:\/\/www.lamennais.org\/"},{"@type":"ListItem","position":2,"name":"ARGENTINA \u2013 Bialet-Mass\u00e9: a Fire that is Spreading"}]},{"@type":"WebSite","@id":"https:\/\/www.lamennais.org\/#website","url":"https:\/\/www.lamennais.org\/","name":"LaMennais.org","description":"Fr\u00e8res de l&#039;Instruction Chr\u00e9tienne et Famille Mennaisienne","potentialAction":[{"@type":"SearchAction","target":{"@type":"EntryPoint","urlTemplate":"https:\/\/www.lamennais.org\/?s={search_term_string}"},"query-input":{"@type":"PropertyValueSpecification","valueRequired":true,"valueName":"search_term_string"}}],"inLanguage":"en-US"},{"@type":"Person","@id":"https:\/\/www.lamennais.org\/#\/schema\/person\/2a8d6e8a95babedd5ba1c43afd2e3844","name":"Herv\u00e9 Asse","image":{"@type":"ImageObject","inLanguage":"en-US","@id":"https:\/\/secure.gravatar.com\/avatar\/1aaa7b1baf759c8b40525f40af381cbaa2b0ddd554f57145bceb0654ba45b4c0?s=96&d=mm&r=g","url":"https:\/\/secure.gravatar.com\/avatar\/1aaa7b1baf759c8b40525f40af381cbaa2b0ddd554f57145bceb0654ba45b4c0?s=96&d=mm&r=g","contentUrl":"https:\/\/secure.gravatar.com\/avatar\/1aaa7b1baf759c8b40525f40af381cbaa2b0ddd554f57145bceb0654ba45b4c0?s=96&d=mm&r=g","caption":"Herv\u00e9 Asse"}}]}},"_links":{"self":[{"href":"https:\/\/www.lamennais.org\/en\/wp-json\/wp\/v2\/posts\/49900","targetHints":{"allow":["GET"]}}],"collection":[{"href":"https:\/\/www.lamennais.org\/en\/wp-json\/wp\/v2\/posts"}],"about":[{"href":"https:\/\/www.lamennais.org\/en\/wp-json\/wp\/v2\/types\/post"}],"author":[{"embeddable":true,"href":"https:\/\/www.lamennais.org\/en\/wp-json\/wp\/v2\/users\/3"}],"replies":[{"embeddable":true,"href":"https:\/\/www.lamennais.org\/en\/wp-json\/wp\/v2\/comments?post=49900"}],"version-history":[{"count":1,"href":"https:\/\/www.lamennais.org\/en\/wp-json\/wp\/v2\/posts\/49900\/revisions"}],"predecessor-version":[{"id":49901,"href":"https:\/\/www.lamennais.org\/en\/wp-json\/wp\/v2\/posts\/49900\/revisions\/49901"}],"wp:featuredmedia":[{"embeddable":true,"href":"https:\/\/www.lamennais.org\/en\/wp-json\/wp\/v2\/media\/49888"}],"wp:attachment":[{"href":"https:\/\/www.lamennais.org\/en\/wp-json\/wp\/v2\/media?parent=49900"}],"wp:term":[{"taxonomy":"category","embeddable":true,"href":"https:\/\/www.lamennais.org\/en\/wp-json\/wp\/v2\/categories?post=49900"},{"taxonomy":"post_tag","embeddable":true,"href":"https:\/\/www.lamennais.org\/en\/wp-json\/wp\/v2\/tags?post=49900"}],"curies":[{"name":"wp","href":"https:\/\/api.w.org\/{rel}","templated":true}]}}