{"id":46324,"date":"2025-06-06T15:40:49","date_gmt":"2025-06-06T13:40:49","guid":{"rendered":"https:\/\/www.lamennais.org\/?p=46324"},"modified":"2025-06-07T12:32:17","modified_gmt":"2025-06-07T10:32:17","slug":"france-lourdes-pastoral-ministry-at-st-joseph-peyramale-college-dare-to-transmit-faith","status":"publish","type":"post","link":"https:\/\/www.lamennais.org\/en\/france-lourdes-pastoral-ministry-at-st-joseph-peyramale-college-dare-to-transmit-faith\/","title":{"rendered":"France: Lourdes \u2013 Pastoral Ministry at St Joseph-Peyramale College: dare to Transmit Faith!"},"content":{"rendered":"<p><strong>That was<\/strong><strong> not a Custom! We are going to delve into the Heart of a Mennaisian Institution, and perhaps not into what was visible! But into the Most Secret and undoubtedly the Least Obvious: the Heart of Pastoral Activities!<\/strong><\/p>\n<p><strong>Let\u2019s meet Mr. Philippe Pouzet, in charge of Pastoral Minsitry at the College:<\/strong><\/p>\n<p><strong>\u00a0<\/strong><strong>Hello Philippe, I believe you&#8217;ve been at St Joseph-Peyramale for many years? What is your role at the School?<\/strong><\/p>\n<div id=\"attachment_46307\" style=\"width: 870px\" class=\"wp-caption alignleft\"><img fetchpriority=\"high\" decoding=\"async\" aria-describedby=\"caption-attachment-46307\" class=\"wp-image-46307 size-large\" src=\"https:\/\/www.lamennais.org\/wp-content\/uploads\/2025\/06\/CONF-TF-19-12-2024-7-1024x768.jpg\" alt=\"\" width=\"860\" height=\"645\" srcset=\"https:\/\/www.lamennais.org\/wp-content\/uploads\/2025\/06\/CONF-TF-19-12-2024-7-1024x768.jpg 1024w, https:\/\/www.lamennais.org\/wp-content\/uploads\/2025\/06\/CONF-TF-19-12-2024-7-300x225.jpg 300w, https:\/\/www.lamennais.org\/wp-content\/uploads\/2025\/06\/CONF-TF-19-12-2024-7-768x576.jpg 768w, https:\/\/www.lamennais.org\/wp-content\/uploads\/2025\/06\/CONF-TF-19-12-2024-7-260x195.jpg 260w, https:\/\/www.lamennais.org\/wp-content\/uploads\/2025\/06\/CONF-TF-19-12-2024-7.jpg 1500w\" sizes=\"(max-width: 860px) 100vw, 860px\" \/><p id=\"caption-attachment-46307\" class=\"wp-caption-text\"><em>Highlight with students &#8211; Bro Michel Vall\u00e9e from behind.<\/em><\/p><\/div>\n<p>I have been working for and with the Brothers of Plo\u00ebrmel since 1984. First at St Sever in the Landes Region at the Coll\u00e8ge Ste Th\u00e9r\u00e8se as a Boarding School Manager. Then I arrived at Peyramale in Lourdes in 1988 as a Supervisor, and I became an APS (School Pastoral Animator) in the 2000s.<\/p>\n<p><strong>\u00a0 \u00a0 \u00a0 \u00a0 \u00a0 \u00a0<\/strong><\/p>\n<p><strong>Leading Pastoral Care in an Establishment \u2013 \u200b\u200beven in Lourdes \u2013 must remain a challenge!<\/strong><\/p>\n<p>A real challenge, indeed. Lourdes, a World-Famous Marian Shrine, but also a French City like any other, with a practice of the Faith that was declining year after year! Parents no longer practice, their children follow their example!<\/p>\n<p><strong>\u00a0<\/strong><strong>Today, what are the Greatest Difficulties or Obstacles to the Transmission of the Faith?<\/strong><\/p>\n<p>I am always surprised by the deep and real respect of young people, who remain open to listening and sharing!<\/p>\n<p>In fact, we just have to dare to transmit the faith to them. We just have to sow a Word in their Hearts, Evangelical Values, talk to them about God and Pray with them&#8230; Then let the Holy Spirit do the work!<\/p>\n<div id=\"attachment_46313\" style=\"width: 870px\" class=\"wp-caption alignright\"><img decoding=\"async\" aria-describedby=\"caption-attachment-46313\" class=\"wp-image-46313 size-large\" src=\"https:\/\/www.lamennais.org\/wp-content\/uploads\/2025\/06\/Chemin-de-Croix-2025-Ter1er-8-1024x768.jpg\" alt=\"\" width=\"860\" height=\"645\" srcset=\"https:\/\/www.lamennais.org\/wp-content\/uploads\/2025\/06\/Chemin-de-Croix-2025-Ter1er-8-1024x768.jpg 1024w, https:\/\/www.lamennais.org\/wp-content\/uploads\/2025\/06\/Chemin-de-Croix-2025-Ter1er-8-300x225.jpg 300w, https:\/\/www.lamennais.org\/wp-content\/uploads\/2025\/06\/Chemin-de-Croix-2025-Ter1er-8-768x576.jpg 768w, https:\/\/www.lamennais.org\/wp-content\/uploads\/2025\/06\/Chemin-de-Croix-2025-Ter1er-8-260x195.jpg 260w, https:\/\/www.lamennais.org\/wp-content\/uploads\/2025\/06\/Chemin-de-Croix-2025-Ter1er-8.jpg 1500w\" sizes=\"(max-width: 860px) 100vw, 860px\" \/><p id=\"caption-attachment-46313\" class=\"wp-caption-text\"><em>High School Students in front of the Massabielle Grotto<\/em><\/p><\/div>\n<p><strong>\u00a0 \u00a0 \u00a0<\/strong><\/p>\n<p><strong>What are your Greatest Joys at St Joseph Peyramale?<\/strong><\/p>\n<p>-Accompany a young person towards\u00a0 Sacraments, and experience with them all the Moments and Encounters, from the Simplest to the Most Important.<\/p>\n<p>-Spend a Spiritual Morning with Volunteer High School Students at the Sanctuary of Lourdes, offering them the Stations of the Cross, Mass at the Massabielle Grotto (site of the Apparitions), and Confession&#8230; Moments of Grace and Great Joy to share together as a True Moment of Pause in Our Lives.<\/p>\n<p>&#8211; Listen to a young person! Get to know them to better support them.<\/p>\n<p><strong>Can you Summarize your Role as a Pastoral Leader in a Few Key Words?<\/strong><\/p>\n<p>Growing up, Learning, Finding One&#8217;s Way, Praying, Celebrating, Living Together, Sharing Listen and Flourishing, Accompanying Young People towards the Sacraments and the Profession of Faith.<\/p>\n<table>\n<tbody>\n<tr>\n<td width=\"364\">\n<p><div id=\"attachment_46298\" style=\"width: 870px\" class=\"wp-caption aligncenter\"><img decoding=\"async\" aria-describedby=\"caption-attachment-46298\" class=\"wp-image-46298 size-large\" src=\"https:\/\/www.lamennais.org\/wp-content\/uploads\/2025\/06\/CONF-03-05-2025-Phil-3-1024x768.jpg\" alt=\"\" width=\"860\" height=\"645\" srcset=\"https:\/\/www.lamennais.org\/wp-content\/uploads\/2025\/06\/CONF-03-05-2025-Phil-3-1024x768.jpg 1024w, https:\/\/www.lamennais.org\/wp-content\/uploads\/2025\/06\/CONF-03-05-2025-Phil-3-300x225.jpg 300w, https:\/\/www.lamennais.org\/wp-content\/uploads\/2025\/06\/CONF-03-05-2025-Phil-3-768x576.jpg 768w, https:\/\/www.lamennais.org\/wp-content\/uploads\/2025\/06\/CONF-03-05-2025-Phil-3-260x195.jpg 260w, https:\/\/www.lamennais.org\/wp-content\/uploads\/2025\/06\/CONF-03-05-2025-Phil-3.jpg 1500w\" sizes=\"(max-width: 860px) 100vw, 860px\" \/><p id=\"caption-attachment-46298\" class=\"wp-caption-text\"><em>Confirmation 2025<\/em><\/p><\/div><\/td>\n<td width=\"364\">\n<p><div id=\"attachment_46295\" style=\"width: 870px\" class=\"wp-caption aligncenter\"><img loading=\"lazy\" decoding=\"async\" aria-describedby=\"caption-attachment-46295\" class=\"wp-image-46295 size-large\" src=\"https:\/\/www.lamennais.org\/wp-content\/uploads\/2025\/06\/Baptemes-2025-7-1024x768.jpg\" alt=\"\" width=\"860\" height=\"645\" srcset=\"https:\/\/www.lamennais.org\/wp-content\/uploads\/2025\/06\/Baptemes-2025-7-1024x768.jpg 1024w, https:\/\/www.lamennais.org\/wp-content\/uploads\/2025\/06\/Baptemes-2025-7-300x225.jpg 300w, https:\/\/www.lamennais.org\/wp-content\/uploads\/2025\/06\/Baptemes-2025-7-768x576.jpg 768w, https:\/\/www.lamennais.org\/wp-content\/uploads\/2025\/06\/Baptemes-2025-7-260x195.jpg 260w, https:\/\/www.lamennais.org\/wp-content\/uploads\/2025\/06\/Baptemes-2025-7.jpg 1500w\" sizes=\"(max-width: 860px) 100vw, 860px\" \/><p id=\"caption-attachment-46295\" class=\"wp-caption-text\"><em>Baptisms 2025<\/em><\/p><\/div><\/td>\n<\/tr>\n<\/tbody>\n<\/table>\n<p><strong>\u00a0 \u00a0 \u00a0 \u00a0 \u00a0<\/strong><\/p>\n<p><strong>Are there any &#8220;Numbers&#8221; (even if they are not the most important) that shows that young people are growing in Faith?<\/strong><\/p>\n<p>122 Young People took a step of Faith that year! (101 in 2024)<\/p>\n<p>BAPTISM for 9 Middle and High School Students<\/p>\n<p>FIRST COMMUNION for 20 Middle and High School Students<\/p>\n<p>PROFESSION OF FAITH for 43 Middle School Students<\/p>\n<p>CONFIRMATION for 50 3<sup>rd<\/sup>\u00a0 Year Students<\/p>\n<p><strong>\u00a0 \u00a0 \u00a0 \u00a0 \u00a0 \u00a0<\/strong><\/p>\n<p><strong>St Joseph-Peyramale College-Lyc\u00e9e was part of the Mennaisian Network; what does that mean to you?<\/strong><\/p>\n<p>I have always considered myself a Mennaisian, firstly because I was a student at Peyramale at the time when we had Teaching Brothers, Brother Joseph Pinel, my History Teacher, Brother Mathieu Theaux, responsible for Catechism, and I am still there today! Since 2012 we have brought more than 50 6<sup>th<\/sup>\u00a0 Grade Students to visit Plo\u00ebrmel every year, precisely to Network. We often talk about it with them.<\/p>\n<table>\n<tbody>\n<tr>\n<td width=\"364\"><img loading=\"lazy\" decoding=\"async\" class=\"wp-image-46310 size-large aligncenter\" src=\"https:\/\/www.lamennais.org\/wp-content\/uploads\/2025\/06\/CONF-TF-19-12-2024-1-1024x768.jpg\" alt=\"\" width=\"860\" height=\"645\" srcset=\"https:\/\/www.lamennais.org\/wp-content\/uploads\/2025\/06\/CONF-TF-19-12-2024-1-1024x768.jpg 1024w, https:\/\/www.lamennais.org\/wp-content\/uploads\/2025\/06\/CONF-TF-19-12-2024-1-300x225.jpg 300w, https:\/\/www.lamennais.org\/wp-content\/uploads\/2025\/06\/CONF-TF-19-12-2024-1-768x576.jpg 768w, https:\/\/www.lamennais.org\/wp-content\/uploads\/2025\/06\/CONF-TF-19-12-2024-1-260x195.jpg 260w, https:\/\/www.lamennais.org\/wp-content\/uploads\/2025\/06\/CONF-TF-19-12-2024-1.jpg 1500w\" sizes=\"(max-width: 860px) 100vw, 860px\" \/><em>A Highlight of Confirmation with the Brothers of Lourdes who sponsored the Young Confirmands of the year in Prayer.<\/em><\/td>\n<td width=\"364\">\n<p><div id=\"attachment_46301\" style=\"width: 376px\" class=\"wp-caption aligncenter\"><img loading=\"lazy\" decoding=\"async\" aria-describedby=\"caption-attachment-46301\" class=\"wp-image-46301\" src=\"https:\/\/www.lamennais.org\/wp-content\/uploads\/2025\/06\/Bretagne-2024-37-225x300.jpg\" alt=\"\" width=\"366\" height=\"488\" srcset=\"https:\/\/www.lamennais.org\/wp-content\/uploads\/2025\/06\/Bretagne-2024-37-225x300.jpg 225w, https:\/\/www.lamennais.org\/wp-content\/uploads\/2025\/06\/Bretagne-2024-37-768x1024.jpg 768w, https:\/\/www.lamennais.org\/wp-content\/uploads\/2025\/06\/Bretagne-2024-37-260x347.jpg 260w, https:\/\/www.lamennais.org\/wp-content\/uploads\/2025\/06\/Bretagne-2024-37-rotated.jpg 900w\" sizes=\"(max-width: 366px) 100vw, 366px\" \/><p id=\"caption-attachment-46301\" class=\"wp-caption-text\"><em>Pilgrimage of 6<sup>th<\/sup>\u00a0 Grade Students from Lourdes to the Mother House in Plo\u00ebrmel<\/em><\/p><\/div><\/td>\n<\/tr>\n<\/tbody>\n<\/table>\n<p><strong>\u00a0 \u00a0 \u00a0 \u00a0 \u00a0<\/strong><\/p>\n<p><strong>The Church now has a New Pastor, Pope Leo XIV. It&#8217;s the Jubilee Year, the Year of Hope! How does that resonate with you and the Institution?<\/strong><\/p>\n<p>Young people were moved by the departure of Pope Francis and the Election of Pope Leo XIV. That represents a New Beginning for the Church. What if it also brought New Hope to Our Young People?<\/p>\n<p>&nbsp;<\/p>\n<p><strong><em>Testimony of Mr. Philippe Pouzet, collected by Bro Herv\u00e9 ASSE<\/em><\/strong><\/p>\n","protected":false},"excerpt":{"rendered":"<p>That was not a Custom! We are going to delve into the Heart of a Mennaisian Institution, and perhaps not into what was visible! But into the Most Secret and undoubtedly the Least Obvious: the Heart of Pastoral Activities! Let\u2019s meet Mr. Philippe Pouzet, in charge of Pastoral Minsitry at the College: \u00a0Hello Philippe, I [&hellip;]<\/p>\n","protected":false},"author":3,"featured_media":46291,"comment_status":"closed","ping_status":"closed","sticky":false,"template":"","format":"standard","meta":{"footnotes":""},"categories":[104],"tags":[],"class_list":["post-46324","post","type-post","status-publish","format-standard","has-post-thumbnail","hentry","category-news"],"yoast_head":"<!-- This site is optimized with the Yoast SEO plugin v27.5 - https:\/\/yoast.com\/product\/yoast-seo-wordpress\/ -->\n<title>France: Lourdes \u2013 Pastoral Ministry at St Joseph-Peyramale College: dare to Transmit Faith! - LaMennais.org<\/title>\n<meta name=\"robots\" content=\"index, follow, max-snippet:-1, max-image-preview:large, max-video-preview:-1\" \/>\n<link rel=\"canonical\" href=\"https:\/\/www.lamennais.org\/en\/france-lourdes-pastoral-ministry-at-st-joseph-peyramale-college-dare-to-transmit-faith\/\" \/>\n<meta property=\"og:locale\" content=\"en_US\" \/>\n<meta property=\"og:type\" content=\"article\" \/>\n<meta property=\"og:title\" content=\"France: Lourdes \u2013 Pastoral Ministry at St Joseph-Peyramale College: dare to Transmit Faith! - LaMennais.org\" \/>\n<meta property=\"og:description\" content=\"That was not a Custom! We are going to delve into the Heart of a Mennaisian Institution, and perhaps not into what was visible! But into the Most Secret and undoubtedly the Least Obvious: the Heart of Pastoral Activities! Let\u2019s meet Mr. Philippe Pouzet, in charge of Pastoral Minsitry at the College: \u00a0Hello Philippe, I [&hellip;]\" \/>\n<meta property=\"og:url\" content=\"https:\/\/www.lamennais.org\/en\/france-lourdes-pastoral-ministry-at-st-joseph-peyramale-college-dare-to-transmit-faith\/\" \/>\n<meta property=\"og:site_name\" content=\"LaMennais.org\" \/>\n<meta property=\"article:published_time\" content=\"2025-06-06T13:40:49+00:00\" \/>\n<meta property=\"article:modified_time\" content=\"2025-06-07T10:32:17+00:00\" \/>\n<meta property=\"og:image\" content=\"https:\/\/www.lamennais.org\/wp-content\/uploads\/2025\/06\/slide-2.jpg\" \/>\n\t<meta property=\"og:image:width\" content=\"1200\" \/>\n\t<meta property=\"og:image:height\" content=\"546\" \/>\n\t<meta property=\"og:image:type\" content=\"image\/jpeg\" \/>\n<meta name=\"author\" content=\"Herv\u00e9 Asse\" \/>\n<meta name=\"twitter:card\" content=\"summary_large_image\" \/>\n<meta name=\"twitter:label1\" content=\"Written by\" \/>\n\t<meta name=\"twitter:data1\" content=\"Herv\u00e9 Asse\" \/>\n\t<meta name=\"twitter:label2\" content=\"Est. reading time\" \/>\n\t<meta name=\"twitter:data2\" content=\"5 minutes\" \/>\n<script type=\"application\/ld+json\" class=\"yoast-schema-graph\">{\"@context\":\"https:\\\/\\\/schema.org\",\"@graph\":[{\"@type\":\"Article\",\"@id\":\"https:\\\/\\\/www.lamennais.org\\\/en\\\/france-lourdes-pastoral-ministry-at-st-joseph-peyramale-college-dare-to-transmit-faith\\\/#article\",\"isPartOf\":{\"@id\":\"https:\\\/\\\/www.lamennais.org\\\/en\\\/france-lourdes-pastoral-ministry-at-st-joseph-peyramale-college-dare-to-transmit-faith\\\/\"},\"author\":{\"name\":\"Herv\u00e9 Asse\",\"@id\":\"https:\\\/\\\/www.lamennais.org\\\/#\\\/schema\\\/person\\\/2a8d6e8a95babedd5ba1c43afd2e3844\"},\"headline\":\"France: Lourdes \u2013 Pastoral Ministry at St Joseph-Peyramale College: dare to Transmit Faith!\",\"datePublished\":\"2025-06-06T13:40:49+00:00\",\"dateModified\":\"2025-06-07T10:32:17+00:00\",\"mainEntityOfPage\":{\"@id\":\"https:\\\/\\\/www.lamennais.org\\\/en\\\/france-lourdes-pastoral-ministry-at-st-joseph-peyramale-college-dare-to-transmit-faith\\\/\"},\"wordCount\":707,\"image\":{\"@id\":\"https:\\\/\\\/www.lamennais.org\\\/en\\\/france-lourdes-pastoral-ministry-at-st-joseph-peyramale-college-dare-to-transmit-faith\\\/#primaryimage\"},\"thumbnailUrl\":\"https:\\\/\\\/www.lamennais.org\\\/wp-content\\\/uploads\\\/2025\\\/06\\\/slide-2.jpg\",\"articleSection\":[\"NEWS\"],\"inLanguage\":\"en-US\"},{\"@type\":\"WebPage\",\"@id\":\"https:\\\/\\\/www.lamennais.org\\\/en\\\/france-lourdes-pastoral-ministry-at-st-joseph-peyramale-college-dare-to-transmit-faith\\\/\",\"url\":\"https:\\\/\\\/www.lamennais.org\\\/en\\\/france-lourdes-pastoral-ministry-at-st-joseph-peyramale-college-dare-to-transmit-faith\\\/\",\"name\":\"France: Lourdes \u2013 Pastoral Ministry at St Joseph-Peyramale College: dare to Transmit Faith! - LaMennais.org\",\"isPartOf\":{\"@id\":\"https:\\\/\\\/www.lamennais.org\\\/#website\"},\"primaryImageOfPage\":{\"@id\":\"https:\\\/\\\/www.lamennais.org\\\/en\\\/france-lourdes-pastoral-ministry-at-st-joseph-peyramale-college-dare-to-transmit-faith\\\/#primaryimage\"},\"image\":{\"@id\":\"https:\\\/\\\/www.lamennais.org\\\/en\\\/france-lourdes-pastoral-ministry-at-st-joseph-peyramale-college-dare-to-transmit-faith\\\/#primaryimage\"},\"thumbnailUrl\":\"https:\\\/\\\/www.lamennais.org\\\/wp-content\\\/uploads\\\/2025\\\/06\\\/slide-2.jpg\",\"datePublished\":\"2025-06-06T13:40:49+00:00\",\"dateModified\":\"2025-06-07T10:32:17+00:00\",\"author\":{\"@id\":\"https:\\\/\\\/www.lamennais.org\\\/#\\\/schema\\\/person\\\/2a8d6e8a95babedd5ba1c43afd2e3844\"},\"breadcrumb\":{\"@id\":\"https:\\\/\\\/www.lamennais.org\\\/en\\\/france-lourdes-pastoral-ministry-at-st-joseph-peyramale-college-dare-to-transmit-faith\\\/#breadcrumb\"},\"inLanguage\":\"en-US\",\"potentialAction\":[{\"@type\":\"ReadAction\",\"target\":[\"https:\\\/\\\/www.lamennais.org\\\/en\\\/france-lourdes-pastoral-ministry-at-st-joseph-peyramale-college-dare-to-transmit-faith\\\/\"]}]},{\"@type\":\"ImageObject\",\"inLanguage\":\"en-US\",\"@id\":\"https:\\\/\\\/www.lamennais.org\\\/en\\\/france-lourdes-pastoral-ministry-at-st-joseph-peyramale-college-dare-to-transmit-faith\\\/#primaryimage\",\"url\":\"https:\\\/\\\/www.lamennais.org\\\/wp-content\\\/uploads\\\/2025\\\/06\\\/slide-2.jpg\",\"contentUrl\":\"https:\\\/\\\/www.lamennais.org\\\/wp-content\\\/uploads\\\/2025\\\/06\\\/slide-2.jpg\",\"width\":1200,\"height\":546},{\"@type\":\"BreadcrumbList\",\"@id\":\"https:\\\/\\\/www.lamennais.org\\\/en\\\/france-lourdes-pastoral-ministry-at-st-joseph-peyramale-college-dare-to-transmit-faith\\\/#breadcrumb\",\"itemListElement\":[{\"@type\":\"ListItem\",\"position\":1,\"name\":\"Accueil\",\"item\":\"https:\\\/\\\/www.lamennais.org\\\/\"},{\"@type\":\"ListItem\",\"position\":2,\"name\":\"France: Lourdes \u2013 Pastoral Ministry at St Joseph-Peyramale College: dare to Transmit Faith!\"}]},{\"@type\":\"WebSite\",\"@id\":\"https:\\\/\\\/www.lamennais.org\\\/#website\",\"url\":\"https:\\\/\\\/www.lamennais.org\\\/\",\"name\":\"LaMennais.org\",\"description\":\"Fr\u00e8res de l&#039;Instruction Chr\u00e9tienne et Famille Mennaisienne\",\"potentialAction\":[{\"@type\":\"SearchAction\",\"target\":{\"@type\":\"EntryPoint\",\"urlTemplate\":\"https:\\\/\\\/www.lamennais.org\\\/?s={search_term_string}\"},\"query-input\":{\"@type\":\"PropertyValueSpecification\",\"valueRequired\":true,\"valueName\":\"search_term_string\"}}],\"inLanguage\":\"en-US\"},{\"@type\":\"Person\",\"@id\":\"https:\\\/\\\/www.lamennais.org\\\/#\\\/schema\\\/person\\\/2a8d6e8a95babedd5ba1c43afd2e3844\",\"name\":\"Herv\u00e9 Asse\",\"image\":{\"@type\":\"ImageObject\",\"inLanguage\":\"en-US\",\"@id\":\"https:\\\/\\\/secure.gravatar.com\\\/avatar\\\/1aaa7b1baf759c8b40525f40af381cbaa2b0ddd554f57145bceb0654ba45b4c0?s=96&d=mm&r=g\",\"url\":\"https:\\\/\\\/secure.gravatar.com\\\/avatar\\\/1aaa7b1baf759c8b40525f40af381cbaa2b0ddd554f57145bceb0654ba45b4c0?s=96&d=mm&r=g\",\"contentUrl\":\"https:\\\/\\\/secure.gravatar.com\\\/avatar\\\/1aaa7b1baf759c8b40525f40af381cbaa2b0ddd554f57145bceb0654ba45b4c0?s=96&d=mm&r=g\",\"caption\":\"Herv\u00e9 Asse\"}}]}<\/script>\n<!-- \/ Yoast SEO plugin. -->","yoast_head_json":{"title":"France: Lourdes \u2013 Pastoral Ministry at St Joseph-Peyramale College: dare to Transmit Faith! - LaMennais.org","robots":{"index":"index","follow":"follow","max-snippet":"max-snippet:-1","max-image-preview":"max-image-preview:large","max-video-preview":"max-video-preview:-1"},"canonical":"https:\/\/www.lamennais.org\/en\/france-lourdes-pastoral-ministry-at-st-joseph-peyramale-college-dare-to-transmit-faith\/","og_locale":"en_US","og_type":"article","og_title":"France: Lourdes \u2013 Pastoral Ministry at St Joseph-Peyramale College: dare to Transmit Faith! - LaMennais.org","og_description":"That was not a Custom! We are going to delve into the Heart of a Mennaisian Institution, and perhaps not into what was visible! But into the Most Secret and undoubtedly the Least Obvious: the Heart of Pastoral Activities! Let\u2019s meet Mr. Philippe Pouzet, in charge of Pastoral Minsitry at the College: \u00a0Hello Philippe, I [&hellip;]","og_url":"https:\/\/www.lamennais.org\/en\/france-lourdes-pastoral-ministry-at-st-joseph-peyramale-college-dare-to-transmit-faith\/","og_site_name":"LaMennais.org","article_published_time":"2025-06-06T13:40:49+00:00","article_modified_time":"2025-06-07T10:32:17+00:00","og_image":[{"width":1200,"height":546,"url":"https:\/\/www.lamennais.org\/wp-content\/uploads\/2025\/06\/slide-2.jpg","type":"image\/jpeg"}],"author":"Herv\u00e9 Asse","twitter_card":"summary_large_image","twitter_misc":{"Written by":"Herv\u00e9 Asse","Est. reading time":"5 minutes"},"schema":{"@context":"https:\/\/schema.org","@graph":[{"@type":"Article","@id":"https:\/\/www.lamennais.org\/en\/france-lourdes-pastoral-ministry-at-st-joseph-peyramale-college-dare-to-transmit-faith\/#article","isPartOf":{"@id":"https:\/\/www.lamennais.org\/en\/france-lourdes-pastoral-ministry-at-st-joseph-peyramale-college-dare-to-transmit-faith\/"},"author":{"name":"Herv\u00e9 Asse","@id":"https:\/\/www.lamennais.org\/#\/schema\/person\/2a8d6e8a95babedd5ba1c43afd2e3844"},"headline":"France: Lourdes \u2013 Pastoral Ministry at St Joseph-Peyramale College: dare to Transmit Faith!","datePublished":"2025-06-06T13:40:49+00:00","dateModified":"2025-06-07T10:32:17+00:00","mainEntityOfPage":{"@id":"https:\/\/www.lamennais.org\/en\/france-lourdes-pastoral-ministry-at-st-joseph-peyramale-college-dare-to-transmit-faith\/"},"wordCount":707,"image":{"@id":"https:\/\/www.lamennais.org\/en\/france-lourdes-pastoral-ministry-at-st-joseph-peyramale-college-dare-to-transmit-faith\/#primaryimage"},"thumbnailUrl":"https:\/\/www.lamennais.org\/wp-content\/uploads\/2025\/06\/slide-2.jpg","articleSection":["NEWS"],"inLanguage":"en-US"},{"@type":"WebPage","@id":"https:\/\/www.lamennais.org\/en\/france-lourdes-pastoral-ministry-at-st-joseph-peyramale-college-dare-to-transmit-faith\/","url":"https:\/\/www.lamennais.org\/en\/france-lourdes-pastoral-ministry-at-st-joseph-peyramale-college-dare-to-transmit-faith\/","name":"France: Lourdes \u2013 Pastoral Ministry at St Joseph-Peyramale College: dare to Transmit Faith! - LaMennais.org","isPartOf":{"@id":"https:\/\/www.lamennais.org\/#website"},"primaryImageOfPage":{"@id":"https:\/\/www.lamennais.org\/en\/france-lourdes-pastoral-ministry-at-st-joseph-peyramale-college-dare-to-transmit-faith\/#primaryimage"},"image":{"@id":"https:\/\/www.lamennais.org\/en\/france-lourdes-pastoral-ministry-at-st-joseph-peyramale-college-dare-to-transmit-faith\/#primaryimage"},"thumbnailUrl":"https:\/\/www.lamennais.org\/wp-content\/uploads\/2025\/06\/slide-2.jpg","datePublished":"2025-06-06T13:40:49+00:00","dateModified":"2025-06-07T10:32:17+00:00","author":{"@id":"https:\/\/www.lamennais.org\/#\/schema\/person\/2a8d6e8a95babedd5ba1c43afd2e3844"},"breadcrumb":{"@id":"https:\/\/www.lamennais.org\/en\/france-lourdes-pastoral-ministry-at-st-joseph-peyramale-college-dare-to-transmit-faith\/#breadcrumb"},"inLanguage":"en-US","potentialAction":[{"@type":"ReadAction","target":["https:\/\/www.lamennais.org\/en\/france-lourdes-pastoral-ministry-at-st-joseph-peyramale-college-dare-to-transmit-faith\/"]}]},{"@type":"ImageObject","inLanguage":"en-US","@id":"https:\/\/www.lamennais.org\/en\/france-lourdes-pastoral-ministry-at-st-joseph-peyramale-college-dare-to-transmit-faith\/#primaryimage","url":"https:\/\/www.lamennais.org\/wp-content\/uploads\/2025\/06\/slide-2.jpg","contentUrl":"https:\/\/www.lamennais.org\/wp-content\/uploads\/2025\/06\/slide-2.jpg","width":1200,"height":546},{"@type":"BreadcrumbList","@id":"https:\/\/www.lamennais.org\/en\/france-lourdes-pastoral-ministry-at-st-joseph-peyramale-college-dare-to-transmit-faith\/#breadcrumb","itemListElement":[{"@type":"ListItem","position":1,"name":"Accueil","item":"https:\/\/www.lamennais.org\/"},{"@type":"ListItem","position":2,"name":"France: Lourdes \u2013 Pastoral Ministry at St Joseph-Peyramale College: dare to Transmit Faith!"}]},{"@type":"WebSite","@id":"https:\/\/www.lamennais.org\/#website","url":"https:\/\/www.lamennais.org\/","name":"LaMennais.org","description":"Fr\u00e8res de l&#039;Instruction Chr\u00e9tienne et Famille Mennaisienne","potentialAction":[{"@type":"SearchAction","target":{"@type":"EntryPoint","urlTemplate":"https:\/\/www.lamennais.org\/?s={search_term_string}"},"query-input":{"@type":"PropertyValueSpecification","valueRequired":true,"valueName":"search_term_string"}}],"inLanguage":"en-US"},{"@type":"Person","@id":"https:\/\/www.lamennais.org\/#\/schema\/person\/2a8d6e8a95babedd5ba1c43afd2e3844","name":"Herv\u00e9 Asse","image":{"@type":"ImageObject","inLanguage":"en-US","@id":"https:\/\/secure.gravatar.com\/avatar\/1aaa7b1baf759c8b40525f40af381cbaa2b0ddd554f57145bceb0654ba45b4c0?s=96&d=mm&r=g","url":"https:\/\/secure.gravatar.com\/avatar\/1aaa7b1baf759c8b40525f40af381cbaa2b0ddd554f57145bceb0654ba45b4c0?s=96&d=mm&r=g","contentUrl":"https:\/\/secure.gravatar.com\/avatar\/1aaa7b1baf759c8b40525f40af381cbaa2b0ddd554f57145bceb0654ba45b4c0?s=96&d=mm&r=g","caption":"Herv\u00e9 Asse"}}]}},"_links":{"self":[{"href":"https:\/\/www.lamennais.org\/en\/wp-json\/wp\/v2\/posts\/46324","targetHints":{"allow":["GET"]}}],"collection":[{"href":"https:\/\/www.lamennais.org\/en\/wp-json\/wp\/v2\/posts"}],"about":[{"href":"https:\/\/www.lamennais.org\/en\/wp-json\/wp\/v2\/types\/post"}],"author":[{"embeddable":true,"href":"https:\/\/www.lamennais.org\/en\/wp-json\/wp\/v2\/users\/3"}],"replies":[{"embeddable":true,"href":"https:\/\/www.lamennais.org\/en\/wp-json\/wp\/v2\/comments?post=46324"}],"version-history":[{"count":1,"href":"https:\/\/www.lamennais.org\/en\/wp-json\/wp\/v2\/posts\/46324\/revisions"}],"predecessor-version":[{"id":46325,"href":"https:\/\/www.lamennais.org\/en\/wp-json\/wp\/v2\/posts\/46324\/revisions\/46325"}],"wp:featuredmedia":[{"embeddable":true,"href":"https:\/\/www.lamennais.org\/en\/wp-json\/wp\/v2\/media\/46291"}],"wp:attachment":[{"href":"https:\/\/www.lamennais.org\/en\/wp-json\/wp\/v2\/media?parent=46324"}],"wp:term":[{"taxonomy":"category","embeddable":true,"href":"https:\/\/www.lamennais.org\/en\/wp-json\/wp\/v2\/categories?post=46324"},{"taxonomy":"post_tag","embeddable":true,"href":"https:\/\/www.lamennais.org\/en\/wp-json\/wp\/v2\/tags?post=46324"}],"curies":[{"name":"wp","href":"https:\/\/api.w.org\/{rel}","templated":true}]}}