{"id":46149,"date":"2025-05-25T08:59:49","date_gmt":"2025-05-25T06:59:49","guid":{"rendered":"https:\/\/www.lamennais.org\/?p=46149"},"modified":"2025-05-25T16:08:44","modified_gmt":"2025-05-25T14:08:44","slug":"france-derval-saint-donatien-house","status":"publish","type":"post","link":"https:\/\/www.lamennais.org\/en\/france-derval-saint-donatien-house\/","title":{"rendered":"France: Derval \u2013 Saint-Donatien House"},"content":{"rendered":"<p><strong>On the Occasion of the Restoration of the Basin in front of the Ch\u00e2teau de Saint-Donatien en Derval, Brother Bernard Bourigault, Head of the \u201cSaint-Donatien\u201d Reception Center, presented to us what it has become today.<\/strong><\/p>\n<p><strong><em><img fetchpriority=\"high\" decoding=\"async\" class=\" wp-image-46114 alignright\" src=\"https:\/\/www.lamennais.org\/wp-content\/uploads\/2025\/05\/20250524_121509-174x300.jpg\" alt=\"\" width=\"246\" height=\"424\" srcset=\"https:\/\/www.lamennais.org\/wp-content\/uploads\/2025\/05\/20250524_121509-174x300.jpg 174w, https:\/\/www.lamennais.org\/wp-content\/uploads\/2025\/05\/20250524_121509-595x1024.jpg 595w, https:\/\/www.lamennais.org\/wp-content\/uploads\/2025\/05\/20250524_121509-768x1321.jpg 768w, https:\/\/www.lamennais.org\/wp-content\/uploads\/2025\/05\/20250524_121509-893x1536.jpg 893w, https:\/\/www.lamennais.org\/wp-content\/uploads\/2025\/05\/20250524_121509-1190x2048.jpg 1190w, https:\/\/www.lamennais.org\/wp-content\/uploads\/2025\/05\/20250524_121509-260x447.jpg 260w, https:\/\/www.lamennais.org\/wp-content\/uploads\/2025\/05\/20250524_121509-scaled.jpg 1488w\" sizes=\"(max-width: 246px) 100vw, 246px\" \/><\/em><\/strong><\/p>\n<p><strong><em>And first of all a Little History\u2026.<\/em><\/strong><\/p>\n<p>A little over 70 years ago, the Brothers of Plo\u00ebrmel acquired that Property to create a <strong><em>Juniorate<\/em><\/strong> that would welcome young people with a Vocation for around Forty years. After the Middle School Years, Students could continue their Studies in Plo\u00ebrmel. Since the End of the 1990s, the Site hosted <strong><em>a Secondary School under an Association Contract with the State<\/em><\/strong>, where a Few Brothers and Teachers from the Saint Joseph College in Derval still taught.<\/p>\n<p>At the beginning of the School Year <strong><em>2020, the College closed<\/em><\/strong>, but the Congregation decided to preserve the Site to make it a \u201c<strong><em>Reception House<\/em><\/strong>\u201d.<\/p>\n<p>3 Types of Public are actually interested in the Site: Firstly the <strong><em>Parishes of the Diocese of Nantes<\/em><\/strong> which organize Youth Retreats (Confirmation, Profession of Faith, etc.) or <strong><em>Adult Meetings<\/em><\/strong> (ALPHA Group, Spiritual Movements, Marriage Preparation Meetings, etc.). We also responded to local <strong><em>Requests for Family Events<\/em><\/strong> (Weddings, Birthdays, Retirements, etc.). Then we hosted the <strong><em>&#8220;VILLAGE des SOURCES&#8221;<\/em><\/strong> which consisted of receiving Classes of Students over two consecutive days to work on Interpersonal Relationships and Group Cohesion Tools.<\/p>\n<table>\n<tbody>\n<tr>\n<td width=\"302\"><img decoding=\"async\" class=\"size-full wp-image-46120 aligncenter\" src=\"https:\/\/www.lamennais.org\/wp-content\/uploads\/2025\/05\/9256d3fc53316a656d3fc53317a56dv-960x640-1.jpg\" alt=\"\" width=\"960\" height=\"640\" srcset=\"https:\/\/www.lamennais.org\/wp-content\/uploads\/2025\/05\/9256d3fc53316a656d3fc53317a56dv-960x640-1.jpg 960w, https:\/\/www.lamennais.org\/wp-content\/uploads\/2025\/05\/9256d3fc53316a656d3fc53317a56dv-960x640-1-300x200.jpg 300w, https:\/\/www.lamennais.org\/wp-content\/uploads\/2025\/05\/9256d3fc53316a656d3fc53317a56dv-960x640-1-768x512.jpg 768w, https:\/\/www.lamennais.org\/wp-content\/uploads\/2025\/05\/9256d3fc53316a656d3fc53317a56dv-960x640-1-260x173.jpg 260w\" sizes=\"(max-width: 960px) 100vw, 960px\" \/><\/td>\n<td width=\"302\"><img decoding=\"async\" class=\"size-full wp-image-46117 aligncenter\" src=\"https:\/\/www.lamennais.org\/wp-content\/uploads\/2025\/05\/maxresdefault.jpg\" alt=\"\" width=\"1280\" height=\"720\" srcset=\"https:\/\/www.lamennais.org\/wp-content\/uploads\/2025\/05\/maxresdefault.jpg 1280w, https:\/\/www.lamennais.org\/wp-content\/uploads\/2025\/05\/maxresdefault-300x169.jpg 300w, https:\/\/www.lamennais.org\/wp-content\/uploads\/2025\/05\/maxresdefault-1024x576.jpg 1024w, https:\/\/www.lamennais.org\/wp-content\/uploads\/2025\/05\/maxresdefault-768x432.jpg 768w, https:\/\/www.lamennais.org\/wp-content\/uploads\/2025\/05\/maxresdefault-260x146.jpg 260w\" sizes=\"(max-width: 1280px) 100vw, 1280px\" \/><\/td>\n<\/tr>\n<\/tbody>\n<\/table>\n<p>Apart from the &#8220;Village des Sources&#8221; which takes place on Thursdays and Fridays, it was the Weekends which are very busy with a Booking Calendar which was full 8 to 10 Months in Advance.<\/p>\n<p>Since January 1<sup>st<\/sup>, 2024, <strong><em>the Management of the Maison Saint-Donatien has been entrusted to the &#8220;ESTIVAL&#8221; Association<\/em><\/strong>, which for 20 years has taken over from the Brothers in Terms of Holiday Stays. The ESTIVAL Association has subsequently developed Extracurricular Activities for Schools (Discovery Classes, Training Courses for Student Delegates, Eco-Delegates, Training Courses for Holiday Center Leaders, etc.). The ESTIVAL Association was involved in other Locations: the Palandrin Center (P\u00e9nestin in Morbihan), Cr\u00e9ac&#8217;h Balb\u00e9 in Finist\u00e8re. The Project in Derval was now to develop Weekday Youth Receptions around Three Themes: Psychosocial Skills, Citizenship, Ecology and Biodiversity.<\/p>\n<p><img loading=\"lazy\" decoding=\"async\" class=\"size-large wp-image-46123 aligncenter\" src=\"https:\/\/www.lamennais.org\/wp-content\/uploads\/2025\/05\/IMG_20210728_201011050_HDR-scaled-1-1024x769.jpg\" alt=\"\" width=\"860\" height=\"646\" srcset=\"https:\/\/www.lamennais.org\/wp-content\/uploads\/2025\/05\/IMG_20210728_201011050_HDR-scaled-1-1024x769.jpg 1024w, https:\/\/www.lamennais.org\/wp-content\/uploads\/2025\/05\/IMG_20210728_201011050_HDR-scaled-1-300x225.jpg 300w, https:\/\/www.lamennais.org\/wp-content\/uploads\/2025\/05\/IMG_20210728_201011050_HDR-scaled-1-768x577.jpg 768w, https:\/\/www.lamennais.org\/wp-content\/uploads\/2025\/05\/IMG_20210728_201011050_HDR-scaled-1-1536x1153.jpg 1536w, https:\/\/www.lamennais.org\/wp-content\/uploads\/2025\/05\/IMG_20210728_201011050_HDR-scaled-1-2048x1538.jpg 2048w, https:\/\/www.lamennais.org\/wp-content\/uploads\/2025\/05\/IMG_20210728_201011050_HDR-scaled-1-260x195.jpg 260w\" sizes=\"(max-width: 860px) 100vw, 860px\" \/><\/p>\n<p>An Estival Animator has been on Site since November 2024 to implement those Projects. A Community of Four Brothers was responsible for the Daily Upkeep of the Property and Welcoming Groups. The Pond in front of the Castle was recently renovated. Students from the Lyc\u00e9e Saint-Clair in Derval were asked to help with that Activity. We Thank them!<\/p>\n<table>\n<tbody>\n<tr>\n<td width=\"302\"><img loading=\"lazy\" decoding=\"async\" class=\"size-large wp-image-46129 aligncenter\" src=\"https:\/\/www.lamennais.org\/wp-content\/uploads\/2025\/05\/20250521_140454-1024x473.jpg\" alt=\"\" width=\"860\" height=\"397\" srcset=\"https:\/\/www.lamennais.org\/wp-content\/uploads\/2025\/05\/20250521_140454-1024x473.jpg 1024w, https:\/\/www.lamennais.org\/wp-content\/uploads\/2025\/05\/20250521_140454-300x139.jpg 300w, https:\/\/www.lamennais.org\/wp-content\/uploads\/2025\/05\/20250521_140454-768x355.jpg 768w, https:\/\/www.lamennais.org\/wp-content\/uploads\/2025\/05\/20250521_140454-1536x710.jpg 1536w, https:\/\/www.lamennais.org\/wp-content\/uploads\/2025\/05\/20250521_140454-2048x946.jpg 2048w, https:\/\/www.lamennais.org\/wp-content\/uploads\/2025\/05\/20250521_140454-260x120.jpg 260w\" sizes=\"(max-width: 860px) 100vw, 860px\" \/><\/td>\n<td width=\"302\"><img loading=\"lazy\" decoding=\"async\" class=\"size-large wp-image-46135 aligncenter\" src=\"https:\/\/www.lamennais.org\/wp-content\/uploads\/2025\/05\/20250521_154115-1024x473.jpg\" alt=\"\" width=\"860\" height=\"397\" srcset=\"https:\/\/www.lamennais.org\/wp-content\/uploads\/2025\/05\/20250521_154115-1024x473.jpg 1024w, https:\/\/www.lamennais.org\/wp-content\/uploads\/2025\/05\/20250521_154115-300x139.jpg 300w, https:\/\/www.lamennais.org\/wp-content\/uploads\/2025\/05\/20250521_154115-768x355.jpg 768w, https:\/\/www.lamennais.org\/wp-content\/uploads\/2025\/05\/20250521_154115-1536x710.jpg 1536w, https:\/\/www.lamennais.org\/wp-content\/uploads\/2025\/05\/20250521_154115-2048x946.jpg 2048w, https:\/\/www.lamennais.org\/wp-content\/uploads\/2025\/05\/20250521_154115-260x120.jpg 260w\" sizes=\"(max-width: 860px) 100vw, 860px\" \/><\/td>\n<\/tr>\n<tr>\n<td width=\"302\"><img loading=\"lazy\" decoding=\"async\" class=\"size-large wp-image-46132 aligncenter\" src=\"https:\/\/www.lamennais.org\/wp-content\/uploads\/2025\/05\/20250521_161645-1024x473.jpg\" alt=\"\" width=\"860\" height=\"397\" srcset=\"https:\/\/www.lamennais.org\/wp-content\/uploads\/2025\/05\/20250521_161645-1024x473.jpg 1024w, https:\/\/www.lamennais.org\/wp-content\/uploads\/2025\/05\/20250521_161645-300x139.jpg 300w, https:\/\/www.lamennais.org\/wp-content\/uploads\/2025\/05\/20250521_161645-768x355.jpg 768w, https:\/\/www.lamennais.org\/wp-content\/uploads\/2025\/05\/20250521_161645-1536x710.jpg 1536w, https:\/\/www.lamennais.org\/wp-content\/uploads\/2025\/05\/20250521_161645-2048x946.jpg 2048w, https:\/\/www.lamennais.org\/wp-content\/uploads\/2025\/05\/20250521_161645-260x120.jpg 260w\" sizes=\"(max-width: 860px) 100vw, 860px\" \/><\/td>\n<td width=\"302\"><img loading=\"lazy\" decoding=\"async\" class=\"size-large wp-image-46138 aligncenter\" src=\"https:\/\/www.lamennais.org\/wp-content\/uploads\/2025\/05\/20250522_140101-1024x576.jpg\" alt=\"\" width=\"860\" height=\"484\" srcset=\"https:\/\/www.lamennais.org\/wp-content\/uploads\/2025\/05\/20250522_140101-1024x576.jpg 1024w, https:\/\/www.lamennais.org\/wp-content\/uploads\/2025\/05\/20250522_140101-300x169.jpg 300w, https:\/\/www.lamennais.org\/wp-content\/uploads\/2025\/05\/20250522_140101-768x432.jpg 768w, https:\/\/www.lamennais.org\/wp-content\/uploads\/2025\/05\/20250522_140101-1536x864.jpg 1536w, https:\/\/www.lamennais.org\/wp-content\/uploads\/2025\/05\/20250522_140101-2048x1153.jpg 2048w, https:\/\/www.lamennais.org\/wp-content\/uploads\/2025\/05\/20250522_140101-260x146.jpg 260w\" sizes=\"(max-width: 860px) 100vw, 860px\" \/><\/td>\n<\/tr>\n<\/tbody>\n<\/table>\n<p><strong>\u00a0<\/strong><\/p>\n<p><strong>Brother Bernard Bourigault \u2013 Saint-Donatien House \u2013 Derval.<\/strong><\/p>\n<p><a href=\"mailto:Saintdonatienderval@mennaisien.org\"><strong>Saintdonatienderval@mennaisien.org<\/strong><\/a><\/p>\n","protected":false},"excerpt":{"rendered":"<p>On the Occasion of the Restoration of the Basin in front of the Ch\u00e2teau de Saint-Donatien en Derval, Brother Bernard Bourigault, Head of the \u201cSaint-Donatien\u201d Reception Center, presented to us what it has become today. And first of all a Little History\u2026. A little over 70 years ago, the Brothers of Plo\u00ebrmel acquired that Property [&hellip;]<\/p>\n","protected":false},"author":3,"featured_media":46127,"comment_status":"closed","ping_status":"closed","sticky":false,"template":"","format":"standard","meta":{"footnotes":""},"categories":[104],"tags":[],"class_list":["post-46149","post","type-post","status-publish","format-standard","has-post-thumbnail","hentry","category-news"],"yoast_head":"<!-- This site is optimized with the Yoast SEO plugin v27.5 - https:\/\/yoast.com\/product\/yoast-seo-wordpress\/ -->\n<title>France: Derval \u2013 Saint-Donatien House - LaMennais.org<\/title>\n<meta name=\"robots\" content=\"index, follow, max-snippet:-1, max-image-preview:large, max-video-preview:-1\" \/>\n<link rel=\"canonical\" href=\"https:\/\/www.lamennais.org\/en\/france-derval-saint-donatien-house\/\" \/>\n<meta property=\"og:locale\" content=\"en_US\" \/>\n<meta property=\"og:type\" content=\"article\" \/>\n<meta property=\"og:title\" content=\"France: Derval \u2013 Saint-Donatien House - LaMennais.org\" \/>\n<meta property=\"og:description\" content=\"On the Occasion of the Restoration of the Basin in front of the Ch\u00e2teau de Saint-Donatien en Derval, Brother Bernard Bourigault, Head of the \u201cSaint-Donatien\u201d Reception Center, presented to us what it has become today. And first of all a Little History\u2026. A little over 70 years ago, the Brothers of Plo\u00ebrmel acquired that Property [&hellip;]\" \/>\n<meta property=\"og:url\" content=\"https:\/\/www.lamennais.org\/en\/france-derval-saint-donatien-house\/\" \/>\n<meta property=\"og:site_name\" content=\"LaMennais.org\" \/>\n<meta property=\"article:published_time\" content=\"2025-05-25T06:59:49+00:00\" \/>\n<meta property=\"article:modified_time\" content=\"2025-05-25T14:08:44+00:00\" \/>\n<meta property=\"og:image\" content=\"https:\/\/www.lamennais.org\/wp-content\/uploads\/2025\/05\/slide-8.jpg\" \/>\n\t<meta property=\"og:image:width\" content=\"1300\" \/>\n\t<meta property=\"og:image:height\" content=\"732\" \/>\n\t<meta property=\"og:image:type\" content=\"image\/jpeg\" \/>\n<meta name=\"author\" content=\"Herv\u00e9 Asse\" \/>\n<meta name=\"twitter:card\" content=\"summary_large_image\" \/>\n<meta name=\"twitter:label1\" content=\"Written by\" \/>\n\t<meta name=\"twitter:data1\" content=\"Herv\u00e9 Asse\" \/>\n\t<meta name=\"twitter:label2\" content=\"Est. reading time\" \/>\n\t<meta name=\"twitter:data2\" content=\"4 minutes\" \/>\n<script type=\"application\/ld+json\" class=\"yoast-schema-graph\">{\"@context\":\"https:\\\/\\\/schema.org\",\"@graph\":[{\"@type\":\"Article\",\"@id\":\"https:\\\/\\\/www.lamennais.org\\\/en\\\/france-derval-saint-donatien-house\\\/#article\",\"isPartOf\":{\"@id\":\"https:\\\/\\\/www.lamennais.org\\\/en\\\/france-derval-saint-donatien-house\\\/\"},\"author\":{\"name\":\"Herv\u00e9 Asse\",\"@id\":\"https:\\\/\\\/www.lamennais.org\\\/#\\\/schema\\\/person\\\/2a8d6e8a95babedd5ba1c43afd2e3844\"},\"headline\":\"France: Derval \u2013 Saint-Donatien House\",\"datePublished\":\"2025-05-25T06:59:49+00:00\",\"dateModified\":\"2025-05-25T14:08:44+00:00\",\"mainEntityOfPage\":{\"@id\":\"https:\\\/\\\/www.lamennais.org\\\/en\\\/france-derval-saint-donatien-house\\\/\"},\"wordCount\":420,\"image\":{\"@id\":\"https:\\\/\\\/www.lamennais.org\\\/en\\\/france-derval-saint-donatien-house\\\/#primaryimage\"},\"thumbnailUrl\":\"https:\\\/\\\/www.lamennais.org\\\/wp-content\\\/uploads\\\/2025\\\/05\\\/slide-8.jpg\",\"articleSection\":[\"NEWS\"],\"inLanguage\":\"en-US\"},{\"@type\":\"WebPage\",\"@id\":\"https:\\\/\\\/www.lamennais.org\\\/en\\\/france-derval-saint-donatien-house\\\/\",\"url\":\"https:\\\/\\\/www.lamennais.org\\\/en\\\/france-derval-saint-donatien-house\\\/\",\"name\":\"France: Derval \u2013 Saint-Donatien House - LaMennais.org\",\"isPartOf\":{\"@id\":\"https:\\\/\\\/www.lamennais.org\\\/#website\"},\"primaryImageOfPage\":{\"@id\":\"https:\\\/\\\/www.lamennais.org\\\/en\\\/france-derval-saint-donatien-house\\\/#primaryimage\"},\"image\":{\"@id\":\"https:\\\/\\\/www.lamennais.org\\\/en\\\/france-derval-saint-donatien-house\\\/#primaryimage\"},\"thumbnailUrl\":\"https:\\\/\\\/www.lamennais.org\\\/wp-content\\\/uploads\\\/2025\\\/05\\\/slide-8.jpg\",\"datePublished\":\"2025-05-25T06:59:49+00:00\",\"dateModified\":\"2025-05-25T14:08:44+00:00\",\"author\":{\"@id\":\"https:\\\/\\\/www.lamennais.org\\\/#\\\/schema\\\/person\\\/2a8d6e8a95babedd5ba1c43afd2e3844\"},\"breadcrumb\":{\"@id\":\"https:\\\/\\\/www.lamennais.org\\\/en\\\/france-derval-saint-donatien-house\\\/#breadcrumb\"},\"inLanguage\":\"en-US\",\"potentialAction\":[{\"@type\":\"ReadAction\",\"target\":[\"https:\\\/\\\/www.lamennais.org\\\/en\\\/france-derval-saint-donatien-house\\\/\"]}]},{\"@type\":\"ImageObject\",\"inLanguage\":\"en-US\",\"@id\":\"https:\\\/\\\/www.lamennais.org\\\/en\\\/france-derval-saint-donatien-house\\\/#primaryimage\",\"url\":\"https:\\\/\\\/www.lamennais.org\\\/wp-content\\\/uploads\\\/2025\\\/05\\\/slide-8.jpg\",\"contentUrl\":\"https:\\\/\\\/www.lamennais.org\\\/wp-content\\\/uploads\\\/2025\\\/05\\\/slide-8.jpg\",\"width\":1300,\"height\":732},{\"@type\":\"BreadcrumbList\",\"@id\":\"https:\\\/\\\/www.lamennais.org\\\/en\\\/france-derval-saint-donatien-house\\\/#breadcrumb\",\"itemListElement\":[{\"@type\":\"ListItem\",\"position\":1,\"name\":\"Accueil\",\"item\":\"https:\\\/\\\/www.lamennais.org\\\/\"},{\"@type\":\"ListItem\",\"position\":2,\"name\":\"France: Derval \u2013 Saint-Donatien House\"}]},{\"@type\":\"WebSite\",\"@id\":\"https:\\\/\\\/www.lamennais.org\\\/#website\",\"url\":\"https:\\\/\\\/www.lamennais.org\\\/\",\"name\":\"LaMennais.org\",\"description\":\"Fr\u00e8res de l&#039;Instruction Chr\u00e9tienne et Famille Mennaisienne\",\"potentialAction\":[{\"@type\":\"SearchAction\",\"target\":{\"@type\":\"EntryPoint\",\"urlTemplate\":\"https:\\\/\\\/www.lamennais.org\\\/?s={search_term_string}\"},\"query-input\":{\"@type\":\"PropertyValueSpecification\",\"valueRequired\":true,\"valueName\":\"search_term_string\"}}],\"inLanguage\":\"en-US\"},{\"@type\":\"Person\",\"@id\":\"https:\\\/\\\/www.lamennais.org\\\/#\\\/schema\\\/person\\\/2a8d6e8a95babedd5ba1c43afd2e3844\",\"name\":\"Herv\u00e9 Asse\",\"image\":{\"@type\":\"ImageObject\",\"inLanguage\":\"en-US\",\"@id\":\"https:\\\/\\\/secure.gravatar.com\\\/avatar\\\/1aaa7b1baf759c8b40525f40af381cbaa2b0ddd554f57145bceb0654ba45b4c0?s=96&d=mm&r=g\",\"url\":\"https:\\\/\\\/secure.gravatar.com\\\/avatar\\\/1aaa7b1baf759c8b40525f40af381cbaa2b0ddd554f57145bceb0654ba45b4c0?s=96&d=mm&r=g\",\"contentUrl\":\"https:\\\/\\\/secure.gravatar.com\\\/avatar\\\/1aaa7b1baf759c8b40525f40af381cbaa2b0ddd554f57145bceb0654ba45b4c0?s=96&d=mm&r=g\",\"caption\":\"Herv\u00e9 Asse\"}}]}<\/script>\n<!-- \/ Yoast SEO plugin. -->","yoast_head_json":{"title":"France: Derval \u2013 Saint-Donatien House - LaMennais.org","robots":{"index":"index","follow":"follow","max-snippet":"max-snippet:-1","max-image-preview":"max-image-preview:large","max-video-preview":"max-video-preview:-1"},"canonical":"https:\/\/www.lamennais.org\/en\/france-derval-saint-donatien-house\/","og_locale":"en_US","og_type":"article","og_title":"France: Derval \u2013 Saint-Donatien House - LaMennais.org","og_description":"On the Occasion of the Restoration of the Basin in front of the Ch\u00e2teau de Saint-Donatien en Derval, Brother Bernard Bourigault, Head of the \u201cSaint-Donatien\u201d Reception Center, presented to us what it has become today. And first of all a Little History\u2026. A little over 70 years ago, the Brothers of Plo\u00ebrmel acquired that Property [&hellip;]","og_url":"https:\/\/www.lamennais.org\/en\/france-derval-saint-donatien-house\/","og_site_name":"LaMennais.org","article_published_time":"2025-05-25T06:59:49+00:00","article_modified_time":"2025-05-25T14:08:44+00:00","og_image":[{"width":1300,"height":732,"url":"https:\/\/www.lamennais.org\/wp-content\/uploads\/2025\/05\/slide-8.jpg","type":"image\/jpeg"}],"author":"Herv\u00e9 Asse","twitter_card":"summary_large_image","twitter_misc":{"Written by":"Herv\u00e9 Asse","Est. reading time":"4 minutes"},"schema":{"@context":"https:\/\/schema.org","@graph":[{"@type":"Article","@id":"https:\/\/www.lamennais.org\/en\/france-derval-saint-donatien-house\/#article","isPartOf":{"@id":"https:\/\/www.lamennais.org\/en\/france-derval-saint-donatien-house\/"},"author":{"name":"Herv\u00e9 Asse","@id":"https:\/\/www.lamennais.org\/#\/schema\/person\/2a8d6e8a95babedd5ba1c43afd2e3844"},"headline":"France: Derval \u2013 Saint-Donatien House","datePublished":"2025-05-25T06:59:49+00:00","dateModified":"2025-05-25T14:08:44+00:00","mainEntityOfPage":{"@id":"https:\/\/www.lamennais.org\/en\/france-derval-saint-donatien-house\/"},"wordCount":420,"image":{"@id":"https:\/\/www.lamennais.org\/en\/france-derval-saint-donatien-house\/#primaryimage"},"thumbnailUrl":"https:\/\/www.lamennais.org\/wp-content\/uploads\/2025\/05\/slide-8.jpg","articleSection":["NEWS"],"inLanguage":"en-US"},{"@type":"WebPage","@id":"https:\/\/www.lamennais.org\/en\/france-derval-saint-donatien-house\/","url":"https:\/\/www.lamennais.org\/en\/france-derval-saint-donatien-house\/","name":"France: Derval \u2013 Saint-Donatien House - LaMennais.org","isPartOf":{"@id":"https:\/\/www.lamennais.org\/#website"},"primaryImageOfPage":{"@id":"https:\/\/www.lamennais.org\/en\/france-derval-saint-donatien-house\/#primaryimage"},"image":{"@id":"https:\/\/www.lamennais.org\/en\/france-derval-saint-donatien-house\/#primaryimage"},"thumbnailUrl":"https:\/\/www.lamennais.org\/wp-content\/uploads\/2025\/05\/slide-8.jpg","datePublished":"2025-05-25T06:59:49+00:00","dateModified":"2025-05-25T14:08:44+00:00","author":{"@id":"https:\/\/www.lamennais.org\/#\/schema\/person\/2a8d6e8a95babedd5ba1c43afd2e3844"},"breadcrumb":{"@id":"https:\/\/www.lamennais.org\/en\/france-derval-saint-donatien-house\/#breadcrumb"},"inLanguage":"en-US","potentialAction":[{"@type":"ReadAction","target":["https:\/\/www.lamennais.org\/en\/france-derval-saint-donatien-house\/"]}]},{"@type":"ImageObject","inLanguage":"en-US","@id":"https:\/\/www.lamennais.org\/en\/france-derval-saint-donatien-house\/#primaryimage","url":"https:\/\/www.lamennais.org\/wp-content\/uploads\/2025\/05\/slide-8.jpg","contentUrl":"https:\/\/www.lamennais.org\/wp-content\/uploads\/2025\/05\/slide-8.jpg","width":1300,"height":732},{"@type":"BreadcrumbList","@id":"https:\/\/www.lamennais.org\/en\/france-derval-saint-donatien-house\/#breadcrumb","itemListElement":[{"@type":"ListItem","position":1,"name":"Accueil","item":"https:\/\/www.lamennais.org\/"},{"@type":"ListItem","position":2,"name":"France: Derval \u2013 Saint-Donatien House"}]},{"@type":"WebSite","@id":"https:\/\/www.lamennais.org\/#website","url":"https:\/\/www.lamennais.org\/","name":"LaMennais.org","description":"Fr\u00e8res de l&#039;Instruction Chr\u00e9tienne et Famille Mennaisienne","potentialAction":[{"@type":"SearchAction","target":{"@type":"EntryPoint","urlTemplate":"https:\/\/www.lamennais.org\/?s={search_term_string}"},"query-input":{"@type":"PropertyValueSpecification","valueRequired":true,"valueName":"search_term_string"}}],"inLanguage":"en-US"},{"@type":"Person","@id":"https:\/\/www.lamennais.org\/#\/schema\/person\/2a8d6e8a95babedd5ba1c43afd2e3844","name":"Herv\u00e9 Asse","image":{"@type":"ImageObject","inLanguage":"en-US","@id":"https:\/\/secure.gravatar.com\/avatar\/1aaa7b1baf759c8b40525f40af381cbaa2b0ddd554f57145bceb0654ba45b4c0?s=96&d=mm&r=g","url":"https:\/\/secure.gravatar.com\/avatar\/1aaa7b1baf759c8b40525f40af381cbaa2b0ddd554f57145bceb0654ba45b4c0?s=96&d=mm&r=g","contentUrl":"https:\/\/secure.gravatar.com\/avatar\/1aaa7b1baf759c8b40525f40af381cbaa2b0ddd554f57145bceb0654ba45b4c0?s=96&d=mm&r=g","caption":"Herv\u00e9 Asse"}}]}},"_links":{"self":[{"href":"https:\/\/www.lamennais.org\/en\/wp-json\/wp\/v2\/posts\/46149","targetHints":{"allow":["GET"]}}],"collection":[{"href":"https:\/\/www.lamennais.org\/en\/wp-json\/wp\/v2\/posts"}],"about":[{"href":"https:\/\/www.lamennais.org\/en\/wp-json\/wp\/v2\/types\/post"}],"author":[{"embeddable":true,"href":"https:\/\/www.lamennais.org\/en\/wp-json\/wp\/v2\/users\/3"}],"replies":[{"embeddable":true,"href":"https:\/\/www.lamennais.org\/en\/wp-json\/wp\/v2\/comments?post=46149"}],"version-history":[{"count":1,"href":"https:\/\/www.lamennais.org\/en\/wp-json\/wp\/v2\/posts\/46149\/revisions"}],"predecessor-version":[{"id":46150,"href":"https:\/\/www.lamennais.org\/en\/wp-json\/wp\/v2\/posts\/46149\/revisions\/46150"}],"wp:featuredmedia":[{"embeddable":true,"href":"https:\/\/www.lamennais.org\/en\/wp-json\/wp\/v2\/media\/46127"}],"wp:attachment":[{"href":"https:\/\/www.lamennais.org\/en\/wp-json\/wp\/v2\/media?parent=46149"}],"wp:term":[{"taxonomy":"category","embeddable":true,"href":"https:\/\/www.lamennais.org\/en\/wp-json\/wp\/v2\/categories?post=46149"},{"taxonomy":"post_tag","embeddable":true,"href":"https:\/\/www.lamennais.org\/en\/wp-json\/wp\/v2\/tags?post=46149"}],"curies":[{"name":"wp","href":"https:\/\/api.w.org\/{rel}","templated":true}]}}