{"id":46108,"date":"2025-05-24T09:17:10","date_gmt":"2025-05-24T07:17:10","guid":{"rendered":"https:\/\/www.lamennais.org\/?p=46108"},"modified":"2025-05-24T17:42:45","modified_gmt":"2025-05-24T15:42:45","slug":"haiti-jacmel-valley-leonce-megie-school-would-soon-be-one-hundred-years-old","status":"publish","type":"post","link":"https:\/\/www.lamennais.org\/en\/haiti-jacmel-valley-leonce-megie-school-would-soon-be-one-hundred-years-old\/","title":{"rendered":"Haiti: Jacmel Valley: L\u00e9once M\u00e9gie School would soon be One Hundred Years Old"},"content":{"rendered":"<p>Founded in 1926, the <em>L\u00e9once M\u00e9gie School<\/em> has established itself over the decades as an Essential Educational Pillar at the heart of the Vall\u00e9e Community. Among its Alumni, the Institution boasted Eminent Figures, such as <strong><em>Cardinal Chibly Langlois,<\/em> <\/strong>an Emblematic Figure and worthy son of La Vall\u00e9e.<\/p>\n<p><img fetchpriority=\"high\" decoding=\"async\" class=\"size-large wp-image-46094 aligncenter\" src=\"https:\/\/www.lamennais.org\/wp-content\/uploads\/2025\/05\/PHOTO-2025-05-23-16-12-29-2-1024x768.jpg\" alt=\"\" width=\"860\" height=\"645\" srcset=\"https:\/\/www.lamennais.org\/wp-content\/uploads\/2025\/05\/PHOTO-2025-05-23-16-12-29-2-1024x768.jpg 1024w, https:\/\/www.lamennais.org\/wp-content\/uploads\/2025\/05\/PHOTO-2025-05-23-16-12-29-2-300x225.jpg 300w, https:\/\/www.lamennais.org\/wp-content\/uploads\/2025\/05\/PHOTO-2025-05-23-16-12-29-2-768x576.jpg 768w, https:\/\/www.lamennais.org\/wp-content\/uploads\/2025\/05\/PHOTO-2025-05-23-16-12-29-2-260x195.jpg 260w, https:\/\/www.lamennais.org\/wp-content\/uploads\/2025\/05\/PHOTO-2025-05-23-16-12-29-2.jpg 1080w\" sizes=\"(max-width: 860px) 100vw, 860px\" \/><\/p>\n<p>On Tuesday, May 13th , 2025, the Saint Jean Baptiste Church in La Vall\u00e9e de Jacmel hosted the Solemn Mass Marking the Official Launch of the Centennial Festivities of the L\u00e9once M\u00e9gie School. A Grandiose Ceremony in a Packed Church, where Religious Men and Women, Officials, Notables, Parents, Teachers, Students, and Student Delegations gathered to Honor 99 Years of Unwavering Educational Commitment with their eyes already turned toward the Hundredth Anniversary.<\/p>\n<p>Four Prominent Figures on the Spotlight<\/p>\n<p>Throughout this Jubilee Year, four Personalities who have marked the History of the Institution would be Honored:<\/p>\n<p><strong><em>Reverend Father L\u00e9on Bonnaud<\/em><\/strong><\/p>\n<p><em><strong><img decoding=\"async\" class=\"size-full wp-image-46088 aligncenter\" src=\"https:\/\/www.lamennais.org\/wp-content\/uploads\/2025\/05\/IMG_4960.jpg\" alt=\"\" width=\"960\" height=\"720\" srcset=\"https:\/\/www.lamennais.org\/wp-content\/uploads\/2025\/05\/IMG_4960.jpg 960w, https:\/\/www.lamennais.org\/wp-content\/uploads\/2025\/05\/IMG_4960-300x225.jpg 300w, https:\/\/www.lamennais.org\/wp-content\/uploads\/2025\/05\/IMG_4960-768x576.jpg 768w, https:\/\/www.lamennais.org\/wp-content\/uploads\/2025\/05\/IMG_4960-260x195.jpg 260w\" sizes=\"(max-width: 960px) 100vw, 960px\" \/><br \/>\n<\/strong><\/em><\/p>\n<p>The Current Director, <strong><em>Brother Lamy Dessalines<\/em><\/strong>, recalls that the L\u00e9once M\u00e9gie School would never have seen the light of day without the determination of Father L\u00e9on Bonnaud, Founding Priest of the Saint Jean Baptiste Parish (1910). A Visionary, he was committed to providing the Community with a Public School that would later become the L\u00e9once M\u00e9gie School. He therefore undertook all the necessary steps with the State Authorities, thus laying the First Stones of that True Monument of Education in La Vall\u00e9e.<\/p>\n<p><img decoding=\"async\" class=\"alignleft size-full wp-image-46082\" src=\"https:\/\/www.lamennais.org\/wp-content\/uploads\/2025\/05\/IMG_4956.jpg\" alt=\"\" width=\"960\" height=\"720\" srcset=\"https:\/\/www.lamennais.org\/wp-content\/uploads\/2025\/05\/IMG_4956.jpg 960w, https:\/\/www.lamennais.org\/wp-content\/uploads\/2025\/05\/IMG_4956-300x225.jpg 300w, https:\/\/www.lamennais.org\/wp-content\/uploads\/2025\/05\/IMG_4956-768x576.jpg 768w, https:\/\/www.lamennais.org\/wp-content\/uploads\/2025\/05\/IMG_4956-260x195.jpg 260w\" sizes=\"(max-width: 960px) 100vw, 960px\" \/><\/p>\n<p><strong><em>L\u00e9once M\u00e9gie<\/em><\/strong><\/p>\n<p>An Unwavering Supporter of Father Bonnaud in his efforts, Mr. L\u00e9once M\u00e9gie, then a Member of Parliament for Jacmel, played a Decisive Role in the Success of that Ambitious Project. His Selfless Commitment and Loyalty earned him that Honor: the School now bears his Name as a Testament to his Major Contribution.<\/p>\n<p><strong><em>Brother G\u00e9r\u00f4me \u00c9milien<\/em><\/strong><\/p>\n<p>The First Director of the \u00c9LM, Brother G\u00e9r\u00f4me \u00c9milien, was the Sole Director when the School opened. A True One-Man Band, he combined the Roles of Director, Teacher, Gardener, Carpenter, Mason, and Cook. Among his Former Students was the Late Professor L\u00e9on Franck, a Testament to the Lasting Impact of his Commitment.<\/p>\n<p><em><strong>The Laroche duo (Arthur and Granville)<\/strong><\/em><\/p>\n<p>Young, passionate, and eager to serve their Community, Brothers Arthur and Granville Laroche were the Institution&#8217;s First Teachers, supporting Brother G\u00e9r\u00f4me in that Noble Mission. Together, they laid the Foundations of the Vall\u00e9e&#8217;s Intellectual Edifice, a Legacy the Community is still proud of today.<\/p>\n<p><img loading=\"lazy\" decoding=\"async\" class=\"size-full wp-image-46079 aligncenter\" src=\"https:\/\/www.lamennais.org\/wp-content\/uploads\/2025\/05\/IMG_4954.jpg\" alt=\"\" width=\"960\" height=\"720\" srcset=\"https:\/\/www.lamennais.org\/wp-content\/uploads\/2025\/05\/IMG_4954.jpg 960w, https:\/\/www.lamennais.org\/wp-content\/uploads\/2025\/05\/IMG_4954-300x225.jpg 300w, https:\/\/www.lamennais.org\/wp-content\/uploads\/2025\/05\/IMG_4954-768x576.jpg 768w, https:\/\/www.lamennais.org\/wp-content\/uploads\/2025\/05\/IMG_4954-260x195.jpg 260w\" sizes=\"(max-width: 960px) 100vw, 960px\" \/><\/p>\n<p>That Celebration was also an Opportunity to salute the Current Priests of the Parish of Saint John the Baptist, <strong><em>Reverend Fathers Simon Fran\u00e7ois and Jacob Maxi<\/em><\/strong>, who perpetuate the work of Father Bonnaud with Unwavering Commitment. <strong><em>Monsignor Sauveur Content,<\/em><\/strong> a Former Student of the L\u00e9once M\u00e9gie School and Co-celebrant, was also honored, as was the <strong><em>Mayor of the Town, Mrs. Marie Yolaine Philippeaux.<\/em><\/strong><\/p>\n<p>The event recognized the dedication of the Missionary Brothers, of <strong><em>Engineer Fran\u00e7ois Laroche<\/em><\/strong>, Nephew of Professors Arthur and Granville, as well as that of the Forty-Five Teachers of the L\u00e9once M\u00e9gie School and \u00a0Brother Andr\u00e9 Guimond Technical School (ETFAG).<\/p>\n<p><strong><u>A Double Event<\/u><\/strong><\/p>\n<p><img loading=\"lazy\" decoding=\"async\" class=\"size-large wp-image-46102 aligncenter\" src=\"https:\/\/www.lamennais.org\/wp-content\/uploads\/2025\/05\/007-Batiments-1024x768.jpg\" alt=\"\" width=\"860\" height=\"645\" srcset=\"https:\/\/www.lamennais.org\/wp-content\/uploads\/2025\/05\/007-Batiments-1024x768.jpg 1024w, https:\/\/www.lamennais.org\/wp-content\/uploads\/2025\/05\/007-Batiments-300x225.jpg 300w, https:\/\/www.lamennais.org\/wp-content\/uploads\/2025\/05\/007-Batiments-768x576.jpg 768w, https:\/\/www.lamennais.org\/wp-content\/uploads\/2025\/05\/007-Batiments-1536x1152.jpg 1536w, https:\/\/www.lamennais.org\/wp-content\/uploads\/2025\/05\/007-Batiments-260x195.jpg 260w, https:\/\/www.lamennais.org\/wp-content\/uploads\/2025\/05\/007-Batiments.jpg 1600w\" sizes=\"(max-width: 860px) 100vw, 860px\" \/><\/p>\n<p>Indeed,<em><strong> ETFAG also celebrated its Twelfth Anniversary at that Ceremony.<\/strong><\/em> That Vocational School, a Pillar of Technical Training in the Valley Community, provided Quality Education each year to Dozens of Young People seeking a Promising Future.<\/p>\n<p><em><strong>1926-2026: Nearly a Century of Excellence for the L\u00e9once M\u00e9gie School<\/strong><\/em>. As preparations intensify, many hope to be able to take part in that Grandiose Event. Let&#8217;s hope that the Current Situation in Haiti would not deprive them of the Opportunity to revisit that Alma Mater, which has undoubtedly left them with so much Pride and Unforgettable Memories.<\/p>\n<p>May the Upcoming Festivities rekindle the Flame of Educational Excellence at La Vall\u00e9e, inspire Future Generations, and consolidate the School&#8217;s Status as a Beacon of Knowledge and Solidarity.<\/p>\n<p>See you in May 2026 to celebrate together a Century of Educational Greatness and Shared Pride.<\/p>\n<p><em>Article by Berthony Boursiquot, Former Student of L\u00e9once M\u00e9gie<\/em>.<\/p>\n","protected":false},"excerpt":{"rendered":"<p>Founded in 1926, the L\u00e9once M\u00e9gie School has established itself over the decades as an Essential Educational Pillar at the heart of the Vall\u00e9e Community. Among its Alumni, the Institution boasted Eminent Figures, such as Cardinal Chibly Langlois, an Emblematic Figure and worthy son of La Vall\u00e9e. On Tuesday, May 13th , 2025, the Saint [&hellip;]<\/p>\n","protected":false},"author":3,"featured_media":46077,"comment_status":"closed","ping_status":"closed","sticky":false,"template":"","format":"standard","meta":{"footnotes":""},"categories":[104],"tags":[],"class_list":["post-46108","post","type-post","status-publish","format-standard","has-post-thumbnail","hentry","category-news"],"yoast_head":"<!-- This site is optimized with the Yoast SEO plugin v27.5 - https:\/\/yoast.com\/product\/yoast-seo-wordpress\/ -->\n<title>Haiti: Jacmel Valley: L\u00e9once M\u00e9gie School would soon be One Hundred Years Old - LaMennais.org<\/title>\n<meta name=\"robots\" content=\"index, follow, max-snippet:-1, max-image-preview:large, max-video-preview:-1\" \/>\n<link rel=\"canonical\" href=\"https:\/\/www.lamennais.org\/en\/haiti-jacmel-valley-leonce-megie-school-would-soon-be-one-hundred-years-old\/\" \/>\n<meta property=\"og:locale\" content=\"en_US\" \/>\n<meta property=\"og:type\" content=\"article\" \/>\n<meta property=\"og:title\" content=\"Haiti: Jacmel Valley: L\u00e9once M\u00e9gie School would soon be One Hundred Years Old - LaMennais.org\" \/>\n<meta property=\"og:description\" content=\"Founded in 1926, the L\u00e9once M\u00e9gie School has established itself over the decades as an Essential Educational Pillar at the heart of the Vall\u00e9e Community. Among its Alumni, the Institution boasted Eminent Figures, such as Cardinal Chibly Langlois, an Emblematic Figure and worthy son of La Vall\u00e9e. On Tuesday, May 13th , 2025, the Saint [&hellip;]\" \/>\n<meta property=\"og:url\" content=\"https:\/\/www.lamennais.org\/en\/haiti-jacmel-valley-leonce-megie-school-would-soon-be-one-hundred-years-old\/\" \/>\n<meta property=\"og:site_name\" content=\"LaMennais.org\" \/>\n<meta property=\"article:published_time\" content=\"2025-05-24T07:17:10+00:00\" \/>\n<meta property=\"article:modified_time\" content=\"2025-05-24T15:42:45+00:00\" \/>\n<meta property=\"og:image\" content=\"https:\/\/www.lamennais.org\/wp-content\/uploads\/2025\/05\/slide-7.jpg\" \/>\n\t<meta property=\"og:image:width\" content=\"1200\" \/>\n\t<meta property=\"og:image:height\" content=\"596\" \/>\n\t<meta property=\"og:image:type\" content=\"image\/jpeg\" \/>\n<meta name=\"author\" content=\"Herv\u00e9 Asse\" \/>\n<meta name=\"twitter:card\" content=\"summary_large_image\" \/>\n<meta name=\"twitter:label1\" content=\"Written by\" \/>\n\t<meta name=\"twitter:data1\" content=\"Herv\u00e9 Asse\" \/>\n\t<meta name=\"twitter:label2\" content=\"Est. reading time\" \/>\n\t<meta name=\"twitter:data2\" content=\"4 minutes\" \/>\n<script type=\"application\/ld+json\" class=\"yoast-schema-graph\">{\"@context\":\"https:\\\/\\\/schema.org\",\"@graph\":[{\"@type\":\"Article\",\"@id\":\"https:\\\/\\\/www.lamennais.org\\\/en\\\/haiti-jacmel-valley-leonce-megie-school-would-soon-be-one-hundred-years-old\\\/#article\",\"isPartOf\":{\"@id\":\"https:\\\/\\\/www.lamennais.org\\\/en\\\/haiti-jacmel-valley-leonce-megie-school-would-soon-be-one-hundred-years-old\\\/\"},\"author\":{\"name\":\"Herv\u00e9 Asse\",\"@id\":\"https:\\\/\\\/www.lamennais.org\\\/#\\\/schema\\\/person\\\/2a8d6e8a95babedd5ba1c43afd2e3844\"},\"headline\":\"Haiti: Jacmel Valley: L\u00e9once M\u00e9gie School would soon be One Hundred Years Old\",\"datePublished\":\"2025-05-24T07:17:10+00:00\",\"dateModified\":\"2025-05-24T15:42:45+00:00\",\"mainEntityOfPage\":{\"@id\":\"https:\\\/\\\/www.lamennais.org\\\/en\\\/haiti-jacmel-valley-leonce-megie-school-would-soon-be-one-hundred-years-old\\\/\"},\"wordCount\":688,\"image\":{\"@id\":\"https:\\\/\\\/www.lamennais.org\\\/en\\\/haiti-jacmel-valley-leonce-megie-school-would-soon-be-one-hundred-years-old\\\/#primaryimage\"},\"thumbnailUrl\":\"https:\\\/\\\/www.lamennais.org\\\/wp-content\\\/uploads\\\/2025\\\/05\\\/slide-7.jpg\",\"articleSection\":[\"NEWS\"],\"inLanguage\":\"en-US\"},{\"@type\":\"WebPage\",\"@id\":\"https:\\\/\\\/www.lamennais.org\\\/en\\\/haiti-jacmel-valley-leonce-megie-school-would-soon-be-one-hundred-years-old\\\/\",\"url\":\"https:\\\/\\\/www.lamennais.org\\\/en\\\/haiti-jacmel-valley-leonce-megie-school-would-soon-be-one-hundred-years-old\\\/\",\"name\":\"Haiti: Jacmel Valley: L\u00e9once M\u00e9gie School would soon be One Hundred Years Old - LaMennais.org\",\"isPartOf\":{\"@id\":\"https:\\\/\\\/www.lamennais.org\\\/#website\"},\"primaryImageOfPage\":{\"@id\":\"https:\\\/\\\/www.lamennais.org\\\/en\\\/haiti-jacmel-valley-leonce-megie-school-would-soon-be-one-hundred-years-old\\\/#primaryimage\"},\"image\":{\"@id\":\"https:\\\/\\\/www.lamennais.org\\\/en\\\/haiti-jacmel-valley-leonce-megie-school-would-soon-be-one-hundred-years-old\\\/#primaryimage\"},\"thumbnailUrl\":\"https:\\\/\\\/www.lamennais.org\\\/wp-content\\\/uploads\\\/2025\\\/05\\\/slide-7.jpg\",\"datePublished\":\"2025-05-24T07:17:10+00:00\",\"dateModified\":\"2025-05-24T15:42:45+00:00\",\"author\":{\"@id\":\"https:\\\/\\\/www.lamennais.org\\\/#\\\/schema\\\/person\\\/2a8d6e8a95babedd5ba1c43afd2e3844\"},\"breadcrumb\":{\"@id\":\"https:\\\/\\\/www.lamennais.org\\\/en\\\/haiti-jacmel-valley-leonce-megie-school-would-soon-be-one-hundred-years-old\\\/#breadcrumb\"},\"inLanguage\":\"en-US\",\"potentialAction\":[{\"@type\":\"ReadAction\",\"target\":[\"https:\\\/\\\/www.lamennais.org\\\/en\\\/haiti-jacmel-valley-leonce-megie-school-would-soon-be-one-hundred-years-old\\\/\"]}]},{\"@type\":\"ImageObject\",\"inLanguage\":\"en-US\",\"@id\":\"https:\\\/\\\/www.lamennais.org\\\/en\\\/haiti-jacmel-valley-leonce-megie-school-would-soon-be-one-hundred-years-old\\\/#primaryimage\",\"url\":\"https:\\\/\\\/www.lamennais.org\\\/wp-content\\\/uploads\\\/2025\\\/05\\\/slide-7.jpg\",\"contentUrl\":\"https:\\\/\\\/www.lamennais.org\\\/wp-content\\\/uploads\\\/2025\\\/05\\\/slide-7.jpg\",\"width\":1200,\"height\":596},{\"@type\":\"BreadcrumbList\",\"@id\":\"https:\\\/\\\/www.lamennais.org\\\/en\\\/haiti-jacmel-valley-leonce-megie-school-would-soon-be-one-hundred-years-old\\\/#breadcrumb\",\"itemListElement\":[{\"@type\":\"ListItem\",\"position\":1,\"name\":\"Accueil\",\"item\":\"https:\\\/\\\/www.lamennais.org\\\/\"},{\"@type\":\"ListItem\",\"position\":2,\"name\":\"Haiti: Jacmel Valley: L\u00e9once M\u00e9gie School would soon be One Hundred Years Old\"}]},{\"@type\":\"WebSite\",\"@id\":\"https:\\\/\\\/www.lamennais.org\\\/#website\",\"url\":\"https:\\\/\\\/www.lamennais.org\\\/\",\"name\":\"LaMennais.org\",\"description\":\"Fr\u00e8res de l&#039;Instruction Chr\u00e9tienne et Famille Mennaisienne\",\"potentialAction\":[{\"@type\":\"SearchAction\",\"target\":{\"@type\":\"EntryPoint\",\"urlTemplate\":\"https:\\\/\\\/www.lamennais.org\\\/?s={search_term_string}\"},\"query-input\":{\"@type\":\"PropertyValueSpecification\",\"valueRequired\":true,\"valueName\":\"search_term_string\"}}],\"inLanguage\":\"en-US\"},{\"@type\":\"Person\",\"@id\":\"https:\\\/\\\/www.lamennais.org\\\/#\\\/schema\\\/person\\\/2a8d6e8a95babedd5ba1c43afd2e3844\",\"name\":\"Herv\u00e9 Asse\",\"image\":{\"@type\":\"ImageObject\",\"inLanguage\":\"en-US\",\"@id\":\"https:\\\/\\\/secure.gravatar.com\\\/avatar\\\/1aaa7b1baf759c8b40525f40af381cbaa2b0ddd554f57145bceb0654ba45b4c0?s=96&d=mm&r=g\",\"url\":\"https:\\\/\\\/secure.gravatar.com\\\/avatar\\\/1aaa7b1baf759c8b40525f40af381cbaa2b0ddd554f57145bceb0654ba45b4c0?s=96&d=mm&r=g\",\"contentUrl\":\"https:\\\/\\\/secure.gravatar.com\\\/avatar\\\/1aaa7b1baf759c8b40525f40af381cbaa2b0ddd554f57145bceb0654ba45b4c0?s=96&d=mm&r=g\",\"caption\":\"Herv\u00e9 Asse\"}}]}<\/script>\n<!-- \/ Yoast SEO plugin. -->","yoast_head_json":{"title":"Haiti: Jacmel Valley: L\u00e9once M\u00e9gie School would soon be One Hundred Years Old - LaMennais.org","robots":{"index":"index","follow":"follow","max-snippet":"max-snippet:-1","max-image-preview":"max-image-preview:large","max-video-preview":"max-video-preview:-1"},"canonical":"https:\/\/www.lamennais.org\/en\/haiti-jacmel-valley-leonce-megie-school-would-soon-be-one-hundred-years-old\/","og_locale":"en_US","og_type":"article","og_title":"Haiti: Jacmel Valley: L\u00e9once M\u00e9gie School would soon be One Hundred Years Old - LaMennais.org","og_description":"Founded in 1926, the L\u00e9once M\u00e9gie School has established itself over the decades as an Essential Educational Pillar at the heart of the Vall\u00e9e Community. Among its Alumni, the Institution boasted Eminent Figures, such as Cardinal Chibly Langlois, an Emblematic Figure and worthy son of La Vall\u00e9e. On Tuesday, May 13th , 2025, the Saint [&hellip;]","og_url":"https:\/\/www.lamennais.org\/en\/haiti-jacmel-valley-leonce-megie-school-would-soon-be-one-hundred-years-old\/","og_site_name":"LaMennais.org","article_published_time":"2025-05-24T07:17:10+00:00","article_modified_time":"2025-05-24T15:42:45+00:00","og_image":[{"width":1200,"height":596,"url":"https:\/\/www.lamennais.org\/wp-content\/uploads\/2025\/05\/slide-7.jpg","type":"image\/jpeg"}],"author":"Herv\u00e9 Asse","twitter_card":"summary_large_image","twitter_misc":{"Written by":"Herv\u00e9 Asse","Est. reading time":"4 minutes"},"schema":{"@context":"https:\/\/schema.org","@graph":[{"@type":"Article","@id":"https:\/\/www.lamennais.org\/en\/haiti-jacmel-valley-leonce-megie-school-would-soon-be-one-hundred-years-old\/#article","isPartOf":{"@id":"https:\/\/www.lamennais.org\/en\/haiti-jacmel-valley-leonce-megie-school-would-soon-be-one-hundred-years-old\/"},"author":{"name":"Herv\u00e9 Asse","@id":"https:\/\/www.lamennais.org\/#\/schema\/person\/2a8d6e8a95babedd5ba1c43afd2e3844"},"headline":"Haiti: Jacmel Valley: L\u00e9once M\u00e9gie School would soon be One Hundred Years Old","datePublished":"2025-05-24T07:17:10+00:00","dateModified":"2025-05-24T15:42:45+00:00","mainEntityOfPage":{"@id":"https:\/\/www.lamennais.org\/en\/haiti-jacmel-valley-leonce-megie-school-would-soon-be-one-hundred-years-old\/"},"wordCount":688,"image":{"@id":"https:\/\/www.lamennais.org\/en\/haiti-jacmel-valley-leonce-megie-school-would-soon-be-one-hundred-years-old\/#primaryimage"},"thumbnailUrl":"https:\/\/www.lamennais.org\/wp-content\/uploads\/2025\/05\/slide-7.jpg","articleSection":["NEWS"],"inLanguage":"en-US"},{"@type":"WebPage","@id":"https:\/\/www.lamennais.org\/en\/haiti-jacmel-valley-leonce-megie-school-would-soon-be-one-hundred-years-old\/","url":"https:\/\/www.lamennais.org\/en\/haiti-jacmel-valley-leonce-megie-school-would-soon-be-one-hundred-years-old\/","name":"Haiti: Jacmel Valley: L\u00e9once M\u00e9gie School would soon be One Hundred Years Old - LaMennais.org","isPartOf":{"@id":"https:\/\/www.lamennais.org\/#website"},"primaryImageOfPage":{"@id":"https:\/\/www.lamennais.org\/en\/haiti-jacmel-valley-leonce-megie-school-would-soon-be-one-hundred-years-old\/#primaryimage"},"image":{"@id":"https:\/\/www.lamennais.org\/en\/haiti-jacmel-valley-leonce-megie-school-would-soon-be-one-hundred-years-old\/#primaryimage"},"thumbnailUrl":"https:\/\/www.lamennais.org\/wp-content\/uploads\/2025\/05\/slide-7.jpg","datePublished":"2025-05-24T07:17:10+00:00","dateModified":"2025-05-24T15:42:45+00:00","author":{"@id":"https:\/\/www.lamennais.org\/#\/schema\/person\/2a8d6e8a95babedd5ba1c43afd2e3844"},"breadcrumb":{"@id":"https:\/\/www.lamennais.org\/en\/haiti-jacmel-valley-leonce-megie-school-would-soon-be-one-hundred-years-old\/#breadcrumb"},"inLanguage":"en-US","potentialAction":[{"@type":"ReadAction","target":["https:\/\/www.lamennais.org\/en\/haiti-jacmel-valley-leonce-megie-school-would-soon-be-one-hundred-years-old\/"]}]},{"@type":"ImageObject","inLanguage":"en-US","@id":"https:\/\/www.lamennais.org\/en\/haiti-jacmel-valley-leonce-megie-school-would-soon-be-one-hundred-years-old\/#primaryimage","url":"https:\/\/www.lamennais.org\/wp-content\/uploads\/2025\/05\/slide-7.jpg","contentUrl":"https:\/\/www.lamennais.org\/wp-content\/uploads\/2025\/05\/slide-7.jpg","width":1200,"height":596},{"@type":"BreadcrumbList","@id":"https:\/\/www.lamennais.org\/en\/haiti-jacmel-valley-leonce-megie-school-would-soon-be-one-hundred-years-old\/#breadcrumb","itemListElement":[{"@type":"ListItem","position":1,"name":"Accueil","item":"https:\/\/www.lamennais.org\/"},{"@type":"ListItem","position":2,"name":"Haiti: Jacmel Valley: L\u00e9once M\u00e9gie School would soon be One Hundred Years Old"}]},{"@type":"WebSite","@id":"https:\/\/www.lamennais.org\/#website","url":"https:\/\/www.lamennais.org\/","name":"LaMennais.org","description":"Fr\u00e8res de l&#039;Instruction Chr\u00e9tienne et Famille Mennaisienne","potentialAction":[{"@type":"SearchAction","target":{"@type":"EntryPoint","urlTemplate":"https:\/\/www.lamennais.org\/?s={search_term_string}"},"query-input":{"@type":"PropertyValueSpecification","valueRequired":true,"valueName":"search_term_string"}}],"inLanguage":"en-US"},{"@type":"Person","@id":"https:\/\/www.lamennais.org\/#\/schema\/person\/2a8d6e8a95babedd5ba1c43afd2e3844","name":"Herv\u00e9 Asse","image":{"@type":"ImageObject","inLanguage":"en-US","@id":"https:\/\/secure.gravatar.com\/avatar\/1aaa7b1baf759c8b40525f40af381cbaa2b0ddd554f57145bceb0654ba45b4c0?s=96&d=mm&r=g","url":"https:\/\/secure.gravatar.com\/avatar\/1aaa7b1baf759c8b40525f40af381cbaa2b0ddd554f57145bceb0654ba45b4c0?s=96&d=mm&r=g","contentUrl":"https:\/\/secure.gravatar.com\/avatar\/1aaa7b1baf759c8b40525f40af381cbaa2b0ddd554f57145bceb0654ba45b4c0?s=96&d=mm&r=g","caption":"Herv\u00e9 Asse"}}]}},"_links":{"self":[{"href":"https:\/\/www.lamennais.org\/en\/wp-json\/wp\/v2\/posts\/46108","targetHints":{"allow":["GET"]}}],"collection":[{"href":"https:\/\/www.lamennais.org\/en\/wp-json\/wp\/v2\/posts"}],"about":[{"href":"https:\/\/www.lamennais.org\/en\/wp-json\/wp\/v2\/types\/post"}],"author":[{"embeddable":true,"href":"https:\/\/www.lamennais.org\/en\/wp-json\/wp\/v2\/users\/3"}],"replies":[{"embeddable":true,"href":"https:\/\/www.lamennais.org\/en\/wp-json\/wp\/v2\/comments?post=46108"}],"version-history":[{"count":1,"href":"https:\/\/www.lamennais.org\/en\/wp-json\/wp\/v2\/posts\/46108\/revisions"}],"predecessor-version":[{"id":46109,"href":"https:\/\/www.lamennais.org\/en\/wp-json\/wp\/v2\/posts\/46108\/revisions\/46109"}],"wp:featuredmedia":[{"embeddable":true,"href":"https:\/\/www.lamennais.org\/en\/wp-json\/wp\/v2\/media\/46077"}],"wp:attachment":[{"href":"https:\/\/www.lamennais.org\/en\/wp-json\/wp\/v2\/media?parent=46108"}],"wp:term":[{"taxonomy":"category","embeddable":true,"href":"https:\/\/www.lamennais.org\/en\/wp-json\/wp\/v2\/categories?post=46108"},{"taxonomy":"post_tag","embeddable":true,"href":"https:\/\/www.lamennais.org\/en\/wp-json\/wp\/v2\/tags?post=46108"}],"curies":[{"name":"wp","href":"https:\/\/api.w.org\/{rel}","templated":true}]}}