{"id":37922,"date":"2023-07-31T13:58:18","date_gmt":"2023-07-31T11:58:18","guid":{"rendered":"https:\/\/www.lamennais.org\/?p=37922"},"modified":"2023-08-01T09:23:36","modified_gmt":"2023-08-01T07:23:36","slug":"wyd-live-6-major-events-two-symbols-and-a-hymn","status":"publish","type":"post","link":"https:\/\/www.lamennais.org\/en\/wyd-live-6-major-events-two-symbols-and-a-hymn\/","title":{"rendered":"<strong>WYD LIVE. 6 Major Events, two Symbols and a Hymn<\/strong>"},"content":{"rendered":"<p><strong>6 Moments will punctuate this Week of World Youth Days.<\/strong><\/p>\n<p><strong>An opening Mass on Tuesday, the Youth Festival without forgetting the &#8220;Rise up &#8211; Catechesis&#8221;,<\/strong><\/p>\n<p><strong>A Welcoming Celebration of the Pope, The Way of the Cross, the Vigil with Francis and the Sending Mass.<\/strong><\/p>\n<p><img fetchpriority=\"high\" decoding=\"async\" class=\"alignnone size-large wp-image-37845\" src=\"https:\/\/www.lamennais.org\/wp-content\/uploads\/2023\/07\/programa_fr_26072023_250e7a3ab8-1024x447.png\" alt=\"\" width=\"860\" height=\"375\" srcset=\"https:\/\/www.lamennais.org\/wp-content\/uploads\/2023\/07\/programa_fr_26072023_250e7a3ab8-1024x447.png 1024w, https:\/\/www.lamennais.org\/wp-content\/uploads\/2023\/07\/programa_fr_26072023_250e7a3ab8-300x131.png 300w, https:\/\/www.lamennais.org\/wp-content\/uploads\/2023\/07\/programa_fr_26072023_250e7a3ab8-768x335.png 768w, https:\/\/www.lamennais.org\/wp-content\/uploads\/2023\/07\/programa_fr_26072023_250e7a3ab8-260x113.png 260w, https:\/\/www.lamennais.org\/wp-content\/uploads\/2023\/07\/programa_fr_26072023_250e7a3ab8.png 1100w\" sizes=\"(max-width: 860px) 100vw, 860px\" \/><\/p>\n<h2>WYD Anthem. Listen to your heart: it is urgent!<\/h2>\n<p><strong><em>Listen here :<\/em><\/strong><\/p>\n<p><a href=\"https:\/\/www.youtube.com\/watch?v=SWo7r7PaHqE&amp;t=11s\">https:\/\/www.youtube.com\/watch?v=SWo7r7PaHqE&amp;t=11s<\/a><\/p>\n<ol>\n<li><strong>\u201cThere is haste in the air! \u00bb<\/strong><\/li>\n<\/ol>\n<p><strong>Listen to your heart.<\/strong><\/p>\n<p><strong>Jesus does not leave us alone.<\/strong><\/p>\n<p><strong>We will never stop loving.<\/strong><\/p>\n<p><strong>We want to serve and be called to Life<\/strong><\/p>\n<p>This is the Leitmotif of the WYD Anthem.<\/p>\n<p><strong>H\u00c1 PRESSA NO AR(international words !!!)<br \/>\n<\/strong><\/p>\n<p>Official theme song of WYD Lisbon 2023<\/p>\n<p>From far and wide to gather in this place<\/p>\n<p>CHORUS:<br \/>\n<strong>Todos v\u00e3o ouvir a nossa voz, Levantemos bra\u00e7os,<br \/>\n<\/strong><strong>h\u00e1 pressa no ar. Jesus vive e n\u00e3o nos deixa s\u00f3s: N\u00e3o mais deixaremos de amar.<\/strong><\/p>\n<ol start=\"2\">\n<li>From far and wide to gather in this place<br \/>\nWe spread our wings and here we are,<br \/>\nAnd with Mary proclaiming our Yes<br \/>\nWe seek to serve and follow the will<br \/>\nOf the Lord, Our Father<br \/>\nChiamati ad essere come Cristo Ges\u00f9,<br \/>\nVogliamo dare, diventare,<br \/>\nDocili al s\u00ec, essere come Maria.<\/li>\n<\/ol>\n<p>CHORUS : <span lang=\"ES\"><b>Todos v\u00e3o ouvir a nossa voz, Levantemos bra\u00e7os, h\u00e1 pressa no ar. Jesus vive e n\u00e3o nos deixa s\u00f3s: N\u00e3o mais deixaremos de amar.<\/b><\/span><\/p>\n<ol start=\"3\">\n<li>T\u00fa que te buscas saber qui\u00e9n eres<br \/>\nparte a descubrir, ven a ver lo que vi.<br \/>\nVen con nosotros a mirar m\u00e1s all\u00e1,<br \/>\nde lo que haces y que no te deja<br \/>\nre\u00edr y amar.<br \/>\nOublie le pass\u00e9, ne dis pas non.<br \/>\n\u00c9coute donc ton coeur,<br \/>\nEt pars sans peur sur cette mission. [Chorus]<\/li>\n<\/ol>\n<ol start=\"4\">\n<li>\u00c8 stata Maria ad accogliere per prima<br \/>\nLa grande sorpresa della vita per sempre.<br \/>\nFiduciosa e semplice, volle ricevere<br \/>\nil grande mistero di un Dio che \u00e8<br \/>\nPer te e per me<br \/>\nNo puedo callar, no puedo dejar<br \/>\nde cantar: \u201cMi Se\u00f1or,<br \/>\ncuenta conmigo, \u00a1no m\u00e1s callar\u00e9!\u201d [Chorus]<\/li>\n<\/ol>\n<h2>Two Symbols of hope: A Cross and an Icon<\/h2>\n<div id=\"attachment_37848\" style=\"width: 870px\" class=\"wp-caption alignnone\"><img decoding=\"async\" aria-describedby=\"caption-attachment-37848\" class=\"wp-image-37848 size-large\" src=\"https:\/\/www.lamennais.org\/wp-content\/uploads\/2023\/07\/53073027904_0cabc5d1f1_k-2-1024x679.jpg\" alt=\"\" width=\"860\" height=\"570\" srcset=\"https:\/\/www.lamennais.org\/wp-content\/uploads\/2023\/07\/53073027904_0cabc5d1f1_k-2-1024x679.jpg 1024w, https:\/\/www.lamennais.org\/wp-content\/uploads\/2023\/07\/53073027904_0cabc5d1f1_k-2-300x199.jpg 300w, https:\/\/www.lamennais.org\/wp-content\/uploads\/2023\/07\/53073027904_0cabc5d1f1_k-2-768x509.jpg 768w, https:\/\/www.lamennais.org\/wp-content\/uploads\/2023\/07\/53073027904_0cabc5d1f1_k-2-1536x1019.jpg 1536w, https:\/\/www.lamennais.org\/wp-content\/uploads\/2023\/07\/53073027904_0cabc5d1f1_k-2-260x172.jpg 260w, https:\/\/www.lamennais.org\/wp-content\/uploads\/2023\/07\/53073027904_0cabc5d1f1_k-2.jpg 1585w\" sizes=\"(max-width: 860px) 100vw, 860px\" \/><p id=\"caption-attachment-37848\" class=\"wp-caption-text\"><em>For months, in multiple places in Portugal and Lisbon, the <\/em><em>I<\/em><em>con of Mary and the <\/em><em>C<\/em><em>hild preceding the <\/em><em>G<\/em><em>reat <\/em><em>P<\/em><em>ilgrim <\/em><em>C<\/em><em>ross.<\/em><\/p><\/div>\n<p>\u201cI entrust to young people this Wooden Cross, a Symbol of Christ&#8217;s love for our World\u201d.<\/p>\n<p>3.8 meters high, the Pilgrim Cross, built for the Holy Year in 1983, was entrusted by John Paul II to young people, on Palm Sunday 1984, so that it could be transported around the World. Whole as a symbol of Hope.<\/p>\n<p>The Pilgrim Cross is accompanied by the Icon of Our Lady Salus Populi Romani, which depicts the Virgin Mary holding the Child Jesus in her arms.<\/p>\n<p>These Symbols pass from Country to Country. They joined Lisbon for Weeks, from place to place.<\/p>\n","protected":false},"excerpt":{"rendered":"<p>6 Moments will punctuate this Week of World Youth Days. An opening Mass on Tuesday, the Youth Festival without forgetting the &#8220;Rise up &#8211; Catechesis&#8221;, A Welcoming Celebration of the Pope, The Way of the Cross, the Vigil with Francis and the Sending Mass. WYD Anthem. Listen to your heart: it is urgent! Listen here [&hellip;]<\/p>\n","protected":false},"author":3,"featured_media":37840,"comment_status":"closed","ping_status":"closed","sticky":false,"template":"","format":"standard","meta":{"footnotes":""},"categories":[104],"tags":[],"class_list":["post-37922","post","type-post","status-publish","format-standard","has-post-thumbnail","hentry","category-news"],"yoast_head":"<!-- This site is optimized with the Yoast SEO plugin v27.5 - https:\/\/yoast.com\/product\/yoast-seo-wordpress\/ -->\n<title>WYD LIVE. 6 Major Events, two Symbols and a Hymn - LaMennais.org<\/title>\n<meta name=\"robots\" content=\"index, follow, max-snippet:-1, max-image-preview:large, max-video-preview:-1\" \/>\n<link rel=\"canonical\" href=\"https:\/\/www.lamennais.org\/en\/wyd-live-6-major-events-two-symbols-and-a-hymn\/\" \/>\n<meta property=\"og:locale\" content=\"en_US\" \/>\n<meta property=\"og:type\" content=\"article\" \/>\n<meta property=\"og:title\" content=\"WYD LIVE. 6 Major Events, two Symbols and a Hymn - LaMennais.org\" \/>\n<meta property=\"og:description\" content=\"6 Moments will punctuate this Week of World Youth Days. An opening Mass on Tuesday, the Youth Festival without forgetting the &#8220;Rise up &#8211; Catechesis&#8221;, A Welcoming Celebration of the Pope, The Way of the Cross, the Vigil with Francis and the Sending Mass. WYD Anthem. Listen to your heart: it is urgent! Listen here [&hellip;]\" \/>\n<meta property=\"og:url\" content=\"https:\/\/www.lamennais.org\/en\/wyd-live-6-major-events-two-symbols-and-a-hymn\/\" \/>\n<meta property=\"og:site_name\" content=\"LaMennais.org\" \/>\n<meta property=\"article:published_time\" content=\"2023-07-31T11:58:18+00:00\" \/>\n<meta property=\"article:modified_time\" content=\"2023-08-01T07:23:36+00:00\" \/>\n<meta property=\"og:image\" content=\"https:\/\/www.lamennais.org\/wp-content\/uploads\/2023\/07\/53054088567_4579c9fb7d_k-e1690805119544.jpg\" \/>\n\t<meta property=\"og:image:width\" content=\"2048\" \/>\n\t<meta property=\"og:image:height\" content=\"1365\" \/>\n\t<meta property=\"og:image:type\" content=\"image\/jpeg\" \/>\n<meta name=\"author\" content=\"Herv\u00e9 Asse\" \/>\n<meta name=\"twitter:card\" content=\"summary_large_image\" \/>\n<meta name=\"twitter:label1\" content=\"Written by\" \/>\n\t<meta name=\"twitter:data1\" content=\"Herv\u00e9 Asse\" \/>\n\t<meta name=\"twitter:label2\" content=\"Est. reading time\" \/>\n\t<meta name=\"twitter:data2\" content=\"3 minutes\" \/>\n<script type=\"application\/ld+json\" class=\"yoast-schema-graph\">{\"@context\":\"https:\\\/\\\/schema.org\",\"@graph\":[{\"@type\":\"Article\",\"@id\":\"https:\\\/\\\/www.lamennais.org\\\/en\\\/wyd-live-6-major-events-two-symbols-and-a-hymn\\\/#article\",\"isPartOf\":{\"@id\":\"https:\\\/\\\/www.lamennais.org\\\/en\\\/wyd-live-6-major-events-two-symbols-and-a-hymn\\\/\"},\"author\":{\"name\":\"Herv\u00e9 Asse\",\"@id\":\"https:\\\/\\\/www.lamennais.org\\\/#\\\/schema\\\/person\\\/2a8d6e8a95babedd5ba1c43afd2e3844\"},\"headline\":\"WYD LIVE. 6 Major Events, two Symbols and a Hymn\",\"datePublished\":\"2023-07-31T11:58:18+00:00\",\"dateModified\":\"2023-08-01T07:23:36+00:00\",\"mainEntityOfPage\":{\"@id\":\"https:\\\/\\\/www.lamennais.org\\\/en\\\/wyd-live-6-major-events-two-symbols-and-a-hymn\\\/\"},\"wordCount\":489,\"image\":{\"@id\":\"https:\\\/\\\/www.lamennais.org\\\/en\\\/wyd-live-6-major-events-two-symbols-and-a-hymn\\\/#primaryimage\"},\"thumbnailUrl\":\"https:\\\/\\\/www.lamennais.org\\\/wp-content\\\/uploads\\\/2023\\\/07\\\/53054088567_4579c9fb7d_k-e1690805119544.jpg\",\"articleSection\":[\"NEWS\"],\"inLanguage\":\"en-US\"},{\"@type\":\"WebPage\",\"@id\":\"https:\\\/\\\/www.lamennais.org\\\/en\\\/wyd-live-6-major-events-two-symbols-and-a-hymn\\\/\",\"url\":\"https:\\\/\\\/www.lamennais.org\\\/en\\\/wyd-live-6-major-events-two-symbols-and-a-hymn\\\/\",\"name\":\"WYD LIVE. 6 Major Events, two Symbols and a Hymn - LaMennais.org\",\"isPartOf\":{\"@id\":\"https:\\\/\\\/www.lamennais.org\\\/#website\"},\"primaryImageOfPage\":{\"@id\":\"https:\\\/\\\/www.lamennais.org\\\/en\\\/wyd-live-6-major-events-two-symbols-and-a-hymn\\\/#primaryimage\"},\"image\":{\"@id\":\"https:\\\/\\\/www.lamennais.org\\\/en\\\/wyd-live-6-major-events-two-symbols-and-a-hymn\\\/#primaryimage\"},\"thumbnailUrl\":\"https:\\\/\\\/www.lamennais.org\\\/wp-content\\\/uploads\\\/2023\\\/07\\\/53054088567_4579c9fb7d_k-e1690805119544.jpg\",\"datePublished\":\"2023-07-31T11:58:18+00:00\",\"dateModified\":\"2023-08-01T07:23:36+00:00\",\"author\":{\"@id\":\"https:\\\/\\\/www.lamennais.org\\\/#\\\/schema\\\/person\\\/2a8d6e8a95babedd5ba1c43afd2e3844\"},\"breadcrumb\":{\"@id\":\"https:\\\/\\\/www.lamennais.org\\\/en\\\/wyd-live-6-major-events-two-symbols-and-a-hymn\\\/#breadcrumb\"},\"inLanguage\":\"en-US\",\"potentialAction\":[{\"@type\":\"ReadAction\",\"target\":[\"https:\\\/\\\/www.lamennais.org\\\/en\\\/wyd-live-6-major-events-two-symbols-and-a-hymn\\\/\"]}]},{\"@type\":\"ImageObject\",\"inLanguage\":\"en-US\",\"@id\":\"https:\\\/\\\/www.lamennais.org\\\/en\\\/wyd-live-6-major-events-two-symbols-and-a-hymn\\\/#primaryimage\",\"url\":\"https:\\\/\\\/www.lamennais.org\\\/wp-content\\\/uploads\\\/2023\\\/07\\\/53054088567_4579c9fb7d_k-e1690805119544.jpg\",\"contentUrl\":\"https:\\\/\\\/www.lamennais.org\\\/wp-content\\\/uploads\\\/2023\\\/07\\\/53054088567_4579c9fb7d_k-e1690805119544.jpg\",\"width\":2048,\"height\":1365},{\"@type\":\"BreadcrumbList\",\"@id\":\"https:\\\/\\\/www.lamennais.org\\\/en\\\/wyd-live-6-major-events-two-symbols-and-a-hymn\\\/#breadcrumb\",\"itemListElement\":[{\"@type\":\"ListItem\",\"position\":1,\"name\":\"Accueil\",\"item\":\"https:\\\/\\\/www.lamennais.org\\\/\"},{\"@type\":\"ListItem\",\"position\":2,\"name\":\"WYD LIVE. 6 Major Events, two Symbols and a Hymn\"}]},{\"@type\":\"WebSite\",\"@id\":\"https:\\\/\\\/www.lamennais.org\\\/#website\",\"url\":\"https:\\\/\\\/www.lamennais.org\\\/\",\"name\":\"LaMennais.org\",\"description\":\"Fr\u00e8res de l&#039;Instruction Chr\u00e9tienne et Famille Mennaisienne\",\"potentialAction\":[{\"@type\":\"SearchAction\",\"target\":{\"@type\":\"EntryPoint\",\"urlTemplate\":\"https:\\\/\\\/www.lamennais.org\\\/?s={search_term_string}\"},\"query-input\":{\"@type\":\"PropertyValueSpecification\",\"valueRequired\":true,\"valueName\":\"search_term_string\"}}],\"inLanguage\":\"en-US\"},{\"@type\":\"Person\",\"@id\":\"https:\\\/\\\/www.lamennais.org\\\/#\\\/schema\\\/person\\\/2a8d6e8a95babedd5ba1c43afd2e3844\",\"name\":\"Herv\u00e9 Asse\",\"image\":{\"@type\":\"ImageObject\",\"inLanguage\":\"en-US\",\"@id\":\"https:\\\/\\\/secure.gravatar.com\\\/avatar\\\/1aaa7b1baf759c8b40525f40af381cbaa2b0ddd554f57145bceb0654ba45b4c0?s=96&d=mm&r=g\",\"url\":\"https:\\\/\\\/secure.gravatar.com\\\/avatar\\\/1aaa7b1baf759c8b40525f40af381cbaa2b0ddd554f57145bceb0654ba45b4c0?s=96&d=mm&r=g\",\"contentUrl\":\"https:\\\/\\\/secure.gravatar.com\\\/avatar\\\/1aaa7b1baf759c8b40525f40af381cbaa2b0ddd554f57145bceb0654ba45b4c0?s=96&d=mm&r=g\",\"caption\":\"Herv\u00e9 Asse\"}}]}<\/script>\n<!-- \/ Yoast SEO plugin. -->","yoast_head_json":{"title":"WYD LIVE. 6 Major Events, two Symbols and a Hymn - LaMennais.org","robots":{"index":"index","follow":"follow","max-snippet":"max-snippet:-1","max-image-preview":"max-image-preview:large","max-video-preview":"max-video-preview:-1"},"canonical":"https:\/\/www.lamennais.org\/en\/wyd-live-6-major-events-two-symbols-and-a-hymn\/","og_locale":"en_US","og_type":"article","og_title":"WYD LIVE. 6 Major Events, two Symbols and a Hymn - LaMennais.org","og_description":"6 Moments will punctuate this Week of World Youth Days. An opening Mass on Tuesday, the Youth Festival without forgetting the &#8220;Rise up &#8211; Catechesis&#8221;, A Welcoming Celebration of the Pope, The Way of the Cross, the Vigil with Francis and the Sending Mass. WYD Anthem. Listen to your heart: it is urgent! Listen here [&hellip;]","og_url":"https:\/\/www.lamennais.org\/en\/wyd-live-6-major-events-two-symbols-and-a-hymn\/","og_site_name":"LaMennais.org","article_published_time":"2023-07-31T11:58:18+00:00","article_modified_time":"2023-08-01T07:23:36+00:00","og_image":[{"width":2048,"height":1365,"url":"https:\/\/www.lamennais.org\/wp-content\/uploads\/2023\/07\/53054088567_4579c9fb7d_k-e1690805119544.jpg","type":"image\/jpeg"}],"author":"Herv\u00e9 Asse","twitter_card":"summary_large_image","twitter_misc":{"Written by":"Herv\u00e9 Asse","Est. reading time":"3 minutes"},"schema":{"@context":"https:\/\/schema.org","@graph":[{"@type":"Article","@id":"https:\/\/www.lamennais.org\/en\/wyd-live-6-major-events-two-symbols-and-a-hymn\/#article","isPartOf":{"@id":"https:\/\/www.lamennais.org\/en\/wyd-live-6-major-events-two-symbols-and-a-hymn\/"},"author":{"name":"Herv\u00e9 Asse","@id":"https:\/\/www.lamennais.org\/#\/schema\/person\/2a8d6e8a95babedd5ba1c43afd2e3844"},"headline":"WYD LIVE. 6 Major Events, two Symbols and a Hymn","datePublished":"2023-07-31T11:58:18+00:00","dateModified":"2023-08-01T07:23:36+00:00","mainEntityOfPage":{"@id":"https:\/\/www.lamennais.org\/en\/wyd-live-6-major-events-two-symbols-and-a-hymn\/"},"wordCount":489,"image":{"@id":"https:\/\/www.lamennais.org\/en\/wyd-live-6-major-events-two-symbols-and-a-hymn\/#primaryimage"},"thumbnailUrl":"https:\/\/www.lamennais.org\/wp-content\/uploads\/2023\/07\/53054088567_4579c9fb7d_k-e1690805119544.jpg","articleSection":["NEWS"],"inLanguage":"en-US"},{"@type":"WebPage","@id":"https:\/\/www.lamennais.org\/en\/wyd-live-6-major-events-two-symbols-and-a-hymn\/","url":"https:\/\/www.lamennais.org\/en\/wyd-live-6-major-events-two-symbols-and-a-hymn\/","name":"WYD LIVE. 6 Major Events, two Symbols and a Hymn - LaMennais.org","isPartOf":{"@id":"https:\/\/www.lamennais.org\/#website"},"primaryImageOfPage":{"@id":"https:\/\/www.lamennais.org\/en\/wyd-live-6-major-events-two-symbols-and-a-hymn\/#primaryimage"},"image":{"@id":"https:\/\/www.lamennais.org\/en\/wyd-live-6-major-events-two-symbols-and-a-hymn\/#primaryimage"},"thumbnailUrl":"https:\/\/www.lamennais.org\/wp-content\/uploads\/2023\/07\/53054088567_4579c9fb7d_k-e1690805119544.jpg","datePublished":"2023-07-31T11:58:18+00:00","dateModified":"2023-08-01T07:23:36+00:00","author":{"@id":"https:\/\/www.lamennais.org\/#\/schema\/person\/2a8d6e8a95babedd5ba1c43afd2e3844"},"breadcrumb":{"@id":"https:\/\/www.lamennais.org\/en\/wyd-live-6-major-events-two-symbols-and-a-hymn\/#breadcrumb"},"inLanguage":"en-US","potentialAction":[{"@type":"ReadAction","target":["https:\/\/www.lamennais.org\/en\/wyd-live-6-major-events-two-symbols-and-a-hymn\/"]}]},{"@type":"ImageObject","inLanguage":"en-US","@id":"https:\/\/www.lamennais.org\/en\/wyd-live-6-major-events-two-symbols-and-a-hymn\/#primaryimage","url":"https:\/\/www.lamennais.org\/wp-content\/uploads\/2023\/07\/53054088567_4579c9fb7d_k-e1690805119544.jpg","contentUrl":"https:\/\/www.lamennais.org\/wp-content\/uploads\/2023\/07\/53054088567_4579c9fb7d_k-e1690805119544.jpg","width":2048,"height":1365},{"@type":"BreadcrumbList","@id":"https:\/\/www.lamennais.org\/en\/wyd-live-6-major-events-two-symbols-and-a-hymn\/#breadcrumb","itemListElement":[{"@type":"ListItem","position":1,"name":"Accueil","item":"https:\/\/www.lamennais.org\/"},{"@type":"ListItem","position":2,"name":"WYD LIVE. 6 Major Events, two Symbols and a Hymn"}]},{"@type":"WebSite","@id":"https:\/\/www.lamennais.org\/#website","url":"https:\/\/www.lamennais.org\/","name":"LaMennais.org","description":"Fr\u00e8res de l&#039;Instruction Chr\u00e9tienne et Famille Mennaisienne","potentialAction":[{"@type":"SearchAction","target":{"@type":"EntryPoint","urlTemplate":"https:\/\/www.lamennais.org\/?s={search_term_string}"},"query-input":{"@type":"PropertyValueSpecification","valueRequired":true,"valueName":"search_term_string"}}],"inLanguage":"en-US"},{"@type":"Person","@id":"https:\/\/www.lamennais.org\/#\/schema\/person\/2a8d6e8a95babedd5ba1c43afd2e3844","name":"Herv\u00e9 Asse","image":{"@type":"ImageObject","inLanguage":"en-US","@id":"https:\/\/secure.gravatar.com\/avatar\/1aaa7b1baf759c8b40525f40af381cbaa2b0ddd554f57145bceb0654ba45b4c0?s=96&d=mm&r=g","url":"https:\/\/secure.gravatar.com\/avatar\/1aaa7b1baf759c8b40525f40af381cbaa2b0ddd554f57145bceb0654ba45b4c0?s=96&d=mm&r=g","contentUrl":"https:\/\/secure.gravatar.com\/avatar\/1aaa7b1baf759c8b40525f40af381cbaa2b0ddd554f57145bceb0654ba45b4c0?s=96&d=mm&r=g","caption":"Herv\u00e9 Asse"}}]}},"_links":{"self":[{"href":"https:\/\/www.lamennais.org\/en\/wp-json\/wp\/v2\/posts\/37922","targetHints":{"allow":["GET"]}}],"collection":[{"href":"https:\/\/www.lamennais.org\/en\/wp-json\/wp\/v2\/posts"}],"about":[{"href":"https:\/\/www.lamennais.org\/en\/wp-json\/wp\/v2\/types\/post"}],"author":[{"embeddable":true,"href":"https:\/\/www.lamennais.org\/en\/wp-json\/wp\/v2\/users\/3"}],"replies":[{"embeddable":true,"href":"https:\/\/www.lamennais.org\/en\/wp-json\/wp\/v2\/comments?post=37922"}],"version-history":[{"count":1,"href":"https:\/\/www.lamennais.org\/en\/wp-json\/wp\/v2\/posts\/37922\/revisions"}],"predecessor-version":[{"id":37923,"href":"https:\/\/www.lamennais.org\/en\/wp-json\/wp\/v2\/posts\/37922\/revisions\/37923"}],"wp:featuredmedia":[{"embeddable":true,"href":"https:\/\/www.lamennais.org\/en\/wp-json\/wp\/v2\/media\/37840"}],"wp:attachment":[{"href":"https:\/\/www.lamennais.org\/en\/wp-json\/wp\/v2\/media?parent=37922"}],"wp:term":[{"taxonomy":"category","embeddable":true,"href":"https:\/\/www.lamennais.org\/en\/wp-json\/wp\/v2\/categories?post=37922"},{"taxonomy":"post_tag","embeddable":true,"href":"https:\/\/www.lamennais.org\/en\/wp-json\/wp\/v2\/tags?post=37922"}],"curies":[{"name":"wp","href":"https:\/\/api.w.org\/{rel}","templated":true}]}}