{"id":37076,"date":"2023-03-30T14:20:47","date_gmt":"2023-03-30T12:20:47","guid":{"rendered":"https:\/\/www.lamennais.org\/?p=37076"},"modified":"2023-04-08T09:07:07","modified_gmt":"2023-04-08T07:07:07","slug":"lycee-la-mennais-ploermel-ranked-5th-in-france-in-the-palmares-of-the-newspaper-aujourdhui-le-parisien-it-is-a-satisfaction-for-the-entire-educational-team-exp","status":"publish","type":"post","link":"https:\/\/www.lamennais.org\/en\/lycee-la-mennais-ploermel-ranked-5th-in-france-in-the-palmares-of-the-newspaper-aujourdhui-le-parisien-it-is-a-satisfaction-for-the-entire-educational-team-exp\/","title":{"rendered":"LYCEE LA MENNAIS Plo\u00ebrmel. Ranked 5th in France in the Palmar\u00e8s of the Newspaper \u201cAujourd\u2019hui-Le Parisien\u201d. \u00abIt is a satisfaction for the entire Educational Team\u00bb explained V\u00e9ronique Calas, Headmaster."},"content":{"rendered":"<p><strong>It was a Great opportunity to rejoice for the Educational team of the Lyc\u00e9e La Mennais of Plo\u00ebrmel, France, led by V\u00e9ronique Calas. The Lyc\u00e9e has 1,726 young people.<\/strong><\/p>\n<p><img fetchpriority=\"high\" decoding=\"async\" class=\"alignnone  wp-image-36884\" src=\"https:\/\/www.lamennais.org\/wp-content\/uploads\/2023\/03\/Capture-decran-2023-03-30-094620.png\" alt=\"\" width=\"765\" height=\"158\" srcset=\"https:\/\/www.lamennais.org\/wp-content\/uploads\/2023\/03\/Capture-decran-2023-03-30-094620.png 576w, https:\/\/www.lamennais.org\/wp-content\/uploads\/2023\/03\/Capture-decran-2023-03-30-094620-300x62.png 300w, https:\/\/www.lamennais.org\/wp-content\/uploads\/2023\/03\/Capture-decran-2023-03-30-094620-260x54.png 260w\" sizes=\"(max-width: 765px) 100vw, 765px\" \/><\/p>\n<p>The Newspaper \u201c<em>Aujourd&#8217;hui en France\u2013Le Parisien<\/em>\u201d in its publication dated on Wednesday, March 29<sup>th<\/sup> \u00a0\u2013 pages 8 and 9 \u2013 placed the Establishment in 5th place in its Annual List of Awards totaling 1,000 Private Schools of France!<\/p>\n<h2><img decoding=\"async\" class=\"alignnone size-large wp-image-36875\" src=\"https:\/\/www.lamennais.org\/wp-content\/uploads\/2023\/03\/IMG_20230330_092053-2-775x1024.jpg\" alt=\"\" width=\"775\" height=\"1024\" srcset=\"https:\/\/www.lamennais.org\/wp-content\/uploads\/2023\/03\/IMG_20230330_092053-2-775x1024.jpg 775w, https:\/\/www.lamennais.org\/wp-content\/uploads\/2023\/03\/IMG_20230330_092053-2-227x300.jpg 227w, https:\/\/www.lamennais.org\/wp-content\/uploads\/2023\/03\/IMG_20230330_092053-2-768x1015.jpg 768w, https:\/\/www.lamennais.org\/wp-content\/uploads\/2023\/03\/IMG_20230330_092053-2-1162x1536.jpg 1162w, https:\/\/www.lamennais.org\/wp-content\/uploads\/2023\/03\/IMG_20230330_092053-2-1549x2048.jpg 1549w, https:\/\/www.lamennais.org\/wp-content\/uploads\/2023\/03\/IMG_20230330_092053-2-260x344.jpg 260w, https:\/\/www.lamennais.org\/wp-content\/uploads\/2023\/03\/IMG_20230330_092053-2-scaled.jpg 1937w\" sizes=\"(max-width: 775px) 100vw, 775px\" \/><\/h2>\n<h2><img decoding=\"async\" class=\"alignnone size-large wp-image-36878\" src=\"https:\/\/www.lamennais.org\/wp-content\/uploads\/2023\/03\/IMG_20230330_092157-2-1024x560.jpg\" alt=\"\" width=\"860\" height=\"470\" srcset=\"https:\/\/www.lamennais.org\/wp-content\/uploads\/2023\/03\/IMG_20230330_092157-2-1024x560.jpg 1024w, https:\/\/www.lamennais.org\/wp-content\/uploads\/2023\/03\/IMG_20230330_092157-2-300x164.jpg 300w, https:\/\/www.lamennais.org\/wp-content\/uploads\/2023\/03\/IMG_20230330_092157-2-768x420.jpg 768w, https:\/\/www.lamennais.org\/wp-content\/uploads\/2023\/03\/IMG_20230330_092157-2-1536x839.jpg 1536w, https:\/\/www.lamennais.org\/wp-content\/uploads\/2023\/03\/IMG_20230330_092157-2-2048x1119.jpg 2048w, https:\/\/www.lamennais.org\/wp-content\/uploads\/2023\/03\/IMG_20230330_092157-2-260x142.jpg 260w\" sizes=\"(max-width: 860px) 100vw, 860px\" \/><\/h2>\n<h2>Pull Youth up<\/h2>\n<p>What are the criteria used by the Newspaper?<\/p>\n<p>Fr\u00e9d\u00e9ric Gouaillard, Jounalist at \u201cParisien-Aujourd&#8217;hui\u201d in France, explained the Criteria: &#8211; the Ability to Support and Advance teenagers from their First year to the doors of the University; &#8211; \u201cat the Baccalaureate, calculated according to the level at the end of College ; &#8211; and the Social profile. If the School does better, it is because it has managed to pull its students up.\u201d<\/p>\n<h2><img loading=\"lazy\" decoding=\"async\" class=\"alignnone size-large wp-image-36887\" src=\"https:\/\/www.lamennais.org\/wp-content\/uploads\/2023\/03\/IMG_20230330_092127-2-1024x294.jpg\" alt=\"\" width=\"860\" height=\"247\" srcset=\"https:\/\/www.lamennais.org\/wp-content\/uploads\/2023\/03\/IMG_20230330_092127-2-1024x294.jpg 1024w, https:\/\/www.lamennais.org\/wp-content\/uploads\/2023\/03\/IMG_20230330_092127-2-300x86.jpg 300w, https:\/\/www.lamennais.org\/wp-content\/uploads\/2023\/03\/IMG_20230330_092127-2-768x221.jpg 768w, https:\/\/www.lamennais.org\/wp-content\/uploads\/2023\/03\/IMG_20230330_092127-2-1536x441.jpg 1536w, https:\/\/www.lamennais.org\/wp-content\/uploads\/2023\/03\/IMG_20230330_092127-2-2048x588.jpg 2048w, https:\/\/www.lamennais.org\/wp-content\/uploads\/2023\/03\/IMG_20230330_092127-2-260x75.jpg 260w\" sizes=\"(max-width: 860px) 100vw, 860px\" \/><\/h2>\n<h2><strong>New responses to the needs of young people<\/strong><\/h2>\n<p>Renovation of the Technical areas of the School, Projects of New Training tracks, Prospective studies for New developments: so many Projects that are underway.<\/p>\n<div id=\"attachment_36872\" style=\"width: 257px\" class=\"wp-caption alignnone\"><img loading=\"lazy\" decoding=\"async\" aria-describedby=\"caption-attachment-36872\" class=\"wp-image-36872\" src=\"https:\/\/www.lamennais.org\/wp-content\/uploads\/2023\/03\/Capture-decran-2023-03-30-140355-2.png\" alt=\"\" width=\"247\" height=\"264\" \/><p id=\"caption-attachment-36872\" class=\"wp-caption-text\"><em>V\u00e9ronique CALAS, Headmaster of Lyc\u00e9e La Mennais, Plo\u00ebrmel, France<\/em>.<\/p><\/div>\n<p>\u201cWe are committed to undertaking New responses to the needs of young people and their families,\u201d V\u00e9ronique Calas stressed.<\/p>\n<p>Congratulations and Encouragement to the entire Educational team, and naturally to the young people, families and partners!<\/p>\n<p><strong>Presentation of the Lyc\u00e9e<\/strong>: <a href=\"https:\/\/www.lycee-lamennais.fr\/presentation\/\">https:\/\/www.lycee-lamennais.fr\/presentation\/<\/a><\/p>\n<p><strong>School website<\/strong>: <a href=\"https:\/\/www.lycee-lamennais.fr\/\">https:\/\/www.lycee-lamennais.fr\/<\/a><\/p>\n","protected":false},"excerpt":{"rendered":"<p>It was a Great opportunity to rejoice for the Educational team of the Lyc\u00e9e La Mennais of Plo\u00ebrmel, France, led by V\u00e9ronique Calas. The Lyc\u00e9e has 1,726 young people. The Newspaper \u201cAujourd&#8217;hui en France\u2013Le Parisien\u201d in its publication dated on Wednesday, March 29th \u00a0\u2013 pages 8 and 9 \u2013 placed the Establishment in 5th place [&hellip;]<\/p>\n","protected":false},"author":3,"featured_media":36870,"comment_status":"closed","ping_status":"closed","sticky":false,"template":"","format":"standard","meta":{"footnotes":""},"categories":[104],"tags":[],"class_list":["post-37076","post","type-post","status-publish","format-standard","has-post-thumbnail","hentry","category-news"],"yoast_head":"<!-- This site is optimized with the Yoast SEO plugin v27.4 - https:\/\/yoast.com\/product\/yoast-seo-wordpress\/ -->\n<title>LYCEE LA MENNAIS Plo\u00ebrmel. Ranked 5th in France in the Palmar\u00e8s of the Newspaper \u201cAujourd\u2019hui-Le Parisien\u201d. \u00abIt is a satisfaction for the entire Educational Team\u00bb explained V\u00e9ronique Calas, Headmaster. - LaMennais.org<\/title>\n<meta name=\"robots\" content=\"index, follow, max-snippet:-1, max-image-preview:large, max-video-preview:-1\" \/>\n<link rel=\"canonical\" href=\"https:\/\/www.lamennais.org\/en\/lycee-la-mennais-ploermel-ranked-5th-in-france-in-the-palmares-of-the-newspaper-aujourdhui-le-parisien-it-is-a-satisfaction-for-the-entire-educational-team-exp\/\" \/>\n<meta property=\"og:locale\" content=\"en_US\" \/>\n<meta property=\"og:type\" content=\"article\" \/>\n<meta property=\"og:title\" content=\"LYCEE LA MENNAIS Plo\u00ebrmel. Ranked 5th in France in the Palmar\u00e8s of the Newspaper \u201cAujourd\u2019hui-Le Parisien\u201d. \u00abIt is a satisfaction for the entire Educational Team\u00bb explained V\u00e9ronique Calas, Headmaster. - LaMennais.org\" \/>\n<meta property=\"og:description\" content=\"It was a Great opportunity to rejoice for the Educational team of the Lyc\u00e9e La Mennais of Plo\u00ebrmel, France, led by V\u00e9ronique Calas. The Lyc\u00e9e has 1,726 young people. The Newspaper \u201cAujourd&#8217;hui en France\u2013Le Parisien\u201d in its publication dated on Wednesday, March 29th \u00a0\u2013 pages 8 and 9 \u2013 placed the Establishment in 5th place [&hellip;]\" \/>\n<meta property=\"og:url\" content=\"https:\/\/www.lamennais.org\/en\/lycee-la-mennais-ploermel-ranked-5th-in-france-in-the-palmares-of-the-newspaper-aujourdhui-le-parisien-it-is-a-satisfaction-for-the-entire-educational-team-exp\/\" \/>\n<meta property=\"og:site_name\" content=\"LaMennais.org\" \/>\n<meta property=\"article:published_time\" content=\"2023-03-30T12:20:47+00:00\" \/>\n<meta property=\"article:modified_time\" content=\"2023-04-08T07:07:07+00:00\" \/>\n<meta property=\"og:image\" content=\"https:\/\/www.lamennais.org\/wp-content\/uploads\/2023\/03\/Capture-decran-2023-03-30-094724-e1680179279370.png\" \/>\n\t<meta property=\"og:image:width\" content=\"858\" \/>\n\t<meta property=\"og:image:height\" content=\"548\" \/>\n\t<meta property=\"og:image:type\" content=\"image\/png\" \/>\n<meta name=\"author\" content=\"Herv\u00e9 Asse\" \/>\n<meta name=\"twitter:card\" content=\"summary_large_image\" \/>\n<meta name=\"twitter:label1\" content=\"Written by\" \/>\n\t<meta name=\"twitter:data1\" content=\"Herv\u00e9 Asse\" \/>\n\t<meta name=\"twitter:label2\" content=\"Est. reading time\" \/>\n\t<meta name=\"twitter:data2\" content=\"2 minutes\" \/>\n<script type=\"application\/ld+json\" class=\"yoast-schema-graph\">{\"@context\":\"https:\\\/\\\/schema.org\",\"@graph\":[{\"@type\":\"Article\",\"@id\":\"https:\\\/\\\/www.lamennais.org\\\/en\\\/lycee-la-mennais-ploermel-ranked-5th-in-france-in-the-palmares-of-the-newspaper-aujourdhui-le-parisien-it-is-a-satisfaction-for-the-entire-educational-team-exp\\\/#article\",\"isPartOf\":{\"@id\":\"https:\\\/\\\/www.lamennais.org\\\/en\\\/lycee-la-mennais-ploermel-ranked-5th-in-france-in-the-palmares-of-the-newspaper-aujourdhui-le-parisien-it-is-a-satisfaction-for-the-entire-educational-team-exp\\\/\"},\"author\":{\"name\":\"Herv\u00e9 Asse\",\"@id\":\"https:\\\/\\\/www.lamennais.org\\\/#\\\/schema\\\/person\\\/2a8d6e8a95babedd5ba1c43afd2e3844\"},\"headline\":\"LYCEE LA MENNAIS Plo\u00ebrmel. Ranked 5th in France in the Palmar\u00e8s of the Newspaper \u201cAujourd\u2019hui-Le Parisien\u201d. \u00abIt is a satisfaction for the entire Educational Team\u00bb explained V\u00e9ronique Calas, Headmaster.\",\"datePublished\":\"2023-03-30T12:20:47+00:00\",\"dateModified\":\"2023-04-08T07:07:07+00:00\",\"mainEntityOfPage\":{\"@id\":\"https:\\\/\\\/www.lamennais.org\\\/en\\\/lycee-la-mennais-ploermel-ranked-5th-in-france-in-the-palmares-of-the-newspaper-aujourdhui-le-parisien-it-is-a-satisfaction-for-the-entire-educational-team-exp\\\/\"},\"wordCount\":281,\"image\":{\"@id\":\"https:\\\/\\\/www.lamennais.org\\\/en\\\/lycee-la-mennais-ploermel-ranked-5th-in-france-in-the-palmares-of-the-newspaper-aujourdhui-le-parisien-it-is-a-satisfaction-for-the-entire-educational-team-exp\\\/#primaryimage\"},\"thumbnailUrl\":\"https:\\\/\\\/www.lamennais.org\\\/wp-content\\\/uploads\\\/2023\\\/03\\\/Capture-decran-2023-03-30-094724-e1680179279370.png\",\"articleSection\":[\"NEWS\"],\"inLanguage\":\"en-US\"},{\"@type\":\"WebPage\",\"@id\":\"https:\\\/\\\/www.lamennais.org\\\/en\\\/lycee-la-mennais-ploermel-ranked-5th-in-france-in-the-palmares-of-the-newspaper-aujourdhui-le-parisien-it-is-a-satisfaction-for-the-entire-educational-team-exp\\\/\",\"url\":\"https:\\\/\\\/www.lamennais.org\\\/en\\\/lycee-la-mennais-ploermel-ranked-5th-in-france-in-the-palmares-of-the-newspaper-aujourdhui-le-parisien-it-is-a-satisfaction-for-the-entire-educational-team-exp\\\/\",\"name\":\"LYCEE LA MENNAIS Plo\u00ebrmel. Ranked 5th in France in the Palmar\u00e8s of the Newspaper \u201cAujourd\u2019hui-Le Parisien\u201d. \u00abIt is a satisfaction for the entire Educational Team\u00bb explained V\u00e9ronique Calas, Headmaster. - LaMennais.org\",\"isPartOf\":{\"@id\":\"https:\\\/\\\/www.lamennais.org\\\/#website\"},\"primaryImageOfPage\":{\"@id\":\"https:\\\/\\\/www.lamennais.org\\\/en\\\/lycee-la-mennais-ploermel-ranked-5th-in-france-in-the-palmares-of-the-newspaper-aujourdhui-le-parisien-it-is-a-satisfaction-for-the-entire-educational-team-exp\\\/#primaryimage\"},\"image\":{\"@id\":\"https:\\\/\\\/www.lamennais.org\\\/en\\\/lycee-la-mennais-ploermel-ranked-5th-in-france-in-the-palmares-of-the-newspaper-aujourdhui-le-parisien-it-is-a-satisfaction-for-the-entire-educational-team-exp\\\/#primaryimage\"},\"thumbnailUrl\":\"https:\\\/\\\/www.lamennais.org\\\/wp-content\\\/uploads\\\/2023\\\/03\\\/Capture-decran-2023-03-30-094724-e1680179279370.png\",\"datePublished\":\"2023-03-30T12:20:47+00:00\",\"dateModified\":\"2023-04-08T07:07:07+00:00\",\"author\":{\"@id\":\"https:\\\/\\\/www.lamennais.org\\\/#\\\/schema\\\/person\\\/2a8d6e8a95babedd5ba1c43afd2e3844\"},\"breadcrumb\":{\"@id\":\"https:\\\/\\\/www.lamennais.org\\\/en\\\/lycee-la-mennais-ploermel-ranked-5th-in-france-in-the-palmares-of-the-newspaper-aujourdhui-le-parisien-it-is-a-satisfaction-for-the-entire-educational-team-exp\\\/#breadcrumb\"},\"inLanguage\":\"en-US\",\"potentialAction\":[{\"@type\":\"ReadAction\",\"target\":[\"https:\\\/\\\/www.lamennais.org\\\/en\\\/lycee-la-mennais-ploermel-ranked-5th-in-france-in-the-palmares-of-the-newspaper-aujourdhui-le-parisien-it-is-a-satisfaction-for-the-entire-educational-team-exp\\\/\"]}]},{\"@type\":\"ImageObject\",\"inLanguage\":\"en-US\",\"@id\":\"https:\\\/\\\/www.lamennais.org\\\/en\\\/lycee-la-mennais-ploermel-ranked-5th-in-france-in-the-palmares-of-the-newspaper-aujourdhui-le-parisien-it-is-a-satisfaction-for-the-entire-educational-team-exp\\\/#primaryimage\",\"url\":\"https:\\\/\\\/www.lamennais.org\\\/wp-content\\\/uploads\\\/2023\\\/03\\\/Capture-decran-2023-03-30-094724-e1680179279370.png\",\"contentUrl\":\"https:\\\/\\\/www.lamennais.org\\\/wp-content\\\/uploads\\\/2023\\\/03\\\/Capture-decran-2023-03-30-094724-e1680179279370.png\",\"width\":858,\"height\":548},{\"@type\":\"BreadcrumbList\",\"@id\":\"https:\\\/\\\/www.lamennais.org\\\/en\\\/lycee-la-mennais-ploermel-ranked-5th-in-france-in-the-palmares-of-the-newspaper-aujourdhui-le-parisien-it-is-a-satisfaction-for-the-entire-educational-team-exp\\\/#breadcrumb\",\"itemListElement\":[{\"@type\":\"ListItem\",\"position\":1,\"name\":\"Accueil\",\"item\":\"https:\\\/\\\/www.lamennais.org\\\/\"},{\"@type\":\"ListItem\",\"position\":2,\"name\":\"LYCEE LA MENNAIS Plo\u00ebrmel. Ranked 5th in France in the Palmar\u00e8s of the Newspaper \u201cAujourd\u2019hui-Le Parisien\u201d. \u00abIt is a satisfaction for the entire Educational Team\u00bb explained V\u00e9ronique Calas, Headmaster.\"}]},{\"@type\":\"WebSite\",\"@id\":\"https:\\\/\\\/www.lamennais.org\\\/#website\",\"url\":\"https:\\\/\\\/www.lamennais.org\\\/\",\"name\":\"LaMennais.org\",\"description\":\"Fr\u00e8res de l&#039;Instruction Chr\u00e9tienne et Famille Mennaisienne\",\"potentialAction\":[{\"@type\":\"SearchAction\",\"target\":{\"@type\":\"EntryPoint\",\"urlTemplate\":\"https:\\\/\\\/www.lamennais.org\\\/?s={search_term_string}\"},\"query-input\":{\"@type\":\"PropertyValueSpecification\",\"valueRequired\":true,\"valueName\":\"search_term_string\"}}],\"inLanguage\":\"en-US\"},{\"@type\":\"Person\",\"@id\":\"https:\\\/\\\/www.lamennais.org\\\/#\\\/schema\\\/person\\\/2a8d6e8a95babedd5ba1c43afd2e3844\",\"name\":\"Herv\u00e9 Asse\",\"image\":{\"@type\":\"ImageObject\",\"inLanguage\":\"en-US\",\"@id\":\"https:\\\/\\\/secure.gravatar.com\\\/avatar\\\/1aaa7b1baf759c8b40525f40af381cbaa2b0ddd554f57145bceb0654ba45b4c0?s=96&d=mm&r=g\",\"url\":\"https:\\\/\\\/secure.gravatar.com\\\/avatar\\\/1aaa7b1baf759c8b40525f40af381cbaa2b0ddd554f57145bceb0654ba45b4c0?s=96&d=mm&r=g\",\"contentUrl\":\"https:\\\/\\\/secure.gravatar.com\\\/avatar\\\/1aaa7b1baf759c8b40525f40af381cbaa2b0ddd554f57145bceb0654ba45b4c0?s=96&d=mm&r=g\",\"caption\":\"Herv\u00e9 Asse\"}}]}<\/script>\n<!-- \/ Yoast SEO plugin. -->","yoast_head_json":{"title":"LYCEE LA MENNAIS Plo\u00ebrmel. Ranked 5th in France in the Palmar\u00e8s of the Newspaper \u201cAujourd\u2019hui-Le Parisien\u201d. \u00abIt is a satisfaction for the entire Educational Team\u00bb explained V\u00e9ronique Calas, Headmaster. - LaMennais.org","robots":{"index":"index","follow":"follow","max-snippet":"max-snippet:-1","max-image-preview":"max-image-preview:large","max-video-preview":"max-video-preview:-1"},"canonical":"https:\/\/www.lamennais.org\/en\/lycee-la-mennais-ploermel-ranked-5th-in-france-in-the-palmares-of-the-newspaper-aujourdhui-le-parisien-it-is-a-satisfaction-for-the-entire-educational-team-exp\/","og_locale":"en_US","og_type":"article","og_title":"LYCEE LA MENNAIS Plo\u00ebrmel. Ranked 5th in France in the Palmar\u00e8s of the Newspaper \u201cAujourd\u2019hui-Le Parisien\u201d. \u00abIt is a satisfaction for the entire Educational Team\u00bb explained V\u00e9ronique Calas, Headmaster. - LaMennais.org","og_description":"It was a Great opportunity to rejoice for the Educational team of the Lyc\u00e9e La Mennais of Plo\u00ebrmel, France, led by V\u00e9ronique Calas. The Lyc\u00e9e has 1,726 young people. The Newspaper \u201cAujourd&#8217;hui en France\u2013Le Parisien\u201d in its publication dated on Wednesday, March 29th \u00a0\u2013 pages 8 and 9 \u2013 placed the Establishment in 5th place [&hellip;]","og_url":"https:\/\/www.lamennais.org\/en\/lycee-la-mennais-ploermel-ranked-5th-in-france-in-the-palmares-of-the-newspaper-aujourdhui-le-parisien-it-is-a-satisfaction-for-the-entire-educational-team-exp\/","og_site_name":"LaMennais.org","article_published_time":"2023-03-30T12:20:47+00:00","article_modified_time":"2023-04-08T07:07:07+00:00","og_image":[{"width":858,"height":548,"url":"https:\/\/www.lamennais.org\/wp-content\/uploads\/2023\/03\/Capture-decran-2023-03-30-094724-e1680179279370.png","type":"image\/png"}],"author":"Herv\u00e9 Asse","twitter_card":"summary_large_image","twitter_misc":{"Written by":"Herv\u00e9 Asse","Est. reading time":"2 minutes"},"schema":{"@context":"https:\/\/schema.org","@graph":[{"@type":"Article","@id":"https:\/\/www.lamennais.org\/en\/lycee-la-mennais-ploermel-ranked-5th-in-france-in-the-palmares-of-the-newspaper-aujourdhui-le-parisien-it-is-a-satisfaction-for-the-entire-educational-team-exp\/#article","isPartOf":{"@id":"https:\/\/www.lamennais.org\/en\/lycee-la-mennais-ploermel-ranked-5th-in-france-in-the-palmares-of-the-newspaper-aujourdhui-le-parisien-it-is-a-satisfaction-for-the-entire-educational-team-exp\/"},"author":{"name":"Herv\u00e9 Asse","@id":"https:\/\/www.lamennais.org\/#\/schema\/person\/2a8d6e8a95babedd5ba1c43afd2e3844"},"headline":"LYCEE LA MENNAIS Plo\u00ebrmel. Ranked 5th in France in the Palmar\u00e8s of the Newspaper \u201cAujourd\u2019hui-Le Parisien\u201d. \u00abIt is a satisfaction for the entire Educational Team\u00bb explained V\u00e9ronique Calas, Headmaster.","datePublished":"2023-03-30T12:20:47+00:00","dateModified":"2023-04-08T07:07:07+00:00","mainEntityOfPage":{"@id":"https:\/\/www.lamennais.org\/en\/lycee-la-mennais-ploermel-ranked-5th-in-france-in-the-palmares-of-the-newspaper-aujourdhui-le-parisien-it-is-a-satisfaction-for-the-entire-educational-team-exp\/"},"wordCount":281,"image":{"@id":"https:\/\/www.lamennais.org\/en\/lycee-la-mennais-ploermel-ranked-5th-in-france-in-the-palmares-of-the-newspaper-aujourdhui-le-parisien-it-is-a-satisfaction-for-the-entire-educational-team-exp\/#primaryimage"},"thumbnailUrl":"https:\/\/www.lamennais.org\/wp-content\/uploads\/2023\/03\/Capture-decran-2023-03-30-094724-e1680179279370.png","articleSection":["NEWS"],"inLanguage":"en-US"},{"@type":"WebPage","@id":"https:\/\/www.lamennais.org\/en\/lycee-la-mennais-ploermel-ranked-5th-in-france-in-the-palmares-of-the-newspaper-aujourdhui-le-parisien-it-is-a-satisfaction-for-the-entire-educational-team-exp\/","url":"https:\/\/www.lamennais.org\/en\/lycee-la-mennais-ploermel-ranked-5th-in-france-in-the-palmares-of-the-newspaper-aujourdhui-le-parisien-it-is-a-satisfaction-for-the-entire-educational-team-exp\/","name":"LYCEE LA MENNAIS Plo\u00ebrmel. Ranked 5th in France in the Palmar\u00e8s of the Newspaper \u201cAujourd\u2019hui-Le Parisien\u201d. \u00abIt is a satisfaction for the entire Educational Team\u00bb explained V\u00e9ronique Calas, Headmaster. - LaMennais.org","isPartOf":{"@id":"https:\/\/www.lamennais.org\/#website"},"primaryImageOfPage":{"@id":"https:\/\/www.lamennais.org\/en\/lycee-la-mennais-ploermel-ranked-5th-in-france-in-the-palmares-of-the-newspaper-aujourdhui-le-parisien-it-is-a-satisfaction-for-the-entire-educational-team-exp\/#primaryimage"},"image":{"@id":"https:\/\/www.lamennais.org\/en\/lycee-la-mennais-ploermel-ranked-5th-in-france-in-the-palmares-of-the-newspaper-aujourdhui-le-parisien-it-is-a-satisfaction-for-the-entire-educational-team-exp\/#primaryimage"},"thumbnailUrl":"https:\/\/www.lamennais.org\/wp-content\/uploads\/2023\/03\/Capture-decran-2023-03-30-094724-e1680179279370.png","datePublished":"2023-03-30T12:20:47+00:00","dateModified":"2023-04-08T07:07:07+00:00","author":{"@id":"https:\/\/www.lamennais.org\/#\/schema\/person\/2a8d6e8a95babedd5ba1c43afd2e3844"},"breadcrumb":{"@id":"https:\/\/www.lamennais.org\/en\/lycee-la-mennais-ploermel-ranked-5th-in-france-in-the-palmares-of-the-newspaper-aujourdhui-le-parisien-it-is-a-satisfaction-for-the-entire-educational-team-exp\/#breadcrumb"},"inLanguage":"en-US","potentialAction":[{"@type":"ReadAction","target":["https:\/\/www.lamennais.org\/en\/lycee-la-mennais-ploermel-ranked-5th-in-france-in-the-palmares-of-the-newspaper-aujourdhui-le-parisien-it-is-a-satisfaction-for-the-entire-educational-team-exp\/"]}]},{"@type":"ImageObject","inLanguage":"en-US","@id":"https:\/\/www.lamennais.org\/en\/lycee-la-mennais-ploermel-ranked-5th-in-france-in-the-palmares-of-the-newspaper-aujourdhui-le-parisien-it-is-a-satisfaction-for-the-entire-educational-team-exp\/#primaryimage","url":"https:\/\/www.lamennais.org\/wp-content\/uploads\/2023\/03\/Capture-decran-2023-03-30-094724-e1680179279370.png","contentUrl":"https:\/\/www.lamennais.org\/wp-content\/uploads\/2023\/03\/Capture-decran-2023-03-30-094724-e1680179279370.png","width":858,"height":548},{"@type":"BreadcrumbList","@id":"https:\/\/www.lamennais.org\/en\/lycee-la-mennais-ploermel-ranked-5th-in-france-in-the-palmares-of-the-newspaper-aujourdhui-le-parisien-it-is-a-satisfaction-for-the-entire-educational-team-exp\/#breadcrumb","itemListElement":[{"@type":"ListItem","position":1,"name":"Accueil","item":"https:\/\/www.lamennais.org\/"},{"@type":"ListItem","position":2,"name":"LYCEE LA MENNAIS Plo\u00ebrmel. Ranked 5th in France in the Palmar\u00e8s of the Newspaper \u201cAujourd\u2019hui-Le Parisien\u201d. \u00abIt is a satisfaction for the entire Educational Team\u00bb explained V\u00e9ronique Calas, Headmaster."}]},{"@type":"WebSite","@id":"https:\/\/www.lamennais.org\/#website","url":"https:\/\/www.lamennais.org\/","name":"LaMennais.org","description":"Fr\u00e8res de l&#039;Instruction Chr\u00e9tienne et Famille Mennaisienne","potentialAction":[{"@type":"SearchAction","target":{"@type":"EntryPoint","urlTemplate":"https:\/\/www.lamennais.org\/?s={search_term_string}"},"query-input":{"@type":"PropertyValueSpecification","valueRequired":true,"valueName":"search_term_string"}}],"inLanguage":"en-US"},{"@type":"Person","@id":"https:\/\/www.lamennais.org\/#\/schema\/person\/2a8d6e8a95babedd5ba1c43afd2e3844","name":"Herv\u00e9 Asse","image":{"@type":"ImageObject","inLanguage":"en-US","@id":"https:\/\/secure.gravatar.com\/avatar\/1aaa7b1baf759c8b40525f40af381cbaa2b0ddd554f57145bceb0654ba45b4c0?s=96&d=mm&r=g","url":"https:\/\/secure.gravatar.com\/avatar\/1aaa7b1baf759c8b40525f40af381cbaa2b0ddd554f57145bceb0654ba45b4c0?s=96&d=mm&r=g","contentUrl":"https:\/\/secure.gravatar.com\/avatar\/1aaa7b1baf759c8b40525f40af381cbaa2b0ddd554f57145bceb0654ba45b4c0?s=96&d=mm&r=g","caption":"Herv\u00e9 Asse"}}]}},"_links":{"self":[{"href":"https:\/\/www.lamennais.org\/en\/wp-json\/wp\/v2\/posts\/37076","targetHints":{"allow":["GET"]}}],"collection":[{"href":"https:\/\/www.lamennais.org\/en\/wp-json\/wp\/v2\/posts"}],"about":[{"href":"https:\/\/www.lamennais.org\/en\/wp-json\/wp\/v2\/types\/post"}],"author":[{"embeddable":true,"href":"https:\/\/www.lamennais.org\/en\/wp-json\/wp\/v2\/users\/3"}],"replies":[{"embeddable":true,"href":"https:\/\/www.lamennais.org\/en\/wp-json\/wp\/v2\/comments?post=37076"}],"version-history":[{"count":1,"href":"https:\/\/www.lamennais.org\/en\/wp-json\/wp\/v2\/posts\/37076\/revisions"}],"predecessor-version":[{"id":37077,"href":"https:\/\/www.lamennais.org\/en\/wp-json\/wp\/v2\/posts\/37076\/revisions\/37077"}],"wp:featuredmedia":[{"embeddable":true,"href":"https:\/\/www.lamennais.org\/en\/wp-json\/wp\/v2\/media\/36870"}],"wp:attachment":[{"href":"https:\/\/www.lamennais.org\/en\/wp-json\/wp\/v2\/media?parent=37076"}],"wp:term":[{"taxonomy":"category","embeddable":true,"href":"https:\/\/www.lamennais.org\/en\/wp-json\/wp\/v2\/categories?post=37076"},{"taxonomy":"post_tag","embeddable":true,"href":"https:\/\/www.lamennais.org\/en\/wp-json\/wp\/v2\/tags?post=37076"}],"curies":[{"name":"wp","href":"https:\/\/api.w.org\/{rel}","templated":true}]}}