{"id":33544,"date":"2022-03-15T11:13:22","date_gmt":"2022-03-15T10:13:22","guid":{"rendered":"https:\/\/www.lamennais.org\/?p=33544"},"modified":"2022-03-16T10:03:58","modified_gmt":"2022-03-16T09:03:58","slug":"leisure-and-educational-holidays-120-guests-of-the-estival-association-inaugurated-the-facilities-of-the-palandrin-welcome-centre-in-penestin-france","status":"publish","type":"post","link":"https:\/\/www.lamennais.org\/en\/leisure-and-educational-holidays-120-guests-of-the-estival-association-inaugurated-the-facilities-of-the-palandrin-welcome-centre-in-penestin-france\/","title":{"rendered":"LEISURE AND EDUCATIONAL HOLIDAYS. 120 guests of the Estival Association inaugurated the facilities of the Palandrin Welcome Centre in P\u00e9nestin, France"},"content":{"rendered":"<p><em>Bro Yannick Houssay, Provincial of the Brothers, Fran\u00e7ois P\u00e9ron, President of Estival and Pascal Puisay, Mayor of P\u00e9nestin unveiled the plaque of the <\/em><em>B<\/em><em>uilding called \u00abBrother Bob L\u00e9austic\u00bb.<\/em><\/p>\n<p><strong>A haven of <\/strong><strong>B<\/strong><strong>eauty and <\/strong><strong>J<\/strong><strong>oy! <\/strong><strong>The Palandrin Welcome Centre in P\u00e9nestin, France marked the renewal of its facilities on Saturday, March 12<sup>th<\/sup>. Elected <\/strong><strong>O<\/strong><strong>fficials, Associations and Religious Leaders welcomed this new impetus, in the presence of many of the 120 <\/strong><strong>A<\/strong><strong>nimators, <\/strong><strong>E<\/strong><strong>ducators, <\/strong><strong>V<\/strong><strong>olunteers and 12 <\/strong><strong>E<\/strong><strong>mployees of the Estival <\/strong><strong>A<\/strong><strong>ssociation that runs this place, but also <\/strong><strong>F<\/strong><strong>ormations and three other <\/strong><strong>E<\/strong><strong>ducational <\/strong><strong>C<\/strong><strong>enters in the <\/strong><strong>W<\/strong><strong>est. <\/strong><strong>Expansions and <\/strong><strong>R<\/strong><strong>enovations g<\/strong><strong>a<\/strong><strong>ve this well-placed <\/strong><strong>S<\/strong><strong>easide setting new advantages. <\/strong><strong>In particular, the <\/strong><strong>N<\/strong><strong>ew <\/strong><strong>B<\/strong><strong>uilding was blessed and given the name of \u00abBrother Bob L\u00e9austic\u00bb, the latter having particularly marked the young people and the life of the Association. <\/strong><strong>Explanations.<\/strong><\/p>\n<p>Growing up, dreaming and daring: objectives clearly displayed in this place of Nature and Education. In turn, elected representatives of the Town Hall, of the Regional Council, of the Departmental Council and of the Atlantic Cape -Community of Municipalities- stressed the importance of such an equipment promoting the Social and Solidarity dimension, allowing Holidays for all and access to the Sea.<\/p>\n<p><em><img fetchpriority=\"high\" decoding=\"async\" class=\"alignnone  wp-image-33463\" src=\"https:\/\/www.lamennais.org\/wp-content\/uploads\/2022\/03\/Capture-decran-2022-03-15-100620.png\" alt=\"\" width=\"733\" height=\"530\" srcset=\"https:\/\/www.lamennais.org\/wp-content\/uploads\/2022\/03\/Capture-decran-2022-03-15-100620.png 608w, https:\/\/www.lamennais.org\/wp-content\/uploads\/2022\/03\/Capture-decran-2022-03-15-100620-300x217.png 300w, https:\/\/www.lamennais.org\/wp-content\/uploads\/2022\/03\/Capture-decran-2022-03-15-100620-260x188.png 260w\" sizes=\"(max-width: 733px) 100vw, 733px\" \/><\/em><\/p>\n<p><em>From left to right, <\/em><em>of<\/em><em> the top photo: Pascal Puisay, Mayor of P\u00e9nestin, Paul Molac, Deputy of Morbihan and Regional Councillor of Brittany, Marie-Odile Jarligant, Departmental Councillor, Mayor of Arzal, Franck Louvrier, Vice-President of the Regional Council of the Pays de la Loire, Mayor of La Baule, Nicolas Criaud President of CAP Atlantique and Mayor of Gu\u00e9rande.<\/em><\/p>\n<p><em><img decoding=\"async\" class=\"alignnone  wp-image-33475\" src=\"https:\/\/www.lamennais.org\/wp-content\/uploads\/2022\/03\/D-1024x472.jpg\" alt=\"\" width=\"747\" height=\"344\" srcset=\"https:\/\/www.lamennais.org\/wp-content\/uploads\/2022\/03\/D-1024x472.jpg 1024w, https:\/\/www.lamennais.org\/wp-content\/uploads\/2022\/03\/D-300x138.jpg 300w, https:\/\/www.lamennais.org\/wp-content\/uploads\/2022\/03\/D-768x354.jpg 768w, https:\/\/www.lamennais.org\/wp-content\/uploads\/2022\/03\/D-1536x707.jpg 1536w, https:\/\/www.lamennais.org\/wp-content\/uploads\/2022\/03\/D-2048x943.jpg 2048w, https:\/\/www.lamennais.org\/wp-content\/uploads\/2022\/03\/D-260x120.jpg 260w\" sizes=\"(max-width: 747px) 100vw, 747px\" \/><\/em><\/p>\n<p><em>Officials and Guests.<\/em><\/p>\n<p>The Palandrin? To experience the encounter of the other, the acceptance of differences, to be together all Generations combined, all in the rhythm of Great games, Activities, Nature, Sea, Vigils, and Songs, these are opportunities to live \u00abcrises of growth\u00bb!<\/p>\n<p><em><img decoding=\"async\" class=\"alignnone  wp-image-33487\" src=\"https:\/\/www.lamennais.org\/wp-content\/uploads\/2022\/03\/G-1024x683.jpg\" alt=\"\" width=\"742\" height=\"495\" srcset=\"https:\/\/www.lamennais.org\/wp-content\/uploads\/2022\/03\/G-1024x683.jpg 1024w, https:\/\/www.lamennais.org\/wp-content\/uploads\/2022\/03\/G-300x200.jpg 300w, https:\/\/www.lamennais.org\/wp-content\/uploads\/2022\/03\/G-768x512.jpg 768w, https:\/\/www.lamennais.org\/wp-content\/uploads\/2022\/03\/G-1536x1024.jpg 1536w, https:\/\/www.lamennais.org\/wp-content\/uploads\/2022\/03\/G-2048x1365.jpg 2048w, https:\/\/www.lamennais.org\/wp-content\/uploads\/2022\/03\/G-260x173.jpg 260w, https:\/\/www.lamennais.org\/wp-content\/uploads\/2022\/03\/G-1200x800.jpg 1200w\" sizes=\"(max-width: 742px) 100vw, 742px\" \/><\/em><\/p>\n<p><em>The Palandrin: all <\/em><em>G<\/em><em>enerations working together.<\/em><\/p>\n<h2><strong>The <\/strong><strong>I<\/strong><strong>nner <\/strong><strong>S<\/strong><strong>tar<\/strong><\/h2>\n<p><em><img loading=\"lazy\" decoding=\"async\" class=\"alignnone  wp-image-33457\" src=\"https:\/\/www.lamennais.org\/wp-content\/uploads\/2022\/03\/B-2-1024x794.jpg\" alt=\"\" width=\"752\" height=\"583\" srcset=\"https:\/\/www.lamennais.org\/wp-content\/uploads\/2022\/03\/B-2-1024x794.jpg 1024w, https:\/\/www.lamennais.org\/wp-content\/uploads\/2022\/03\/B-2-300x233.jpg 300w, https:\/\/www.lamennais.org\/wp-content\/uploads\/2022\/03\/B-2-768x596.jpg 768w, https:\/\/www.lamennais.org\/wp-content\/uploads\/2022\/03\/B-2-1536x1192.jpg 1536w, https:\/\/www.lamennais.org\/wp-content\/uploads\/2022\/03\/B-2-260x202.jpg 260w, https:\/\/www.lamennais.org\/wp-content\/uploads\/2022\/03\/B-2.jpg 1824w\" sizes=\"(max-width: 752px) 100vw, 752px\" \/><\/em><\/p>\n<p><em>Bro Yannick Houssay, Provincial of the Brothers, France-England. <\/em><em>\u00abShowing the inner star\u00bb<\/em><\/p>\n<p>Bro Yannick Houssay, Provincial of the Brothers and in charge of the Educational Network La Mennais France, stressed, at the same time, the concern for Education in such a place \u2013 \u201cIt affects the whole person, his Heart as well as his Mind,\u201d said Jean-Marie de la Mennais; This place has a Vocation to show the inner star that guides the steps and gives meaning to life. It opens, to the beautiful, to the good, to the true. It is an invitation to seek ways to awaken the inner light, to help young people look higher than they do.\u201d<\/p>\n<p><em><img loading=\"lazy\" decoding=\"async\" class=\"alignnone  wp-image-33514\" src=\"https:\/\/www.lamennais.org\/wp-content\/uploads\/2022\/03\/H-2-1024x789.jpg\" alt=\"\" width=\"761\" height=\"587\" srcset=\"https:\/\/www.lamennais.org\/wp-content\/uploads\/2022\/03\/H-2-1024x789.jpg 1024w, https:\/\/www.lamennais.org\/wp-content\/uploads\/2022\/03\/H-2-300x231.jpg 300w, https:\/\/www.lamennais.org\/wp-content\/uploads\/2022\/03\/H-2-768x592.jpg 768w, https:\/\/www.lamennais.org\/wp-content\/uploads\/2022\/03\/H-2-260x200.jpg 260w, https:\/\/www.lamennais.org\/wp-content\/uploads\/2022\/03\/H-2.jpg 1363w\" sizes=\"(max-width: 761px) 100vw, 761px\" \/><\/em><\/p>\n<p><em>Father St\u00e9phane Yenga Mbula, parish priest of P\u00e9nestin blessed the <\/em><em>N<\/em><em>ew facilities of the centre.<\/em><\/p>\n<h2><strong>Brother Bob: giving himself<\/strong><\/h2>\n<p><em>\u201cBrother Bob, keep sharing your energy with us!\u201d<\/em><\/p>\n<p><em><img loading=\"lazy\" decoding=\"async\" class=\"alignnone size-full wp-image-33481\" src=\"https:\/\/www.lamennais.org\/wp-content\/uploads\/2022\/03\/DSCI5369.jpg\" alt=\"\" width=\"773\" height=\"496\" srcset=\"https:\/\/www.lamennais.org\/wp-content\/uploads\/2022\/03\/DSCI5369.jpg 773w, https:\/\/www.lamennais.org\/wp-content\/uploads\/2022\/03\/DSCI5369-300x192.jpg 300w, https:\/\/www.lamennais.org\/wp-content\/uploads\/2022\/03\/DSCI5369-768x493.jpg 768w, https:\/\/www.lamennais.org\/wp-content\/uploads\/2022\/03\/DSCI5369-260x167.jpg 260w\" sizes=\"(max-width: 773px) 100vw, 773px\" \/><\/em><\/p>\n<p><em>With Brother Bob, learning, <\/em><em>R<\/em><em>elationships, <\/em><em>D<\/em><em>iscoveries, <\/em><em>S<\/em><em>erious and <\/em><em>S<\/em><em>olid, <\/em><em>with<\/em><em> confidence.<\/em><\/p>\n<p><em><img loading=\"lazy\" decoding=\"async\" class=\"alignnone  wp-image-33493\" src=\"https:\/\/www.lamennais.org\/wp-content\/uploads\/2022\/03\/IMG_4146-1024x626.jpg\" alt=\"\" width=\"785\" height=\"480\" srcset=\"https:\/\/www.lamennais.org\/wp-content\/uploads\/2022\/03\/IMG_4146-1024x626.jpg 1024w, https:\/\/www.lamennais.org\/wp-content\/uploads\/2022\/03\/IMG_4146-300x183.jpg 300w, https:\/\/www.lamennais.org\/wp-content\/uploads\/2022\/03\/IMG_4146-768x470.jpg 768w, https:\/\/www.lamennais.org\/wp-content\/uploads\/2022\/03\/IMG_4146-1536x939.jpg 1536w, https:\/\/www.lamennais.org\/wp-content\/uploads\/2022\/03\/IMG_4146-2048x1252.jpg 2048w, https:\/\/www.lamennais.org\/wp-content\/uploads\/2022\/03\/IMG_4146-260x159.jpg 260w\" sizes=\"(max-width: 785px) 100vw, 785px\" \/><\/em><\/p>\n<p><img loading=\"lazy\" decoding=\"async\" class=\" wp-image-33478\" src=\"https:\/\/www.lamennais.org\/wp-content\/uploads\/2022\/03\/DSC_0812-1024x639.jpg\" alt=\"\" width=\"780\" height=\"487\" srcset=\"https:\/\/www.lamennais.org\/wp-content\/uploads\/2022\/03\/DSC_0812-1024x639.jpg 1024w, https:\/\/www.lamennais.org\/wp-content\/uploads\/2022\/03\/DSC_0812-300x187.jpg 300w, https:\/\/www.lamennais.org\/wp-content\/uploads\/2022\/03\/DSC_0812-768x479.jpg 768w, https:\/\/www.lamennais.org\/wp-content\/uploads\/2022\/03\/DSC_0812-1536x958.jpg 1536w, https:\/\/www.lamennais.org\/wp-content\/uploads\/2022\/03\/DSC_0812-2048x1277.jpg 2048w, https:\/\/www.lamennais.org\/wp-content\/uploads\/2022\/03\/DSC_0812-260x162.jpg 260w\" sizes=\"(max-width: 780px) 100vw, 780px\" \/><\/p>\n<p><em>Atmosphere, <\/em><em>J<\/em><em>oy\u2026 it\u2019s Brother Bob!<\/em><\/p>\n<p>Bro Yannick also recalled the memory of Brother Bob L\u00e9austic, who died in 2019. It is with emotion that we will read his name here. Brother Bob, this is an older Brother who showed the way with the sole interest of Serving, Listening, Encouraging and Helping. He lived to make others happy and showed us that for this, is a matter of giving freely. He was strong because he served others and especially the most fragile.\u201d<\/p>\n<p><em><img loading=\"lazy\" decoding=\"async\" class=\"alignnone  wp-image-33505\" src=\"https:\/\/www.lamennais.org\/wp-content\/uploads\/2022\/03\/P1200703-2-1024x760.jpg\" alt=\"\" width=\"775\" height=\"575\" srcset=\"https:\/\/www.lamennais.org\/wp-content\/uploads\/2022\/03\/P1200703-2-1024x760.jpg 1024w, https:\/\/www.lamennais.org\/wp-content\/uploads\/2022\/03\/P1200703-2-300x223.jpg 300w, https:\/\/www.lamennais.org\/wp-content\/uploads\/2022\/03\/P1200703-2-768x570.jpg 768w, https:\/\/www.lamennais.org\/wp-content\/uploads\/2022\/03\/P1200703-2-1536x1139.jpg 1536w, https:\/\/www.lamennais.org\/wp-content\/uploads\/2022\/03\/P1200703-2-260x193.jpg 260w, https:\/\/www.lamennais.org\/wp-content\/uploads\/2022\/03\/P1200703-2.jpg 1743w\" sizes=\"(max-width: 775px) 100vw, 775px\" \/><\/em><\/p>\n<p><em>President of the Estival Association and the driving force behind these New facilities, Fran\u00e7ois P\u00e9ron warmly praised all those who \u00abmake\u00bb the Palandrin and those who helped to finance the work.<\/em><\/p>\n<p>Fran\u00e7ois P\u00e9ron, President of Estival thanked all the Elected Officials and Actors of this new stage for the Center and also greeted Fran\u00e7oise Le Breton, Secretary of the Association, the memory of Brother Bob, affectionately called \u00abmaster tong\u00bb by the Centre\u2019s Animators, being recognized as the Specialist in the repair of these Summer Shoes!<\/p>\n<p><em><img loading=\"lazy\" decoding=\"async\" class=\"alignnone size-full wp-image-33469\" src=\"https:\/\/www.lamennais.org\/wp-content\/uploads\/2022\/03\/Capture-decran-2022-03-15-102027.png\" alt=\"\" width=\"714\" height=\"531\" srcset=\"https:\/\/www.lamennais.org\/wp-content\/uploads\/2022\/03\/Capture-decran-2022-03-15-102027.png 714w, https:\/\/www.lamennais.org\/wp-content\/uploads\/2022\/03\/Capture-decran-2022-03-15-102027-300x223.png 300w, https:\/\/www.lamennais.org\/wp-content\/uploads\/2022\/03\/Capture-decran-2022-03-15-102027-260x193.png 260w\" sizes=\"(max-width: 714px) 100vw, 714px\" \/><\/em><\/p>\n<p><em>From left to right, of the top photo: Claire, Bro Bernard, La\u00e9titia, Jean-Bernard, Ad\u00e8le, Fran\u00e7oise<\/em><\/p>\n<p><em><img loading=\"lazy\" decoding=\"async\" class=\"alignnone  wp-image-33502\" src=\"https:\/\/www.lamennais.org\/wp-content\/uploads\/2022\/03\/P1200626-2-1024x712.jpg\" alt=\"\" width=\"716\" height=\"498\" srcset=\"https:\/\/www.lamennais.org\/wp-content\/uploads\/2022\/03\/P1200626-2-1024x712.jpg 1024w, https:\/\/www.lamennais.org\/wp-content\/uploads\/2022\/03\/P1200626-2-300x209.jpg 300w, https:\/\/www.lamennais.org\/wp-content\/uploads\/2022\/03\/P1200626-2-768x534.jpg 768w, https:\/\/www.lamennais.org\/wp-content\/uploads\/2022\/03\/P1200626-2-1536x1068.jpg 1536w, https:\/\/www.lamennais.org\/wp-content\/uploads\/2022\/03\/P1200626-2-260x181.jpg 260w, https:\/\/www.lamennais.org\/wp-content\/uploads\/2022\/03\/P1200626-2.jpg 1696w\" sizes=\"(max-width: 716px) 100vw, 716px\" \/><\/em><\/p>\n<p><em>Symbols for the Centre: a Balloon, Flowers, Songs\u2026<\/em><\/p>\n<p><em><img loading=\"lazy\" decoding=\"async\" class=\"alignnone size-full wp-image-33472\" src=\"https:\/\/www.lamennais.org\/wp-content\/uploads\/2022\/03\/Capture-decran-2022-03-15-102056.png\" alt=\"\" width=\"749\" height=\"294\" srcset=\"https:\/\/www.lamennais.org\/wp-content\/uploads\/2022\/03\/Capture-decran-2022-03-15-102056.png 749w, https:\/\/www.lamennais.org\/wp-content\/uploads\/2022\/03\/Capture-decran-2022-03-15-102056-300x118.png 300w, https:\/\/www.lamennais.org\/wp-content\/uploads\/2022\/03\/Capture-decran-2022-03-15-102056-260x102.png 260w\" sizes=\"(max-width: 749px) 100vw, 749px\" \/><\/em><\/p>\n<p><em>From left to right: Bleuen, Pauline, Aelig, Marie.<\/em><\/p>\n<h2><strong>\u201cIt\u2019s so strong!\u201d<\/strong><\/h2>\n<p>Opened in 1965 and owned by the Congregation of the Brothers, this lively place has been managed since 2014 by the Estival Association, Members of the La Mennais Educational Network. This work, funded from Equity and Grants, lasted from November 2019 to January 2022.<\/p>\n<p><em><img loading=\"lazy\" decoding=\"async\" class=\"alignnone  wp-image-33517\" src=\"https:\/\/www.lamennais.org\/wp-content\/uploads\/2022\/03\/P1200727-1024x683.jpg\" alt=\"\" width=\"796\" height=\"531\" srcset=\"https:\/\/www.lamennais.org\/wp-content\/uploads\/2022\/03\/P1200727-1024x683.jpg 1024w, https:\/\/www.lamennais.org\/wp-content\/uploads\/2022\/03\/P1200727-300x200.jpg 300w, https:\/\/www.lamennais.org\/wp-content\/uploads\/2022\/03\/P1200727-768x512.jpg 768w, https:\/\/www.lamennais.org\/wp-content\/uploads\/2022\/03\/P1200727-1536x1024.jpg 1536w, https:\/\/www.lamennais.org\/wp-content\/uploads\/2022\/03\/P1200727-2048x1365.jpg 2048w, https:\/\/www.lamennais.org\/wp-content\/uploads\/2022\/03\/P1200727-260x173.jpg 260w, https:\/\/www.lamennais.org\/wp-content\/uploads\/2022\/03\/P1200727-1200x800.jpg 1200w\" sizes=\"(max-width: 796px) 100vw, 796px\" \/><\/em><\/p>\n<p><em>The New Palandrin looks great!<\/em><\/p>\n<div id=\"attachment_33453\" style=\"width: 755px\" class=\"wp-caption alignnone\"><img loading=\"lazy\" decoding=\"async\" aria-describedby=\"caption-attachment-33453\" class=\"wp-image-33454 size-full\" src=\"https:\/\/www.lamennais.org\/wp-content\/uploads\/2022\/03\/275041836_5047536875266547_7939704152077912925_n-2.jpg\" alt=\"\" width=\"745\" height=\"815\" srcset=\"https:\/\/www.lamennais.org\/wp-content\/uploads\/2022\/03\/275041836_5047536875266547_7939704152077912925_n-2.jpg 745w, https:\/\/www.lamennais.org\/wp-content\/uploads\/2022\/03\/275041836_5047536875266547_7939704152077912925_n-2-274x300.jpg 274w, https:\/\/www.lamennais.org\/wp-content\/uploads\/2022\/03\/275041836_5047536875266547_7939704152077912925_n-2-260x284.jpg 260w\" sizes=\"(max-width: 745px) 100vw, 745px\" \/><p id=\"caption-attachment-33453\" class=\"wp-caption-text\"><em>A large part of the Team of Volunteers for maintenance and work including many Brothers.<\/em><\/p><\/div>\n<p>Many Projects are underway and under study to accentuate the Development of the Centre: Theatre Activities and Short Films, Thematic Animations from the Wind and the Sea: Sports, Kitesurfing area, Astronomy, Eco-nature, Nautical club, etc. The staff of the Centre, whose Director is La\u00e9titia Mitaill\u00e9, are working hard on this. It is also composed of Marie Durand, Management assistant and Accountant, Michel Ibos Turon, General agent and Aelig Rocher, Nature animator. The equipment has 136 beds and 6 rooms.<\/p>\n<p><img loading=\"lazy\" decoding=\"async\" class=\"alignnone size-large wp-image-33511\" src=\"https:\/\/www.lamennais.org\/wp-content\/uploads\/2022\/03\/P1200721-3-1024x527.jpg\" alt=\"\" width=\"860\" height=\"443\" srcset=\"https:\/\/www.lamennais.org\/wp-content\/uploads\/2022\/03\/P1200721-3-1024x527.jpg 1024w, https:\/\/www.lamennais.org\/wp-content\/uploads\/2022\/03\/P1200721-3-300x154.jpg 300w, https:\/\/www.lamennais.org\/wp-content\/uploads\/2022\/03\/P1200721-3-768x395.jpg 768w, https:\/\/www.lamennais.org\/wp-content\/uploads\/2022\/03\/P1200721-3-260x134.jpg 260w, https:\/\/www.lamennais.org\/wp-content\/uploads\/2022\/03\/P1200721-3.jpg 1492w\" sizes=\"(max-width: 860px) 100vw, 860px\" \/><\/p>\n<p>What sets us apart here is the atmosphere, the mix of ages, the connection with others. We are together all the time, as Julie and Th\u00e9o, young Holiday Animators testify, and it\u2019s so strong!\u201d<\/p>\n<p><em><img loading=\"lazy\" decoding=\"async\" class=\"alignnone  wp-image-33496\" src=\"https:\/\/www.lamennais.org\/wp-content\/uploads\/2022\/03\/J-1024x683.jpg\" alt=\"\" width=\"769\" height=\"513\" srcset=\"https:\/\/www.lamennais.org\/wp-content\/uploads\/2022\/03\/J-1024x683.jpg 1024w, https:\/\/www.lamennais.org\/wp-content\/uploads\/2022\/03\/J-300x200.jpg 300w, https:\/\/www.lamennais.org\/wp-content\/uploads\/2022\/03\/J-768x512.jpg 768w, https:\/\/www.lamennais.org\/wp-content\/uploads\/2022\/03\/J-1536x1024.jpg 1536w, https:\/\/www.lamennais.org\/wp-content\/uploads\/2022\/03\/J-2048x1365.jpg 2048w, https:\/\/www.lamennais.org\/wp-content\/uploads\/2022\/03\/J-260x173.jpg 260w, https:\/\/www.lamennais.org\/wp-content\/uploads\/2022\/03\/J-1200x800.jpg 1200w\" sizes=\"(max-width: 769px) 100vw, 769px\" \/><\/em><\/p>\n<p><em>Feet in the water!<\/em><\/p>\n<p>Contact: <a href=\"http:\/\/www.lepalandrin.fr\">www.lepalandrin.fr<\/a><\/p>\n<p><strong>The <\/strong><strong>A<\/strong><strong>ssociation Estival<\/strong><\/p>\n<p>It welcomes during Summer and Holidays more than 500 young people and provides 12 Proposals for stays, Training to ensure the functions of Animators and several hundred other young people throughout the year of young people in the Village des Sources d&#8217;Armorique, Land\u00e9vennec and Derval and the Escales of Nantes and Landerneau.<\/p>\n<p><a href=\"https:\/\/www.association-estival.fr\/\">https:\/\/www.association-estival.fr\/<\/a><\/p>\n","protected":false},"excerpt":{"rendered":"<p>Bro Yannick Houssay, Provincial of the Brothers, Fran\u00e7ois P\u00e9ron, President of Estival and Pascal Puisay, Mayor of P\u00e9nestin unveiled the plaque of the Building called \u00abBrother Bob L\u00e9austic\u00bb. A haven of Beauty and Joy! The Palandrin Welcome Centre in P\u00e9nestin, France marked the renewal of its facilities on Saturday, March 12th. Elected Officials, Associations and [&hellip;]<\/p>\n","protected":false},"author":3,"featured_media":33499,"comment_status":"closed","ping_status":"closed","sticky":false,"template":"","format":"standard","meta":{"footnotes":""},"categories":[104],"tags":[],"class_list":["post-33544","post","type-post","status-publish","format-standard","has-post-thumbnail","hentry","category-news"],"yoast_head":"<!-- This site is optimized with the Yoast SEO plugin v27.4 - https:\/\/yoast.com\/product\/yoast-seo-wordpress\/ -->\n<title>LEISURE AND EDUCATIONAL HOLIDAYS. 120 guests of the Estival Association inaugurated the facilities of the Palandrin Welcome Centre in P\u00e9nestin, France - LaMennais.org<\/title>\n<meta name=\"robots\" content=\"index, follow, max-snippet:-1, max-image-preview:large, max-video-preview:-1\" \/>\n<link rel=\"canonical\" href=\"https:\/\/www.lamennais.org\/leisure-and-educational-holidays-120-guests-of-the-estival-association-inaugurated-the-facilities-of-the-palandrin-welcome-centre-in-penestin-france\/?lang=en\" \/>\n<meta property=\"og:locale\" content=\"en_US\" \/>\n<meta property=\"og:type\" content=\"article\" \/>\n<meta property=\"og:title\" content=\"LEISURE AND EDUCATIONAL HOLIDAYS. 120 guests of the Estival Association inaugurated the facilities of the Palandrin Welcome Centre in P\u00e9nestin, France - LaMennais.org\" \/>\n<meta property=\"og:description\" content=\"Bro Yannick Houssay, Provincial of the Brothers, Fran\u00e7ois P\u00e9ron, President of Estival and Pascal Puisay, Mayor of P\u00e9nestin unveiled the plaque of the Building called \u00abBrother Bob L\u00e9austic\u00bb. A haven of Beauty and Joy! The Palandrin Welcome Centre in P\u00e9nestin, France marked the renewal of its facilities on Saturday, March 12th. Elected Officials, Associations and [&hellip;]\" \/>\n<meta property=\"og:url\" content=\"https:\/\/www.lamennais.org\/leisure-and-educational-holidays-120-guests-of-the-estival-association-inaugurated-the-facilities-of-the-palandrin-welcome-centre-in-penestin-france\/?lang=en\" \/>\n<meta property=\"og:site_name\" content=\"LaMennais.org\" \/>\n<meta property=\"article:published_time\" content=\"2022-03-15T10:13:22+00:00\" \/>\n<meta property=\"article:modified_time\" content=\"2022-03-16T09:03:58+00:00\" \/>\n<meta property=\"og:image\" content=\"https:\/\/www.lamennais.org\/wp-content\/uploads\/2022\/03\/OK-A-scaled-e1647339535336.jpg\" \/>\n\t<meta property=\"og:image:width\" content=\"2560\" \/>\n\t<meta property=\"og:image:height\" content=\"1707\" \/>\n\t<meta property=\"og:image:type\" content=\"image\/jpeg\" \/>\n<meta name=\"author\" content=\"Herv\u00e9 Asse\" \/>\n<meta name=\"twitter:card\" content=\"summary_large_image\" \/>\n<meta name=\"twitter:label1\" content=\"Written by\" \/>\n\t<meta name=\"twitter:data1\" content=\"Herv\u00e9 Asse\" \/>\n\t<meta name=\"twitter:label2\" content=\"Est. reading time\" \/>\n\t<meta name=\"twitter:data2\" content=\"8 minutes\" \/>\n<script type=\"application\/ld+json\" class=\"yoast-schema-graph\">{\"@context\":\"https:\\\/\\\/schema.org\",\"@graph\":[{\"@type\":\"Article\",\"@id\":\"https:\\\/\\\/www.lamennais.org\\\/leisure-and-educational-holidays-120-guests-of-the-estival-association-inaugurated-the-facilities-of-the-palandrin-welcome-centre-in-penestin-france\\\/?lang=en#article\",\"isPartOf\":{\"@id\":\"https:\\\/\\\/www.lamennais.org\\\/leisure-and-educational-holidays-120-guests-of-the-estival-association-inaugurated-the-facilities-of-the-palandrin-welcome-centre-in-penestin-france\\\/?lang=en\"},\"author\":{\"name\":\"Herv\u00e9 Asse\",\"@id\":\"https:\\\/\\\/www.lamennais.org\\\/#\\\/schema\\\/person\\\/2a8d6e8a95babedd5ba1c43afd2e3844\"},\"headline\":\"LEISURE AND EDUCATIONAL HOLIDAYS. 120 guests of the Estival Association inaugurated the facilities of the Palandrin Welcome Centre in P\u00e9nestin, France\",\"datePublished\":\"2022-03-15T10:13:22+00:00\",\"dateModified\":\"2022-03-16T09:03:58+00:00\",\"mainEntityOfPage\":{\"@id\":\"https:\\\/\\\/www.lamennais.org\\\/leisure-and-educational-holidays-120-guests-of-the-estival-association-inaugurated-the-facilities-of-the-palandrin-welcome-centre-in-penestin-france\\\/?lang=en\"},\"wordCount\":969,\"image\":{\"@id\":\"https:\\\/\\\/www.lamennais.org\\\/leisure-and-educational-holidays-120-guests-of-the-estival-association-inaugurated-the-facilities-of-the-palandrin-welcome-centre-in-penestin-france\\\/?lang=en#primaryimage\"},\"thumbnailUrl\":\"https:\\\/\\\/www.lamennais.org\\\/wp-content\\\/uploads\\\/2022\\\/03\\\/OK-A-scaled-e1647339535336.jpg\",\"articleSection\":[\"NEWS\"],\"inLanguage\":\"en-US\"},{\"@type\":\"WebPage\",\"@id\":\"https:\\\/\\\/www.lamennais.org\\\/leisure-and-educational-holidays-120-guests-of-the-estival-association-inaugurated-the-facilities-of-the-palandrin-welcome-centre-in-penestin-france\\\/?lang=en\",\"url\":\"https:\\\/\\\/www.lamennais.org\\\/leisure-and-educational-holidays-120-guests-of-the-estival-association-inaugurated-the-facilities-of-the-palandrin-welcome-centre-in-penestin-france\\\/?lang=en\",\"name\":\"LEISURE AND EDUCATIONAL HOLIDAYS. 120 guests of the Estival Association inaugurated the facilities of the Palandrin Welcome Centre in P\u00e9nestin, France - LaMennais.org\",\"isPartOf\":{\"@id\":\"https:\\\/\\\/www.lamennais.org\\\/#website\"},\"primaryImageOfPage\":{\"@id\":\"https:\\\/\\\/www.lamennais.org\\\/leisure-and-educational-holidays-120-guests-of-the-estival-association-inaugurated-the-facilities-of-the-palandrin-welcome-centre-in-penestin-france\\\/?lang=en#primaryimage\"},\"image\":{\"@id\":\"https:\\\/\\\/www.lamennais.org\\\/leisure-and-educational-holidays-120-guests-of-the-estival-association-inaugurated-the-facilities-of-the-palandrin-welcome-centre-in-penestin-france\\\/?lang=en#primaryimage\"},\"thumbnailUrl\":\"https:\\\/\\\/www.lamennais.org\\\/wp-content\\\/uploads\\\/2022\\\/03\\\/OK-A-scaled-e1647339535336.jpg\",\"datePublished\":\"2022-03-15T10:13:22+00:00\",\"dateModified\":\"2022-03-16T09:03:58+00:00\",\"author\":{\"@id\":\"https:\\\/\\\/www.lamennais.org\\\/#\\\/schema\\\/person\\\/2a8d6e8a95babedd5ba1c43afd2e3844\"},\"breadcrumb\":{\"@id\":\"https:\\\/\\\/www.lamennais.org\\\/leisure-and-educational-holidays-120-guests-of-the-estival-association-inaugurated-the-facilities-of-the-palandrin-welcome-centre-in-penestin-france\\\/?lang=en#breadcrumb\"},\"inLanguage\":\"en-US\",\"potentialAction\":[{\"@type\":\"ReadAction\",\"target\":[\"https:\\\/\\\/www.lamennais.org\\\/leisure-and-educational-holidays-120-guests-of-the-estival-association-inaugurated-the-facilities-of-the-palandrin-welcome-centre-in-penestin-france\\\/?lang=en\"]}]},{\"@type\":\"ImageObject\",\"inLanguage\":\"en-US\",\"@id\":\"https:\\\/\\\/www.lamennais.org\\\/leisure-and-educational-holidays-120-guests-of-the-estival-association-inaugurated-the-facilities-of-the-palandrin-welcome-centre-in-penestin-france\\\/?lang=en#primaryimage\",\"url\":\"https:\\\/\\\/www.lamennais.org\\\/wp-content\\\/uploads\\\/2022\\\/03\\\/OK-A-scaled-e1647339535336.jpg\",\"contentUrl\":\"https:\\\/\\\/www.lamennais.org\\\/wp-content\\\/uploads\\\/2022\\\/03\\\/OK-A-scaled-e1647339535336.jpg\",\"width\":2560,\"height\":1707},{\"@type\":\"BreadcrumbList\",\"@id\":\"https:\\\/\\\/www.lamennais.org\\\/leisure-and-educational-holidays-120-guests-of-the-estival-association-inaugurated-the-facilities-of-the-palandrin-welcome-centre-in-penestin-france\\\/?lang=en#breadcrumb\",\"itemListElement\":[{\"@type\":\"ListItem\",\"position\":1,\"name\":\"Accueil\",\"item\":\"https:\\\/\\\/www.lamennais.org\\\/\"},{\"@type\":\"ListItem\",\"position\":2,\"name\":\"LEISURE AND EDUCATIONAL HOLIDAYS. 120 guests of the Estival Association inaugurated the facilities of the Palandrin Welcome Centre in P\u00e9nestin, France\"}]},{\"@type\":\"WebSite\",\"@id\":\"https:\\\/\\\/www.lamennais.org\\\/#website\",\"url\":\"https:\\\/\\\/www.lamennais.org\\\/\",\"name\":\"LaMennais.org\",\"description\":\"Fr\u00e8res de l&#039;Instruction Chr\u00e9tienne et Famille Mennaisienne\",\"potentialAction\":[{\"@type\":\"SearchAction\",\"target\":{\"@type\":\"EntryPoint\",\"urlTemplate\":\"https:\\\/\\\/www.lamennais.org\\\/?s={search_term_string}\"},\"query-input\":{\"@type\":\"PropertyValueSpecification\",\"valueRequired\":true,\"valueName\":\"search_term_string\"}}],\"inLanguage\":\"en-US\"},{\"@type\":\"Person\",\"@id\":\"https:\\\/\\\/www.lamennais.org\\\/#\\\/schema\\\/person\\\/2a8d6e8a95babedd5ba1c43afd2e3844\",\"name\":\"Herv\u00e9 Asse\",\"image\":{\"@type\":\"ImageObject\",\"inLanguage\":\"en-US\",\"@id\":\"https:\\\/\\\/secure.gravatar.com\\\/avatar\\\/1aaa7b1baf759c8b40525f40af381cbaa2b0ddd554f57145bceb0654ba45b4c0?s=96&d=mm&r=g\",\"url\":\"https:\\\/\\\/secure.gravatar.com\\\/avatar\\\/1aaa7b1baf759c8b40525f40af381cbaa2b0ddd554f57145bceb0654ba45b4c0?s=96&d=mm&r=g\",\"contentUrl\":\"https:\\\/\\\/secure.gravatar.com\\\/avatar\\\/1aaa7b1baf759c8b40525f40af381cbaa2b0ddd554f57145bceb0654ba45b4c0?s=96&d=mm&r=g\",\"caption\":\"Herv\u00e9 Asse\"}}]}<\/script>\n<!-- \/ Yoast SEO plugin. -->","yoast_head_json":{"title":"LEISURE AND EDUCATIONAL HOLIDAYS. 120 guests of the Estival Association inaugurated the facilities of the Palandrin Welcome Centre in P\u00e9nestin, France - LaMennais.org","robots":{"index":"index","follow":"follow","max-snippet":"max-snippet:-1","max-image-preview":"max-image-preview:large","max-video-preview":"max-video-preview:-1"},"canonical":"https:\/\/www.lamennais.org\/leisure-and-educational-holidays-120-guests-of-the-estival-association-inaugurated-the-facilities-of-the-palandrin-welcome-centre-in-penestin-france\/?lang=en","og_locale":"en_US","og_type":"article","og_title":"LEISURE AND EDUCATIONAL HOLIDAYS. 120 guests of the Estival Association inaugurated the facilities of the Palandrin Welcome Centre in P\u00e9nestin, France - LaMennais.org","og_description":"Bro Yannick Houssay, Provincial of the Brothers, Fran\u00e7ois P\u00e9ron, President of Estival and Pascal Puisay, Mayor of P\u00e9nestin unveiled the plaque of the Building called \u00abBrother Bob L\u00e9austic\u00bb. A haven of Beauty and Joy! The Palandrin Welcome Centre in P\u00e9nestin, France marked the renewal of its facilities on Saturday, March 12th. Elected Officials, Associations and [&hellip;]","og_url":"https:\/\/www.lamennais.org\/leisure-and-educational-holidays-120-guests-of-the-estival-association-inaugurated-the-facilities-of-the-palandrin-welcome-centre-in-penestin-france\/?lang=en","og_site_name":"LaMennais.org","article_published_time":"2022-03-15T10:13:22+00:00","article_modified_time":"2022-03-16T09:03:58+00:00","og_image":[{"width":2560,"height":1707,"url":"https:\/\/www.lamennais.org\/wp-content\/uploads\/2022\/03\/OK-A-scaled-e1647339535336.jpg","type":"image\/jpeg"}],"author":"Herv\u00e9 Asse","twitter_card":"summary_large_image","twitter_misc":{"Written by":"Herv\u00e9 Asse","Est. reading time":"8 minutes"},"schema":{"@context":"https:\/\/schema.org","@graph":[{"@type":"Article","@id":"https:\/\/www.lamennais.org\/leisure-and-educational-holidays-120-guests-of-the-estival-association-inaugurated-the-facilities-of-the-palandrin-welcome-centre-in-penestin-france\/?lang=en#article","isPartOf":{"@id":"https:\/\/www.lamennais.org\/leisure-and-educational-holidays-120-guests-of-the-estival-association-inaugurated-the-facilities-of-the-palandrin-welcome-centre-in-penestin-france\/?lang=en"},"author":{"name":"Herv\u00e9 Asse","@id":"https:\/\/www.lamennais.org\/#\/schema\/person\/2a8d6e8a95babedd5ba1c43afd2e3844"},"headline":"LEISURE AND EDUCATIONAL HOLIDAYS. 120 guests of the Estival Association inaugurated the facilities of the Palandrin Welcome Centre in P\u00e9nestin, France","datePublished":"2022-03-15T10:13:22+00:00","dateModified":"2022-03-16T09:03:58+00:00","mainEntityOfPage":{"@id":"https:\/\/www.lamennais.org\/leisure-and-educational-holidays-120-guests-of-the-estival-association-inaugurated-the-facilities-of-the-palandrin-welcome-centre-in-penestin-france\/?lang=en"},"wordCount":969,"image":{"@id":"https:\/\/www.lamennais.org\/leisure-and-educational-holidays-120-guests-of-the-estival-association-inaugurated-the-facilities-of-the-palandrin-welcome-centre-in-penestin-france\/?lang=en#primaryimage"},"thumbnailUrl":"https:\/\/www.lamennais.org\/wp-content\/uploads\/2022\/03\/OK-A-scaled-e1647339535336.jpg","articleSection":["NEWS"],"inLanguage":"en-US"},{"@type":"WebPage","@id":"https:\/\/www.lamennais.org\/leisure-and-educational-holidays-120-guests-of-the-estival-association-inaugurated-the-facilities-of-the-palandrin-welcome-centre-in-penestin-france\/?lang=en","url":"https:\/\/www.lamennais.org\/leisure-and-educational-holidays-120-guests-of-the-estival-association-inaugurated-the-facilities-of-the-palandrin-welcome-centre-in-penestin-france\/?lang=en","name":"LEISURE AND EDUCATIONAL HOLIDAYS. 120 guests of the Estival Association inaugurated the facilities of the Palandrin Welcome Centre in P\u00e9nestin, France - LaMennais.org","isPartOf":{"@id":"https:\/\/www.lamennais.org\/#website"},"primaryImageOfPage":{"@id":"https:\/\/www.lamennais.org\/leisure-and-educational-holidays-120-guests-of-the-estival-association-inaugurated-the-facilities-of-the-palandrin-welcome-centre-in-penestin-france\/?lang=en#primaryimage"},"image":{"@id":"https:\/\/www.lamennais.org\/leisure-and-educational-holidays-120-guests-of-the-estival-association-inaugurated-the-facilities-of-the-palandrin-welcome-centre-in-penestin-france\/?lang=en#primaryimage"},"thumbnailUrl":"https:\/\/www.lamennais.org\/wp-content\/uploads\/2022\/03\/OK-A-scaled-e1647339535336.jpg","datePublished":"2022-03-15T10:13:22+00:00","dateModified":"2022-03-16T09:03:58+00:00","author":{"@id":"https:\/\/www.lamennais.org\/#\/schema\/person\/2a8d6e8a95babedd5ba1c43afd2e3844"},"breadcrumb":{"@id":"https:\/\/www.lamennais.org\/leisure-and-educational-holidays-120-guests-of-the-estival-association-inaugurated-the-facilities-of-the-palandrin-welcome-centre-in-penestin-france\/?lang=en#breadcrumb"},"inLanguage":"en-US","potentialAction":[{"@type":"ReadAction","target":["https:\/\/www.lamennais.org\/leisure-and-educational-holidays-120-guests-of-the-estival-association-inaugurated-the-facilities-of-the-palandrin-welcome-centre-in-penestin-france\/?lang=en"]}]},{"@type":"ImageObject","inLanguage":"en-US","@id":"https:\/\/www.lamennais.org\/leisure-and-educational-holidays-120-guests-of-the-estival-association-inaugurated-the-facilities-of-the-palandrin-welcome-centre-in-penestin-france\/?lang=en#primaryimage","url":"https:\/\/www.lamennais.org\/wp-content\/uploads\/2022\/03\/OK-A-scaled-e1647339535336.jpg","contentUrl":"https:\/\/www.lamennais.org\/wp-content\/uploads\/2022\/03\/OK-A-scaled-e1647339535336.jpg","width":2560,"height":1707},{"@type":"BreadcrumbList","@id":"https:\/\/www.lamennais.org\/leisure-and-educational-holidays-120-guests-of-the-estival-association-inaugurated-the-facilities-of-the-palandrin-welcome-centre-in-penestin-france\/?lang=en#breadcrumb","itemListElement":[{"@type":"ListItem","position":1,"name":"Accueil","item":"https:\/\/www.lamennais.org\/"},{"@type":"ListItem","position":2,"name":"LEISURE AND EDUCATIONAL HOLIDAYS. 120 guests of the Estival Association inaugurated the facilities of the Palandrin Welcome Centre in P\u00e9nestin, France"}]},{"@type":"WebSite","@id":"https:\/\/www.lamennais.org\/#website","url":"https:\/\/www.lamennais.org\/","name":"LaMennais.org","description":"Fr\u00e8res de l&#039;Instruction Chr\u00e9tienne et Famille Mennaisienne","potentialAction":[{"@type":"SearchAction","target":{"@type":"EntryPoint","urlTemplate":"https:\/\/www.lamennais.org\/?s={search_term_string}"},"query-input":{"@type":"PropertyValueSpecification","valueRequired":true,"valueName":"search_term_string"}}],"inLanguage":"en-US"},{"@type":"Person","@id":"https:\/\/www.lamennais.org\/#\/schema\/person\/2a8d6e8a95babedd5ba1c43afd2e3844","name":"Herv\u00e9 Asse","image":{"@type":"ImageObject","inLanguage":"en-US","@id":"https:\/\/secure.gravatar.com\/avatar\/1aaa7b1baf759c8b40525f40af381cbaa2b0ddd554f57145bceb0654ba45b4c0?s=96&d=mm&r=g","url":"https:\/\/secure.gravatar.com\/avatar\/1aaa7b1baf759c8b40525f40af381cbaa2b0ddd554f57145bceb0654ba45b4c0?s=96&d=mm&r=g","contentUrl":"https:\/\/secure.gravatar.com\/avatar\/1aaa7b1baf759c8b40525f40af381cbaa2b0ddd554f57145bceb0654ba45b4c0?s=96&d=mm&r=g","caption":"Herv\u00e9 Asse"}}]}},"_links":{"self":[{"href":"https:\/\/www.lamennais.org\/en\/wp-json\/wp\/v2\/posts\/33544","targetHints":{"allow":["GET"]}}],"collection":[{"href":"https:\/\/www.lamennais.org\/en\/wp-json\/wp\/v2\/posts"}],"about":[{"href":"https:\/\/www.lamennais.org\/en\/wp-json\/wp\/v2\/types\/post"}],"author":[{"embeddable":true,"href":"https:\/\/www.lamennais.org\/en\/wp-json\/wp\/v2\/users\/3"}],"replies":[{"embeddable":true,"href":"https:\/\/www.lamennais.org\/en\/wp-json\/wp\/v2\/comments?post=33544"}],"version-history":[{"count":3,"href":"https:\/\/www.lamennais.org\/en\/wp-json\/wp\/v2\/posts\/33544\/revisions"}],"predecessor-version":[{"id":33547,"href":"https:\/\/www.lamennais.org\/en\/wp-json\/wp\/v2\/posts\/33544\/revisions\/33547"}],"wp:featuredmedia":[{"embeddable":true,"href":"https:\/\/www.lamennais.org\/en\/wp-json\/wp\/v2\/media\/33499"}],"wp:attachment":[{"href":"https:\/\/www.lamennais.org\/en\/wp-json\/wp\/v2\/media?parent=33544"}],"wp:term":[{"taxonomy":"category","embeddable":true,"href":"https:\/\/www.lamennais.org\/en\/wp-json\/wp\/v2\/categories?post=33544"},{"taxonomy":"post_tag","embeddable":true,"href":"https:\/\/www.lamennais.org\/en\/wp-json\/wp\/v2\/tags?post=33544"}],"curies":[{"name":"wp","href":"https:\/\/api.w.org\/{rel}","templated":true}]}}