{"id":32973,"date":"2022-01-19T10:26:24","date_gmt":"2022-01-19T09:26:24","guid":{"rendered":"https:\/\/www.lamennais.org\/?p=32973"},"modified":"2022-01-19T10:26:26","modified_gmt":"2022-01-19T09:26:26","slug":"deces-de-doyens-f-arsen-kwebiha-douganda-99-ans-et-75-ans-de-vie-religieuse-et-sr-monique-le-scornec-soeur-de-la-providence-a-la-veille-de-ses-102-ans","status":"publish","type":"post","link":"https:\/\/www.lamennais.org\/en\/deces-de-doyens-f-arsen-kwebiha-douganda-99-ans-et-75-ans-de-vie-religieuse-et-sr-monique-le-scornec-soeur-de-la-providence-a-la-veille-de-ses-102-ans\/","title":{"rendered":"DECES DE DOYENS. F. Arsen KWEBIHA, d\u2019Ouganda, 99 ans et 75 ans de vie religieuse et Sr Monique LE SCORNEC, S\u0153ur de la Providence, \u00e0 la veille de ses 102 ans"},"content":{"rendered":"<p>Le 1<sup>er<\/sup> janvier dernier, la Province Ste Th\u00e9r\u00e8se d\u2019Ouganda c\u00e9l\u00e9brait les 75 ans de vie religieuse du F. Arseni KWEBIHA, 99 ans, premier Fr\u00e8re d\u2019Afrique \u00e0 atteindre les noces de platine. Il est d\u00e9c\u00e9d\u00e9 le 13 janvier.<\/p>\n<div id=\"attachment_32977\" style=\"width: 870px\" class=\"wp-caption alignnone\"><img fetchpriority=\"high\" decoding=\"async\" aria-describedby=\"caption-attachment-32977\" class=\"wp-image-32977 size-large\" src=\"https:\/\/www.lamennais.org\/wp-content\/uploads\/2022\/01\/2-23-1024x620.jpg\" alt=\"\" width=\"860\" height=\"521\" srcset=\"https:\/\/www.lamennais.org\/wp-content\/uploads\/2022\/01\/2-23-1024x620.jpg 1024w, https:\/\/www.lamennais.org\/wp-content\/uploads\/2022\/01\/2-23-300x182.jpg 300w, https:\/\/www.lamennais.org\/wp-content\/uploads\/2022\/01\/2-23-768x465.jpg 768w, https:\/\/www.lamennais.org\/wp-content\/uploads\/2022\/01\/2-23-1536x931.jpg 1536w, https:\/\/www.lamennais.org\/wp-content\/uploads\/2022\/01\/2-23-2048x1241.jpg 2048w, https:\/\/www.lamennais.org\/wp-content\/uploads\/2022\/01\/2-23-260x158.jpg 260w\" sizes=\"(max-width: 860px) 100vw, 860px\" \/><p id=\"caption-attachment-32977\" class=\"wp-caption-text\"><em>Remise de la b\u00e9n\u00e9diction du Pape au F. Arseni KWEBIHA lors de son Jubil\u00e9 de platine le 1er janvier dernier \u00e0 Kisubi.<\/em><\/p><\/div>\n<p>N\u00e9 le 17 ao\u00fbt 1923 \u00e0 Hoima, Bunyoro, Ouganda, il a fait profession perp\u00e9tuelle le 1<sup>er<\/sup> janvier 1953.<\/p>\n<p>Ses diff\u00e9rents postes furent les suivants, dans des fonctions d\u2019enseignant, de directeur ou de sup\u00e9rieur\u00a0: Obituary\u00a0of <a href=\"https:\/\/lamennais.us4.list-manage.com\/track\/click?u=fc94e68ce95a6743a1859d53d&amp;id=c0c8b42712&amp;e=d8484bf145\"><strong>Bro Arseni KWEBIHA<\/strong><\/a>. Il a servi dans les \u00e9coles et communaut\u00e9s suivantes\u00a0: Bukuumi, Kyegobe, Kasasa, Rubaga, Mugwanya, Kitovu Bursar, Kisoro, Rubaga, Kabojja, Rome et Kisubi.<\/p>\n<p>Ses obs\u00e8ques ont eu lieu \u00e0 Kisubi le 14 janvier.<\/p>\n<p>Qu\u2019il repose en paix\u00a0!<\/p>\n<p><img decoding=\"async\" class=\"alignnone size-large wp-image-32986\" src=\"https:\/\/www.lamennais.org\/wp-content\/uploads\/2022\/01\/WP_20150407_03_21_09_Pro-2-1024x639.jpg\" alt=\"\" width=\"860\" height=\"537\" srcset=\"https:\/\/www.lamennais.org\/wp-content\/uploads\/2022\/01\/WP_20150407_03_21_09_Pro-2-1024x639.jpg 1024w, https:\/\/www.lamennais.org\/wp-content\/uploads\/2022\/01\/WP_20150407_03_21_09_Pro-2-300x187.jpg 300w, https:\/\/www.lamennais.org\/wp-content\/uploads\/2022\/01\/WP_20150407_03_21_09_Pro-2-768x479.jpg 768w, https:\/\/www.lamennais.org\/wp-content\/uploads\/2022\/01\/WP_20150407_03_21_09_Pro-2-1536x958.jpg 1536w, https:\/\/www.lamennais.org\/wp-content\/uploads\/2022\/01\/WP_20150407_03_21_09_Pro-2-2048x1278.jpg 2048w, https:\/\/www.lamennais.org\/wp-content\/uploads\/2022\/01\/WP_20150407_03_21_09_Pro-2-260x162.jpg 260w\" sizes=\"(max-width: 860px) 100vw, 860px\" \/><\/p>\n<p><img decoding=\"async\" class=\"alignnone size-large wp-image-32989\" src=\"https:\/\/www.lamennais.org\/wp-content\/uploads\/2022\/01\/WP_20150407_03_35_43_Pro-2-1024x653.jpg\" alt=\"\" width=\"860\" height=\"548\" srcset=\"https:\/\/www.lamennais.org\/wp-content\/uploads\/2022\/01\/WP_20150407_03_35_43_Pro-2-1024x653.jpg 1024w, https:\/\/www.lamennais.org\/wp-content\/uploads\/2022\/01\/WP_20150407_03_35_43_Pro-2-300x191.jpg 300w, https:\/\/www.lamennais.org\/wp-content\/uploads\/2022\/01\/WP_20150407_03_35_43_Pro-2-768x490.jpg 768w, https:\/\/www.lamennais.org\/wp-content\/uploads\/2022\/01\/WP_20150407_03_35_43_Pro-2-1536x979.jpg 1536w, https:\/\/www.lamennais.org\/wp-content\/uploads\/2022\/01\/WP_20150407_03_35_43_Pro-2-2048x1306.jpg 2048w, https:\/\/www.lamennais.org\/wp-content\/uploads\/2022\/01\/WP_20150407_03_35_43_Pro-2-260x166.jpg 260w\" sizes=\"(max-width: 860px) 100vw, 860px\" \/><\/p>\n<p><img loading=\"lazy\" decoding=\"async\" class=\"alignnone size-large wp-image-32995\" src=\"https:\/\/www.lamennais.org\/wp-content\/uploads\/2022\/01\/WP_20150407_03_43_37_Pro-2-1024x540.jpg\" alt=\"\" width=\"860\" height=\"454\" srcset=\"https:\/\/www.lamennais.org\/wp-content\/uploads\/2022\/01\/WP_20150407_03_43_37_Pro-2-1024x540.jpg 1024w, https:\/\/www.lamennais.org\/wp-content\/uploads\/2022\/01\/WP_20150407_03_43_37_Pro-2-300x158.jpg 300w, https:\/\/www.lamennais.org\/wp-content\/uploads\/2022\/01\/WP_20150407_03_43_37_Pro-2-768x405.jpg 768w, https:\/\/www.lamennais.org\/wp-content\/uploads\/2022\/01\/WP_20150407_03_43_37_Pro-2-1536x810.jpg 1536w, https:\/\/www.lamennais.org\/wp-content\/uploads\/2022\/01\/WP_20150407_03_43_37_Pro-2-2048x1080.jpg 2048w, https:\/\/www.lamennais.org\/wp-content\/uploads\/2022\/01\/WP_20150407_03_43_37_Pro-2-260x137.jpg 260w\" sizes=\"(max-width: 860px) 100vw, 860px\" \/><\/p>\n<p><img loading=\"lazy\" decoding=\"async\" class=\"alignnone size-large wp-image-32992\" src=\"https:\/\/www.lamennais.org\/wp-content\/uploads\/2022\/01\/WP_20150407_03_39_57_Pro-3-1024x537.jpg\" alt=\"\" width=\"860\" height=\"451\" srcset=\"https:\/\/www.lamennais.org\/wp-content\/uploads\/2022\/01\/WP_20150407_03_39_57_Pro-3-1024x537.jpg 1024w, https:\/\/www.lamennais.org\/wp-content\/uploads\/2022\/01\/WP_20150407_03_39_57_Pro-3-300x157.jpg 300w, https:\/\/www.lamennais.org\/wp-content\/uploads\/2022\/01\/WP_20150407_03_39_57_Pro-3-768x403.jpg 768w, https:\/\/www.lamennais.org\/wp-content\/uploads\/2022\/01\/WP_20150407_03_39_57_Pro-3-1536x805.jpg 1536w, https:\/\/www.lamennais.org\/wp-content\/uploads\/2022\/01\/WP_20150407_03_39_57_Pro-3-2048x1074.jpg 2048w, https:\/\/www.lamennais.org\/wp-content\/uploads\/2022\/01\/WP_20150407_03_39_57_Pro-3-260x136.jpg 260w\" sizes=\"(max-width: 860px) 100vw, 860px\" \/><\/p>\n<p><strong><em>Bro Mathias SENFUKA<\/em><\/strong><\/p>\n<h2>S\u0153ur Monique LE SCORNEC<\/h2>\n<p><img loading=\"lazy\" decoding=\"async\" class=\"alignnone size-full wp-image-32980\" src=\"https:\/\/www.lamennais.org\/wp-content\/uploads\/2022\/01\/Capture-decran-2022-01-19-094942.png\" alt=\"\" width=\"223\" height=\"307\" srcset=\"https:\/\/www.lamennais.org\/wp-content\/uploads\/2022\/01\/Capture-decran-2022-01-19-094942.png 223w, https:\/\/www.lamennais.org\/wp-content\/uploads\/2022\/01\/Capture-decran-2022-01-19-094942-218x300.png 218w\" sizes=\"(max-width: 223px) 100vw, 223px\" \/><\/p>\n<p>A l\u2019aube de ses 102 ans, Soeur Monique LE SCORNEC, S\u0153ur de la Providence de Saint-Brieuc est d\u00e9c\u00e9d\u00e9e le 13 janvier \u00e0 Saint-Brieuc.<\/p>\n<p>Sr Monique LE SCORNEC\u00a0est n\u00e9e le 17 mars 1920 \u00e0 Ivry, en r\u00e9gion parisienne.\u00a0 Aveugle de naissance, elle effectue son noviciat en 1940 \u00e0 St Brieuc puis sa scolarit\u00e9 dans un institut adapt\u00e9 et re\u00e7oit une formation musicale. De 1942 \u00e0 1972, elle enseigne la musique et chant \u00e0 l\u2019\u00e9cole La Providence \u00e0 St Brieuc tout en \u00e9tant organiste. Elle devient ensuite g\u00e9rante du centre \u00e9ducatif Valentin Houy en r\u00e9gion parisienne.<\/p>\n<p>De 1974 \u00e0 1986, elle est professeur de braille \u00e0 IRSSEN de Reims, puis, rattach\u00e9e \u00e0 la communaut\u00e9 d\u2019Ivry, elle est traductrice \u00e0 l&#8217;institut Valentin Houy \u00e0 Paris. Elle effectue ses d\u00e9placements quotidiens seule en m\u00e9tro. Depuis 2007, elle vivait \u00e0 l&#8217;Ermitage St Joseph \u00e0 St-Brieuc. Sr Monique s\u2019est beaucoup investi dans la formation musicale et l\u2019accompagnement de personnes malvoyantes.<\/p>\n<p>La c\u00e9l\u00e9bration des obs\u00e8ques\u00a0a lieu le lundi 17 janvier \u00e0 10 h \u00e0 l&#8217;\u00e9glise Notre Dame de Cesson.<\/p>\n<p>La doyenne de la Congr\u00e9gation<\/p>\n<p>A pr\u00e9sent, la doyenne de la Congr\u00e9gation des Filles de la Providence est <strong>Sr Jean HENON<\/strong>, n\u00e9e le 6 novembre 1920 \u00e0 Planguenoual, C\u00f4tes d\u2019Armor, France &#8211; Elle vient de f\u00eater son 101<sup>\u00e8me<\/sup> anniversaire, voici quelques semaines.<\/p>\n<p><strong><em>Remerciements \u00e0 Sr Madeleine ROULIN<\/em><\/strong><\/p>\n<h2>D\u00e9c\u00e8s de Mme Janik BLIN, peintre ayant r\u00e9alis\u00e9 le Tableau du Trait\u00e9 d\u2019union<\/h2>\n<p>Bienfaitrice de la Congr\u00e9gation, belle-s\u0153ur de Fr\u00e8re Michel BLIN -d\u00e9c\u00e9d\u00e9-, <strong>Madame Janick BLIN<\/strong>, avait r\u00e9alis\u00e9 le tableau repr\u00e9sentant nos fondateurs, Jean-Marie de la Mennais et Gabriel Deshayes, signant le Trait\u00e9 d\u2019Union.<\/p>\n<p>Ses obs\u00e8ques ont eu lieu le 13 janvier en l\u2019\u00e9glise Saint-Melaine de Rennes.<\/p>\n<div id=\"attachment_32983\" style=\"width: 821px\" class=\"wp-caption alignnone\"><img loading=\"lazy\" decoding=\"async\" aria-describedby=\"caption-attachment-32983\" class=\"wp-image-32983 size-large\" src=\"https:\/\/www.lamennais.org\/wp-content\/uploads\/2022\/01\/P-20-rajouter-2-811x1024.jpg\" alt=\"\" width=\"811\" height=\"1024\" srcset=\"https:\/\/www.lamennais.org\/wp-content\/uploads\/2022\/01\/P-20-rajouter-2-811x1024.jpg 811w, https:\/\/www.lamennais.org\/wp-content\/uploads\/2022\/01\/P-20-rajouter-2-238x300.jpg 238w, https:\/\/www.lamennais.org\/wp-content\/uploads\/2022\/01\/P-20-rajouter-2-768x969.jpg 768w, https:\/\/www.lamennais.org\/wp-content\/uploads\/2022\/01\/P-20-rajouter-2-1217x1536.jpg 1217w, https:\/\/www.lamennais.org\/wp-content\/uploads\/2022\/01\/P-20-rajouter-2-260x328.jpg 260w, https:\/\/www.lamennais.org\/wp-content\/uploads\/2022\/01\/P-20-rajouter-2.jpg 1548w\" sizes=\"(max-width: 811px) 100vw, 811px\" \/><p id=\"caption-attachment-32983\" class=\"wp-caption-text\"><em>Tableau peint par Mme Blain, repr\u00e9sentant le Trait\u00e9 d&#8217;union entre Jean-Marie de la Mennais et Gabriel Deshayes.<\/em><\/p><\/div>\n","protected":false},"excerpt":{"rendered":"<p>Le 1er janvier dernier, la Province Ste Th\u00e9r\u00e8se d\u2019Ouganda c\u00e9l\u00e9brait les 75 ans de vie religieuse du F. Arseni KWEBIHA, 99 ans, premier Fr\u00e8re d\u2019Afrique \u00e0 atteindre les noces de platine. Il est d\u00e9c\u00e9d\u00e9 le 13 janvier. N\u00e9 le 17 ao\u00fbt 1923 \u00e0 Hoima, Bunyoro, Ouganda, il a fait profession perp\u00e9tuelle le 1er janvier 1953. [&hellip;]<\/p>\n","protected":false},"author":4,"featured_media":0,"comment_status":"closed","ping_status":"closed","sticky":false,"template":"","format":"standard","meta":{"footnotes":""},"categories":[1],"tags":[],"class_list":["post-32973","post","type-post","status-publish","format-standard","hentry","category-nouvelles"],"yoast_head":"<!-- This site is optimized with the Yoast SEO plugin v27.4 - https:\/\/yoast.com\/product\/yoast-seo-wordpress\/ -->\n<title>DECES DE DOYENS. F. Arsen KWEBIHA, d\u2019Ouganda, 99 ans et 75 ans de vie religieuse et Sr Monique LE SCORNEC, S\u0153ur de la Providence, \u00e0 la veille de ses 102 ans - LaMennais.org<\/title>\n<meta name=\"robots\" content=\"index, follow, max-snippet:-1, max-image-preview:large, max-video-preview:-1\" \/>\n<link rel=\"canonical\" href=\"https:\/\/www.lamennais.org\/deces-de-doyens-f-arsen-kwebiha-douganda-99-ans-et-75-ans-de-vie-religieuse-et-sr-monique-le-scornec-soeur-de-la-providence-a-la-veille-de-ses-102-ans\/\" \/>\n<meta property=\"og:locale\" content=\"en_US\" \/>\n<meta property=\"og:type\" content=\"article\" \/>\n<meta property=\"og:title\" content=\"DECES DE DOYENS. F. Arsen KWEBIHA, d\u2019Ouganda, 99 ans et 75 ans de vie religieuse et Sr Monique LE SCORNEC, S\u0153ur de la Providence, \u00e0 la veille de ses 102 ans - LaMennais.org\" \/>\n<meta property=\"og:description\" content=\"Le 1er janvier dernier, la Province Ste Th\u00e9r\u00e8se d\u2019Ouganda c\u00e9l\u00e9brait les 75 ans de vie religieuse du F. Arseni KWEBIHA, 99 ans, premier Fr\u00e8re d\u2019Afrique \u00e0 atteindre les noces de platine. Il est d\u00e9c\u00e9d\u00e9 le 13 janvier. N\u00e9 le 17 ao\u00fbt 1923 \u00e0 Hoima, Bunyoro, Ouganda, il a fait profession perp\u00e9tuelle le 1er janvier 1953. [&hellip;]\" \/>\n<meta property=\"og:url\" content=\"https:\/\/www.lamennais.org\/deces-de-doyens-f-arsen-kwebiha-douganda-99-ans-et-75-ans-de-vie-religieuse-et-sr-monique-le-scornec-soeur-de-la-providence-a-la-veille-de-ses-102-ans\/\" \/>\n<meta property=\"og:site_name\" content=\"LaMennais.org\" \/>\n<meta property=\"article:published_time\" content=\"2022-01-19T09:26:24+00:00\" \/>\n<meta property=\"article:modified_time\" content=\"2022-01-19T09:26:26+00:00\" \/>\n<meta property=\"og:image\" content=\"https:\/\/www.lamennais.org\/wp-content\/uploads\/2022\/01\/2-23-1024x620.jpg\" \/>\n<meta name=\"author\" content=\"Michel Tanguy\" \/>\n<meta name=\"twitter:card\" content=\"summary_large_image\" \/>\n<meta name=\"twitter:label1\" content=\"Written by\" \/>\n\t<meta name=\"twitter:data1\" content=\"Michel Tanguy\" \/>\n\t<meta name=\"twitter:label2\" content=\"Est. reading time\" \/>\n\t<meta name=\"twitter:data2\" content=\"2 minutes\" \/>\n<script type=\"application\/ld+json\" class=\"yoast-schema-graph\">{\"@context\":\"https:\\\/\\\/schema.org\",\"@graph\":[{\"@type\":\"Article\",\"@id\":\"https:\\\/\\\/www.lamennais.org\\\/deces-de-doyens-f-arsen-kwebiha-douganda-99-ans-et-75-ans-de-vie-religieuse-et-sr-monique-le-scornec-soeur-de-la-providence-a-la-veille-de-ses-102-ans\\\/#article\",\"isPartOf\":{\"@id\":\"https:\\\/\\\/www.lamennais.org\\\/deces-de-doyens-f-arsen-kwebiha-douganda-99-ans-et-75-ans-de-vie-religieuse-et-sr-monique-le-scornec-soeur-de-la-providence-a-la-veille-de-ses-102-ans\\\/\"},\"author\":{\"name\":\"Michel Tanguy\",\"@id\":\"https:\\\/\\\/www.lamennais.org\\\/#\\\/schema\\\/person\\\/a984c67fd812bf8e53c43f4cef0c9d68\"},\"headline\":\"DECES DE DOYENS. F. Arsen KWEBIHA, d\u2019Ouganda, 99 ans et 75 ans de vie religieuse et Sr Monique LE SCORNEC, S\u0153ur de la Providence, \u00e0 la veille de ses 102 ans\",\"datePublished\":\"2022-01-19T09:26:24+00:00\",\"dateModified\":\"2022-01-19T09:26:26+00:00\",\"mainEntityOfPage\":{\"@id\":\"https:\\\/\\\/www.lamennais.org\\\/deces-de-doyens-f-arsen-kwebiha-douganda-99-ans-et-75-ans-de-vie-religieuse-et-sr-monique-le-scornec-soeur-de-la-providence-a-la-veille-de-ses-102-ans\\\/\"},\"wordCount\":502,\"image\":{\"@id\":\"https:\\\/\\\/www.lamennais.org\\\/deces-de-doyens-f-arsen-kwebiha-douganda-99-ans-et-75-ans-de-vie-religieuse-et-sr-monique-le-scornec-soeur-de-la-providence-a-la-veille-de-ses-102-ans\\\/#primaryimage\"},\"thumbnailUrl\":\"https:\\\/\\\/www.lamennais.org\\\/wp-content\\\/uploads\\\/2022\\\/01\\\/2-23-1024x620.jpg\",\"articleSection\":[\"NOUVELLES\"],\"inLanguage\":\"en-US\"},{\"@type\":\"WebPage\",\"@id\":\"https:\\\/\\\/www.lamennais.org\\\/deces-de-doyens-f-arsen-kwebiha-douganda-99-ans-et-75-ans-de-vie-religieuse-et-sr-monique-le-scornec-soeur-de-la-providence-a-la-veille-de-ses-102-ans\\\/\",\"url\":\"https:\\\/\\\/www.lamennais.org\\\/deces-de-doyens-f-arsen-kwebiha-douganda-99-ans-et-75-ans-de-vie-religieuse-et-sr-monique-le-scornec-soeur-de-la-providence-a-la-veille-de-ses-102-ans\\\/\",\"name\":\"DECES DE DOYENS. F. Arsen KWEBIHA, d\u2019Ouganda, 99 ans et 75 ans de vie religieuse et Sr Monique LE SCORNEC, S\u0153ur de la Providence, \u00e0 la veille de ses 102 ans - LaMennais.org\",\"isPartOf\":{\"@id\":\"https:\\\/\\\/www.lamennais.org\\\/#website\"},\"primaryImageOfPage\":{\"@id\":\"https:\\\/\\\/www.lamennais.org\\\/deces-de-doyens-f-arsen-kwebiha-douganda-99-ans-et-75-ans-de-vie-religieuse-et-sr-monique-le-scornec-soeur-de-la-providence-a-la-veille-de-ses-102-ans\\\/#primaryimage\"},\"image\":{\"@id\":\"https:\\\/\\\/www.lamennais.org\\\/deces-de-doyens-f-arsen-kwebiha-douganda-99-ans-et-75-ans-de-vie-religieuse-et-sr-monique-le-scornec-soeur-de-la-providence-a-la-veille-de-ses-102-ans\\\/#primaryimage\"},\"thumbnailUrl\":\"https:\\\/\\\/www.lamennais.org\\\/wp-content\\\/uploads\\\/2022\\\/01\\\/2-23-1024x620.jpg\",\"datePublished\":\"2022-01-19T09:26:24+00:00\",\"dateModified\":\"2022-01-19T09:26:26+00:00\",\"author\":{\"@id\":\"https:\\\/\\\/www.lamennais.org\\\/#\\\/schema\\\/person\\\/a984c67fd812bf8e53c43f4cef0c9d68\"},\"breadcrumb\":{\"@id\":\"https:\\\/\\\/www.lamennais.org\\\/deces-de-doyens-f-arsen-kwebiha-douganda-99-ans-et-75-ans-de-vie-religieuse-et-sr-monique-le-scornec-soeur-de-la-providence-a-la-veille-de-ses-102-ans\\\/#breadcrumb\"},\"inLanguage\":\"en-US\",\"potentialAction\":[{\"@type\":\"ReadAction\",\"target\":[\"https:\\\/\\\/www.lamennais.org\\\/deces-de-doyens-f-arsen-kwebiha-douganda-99-ans-et-75-ans-de-vie-religieuse-et-sr-monique-le-scornec-soeur-de-la-providence-a-la-veille-de-ses-102-ans\\\/\"]}]},{\"@type\":\"ImageObject\",\"inLanguage\":\"en-US\",\"@id\":\"https:\\\/\\\/www.lamennais.org\\\/deces-de-doyens-f-arsen-kwebiha-douganda-99-ans-et-75-ans-de-vie-religieuse-et-sr-monique-le-scornec-soeur-de-la-providence-a-la-veille-de-ses-102-ans\\\/#primaryimage\",\"url\":\"https:\\\/\\\/www.lamennais.org\\\/wp-content\\\/uploads\\\/2022\\\/01\\\/2-23-1024x620.jpg\",\"contentUrl\":\"https:\\\/\\\/www.lamennais.org\\\/wp-content\\\/uploads\\\/2022\\\/01\\\/2-23-1024x620.jpg\"},{\"@type\":\"BreadcrumbList\",\"@id\":\"https:\\\/\\\/www.lamennais.org\\\/deces-de-doyens-f-arsen-kwebiha-douganda-99-ans-et-75-ans-de-vie-religieuse-et-sr-monique-le-scornec-soeur-de-la-providence-a-la-veille-de-ses-102-ans\\\/#breadcrumb\",\"itemListElement\":[{\"@type\":\"ListItem\",\"position\":1,\"name\":\"Accueil\",\"item\":\"https:\\\/\\\/www.lamennais.org\\\/\"},{\"@type\":\"ListItem\",\"position\":2,\"name\":\"DECES DE DOYENS. F. Arsen KWEBIHA, d\u2019Ouganda, 99 ans et 75 ans de vie religieuse et Sr Monique LE SCORNEC, S\u0153ur de la Providence, \u00e0 la veille de ses 102 ans\"}]},{\"@type\":\"WebSite\",\"@id\":\"https:\\\/\\\/www.lamennais.org\\\/#website\",\"url\":\"https:\\\/\\\/www.lamennais.org\\\/\",\"name\":\"LaMennais.org\",\"description\":\"Fr\u00e8res de l&#039;Instruction Chr\u00e9tienne et Famille Mennaisienne\",\"potentialAction\":[{\"@type\":\"SearchAction\",\"target\":{\"@type\":\"EntryPoint\",\"urlTemplate\":\"https:\\\/\\\/www.lamennais.org\\\/?s={search_term_string}\"},\"query-input\":{\"@type\":\"PropertyValueSpecification\",\"valueRequired\":true,\"valueName\":\"search_term_string\"}}],\"inLanguage\":\"en-US\"},{\"@type\":\"Person\",\"@id\":\"https:\\\/\\\/www.lamennais.org\\\/#\\\/schema\\\/person\\\/a984c67fd812bf8e53c43f4cef0c9d68\",\"name\":\"Michel Tanguy\",\"image\":{\"@type\":\"ImageObject\",\"inLanguage\":\"en-US\",\"@id\":\"https:\\\/\\\/secure.gravatar.com\\\/avatar\\\/b3c956df0bca17cf8df0d005d644d556411ad2a66155e4ee1a51c72e4df4d512?s=96&d=mm&r=g\",\"url\":\"https:\\\/\\\/secure.gravatar.com\\\/avatar\\\/b3c956df0bca17cf8df0d005d644d556411ad2a66155e4ee1a51c72e4df4d512?s=96&d=mm&r=g\",\"contentUrl\":\"https:\\\/\\\/secure.gravatar.com\\\/avatar\\\/b3c956df0bca17cf8df0d005d644d556411ad2a66155e4ee1a51c72e4df4d512?s=96&d=mm&r=g\",\"caption\":\"Michel Tanguy\"}}]}<\/script>\n<!-- \/ Yoast SEO plugin. -->","yoast_head_json":{"title":"DECES DE DOYENS. F. Arsen KWEBIHA, d\u2019Ouganda, 99 ans et 75 ans de vie religieuse et Sr Monique LE SCORNEC, S\u0153ur de la Providence, \u00e0 la veille de ses 102 ans - LaMennais.org","robots":{"index":"index","follow":"follow","max-snippet":"max-snippet:-1","max-image-preview":"max-image-preview:large","max-video-preview":"max-video-preview:-1"},"canonical":"https:\/\/www.lamennais.org\/deces-de-doyens-f-arsen-kwebiha-douganda-99-ans-et-75-ans-de-vie-religieuse-et-sr-monique-le-scornec-soeur-de-la-providence-a-la-veille-de-ses-102-ans\/","og_locale":"en_US","og_type":"article","og_title":"DECES DE DOYENS. F. Arsen KWEBIHA, d\u2019Ouganda, 99 ans et 75 ans de vie religieuse et Sr Monique LE SCORNEC, S\u0153ur de la Providence, \u00e0 la veille de ses 102 ans - LaMennais.org","og_description":"Le 1er janvier dernier, la Province Ste Th\u00e9r\u00e8se d\u2019Ouganda c\u00e9l\u00e9brait les 75 ans de vie religieuse du F. Arseni KWEBIHA, 99 ans, premier Fr\u00e8re d\u2019Afrique \u00e0 atteindre les noces de platine. Il est d\u00e9c\u00e9d\u00e9 le 13 janvier. N\u00e9 le 17 ao\u00fbt 1923 \u00e0 Hoima, Bunyoro, Ouganda, il a fait profession perp\u00e9tuelle le 1er janvier 1953. [&hellip;]","og_url":"https:\/\/www.lamennais.org\/deces-de-doyens-f-arsen-kwebiha-douganda-99-ans-et-75-ans-de-vie-religieuse-et-sr-monique-le-scornec-soeur-de-la-providence-a-la-veille-de-ses-102-ans\/","og_site_name":"LaMennais.org","article_published_time":"2022-01-19T09:26:24+00:00","article_modified_time":"2022-01-19T09:26:26+00:00","og_image":[{"url":"https:\/\/www.lamennais.org\/wp-content\/uploads\/2022\/01\/2-23-1024x620.jpg","type":"","width":"","height":""}],"author":"Michel Tanguy","twitter_card":"summary_large_image","twitter_misc":{"Written by":"Michel Tanguy","Est. reading time":"2 minutes"},"schema":{"@context":"https:\/\/schema.org","@graph":[{"@type":"Article","@id":"https:\/\/www.lamennais.org\/deces-de-doyens-f-arsen-kwebiha-douganda-99-ans-et-75-ans-de-vie-religieuse-et-sr-monique-le-scornec-soeur-de-la-providence-a-la-veille-de-ses-102-ans\/#article","isPartOf":{"@id":"https:\/\/www.lamennais.org\/deces-de-doyens-f-arsen-kwebiha-douganda-99-ans-et-75-ans-de-vie-religieuse-et-sr-monique-le-scornec-soeur-de-la-providence-a-la-veille-de-ses-102-ans\/"},"author":{"name":"Michel Tanguy","@id":"https:\/\/www.lamennais.org\/#\/schema\/person\/a984c67fd812bf8e53c43f4cef0c9d68"},"headline":"DECES DE DOYENS. F. Arsen KWEBIHA, d\u2019Ouganda, 99 ans et 75 ans de vie religieuse et Sr Monique LE SCORNEC, S\u0153ur de la Providence, \u00e0 la veille de ses 102 ans","datePublished":"2022-01-19T09:26:24+00:00","dateModified":"2022-01-19T09:26:26+00:00","mainEntityOfPage":{"@id":"https:\/\/www.lamennais.org\/deces-de-doyens-f-arsen-kwebiha-douganda-99-ans-et-75-ans-de-vie-religieuse-et-sr-monique-le-scornec-soeur-de-la-providence-a-la-veille-de-ses-102-ans\/"},"wordCount":502,"image":{"@id":"https:\/\/www.lamennais.org\/deces-de-doyens-f-arsen-kwebiha-douganda-99-ans-et-75-ans-de-vie-religieuse-et-sr-monique-le-scornec-soeur-de-la-providence-a-la-veille-de-ses-102-ans\/#primaryimage"},"thumbnailUrl":"https:\/\/www.lamennais.org\/wp-content\/uploads\/2022\/01\/2-23-1024x620.jpg","articleSection":["NOUVELLES"],"inLanguage":"en-US"},{"@type":"WebPage","@id":"https:\/\/www.lamennais.org\/deces-de-doyens-f-arsen-kwebiha-douganda-99-ans-et-75-ans-de-vie-religieuse-et-sr-monique-le-scornec-soeur-de-la-providence-a-la-veille-de-ses-102-ans\/","url":"https:\/\/www.lamennais.org\/deces-de-doyens-f-arsen-kwebiha-douganda-99-ans-et-75-ans-de-vie-religieuse-et-sr-monique-le-scornec-soeur-de-la-providence-a-la-veille-de-ses-102-ans\/","name":"DECES DE DOYENS. F. Arsen KWEBIHA, d\u2019Ouganda, 99 ans et 75 ans de vie religieuse et Sr Monique LE SCORNEC, S\u0153ur de la Providence, \u00e0 la veille de ses 102 ans - LaMennais.org","isPartOf":{"@id":"https:\/\/www.lamennais.org\/#website"},"primaryImageOfPage":{"@id":"https:\/\/www.lamennais.org\/deces-de-doyens-f-arsen-kwebiha-douganda-99-ans-et-75-ans-de-vie-religieuse-et-sr-monique-le-scornec-soeur-de-la-providence-a-la-veille-de-ses-102-ans\/#primaryimage"},"image":{"@id":"https:\/\/www.lamennais.org\/deces-de-doyens-f-arsen-kwebiha-douganda-99-ans-et-75-ans-de-vie-religieuse-et-sr-monique-le-scornec-soeur-de-la-providence-a-la-veille-de-ses-102-ans\/#primaryimage"},"thumbnailUrl":"https:\/\/www.lamennais.org\/wp-content\/uploads\/2022\/01\/2-23-1024x620.jpg","datePublished":"2022-01-19T09:26:24+00:00","dateModified":"2022-01-19T09:26:26+00:00","author":{"@id":"https:\/\/www.lamennais.org\/#\/schema\/person\/a984c67fd812bf8e53c43f4cef0c9d68"},"breadcrumb":{"@id":"https:\/\/www.lamennais.org\/deces-de-doyens-f-arsen-kwebiha-douganda-99-ans-et-75-ans-de-vie-religieuse-et-sr-monique-le-scornec-soeur-de-la-providence-a-la-veille-de-ses-102-ans\/#breadcrumb"},"inLanguage":"en-US","potentialAction":[{"@type":"ReadAction","target":["https:\/\/www.lamennais.org\/deces-de-doyens-f-arsen-kwebiha-douganda-99-ans-et-75-ans-de-vie-religieuse-et-sr-monique-le-scornec-soeur-de-la-providence-a-la-veille-de-ses-102-ans\/"]}]},{"@type":"ImageObject","inLanguage":"en-US","@id":"https:\/\/www.lamennais.org\/deces-de-doyens-f-arsen-kwebiha-douganda-99-ans-et-75-ans-de-vie-religieuse-et-sr-monique-le-scornec-soeur-de-la-providence-a-la-veille-de-ses-102-ans\/#primaryimage","url":"https:\/\/www.lamennais.org\/wp-content\/uploads\/2022\/01\/2-23-1024x620.jpg","contentUrl":"https:\/\/www.lamennais.org\/wp-content\/uploads\/2022\/01\/2-23-1024x620.jpg"},{"@type":"BreadcrumbList","@id":"https:\/\/www.lamennais.org\/deces-de-doyens-f-arsen-kwebiha-douganda-99-ans-et-75-ans-de-vie-religieuse-et-sr-monique-le-scornec-soeur-de-la-providence-a-la-veille-de-ses-102-ans\/#breadcrumb","itemListElement":[{"@type":"ListItem","position":1,"name":"Accueil","item":"https:\/\/www.lamennais.org\/"},{"@type":"ListItem","position":2,"name":"DECES DE DOYENS. F. Arsen KWEBIHA, d\u2019Ouganda, 99 ans et 75 ans de vie religieuse et Sr Monique LE SCORNEC, S\u0153ur de la Providence, \u00e0 la veille de ses 102 ans"}]},{"@type":"WebSite","@id":"https:\/\/www.lamennais.org\/#website","url":"https:\/\/www.lamennais.org\/","name":"LaMennais.org","description":"Fr\u00e8res de l&#039;Instruction Chr\u00e9tienne et Famille Mennaisienne","potentialAction":[{"@type":"SearchAction","target":{"@type":"EntryPoint","urlTemplate":"https:\/\/www.lamennais.org\/?s={search_term_string}"},"query-input":{"@type":"PropertyValueSpecification","valueRequired":true,"valueName":"search_term_string"}}],"inLanguage":"en-US"},{"@type":"Person","@id":"https:\/\/www.lamennais.org\/#\/schema\/person\/a984c67fd812bf8e53c43f4cef0c9d68","name":"Michel Tanguy","image":{"@type":"ImageObject","inLanguage":"en-US","@id":"https:\/\/secure.gravatar.com\/avatar\/b3c956df0bca17cf8df0d005d644d556411ad2a66155e4ee1a51c72e4df4d512?s=96&d=mm&r=g","url":"https:\/\/secure.gravatar.com\/avatar\/b3c956df0bca17cf8df0d005d644d556411ad2a66155e4ee1a51c72e4df4d512?s=96&d=mm&r=g","contentUrl":"https:\/\/secure.gravatar.com\/avatar\/b3c956df0bca17cf8df0d005d644d556411ad2a66155e4ee1a51c72e4df4d512?s=96&d=mm&r=g","caption":"Michel Tanguy"}}]}},"_links":{"self":[{"href":"https:\/\/www.lamennais.org\/en\/wp-json\/wp\/v2\/posts\/32973","targetHints":{"allow":["GET"]}}],"collection":[{"href":"https:\/\/www.lamennais.org\/en\/wp-json\/wp\/v2\/posts"}],"about":[{"href":"https:\/\/www.lamennais.org\/en\/wp-json\/wp\/v2\/types\/post"}],"author":[{"embeddable":true,"href":"https:\/\/www.lamennais.org\/en\/wp-json\/wp\/v2\/users\/4"}],"replies":[{"embeddable":true,"href":"https:\/\/www.lamennais.org\/en\/wp-json\/wp\/v2\/comments?post=32973"}],"version-history":[{"count":2,"href":"https:\/\/www.lamennais.org\/en\/wp-json\/wp\/v2\/posts\/32973\/revisions"}],"predecessor-version":[{"id":32999,"href":"https:\/\/www.lamennais.org\/en\/wp-json\/wp\/v2\/posts\/32973\/revisions\/32999"}],"wp:attachment":[{"href":"https:\/\/www.lamennais.org\/en\/wp-json\/wp\/v2\/media?parent=32973"}],"wp:term":[{"taxonomy":"category","embeddable":true,"href":"https:\/\/www.lamennais.org\/en\/wp-json\/wp\/v2\/categories?post=32973"},{"taxonomy":"post_tag","embeddable":true,"href":"https:\/\/www.lamennais.org\/en\/wp-json\/wp\/v2\/tags?post=32973"}],"curies":[{"name":"wp","href":"https:\/\/api.w.org\/{rel}","templated":true}]}}