{"id":28309,"date":"2020-12-04T09:45:52","date_gmt":"2020-12-04T08:45:52","guid":{"rendered":"http:\/\/www.lamennais.org\/?p=28309"},"modified":"2020-12-04T17:40:11","modified_gmt":"2020-12-04T16:40:11","slug":"the-birth-of-an-educational-centre-a-2nd-village-des-sources-opens-in-derval-france-to-host-classes-on-the-theme-self-confidence-and-self-esteem","status":"publish","type":"post","link":"https:\/\/www.lamennais.org\/en\/the-birth-of-an-educational-centre-a-2nd-village-des-sources-opens-in-derval-france-to-host-classes-on-the-theme-self-confidence-and-self-esteem\/","title":{"rendered":"THE BIRTH OF AN EDUCATIONAL CENTRE. A 2nd \u00ab Village des Sources \u00bb opens in Derval \u2013 France \u2013 to host classes on the theme \u201cSelf-confidence and self-esteem\u201d"},"content":{"rendered":"\n<p><\/p>\n\n\n<p><strong>\u00abWe are pleased to announce you the birth of the 7th \u201cVillage des Sources\u201d in the world and the 2nd in France, in Derval, in Loire-Atlantique!\u00bb This is the joyful message received on November 12.<\/strong><\/p>\n<p>What is a \u201cVillage des sources\u201d? A unique place and a team of animators that welcomes children and young people aged 8 to 20, with their class and their teachers, for 24 hours.<\/p>\n<p style=\"padding-left: 40px;\"><strong>\u201cOur son just spent two days with his whole class. He returned to full consciousness of his personal qualities, he who says tirelessly to be null and good for nothing. He also seems to have forged ties with his comrades. Village des Sources is a bubble of benevolence.\u201d<\/strong> <em>Alexander\u2019s Mother, student in 6\u00e8me <\/em><\/p>\n<p>The objective? Experiencing activities that develop self-esteem, caring relationships between youth and adults, managing emotions, influencing the school climate and fighting all forms of harassment.<\/p>\n<p><strong>The \u201cVillage des Sources\u201d of la Haye in DERVAL<\/strong> is added to that of its older brother, <strong>the Village des Sources of Armorique in LANDEVENNEC<\/strong>, <strong>in Finist\u00e8re.<\/strong> Over 2,000 young people have already been welcomed there in the past two years.<\/p>\n<p>The original formula for the \u201cVillage des Sources\u201d came from Canada 25 years ago. It was initiated by Brothers of the Sacred Heart and lay teams eager to enable young people to grow by being attentive to their well-being and their relations with each other and with adults, at school and in family. To be well in one\u2019s body, mind and heart is to grow in better conditions!<\/p>\n<p><strong>The six Villages des Sources \u2013 5 in Canada and 1 France \u2013 have already welcomed more than 80,000 young people during these years!<\/strong><\/p>\n<p><img fetchpriority=\"high\" decoding=\"async\" class=\"alignleft size-large wp-image-28257\" src=\"http:\/\/www.lamennais.org\/wp-content\/uploads\/2020\/12\/20201113_152830-1024x513.jpg\" alt=\"\" width=\"860\" height=\"431\" srcset=\"https:\/\/www.lamennais.org\/wp-content\/uploads\/2020\/12\/20201113_152830-1024x513.jpg 1024w, https:\/\/www.lamennais.org\/wp-content\/uploads\/2020\/12\/20201113_152830-scaled-600x300.jpg 600w, https:\/\/www.lamennais.org\/wp-content\/uploads\/2020\/12\/20201113_152830-300x150.jpg 300w, https:\/\/www.lamennais.org\/wp-content\/uploads\/2020\/12\/20201113_152830-768x384.jpg 768w, https:\/\/www.lamennais.org\/wp-content\/uploads\/2020\/12\/20201113_152830-1536x769.jpg 1536w, https:\/\/www.lamennais.org\/wp-content\/uploads\/2020\/12\/20201113_152830-2048x1025.jpg 2048w, https:\/\/www.lamennais.org\/wp-content\/uploads\/2020\/12\/20201113_152830-260x130.jpg 260w\" sizes=\"(max-width: 860px) 100vw, 860px\" \/><img decoding=\"async\" class=\"alignleft size-full wp-image-28260\" src=\"http:\/\/www.lamennais.org\/wp-content\/uploads\/2020\/12\/125175597_3058590200908548_892356282835948150_n.jpg\" alt=\"\" width=\"960\" height=\"720\" srcset=\"https:\/\/www.lamennais.org\/wp-content\/uploads\/2020\/12\/125175597_3058590200908548_892356282835948150_n.jpg 960w, https:\/\/www.lamennais.org\/wp-content\/uploads\/2020\/12\/125175597_3058590200908548_892356282835948150_n-600x450.jpg 600w, https:\/\/www.lamennais.org\/wp-content\/uploads\/2020\/12\/125175597_3058590200908548_892356282835948150_n-300x225.jpg 300w, https:\/\/www.lamennais.org\/wp-content\/uploads\/2020\/12\/125175597_3058590200908548_892356282835948150_n-768x576.jpg 768w, https:\/\/www.lamennais.org\/wp-content\/uploads\/2020\/12\/125175597_3058590200908548_892356282835948150_n-260x195.jpg 260w\" sizes=\"(max-width: 960px) 100vw, 960px\" \/><img decoding=\"async\" class=\"alignleft size-large wp-image-28236\" src=\"http:\/\/www.lamennais.org\/wp-content\/uploads\/2020\/12\/20201112_104159-1024x509.jpg\" alt=\"\" width=\"860\" height=\"427\" srcset=\"https:\/\/www.lamennais.org\/wp-content\/uploads\/2020\/12\/20201112_104159-1024x509.jpg 1024w, https:\/\/www.lamennais.org\/wp-content\/uploads\/2020\/12\/20201112_104159-scaled-600x298.jpg 600w, https:\/\/www.lamennais.org\/wp-content\/uploads\/2020\/12\/20201112_104159-300x149.jpg 300w, https:\/\/www.lamennais.org\/wp-content\/uploads\/2020\/12\/20201112_104159-768x382.jpg 768w, https:\/\/www.lamennais.org\/wp-content\/uploads\/2020\/12\/20201112_104159-1536x764.jpg 1536w, https:\/\/www.lamennais.org\/wp-content\/uploads\/2020\/12\/20201112_104159-2048x1018.jpg 2048w, https:\/\/www.lamennais.org\/wp-content\/uploads\/2020\/12\/20201112_104159-260x129.jpg 260w\" sizes=\"(max-width: 860px) 100vw, 860px\" \/><img loading=\"lazy\" decoding=\"async\" class=\"alignleft size-full wp-image-28254\" src=\"http:\/\/www.lamennais.org\/wp-content\/uploads\/2020\/12\/125378480_3058589040908664_3292064887306610059_n.jpg\" alt=\"\" width=\"960\" height=\"720\" srcset=\"https:\/\/www.lamennais.org\/wp-content\/uploads\/2020\/12\/125378480_3058589040908664_3292064887306610059_n.jpg 960w, https:\/\/www.lamennais.org\/wp-content\/uploads\/2020\/12\/125378480_3058589040908664_3292064887306610059_n-600x450.jpg 600w, https:\/\/www.lamennais.org\/wp-content\/uploads\/2020\/12\/125378480_3058589040908664_3292064887306610059_n-300x225.jpg 300w, https:\/\/www.lamennais.org\/wp-content\/uploads\/2020\/12\/125378480_3058589040908664_3292064887306610059_n-768x576.jpg 768w, https:\/\/www.lamennais.org\/wp-content\/uploads\/2020\/12\/125378480_3058589040908664_3292064887306610059_n-260x195.jpg 260w\" sizes=\"(max-width: 960px) 100vw, 960px\" \/><\/p>\n<p>Let us greet the two dynamic animation teams composed of a dozen people, employees and volunteers, coordinated by Fran\u00e7ois PERON, delegate of La Mennais Jeunesse France and General delegate of La Mennais Foundation. In Land\u00e9vennec: Pascale FLOCH, Armelle LE PORT, Marie-H\u00e9l\u00e8ne POTARD, Isabelle LE HENAFF, Fany MACKLIN, Marie VALAT. In Derval: Aur\u00e9lie DESNOS, Elisabeth GANCEL and other very active volunteers.<\/p>\n<p>In Derval, this new Village des Sources is located 50 km from Rennes and Nantes, on the magnificent site of \u00a0Saint Donatien Reception Centre, more precisely in rooms of the castle.<\/p>\n<p>This magical place invites to be connected to each other, in the middle of nature, in order to allow everyone to be happier in his class and in his life.<\/p>\n<p><strong>In order to help the operation and development of the two Villages des Sources of France and to consider other openings, it is possible to participate by a donation, even minimal.<\/strong><\/p>\n<h4><strong>Click here<\/strong><\/h4>\n<p><a href=\"https:\/\/www.mennaisien.org\/la-fondation-la-mennais\/\" target=\"_blank\" rel=\"noopener noreferrer\">https:\/\/www.mennaisien.org\/la-fondation-la-mennais\/<\/a><\/p>\n<p><img loading=\"lazy\" decoding=\"async\" class=\"alignleft size-full wp-image-28265\" src=\"http:\/\/www.lamennais.org\/wp-content\/uploads\/2020\/12\/dd-e1607071752860.jpg\" alt=\"\" width=\"957\" height=\"456\" srcset=\"https:\/\/www.lamennais.org\/wp-content\/uploads\/2020\/12\/dd-e1607071752860.jpg 957w, https:\/\/www.lamennais.org\/wp-content\/uploads\/2020\/12\/dd-e1607071752860-600x286.jpg 600w\" sizes=\"(max-width: 957px) 100vw, 957px\" \/><\/p>\n<h4><strong>Opening of the website<\/strong><\/h4>\n<p>This good news does not come alone! <br \/>Now a website presents the 2 Villages des Sources de France.<\/p>\n<p>Congratulations to the designers of this new site!<\/p>\n<p>Website address: <a href=\"http:\/\/www.village-sources.fr\" target=\"_blank\" rel=\"noopener noreferrer\">www.village-sources.fr<\/a><\/p>\n<h4><strong>Contacts<\/strong><\/h4>\n<p>For the <strong>Village des Sources of Armorique in Land\u00e9vennec<\/strong> \u2013 40 mn de Brest \u2013 contact : <strong>Pascale FLOCH <\/strong>at 06.64.88.78.48 email: <a href=\"mailto:vdsa@association-estival.fr\" target=\"_blank\" rel=\"noopener noreferrer\">vdsa@association-estival.fr<\/a><\/p>\n<p><img loading=\"lazy\" decoding=\"async\" class=\"alignleft size-full wp-image-28277\" src=\"http:\/\/www.lamennais.org\/wp-content\/uploads\/2020\/12\/8.jpg\" alt=\"\" width=\"750\" height=\"562\" srcset=\"https:\/\/www.lamennais.org\/wp-content\/uploads\/2020\/12\/8.jpg 750w, https:\/\/www.lamennais.org\/wp-content\/uploads\/2020\/12\/8-600x450.jpg 600w, https:\/\/www.lamennais.org\/wp-content\/uploads\/2020\/12\/8-300x225.jpg 300w, https:\/\/www.lamennais.org\/wp-content\/uploads\/2020\/12\/8-260x195.jpg 260w\" sizes=\"(max-width: 750px) 100vw, 750px\" \/><img loading=\"lazy\" decoding=\"async\" class=\"alignleft size-full wp-image-28274\" src=\"http:\/\/www.lamennais.org\/wp-content\/uploads\/2020\/12\/10.jpg\" alt=\"\" width=\"750\" height=\"562\" srcset=\"https:\/\/www.lamennais.org\/wp-content\/uploads\/2020\/12\/10.jpg 750w, https:\/\/www.lamennais.org\/wp-content\/uploads\/2020\/12\/10-600x450.jpg 600w, https:\/\/www.lamennais.org\/wp-content\/uploads\/2020\/12\/10-300x225.jpg 300w, https:\/\/www.lamennais.org\/wp-content\/uploads\/2020\/12\/10-260x195.jpg 260w\" sizes=\"(max-width: 750px) 100vw, 750px\" \/><\/p>\n<p>\u00a0<\/p>\n<p>\u00a0<\/p>\n<p>For the <strong>Village des Sources de la Haye in Derval<\/strong> (40 minutes from Rennes and Nantes), contact: <strong>Fran\u00e7ois PERON <\/strong>at 06.87.27.64.72 mail: <a href=\"mailto:president@association-estival.fr\" target=\"_blank\" rel=\"noopener noreferrer\">president@association-estival.fr<\/a><\/p>\n<p><strong>Facebook link:<\/strong><\/p>\n<p><a href=\"https:\/\/fr.facebook.com\/villagedessourcesbretagne\" target=\"_blank\" rel=\"noopener noreferrer\">https:\/\/fr.facebook.com\/villagedessourcesbretagne<\/a><\/p>\n<p><strong>Presentation video: <\/strong><a href=\"https:\/\/www.youtube.com\/watch?v=xAv8hBoI3kg&amp;ab_channel=Eyedeeproduction\" target=\"_blank\" rel=\"noopener noreferrer\">https:\/\/www.youtube.com\/watch?v=xAv8hBoI3kg&amp;ab_channel=Eyedeeproduction<\/a><\/p>\n<h3><strong><img loading=\"lazy\" decoding=\"async\" class=\"alignleft size-large wp-image-28242\" src=\"http:\/\/www.lamennais.org\/wp-content\/uploads\/2020\/12\/20201112_1223400-1024x632.jpg\" alt=\"\" width=\"860\" height=\"531\" srcset=\"https:\/\/www.lamennais.org\/wp-content\/uploads\/2020\/12\/20201112_1223400-1024x632.jpg 1024w, https:\/\/www.lamennais.org\/wp-content\/uploads\/2020\/12\/20201112_1223400-scaled-600x370.jpg 600w, https:\/\/www.lamennais.org\/wp-content\/uploads\/2020\/12\/20201112_1223400-300x185.jpg 300w, https:\/\/www.lamennais.org\/wp-content\/uploads\/2020\/12\/20201112_1223400-768x474.jpg 768w, https:\/\/www.lamennais.org\/wp-content\/uploads\/2020\/12\/20201112_1223400-1536x948.jpg 1536w, https:\/\/www.lamennais.org\/wp-content\/uploads\/2020\/12\/20201112_1223400-2048x1264.jpg 2048w, https:\/\/www.lamennais.org\/wp-content\/uploads\/2020\/12\/20201112_1223400-260x161.jpg 260w\" sizes=\"(max-width: 860px) 100vw, 860px\" \/><\/strong><\/h3>\n<h4><strong>Already many reactions to the announcement of the opening of the Village des Sources of La Haye in DERVAL<\/strong><\/h4>\n<p><span style=\"color: #0000ff;\"><strong><u>Jos\u00e9e Par\u00e9 Michaud<\/u><\/strong><\/span> Wow really pleased! Our visit in July 2017 is bearing fruit!!! A Village des Sources is essential in the life of each one whatever one\u2019s age.<\/p>\n<p><span style=\"color: #0000ff;\"><strong><u>Magali Merceur<\/u><\/strong><\/span> What a beautiful and unforgettable experience!<\/p>\n<p><span style=\"color: #0000ff;\"><strong><u>Thierry Beauplet<\/u><\/strong><\/span> Super. Beautiful atmosphere at the castle.<\/p>\n<p><span style=\"color: #0000ff;\"><strong><u>Joannie Bernier<\/u><\/strong> <\/span>Wow!!! I am so proud!<\/p>\n<p><span style=\"color: #0000ff;\"><strong><u>Armelle Leportleroux<\/u><\/strong><\/span> What a audacity at this time! Long live to this new village!<\/p>\n<p><span style=\"color: #0000ff;\"><strong><u>Claire-Marie Monnier Bouland<\/u><\/strong><\/span> Thank you to all these springs , our young people are delighted! Version 2 at the top level !<\/p>\n<p><span style=\"color: #0000ff;\"><strong><u>Genevi\u00e8ve Philippe<\/u><\/strong> <\/span>Youpi!!! These places are magical and so essential!!!<\/p>\n<p><span style=\"color: #0000ff;\"><strong><u>Denis Pineault<\/u><\/strong><\/span> Congratulations ! Heart is on work !<\/p>\n<p><span style=\"color: #0000ff;\"><strong><u>Jean-Guy Gendron<\/u><\/strong><\/span> Congratulations for this great initiative for young people. Our hearts go out to you. We didn\u2019t know it was impossible, so we did it! Geographically, we are far away but at heart we are together.<\/p>\n<p><span style=\"color: #0000ff;\"><strong><u>Jo Guillouche<\/u><\/strong><\/span> Congratulations on the realization of this new Village des Sources and beautiful future to him! And especially to all the young people who will benefit.<\/p>\n<h4><strong>Discover the other 5 villages of Les Sources in CANADA<\/strong><\/h4>\n<h3><strong>Click on: <a href=\"https:\/\/villagedessources.org\/\" target=\"_blank\" rel=\"noopener noreferrer\">https:\/\/villagedessources.org\/<\/a><\/strong><\/h3>\n<p>\u00a0<\/p>","protected":false},"excerpt":{"rendered":"<p>\u00abWe are pleased to announce you the birth of the 7th \u201cVillage des Sources\u201d in the world and the 2nd in France, in Derval, in Loire-Atlantique!\u00bb This is the joyful message received on November 12. What is a \u201cVillage des sources\u201d? A unique place and a team of animators that welcomes children and young people [&hellip;]<\/p>\n","protected":false},"author":3,"featured_media":28239,"comment_status":"closed","ping_status":"closed","sticky":false,"template":"","format":"standard","meta":{"footnotes":""},"categories":[104],"tags":[],"class_list":["post-28309","post","type-post","status-publish","format-standard","has-post-thumbnail","hentry","category-news"],"yoast_head":"<!-- This site is optimized with the Yoast SEO plugin v27.5 - https:\/\/yoast.com\/product\/yoast-seo-wordpress\/ -->\n<title>THE BIRTH OF AN EDUCATIONAL CENTRE. A 2nd \u00ab Village des Sources \u00bb opens in Derval \u2013 France \u2013 to host classes on the theme \u201cSelf-confidence and self-esteem\u201d - LaMennais.org<\/title>\n<meta name=\"robots\" content=\"index, follow, max-snippet:-1, max-image-preview:large, max-video-preview:-1\" \/>\n<link rel=\"canonical\" href=\"https:\/\/www.lamennais.org\/the-birth-of-an-educational-centre-a-2nd-village-des-sources-opens-in-derval-france-to-host-classes-on-the-theme-self-confidence-and-self-esteem\/?lang=en\" \/>\n<meta property=\"og:locale\" content=\"en_US\" \/>\n<meta property=\"og:type\" content=\"article\" \/>\n<meta property=\"og:title\" content=\"THE BIRTH OF AN EDUCATIONAL CENTRE. A 2nd \u00ab Village des Sources \u00bb opens in Derval \u2013 France \u2013 to host classes on the theme \u201cSelf-confidence and self-esteem\u201d - LaMennais.org\" \/>\n<meta property=\"og:description\" content=\"\u00abWe are pleased to announce you the birth of the 7th \u201cVillage des Sources\u201d in the world and the 2nd in France, in Derval, in Loire-Atlantique!\u00bb This is the joyful message received on November 12. What is a \u201cVillage des sources\u201d? A unique place and a team of animators that welcomes children and young people [&hellip;]\" \/>\n<meta property=\"og:url\" content=\"https:\/\/www.lamennais.org\/the-birth-of-an-educational-centre-a-2nd-village-des-sources-opens-in-derval-france-to-host-classes-on-the-theme-self-confidence-and-self-esteem\/?lang=en\" \/>\n<meta property=\"og:site_name\" content=\"LaMennais.org\" \/>\n<meta property=\"article:published_time\" content=\"2020-12-04T08:45:52+00:00\" \/>\n<meta property=\"article:modified_time\" content=\"2020-12-04T16:40:11+00:00\" \/>\n<meta property=\"og:image\" content=\"https:\/\/www.lamennais.org\/wp-content\/uploads\/2020\/12\/20201112_113300-scaled-e1607100092391.jpg\" \/>\n\t<meta property=\"og:image:width\" content=\"2553\" \/>\n\t<meta property=\"og:image:height\" content=\"896\" \/>\n\t<meta property=\"og:image:type\" content=\"image\/jpeg\" \/>\n<meta name=\"author\" content=\"Herv\u00e9 Asse\" \/>\n<meta name=\"twitter:card\" content=\"summary_large_image\" \/>\n<meta name=\"twitter:label1\" content=\"Written by\" \/>\n\t<meta name=\"twitter:data1\" content=\"Herv\u00e9 Asse\" \/>\n\t<meta name=\"twitter:label2\" content=\"Est. reading time\" \/>\n\t<meta name=\"twitter:data2\" content=\"4 minutes\" \/>\n<script type=\"application\/ld+json\" class=\"yoast-schema-graph\">{\"@context\":\"https:\\\/\\\/schema.org\",\"@graph\":[{\"@type\":\"Article\",\"@id\":\"https:\\\/\\\/www.lamennais.org\\\/the-birth-of-an-educational-centre-a-2nd-village-des-sources-opens-in-derval-france-to-host-classes-on-the-theme-self-confidence-and-self-esteem\\\/?lang=en#article\",\"isPartOf\":{\"@id\":\"https:\\\/\\\/www.lamennais.org\\\/the-birth-of-an-educational-centre-a-2nd-village-des-sources-opens-in-derval-france-to-host-classes-on-the-theme-self-confidence-and-self-esteem\\\/?lang=en\"},\"author\":{\"name\":\"Herv\u00e9 Asse\",\"@id\":\"https:\\\/\\\/www.lamennais.org\\\/#\\\/schema\\\/person\\\/2a8d6e8a95babedd5ba1c43afd2e3844\"},\"headline\":\"THE BIRTH OF AN EDUCATIONAL CENTRE. A 2nd \u00ab Village des Sources \u00bb opens in Derval \u2013 France \u2013 to host classes on the theme \u201cSelf-confidence and self-esteem\u201d\",\"datePublished\":\"2020-12-04T08:45:52+00:00\",\"dateModified\":\"2020-12-04T16:40:11+00:00\",\"mainEntityOfPage\":{\"@id\":\"https:\\\/\\\/www.lamennais.org\\\/the-birth-of-an-educational-centre-a-2nd-village-des-sources-opens-in-derval-france-to-host-classes-on-the-theme-self-confidence-and-self-esteem\\\/?lang=en\"},\"wordCount\":762,\"image\":{\"@id\":\"https:\\\/\\\/www.lamennais.org\\\/the-birth-of-an-educational-centre-a-2nd-village-des-sources-opens-in-derval-france-to-host-classes-on-the-theme-self-confidence-and-self-esteem\\\/?lang=en#primaryimage\"},\"thumbnailUrl\":\"https:\\\/\\\/www.lamennais.org\\\/wp-content\\\/uploads\\\/2020\\\/12\\\/20201112_113300-scaled-e1607100092391.jpg\",\"articleSection\":[\"NEWS\"],\"inLanguage\":\"en-US\"},{\"@type\":\"WebPage\",\"@id\":\"https:\\\/\\\/www.lamennais.org\\\/the-birth-of-an-educational-centre-a-2nd-village-des-sources-opens-in-derval-france-to-host-classes-on-the-theme-self-confidence-and-self-esteem\\\/?lang=en\",\"url\":\"https:\\\/\\\/www.lamennais.org\\\/the-birth-of-an-educational-centre-a-2nd-village-des-sources-opens-in-derval-france-to-host-classes-on-the-theme-self-confidence-and-self-esteem\\\/?lang=en\",\"name\":\"THE BIRTH OF AN EDUCATIONAL CENTRE. A 2nd \u00ab Village des Sources \u00bb opens in Derval \u2013 France \u2013 to host classes on the theme \u201cSelf-confidence and self-esteem\u201d - LaMennais.org\",\"isPartOf\":{\"@id\":\"https:\\\/\\\/www.lamennais.org\\\/#website\"},\"primaryImageOfPage\":{\"@id\":\"https:\\\/\\\/www.lamennais.org\\\/the-birth-of-an-educational-centre-a-2nd-village-des-sources-opens-in-derval-france-to-host-classes-on-the-theme-self-confidence-and-self-esteem\\\/?lang=en#primaryimage\"},\"image\":{\"@id\":\"https:\\\/\\\/www.lamennais.org\\\/the-birth-of-an-educational-centre-a-2nd-village-des-sources-opens-in-derval-france-to-host-classes-on-the-theme-self-confidence-and-self-esteem\\\/?lang=en#primaryimage\"},\"thumbnailUrl\":\"https:\\\/\\\/www.lamennais.org\\\/wp-content\\\/uploads\\\/2020\\\/12\\\/20201112_113300-scaled-e1607100092391.jpg\",\"datePublished\":\"2020-12-04T08:45:52+00:00\",\"dateModified\":\"2020-12-04T16:40:11+00:00\",\"author\":{\"@id\":\"https:\\\/\\\/www.lamennais.org\\\/#\\\/schema\\\/person\\\/2a8d6e8a95babedd5ba1c43afd2e3844\"},\"breadcrumb\":{\"@id\":\"https:\\\/\\\/www.lamennais.org\\\/the-birth-of-an-educational-centre-a-2nd-village-des-sources-opens-in-derval-france-to-host-classes-on-the-theme-self-confidence-and-self-esteem\\\/?lang=en#breadcrumb\"},\"inLanguage\":\"en-US\",\"potentialAction\":[{\"@type\":\"ReadAction\",\"target\":[\"https:\\\/\\\/www.lamennais.org\\\/the-birth-of-an-educational-centre-a-2nd-village-des-sources-opens-in-derval-france-to-host-classes-on-the-theme-self-confidence-and-self-esteem\\\/?lang=en\"]}]},{\"@type\":\"ImageObject\",\"inLanguage\":\"en-US\",\"@id\":\"https:\\\/\\\/www.lamennais.org\\\/the-birth-of-an-educational-centre-a-2nd-village-des-sources-opens-in-derval-france-to-host-classes-on-the-theme-self-confidence-and-self-esteem\\\/?lang=en#primaryimage\",\"url\":\"https:\\\/\\\/www.lamennais.org\\\/wp-content\\\/uploads\\\/2020\\\/12\\\/20201112_113300-scaled-e1607100092391.jpg\",\"contentUrl\":\"https:\\\/\\\/www.lamennais.org\\\/wp-content\\\/uploads\\\/2020\\\/12\\\/20201112_113300-scaled-e1607100092391.jpg\",\"width\":2553,\"height\":896},{\"@type\":\"BreadcrumbList\",\"@id\":\"https:\\\/\\\/www.lamennais.org\\\/the-birth-of-an-educational-centre-a-2nd-village-des-sources-opens-in-derval-france-to-host-classes-on-the-theme-self-confidence-and-self-esteem\\\/?lang=en#breadcrumb\",\"itemListElement\":[{\"@type\":\"ListItem\",\"position\":1,\"name\":\"Accueil\",\"item\":\"https:\\\/\\\/www.lamennais.org\\\/\"},{\"@type\":\"ListItem\",\"position\":2,\"name\":\"THE BIRTH OF AN EDUCATIONAL CENTRE. A 2nd \u00ab Village des Sources \u00bb opens in Derval \u2013 France \u2013 to host classes on the theme \u201cSelf-confidence and self-esteem\u201d\"}]},{\"@type\":\"WebSite\",\"@id\":\"https:\\\/\\\/www.lamennais.org\\\/#website\",\"url\":\"https:\\\/\\\/www.lamennais.org\\\/\",\"name\":\"LaMennais.org\",\"description\":\"Fr\u00e8res de l&#039;Instruction Chr\u00e9tienne et Famille Mennaisienne\",\"potentialAction\":[{\"@type\":\"SearchAction\",\"target\":{\"@type\":\"EntryPoint\",\"urlTemplate\":\"https:\\\/\\\/www.lamennais.org\\\/?s={search_term_string}\"},\"query-input\":{\"@type\":\"PropertyValueSpecification\",\"valueRequired\":true,\"valueName\":\"search_term_string\"}}],\"inLanguage\":\"en-US\"},{\"@type\":\"Person\",\"@id\":\"https:\\\/\\\/www.lamennais.org\\\/#\\\/schema\\\/person\\\/2a8d6e8a95babedd5ba1c43afd2e3844\",\"name\":\"Herv\u00e9 Asse\",\"image\":{\"@type\":\"ImageObject\",\"inLanguage\":\"en-US\",\"@id\":\"https:\\\/\\\/secure.gravatar.com\\\/avatar\\\/1aaa7b1baf759c8b40525f40af381cbaa2b0ddd554f57145bceb0654ba45b4c0?s=96&d=mm&r=g\",\"url\":\"https:\\\/\\\/secure.gravatar.com\\\/avatar\\\/1aaa7b1baf759c8b40525f40af381cbaa2b0ddd554f57145bceb0654ba45b4c0?s=96&d=mm&r=g\",\"contentUrl\":\"https:\\\/\\\/secure.gravatar.com\\\/avatar\\\/1aaa7b1baf759c8b40525f40af381cbaa2b0ddd554f57145bceb0654ba45b4c0?s=96&d=mm&r=g\",\"caption\":\"Herv\u00e9 Asse\"}}]}<\/script>\n<!-- \/ Yoast SEO plugin. -->","yoast_head_json":{"title":"THE BIRTH OF AN EDUCATIONAL CENTRE. A 2nd \u00ab Village des Sources \u00bb opens in Derval \u2013 France \u2013 to host classes on the theme \u201cSelf-confidence and self-esteem\u201d - LaMennais.org","robots":{"index":"index","follow":"follow","max-snippet":"max-snippet:-1","max-image-preview":"max-image-preview:large","max-video-preview":"max-video-preview:-1"},"canonical":"https:\/\/www.lamennais.org\/the-birth-of-an-educational-centre-a-2nd-village-des-sources-opens-in-derval-france-to-host-classes-on-the-theme-self-confidence-and-self-esteem\/?lang=en","og_locale":"en_US","og_type":"article","og_title":"THE BIRTH OF AN EDUCATIONAL CENTRE. A 2nd \u00ab Village des Sources \u00bb opens in Derval \u2013 France \u2013 to host classes on the theme \u201cSelf-confidence and self-esteem\u201d - LaMennais.org","og_description":"\u00abWe are pleased to announce you the birth of the 7th \u201cVillage des Sources\u201d in the world and the 2nd in France, in Derval, in Loire-Atlantique!\u00bb This is the joyful message received on November 12. What is a \u201cVillage des sources\u201d? A unique place and a team of animators that welcomes children and young people [&hellip;]","og_url":"https:\/\/www.lamennais.org\/the-birth-of-an-educational-centre-a-2nd-village-des-sources-opens-in-derval-france-to-host-classes-on-the-theme-self-confidence-and-self-esteem\/?lang=en","og_site_name":"LaMennais.org","article_published_time":"2020-12-04T08:45:52+00:00","article_modified_time":"2020-12-04T16:40:11+00:00","og_image":[{"width":2553,"height":896,"url":"https:\/\/www.lamennais.org\/wp-content\/uploads\/2020\/12\/20201112_113300-scaled-e1607100092391.jpg","type":"image\/jpeg"}],"author":"Herv\u00e9 Asse","twitter_card":"summary_large_image","twitter_misc":{"Written by":"Herv\u00e9 Asse","Est. reading time":"4 minutes"},"schema":{"@context":"https:\/\/schema.org","@graph":[{"@type":"Article","@id":"https:\/\/www.lamennais.org\/the-birth-of-an-educational-centre-a-2nd-village-des-sources-opens-in-derval-france-to-host-classes-on-the-theme-self-confidence-and-self-esteem\/?lang=en#article","isPartOf":{"@id":"https:\/\/www.lamennais.org\/the-birth-of-an-educational-centre-a-2nd-village-des-sources-opens-in-derval-france-to-host-classes-on-the-theme-self-confidence-and-self-esteem\/?lang=en"},"author":{"name":"Herv\u00e9 Asse","@id":"https:\/\/www.lamennais.org\/#\/schema\/person\/2a8d6e8a95babedd5ba1c43afd2e3844"},"headline":"THE BIRTH OF AN EDUCATIONAL CENTRE. A 2nd \u00ab Village des Sources \u00bb opens in Derval \u2013 France \u2013 to host classes on the theme \u201cSelf-confidence and self-esteem\u201d","datePublished":"2020-12-04T08:45:52+00:00","dateModified":"2020-12-04T16:40:11+00:00","mainEntityOfPage":{"@id":"https:\/\/www.lamennais.org\/the-birth-of-an-educational-centre-a-2nd-village-des-sources-opens-in-derval-france-to-host-classes-on-the-theme-self-confidence-and-self-esteem\/?lang=en"},"wordCount":762,"image":{"@id":"https:\/\/www.lamennais.org\/the-birth-of-an-educational-centre-a-2nd-village-des-sources-opens-in-derval-france-to-host-classes-on-the-theme-self-confidence-and-self-esteem\/?lang=en#primaryimage"},"thumbnailUrl":"https:\/\/www.lamennais.org\/wp-content\/uploads\/2020\/12\/20201112_113300-scaled-e1607100092391.jpg","articleSection":["NEWS"],"inLanguage":"en-US"},{"@type":"WebPage","@id":"https:\/\/www.lamennais.org\/the-birth-of-an-educational-centre-a-2nd-village-des-sources-opens-in-derval-france-to-host-classes-on-the-theme-self-confidence-and-self-esteem\/?lang=en","url":"https:\/\/www.lamennais.org\/the-birth-of-an-educational-centre-a-2nd-village-des-sources-opens-in-derval-france-to-host-classes-on-the-theme-self-confidence-and-self-esteem\/?lang=en","name":"THE BIRTH OF AN EDUCATIONAL CENTRE. A 2nd \u00ab Village des Sources \u00bb opens in Derval \u2013 France \u2013 to host classes on the theme \u201cSelf-confidence and self-esteem\u201d - LaMennais.org","isPartOf":{"@id":"https:\/\/www.lamennais.org\/#website"},"primaryImageOfPage":{"@id":"https:\/\/www.lamennais.org\/the-birth-of-an-educational-centre-a-2nd-village-des-sources-opens-in-derval-france-to-host-classes-on-the-theme-self-confidence-and-self-esteem\/?lang=en#primaryimage"},"image":{"@id":"https:\/\/www.lamennais.org\/the-birth-of-an-educational-centre-a-2nd-village-des-sources-opens-in-derval-france-to-host-classes-on-the-theme-self-confidence-and-self-esteem\/?lang=en#primaryimage"},"thumbnailUrl":"https:\/\/www.lamennais.org\/wp-content\/uploads\/2020\/12\/20201112_113300-scaled-e1607100092391.jpg","datePublished":"2020-12-04T08:45:52+00:00","dateModified":"2020-12-04T16:40:11+00:00","author":{"@id":"https:\/\/www.lamennais.org\/#\/schema\/person\/2a8d6e8a95babedd5ba1c43afd2e3844"},"breadcrumb":{"@id":"https:\/\/www.lamennais.org\/the-birth-of-an-educational-centre-a-2nd-village-des-sources-opens-in-derval-france-to-host-classes-on-the-theme-self-confidence-and-self-esteem\/?lang=en#breadcrumb"},"inLanguage":"en-US","potentialAction":[{"@type":"ReadAction","target":["https:\/\/www.lamennais.org\/the-birth-of-an-educational-centre-a-2nd-village-des-sources-opens-in-derval-france-to-host-classes-on-the-theme-self-confidence-and-self-esteem\/?lang=en"]}]},{"@type":"ImageObject","inLanguage":"en-US","@id":"https:\/\/www.lamennais.org\/the-birth-of-an-educational-centre-a-2nd-village-des-sources-opens-in-derval-france-to-host-classes-on-the-theme-self-confidence-and-self-esteem\/?lang=en#primaryimage","url":"https:\/\/www.lamennais.org\/wp-content\/uploads\/2020\/12\/20201112_113300-scaled-e1607100092391.jpg","contentUrl":"https:\/\/www.lamennais.org\/wp-content\/uploads\/2020\/12\/20201112_113300-scaled-e1607100092391.jpg","width":2553,"height":896},{"@type":"BreadcrumbList","@id":"https:\/\/www.lamennais.org\/the-birth-of-an-educational-centre-a-2nd-village-des-sources-opens-in-derval-france-to-host-classes-on-the-theme-self-confidence-and-self-esteem\/?lang=en#breadcrumb","itemListElement":[{"@type":"ListItem","position":1,"name":"Accueil","item":"https:\/\/www.lamennais.org\/"},{"@type":"ListItem","position":2,"name":"THE BIRTH OF AN EDUCATIONAL CENTRE. A 2nd \u00ab Village des Sources \u00bb opens in Derval \u2013 France \u2013 to host classes on the theme \u201cSelf-confidence and self-esteem\u201d"}]},{"@type":"WebSite","@id":"https:\/\/www.lamennais.org\/#website","url":"https:\/\/www.lamennais.org\/","name":"LaMennais.org","description":"Fr\u00e8res de l&#039;Instruction Chr\u00e9tienne et Famille Mennaisienne","potentialAction":[{"@type":"SearchAction","target":{"@type":"EntryPoint","urlTemplate":"https:\/\/www.lamennais.org\/?s={search_term_string}"},"query-input":{"@type":"PropertyValueSpecification","valueRequired":true,"valueName":"search_term_string"}}],"inLanguage":"en-US"},{"@type":"Person","@id":"https:\/\/www.lamennais.org\/#\/schema\/person\/2a8d6e8a95babedd5ba1c43afd2e3844","name":"Herv\u00e9 Asse","image":{"@type":"ImageObject","inLanguage":"en-US","@id":"https:\/\/secure.gravatar.com\/avatar\/1aaa7b1baf759c8b40525f40af381cbaa2b0ddd554f57145bceb0654ba45b4c0?s=96&d=mm&r=g","url":"https:\/\/secure.gravatar.com\/avatar\/1aaa7b1baf759c8b40525f40af381cbaa2b0ddd554f57145bceb0654ba45b4c0?s=96&d=mm&r=g","contentUrl":"https:\/\/secure.gravatar.com\/avatar\/1aaa7b1baf759c8b40525f40af381cbaa2b0ddd554f57145bceb0654ba45b4c0?s=96&d=mm&r=g","caption":"Herv\u00e9 Asse"}}]}},"_links":{"self":[{"href":"https:\/\/www.lamennais.org\/en\/wp-json\/wp\/v2\/posts\/28309","targetHints":{"allow":["GET"]}}],"collection":[{"href":"https:\/\/www.lamennais.org\/en\/wp-json\/wp\/v2\/posts"}],"about":[{"href":"https:\/\/www.lamennais.org\/en\/wp-json\/wp\/v2\/types\/post"}],"author":[{"embeddable":true,"href":"https:\/\/www.lamennais.org\/en\/wp-json\/wp\/v2\/users\/3"}],"replies":[{"embeddable":true,"href":"https:\/\/www.lamennais.org\/en\/wp-json\/wp\/v2\/comments?post=28309"}],"version-history":[{"count":2,"href":"https:\/\/www.lamennais.org\/en\/wp-json\/wp\/v2\/posts\/28309\/revisions"}],"predecessor-version":[{"id":28311,"href":"https:\/\/www.lamennais.org\/en\/wp-json\/wp\/v2\/posts\/28309\/revisions\/28311"}],"wp:featuredmedia":[{"embeddable":true,"href":"https:\/\/www.lamennais.org\/en\/wp-json\/wp\/v2\/media\/28239"}],"wp:attachment":[{"href":"https:\/\/www.lamennais.org\/en\/wp-json\/wp\/v2\/media?parent=28309"}],"wp:term":[{"taxonomy":"category","embeddable":true,"href":"https:\/\/www.lamennais.org\/en\/wp-json\/wp\/v2\/categories?post=28309"},{"taxonomy":"post_tag","embeddable":true,"href":"https:\/\/www.lamennais.org\/en\/wp-json\/wp\/v2\/tags?post=28309"}],"curies":[{"name":"wp","href":"https:\/\/api.w.org\/{rel}","templated":true}]}}