{"id":28304,"date":"2020-12-04T09:08:30","date_gmt":"2020-12-04T08:08:30","guid":{"rendered":"http:\/\/www.lamennais.org\/?p=28304"},"modified":"2020-12-04T17:28:25","modified_gmt":"2020-12-04T16:28:25","slug":"listen-to-2-excerpts-from-la-cantate-des-freres-a-musical-creation-created-in-malestroit-france-for-the-200-years-of-the-brothers-in-concert-in-2021","status":"publish","type":"post","link":"https:\/\/www.lamennais.org\/en\/listen-to-2-excerpts-from-la-cantate-des-freres-a-musical-creation-created-in-malestroit-france-for-the-200-years-of-the-brothers-in-concert-in-2021\/","title":{"rendered":"LISTEN TO 2 EXCERPTS FROM \u00ab LA CANTATE DES FRERES \u00bb. A musical creation created in Malestroit \u2013 France \u2013 for the 200 years of the Brothers in concert in 2021"},"content":{"rendered":"<p><strong>Unpublished! A musical work entitled the \u00abCantate des Fr\u00e8res\u00bb written for Solo singers, Choir and Instrumental ensemble is being created in Malestroit, at St Julien Secondary School, by the Psallette of Malestroit. Conceived as a tribute to the action led by Jean-Marie de la Mennais and the Brothers for 200 years, it wants to be a Birthday gift.<\/strong><\/p>\n<p>\u201cWe are pleased to share this with you at the closure of the Bicentenary and at the end of this Mennaisian Week\u201d said Isabelle Gergaud, Pastoral Assistant and Communications Officer at St Julien School of Malestroit.&#8221;<\/p>\n<p>Two excerpts were broadcast during the Mennaisian Week in the school yard for all our students.<\/p>\n<p>With the adults, we proposed a beautiful sharing of Father de la Mennais and the history of our College.<\/p>\n<p>Young people were well involved in the proposals. A very good Mennaisian week.<\/p>\n<p>And now we are in the Advent Season once again beautiful things to live this year with the theme: &#8220;Sowing joy&#8221;.<\/p>\n<h4><strong>\u201cAs we are called to cross the Atlantic<\/strong><\/h4>\n<h4><strong>in God\u2019s corsairs, and found schools<\/strong><\/h4>\n<h4><strong>The work of God will never lack Apostles.<\/strong><\/h4>\n<h4><strong>Brothers, you have no more talent than others<\/strong><\/h4>\n<h4><strong>But blessed are you, who come in the name of the Lord!&#8221;<\/strong><\/h4>\n<p><strong>Excerpt from the text of the Cantate.<\/strong> <em>Etienne Mahieux<\/em><\/p>\n<p><strong>Marc Huck,<\/strong> in charge of the Malestroit Psallette, addressed the Brothers:<\/p>\n<p><em>&#8220;Dear Brothers,<br \/>\n<\/em><em>It is a great joy for us to send you two musical excerpts from the Cantate des Fr\u00e8res, commissioned by our friends Etienne Mahieux and Jean-Ren\u00e9 Andr\u00e9.<\/em><\/p>\n<p><em>This creation should have been given last May and on November 28, but health realities had decided differently.<br \/>\n<\/em><em>Unable to present it to the public by then, we propose you listen to it in its version recorded at Saint Gilles Church of Malestroit.<\/em><\/p>\n<p><em>I thank my colleagues from the Psallette, Lucette Pouteau, J\u00e9r\u00f4me Desprez and Michel J\u00e9zo, who prepared the students with me for the interpretation of this work.<br \/>\n<\/em><em>Hoping to see this project succeed!<\/em><\/p>\n<p><strong><em>Marc Huck<\/em><\/strong><\/p>\n<h4>Listen here to 2 excerpts<\/h4>\n<table>\n<tbody>\n<tr>\n<td><\/td>\n<td><a href=\"https:\/\/collegestjulien-my.sharepoint.com\/:u:\/p\/igergaud\/EeVdmSuCKmFHtCu40KehaWsB7uv-ENNF5Q-xydqHIToT3g\">Cantate Mvt 7 version 2.mp3<\/a><\/td>\n<td width=\"0\"><\/td>\n<\/tr>\n<\/tbody>\n<\/table>\n<table>\n<tbody>\n<tr>\n<td width=\"28\"><\/td>\n<\/tr>\n<\/tbody>\n<\/table>\n<table>\n<tbody>\n<tr>\n<td><\/td>\n<td><a href=\"https:\/\/collegestjulien-my.sharepoint.com\/:u:\/p\/igergaud\/Ecs3GxfKaZxJvETnQc1rBIcB0RlPjZ4iwBhAlgc4RURJvg\">DIEU SEUL 20 11 20 version 2.mp3<\/a><\/td>\n<td width=\"0\"><\/td>\n<\/tr>\n<\/tbody>\n<\/table>\n<table>\n<tbody>\n<tr>\n<td><\/td>\n<td><\/td>\n<td width=\"0\"><\/td>\n<\/tr>\n<\/tbody>\n<\/table>\n<table>\n<tbody>\n<tr>\n<td width=\"28\"><\/td>\n<\/tr>\n<\/tbody>\n<\/table>\n<p><strong>Contact<\/strong> :\u00a0<a href=\"http:\/\/www.collegestjulien.com\">http:\/\/www.collegestjulien.com<\/a><\/p>\n<p><strong>The Cantate will be probably played in the Chapel of th Mother House of Plo\u00ebrmel, in 2021, according to the health realities.<\/strong><\/p>\n<div id=\"attachment_28219\" style=\"width: 870px\" class=\"wp-caption alignleft\"><img fetchpriority=\"high\" decoding=\"async\" aria-describedby=\"caption-attachment-28219\" class=\"size-large wp-image-28220\" src=\"http:\/\/www.lamennais.org\/wp-content\/uploads\/2020\/12\/P8179964-863x1024.jpg\" alt=\"\" width=\"860\" height=\"1020\" srcset=\"https:\/\/www.lamennais.org\/wp-content\/uploads\/2020\/12\/P8179964-863x1024.jpg 863w, https:\/\/www.lamennais.org\/wp-content\/uploads\/2020\/12\/P8179964-scaled-600x712.jpg 600w, https:\/\/www.lamennais.org\/wp-content\/uploads\/2020\/12\/P8179964-253x300.jpg 253w, https:\/\/www.lamennais.org\/wp-content\/uploads\/2020\/12\/P8179964-768x911.jpg 768w, https:\/\/www.lamennais.org\/wp-content\/uploads\/2020\/12\/P8179964-1294x1536.jpg 1294w, https:\/\/www.lamennais.org\/wp-content\/uploads\/2020\/12\/P8179964-1726x2048.jpg 1726w, https:\/\/www.lamennais.org\/wp-content\/uploads\/2020\/12\/P8179964-260x309.jpg 260w\" sizes=\"(max-width: 860px) 100vw, 860px\" \/><p id=\"caption-attachment-28219\" class=\"wp-caption-text\"><em>Chapel of the Mother House, Plo\u00ebrmel.<\/em><\/p><\/div>\n","protected":false},"excerpt":{"rendered":"<p>Unpublished! A musical work entitled the \u00abCantate des Fr\u00e8res\u00bb written for Solo singers, Choir and Instrumental ensemble is being created in Malestroit, at St Julien Secondary School, by the Psallette of Malestroit. Conceived as a tribute to the action led by Jean-Marie de la Mennais and the Brothers for 200 years, it wants to be [&hellip;]<\/p>\n","protected":false},"author":3,"featured_media":28302,"comment_status":"closed","ping_status":"closed","sticky":false,"template":"","format":"standard","meta":{"footnotes":""},"categories":[104],"tags":[],"class_list":["post-28304","post","type-post","status-publish","format-standard","has-post-thumbnail","hentry","category-news"],"yoast_head":"<!-- This site is optimized with the Yoast SEO plugin v27.4 - https:\/\/yoast.com\/product\/yoast-seo-wordpress\/ -->\n<title>LISTEN TO 2 EXCERPTS FROM \u00ab LA CANTATE DES FRERES \u00bb. A musical creation created in Malestroit \u2013 France \u2013 for the 200 years of the Brothers in concert in 2021 - LaMennais.org<\/title>\n<meta name=\"robots\" content=\"index, follow, max-snippet:-1, max-image-preview:large, max-video-preview:-1\" \/>\n<link rel=\"canonical\" href=\"https:\/\/www.lamennais.org\/listen-to-2-excerpts-from-la-cantate-des-freres-a-musical-creation-created-in-malestroit-france-for-the-200-years-of-the-brothers-in-concert-in-2021\/?lang=en\" \/>\n<meta property=\"og:locale\" content=\"en_US\" \/>\n<meta property=\"og:type\" content=\"article\" \/>\n<meta property=\"og:title\" content=\"LISTEN TO 2 EXCERPTS FROM \u00ab LA CANTATE DES FRERES \u00bb. A musical creation created in Malestroit \u2013 France \u2013 for the 200 years of the Brothers in concert in 2021 - LaMennais.org\" \/>\n<meta property=\"og:description\" content=\"Unpublished! A musical work entitled the \u00abCantate des Fr\u00e8res\u00bb written for Solo singers, Choir and Instrumental ensemble is being created in Malestroit, at St Julien Secondary School, by the Psallette of Malestroit. Conceived as a tribute to the action led by Jean-Marie de la Mennais and the Brothers for 200 years, it wants to be [&hellip;]\" \/>\n<meta property=\"og:url\" content=\"https:\/\/www.lamennais.org\/listen-to-2-excerpts-from-la-cantate-des-freres-a-musical-creation-created-in-malestroit-france-for-the-200-years-of-the-brothers-in-concert-in-2021\/?lang=en\" \/>\n<meta property=\"og:site_name\" content=\"LaMennais.org\" \/>\n<meta property=\"article:published_time\" content=\"2020-12-04T08:08:30+00:00\" \/>\n<meta property=\"article:modified_time\" content=\"2020-12-04T16:28:25+00:00\" \/>\n<meta property=\"og:image\" content=\"https:\/\/www.lamennais.org\/wp-content\/uploads\/2020\/12\/cantate.jpg\" \/>\n\t<meta property=\"og:image:width\" content=\"223\" \/>\n\t<meta property=\"og:image:height\" content=\"157\" \/>\n\t<meta property=\"og:image:type\" content=\"image\/jpeg\" \/>\n<meta name=\"author\" content=\"Herv\u00e9 Asse\" \/>\n<meta name=\"twitter:card\" content=\"summary_large_image\" \/>\n<meta name=\"twitter:label1\" content=\"Written by\" \/>\n\t<meta name=\"twitter:data1\" content=\"Herv\u00e9 Asse\" \/>\n\t<meta name=\"twitter:label2\" content=\"Est. reading time\" \/>\n\t<meta name=\"twitter:data2\" content=\"2 minutes\" \/>\n<script type=\"application\/ld+json\" class=\"yoast-schema-graph\">{\"@context\":\"https:\\\/\\\/schema.org\",\"@graph\":[{\"@type\":\"Article\",\"@id\":\"https:\\\/\\\/www.lamennais.org\\\/listen-to-2-excerpts-from-la-cantate-des-freres-a-musical-creation-created-in-malestroit-france-for-the-200-years-of-the-brothers-in-concert-in-2021\\\/?lang=en#article\",\"isPartOf\":{\"@id\":\"https:\\\/\\\/www.lamennais.org\\\/listen-to-2-excerpts-from-la-cantate-des-freres-a-musical-creation-created-in-malestroit-france-for-the-200-years-of-the-brothers-in-concert-in-2021\\\/?lang=en\"},\"author\":{\"name\":\"Herv\u00e9 Asse\",\"@id\":\"https:\\\/\\\/www.lamennais.org\\\/#\\\/schema\\\/person\\\/2a8d6e8a95babedd5ba1c43afd2e3844\"},\"headline\":\"LISTEN TO 2 EXCERPTS FROM \u00ab LA CANTATE DES FRERES \u00bb. A musical creation created in Malestroit \u2013 France \u2013 for the 200 years of the Brothers in concert in 2021\",\"datePublished\":\"2020-12-04T08:08:30+00:00\",\"dateModified\":\"2020-12-04T16:28:25+00:00\",\"mainEntityOfPage\":{\"@id\":\"https:\\\/\\\/www.lamennais.org\\\/listen-to-2-excerpts-from-la-cantate-des-freres-a-musical-creation-created-in-malestroit-france-for-the-200-years-of-the-brothers-in-concert-in-2021\\\/?lang=en\"},\"wordCount\":412,\"image\":{\"@id\":\"https:\\\/\\\/www.lamennais.org\\\/listen-to-2-excerpts-from-la-cantate-des-freres-a-musical-creation-created-in-malestroit-france-for-the-200-years-of-the-brothers-in-concert-in-2021\\\/?lang=en#primaryimage\"},\"thumbnailUrl\":\"https:\\\/\\\/www.lamennais.org\\\/wp-content\\\/uploads\\\/2020\\\/12\\\/cantate.jpg\",\"articleSection\":[\"NEWS\"],\"inLanguage\":\"en-US\"},{\"@type\":\"WebPage\",\"@id\":\"https:\\\/\\\/www.lamennais.org\\\/listen-to-2-excerpts-from-la-cantate-des-freres-a-musical-creation-created-in-malestroit-france-for-the-200-years-of-the-brothers-in-concert-in-2021\\\/?lang=en\",\"url\":\"https:\\\/\\\/www.lamennais.org\\\/listen-to-2-excerpts-from-la-cantate-des-freres-a-musical-creation-created-in-malestroit-france-for-the-200-years-of-the-brothers-in-concert-in-2021\\\/?lang=en\",\"name\":\"LISTEN TO 2 EXCERPTS FROM \u00ab LA CANTATE DES FRERES \u00bb. A musical creation created in Malestroit \u2013 France \u2013 for the 200 years of the Brothers in concert in 2021 - LaMennais.org\",\"isPartOf\":{\"@id\":\"https:\\\/\\\/www.lamennais.org\\\/#website\"},\"primaryImageOfPage\":{\"@id\":\"https:\\\/\\\/www.lamennais.org\\\/listen-to-2-excerpts-from-la-cantate-des-freres-a-musical-creation-created-in-malestroit-france-for-the-200-years-of-the-brothers-in-concert-in-2021\\\/?lang=en#primaryimage\"},\"image\":{\"@id\":\"https:\\\/\\\/www.lamennais.org\\\/listen-to-2-excerpts-from-la-cantate-des-freres-a-musical-creation-created-in-malestroit-france-for-the-200-years-of-the-brothers-in-concert-in-2021\\\/?lang=en#primaryimage\"},\"thumbnailUrl\":\"https:\\\/\\\/www.lamennais.org\\\/wp-content\\\/uploads\\\/2020\\\/12\\\/cantate.jpg\",\"datePublished\":\"2020-12-04T08:08:30+00:00\",\"dateModified\":\"2020-12-04T16:28:25+00:00\",\"author\":{\"@id\":\"https:\\\/\\\/www.lamennais.org\\\/#\\\/schema\\\/person\\\/2a8d6e8a95babedd5ba1c43afd2e3844\"},\"breadcrumb\":{\"@id\":\"https:\\\/\\\/www.lamennais.org\\\/listen-to-2-excerpts-from-la-cantate-des-freres-a-musical-creation-created-in-malestroit-france-for-the-200-years-of-the-brothers-in-concert-in-2021\\\/?lang=en#breadcrumb\"},\"inLanguage\":\"en-US\",\"potentialAction\":[{\"@type\":\"ReadAction\",\"target\":[\"https:\\\/\\\/www.lamennais.org\\\/listen-to-2-excerpts-from-la-cantate-des-freres-a-musical-creation-created-in-malestroit-france-for-the-200-years-of-the-brothers-in-concert-in-2021\\\/?lang=en\"]}]},{\"@type\":\"ImageObject\",\"inLanguage\":\"en-US\",\"@id\":\"https:\\\/\\\/www.lamennais.org\\\/listen-to-2-excerpts-from-la-cantate-des-freres-a-musical-creation-created-in-malestroit-france-for-the-200-years-of-the-brothers-in-concert-in-2021\\\/?lang=en#primaryimage\",\"url\":\"https:\\\/\\\/www.lamennais.org\\\/wp-content\\\/uploads\\\/2020\\\/12\\\/cantate.jpg\",\"contentUrl\":\"https:\\\/\\\/www.lamennais.org\\\/wp-content\\\/uploads\\\/2020\\\/12\\\/cantate.jpg\",\"width\":223,\"height\":157},{\"@type\":\"BreadcrumbList\",\"@id\":\"https:\\\/\\\/www.lamennais.org\\\/listen-to-2-excerpts-from-la-cantate-des-freres-a-musical-creation-created-in-malestroit-france-for-the-200-years-of-the-brothers-in-concert-in-2021\\\/?lang=en#breadcrumb\",\"itemListElement\":[{\"@type\":\"ListItem\",\"position\":1,\"name\":\"Accueil\",\"item\":\"https:\\\/\\\/www.lamennais.org\\\/\"},{\"@type\":\"ListItem\",\"position\":2,\"name\":\"LISTEN TO 2 EXCERPTS FROM \u00ab LA CANTATE DES FRERES \u00bb. A musical creation created in Malestroit \u2013 France \u2013 for the 200 years of the Brothers in concert in 2021\"}]},{\"@type\":\"WebSite\",\"@id\":\"https:\\\/\\\/www.lamennais.org\\\/#website\",\"url\":\"https:\\\/\\\/www.lamennais.org\\\/\",\"name\":\"LaMennais.org\",\"description\":\"Fr\u00e8res de l&#039;Instruction Chr\u00e9tienne et Famille Mennaisienne\",\"potentialAction\":[{\"@type\":\"SearchAction\",\"target\":{\"@type\":\"EntryPoint\",\"urlTemplate\":\"https:\\\/\\\/www.lamennais.org\\\/?s={search_term_string}\"},\"query-input\":{\"@type\":\"PropertyValueSpecification\",\"valueRequired\":true,\"valueName\":\"search_term_string\"}}],\"inLanguage\":\"en-US\"},{\"@type\":\"Person\",\"@id\":\"https:\\\/\\\/www.lamennais.org\\\/#\\\/schema\\\/person\\\/2a8d6e8a95babedd5ba1c43afd2e3844\",\"name\":\"Herv\u00e9 Asse\",\"image\":{\"@type\":\"ImageObject\",\"inLanguage\":\"en-US\",\"@id\":\"https:\\\/\\\/secure.gravatar.com\\\/avatar\\\/1aaa7b1baf759c8b40525f40af381cbaa2b0ddd554f57145bceb0654ba45b4c0?s=96&d=mm&r=g\",\"url\":\"https:\\\/\\\/secure.gravatar.com\\\/avatar\\\/1aaa7b1baf759c8b40525f40af381cbaa2b0ddd554f57145bceb0654ba45b4c0?s=96&d=mm&r=g\",\"contentUrl\":\"https:\\\/\\\/secure.gravatar.com\\\/avatar\\\/1aaa7b1baf759c8b40525f40af381cbaa2b0ddd554f57145bceb0654ba45b4c0?s=96&d=mm&r=g\",\"caption\":\"Herv\u00e9 Asse\"}}]}<\/script>\n<!-- \/ Yoast SEO plugin. -->","yoast_head_json":{"title":"LISTEN TO 2 EXCERPTS FROM \u00ab LA CANTATE DES FRERES \u00bb. A musical creation created in Malestroit \u2013 France \u2013 for the 200 years of the Brothers in concert in 2021 - LaMennais.org","robots":{"index":"index","follow":"follow","max-snippet":"max-snippet:-1","max-image-preview":"max-image-preview:large","max-video-preview":"max-video-preview:-1"},"canonical":"https:\/\/www.lamennais.org\/listen-to-2-excerpts-from-la-cantate-des-freres-a-musical-creation-created-in-malestroit-france-for-the-200-years-of-the-brothers-in-concert-in-2021\/?lang=en","og_locale":"en_US","og_type":"article","og_title":"LISTEN TO 2 EXCERPTS FROM \u00ab LA CANTATE DES FRERES \u00bb. A musical creation created in Malestroit \u2013 France \u2013 for the 200 years of the Brothers in concert in 2021 - LaMennais.org","og_description":"Unpublished! A musical work entitled the \u00abCantate des Fr\u00e8res\u00bb written for Solo singers, Choir and Instrumental ensemble is being created in Malestroit, at St Julien Secondary School, by the Psallette of Malestroit. Conceived as a tribute to the action led by Jean-Marie de la Mennais and the Brothers for 200 years, it wants to be [&hellip;]","og_url":"https:\/\/www.lamennais.org\/listen-to-2-excerpts-from-la-cantate-des-freres-a-musical-creation-created-in-malestroit-france-for-the-200-years-of-the-brothers-in-concert-in-2021\/?lang=en","og_site_name":"LaMennais.org","article_published_time":"2020-12-04T08:08:30+00:00","article_modified_time":"2020-12-04T16:28:25+00:00","og_image":[{"width":223,"height":157,"url":"https:\/\/www.lamennais.org\/wp-content\/uploads\/2020\/12\/cantate.jpg","type":"image\/jpeg"}],"author":"Herv\u00e9 Asse","twitter_card":"summary_large_image","twitter_misc":{"Written by":"Herv\u00e9 Asse","Est. reading time":"2 minutes"},"schema":{"@context":"https:\/\/schema.org","@graph":[{"@type":"Article","@id":"https:\/\/www.lamennais.org\/listen-to-2-excerpts-from-la-cantate-des-freres-a-musical-creation-created-in-malestroit-france-for-the-200-years-of-the-brothers-in-concert-in-2021\/?lang=en#article","isPartOf":{"@id":"https:\/\/www.lamennais.org\/listen-to-2-excerpts-from-la-cantate-des-freres-a-musical-creation-created-in-malestroit-france-for-the-200-years-of-the-brothers-in-concert-in-2021\/?lang=en"},"author":{"name":"Herv\u00e9 Asse","@id":"https:\/\/www.lamennais.org\/#\/schema\/person\/2a8d6e8a95babedd5ba1c43afd2e3844"},"headline":"LISTEN TO 2 EXCERPTS FROM \u00ab LA CANTATE DES FRERES \u00bb. A musical creation created in Malestroit \u2013 France \u2013 for the 200 years of the Brothers in concert in 2021","datePublished":"2020-12-04T08:08:30+00:00","dateModified":"2020-12-04T16:28:25+00:00","mainEntityOfPage":{"@id":"https:\/\/www.lamennais.org\/listen-to-2-excerpts-from-la-cantate-des-freres-a-musical-creation-created-in-malestroit-france-for-the-200-years-of-the-brothers-in-concert-in-2021\/?lang=en"},"wordCount":412,"image":{"@id":"https:\/\/www.lamennais.org\/listen-to-2-excerpts-from-la-cantate-des-freres-a-musical-creation-created-in-malestroit-france-for-the-200-years-of-the-brothers-in-concert-in-2021\/?lang=en#primaryimage"},"thumbnailUrl":"https:\/\/www.lamennais.org\/wp-content\/uploads\/2020\/12\/cantate.jpg","articleSection":["NEWS"],"inLanguage":"en-US"},{"@type":"WebPage","@id":"https:\/\/www.lamennais.org\/listen-to-2-excerpts-from-la-cantate-des-freres-a-musical-creation-created-in-malestroit-france-for-the-200-years-of-the-brothers-in-concert-in-2021\/?lang=en","url":"https:\/\/www.lamennais.org\/listen-to-2-excerpts-from-la-cantate-des-freres-a-musical-creation-created-in-malestroit-france-for-the-200-years-of-the-brothers-in-concert-in-2021\/?lang=en","name":"LISTEN TO 2 EXCERPTS FROM \u00ab LA CANTATE DES FRERES \u00bb. A musical creation created in Malestroit \u2013 France \u2013 for the 200 years of the Brothers in concert in 2021 - LaMennais.org","isPartOf":{"@id":"https:\/\/www.lamennais.org\/#website"},"primaryImageOfPage":{"@id":"https:\/\/www.lamennais.org\/listen-to-2-excerpts-from-la-cantate-des-freres-a-musical-creation-created-in-malestroit-france-for-the-200-years-of-the-brothers-in-concert-in-2021\/?lang=en#primaryimage"},"image":{"@id":"https:\/\/www.lamennais.org\/listen-to-2-excerpts-from-la-cantate-des-freres-a-musical-creation-created-in-malestroit-france-for-the-200-years-of-the-brothers-in-concert-in-2021\/?lang=en#primaryimage"},"thumbnailUrl":"https:\/\/www.lamennais.org\/wp-content\/uploads\/2020\/12\/cantate.jpg","datePublished":"2020-12-04T08:08:30+00:00","dateModified":"2020-12-04T16:28:25+00:00","author":{"@id":"https:\/\/www.lamennais.org\/#\/schema\/person\/2a8d6e8a95babedd5ba1c43afd2e3844"},"breadcrumb":{"@id":"https:\/\/www.lamennais.org\/listen-to-2-excerpts-from-la-cantate-des-freres-a-musical-creation-created-in-malestroit-france-for-the-200-years-of-the-brothers-in-concert-in-2021\/?lang=en#breadcrumb"},"inLanguage":"en-US","potentialAction":[{"@type":"ReadAction","target":["https:\/\/www.lamennais.org\/listen-to-2-excerpts-from-la-cantate-des-freres-a-musical-creation-created-in-malestroit-france-for-the-200-years-of-the-brothers-in-concert-in-2021\/?lang=en"]}]},{"@type":"ImageObject","inLanguage":"en-US","@id":"https:\/\/www.lamennais.org\/listen-to-2-excerpts-from-la-cantate-des-freres-a-musical-creation-created-in-malestroit-france-for-the-200-years-of-the-brothers-in-concert-in-2021\/?lang=en#primaryimage","url":"https:\/\/www.lamennais.org\/wp-content\/uploads\/2020\/12\/cantate.jpg","contentUrl":"https:\/\/www.lamennais.org\/wp-content\/uploads\/2020\/12\/cantate.jpg","width":223,"height":157},{"@type":"BreadcrumbList","@id":"https:\/\/www.lamennais.org\/listen-to-2-excerpts-from-la-cantate-des-freres-a-musical-creation-created-in-malestroit-france-for-the-200-years-of-the-brothers-in-concert-in-2021\/?lang=en#breadcrumb","itemListElement":[{"@type":"ListItem","position":1,"name":"Accueil","item":"https:\/\/www.lamennais.org\/"},{"@type":"ListItem","position":2,"name":"LISTEN TO 2 EXCERPTS FROM \u00ab LA CANTATE DES FRERES \u00bb. A musical creation created in Malestroit \u2013 France \u2013 for the 200 years of the Brothers in concert in 2021"}]},{"@type":"WebSite","@id":"https:\/\/www.lamennais.org\/#website","url":"https:\/\/www.lamennais.org\/","name":"LaMennais.org","description":"Fr\u00e8res de l&#039;Instruction Chr\u00e9tienne et Famille Mennaisienne","potentialAction":[{"@type":"SearchAction","target":{"@type":"EntryPoint","urlTemplate":"https:\/\/www.lamennais.org\/?s={search_term_string}"},"query-input":{"@type":"PropertyValueSpecification","valueRequired":true,"valueName":"search_term_string"}}],"inLanguage":"en-US"},{"@type":"Person","@id":"https:\/\/www.lamennais.org\/#\/schema\/person\/2a8d6e8a95babedd5ba1c43afd2e3844","name":"Herv\u00e9 Asse","image":{"@type":"ImageObject","inLanguage":"en-US","@id":"https:\/\/secure.gravatar.com\/avatar\/1aaa7b1baf759c8b40525f40af381cbaa2b0ddd554f57145bceb0654ba45b4c0?s=96&d=mm&r=g","url":"https:\/\/secure.gravatar.com\/avatar\/1aaa7b1baf759c8b40525f40af381cbaa2b0ddd554f57145bceb0654ba45b4c0?s=96&d=mm&r=g","contentUrl":"https:\/\/secure.gravatar.com\/avatar\/1aaa7b1baf759c8b40525f40af381cbaa2b0ddd554f57145bceb0654ba45b4c0?s=96&d=mm&r=g","caption":"Herv\u00e9 Asse"}}]}},"_links":{"self":[{"href":"https:\/\/www.lamennais.org\/en\/wp-json\/wp\/v2\/posts\/28304","targetHints":{"allow":["GET"]}}],"collection":[{"href":"https:\/\/www.lamennais.org\/en\/wp-json\/wp\/v2\/posts"}],"about":[{"href":"https:\/\/www.lamennais.org\/en\/wp-json\/wp\/v2\/types\/post"}],"author":[{"embeddable":true,"href":"https:\/\/www.lamennais.org\/en\/wp-json\/wp\/v2\/users\/3"}],"replies":[{"embeddable":true,"href":"https:\/\/www.lamennais.org\/en\/wp-json\/wp\/v2\/comments?post=28304"}],"version-history":[{"count":1,"href":"https:\/\/www.lamennais.org\/en\/wp-json\/wp\/v2\/posts\/28304\/revisions"}],"predecessor-version":[{"id":28305,"href":"https:\/\/www.lamennais.org\/en\/wp-json\/wp\/v2\/posts\/28304\/revisions\/28305"}],"wp:featuredmedia":[{"embeddable":true,"href":"https:\/\/www.lamennais.org\/en\/wp-json\/wp\/v2\/media\/28302"}],"wp:attachment":[{"href":"https:\/\/www.lamennais.org\/en\/wp-json\/wp\/v2\/media?parent=28304"}],"wp:term":[{"taxonomy":"category","embeddable":true,"href":"https:\/\/www.lamennais.org\/en\/wp-json\/wp\/v2\/categories?post=28304"},{"taxonomy":"post_tag","embeddable":true,"href":"https:\/\/www.lamennais.org\/en\/wp-json\/wp\/v2\/tags?post=28304"}],"curies":[{"name":"wp","href":"https:\/\/api.w.org\/{rel}","templated":true}]}}