{"id":26872,"date":"2020-09-03T13:49:59","date_gmt":"2020-09-03T11:49:59","guid":{"rendered":"http:\/\/www.lamennais.org\/?p=26872"},"modified":"2024-07-15T11:08:11","modified_gmt":"2024-07-15T09:08:11","slug":"new-academic-year-support-and-proximity-the-tutelle-team-of-the-76-schools-of-la-mennais-france-network-moves-to-ploermel","status":"publish","type":"post","link":"https:\/\/www.lamennais.org\/en\/new-academic-year-support-and-proximity-the-tutelle-team-of-the-76-schools-of-la-mennais-france-network-moves-to-ploermel\/","title":{"rendered":"NEW ACADEMIC YEAR. Support and proximity. The Tutelle team of the 76 schools of  La Mennais France Network moves to Plo\u00ebrmel"},"content":{"rendered":"<p><strong>Something new! The beginning of a School year is an opportunity to announce new things. This is the case for the Tutelle Team that accompanies the Schools of the La Mennais France Network. From Vannes, the 7 delegates and those in charge of a mission are now based at the Mother House. The dynamic is focused on the \u201ccommon mission, carried out by all at the service of the Schools\u201d. <\/strong><strong>In focus, 400 young people are expected on 27 November for the closing of the Bicentenary. Overview.<\/strong><\/p>\n<p>\u201cThis is a special start and we want to be attentive to the welcome and the closeness, with attention to the people in charge, who start in unprecedented \u00a0conditions, given the health realities.\u201d<\/p>\n<div id=\"attachment_26765\" style=\"width: 870px\" class=\"wp-caption alignleft\"><img fetchpriority=\"high\" decoding=\"async\" aria-describedby=\"caption-attachment-26765\" class=\"wp-image-26765 size-large\" src=\"https:\/\/www.lamennais.org\/wp-content\/uploads\/2020\/09\/P1160003-1024x641.jpg\" alt=\"\" width=\"860\" height=\"538\" srcset=\"https:\/\/www.lamennais.org\/wp-content\/uploads\/2020\/09\/P1160003-1024x641.jpg 1024w, https:\/\/www.lamennais.org\/wp-content\/uploads\/2020\/09\/P1160003-600x376.jpg 600w, https:\/\/www.lamennais.org\/wp-content\/uploads\/2020\/09\/P1160003-300x188.jpg 300w, https:\/\/www.lamennais.org\/wp-content\/uploads\/2020\/09\/P1160003-768x481.jpg 768w, https:\/\/www.lamennais.org\/wp-content\/uploads\/2020\/09\/P1160003-1536x962.jpg 1536w, https:\/\/www.lamennais.org\/wp-content\/uploads\/2020\/09\/P1160003-2048x1282.jpg 2048w, https:\/\/www.lamennais.org\/wp-content\/uploads\/2020\/09\/P1160003-260x163.jpg 260w\" sizes=\"(max-width: 860px) 100vw, 860px\" \/><p id=\"caption-attachment-26765\" class=\"wp-caption-text\"><em>A special start given the health realities.<\/em><\/p><\/div>\n<p>The emphasis is given: it is a matter of joining forces, for a \u00abTutelle supported by all\u00bb: team of delegates, those in charge of missions, directors, management teams, pastoral assistants, teachers, staff. The Tutelle? It is a \u00abcommon mission\u00bb: a care and an impetus to create the conditions for the proper functioning of the schools as well as organisational issues, planning, material realities and management, or on relationships and human resources and projects of educational communities in a Mennaisian spirit.<\/p>\n<div id=\"attachment_26789\" style=\"width: 870px\" class=\"wp-caption alignleft\"><img decoding=\"async\" aria-describedby=\"caption-attachment-26789\" class=\"wp-image-26789 size-large\" src=\"https:\/\/www.lamennais.org\/wp-content\/uploads\/2020\/09\/P1160688-Copie-1024x504.jpg\" alt=\"\" width=\"860\" height=\"423\" srcset=\"https:\/\/www.lamennais.org\/wp-content\/uploads\/2020\/09\/P1160688-Copie-1024x504.jpg 1024w, https:\/\/www.lamennais.org\/wp-content\/uploads\/2020\/09\/P1160688-Copie-600x295.jpg 600w, https:\/\/www.lamennais.org\/wp-content\/uploads\/2020\/09\/P1160688-Copie-300x148.jpg 300w, https:\/\/www.lamennais.org\/wp-content\/uploads\/2020\/09\/P1160688-Copie-768x378.jpg 768w, https:\/\/www.lamennais.org\/wp-content\/uploads\/2020\/09\/P1160688-Copie-1536x756.jpg 1536w, https:\/\/www.lamennais.org\/wp-content\/uploads\/2020\/09\/P1160688-Copie-2048x1008.jpg 2048w, https:\/\/www.lamennais.org\/wp-content\/uploads\/2020\/09\/P1160688-Copie-260x128.jpg 260w\" sizes=\"(max-width: 860px) 100vw, 860px\" \/><p id=\"caption-attachment-26789\" class=\"wp-caption-text\"><em>The Tutelle Service Team in the new space at the Mother House. From left to right: Denis CHEVREL, Bernadette PETTON, Bro Olivier MIGOT, Lo\u00efc LE TOUZO, Chantal DEVAUX, Ronan PETTON, Bro Yannick HOUSSAY.<\/em><\/p><\/div>\n<p>After the consultation of the Directors last year and the work of the Brothers and Laity at the last Assembly, the Reference Text of the Network was released a few months ago. It is now a matter of making it live and implementing it. Eight themes were defined: to educate, to live fraternity, to propose the Gospel, to develop the best of oneself, to welcome frailties, to discover the religious and spiritual dimension, to educate oneself, to build with diversity.<\/p>\n<p>\u00abThe mission of the Brothers continues actively in these realities of accompanying institutions, it continues with this Team\u00bb, assured Bro Yannick Houssay, Provincial and responsible for the \u00a0Tutelle. \u201cWe want to be consistent and apply what is proposed to ourselves,\u201d said Ronan Petton, General Secretary of the Tutelle Team. \u201c If we are truly a team, we are translating it concretely this year into a common working space \u2013 an open space.\u201d And symbolically this space is now set up at the Mother House \u00abas one who comes to drink at the source\u00bb. This office of the Tutelle is located\u00a0 in room Argoat, in the Reception Building at the end of the corridor of the Administrative Services of the Province.<\/p>\n<div id=\"attachment_26783\" style=\"width: 1010px\" class=\"wp-caption alignleft\"><img decoding=\"async\" aria-describedby=\"caption-attachment-26783\" class=\"wp-image-26783 size-full\" src=\"https:\/\/www.lamennais.org\/wp-content\/uploads\/2020\/09\/unnamed.jpg\" alt=\"\" width=\"1000\" height=\"750\" srcset=\"https:\/\/www.lamennais.org\/wp-content\/uploads\/2020\/09\/unnamed.jpg 1000w, https:\/\/www.lamennais.org\/wp-content\/uploads\/2020\/09\/unnamed-600x450.jpg 600w, https:\/\/www.lamennais.org\/wp-content\/uploads\/2020\/09\/unnamed-300x225.jpg 300w, https:\/\/www.lamennais.org\/wp-content\/uploads\/2020\/09\/unnamed-768x576.jpg 768w, https:\/\/www.lamennais.org\/wp-content\/uploads\/2020\/09\/unnamed-260x195.jpg 260w\" sizes=\"(max-width: 1000px) 100vw, 1000px\" \/><p id=\"caption-attachment-26783\" class=\"wp-caption-text\"><em>The offices are located on the 1st floor of the Administrative Building of the Mother House.<\/em><\/p><\/div>\n<p><img loading=\"lazy\" decoding=\"async\" class=\"alignleft size-large wp-image-26780\" src=\"https:\/\/www.lamennais.org\/wp-content\/uploads\/2020\/09\/P1160699-1024x586.jpg\" alt=\"\" width=\"860\" height=\"492\" srcset=\"https:\/\/www.lamennais.org\/wp-content\/uploads\/2020\/09\/P1160699-1024x586.jpg 1024w, https:\/\/www.lamennais.org\/wp-content\/uploads\/2020\/09\/P1160699-scaled-600x344.jpg 600w, https:\/\/www.lamennais.org\/wp-content\/uploads\/2020\/09\/P1160699-300x172.jpg 300w, https:\/\/www.lamennais.org\/wp-content\/uploads\/2020\/09\/P1160699-768x440.jpg 768w, https:\/\/www.lamennais.org\/wp-content\/uploads\/2020\/09\/P1160699-1536x880.jpg 1536w, https:\/\/www.lamennais.org\/wp-content\/uploads\/2020\/09\/P1160699-2048x1173.jpg 2048w, https:\/\/www.lamennais.org\/wp-content\/uploads\/2020\/09\/P1160699-260x149.jpg 260w\" sizes=\"(max-width: 860px) 100vw, 860px\" \/>The pastoral animation team also disappears. This responsibility is now carried out by the 7 members of the team, including Bernadette Petton, who is responsible for this task. Commissions will be set up for primary, secondary and high schools. The same goes for school life: the team shares the responsibility. The follow-up was done last year by Fran\u00e7ois P\u00e9ron. The latter pursues his mission for La Mennais Jeunesse and is now also involved in the service of the La Mennais Foundation.<\/p>\n<div id=\"attachment_26774\" style=\"width: 870px\" class=\"wp-caption alignleft\"><img loading=\"lazy\" decoding=\"async\" aria-describedby=\"caption-attachment-26774\" class=\"wp-image-26774 size-large\" src=\"https:\/\/www.lamennais.org\/wp-content\/uploads\/2020\/09\/P1160695-1024x609.jpg\" alt=\"\" width=\"860\" height=\"511\" srcset=\"https:\/\/www.lamennais.org\/wp-content\/uploads\/2020\/09\/P1160695-1024x609.jpg 1024w, https:\/\/www.lamennais.org\/wp-content\/uploads\/2020\/09\/P1160695-600x357.jpg 600w, https:\/\/www.lamennais.org\/wp-content\/uploads\/2020\/09\/P1160695-300x179.jpg 300w, https:\/\/www.lamennais.org\/wp-content\/uploads\/2020\/09\/P1160695-768x457.jpg 768w, https:\/\/www.lamennais.org\/wp-content\/uploads\/2020\/09\/P1160695-260x155.jpg 260w, https:\/\/www.lamennais.org\/wp-content\/uploads\/2020\/09\/P1160695.jpg 1457w\" sizes=\"(max-width: 860px) 100vw, 860px\" \/><p id=\"caption-attachment-26774\" class=\"wp-caption-text\"><em>Present in the office: the busts of Gabriel Deshayes and Jean-Marie de la Mennais, co-Founders of the Brothers.<\/em><\/p><\/div>\n<p>This work, which wants to focus on collective intelligence, also aims to seek new formators within the Network or outside and to strengthen the links with various actors: the gestion association members -Ogec &#8211; but also the Mennaisian Solidarity Association Assific, the Estival Association, etc. International links with other Mennaisian countries will also be encouraged.<\/p>\n<p>Another novelty is that new Head Teachers in the Network \u2013 less than a dozen \u2013 have a \u201csponsor\u201d \u2013 himself a Head Teacher \u2013 who will accompany them.<\/p>\n<p><strong>Two dates<\/strong> are also in focus: 400 young people from Primary to Higher Education are expected at Plo\u00ebrmel on 27 November to mark the Bicentenary of the foundation of the Congregation of the Brothers. Each institution will be represented by a team of 5 young people. Workshops, meetings, testimonies, songs are on the programme. Previously, the Head Teachers will meet on October 19 and 20 at the Mother House as well.<\/p>\n<p><strong>35,000 young people<\/strong>. While the figures of the new school year are being recorded, last year La Mennaisian France Network welcomed nearly 35,000 children and young people in 76 schools for a total of 2,630 teachers and 1,061 non -teaching members of staff.<\/p>\n<p><strong>Major projects.<\/strong> To be noted among the major projects underway in schools: the opening of the first level of\u00a0 Lyc\u00e9e on the site of St Joseph Secondary school in Savenay (44) in view of the opening on a new specific site of the new Lyc\u00e9e in the beginning of 2022, the redevelopment of St Jean-Ste Th\u00e9r\u00e8se school in Rennes (35) \u2013 classes and catering \u2013 and the construction of the cafeteria at the Lyc\u00e9e La Mennais in Plo\u00ebrmel (56).<\/p>\n","protected":false},"excerpt":{"rendered":"<p>Something new! The beginning of a School year is an opportunity to announce new things. This is the case for the Tutelle Team that accompanies the Schools of the La Mennais France Network. From Vannes, the 7 delegates and those in charge of a mission are now based at the Mother House. The dynamic is [&hellip;]<\/p>\n","protected":false},"author":3,"featured_media":26795,"comment_status":"closed","ping_status":"closed","sticky":false,"template":"","format":"standard","meta":{"footnotes":""},"categories":[104],"tags":[],"class_list":["post-26872","post","type-post","status-publish","format-standard","has-post-thumbnail","hentry","category-news"],"yoast_head":"<!-- This site is optimized with the Yoast SEO plugin v27.5 - https:\/\/yoast.com\/product\/yoast-seo-wordpress\/ -->\n<title>NEW ACADEMIC YEAR. Support and proximity. The Tutelle team of the 76 schools of La Mennais France Network moves to Plo\u00ebrmel - LaMennais.org<\/title>\n<meta name=\"robots\" content=\"index, follow, max-snippet:-1, max-image-preview:large, max-video-preview:-1\" \/>\n<link rel=\"canonical\" href=\"https:\/\/www.lamennais.org\/en\/new-academic-year-support-and-proximity-the-tutelle-team-of-the-76-schools-of-la-mennais-france-network-moves-to-ploermel\/\" \/>\n<meta property=\"og:locale\" content=\"en_US\" \/>\n<meta property=\"og:type\" content=\"article\" \/>\n<meta property=\"og:title\" content=\"NEW ACADEMIC YEAR. Support and proximity. The Tutelle team of the 76 schools of La Mennais France Network moves to Plo\u00ebrmel - LaMennais.org\" \/>\n<meta property=\"og:description\" content=\"Something new! The beginning of a School year is an opportunity to announce new things. This is the case for the Tutelle Team that accompanies the Schools of the La Mennais France Network. From Vannes, the 7 delegates and those in charge of a mission are now based at the Mother House. The dynamic is [&hellip;]\" \/>\n<meta property=\"og:url\" content=\"https:\/\/www.lamennais.org\/en\/new-academic-year-support-and-proximity-the-tutelle-team-of-the-76-schools-of-la-mennais-france-network-moves-to-ploermel\/\" \/>\n<meta property=\"og:site_name\" content=\"LaMennais.org\" \/>\n<meta property=\"article:published_time\" content=\"2020-09-03T11:49:59+00:00\" \/>\n<meta property=\"article:modified_time\" content=\"2024-07-15T09:08:11+00:00\" \/>\n<meta property=\"og:image\" content=\"https:\/\/www.lamennais.org\/wp-content\/uploads\/2020\/09\/P1160692-1-scaled-e1599380688765.jpg\" \/>\n\t<meta property=\"og:image:width\" content=\"2540\" \/>\n\t<meta property=\"og:image:height\" content=\"908\" \/>\n\t<meta property=\"og:image:type\" content=\"image\/jpeg\" \/>\n<meta name=\"author\" content=\"Herv\u00e9 Asse\" \/>\n<meta name=\"twitter:card\" content=\"summary_large_image\" \/>\n<meta name=\"twitter:label1\" content=\"Written by\" \/>\n\t<meta name=\"twitter:data1\" content=\"Herv\u00e9 Asse\" \/>\n\t<meta name=\"twitter:label2\" content=\"Est. reading time\" \/>\n\t<meta name=\"twitter:data2\" content=\"5 minutes\" \/>\n<script type=\"application\/ld+json\" class=\"yoast-schema-graph\">{\"@context\":\"https:\\\/\\\/schema.org\",\"@graph\":[{\"@type\":\"Article\",\"@id\":\"https:\\\/\\\/www.lamennais.org\\\/en\\\/new-academic-year-support-and-proximity-the-tutelle-team-of-the-76-schools-of-la-mennais-france-network-moves-to-ploermel\\\/#article\",\"isPartOf\":{\"@id\":\"https:\\\/\\\/www.lamennais.org\\\/en\\\/new-academic-year-support-and-proximity-the-tutelle-team-of-the-76-schools-of-la-mennais-france-network-moves-to-ploermel\\\/\"},\"author\":{\"name\":\"Herv\u00e9 Asse\",\"@id\":\"https:\\\/\\\/www.lamennais.org\\\/#\\\/schema\\\/person\\\/2a8d6e8a95babedd5ba1c43afd2e3844\"},\"headline\":\"NEW ACADEMIC YEAR. Support and proximity. The Tutelle team of the 76 schools of La Mennais France Network moves to Plo\u00ebrmel\",\"datePublished\":\"2020-09-03T11:49:59+00:00\",\"dateModified\":\"2024-07-15T09:08:11+00:00\",\"mainEntityOfPage\":{\"@id\":\"https:\\\/\\\/www.lamennais.org\\\/en\\\/new-academic-year-support-and-proximity-the-tutelle-team-of-the-76-schools-of-la-mennais-france-network-moves-to-ploermel\\\/\"},\"wordCount\":865,\"image\":{\"@id\":\"https:\\\/\\\/www.lamennais.org\\\/en\\\/new-academic-year-support-and-proximity-the-tutelle-team-of-the-76-schools-of-la-mennais-france-network-moves-to-ploermel\\\/#primaryimage\"},\"thumbnailUrl\":\"https:\\\/\\\/www.lamennais.org\\\/wp-content\\\/uploads\\\/2020\\\/09\\\/P1160692-1-scaled-e1599380688765.jpg\",\"articleSection\":[\"NEWS\"],\"inLanguage\":\"en-US\"},{\"@type\":\"WebPage\",\"@id\":\"https:\\\/\\\/www.lamennais.org\\\/en\\\/new-academic-year-support-and-proximity-the-tutelle-team-of-the-76-schools-of-la-mennais-france-network-moves-to-ploermel\\\/\",\"url\":\"https:\\\/\\\/www.lamennais.org\\\/en\\\/new-academic-year-support-and-proximity-the-tutelle-team-of-the-76-schools-of-la-mennais-france-network-moves-to-ploermel\\\/\",\"name\":\"NEW ACADEMIC YEAR. Support and proximity. The Tutelle team of the 76 schools of La Mennais France Network moves to Plo\u00ebrmel - LaMennais.org\",\"isPartOf\":{\"@id\":\"https:\\\/\\\/www.lamennais.org\\\/#website\"},\"primaryImageOfPage\":{\"@id\":\"https:\\\/\\\/www.lamennais.org\\\/en\\\/new-academic-year-support-and-proximity-the-tutelle-team-of-the-76-schools-of-la-mennais-france-network-moves-to-ploermel\\\/#primaryimage\"},\"image\":{\"@id\":\"https:\\\/\\\/www.lamennais.org\\\/en\\\/new-academic-year-support-and-proximity-the-tutelle-team-of-the-76-schools-of-la-mennais-france-network-moves-to-ploermel\\\/#primaryimage\"},\"thumbnailUrl\":\"https:\\\/\\\/www.lamennais.org\\\/wp-content\\\/uploads\\\/2020\\\/09\\\/P1160692-1-scaled-e1599380688765.jpg\",\"datePublished\":\"2020-09-03T11:49:59+00:00\",\"dateModified\":\"2024-07-15T09:08:11+00:00\",\"author\":{\"@id\":\"https:\\\/\\\/www.lamennais.org\\\/#\\\/schema\\\/person\\\/2a8d6e8a95babedd5ba1c43afd2e3844\"},\"breadcrumb\":{\"@id\":\"https:\\\/\\\/www.lamennais.org\\\/en\\\/new-academic-year-support-and-proximity-the-tutelle-team-of-the-76-schools-of-la-mennais-france-network-moves-to-ploermel\\\/#breadcrumb\"},\"inLanguage\":\"en-US\",\"potentialAction\":[{\"@type\":\"ReadAction\",\"target\":[\"https:\\\/\\\/www.lamennais.org\\\/en\\\/new-academic-year-support-and-proximity-the-tutelle-team-of-the-76-schools-of-la-mennais-france-network-moves-to-ploermel\\\/\"]}]},{\"@type\":\"ImageObject\",\"inLanguage\":\"en-US\",\"@id\":\"https:\\\/\\\/www.lamennais.org\\\/en\\\/new-academic-year-support-and-proximity-the-tutelle-team-of-the-76-schools-of-la-mennais-france-network-moves-to-ploermel\\\/#primaryimage\",\"url\":\"https:\\\/\\\/www.lamennais.org\\\/wp-content\\\/uploads\\\/2020\\\/09\\\/P1160692-1-scaled-e1599380688765.jpg\",\"contentUrl\":\"https:\\\/\\\/www.lamennais.org\\\/wp-content\\\/uploads\\\/2020\\\/09\\\/P1160692-1-scaled-e1599380688765.jpg\",\"width\":2540,\"height\":908},{\"@type\":\"BreadcrumbList\",\"@id\":\"https:\\\/\\\/www.lamennais.org\\\/en\\\/new-academic-year-support-and-proximity-the-tutelle-team-of-the-76-schools-of-la-mennais-france-network-moves-to-ploermel\\\/#breadcrumb\",\"itemListElement\":[{\"@type\":\"ListItem\",\"position\":1,\"name\":\"Accueil\",\"item\":\"https:\\\/\\\/www.lamennais.org\\\/\"},{\"@type\":\"ListItem\",\"position\":2,\"name\":\"NEW ACADEMIC YEAR. Support and proximity. The Tutelle team of the 76 schools of La Mennais France Network moves to Plo\u00ebrmel\"}]},{\"@type\":\"WebSite\",\"@id\":\"https:\\\/\\\/www.lamennais.org\\\/#website\",\"url\":\"https:\\\/\\\/www.lamennais.org\\\/\",\"name\":\"LaMennais.org\",\"description\":\"Fr\u00e8res de l&#039;Instruction Chr\u00e9tienne et Famille Mennaisienne\",\"potentialAction\":[{\"@type\":\"SearchAction\",\"target\":{\"@type\":\"EntryPoint\",\"urlTemplate\":\"https:\\\/\\\/www.lamennais.org\\\/?s={search_term_string}\"},\"query-input\":{\"@type\":\"PropertyValueSpecification\",\"valueRequired\":true,\"valueName\":\"search_term_string\"}}],\"inLanguage\":\"en-US\"},{\"@type\":\"Person\",\"@id\":\"https:\\\/\\\/www.lamennais.org\\\/#\\\/schema\\\/person\\\/2a8d6e8a95babedd5ba1c43afd2e3844\",\"name\":\"Herv\u00e9 Asse\",\"image\":{\"@type\":\"ImageObject\",\"inLanguage\":\"en-US\",\"@id\":\"https:\\\/\\\/secure.gravatar.com\\\/avatar\\\/1aaa7b1baf759c8b40525f40af381cbaa2b0ddd554f57145bceb0654ba45b4c0?s=96&d=mm&r=g\",\"url\":\"https:\\\/\\\/secure.gravatar.com\\\/avatar\\\/1aaa7b1baf759c8b40525f40af381cbaa2b0ddd554f57145bceb0654ba45b4c0?s=96&d=mm&r=g\",\"contentUrl\":\"https:\\\/\\\/secure.gravatar.com\\\/avatar\\\/1aaa7b1baf759c8b40525f40af381cbaa2b0ddd554f57145bceb0654ba45b4c0?s=96&d=mm&r=g\",\"caption\":\"Herv\u00e9 Asse\"}}]}<\/script>\n<!-- \/ Yoast SEO plugin. -->","yoast_head_json":{"title":"NEW ACADEMIC YEAR. Support and proximity. The Tutelle team of the 76 schools of La Mennais France Network moves to Plo\u00ebrmel - LaMennais.org","robots":{"index":"index","follow":"follow","max-snippet":"max-snippet:-1","max-image-preview":"max-image-preview:large","max-video-preview":"max-video-preview:-1"},"canonical":"https:\/\/www.lamennais.org\/en\/new-academic-year-support-and-proximity-the-tutelle-team-of-the-76-schools-of-la-mennais-france-network-moves-to-ploermel\/","og_locale":"en_US","og_type":"article","og_title":"NEW ACADEMIC YEAR. Support and proximity. The Tutelle team of the 76 schools of La Mennais France Network moves to Plo\u00ebrmel - LaMennais.org","og_description":"Something new! The beginning of a School year is an opportunity to announce new things. This is the case for the Tutelle Team that accompanies the Schools of the La Mennais France Network. From Vannes, the 7 delegates and those in charge of a mission are now based at the Mother House. The dynamic is [&hellip;]","og_url":"https:\/\/www.lamennais.org\/en\/new-academic-year-support-and-proximity-the-tutelle-team-of-the-76-schools-of-la-mennais-france-network-moves-to-ploermel\/","og_site_name":"LaMennais.org","article_published_time":"2020-09-03T11:49:59+00:00","article_modified_time":"2024-07-15T09:08:11+00:00","og_image":[{"width":2540,"height":908,"url":"https:\/\/www.lamennais.org\/wp-content\/uploads\/2020\/09\/P1160692-1-scaled-e1599380688765.jpg","type":"image\/jpeg"}],"author":"Herv\u00e9 Asse","twitter_card":"summary_large_image","twitter_misc":{"Written by":"Herv\u00e9 Asse","Est. reading time":"5 minutes"},"schema":{"@context":"https:\/\/schema.org","@graph":[{"@type":"Article","@id":"https:\/\/www.lamennais.org\/en\/new-academic-year-support-and-proximity-the-tutelle-team-of-the-76-schools-of-la-mennais-france-network-moves-to-ploermel\/#article","isPartOf":{"@id":"https:\/\/www.lamennais.org\/en\/new-academic-year-support-and-proximity-the-tutelle-team-of-the-76-schools-of-la-mennais-france-network-moves-to-ploermel\/"},"author":{"name":"Herv\u00e9 Asse","@id":"https:\/\/www.lamennais.org\/#\/schema\/person\/2a8d6e8a95babedd5ba1c43afd2e3844"},"headline":"NEW ACADEMIC YEAR. Support and proximity. The Tutelle team of the 76 schools of La Mennais France Network moves to Plo\u00ebrmel","datePublished":"2020-09-03T11:49:59+00:00","dateModified":"2024-07-15T09:08:11+00:00","mainEntityOfPage":{"@id":"https:\/\/www.lamennais.org\/en\/new-academic-year-support-and-proximity-the-tutelle-team-of-the-76-schools-of-la-mennais-france-network-moves-to-ploermel\/"},"wordCount":865,"image":{"@id":"https:\/\/www.lamennais.org\/en\/new-academic-year-support-and-proximity-the-tutelle-team-of-the-76-schools-of-la-mennais-france-network-moves-to-ploermel\/#primaryimage"},"thumbnailUrl":"https:\/\/www.lamennais.org\/wp-content\/uploads\/2020\/09\/P1160692-1-scaled-e1599380688765.jpg","articleSection":["NEWS"],"inLanguage":"en-US"},{"@type":"WebPage","@id":"https:\/\/www.lamennais.org\/en\/new-academic-year-support-and-proximity-the-tutelle-team-of-the-76-schools-of-la-mennais-france-network-moves-to-ploermel\/","url":"https:\/\/www.lamennais.org\/en\/new-academic-year-support-and-proximity-the-tutelle-team-of-the-76-schools-of-la-mennais-france-network-moves-to-ploermel\/","name":"NEW ACADEMIC YEAR. Support and proximity. The Tutelle team of the 76 schools of La Mennais France Network moves to Plo\u00ebrmel - LaMennais.org","isPartOf":{"@id":"https:\/\/www.lamennais.org\/#website"},"primaryImageOfPage":{"@id":"https:\/\/www.lamennais.org\/en\/new-academic-year-support-and-proximity-the-tutelle-team-of-the-76-schools-of-la-mennais-france-network-moves-to-ploermel\/#primaryimage"},"image":{"@id":"https:\/\/www.lamennais.org\/en\/new-academic-year-support-and-proximity-the-tutelle-team-of-the-76-schools-of-la-mennais-france-network-moves-to-ploermel\/#primaryimage"},"thumbnailUrl":"https:\/\/www.lamennais.org\/wp-content\/uploads\/2020\/09\/P1160692-1-scaled-e1599380688765.jpg","datePublished":"2020-09-03T11:49:59+00:00","dateModified":"2024-07-15T09:08:11+00:00","author":{"@id":"https:\/\/www.lamennais.org\/#\/schema\/person\/2a8d6e8a95babedd5ba1c43afd2e3844"},"breadcrumb":{"@id":"https:\/\/www.lamennais.org\/en\/new-academic-year-support-and-proximity-the-tutelle-team-of-the-76-schools-of-la-mennais-france-network-moves-to-ploermel\/#breadcrumb"},"inLanguage":"en-US","potentialAction":[{"@type":"ReadAction","target":["https:\/\/www.lamennais.org\/en\/new-academic-year-support-and-proximity-the-tutelle-team-of-the-76-schools-of-la-mennais-france-network-moves-to-ploermel\/"]}]},{"@type":"ImageObject","inLanguage":"en-US","@id":"https:\/\/www.lamennais.org\/en\/new-academic-year-support-and-proximity-the-tutelle-team-of-the-76-schools-of-la-mennais-france-network-moves-to-ploermel\/#primaryimage","url":"https:\/\/www.lamennais.org\/wp-content\/uploads\/2020\/09\/P1160692-1-scaled-e1599380688765.jpg","contentUrl":"https:\/\/www.lamennais.org\/wp-content\/uploads\/2020\/09\/P1160692-1-scaled-e1599380688765.jpg","width":2540,"height":908},{"@type":"BreadcrumbList","@id":"https:\/\/www.lamennais.org\/en\/new-academic-year-support-and-proximity-the-tutelle-team-of-the-76-schools-of-la-mennais-france-network-moves-to-ploermel\/#breadcrumb","itemListElement":[{"@type":"ListItem","position":1,"name":"Accueil","item":"https:\/\/www.lamennais.org\/"},{"@type":"ListItem","position":2,"name":"NEW ACADEMIC YEAR. Support and proximity. The Tutelle team of the 76 schools of La Mennais France Network moves to Plo\u00ebrmel"}]},{"@type":"WebSite","@id":"https:\/\/www.lamennais.org\/#website","url":"https:\/\/www.lamennais.org\/","name":"LaMennais.org","description":"Fr\u00e8res de l&#039;Instruction Chr\u00e9tienne et Famille Mennaisienne","potentialAction":[{"@type":"SearchAction","target":{"@type":"EntryPoint","urlTemplate":"https:\/\/www.lamennais.org\/?s={search_term_string}"},"query-input":{"@type":"PropertyValueSpecification","valueRequired":true,"valueName":"search_term_string"}}],"inLanguage":"en-US"},{"@type":"Person","@id":"https:\/\/www.lamennais.org\/#\/schema\/person\/2a8d6e8a95babedd5ba1c43afd2e3844","name":"Herv\u00e9 Asse","image":{"@type":"ImageObject","inLanguage":"en-US","@id":"https:\/\/secure.gravatar.com\/avatar\/1aaa7b1baf759c8b40525f40af381cbaa2b0ddd554f57145bceb0654ba45b4c0?s=96&d=mm&r=g","url":"https:\/\/secure.gravatar.com\/avatar\/1aaa7b1baf759c8b40525f40af381cbaa2b0ddd554f57145bceb0654ba45b4c0?s=96&d=mm&r=g","contentUrl":"https:\/\/secure.gravatar.com\/avatar\/1aaa7b1baf759c8b40525f40af381cbaa2b0ddd554f57145bceb0654ba45b4c0?s=96&d=mm&r=g","caption":"Herv\u00e9 Asse"}}]}},"_links":{"self":[{"href":"https:\/\/www.lamennais.org\/en\/wp-json\/wp\/v2\/posts\/26872","targetHints":{"allow":["GET"]}}],"collection":[{"href":"https:\/\/www.lamennais.org\/en\/wp-json\/wp\/v2\/posts"}],"about":[{"href":"https:\/\/www.lamennais.org\/en\/wp-json\/wp\/v2\/types\/post"}],"author":[{"embeddable":true,"href":"https:\/\/www.lamennais.org\/en\/wp-json\/wp\/v2\/users\/3"}],"replies":[{"embeddable":true,"href":"https:\/\/www.lamennais.org\/en\/wp-json\/wp\/v2\/comments?post=26872"}],"version-history":[{"count":2,"href":"https:\/\/www.lamennais.org\/en\/wp-json\/wp\/v2\/posts\/26872\/revisions"}],"predecessor-version":[{"id":41495,"href":"https:\/\/www.lamennais.org\/en\/wp-json\/wp\/v2\/posts\/26872\/revisions\/41495"}],"wp:featuredmedia":[{"embeddable":true,"href":"https:\/\/www.lamennais.org\/en\/wp-json\/wp\/v2\/media\/26795"}],"wp:attachment":[{"href":"https:\/\/www.lamennais.org\/en\/wp-json\/wp\/v2\/media?parent=26872"}],"wp:term":[{"taxonomy":"category","embeddable":true,"href":"https:\/\/www.lamennais.org\/en\/wp-json\/wp\/v2\/categories?post=26872"},{"taxonomy":"post_tag","embeddable":true,"href":"https:\/\/www.lamennais.org\/en\/wp-json\/wp\/v2\/tags?post=26872"}],"curies":[{"name":"wp","href":"https:\/\/api.w.org\/{rel}","templated":true}]}}