{"id":25945,"date":"2020-04-06T18:12:17","date_gmt":"2020-04-06T16:12:17","guid":{"rendered":"http:\/\/www.lamennais.org\/?p=25945"},"modified":"2020-04-07T16:28:22","modified_gmt":"2020-04-07T14:28:22","slug":"holy-week-7-days-at-the-rhythm-of-the-world-and-the-mennaisian-family","status":"publish","type":"post","link":"https:\/\/www.lamennais.org\/en\/holy-week-7-days-at-the-rhythm-of-the-world-and-the-mennaisian-family\/","title":{"rendered":"HOLY WEEK. 7 days at the rhythm of the world and the Mennaisian Family"},"content":{"rendered":"<h2><strong>Monday. Listening and singing<\/strong><\/h2>\n<p>Calm down. Less noise. A reduction in pollution. More time to listen one anther or to listen and watch. To compose too.<\/p>\n<div id=\"attachment_25866\" style=\"width: 761px\" class=\"wp-caption alignleft\"><img fetchpriority=\"high\" decoding=\"async\" aria-describedby=\"caption-attachment-25866\" class=\"wp-image-25866 \" src=\"http:\/\/www.lamennais.org\/wp-content\/uploads\/2020\/04\/Capture-49.jpg\" alt=\"\" width=\"751\" height=\"395\" srcset=\"https:\/\/www.lamennais.org\/wp-content\/uploads\/2020\/04\/Capture-49.jpg 792w, https:\/\/www.lamennais.org\/wp-content\/uploads\/2020\/04\/Capture-49-600x315.jpg 600w, https:\/\/www.lamennais.org\/wp-content\/uploads\/2020\/04\/Capture-49-300x158.jpg 300w, https:\/\/www.lamennais.org\/wp-content\/uploads\/2020\/04\/Capture-49-768x403.jpg 768w, https:\/\/www.lamennais.org\/wp-content\/uploads\/2020\/04\/Capture-49-260x137.jpg 260w\" sizes=\"(max-width: 751px) 100vw, 751px\" \/><p id=\"caption-attachment-25866\" class=\"wp-caption-text\"><em>Bro James Hayes offers a series of videos to listen to and sing\u2026<\/em><\/p><\/div>\n<p>Let\u2019s have a chance to listen to Bro James Hayes, who has already made 10 music videos in a series called \u201cCovideo Sessions\u201d<\/p>\n<p><a href=\"https:\/\/www.youtube.com\/channel\/UCrHInFWvLaj6jX78_eZ8Ojg\/\" target=\"_blank\" rel=\"noopener noreferrer\">https:\/\/www.youtube.com\/channel\/UCrHInFWvLaj6jX78_eZ8Ojg\/<\/a><\/p>\n<p>In this period of confinement, the Terminal Class of the CED St. Joseph of Taiohae, in Marquises Islands lets you discover the trailer of their film HAA HUA ITE TUMU, a film written and directed by the students\u2026<\/p>\n<div class=\"video-container\">\n<div id=\"fb-root\"><\/div>\n<p><script async=\"1\" defer=\"1\" crossorigin=\"anonymous\" src=\"https:\/\/connect.facebook.net\/fr_FR\/sdk.js#xfbml=1&amp;version=v6.0\"><\/script><\/p>\n<div class=\"fb-video\" data-href=\"https:\/\/www.facebook.com\/CEDStJoseph\/videos\/205012400775117\/?v=205012400775117\" data-width=\"860\">\n<blockquote cite=\"https:\/\/www.facebook.com\/CEDStJoseph\/videos\/205012400775117\/\" class=\"fb-xfbml-parse-ignore\"><p><a href=\"https:\/\/www.facebook.com\/CEDStJoseph\/videos\/205012400775117\/\"><\/a><\/p>\n<p>En cette p\u00e9riode confin\u00e9e, la classe de Terminale vous laisse d\u00e9couvrir la bande annonce de leur film HAA HUA ITE TUMU, un film \u00e9crit et r\u00e9alis\u00e9 par les \u00e9l\u00e8ves&#8230; Nous en profitons pour remercier \u00e0 nouveau Patiri pour son aide \u00e0 l&#039;adaptation des dialogues en Eo Enana, et toutes les personnes qui nous ont pr\u00eat\u00e9 des costumes&#8230;. Vaieinui \u0101tou paotu<\/p>\n<p>Publi\u00e9e par <a href=\"https:\/\/www.facebook.com\/CEDStJoseph\/\">Ced St Joseph Taiohae<\/a> sur Lundi 23 mars 2020<\/p><\/blockquote>\n<\/div>\n<\/div>\n<p>The St Martin Secondary School of Pontch\u00e2teau, France, offers a little softness in music. If you miss the voices of our students, you can listen to this recording of Van Joyce\u2019s song, <em>Riptide<\/em>, directed by their music teacher, Mrs Foug\u00e8re, and with the students of the school choir group on 12<sup>th<\/sup> March. Rosa Erasmus our student, accompanies them on the ukulele, Owen Pri\u00e9 on guitar, Evan Bernu and Tifenn Douet on percussion.\u201d<\/p>\n<p><a href=\"https:\/\/stmartin-pontchateau.loire-atlantique.e-lyco.fr\/wp-content\/uploads\/sites\/47\/2020\/04\/Riptide_Chorale_12_mars.mp3\" target=\"_blank\" rel=\"noopener noreferrer\">\u00ab Riptide_Chorale_12_mars \u00bb<\/a><\/p>\n<h2><strong>Tuesday. Reading, writing, learning<\/strong><\/h2>\n<p>Many are at work in remote classes, via video or email addresses. Some others are on vacation.<\/p>\n<p>Many are waiting to be reunited with their friends, their class, their teachers.<\/p>\n<p>Some live a mini-school at home together with their parents. Others start writing or follow their personal book. Many also devour books and experience the pleasure of learning.<\/p>\n<div id=\"attachment_25863\" style=\"width: 522px\" class=\"wp-caption aligncenter\"><img decoding=\"async\" aria-describedby=\"caption-attachment-25863\" class=\"wp-image-25863 size-full\" src=\"http:\/\/www.lamennais.org\/wp-content\/uploads\/2020\/04\/Capture-55.jpg\" alt=\"\" width=\"512\" height=\"298\" \/><p id=\"caption-attachment-25863\" class=\"wp-caption-text\"><em>Video of the Colegio Menesiano in Madrid, Spain.<\/em><\/p><\/div>\n<p><img decoding=\"async\" class=\"alignleft size-full wp-image-25872\" src=\"http:\/\/www.lamennais.org\/wp-content\/uploads\/2020\/04\/Capture-52.jpg\" alt=\"\" width=\"878\" height=\"458\" srcset=\"https:\/\/www.lamennais.org\/wp-content\/uploads\/2020\/04\/Capture-52.jpg 878w, https:\/\/www.lamennais.org\/wp-content\/uploads\/2020\/04\/Capture-52-600x313.jpg 600w, https:\/\/www.lamennais.org\/wp-content\/uploads\/2020\/04\/Capture-52-300x156.jpg 300w, https:\/\/www.lamennais.org\/wp-content\/uploads\/2020\/04\/Capture-52-768x401.jpg 768w, https:\/\/www.lamennais.org\/wp-content\/uploads\/2020\/04\/Capture-52-260x136.jpg 260w\" sizes=\"(max-width: 878px) 100vw, 878px\" \/><\/p>\n<p>Many teachers remain connected with the students and also prepare new courses and continue with their own formation. Many are investing in new technologies.<\/p>\n<p><a href=\"https:\/\/www.menesianomadrid.com\/es\/noticias\/item\/2795-educacion-a-distancia-educacion-a-distancia.html\" target=\"_blank\" rel=\"noopener noreferrer\">https:\/\/www.menesianomadrid.com\/es\/noticias\/item\/2795-educacion-a-distancia-educacion-a-distancia.html<\/a><\/p>\n<div id=\"attachment_25896\" style=\"width: 870px\" class=\"wp-caption alignleft\"><img loading=\"lazy\" decoding=\"async\" aria-describedby=\"caption-attachment-25896\" class=\"wp-image-25896 size-large\" src=\"http:\/\/www.lamennais.org\/wp-content\/uploads\/2020\/04\/IMG-0993-1024x720.jpg\" alt=\"\" width=\"860\" height=\"605\" srcset=\"https:\/\/www.lamennais.org\/wp-content\/uploads\/2020\/04\/IMG-0993-1024x720.jpg 1024w, https:\/\/www.lamennais.org\/wp-content\/uploads\/2020\/04\/IMG-0993-600x422.jpg 600w, https:\/\/www.lamennais.org\/wp-content\/uploads\/2020\/04\/IMG-0993-300x211.jpg 300w, https:\/\/www.lamennais.org\/wp-content\/uploads\/2020\/04\/IMG-0993-768x540.jpg 768w, https:\/\/www.lamennais.org\/wp-content\/uploads\/2020\/04\/IMG-0993-1536x1080.jpg 1536w, https:\/\/www.lamennais.org\/wp-content\/uploads\/2020\/04\/IMG-0993-2048x1440.jpg 2048w, https:\/\/www.lamennais.org\/wp-content\/uploads\/2020\/04\/IMG-0993-260x183.jpg 260w\" sizes=\"(max-width: 860px) 100vw, 860px\" \/><p id=\"caption-attachment-25896\" class=\"wp-caption-text\"><em>Bro Ewald Warrior in Huatusco, Mexico<\/em><\/p><\/div>\n<h2><strong><br \/>\nWednesday. <\/strong><strong>Transforming<\/strong><\/h2>\n<p>Sorting. Arranging. Building. Restoring. Crafting. Preparing. Cooking.<\/p>\n<div id=\"attachment_25905\" style=\"width: 870px\" class=\"wp-caption alignleft\"><img loading=\"lazy\" decoding=\"async\" aria-describedby=\"caption-attachment-25905\" class=\"wp-image-25905 size-large\" src=\"http:\/\/www.lamennais.org\/wp-content\/uploads\/2020\/04\/Timau-ct\u00e9-10-1024x729.jpg\" alt=\"\" width=\"860\" height=\"612\" srcset=\"https:\/\/www.lamennais.org\/wp-content\/uploads\/2020\/04\/Timau-ct\u00e9-10-1024x729.jpg 1024w, https:\/\/www.lamennais.org\/wp-content\/uploads\/2020\/04\/Timau-ct\u00e9-10-scaled-600x427.jpg 600w, https:\/\/www.lamennais.org\/wp-content\/uploads\/2020\/04\/Timau-ct\u00e9-10-300x213.jpg 300w, https:\/\/www.lamennais.org\/wp-content\/uploads\/2020\/04\/Timau-ct\u00e9-10-768x547.jpg 768w, https:\/\/www.lamennais.org\/wp-content\/uploads\/2020\/04\/Timau-ct\u00e9-10-1536x1093.jpg 1536w, https:\/\/www.lamennais.org\/wp-content\/uploads\/2020\/04\/Timau-ct\u00e9-10-2048x1457.jpg 2048w, https:\/\/www.lamennais.org\/wp-content\/uploads\/2020\/04\/Timau-ct\u00e9-10-260x185.jpg 260w\" sizes=\"(max-width: 860px) 100vw, 860px\" \/><p id=\"caption-attachment-25905\" class=\"wp-caption-text\"><em>On the site of the new school of TIMAU-NANYUKI (KENYA), the Bros Anthony Kithinji Provincial of St Michel the Archangel Province\u00a0 (Tanzania-Kenya), Fidelis Kisakeni Provincial Treasurer and his Deputy Bro Galison Wafula, and Bro Eric Mwithiga of the Meru community with Bro Daniel Briant, General Treasurer.<\/em><\/p><\/div>\n<p>A school without children is special. It is waiting, getting ready. It knows its life is slowing down.<\/p>\n<div id=\"attachment_25908\" style=\"width: 978px\" class=\"wp-caption alignleft\"><img loading=\"lazy\" decoding=\"async\" aria-describedby=\"caption-attachment-25908\" class=\"wp-image-25908 size-full\" src=\"http:\/\/www.lamennais.org\/wp-content\/uploads\/2020\/04\/VUE-SUR-2-BATIMENTS-POUR-PAGE-ACCUEIL.jpg\" alt=\"\" width=\"968\" height=\"370\" srcset=\"https:\/\/www.lamennais.org\/wp-content\/uploads\/2020\/04\/VUE-SUR-2-BATIMENTS-POUR-PAGE-ACCUEIL.jpg 968w, https:\/\/www.lamennais.org\/wp-content\/uploads\/2020\/04\/VUE-SUR-2-BATIMENTS-POUR-PAGE-ACCUEIL-600x229.jpg 600w, https:\/\/www.lamennais.org\/wp-content\/uploads\/2020\/04\/VUE-SUR-2-BATIMENTS-POUR-PAGE-ACCUEIL-300x115.jpg 300w, https:\/\/www.lamennais.org\/wp-content\/uploads\/2020\/04\/VUE-SUR-2-BATIMENTS-POUR-PAGE-ACCUEIL-768x294.jpg 768w, https:\/\/www.lamennais.org\/wp-content\/uploads\/2020\/04\/VUE-SUR-2-BATIMENTS-POUR-PAGE-ACCUEIL-260x99.jpg 260w\" sizes=\"(max-width: 968px) 100vw, 968px\" \/><p id=\"caption-attachment-25908\" class=\"wp-caption-text\"><em>St Joseph\u2019s College in Cancale, France<\/em><\/p><\/div>\n<p>Work is under way in several Schools and educational Centres whenever possible, depending on the situation.<\/p>\n<div id=\"attachment_25890\" style=\"width: 870px\" class=\"wp-caption alignleft\"><img loading=\"lazy\" decoding=\"async\" aria-describedby=\"caption-attachment-25890\" class=\"wp-image-25890 size-large\" src=\"http:\/\/www.lamennais.org\/wp-content\/uploads\/2020\/04\/IMG-0984-1024x695.jpg\" alt=\"\" width=\"860\" height=\"584\" srcset=\"https:\/\/www.lamennais.org\/wp-content\/uploads\/2020\/04\/IMG-0984-1024x695.jpg 1024w, https:\/\/www.lamennais.org\/wp-content\/uploads\/2020\/04\/IMG-0984-scaled-600x407.jpg 600w, https:\/\/www.lamennais.org\/wp-content\/uploads\/2020\/04\/IMG-0984-300x204.jpg 300w, https:\/\/www.lamennais.org\/wp-content\/uploads\/2020\/04\/IMG-0984-768x521.jpg 768w, https:\/\/www.lamennais.org\/wp-content\/uploads\/2020\/04\/IMG-0984-1536x1043.jpg 1536w, https:\/\/www.lamennais.org\/wp-content\/uploads\/2020\/04\/IMG-0984-2048x1390.jpg 2048w, https:\/\/www.lamennais.org\/wp-content\/uploads\/2020\/04\/IMG-0984-260x176.jpg 260w\" sizes=\"(max-width: 860px) 100vw, 860px\" \/><p id=\"caption-attachment-25890\" class=\"wp-caption-text\"><em>At the St John Paul II Centre in Huatusco, Mexico. Bro Mario Couture in action.<\/em><\/p><\/div>\n<div id=\"attachment_25851\" style=\"width: 856px\" class=\"wp-caption alignleft\"><img loading=\"lazy\" decoding=\"async\" aria-describedby=\"caption-attachment-25851\" class=\"wp-image-25851 size-full\" src=\"http:\/\/www.lamennais.org\/wp-content\/uploads\/2020\/04\/92351249_155691439244630_8703906505591619584_o.jpg\" alt=\"\" width=\"846\" height=\"532\" srcset=\"https:\/\/www.lamennais.org\/wp-content\/uploads\/2020\/04\/92351249_155691439244630_8703906505591619584_o.jpg 846w, https:\/\/www.lamennais.org\/wp-content\/uploads\/2020\/04\/92351249_155691439244630_8703906505591619584_o-600x377.jpg 600w, https:\/\/www.lamennais.org\/wp-content\/uploads\/2020\/04\/92351249_155691439244630_8703906505591619584_o-300x189.jpg 300w, https:\/\/www.lamennais.org\/wp-content\/uploads\/2020\/04\/92351249_155691439244630_8703906505591619584_o-768x483.jpg 768w, https:\/\/www.lamennais.org\/wp-content\/uploads\/2020\/04\/92351249_155691439244630_8703906505591619584_o-260x163.jpg 260w\" sizes=\"(max-width: 846px) 100vw, 846px\" \/><p id=\"caption-attachment-25851\" class=\"wp-caption-text\"><em>Sharing via computer during a Mennaisian tea time proposed by the Community of Rennes, France.<\/em><\/p><\/div>\n<div id=\"attachment_25881\" style=\"width: 646px\" class=\"wp-caption alignleft\"><img loading=\"lazy\" decoding=\"async\" aria-describedby=\"caption-attachment-25881\" class=\"wp-image-25881 size-full\" src=\"http:\/\/www.lamennais.org\/wp-content\/uploads\/2020\/04\/Capture-66.jpg\" alt=\"\" width=\"636\" height=\"289\" srcset=\"https:\/\/www.lamennais.org\/wp-content\/uploads\/2020\/04\/Capture-66.jpg 636w, https:\/\/www.lamennais.org\/wp-content\/uploads\/2020\/04\/Capture-66-600x273.jpg 600w, https:\/\/www.lamennais.org\/wp-content\/uploads\/2020\/04\/Capture-66-300x136.jpg 300w, https:\/\/www.lamennais.org\/wp-content\/uploads\/2020\/04\/Capture-66-260x118.jpg 260w\" sizes=\"(max-width: 636px) 100vw, 636px\" \/><p id=\"caption-attachment-25881\" class=\"wp-caption-text\"><em> HENRY\u2019S COLLEGE, KITOVU Uganda<\/em><\/p><\/div>\n<h2><strong><br \/>\nThursday. <\/strong><strong>Walking to the cross<\/strong><\/h2>\n<p>Since the beginning of the Covid 19 pandemic, the Congregation and especially the Province Nuestra Se\u00f1ora del Pilar has lost 7 Brothers of the communities of Bilbao, Berrio-Ochoa.<\/p>\n<div id=\"attachment_25911\" style=\"width: 728px\" class=\"wp-caption alignleft\"><img loading=\"lazy\" decoding=\"async\" aria-describedby=\"caption-attachment-25911\" class=\"wp-image-25911 \" src=\"http:\/\/www.lamennais.org\/wp-content\/uploads\/2020\/04\/Capture-44.jpg\" alt=\"\" width=\"718\" height=\"516\" srcset=\"https:\/\/www.lamennais.org\/wp-content\/uploads\/2020\/04\/Capture-44.jpg 617w, https:\/\/www.lamennais.org\/wp-content\/uploads\/2020\/04\/Capture-44-600x432.jpg 600w, https:\/\/www.lamennais.org\/wp-content\/uploads\/2020\/04\/Capture-44-300x216.jpg 300w, https:\/\/www.lamennais.org\/wp-content\/uploads\/2020\/04\/Capture-44-260x187.jpg 260w\" sizes=\"(max-width: 718px) 100vw, 718px\" \/><p id=\"caption-attachment-25911\" class=\"wp-caption-text\"><em>Bro Miguel-\u00c1ngel ROM\u00c1N, died on 5 April in Bilbao.<\/em><\/p><\/div>\n<div id=\"attachment_25914\" style=\"width: 638px\" class=\"wp-caption alignleft\"><img loading=\"lazy\" decoding=\"async\" aria-describedby=\"caption-attachment-25914\" class=\"wp-image-25914 size-full\" src=\"http:\/\/www.lamennais.org\/wp-content\/uploads\/2020\/04\/Capture.jpg\" alt=\"\" width=\"628\" height=\"587\" srcset=\"https:\/\/www.lamennais.org\/wp-content\/uploads\/2020\/04\/Capture.jpg 628w, https:\/\/www.lamennais.org\/wp-content\/uploads\/2020\/04\/Capture-600x561.jpg 600w, https:\/\/www.lamennais.org\/wp-content\/uploads\/2020\/04\/Capture-300x280.jpg 300w, https:\/\/www.lamennais.org\/wp-content\/uploads\/2020\/04\/Capture-260x243.jpg 260w\" sizes=\"(max-width: 628px) 100vw, 628px\" \/><p id=\"caption-attachment-25914\" class=\"wp-caption-text\"><em>The 6 Brothers of the community of the Infirmary of Bilbao, died between 22<sup>nd<\/sup> \u00a0and 30<sup>th<\/sup> \u00a0March.<\/em><\/p><\/div>\n<p>We entrust them to the Virgin Mary and all the families and educational teams of La Mennais Schools in the world affected by this health crisis.<\/p>\n<p>We also entrust all children exploited by work or victims of violence and war.<\/p>\n<h2><strong>Friday. Meditating and praying<\/strong><\/h2>\n<p>Many of us experience situations of suffering, illness, tension and fear.<\/p>\n<p>Getting through the night.<\/p>\n<p>We can be connected to a parish, a community, a diocese, a country by internet links or TV.<\/p>\n<p><a href=\"https:\/\/www.facebook.com\/guillermo.davila.142\" target=\"_blank\" rel=\"noopener noreferrer\">https:\/\/www.facebook.com\/guillermo.davila.142<\/a><\/p>\n<div id=\"attachment_25869\" style=\"width: 828px\" class=\"wp-caption alignleft\"><img loading=\"lazy\" decoding=\"async\" aria-describedby=\"caption-attachment-25869\" class=\"wp-image-25869 size-full\" src=\"http:\/\/www.lamennais.org\/wp-content\/uploads\/2020\/04\/Capture-51.jpg\" alt=\"\" width=\"818\" height=\"485\" srcset=\"https:\/\/www.lamennais.org\/wp-content\/uploads\/2020\/04\/Capture-51.jpg 818w, https:\/\/www.lamennais.org\/wp-content\/uploads\/2020\/04\/Capture-51-600x356.jpg 600w, https:\/\/www.lamennais.org\/wp-content\/uploads\/2020\/04\/Capture-51-300x178.jpg 300w, https:\/\/www.lamennais.org\/wp-content\/uploads\/2020\/04\/Capture-51-768x455.jpg 768w, https:\/\/www.lamennais.org\/wp-content\/uploads\/2020\/04\/Capture-51-260x154.jpg 260w\" sizes=\"(max-width: 818px) 100vw, 818px\" \/><p id=\"caption-attachment-25869\" class=\"wp-caption-text\"><em>Celebration at the community of Walsh University, Canton, USA.<\/em><\/p><\/div>\n<div id=\"attachment_25848\" style=\"width: 970px\" class=\"wp-caption alignleft\"><img loading=\"lazy\" decoding=\"async\" aria-describedby=\"caption-attachment-25848\" class=\"wp-image-25848 size-full\" src=\"http:\/\/www.lamennais.org\/wp-content\/uploads\/2020\/04\/92133248_155690939244680_9157122432601948160_o.jpg\" alt=\"\" width=\"960\" height=\"605\" srcset=\"https:\/\/www.lamennais.org\/wp-content\/uploads\/2020\/04\/92133248_155690939244680_9157122432601948160_o.jpg 960w, https:\/\/www.lamennais.org\/wp-content\/uploads\/2020\/04\/92133248_155690939244680_9157122432601948160_o-600x378.jpg 600w, https:\/\/www.lamennais.org\/wp-content\/uploads\/2020\/04\/92133248_155690939244680_9157122432601948160_o-300x189.jpg 300w, https:\/\/www.lamennais.org\/wp-content\/uploads\/2020\/04\/92133248_155690939244680_9157122432601948160_o-768x484.jpg 768w, https:\/\/www.lamennais.org\/wp-content\/uploads\/2020\/04\/92133248_155690939244680_9157122432601948160_o-260x164.jpg 260w\" sizes=\"(max-width: 960px) 100vw, 960px\" \/><p id=\"caption-attachment-25848\" class=\"wp-caption-text\"><em>Entrusting the intentions of one anther to the prayer of a community. Here, the community of 49 in Rennes, France.<\/em><\/p><\/div>\n<div id=\"attachment_25887\" style=\"width: 857px\" class=\"wp-caption alignleft\"><img loading=\"lazy\" decoding=\"async\" aria-describedby=\"caption-attachment-25887\" class=\"wp-image-25887 size-full\" src=\"http:\/\/www.lamennais.org\/wp-content\/uploads\/2020\/04\/IMG_20200303_061700-1024x576-1.jpg\" alt=\"\" width=\"847\" height=\"520\" srcset=\"https:\/\/www.lamennais.org\/wp-content\/uploads\/2020\/04\/IMG_20200303_061700-1024x576-1.jpg 847w, https:\/\/www.lamennais.org\/wp-content\/uploads\/2020\/04\/IMG_20200303_061700-1024x576-1-600x368.jpg 600w, https:\/\/www.lamennais.org\/wp-content\/uploads\/2020\/04\/IMG_20200303_061700-1024x576-1-300x184.jpg 300w, https:\/\/www.lamennais.org\/wp-content\/uploads\/2020\/04\/IMG_20200303_061700-1024x576-1-768x471.jpg 768w, https:\/\/www.lamennais.org\/wp-content\/uploads\/2020\/04\/IMG_20200303_061700-1024x576-1-260x160.jpg 260w\" sizes=\"(max-width: 847px) 100vw, 847px\" \/><p id=\"caption-attachment-25887\" class=\"wp-caption-text\"><em>At the Casa Community, Rome where the Brothers of the General Council are confined with the community.<\/em><\/p><\/div>\n<div id=\"attachment_25878\" style=\"width: 870px\" class=\"wp-caption alignleft\"><img loading=\"lazy\" decoding=\"async\" aria-describedby=\"caption-attachment-25878\" class=\"wp-image-25878 size-large\" src=\"http:\/\/www.lamennais.org\/wp-content\/uploads\/2020\/04\/Capture-60-1024x400.jpg\" alt=\"\" width=\"860\" height=\"336\" srcset=\"https:\/\/www.lamennais.org\/wp-content\/uploads\/2020\/04\/Capture-60-1024x400.jpg 1024w, https:\/\/www.lamennais.org\/wp-content\/uploads\/2020\/04\/Capture-60-600x234.jpg 600w, https:\/\/www.lamennais.org\/wp-content\/uploads\/2020\/04\/Capture-60-300x117.jpg 300w, https:\/\/www.lamennais.org\/wp-content\/uploads\/2020\/04\/Capture-60-768x300.jpg 768w, https:\/\/www.lamennais.org\/wp-content\/uploads\/2020\/04\/Capture-60-260x102.jpg 260w, https:\/\/www.lamennais.org\/wp-content\/uploads\/2020\/04\/Capture-60.jpg 1104w\" sizes=\"(max-width: 860px) 100vw, 860px\" \/><p id=\"caption-attachment-25878\" class=\"wp-caption-text\"><em>On the website of\u00a0 St Joseph Coll\u00e8ge of la Guerche in Brittany, France.<\/em><\/p><\/div>\n<h2><strong>\u00a0<\/strong><\/h2>\n<h2><strong>Saturday. Take care<\/strong><\/h2>\n<p>A night to watch and wait for the dawn. Hope for the light. Entrust our loved ones and the intentions we receive.<\/p>\n<div id=\"attachment_25860\" style=\"width: 870px\" class=\"wp-caption alignleft\"><img loading=\"lazy\" decoding=\"async\" aria-describedby=\"caption-attachment-25860\" class=\"wp-image-25860 size-large\" src=\"http:\/\/www.lamennais.org\/wp-content\/uploads\/2020\/04\/Bedford-min-1024x739.jpg\" alt=\"\" width=\"860\" height=\"621\" srcset=\"https:\/\/www.lamennais.org\/wp-content\/uploads\/2020\/04\/Bedford-min-1024x739.jpg 1024w, https:\/\/www.lamennais.org\/wp-content\/uploads\/2020\/04\/Bedford-min-600x433.jpg 600w, https:\/\/www.lamennais.org\/wp-content\/uploads\/2020\/04\/Bedford-min-300x216.jpg 300w, https:\/\/www.lamennais.org\/wp-content\/uploads\/2020\/04\/Bedford-min-768x554.jpg 768w, https:\/\/www.lamennais.org\/wp-content\/uploads\/2020\/04\/Bedford-min-1536x1108.jpg 1536w, https:\/\/www.lamennais.org\/wp-content\/uploads\/2020\/04\/Bedford-min-260x188.jpg 260w, https:\/\/www.lamennais.org\/wp-content\/uploads\/2020\/04\/Bedford-min.jpg 1920w\" sizes=\"(max-width: 860px) 100vw, 860px\" \/><p id=\"caption-attachment-25860\" class=\"wp-caption-text\"><em>At the community of Bedford, Quebec.<\/em><\/p><\/div>\n<p>We have already taken action and we are continuing. Perhaps we were surprised to discover that we were able to pass on apprehensions in order to dare, to render service, to make ourselves close.<\/p>\n<div id=\"attachment_25902\" style=\"width: 870px\" class=\"wp-caption alignleft\"><img loading=\"lazy\" decoding=\"async\" aria-describedby=\"caption-attachment-25902\" class=\"wp-image-25902 size-large\" src=\"http:\/\/www.lamennais.org\/wp-content\/uploads\/2020\/04\/thumbnail_IMG_0535-min-1024x702.jpg\" alt=\"\" width=\"860\" height=\"590\" srcset=\"https:\/\/www.lamennais.org\/wp-content\/uploads\/2020\/04\/thumbnail_IMG_0535-min-1024x702.jpg 1024w, https:\/\/www.lamennais.org\/wp-content\/uploads\/2020\/04\/thumbnail_IMG_0535-min-600x411.jpg 600w, https:\/\/www.lamennais.org\/wp-content\/uploads\/2020\/04\/thumbnail_IMG_0535-min-300x206.jpg 300w, https:\/\/www.lamennais.org\/wp-content\/uploads\/2020\/04\/thumbnail_IMG_0535-min-768x526.jpg 768w, https:\/\/www.lamennais.org\/wp-content\/uploads\/2020\/04\/thumbnail_IMG_0535-min-260x178.jpg 260w, https:\/\/www.lamennais.org\/wp-content\/uploads\/2020\/04\/thumbnail_IMG_0535-min.jpg 1280w\" sizes=\"(max-width: 860px) 100vw, 860px\" \/><p id=\"caption-attachment-25902\" class=\"wp-caption-text\"><em>At the community of the Infirmary, Mother House of La Prairie, Quebec.<\/em><\/p><\/div>\n<div id=\"attachment_25899\" style=\"width: 870px\" class=\"wp-caption alignleft\"><img loading=\"lazy\" decoding=\"async\" aria-describedby=\"caption-attachment-25899\" class=\"wp-image-25899 size-large\" src=\"http:\/\/www.lamennais.org\/wp-content\/uploads\/2020\/04\/Pointe-du-Lac5-min-1024x768.jpg\" alt=\"\" width=\"860\" height=\"645\" srcset=\"https:\/\/www.lamennais.org\/wp-content\/uploads\/2020\/04\/Pointe-du-Lac5-min-1024x768.jpg 1024w, https:\/\/www.lamennais.org\/wp-content\/uploads\/2020\/04\/Pointe-du-Lac5-min-scaled-600x450.jpg 600w, https:\/\/www.lamennais.org\/wp-content\/uploads\/2020\/04\/Pointe-du-Lac5-min-300x225.jpg 300w, https:\/\/www.lamennais.org\/wp-content\/uploads\/2020\/04\/Pointe-du-Lac5-min-768x576.jpg 768w, https:\/\/www.lamennais.org\/wp-content\/uploads\/2020\/04\/Pointe-du-Lac5-min-1536x1152.jpg 1536w, https:\/\/www.lamennais.org\/wp-content\/uploads\/2020\/04\/Pointe-du-Lac5-min-2048x1536.jpg 2048w, https:\/\/www.lamennais.org\/wp-content\/uploads\/2020\/04\/Pointe-du-Lac5-min-260x195.jpg 260w\" sizes=\"(max-width: 860px) 100vw, 860px\" \/><p id=\"caption-attachment-25899\" class=\"wp-caption-text\"><em>At the community of Pointe-du-Lac, Quebec.<\/em><\/p><\/div>\n<p>\u201cTake care! This seems to be the common denominator of what we are experiencing today, writes Bro Herv\u00e9 Zamor, Superior General in his letter to the Mennaisian Family of March 17. The medical community is dedicated and selfless in caring for all those affected by this pandemic. Parents care for their children with creativity and intuition.<\/p>\n<p>Educators continue, when they can, to feed their students using new information and communication technologies. Our pastors, especially Pope Francis, strive to keep the flock close to it with tenderness and compassion.\u201d<\/p>\n<h2><strong>Sunday. Rise from the dead!<\/strong><\/h2>\n<div id=\"attachment_25845\" style=\"width: 871px\" class=\"wp-caption alignleft\"><img loading=\"lazy\" decoding=\"async\" aria-describedby=\"caption-attachment-25845\" class=\"wp-image-25845 size-full\" src=\"http:\/\/www.lamennais.org\/wp-content\/uploads\/2020\/04\/91706339_209671676799280_4988709247081512960_o.jpg\" alt=\"\" width=\"861\" height=\"863\" srcset=\"https:\/\/www.lamennais.org\/wp-content\/uploads\/2020\/04\/91706339_209671676799280_4988709247081512960_o.jpg 861w, https:\/\/www.lamennais.org\/wp-content\/uploads\/2020\/04\/91706339_209671676799280_4988709247081512960_o-300x300.jpg 300w, https:\/\/www.lamennais.org\/wp-content\/uploads\/2020\/04\/91706339_209671676799280_4988709247081512960_o-100x100.jpg 100w, https:\/\/www.lamennais.org\/wp-content\/uploads\/2020\/04\/91706339_209671676799280_4988709247081512960_o-600x601.jpg 600w, https:\/\/www.lamennais.org\/wp-content\/uploads\/2020\/04\/91706339_209671676799280_4988709247081512960_o-150x150.jpg 150w, https:\/\/www.lamennais.org\/wp-content\/uploads\/2020\/04\/91706339_209671676799280_4988709247081512960_o-768x770.jpg 768w, https:\/\/www.lamennais.org\/wp-content\/uploads\/2020\/04\/91706339_209671676799280_4988709247081512960_o-260x261.jpg 260w\" sizes=\"(max-width: 861px) 100vw, 861px\" \/><p id=\"caption-attachment-25845\" class=\"wp-caption-text\"><em>Life, intense. Photo Bro G\u00e9rard Hautbois, Ch\u00e2teaulin<\/em><\/p><\/div>\n<p><strong>Nature testifies to these new colours already there, the spring which takes all its place.<\/strong><\/p>\n<p><strong>What a joy to feel the resurrection and to share it!<\/strong><\/p>\n","protected":false},"excerpt":{"rendered":"<p>Monday. Listening and singing Calm down. Less noise. A reduction in pollution. More time to listen one anther or to listen and watch. To compose too. Let\u2019s have a chance to listen to Bro James Hayes, who has already made 10 music videos in a series called \u201cCovideo Sessions\u201d https:\/\/www.youtube.com\/channel\/UCrHInFWvLaj6jX78_eZ8Ojg\/ In this period of confinement, [&hellip;]<\/p>\n","protected":false},"author":3,"featured_media":25942,"comment_status":"closed","ping_status":"closed","sticky":false,"template":"","format":"standard","meta":{"footnotes":""},"categories":[104],"tags":[],"class_list":["post-25945","post","type-post","status-publish","format-standard","has-post-thumbnail","hentry","category-news"],"yoast_head":"<!-- This site is optimized with the Yoast SEO plugin v27.5 - https:\/\/yoast.com\/product\/yoast-seo-wordpress\/ -->\n<title>HOLY WEEK. 7 days at the rhythm of the world and the Mennaisian Family - LaMennais.org<\/title>\n<meta name=\"robots\" content=\"index, follow, max-snippet:-1, max-image-preview:large, max-video-preview:-1\" \/>\n<link rel=\"canonical\" href=\"https:\/\/www.lamennais.org\/holy-week-7-days-at-the-rhythm-of-the-world-and-the-mennaisian-family\/?lang=en\" \/>\n<meta property=\"og:locale\" content=\"en_US\" \/>\n<meta property=\"og:type\" content=\"article\" \/>\n<meta property=\"og:title\" content=\"HOLY WEEK. 7 days at the rhythm of the world and the Mennaisian Family - LaMennais.org\" \/>\n<meta property=\"og:description\" content=\"Monday. Listening and singing Calm down. Less noise. A reduction in pollution. More time to listen one anther or to listen and watch. To compose too. Let\u2019s have a chance to listen to Bro James Hayes, who has already made 10 music videos in a series called \u201cCovideo Sessions\u201d https:\/\/www.youtube.com\/channel\/UCrHInFWvLaj6jX78_eZ8Ojg\/ In this period of confinement, [&hellip;]\" \/>\n<meta property=\"og:url\" content=\"https:\/\/www.lamennais.org\/holy-week-7-days-at-the-rhythm-of-the-world-and-the-mennaisian-family\/?lang=en\" \/>\n<meta property=\"og:site_name\" content=\"LaMennais.org\" \/>\n<meta property=\"article:published_time\" content=\"2020-04-06T16:12:17+00:00\" \/>\n<meta property=\"article:modified_time\" content=\"2020-04-07T14:28:22+00:00\" \/>\n<meta property=\"og:image\" content=\"https:\/\/www.lamennais.org\/wp-content\/uploads\/2020\/04\/semaine-sainte-2020.jpg\" \/>\n\t<meta property=\"og:image:width\" content=\"1235\" \/>\n\t<meta property=\"og:image:height\" content=\"436\" \/>\n\t<meta property=\"og:image:type\" content=\"image\/jpeg\" \/>\n<meta name=\"author\" content=\"Herv\u00e9 Asse\" \/>\n<meta name=\"twitter:card\" content=\"summary_large_image\" \/>\n<meta name=\"twitter:label1\" content=\"Written by\" \/>\n\t<meta name=\"twitter:data1\" content=\"Herv\u00e9 Asse\" \/>\n\t<meta name=\"twitter:label2\" content=\"Est. reading time\" \/>\n\t<meta name=\"twitter:data2\" content=\"5 minutes\" \/>\n<script type=\"application\/ld+json\" class=\"yoast-schema-graph\">{\"@context\":\"https:\\\/\\\/schema.org\",\"@graph\":[{\"@type\":\"Article\",\"@id\":\"https:\\\/\\\/www.lamennais.org\\\/holy-week-7-days-at-the-rhythm-of-the-world-and-the-mennaisian-family\\\/?lang=en#article\",\"isPartOf\":{\"@id\":\"https:\\\/\\\/www.lamennais.org\\\/holy-week-7-days-at-the-rhythm-of-the-world-and-the-mennaisian-family\\\/?lang=en\"},\"author\":{\"name\":\"Herv\u00e9 Asse\",\"@id\":\"https:\\\/\\\/www.lamennais.org\\\/#\\\/schema\\\/person\\\/2a8d6e8a95babedd5ba1c43afd2e3844\"},\"headline\":\"HOLY WEEK. 7 days at the rhythm of the world and the Mennaisian Family\",\"datePublished\":\"2020-04-06T16:12:17+00:00\",\"dateModified\":\"2020-04-07T14:28:22+00:00\",\"mainEntityOfPage\":{\"@id\":\"https:\\\/\\\/www.lamennais.org\\\/holy-week-7-days-at-the-rhythm-of-the-world-and-the-mennaisian-family\\\/?lang=en\"},\"wordCount\":983,\"image\":{\"@id\":\"https:\\\/\\\/www.lamennais.org\\\/holy-week-7-days-at-the-rhythm-of-the-world-and-the-mennaisian-family\\\/?lang=en#primaryimage\"},\"thumbnailUrl\":\"https:\\\/\\\/www.lamennais.org\\\/wp-content\\\/uploads\\\/2020\\\/04\\\/semaine-sainte-2020.jpg\",\"articleSection\":[\"NEWS\"],\"inLanguage\":\"en-US\"},{\"@type\":\"WebPage\",\"@id\":\"https:\\\/\\\/www.lamennais.org\\\/holy-week-7-days-at-the-rhythm-of-the-world-and-the-mennaisian-family\\\/?lang=en\",\"url\":\"https:\\\/\\\/www.lamennais.org\\\/holy-week-7-days-at-the-rhythm-of-the-world-and-the-mennaisian-family\\\/?lang=en\",\"name\":\"HOLY WEEK. 7 days at the rhythm of the world and the Mennaisian Family - LaMennais.org\",\"isPartOf\":{\"@id\":\"https:\\\/\\\/www.lamennais.org\\\/#website\"},\"primaryImageOfPage\":{\"@id\":\"https:\\\/\\\/www.lamennais.org\\\/holy-week-7-days-at-the-rhythm-of-the-world-and-the-mennaisian-family\\\/?lang=en#primaryimage\"},\"image\":{\"@id\":\"https:\\\/\\\/www.lamennais.org\\\/holy-week-7-days-at-the-rhythm-of-the-world-and-the-mennaisian-family\\\/?lang=en#primaryimage\"},\"thumbnailUrl\":\"https:\\\/\\\/www.lamennais.org\\\/wp-content\\\/uploads\\\/2020\\\/04\\\/semaine-sainte-2020.jpg\",\"datePublished\":\"2020-04-06T16:12:17+00:00\",\"dateModified\":\"2020-04-07T14:28:22+00:00\",\"author\":{\"@id\":\"https:\\\/\\\/www.lamennais.org\\\/#\\\/schema\\\/person\\\/2a8d6e8a95babedd5ba1c43afd2e3844\"},\"breadcrumb\":{\"@id\":\"https:\\\/\\\/www.lamennais.org\\\/holy-week-7-days-at-the-rhythm-of-the-world-and-the-mennaisian-family\\\/?lang=en#breadcrumb\"},\"inLanguage\":\"en-US\",\"potentialAction\":[{\"@type\":\"ReadAction\",\"target\":[\"https:\\\/\\\/www.lamennais.org\\\/holy-week-7-days-at-the-rhythm-of-the-world-and-the-mennaisian-family\\\/?lang=en\"]}]},{\"@type\":\"ImageObject\",\"inLanguage\":\"en-US\",\"@id\":\"https:\\\/\\\/www.lamennais.org\\\/holy-week-7-days-at-the-rhythm-of-the-world-and-the-mennaisian-family\\\/?lang=en#primaryimage\",\"url\":\"https:\\\/\\\/www.lamennais.org\\\/wp-content\\\/uploads\\\/2020\\\/04\\\/semaine-sainte-2020.jpg\",\"contentUrl\":\"https:\\\/\\\/www.lamennais.org\\\/wp-content\\\/uploads\\\/2020\\\/04\\\/semaine-sainte-2020.jpg\",\"width\":1235,\"height\":436},{\"@type\":\"BreadcrumbList\",\"@id\":\"https:\\\/\\\/www.lamennais.org\\\/holy-week-7-days-at-the-rhythm-of-the-world-and-the-mennaisian-family\\\/?lang=en#breadcrumb\",\"itemListElement\":[{\"@type\":\"ListItem\",\"position\":1,\"name\":\"Accueil\",\"item\":\"https:\\\/\\\/www.lamennais.org\\\/\"},{\"@type\":\"ListItem\",\"position\":2,\"name\":\"HOLY WEEK. 7 days at the rhythm of the world and the Mennaisian Family\"}]},{\"@type\":\"WebSite\",\"@id\":\"https:\\\/\\\/www.lamennais.org\\\/#website\",\"url\":\"https:\\\/\\\/www.lamennais.org\\\/\",\"name\":\"LaMennais.org\",\"description\":\"Fr\u00e8res de l&#039;Instruction Chr\u00e9tienne et Famille Mennaisienne\",\"potentialAction\":[{\"@type\":\"SearchAction\",\"target\":{\"@type\":\"EntryPoint\",\"urlTemplate\":\"https:\\\/\\\/www.lamennais.org\\\/?s={search_term_string}\"},\"query-input\":{\"@type\":\"PropertyValueSpecification\",\"valueRequired\":true,\"valueName\":\"search_term_string\"}}],\"inLanguage\":\"en-US\"},{\"@type\":\"Person\",\"@id\":\"https:\\\/\\\/www.lamennais.org\\\/#\\\/schema\\\/person\\\/2a8d6e8a95babedd5ba1c43afd2e3844\",\"name\":\"Herv\u00e9 Asse\",\"image\":{\"@type\":\"ImageObject\",\"inLanguage\":\"en-US\",\"@id\":\"https:\\\/\\\/secure.gravatar.com\\\/avatar\\\/1aaa7b1baf759c8b40525f40af381cbaa2b0ddd554f57145bceb0654ba45b4c0?s=96&d=mm&r=g\",\"url\":\"https:\\\/\\\/secure.gravatar.com\\\/avatar\\\/1aaa7b1baf759c8b40525f40af381cbaa2b0ddd554f57145bceb0654ba45b4c0?s=96&d=mm&r=g\",\"contentUrl\":\"https:\\\/\\\/secure.gravatar.com\\\/avatar\\\/1aaa7b1baf759c8b40525f40af381cbaa2b0ddd554f57145bceb0654ba45b4c0?s=96&d=mm&r=g\",\"caption\":\"Herv\u00e9 Asse\"}}]}<\/script>\n<!-- \/ Yoast SEO plugin. -->","yoast_head_json":{"title":"HOLY WEEK. 7 days at the rhythm of the world and the Mennaisian Family - LaMennais.org","robots":{"index":"index","follow":"follow","max-snippet":"max-snippet:-1","max-image-preview":"max-image-preview:large","max-video-preview":"max-video-preview:-1"},"canonical":"https:\/\/www.lamennais.org\/holy-week-7-days-at-the-rhythm-of-the-world-and-the-mennaisian-family\/?lang=en","og_locale":"en_US","og_type":"article","og_title":"HOLY WEEK. 7 days at the rhythm of the world and the Mennaisian Family - LaMennais.org","og_description":"Monday. Listening and singing Calm down. Less noise. A reduction in pollution. More time to listen one anther or to listen and watch. To compose too. Let\u2019s have a chance to listen to Bro James Hayes, who has already made 10 music videos in a series called \u201cCovideo Sessions\u201d https:\/\/www.youtube.com\/channel\/UCrHInFWvLaj6jX78_eZ8Ojg\/ In this period of confinement, [&hellip;]","og_url":"https:\/\/www.lamennais.org\/holy-week-7-days-at-the-rhythm-of-the-world-and-the-mennaisian-family\/?lang=en","og_site_name":"LaMennais.org","article_published_time":"2020-04-06T16:12:17+00:00","article_modified_time":"2020-04-07T14:28:22+00:00","og_image":[{"width":1235,"height":436,"url":"https:\/\/www.lamennais.org\/wp-content\/uploads\/2020\/04\/semaine-sainte-2020.jpg","type":"image\/jpeg"}],"author":"Herv\u00e9 Asse","twitter_card":"summary_large_image","twitter_misc":{"Written by":"Herv\u00e9 Asse","Est. reading time":"5 minutes"},"schema":{"@context":"https:\/\/schema.org","@graph":[{"@type":"Article","@id":"https:\/\/www.lamennais.org\/holy-week-7-days-at-the-rhythm-of-the-world-and-the-mennaisian-family\/?lang=en#article","isPartOf":{"@id":"https:\/\/www.lamennais.org\/holy-week-7-days-at-the-rhythm-of-the-world-and-the-mennaisian-family\/?lang=en"},"author":{"name":"Herv\u00e9 Asse","@id":"https:\/\/www.lamennais.org\/#\/schema\/person\/2a8d6e8a95babedd5ba1c43afd2e3844"},"headline":"HOLY WEEK. 7 days at the rhythm of the world and the Mennaisian Family","datePublished":"2020-04-06T16:12:17+00:00","dateModified":"2020-04-07T14:28:22+00:00","mainEntityOfPage":{"@id":"https:\/\/www.lamennais.org\/holy-week-7-days-at-the-rhythm-of-the-world-and-the-mennaisian-family\/?lang=en"},"wordCount":983,"image":{"@id":"https:\/\/www.lamennais.org\/holy-week-7-days-at-the-rhythm-of-the-world-and-the-mennaisian-family\/?lang=en#primaryimage"},"thumbnailUrl":"https:\/\/www.lamennais.org\/wp-content\/uploads\/2020\/04\/semaine-sainte-2020.jpg","articleSection":["NEWS"],"inLanguage":"en-US"},{"@type":"WebPage","@id":"https:\/\/www.lamennais.org\/holy-week-7-days-at-the-rhythm-of-the-world-and-the-mennaisian-family\/?lang=en","url":"https:\/\/www.lamennais.org\/holy-week-7-days-at-the-rhythm-of-the-world-and-the-mennaisian-family\/?lang=en","name":"HOLY WEEK. 7 days at the rhythm of the world and the Mennaisian Family - LaMennais.org","isPartOf":{"@id":"https:\/\/www.lamennais.org\/#website"},"primaryImageOfPage":{"@id":"https:\/\/www.lamennais.org\/holy-week-7-days-at-the-rhythm-of-the-world-and-the-mennaisian-family\/?lang=en#primaryimage"},"image":{"@id":"https:\/\/www.lamennais.org\/holy-week-7-days-at-the-rhythm-of-the-world-and-the-mennaisian-family\/?lang=en#primaryimage"},"thumbnailUrl":"https:\/\/www.lamennais.org\/wp-content\/uploads\/2020\/04\/semaine-sainte-2020.jpg","datePublished":"2020-04-06T16:12:17+00:00","dateModified":"2020-04-07T14:28:22+00:00","author":{"@id":"https:\/\/www.lamennais.org\/#\/schema\/person\/2a8d6e8a95babedd5ba1c43afd2e3844"},"breadcrumb":{"@id":"https:\/\/www.lamennais.org\/holy-week-7-days-at-the-rhythm-of-the-world-and-the-mennaisian-family\/?lang=en#breadcrumb"},"inLanguage":"en-US","potentialAction":[{"@type":"ReadAction","target":["https:\/\/www.lamennais.org\/holy-week-7-days-at-the-rhythm-of-the-world-and-the-mennaisian-family\/?lang=en"]}]},{"@type":"ImageObject","inLanguage":"en-US","@id":"https:\/\/www.lamennais.org\/holy-week-7-days-at-the-rhythm-of-the-world-and-the-mennaisian-family\/?lang=en#primaryimage","url":"https:\/\/www.lamennais.org\/wp-content\/uploads\/2020\/04\/semaine-sainte-2020.jpg","contentUrl":"https:\/\/www.lamennais.org\/wp-content\/uploads\/2020\/04\/semaine-sainte-2020.jpg","width":1235,"height":436},{"@type":"BreadcrumbList","@id":"https:\/\/www.lamennais.org\/holy-week-7-days-at-the-rhythm-of-the-world-and-the-mennaisian-family\/?lang=en#breadcrumb","itemListElement":[{"@type":"ListItem","position":1,"name":"Accueil","item":"https:\/\/www.lamennais.org\/"},{"@type":"ListItem","position":2,"name":"HOLY WEEK. 7 days at the rhythm of the world and the Mennaisian Family"}]},{"@type":"WebSite","@id":"https:\/\/www.lamennais.org\/#website","url":"https:\/\/www.lamennais.org\/","name":"LaMennais.org","description":"Fr\u00e8res de l&#039;Instruction Chr\u00e9tienne et Famille Mennaisienne","potentialAction":[{"@type":"SearchAction","target":{"@type":"EntryPoint","urlTemplate":"https:\/\/www.lamennais.org\/?s={search_term_string}"},"query-input":{"@type":"PropertyValueSpecification","valueRequired":true,"valueName":"search_term_string"}}],"inLanguage":"en-US"},{"@type":"Person","@id":"https:\/\/www.lamennais.org\/#\/schema\/person\/2a8d6e8a95babedd5ba1c43afd2e3844","name":"Herv\u00e9 Asse","image":{"@type":"ImageObject","inLanguage":"en-US","@id":"https:\/\/secure.gravatar.com\/avatar\/1aaa7b1baf759c8b40525f40af381cbaa2b0ddd554f57145bceb0654ba45b4c0?s=96&d=mm&r=g","url":"https:\/\/secure.gravatar.com\/avatar\/1aaa7b1baf759c8b40525f40af381cbaa2b0ddd554f57145bceb0654ba45b4c0?s=96&d=mm&r=g","contentUrl":"https:\/\/secure.gravatar.com\/avatar\/1aaa7b1baf759c8b40525f40af381cbaa2b0ddd554f57145bceb0654ba45b4c0?s=96&d=mm&r=g","caption":"Herv\u00e9 Asse"}}]}},"_links":{"self":[{"href":"https:\/\/www.lamennais.org\/en\/wp-json\/wp\/v2\/posts\/25945","targetHints":{"allow":["GET"]}}],"collection":[{"href":"https:\/\/www.lamennais.org\/en\/wp-json\/wp\/v2\/posts"}],"about":[{"href":"https:\/\/www.lamennais.org\/en\/wp-json\/wp\/v2\/types\/post"}],"author":[{"embeddable":true,"href":"https:\/\/www.lamennais.org\/en\/wp-json\/wp\/v2\/users\/3"}],"replies":[{"embeddable":true,"href":"https:\/\/www.lamennais.org\/en\/wp-json\/wp\/v2\/comments?post=25945"}],"version-history":[{"count":3,"href":"https:\/\/www.lamennais.org\/en\/wp-json\/wp\/v2\/posts\/25945\/revisions"}],"predecessor-version":[{"id":25953,"href":"https:\/\/www.lamennais.org\/en\/wp-json\/wp\/v2\/posts\/25945\/revisions\/25953"}],"wp:featuredmedia":[{"embeddable":true,"href":"https:\/\/www.lamennais.org\/en\/wp-json\/wp\/v2\/media\/25942"}],"wp:attachment":[{"href":"https:\/\/www.lamennais.org\/en\/wp-json\/wp\/v2\/media?parent=25945"}],"wp:term":[{"taxonomy":"category","embeddable":true,"href":"https:\/\/www.lamennais.org\/en\/wp-json\/wp\/v2\/categories?post=25945"},{"taxonomy":"post_tag","embeddable":true,"href":"https:\/\/www.lamennais.org\/en\/wp-json\/wp\/v2\/tags?post=25945"}],"curies":[{"name":"wp","href":"https:\/\/api.w.org\/{rel}","templated":true}]}}