{"id":20506,"date":"2019-04-11T13:00:22","date_gmt":"2019-04-11T11:00:22","guid":{"rendered":"http:\/\/www.lamennais.org\/?p=20506"},"modified":"2019-04-12T16:16:17","modified_gmt":"2019-04-12T14:16:17","slug":"continuation-of-the-chapter-the-major-superiors-and-the-general-council-meet-together-in-spain","status":"publish","type":"post","link":"https:\/\/www.lamennais.org\/en\/continuation-of-the-chapter-the-major-superiors-and-the-general-council-meet-together-in-spain\/","title":{"rendered":"CONTINUATION OF THE CHAPTER. The Major Superiors and the General Council meet together in Spain"},"content":{"rendered":"<p><img fetchpriority=\"high\" decoding=\"async\" class=\"alignleft size-large wp-image-20415\" src=\"http:\/\/www.lamennais.org\/wp-content\/uploads\/2019\/04\/20190407_200915-1024x768.jpg\" alt=\"\" width=\"860\" height=\"645\" srcset=\"https:\/\/www.lamennais.org\/wp-content\/uploads\/2019\/04\/20190407_200915-1024x768.jpg 1024w, https:\/\/www.lamennais.org\/wp-content\/uploads\/2019\/04\/20190407_200915-300x225.jpg 300w, https:\/\/www.lamennais.org\/wp-content\/uploads\/2019\/04\/20190407_200915-768x576.jpg 768w, https:\/\/www.lamennais.org\/wp-content\/uploads\/2019\/04\/20190407_200915-260x195.jpg 260w\" sizes=\"(max-width: 860px) 100vw, 860px\" \/><em>Opening celebration of the session at Portugalete<\/em><\/p>\n<p>Eleven Major Superiors of the Congregation (Provincials and Visitors) are gathered at Portugalete (Spain) with the members of the General council <strong>since April 8th<\/strong>. These regular meetings, asked by the last General Chapter are real meetings of formation for the Major Superiors, an opportunity also to share about the implementation of the Chapter in the various sectors of the congregation. Other subjects, such as the Mennaisian Family and the Bicentenary, are also on the agenda.<img decoding=\"async\" class=\"alignleft size-medium wp-image-20421\" src=\"http:\/\/www.lamennais.org\/wp-content\/uploads\/2019\/04\/20190407_205234-e1555078373686-225x300.jpg\" alt=\"\" width=\"225\" height=\"300\" \/><img decoding=\"async\" class=\"alignleft size-medium wp-image-20418\" src=\"http:\/\/www.lamennais.org\/wp-content\/uploads\/2019\/04\/20190407_204635-300x225.jpg\" alt=\"\" width=\"300\" height=\"225\" srcset=\"https:\/\/www.lamennais.org\/wp-content\/uploads\/2019\/04\/20190407_204635-300x225.jpg 300w, https:\/\/www.lamennais.org\/wp-content\/uploads\/2019\/04\/20190407_204635-768x576.jpg 768w, https:\/\/www.lamennais.org\/wp-content\/uploads\/2019\/04\/20190407_204635-1024x768.jpg 1024w, https:\/\/www.lamennais.org\/wp-content\/uploads\/2019\/04\/20190407_204635-260x195.jpg 260w\" sizes=\"(max-width: 300px) 100vw, 300px\" \/><\/p>\n<p><em>The icon realized during the prayer of opening &#8211; the Brother Superior carrying his brother.<\/em><\/p>\n<p>After the first two days of intensive working, Wednesday was a day of relaxation and visits to two Mennaisian places of Nuestra Se\u00f1ora del Pilar Province: Santo Domingo de la Calzada and Nanclares de la Oca. Two places where the Brothers are still well involved in the mission with the young. These two places were formerly the Houses \u00a0of formation for the Brothers of Spain, places steeped in history.<\/p>\n<p><img loading=\"lazy\" decoding=\"async\" class=\"alignleft size-large wp-image-20424\" src=\"http:\/\/www.lamennais.org\/wp-content\/uploads\/2019\/04\/20190408_163854-1024x576.jpg\" alt=\"\" width=\"860\" height=\"484\" srcset=\"https:\/\/www.lamennais.org\/wp-content\/uploads\/2019\/04\/20190408_163854-1024x576.jpg 1024w, https:\/\/www.lamennais.org\/wp-content\/uploads\/2019\/04\/20190408_163854-300x169.jpg 300w, https:\/\/www.lamennais.org\/wp-content\/uploads\/2019\/04\/20190408_163854-768x432.jpg 768w, https:\/\/www.lamennais.org\/wp-content\/uploads\/2019\/04\/20190408_163854-260x146.jpg 260w\" sizes=\"(max-width: 860px) 100vw, 860px\" \/><\/p>\n<p><em>The two commissions &#8220;Ad gentes&#8221; Commissions and \u00a0\u201cOn going formation&#8221; at work.<\/em><\/p>\n<p><img loading=\"lazy\" decoding=\"async\" class=\"alignleft size-large wp-image-20427\" src=\"http:\/\/www.lamennais.org\/wp-content\/uploads\/2019\/04\/20190408_163929-1024x576.jpg\" alt=\"\" width=\"860\" height=\"484\" srcset=\"https:\/\/www.lamennais.org\/wp-content\/uploads\/2019\/04\/20190408_163929-1024x576.jpg 1024w, https:\/\/www.lamennais.org\/wp-content\/uploads\/2019\/04\/20190408_163929-300x169.jpg 300w, https:\/\/www.lamennais.org\/wp-content\/uploads\/2019\/04\/20190408_163929-768x432.jpg 768w, https:\/\/www.lamennais.org\/wp-content\/uploads\/2019\/04\/20190408_163929-260x146.jpg 260w\" sizes=\"(max-width: 860px) 100vw, 860px\" \/><\/p>\n<p><strong>Visit to Santo Domingo de la Calzada :<\/strong><\/p>\n<p><img loading=\"lazy\" decoding=\"async\" class=\"alignleft size-medium wp-image-20461\" src=\"http:\/\/www.lamennais.org\/wp-content\/uploads\/2019\/04\/20190410_113548-e1555078403857-169x300.jpg\" alt=\"\" width=\"169\" height=\"300\" \/><\/p>\n<p><img loading=\"lazy\" decoding=\"async\" class=\"alignleft size-medium wp-image-20464\" src=\"http:\/\/www.lamennais.org\/wp-content\/uploads\/2019\/04\/20190410_113602-e1555078428939-300x169.jpg\" alt=\"\" width=\"300\" height=\"169\" \/><\/p>\n<p><img loading=\"lazy\" decoding=\"async\" class=\"alignleft size-medium wp-image-20445\" src=\"http:\/\/www.lamennais.org\/wp-content\/uploads\/2019\/04\/20190410_125244-e1555078474135-169x300.jpg\" alt=\"\" width=\"169\" height=\"300\" \/><\/p>\n<p><em>Visit to Santo Domingo de la Calzada: here Bro Benito Zampedri and Bro Emilio of Pe\u00f1a; Bro Rafa Alonso and the Brothers Carlos Capell\u00e1n and Angel Mar\u00eda Manj\u00f3n.<\/em><\/p>\n<p><em>Santo Domingo&#8217;s Cathedral<\/em><\/p>\n<p><strong>Visit to Nanclares de la Oca :<\/strong><\/p>\n<p><img loading=\"lazy\" decoding=\"async\" class=\"alignleft size-medium wp-image-20451\" src=\"http:\/\/www.lamennais.org\/wp-content\/uploads\/2019\/04\/20190410_161912-300x169.jpg\" alt=\"\" width=\"300\" height=\"169\" srcset=\"https:\/\/www.lamennais.org\/wp-content\/uploads\/2019\/04\/20190410_161912-300x169.jpg 300w, https:\/\/www.lamennais.org\/wp-content\/uploads\/2019\/04\/20190410_161912-768x432.jpg 768w, https:\/\/www.lamennais.org\/wp-content\/uploads\/2019\/04\/20190410_161912-1024x576.jpg 1024w, https:\/\/www.lamennais.org\/wp-content\/uploads\/2019\/04\/20190410_161912-260x146.jpg 260w\" sizes=\"(max-width: 300px) 100vw, 300px\" \/><img loading=\"lazy\" decoding=\"async\" class=\"alignleft size-medium wp-image-20448\" src=\"http:\/\/www.lamennais.org\/wp-content\/uploads\/2019\/04\/20190410_161140-300x169.jpg\" alt=\"\" width=\"300\" height=\"169\" srcset=\"https:\/\/www.lamennais.org\/wp-content\/uploads\/2019\/04\/20190410_161140-300x169.jpg 300w, https:\/\/www.lamennais.org\/wp-content\/uploads\/2019\/04\/20190410_161140-768x432.jpg 768w, https:\/\/www.lamennais.org\/wp-content\/uploads\/2019\/04\/20190410_161140-1024x576.jpg 1024w, https:\/\/www.lamennais.org\/wp-content\/uploads\/2019\/04\/20190410_161140-260x146.jpg 260w\" sizes=\"(max-width: 300px) 100vw, 300px\" \/><em>Visit of the &#8220;thermal spring&#8221; of Nanclares with our guide Bro Gil Rozas<\/p>\n<p>Visit of the Chapel, place of celebration for all the events of the Province.<\/em><\/p>\n<p><img loading=\"lazy\" decoding=\"async\" class=\"alignleft size-large wp-image-20433\" src=\"http:\/\/www.lamennais.org\/wp-content\/uploads\/2019\/04\/20190409_143414-1024x576.jpg\" alt=\"\" width=\"860\" height=\"484\" srcset=\"https:\/\/www.lamennais.org\/wp-content\/uploads\/2019\/04\/20190409_143414-1024x576.jpg 1024w, https:\/\/www.lamennais.org\/wp-content\/uploads\/2019\/04\/20190409_143414-300x169.jpg 300w, https:\/\/www.lamennais.org\/wp-content\/uploads\/2019\/04\/20190409_143414-768x432.jpg 768w, https:\/\/www.lamennais.org\/wp-content\/uploads\/2019\/04\/20190409_143414-260x146.jpg 260w\" sizes=\"(max-width: 860px) 100vw, 860px\" \/><\/p>\n<p><em>Friendly moment at Portugalete, during the day of Bro Josu Olabarrieta\u2019s birthday, here with Bro Gildas Prigent and Mr Alfonso Blasquez, Headteacher of Santa Mar\u00eda Secondary School of Portugalete<\/em><\/p>\n<p>The last 3 days (April 12-15th) of the meeting of the Major Superiors will coincide with the International meeting of the committee members of the <em><strong>Solidarity fund (FSI).<\/strong><\/em><\/p>\n<p>The last morning of April 15th will be dedicated to a time of exchange between the Major Superiors and the International Solidarity Fund Committee members (ISF).<\/p>\n<p>The news from day to day is available on the \u00a0Facebook page of the Congregation : <a href=\"https:\/\/www.facebook.com\/lamennais.org\/\">https:\/\/www.facebook.com\/lamennais.org\/<\/a><\/p>\n<p><em>\u00a0<\/em><\/p>\n","protected":false},"excerpt":{"rendered":"<p>Opening celebration of the session at Portugalete Eleven Major Superiors of the Congregation (Provincials and Visitors) are gathered at Portugalete (Spain) with the members of the General council since April 8th. These regular meetings, asked by the last General Chapter are real meetings of formation for the Major Superiors, an opportunity also to share about [&hellip;]<\/p>\n","protected":false},"author":3,"featured_media":20477,"comment_status":"closed","ping_status":"closed","sticky":false,"template":"","format":"standard","meta":{"footnotes":""},"categories":[104,162],"tags":[],"class_list":["post-20506","post","type-post","status-publish","format-standard","has-post-thumbnail","hentry","category-news","category-news-brothers"],"yoast_head":"<!-- This site is optimized with the Yoast SEO plugin v27.4 - https:\/\/yoast.com\/product\/yoast-seo-wordpress\/ -->\n<title>CONTINUATION OF THE CHAPTER. The Major Superiors and the General Council meet together in Spain - LaMennais.org<\/title>\n<meta name=\"robots\" content=\"index, follow, max-snippet:-1, max-image-preview:large, max-video-preview:-1\" \/>\n<link rel=\"canonical\" href=\"https:\/\/www.lamennais.org\/continuation-of-the-chapter-the-major-superiors-and-the-general-council-meet-together-in-spain\/?lang=en\" \/>\n<meta property=\"og:locale\" content=\"en_US\" \/>\n<meta property=\"og:type\" content=\"article\" \/>\n<meta property=\"og:title\" content=\"CONTINUATION OF THE CHAPTER. The Major Superiors and the General Council meet together in Spain - LaMennais.org\" \/>\n<meta property=\"og:description\" content=\"Opening celebration of the session at Portugalete Eleven Major Superiors of the Congregation (Provincials and Visitors) are gathered at Portugalete (Spain) with the members of the General council since April 8th. These regular meetings, asked by the last General Chapter are real meetings of formation for the Major Superiors, an opportunity also to share about [&hellip;]\" \/>\n<meta property=\"og:url\" content=\"https:\/\/www.lamennais.org\/continuation-of-the-chapter-the-major-superiors-and-the-general-council-meet-together-in-spain\/?lang=en\" \/>\n<meta property=\"og:site_name\" content=\"LaMennais.org\" \/>\n<meta property=\"article:published_time\" content=\"2019-04-11T11:00:22+00:00\" \/>\n<meta property=\"article:modified_time\" content=\"2019-04-12T14:16:17+00:00\" \/>\n<meta property=\"og:image\" content=\"https:\/\/www.lamennais.org\/wp-content\/uploads\/2019\/04\/IMG-20190410-WA0005-1.jpg\" \/>\n\t<meta property=\"og:image:width\" content=\"1504\" \/>\n\t<meta property=\"og:image:height\" content=\"1000\" \/>\n\t<meta property=\"og:image:type\" content=\"image\/jpeg\" \/>\n<meta name=\"author\" content=\"Herv\u00e9 Asse\" \/>\n<meta name=\"twitter:card\" content=\"summary_large_image\" \/>\n<meta name=\"twitter:label1\" content=\"Written by\" \/>\n\t<meta name=\"twitter:data1\" content=\"Herv\u00e9 Asse\" \/>\n\t<meta name=\"twitter:label2\" content=\"Est. reading time\" \/>\n\t<meta name=\"twitter:data2\" content=\"2 minutes\" \/>\n<script type=\"application\/ld+json\" class=\"yoast-schema-graph\">{\"@context\":\"https:\\\/\\\/schema.org\",\"@graph\":[{\"@type\":\"Article\",\"@id\":\"https:\\\/\\\/www.lamennais.org\\\/continuation-of-the-chapter-the-major-superiors-and-the-general-council-meet-together-in-spain\\\/?lang=en#article\",\"isPartOf\":{\"@id\":\"https:\\\/\\\/www.lamennais.org\\\/continuation-of-the-chapter-the-major-superiors-and-the-general-council-meet-together-in-spain\\\/?lang=en\"},\"author\":{\"name\":\"Herv\u00e9 Asse\",\"@id\":\"https:\\\/\\\/www.lamennais.org\\\/#\\\/schema\\\/person\\\/2a8d6e8a95babedd5ba1c43afd2e3844\"},\"headline\":\"CONTINUATION OF THE CHAPTER. The Major Superiors and the General Council meet together in Spain\",\"datePublished\":\"2019-04-11T11:00:22+00:00\",\"dateModified\":\"2019-04-12T14:16:17+00:00\",\"mainEntityOfPage\":{\"@id\":\"https:\\\/\\\/www.lamennais.org\\\/continuation-of-the-chapter-the-major-superiors-and-the-general-council-meet-together-in-spain\\\/?lang=en\"},\"wordCount\":376,\"image\":{\"@id\":\"https:\\\/\\\/www.lamennais.org\\\/continuation-of-the-chapter-the-major-superiors-and-the-general-council-meet-together-in-spain\\\/?lang=en#primaryimage\"},\"thumbnailUrl\":\"https:\\\/\\\/www.lamennais.org\\\/wp-content\\\/uploads\\\/2019\\\/04\\\/IMG-20190410-WA0005-1.jpg\",\"articleSection\":[\"NEWS\",\"News - Brothers\"],\"inLanguage\":\"en-US\"},{\"@type\":\"WebPage\",\"@id\":\"https:\\\/\\\/www.lamennais.org\\\/continuation-of-the-chapter-the-major-superiors-and-the-general-council-meet-together-in-spain\\\/?lang=en\",\"url\":\"https:\\\/\\\/www.lamennais.org\\\/continuation-of-the-chapter-the-major-superiors-and-the-general-council-meet-together-in-spain\\\/?lang=en\",\"name\":\"CONTINUATION OF THE CHAPTER. The Major Superiors and the General Council meet together in Spain - LaMennais.org\",\"isPartOf\":{\"@id\":\"https:\\\/\\\/www.lamennais.org\\\/#website\"},\"primaryImageOfPage\":{\"@id\":\"https:\\\/\\\/www.lamennais.org\\\/continuation-of-the-chapter-the-major-superiors-and-the-general-council-meet-together-in-spain\\\/?lang=en#primaryimage\"},\"image\":{\"@id\":\"https:\\\/\\\/www.lamennais.org\\\/continuation-of-the-chapter-the-major-superiors-and-the-general-council-meet-together-in-spain\\\/?lang=en#primaryimage\"},\"thumbnailUrl\":\"https:\\\/\\\/www.lamennais.org\\\/wp-content\\\/uploads\\\/2019\\\/04\\\/IMG-20190410-WA0005-1.jpg\",\"datePublished\":\"2019-04-11T11:00:22+00:00\",\"dateModified\":\"2019-04-12T14:16:17+00:00\",\"author\":{\"@id\":\"https:\\\/\\\/www.lamennais.org\\\/#\\\/schema\\\/person\\\/2a8d6e8a95babedd5ba1c43afd2e3844\"},\"breadcrumb\":{\"@id\":\"https:\\\/\\\/www.lamennais.org\\\/continuation-of-the-chapter-the-major-superiors-and-the-general-council-meet-together-in-spain\\\/?lang=en#breadcrumb\"},\"inLanguage\":\"en-US\",\"potentialAction\":[{\"@type\":\"ReadAction\",\"target\":[\"https:\\\/\\\/www.lamennais.org\\\/continuation-of-the-chapter-the-major-superiors-and-the-general-council-meet-together-in-spain\\\/?lang=en\"]}]},{\"@type\":\"ImageObject\",\"inLanguage\":\"en-US\",\"@id\":\"https:\\\/\\\/www.lamennais.org\\\/continuation-of-the-chapter-the-major-superiors-and-the-general-council-meet-together-in-spain\\\/?lang=en#primaryimage\",\"url\":\"https:\\\/\\\/www.lamennais.org\\\/wp-content\\\/uploads\\\/2019\\\/04\\\/IMG-20190410-WA0005-1.jpg\",\"contentUrl\":\"https:\\\/\\\/www.lamennais.org\\\/wp-content\\\/uploads\\\/2019\\\/04\\\/IMG-20190410-WA0005-1.jpg\",\"width\":1504,\"height\":1000},{\"@type\":\"BreadcrumbList\",\"@id\":\"https:\\\/\\\/www.lamennais.org\\\/continuation-of-the-chapter-the-major-superiors-and-the-general-council-meet-together-in-spain\\\/?lang=en#breadcrumb\",\"itemListElement\":[{\"@type\":\"ListItem\",\"position\":1,\"name\":\"Accueil\",\"item\":\"https:\\\/\\\/www.lamennais.org\\\/\"},{\"@type\":\"ListItem\",\"position\":2,\"name\":\"CONTINUATION OF THE CHAPTER. The Major Superiors and the General Council meet together in Spain\"}]},{\"@type\":\"WebSite\",\"@id\":\"https:\\\/\\\/www.lamennais.org\\\/#website\",\"url\":\"https:\\\/\\\/www.lamennais.org\\\/\",\"name\":\"LaMennais.org\",\"description\":\"Fr\u00e8res de l&#039;Instruction Chr\u00e9tienne et Famille Mennaisienne\",\"potentialAction\":[{\"@type\":\"SearchAction\",\"target\":{\"@type\":\"EntryPoint\",\"urlTemplate\":\"https:\\\/\\\/www.lamennais.org\\\/?s={search_term_string}\"},\"query-input\":{\"@type\":\"PropertyValueSpecification\",\"valueRequired\":true,\"valueName\":\"search_term_string\"}}],\"inLanguage\":\"en-US\"},{\"@type\":\"Person\",\"@id\":\"https:\\\/\\\/www.lamennais.org\\\/#\\\/schema\\\/person\\\/2a8d6e8a95babedd5ba1c43afd2e3844\",\"name\":\"Herv\u00e9 Asse\",\"image\":{\"@type\":\"ImageObject\",\"inLanguage\":\"en-US\",\"@id\":\"https:\\\/\\\/secure.gravatar.com\\\/avatar\\\/1aaa7b1baf759c8b40525f40af381cbaa2b0ddd554f57145bceb0654ba45b4c0?s=96&d=mm&r=g\",\"url\":\"https:\\\/\\\/secure.gravatar.com\\\/avatar\\\/1aaa7b1baf759c8b40525f40af381cbaa2b0ddd554f57145bceb0654ba45b4c0?s=96&d=mm&r=g\",\"contentUrl\":\"https:\\\/\\\/secure.gravatar.com\\\/avatar\\\/1aaa7b1baf759c8b40525f40af381cbaa2b0ddd554f57145bceb0654ba45b4c0?s=96&d=mm&r=g\",\"caption\":\"Herv\u00e9 Asse\"}}]}<\/script>\n<!-- \/ Yoast SEO plugin. -->","yoast_head_json":{"title":"CONTINUATION OF THE CHAPTER. The Major Superiors and the General Council meet together in Spain - LaMennais.org","robots":{"index":"index","follow":"follow","max-snippet":"max-snippet:-1","max-image-preview":"max-image-preview:large","max-video-preview":"max-video-preview:-1"},"canonical":"https:\/\/www.lamennais.org\/continuation-of-the-chapter-the-major-superiors-and-the-general-council-meet-together-in-spain\/?lang=en","og_locale":"en_US","og_type":"article","og_title":"CONTINUATION OF THE CHAPTER. The Major Superiors and the General Council meet together in Spain - LaMennais.org","og_description":"Opening celebration of the session at Portugalete Eleven Major Superiors of the Congregation (Provincials and Visitors) are gathered at Portugalete (Spain) with the members of the General council since April 8th. These regular meetings, asked by the last General Chapter are real meetings of formation for the Major Superiors, an opportunity also to share about [&hellip;]","og_url":"https:\/\/www.lamennais.org\/continuation-of-the-chapter-the-major-superiors-and-the-general-council-meet-together-in-spain\/?lang=en","og_site_name":"LaMennais.org","article_published_time":"2019-04-11T11:00:22+00:00","article_modified_time":"2019-04-12T14:16:17+00:00","og_image":[{"width":1504,"height":1000,"url":"https:\/\/www.lamennais.org\/wp-content\/uploads\/2019\/04\/IMG-20190410-WA0005-1.jpg","type":"image\/jpeg"}],"author":"Herv\u00e9 Asse","twitter_card":"summary_large_image","twitter_misc":{"Written by":"Herv\u00e9 Asse","Est. reading time":"2 minutes"},"schema":{"@context":"https:\/\/schema.org","@graph":[{"@type":"Article","@id":"https:\/\/www.lamennais.org\/continuation-of-the-chapter-the-major-superiors-and-the-general-council-meet-together-in-spain\/?lang=en#article","isPartOf":{"@id":"https:\/\/www.lamennais.org\/continuation-of-the-chapter-the-major-superiors-and-the-general-council-meet-together-in-spain\/?lang=en"},"author":{"name":"Herv\u00e9 Asse","@id":"https:\/\/www.lamennais.org\/#\/schema\/person\/2a8d6e8a95babedd5ba1c43afd2e3844"},"headline":"CONTINUATION OF THE CHAPTER. The Major Superiors and the General Council meet together in Spain","datePublished":"2019-04-11T11:00:22+00:00","dateModified":"2019-04-12T14:16:17+00:00","mainEntityOfPage":{"@id":"https:\/\/www.lamennais.org\/continuation-of-the-chapter-the-major-superiors-and-the-general-council-meet-together-in-spain\/?lang=en"},"wordCount":376,"image":{"@id":"https:\/\/www.lamennais.org\/continuation-of-the-chapter-the-major-superiors-and-the-general-council-meet-together-in-spain\/?lang=en#primaryimage"},"thumbnailUrl":"https:\/\/www.lamennais.org\/wp-content\/uploads\/2019\/04\/IMG-20190410-WA0005-1.jpg","articleSection":["NEWS","News - Brothers"],"inLanguage":"en-US"},{"@type":"WebPage","@id":"https:\/\/www.lamennais.org\/continuation-of-the-chapter-the-major-superiors-and-the-general-council-meet-together-in-spain\/?lang=en","url":"https:\/\/www.lamennais.org\/continuation-of-the-chapter-the-major-superiors-and-the-general-council-meet-together-in-spain\/?lang=en","name":"CONTINUATION OF THE CHAPTER. The Major Superiors and the General Council meet together in Spain - LaMennais.org","isPartOf":{"@id":"https:\/\/www.lamennais.org\/#website"},"primaryImageOfPage":{"@id":"https:\/\/www.lamennais.org\/continuation-of-the-chapter-the-major-superiors-and-the-general-council-meet-together-in-spain\/?lang=en#primaryimage"},"image":{"@id":"https:\/\/www.lamennais.org\/continuation-of-the-chapter-the-major-superiors-and-the-general-council-meet-together-in-spain\/?lang=en#primaryimage"},"thumbnailUrl":"https:\/\/www.lamennais.org\/wp-content\/uploads\/2019\/04\/IMG-20190410-WA0005-1.jpg","datePublished":"2019-04-11T11:00:22+00:00","dateModified":"2019-04-12T14:16:17+00:00","author":{"@id":"https:\/\/www.lamennais.org\/#\/schema\/person\/2a8d6e8a95babedd5ba1c43afd2e3844"},"breadcrumb":{"@id":"https:\/\/www.lamennais.org\/continuation-of-the-chapter-the-major-superiors-and-the-general-council-meet-together-in-spain\/?lang=en#breadcrumb"},"inLanguage":"en-US","potentialAction":[{"@type":"ReadAction","target":["https:\/\/www.lamennais.org\/continuation-of-the-chapter-the-major-superiors-and-the-general-council-meet-together-in-spain\/?lang=en"]}]},{"@type":"ImageObject","inLanguage":"en-US","@id":"https:\/\/www.lamennais.org\/continuation-of-the-chapter-the-major-superiors-and-the-general-council-meet-together-in-spain\/?lang=en#primaryimage","url":"https:\/\/www.lamennais.org\/wp-content\/uploads\/2019\/04\/IMG-20190410-WA0005-1.jpg","contentUrl":"https:\/\/www.lamennais.org\/wp-content\/uploads\/2019\/04\/IMG-20190410-WA0005-1.jpg","width":1504,"height":1000},{"@type":"BreadcrumbList","@id":"https:\/\/www.lamennais.org\/continuation-of-the-chapter-the-major-superiors-and-the-general-council-meet-together-in-spain\/?lang=en#breadcrumb","itemListElement":[{"@type":"ListItem","position":1,"name":"Accueil","item":"https:\/\/www.lamennais.org\/"},{"@type":"ListItem","position":2,"name":"CONTINUATION OF THE CHAPTER. The Major Superiors and the General Council meet together in Spain"}]},{"@type":"WebSite","@id":"https:\/\/www.lamennais.org\/#website","url":"https:\/\/www.lamennais.org\/","name":"LaMennais.org","description":"Fr\u00e8res de l&#039;Instruction Chr\u00e9tienne et Famille Mennaisienne","potentialAction":[{"@type":"SearchAction","target":{"@type":"EntryPoint","urlTemplate":"https:\/\/www.lamennais.org\/?s={search_term_string}"},"query-input":{"@type":"PropertyValueSpecification","valueRequired":true,"valueName":"search_term_string"}}],"inLanguage":"en-US"},{"@type":"Person","@id":"https:\/\/www.lamennais.org\/#\/schema\/person\/2a8d6e8a95babedd5ba1c43afd2e3844","name":"Herv\u00e9 Asse","image":{"@type":"ImageObject","inLanguage":"en-US","@id":"https:\/\/secure.gravatar.com\/avatar\/1aaa7b1baf759c8b40525f40af381cbaa2b0ddd554f57145bceb0654ba45b4c0?s=96&d=mm&r=g","url":"https:\/\/secure.gravatar.com\/avatar\/1aaa7b1baf759c8b40525f40af381cbaa2b0ddd554f57145bceb0654ba45b4c0?s=96&d=mm&r=g","contentUrl":"https:\/\/secure.gravatar.com\/avatar\/1aaa7b1baf759c8b40525f40af381cbaa2b0ddd554f57145bceb0654ba45b4c0?s=96&d=mm&r=g","caption":"Herv\u00e9 Asse"}}]}},"_links":{"self":[{"href":"https:\/\/www.lamennais.org\/en\/wp-json\/wp\/v2\/posts\/20506","targetHints":{"allow":["GET"]}}],"collection":[{"href":"https:\/\/www.lamennais.org\/en\/wp-json\/wp\/v2\/posts"}],"about":[{"href":"https:\/\/www.lamennais.org\/en\/wp-json\/wp\/v2\/types\/post"}],"author":[{"embeddable":true,"href":"https:\/\/www.lamennais.org\/en\/wp-json\/wp\/v2\/users\/3"}],"replies":[{"embeddable":true,"href":"https:\/\/www.lamennais.org\/en\/wp-json\/wp\/v2\/comments?post=20506"}],"version-history":[{"count":3,"href":"https:\/\/www.lamennais.org\/en\/wp-json\/wp\/v2\/posts\/20506\/revisions"}],"predecessor-version":[{"id":20509,"href":"https:\/\/www.lamennais.org\/en\/wp-json\/wp\/v2\/posts\/20506\/revisions\/20509"}],"wp:featuredmedia":[{"embeddable":true,"href":"https:\/\/www.lamennais.org\/en\/wp-json\/wp\/v2\/media\/20477"}],"wp:attachment":[{"href":"https:\/\/www.lamennais.org\/en\/wp-json\/wp\/v2\/media?parent=20506"}],"wp:term":[{"taxonomy":"category","embeddable":true,"href":"https:\/\/www.lamennais.org\/en\/wp-json\/wp\/v2\/categories?post=20506"},{"taxonomy":"post_tag","embeddable":true,"href":"https:\/\/www.lamennais.org\/en\/wp-json\/wp\/v2\/tags?post=20506"}],"curies":[{"name":"wp","href":"https:\/\/api.w.org\/{rel}","templated":true}]}}