{"id":1943,"date":"2015-05-11T12:26:21","date_gmt":"2015-05-11T10:26:21","guid":{"rendered":"http:\/\/www.lamennais.org\/?p=1943"},"modified":"2019-06-25T12:19:32","modified_gmt":"2019-06-25T10:19:32","slug":"famille-mennaisienne-message-du-frere-superieur-general-a-loccasion-de-lassemblee-internationale-de-ploermel-en-aout","status":"publish","type":"post","link":"https:\/\/www.lamennais.org\/en\/famille-mennaisienne-message-du-frere-superieur-general-a-loccasion-de-lassemblee-internationale-de-ploermel-en-aout\/","title":{"rendered":"FAMILLE MENNAISIENNE. Message du Fr\u00e8re Sup\u00e9rieur g\u00e9n\u00e9ral \u00e0 l&#8217;occasion de l&#8217;assembl\u00e9e internationale de Plo\u00ebrmel en ao\u00fbt"},"content":{"rendered":"<p>\u00ab&nbsp;<img decoding=\"async\" class=\"alignright\" src=\"http:\/\/www.lamennais.org\/images\/images2015\/013_famennaisienne01.jpg\">Marchons ensemble dans la joie et l&#8217;esp\u00e9rance&nbsp;\u00bb&nbsp;: tel est le c\u0153ur du message du F. Yannick Houssay, Sup\u00e9rieur g\u00e9n\u00e9ral adress\u00e9 \u00e0 la Famille Mennaisienne \u00e0 l&#8217;occasion de l&#8217;Assembl\u00e9e internationale qui va se d\u00e9rouler \u00e0 Plo\u00ebrmel, France, du 16 au 22 ao\u00fbt prochains<\/p>\n<p align=\"left\"><a href=\"http:\/\/www.lamennais.org\/wp-content\/uploads\/2016\/03\/11_2015lfm_fr.pdf.pdf\" target=\"_blank\" rel=\"noopener noreferrer\">Lettre \u00e0 la Famille mennaisienne<\/a>&nbsp;\u2013 Mai 2015<strong>&nbsp;<\/strong>(pdf \u2013 540 KB)<\/p>\n","protected":false},"excerpt":{"rendered":"<p>\u00ab&nbsp;Marchons ensemble dans la joie et l&#8217;esp\u00e9rance&nbsp;\u00bb&nbsp;: tel est le c\u0153ur du message du F. Yannick Houssay, Sup\u00e9rieur g\u00e9n\u00e9ral adress\u00e9 \u00e0 la Famille Mennaisienne \u00e0 l&#8217;occasion de l&#8217;Assembl\u00e9e internationale qui va se d\u00e9rouler \u00e0 Plo\u00ebrmel, France, du 16 au 22 ao\u00fbt prochains Lettre \u00e0 la Famille mennaisienne&nbsp;\u2013 Mai 2015&nbsp;(pdf \u2013 540 KB)<\/p>\n","protected":false},"author":1,"featured_media":0,"comment_status":"closed","ping_status":"closed","sticky":false,"template":"","format":"standard","meta":{"footnotes":""},"categories":[333],"tags":[],"class_list":["post-1943","post","type-post","status-publish","format-standard","hentry","category-archives"],"yoast_head":"<!-- This site is optimized with the Yoast SEO plugin v27.5 - https:\/\/yoast.com\/product\/yoast-seo-wordpress\/ -->\n<title>FAMILLE MENNAISIENNE. Message du Fr\u00e8re Sup\u00e9rieur g\u00e9n\u00e9ral \u00e0 l&#039;occasion de l&#039;assembl\u00e9e internationale de Plo\u00ebrmel en ao\u00fbt - LaMennais.org<\/title>\n<meta name=\"robots\" content=\"index, follow, max-snippet:-1, max-image-preview:large, max-video-preview:-1\" \/>\n<link rel=\"canonical\" href=\"https:\/\/www.lamennais.org\/famille-mennaisienne-message-du-frere-superieur-general-a-loccasion-de-lassemblee-internationale-de-ploermel-en-aout\/?lang=es\" \/>\n<meta property=\"og:locale\" content=\"en_US\" \/>\n<meta property=\"og:type\" content=\"article\" \/>\n<meta property=\"og:title\" content=\"FAMILLE MENNAISIENNE. Message du Fr\u00e8re Sup\u00e9rieur g\u00e9n\u00e9ral \u00e0 l&#039;occasion de l&#039;assembl\u00e9e internationale de Plo\u00ebrmel en ao\u00fbt - LaMennais.org\" \/>\n<meta property=\"og:description\" content=\"\u00ab&nbsp;Marchons ensemble dans la joie et l&#8217;esp\u00e9rance&nbsp;\u00bb&nbsp;: tel est le c\u0153ur du message du F. Yannick Houssay, Sup\u00e9rieur g\u00e9n\u00e9ral adress\u00e9 \u00e0 la Famille Mennaisienne \u00e0 l&#8217;occasion de l&#8217;Assembl\u00e9e internationale qui va se d\u00e9rouler \u00e0 Plo\u00ebrmel, France, du 16 au 22 ao\u00fbt prochains Lettre \u00e0 la Famille mennaisienne&nbsp;\u2013 Mai 2015&nbsp;(pdf \u2013 540 KB)\" \/>\n<meta property=\"og:url\" content=\"https:\/\/www.lamennais.org\/famille-mennaisienne-message-du-frere-superieur-general-a-loccasion-de-lassemblee-internationale-de-ploermel-en-aout\/?lang=es\" \/>\n<meta property=\"og:site_name\" content=\"LaMennais.org\" \/>\n<meta property=\"article:published_time\" content=\"2015-05-11T10:26:21+00:00\" \/>\n<meta property=\"article:modified_time\" content=\"2019-06-25T10:19:32+00:00\" \/>\n<meta property=\"og:image\" content=\"http:\/\/www.lamennais.org\/images\/images2015\/013_famennaisienne01.jpg\" \/>\n<meta name=\"author\" content=\"admon\" \/>\n<meta name=\"twitter:card\" content=\"summary_large_image\" \/>\n<meta name=\"twitter:label1\" content=\"Written by\" \/>\n\t<meta name=\"twitter:data1\" content=\"admon\" \/>\n<script type=\"application\/ld+json\" class=\"yoast-schema-graph\">{\"@context\":\"https:\\\/\\\/schema.org\",\"@graph\":[{\"@type\":\"Article\",\"@id\":\"https:\\\/\\\/www.lamennais.org\\\/famille-mennaisienne-message-du-frere-superieur-general-a-loccasion-de-lassemblee-internationale-de-ploermel-en-aout\\\/?lang=es#article\",\"isPartOf\":{\"@id\":\"https:\\\/\\\/www.lamennais.org\\\/famille-mennaisienne-message-du-frere-superieur-general-a-loccasion-de-lassemblee-internationale-de-ploermel-en-aout\\\/?lang=es\"},\"author\":{\"name\":\"admon\",\"@id\":\"https:\\\/\\\/www.lamennais.org\\\/#\\\/schema\\\/person\\\/a0284cbd3544e52f538d69e4acf1e58a\"},\"headline\":\"FAMILLE MENNAISIENNE. Message du Fr\u00e8re Sup\u00e9rieur g\u00e9n\u00e9ral \u00e0 l&#8217;occasion de l&#8217;assembl\u00e9e internationale de Plo\u00ebrmel en ao\u00fbt\",\"datePublished\":\"2015-05-11T10:26:21+00:00\",\"dateModified\":\"2019-06-25T10:19:32+00:00\",\"mainEntityOfPage\":{\"@id\":\"https:\\\/\\\/www.lamennais.org\\\/famille-mennaisienne-message-du-frere-superieur-general-a-loccasion-de-lassemblee-internationale-de-ploermel-en-aout\\\/?lang=es\"},\"wordCount\":85,\"image\":{\"@id\":\"https:\\\/\\\/www.lamennais.org\\\/famille-mennaisienne-message-du-frere-superieur-general-a-loccasion-de-lassemblee-internationale-de-ploermel-en-aout\\\/?lang=es#primaryimage\"},\"thumbnailUrl\":\"http:\\\/\\\/www.lamennais.org\\\/images\\\/images2015\\\/013_famennaisienne01.jpg\",\"articleSection\":[\"Archives\"],\"inLanguage\":\"en-US\"},{\"@type\":\"WebPage\",\"@id\":\"https:\\\/\\\/www.lamennais.org\\\/famille-mennaisienne-message-du-frere-superieur-general-a-loccasion-de-lassemblee-internationale-de-ploermel-en-aout\\\/?lang=es\",\"url\":\"https:\\\/\\\/www.lamennais.org\\\/famille-mennaisienne-message-du-frere-superieur-general-a-loccasion-de-lassemblee-internationale-de-ploermel-en-aout\\\/?lang=es\",\"name\":\"FAMILLE MENNAISIENNE. Message du Fr\u00e8re Sup\u00e9rieur g\u00e9n\u00e9ral \u00e0 l'occasion de l'assembl\u00e9e internationale de Plo\u00ebrmel en ao\u00fbt - LaMennais.org\",\"isPartOf\":{\"@id\":\"https:\\\/\\\/www.lamennais.org\\\/#website\"},\"primaryImageOfPage\":{\"@id\":\"https:\\\/\\\/www.lamennais.org\\\/famille-mennaisienne-message-du-frere-superieur-general-a-loccasion-de-lassemblee-internationale-de-ploermel-en-aout\\\/?lang=es#primaryimage\"},\"image\":{\"@id\":\"https:\\\/\\\/www.lamennais.org\\\/famille-mennaisienne-message-du-frere-superieur-general-a-loccasion-de-lassemblee-internationale-de-ploermel-en-aout\\\/?lang=es#primaryimage\"},\"thumbnailUrl\":\"http:\\\/\\\/www.lamennais.org\\\/images\\\/images2015\\\/013_famennaisienne01.jpg\",\"datePublished\":\"2015-05-11T10:26:21+00:00\",\"dateModified\":\"2019-06-25T10:19:32+00:00\",\"author\":{\"@id\":\"https:\\\/\\\/www.lamennais.org\\\/#\\\/schema\\\/person\\\/a0284cbd3544e52f538d69e4acf1e58a\"},\"breadcrumb\":{\"@id\":\"https:\\\/\\\/www.lamennais.org\\\/famille-mennaisienne-message-du-frere-superieur-general-a-loccasion-de-lassemblee-internationale-de-ploermel-en-aout\\\/?lang=es#breadcrumb\"},\"inLanguage\":\"en-US\",\"potentialAction\":[{\"@type\":\"ReadAction\",\"target\":[\"https:\\\/\\\/www.lamennais.org\\\/famille-mennaisienne-message-du-frere-superieur-general-a-loccasion-de-lassemblee-internationale-de-ploermel-en-aout\\\/?lang=es\"]}]},{\"@type\":\"ImageObject\",\"inLanguage\":\"en-US\",\"@id\":\"https:\\\/\\\/www.lamennais.org\\\/famille-mennaisienne-message-du-frere-superieur-general-a-loccasion-de-lassemblee-internationale-de-ploermel-en-aout\\\/?lang=es#primaryimage\",\"url\":\"http:\\\/\\\/www.lamennais.org\\\/images\\\/images2015\\\/013_famennaisienne01.jpg\",\"contentUrl\":\"http:\\\/\\\/www.lamennais.org\\\/images\\\/images2015\\\/013_famennaisienne01.jpg\"},{\"@type\":\"BreadcrumbList\",\"@id\":\"https:\\\/\\\/www.lamennais.org\\\/famille-mennaisienne-message-du-frere-superieur-general-a-loccasion-de-lassemblee-internationale-de-ploermel-en-aout\\\/?lang=es#breadcrumb\",\"itemListElement\":[{\"@type\":\"ListItem\",\"position\":1,\"name\":\"Accueil\",\"item\":\"https:\\\/\\\/www.lamennais.org\\\/\"},{\"@type\":\"ListItem\",\"position\":2,\"name\":\"FAMILLE MENNAISIENNE. Message du Fr\u00e8re Sup\u00e9rieur g\u00e9n\u00e9ral \u00e0 l&#8217;occasion de l&#8217;assembl\u00e9e internationale de Plo\u00ebrmel en ao\u00fbt\"}]},{\"@type\":\"WebSite\",\"@id\":\"https:\\\/\\\/www.lamennais.org\\\/#website\",\"url\":\"https:\\\/\\\/www.lamennais.org\\\/\",\"name\":\"LaMennais.org\",\"description\":\"Fr\u00e8res de l&#039;Instruction Chr\u00e9tienne et Famille Mennaisienne\",\"potentialAction\":[{\"@type\":\"SearchAction\",\"target\":{\"@type\":\"EntryPoint\",\"urlTemplate\":\"https:\\\/\\\/www.lamennais.org\\\/?s={search_term_string}\"},\"query-input\":{\"@type\":\"PropertyValueSpecification\",\"valueRequired\":true,\"valueName\":\"search_term_string\"}}],\"inLanguage\":\"en-US\"},{\"@type\":\"Person\",\"@id\":\"https:\\\/\\\/www.lamennais.org\\\/#\\\/schema\\\/person\\\/a0284cbd3544e52f538d69e4acf1e58a\",\"name\":\"admon\",\"image\":{\"@type\":\"ImageObject\",\"inLanguage\":\"en-US\",\"@id\":\"https:\\\/\\\/secure.gravatar.com\\\/avatar\\\/e69e6842b80ff10350a4c83f8c2e6ed6596fd887741cad3e5032828126fba0f2?s=96&d=mm&r=g\",\"url\":\"https:\\\/\\\/secure.gravatar.com\\\/avatar\\\/e69e6842b80ff10350a4c83f8c2e6ed6596fd887741cad3e5032828126fba0f2?s=96&d=mm&r=g\",\"contentUrl\":\"https:\\\/\\\/secure.gravatar.com\\\/avatar\\\/e69e6842b80ff10350a4c83f8c2e6ed6596fd887741cad3e5032828126fba0f2?s=96&d=mm&r=g\",\"caption\":\"admon\"}}]}<\/script>\n<!-- \/ Yoast SEO plugin. -->","yoast_head_json":{"title":"FAMILLE MENNAISIENNE. Message du Fr\u00e8re Sup\u00e9rieur g\u00e9n\u00e9ral \u00e0 l'occasion de l'assembl\u00e9e internationale de Plo\u00ebrmel en ao\u00fbt - LaMennais.org","robots":{"index":"index","follow":"follow","max-snippet":"max-snippet:-1","max-image-preview":"max-image-preview:large","max-video-preview":"max-video-preview:-1"},"canonical":"https:\/\/www.lamennais.org\/famille-mennaisienne-message-du-frere-superieur-general-a-loccasion-de-lassemblee-internationale-de-ploermel-en-aout\/?lang=es","og_locale":"en_US","og_type":"article","og_title":"FAMILLE MENNAISIENNE. Message du Fr\u00e8re Sup\u00e9rieur g\u00e9n\u00e9ral \u00e0 l'occasion de l'assembl\u00e9e internationale de Plo\u00ebrmel en ao\u00fbt - LaMennais.org","og_description":"\u00ab&nbsp;Marchons ensemble dans la joie et l&#8217;esp\u00e9rance&nbsp;\u00bb&nbsp;: tel est le c\u0153ur du message du F. Yannick Houssay, Sup\u00e9rieur g\u00e9n\u00e9ral adress\u00e9 \u00e0 la Famille Mennaisienne \u00e0 l&#8217;occasion de l&#8217;Assembl\u00e9e internationale qui va se d\u00e9rouler \u00e0 Plo\u00ebrmel, France, du 16 au 22 ao\u00fbt prochains Lettre \u00e0 la Famille mennaisienne&nbsp;\u2013 Mai 2015&nbsp;(pdf \u2013 540 KB)","og_url":"https:\/\/www.lamennais.org\/famille-mennaisienne-message-du-frere-superieur-general-a-loccasion-de-lassemblee-internationale-de-ploermel-en-aout\/?lang=es","og_site_name":"LaMennais.org","article_published_time":"2015-05-11T10:26:21+00:00","article_modified_time":"2019-06-25T10:19:32+00:00","og_image":[{"url":"http:\/\/www.lamennais.org\/images\/images2015\/013_famennaisienne01.jpg","type":"","width":"","height":""}],"author":"admon","twitter_card":"summary_large_image","twitter_misc":{"Written by":"admon"},"schema":{"@context":"https:\/\/schema.org","@graph":[{"@type":"Article","@id":"https:\/\/www.lamennais.org\/famille-mennaisienne-message-du-frere-superieur-general-a-loccasion-de-lassemblee-internationale-de-ploermel-en-aout\/?lang=es#article","isPartOf":{"@id":"https:\/\/www.lamennais.org\/famille-mennaisienne-message-du-frere-superieur-general-a-loccasion-de-lassemblee-internationale-de-ploermel-en-aout\/?lang=es"},"author":{"name":"admon","@id":"https:\/\/www.lamennais.org\/#\/schema\/person\/a0284cbd3544e52f538d69e4acf1e58a"},"headline":"FAMILLE MENNAISIENNE. Message du Fr\u00e8re Sup\u00e9rieur g\u00e9n\u00e9ral \u00e0 l&#8217;occasion de l&#8217;assembl\u00e9e internationale de Plo\u00ebrmel en ao\u00fbt","datePublished":"2015-05-11T10:26:21+00:00","dateModified":"2019-06-25T10:19:32+00:00","mainEntityOfPage":{"@id":"https:\/\/www.lamennais.org\/famille-mennaisienne-message-du-frere-superieur-general-a-loccasion-de-lassemblee-internationale-de-ploermel-en-aout\/?lang=es"},"wordCount":85,"image":{"@id":"https:\/\/www.lamennais.org\/famille-mennaisienne-message-du-frere-superieur-general-a-loccasion-de-lassemblee-internationale-de-ploermel-en-aout\/?lang=es#primaryimage"},"thumbnailUrl":"http:\/\/www.lamennais.org\/images\/images2015\/013_famennaisienne01.jpg","articleSection":["Archives"],"inLanguage":"en-US"},{"@type":"WebPage","@id":"https:\/\/www.lamennais.org\/famille-mennaisienne-message-du-frere-superieur-general-a-loccasion-de-lassemblee-internationale-de-ploermel-en-aout\/?lang=es","url":"https:\/\/www.lamennais.org\/famille-mennaisienne-message-du-frere-superieur-general-a-loccasion-de-lassemblee-internationale-de-ploermel-en-aout\/?lang=es","name":"FAMILLE MENNAISIENNE. Message du Fr\u00e8re Sup\u00e9rieur g\u00e9n\u00e9ral \u00e0 l'occasion de l'assembl\u00e9e internationale de Plo\u00ebrmel en ao\u00fbt - LaMennais.org","isPartOf":{"@id":"https:\/\/www.lamennais.org\/#website"},"primaryImageOfPage":{"@id":"https:\/\/www.lamennais.org\/famille-mennaisienne-message-du-frere-superieur-general-a-loccasion-de-lassemblee-internationale-de-ploermel-en-aout\/?lang=es#primaryimage"},"image":{"@id":"https:\/\/www.lamennais.org\/famille-mennaisienne-message-du-frere-superieur-general-a-loccasion-de-lassemblee-internationale-de-ploermel-en-aout\/?lang=es#primaryimage"},"thumbnailUrl":"http:\/\/www.lamennais.org\/images\/images2015\/013_famennaisienne01.jpg","datePublished":"2015-05-11T10:26:21+00:00","dateModified":"2019-06-25T10:19:32+00:00","author":{"@id":"https:\/\/www.lamennais.org\/#\/schema\/person\/a0284cbd3544e52f538d69e4acf1e58a"},"breadcrumb":{"@id":"https:\/\/www.lamennais.org\/famille-mennaisienne-message-du-frere-superieur-general-a-loccasion-de-lassemblee-internationale-de-ploermel-en-aout\/?lang=es#breadcrumb"},"inLanguage":"en-US","potentialAction":[{"@type":"ReadAction","target":["https:\/\/www.lamennais.org\/famille-mennaisienne-message-du-frere-superieur-general-a-loccasion-de-lassemblee-internationale-de-ploermel-en-aout\/?lang=es"]}]},{"@type":"ImageObject","inLanguage":"en-US","@id":"https:\/\/www.lamennais.org\/famille-mennaisienne-message-du-frere-superieur-general-a-loccasion-de-lassemblee-internationale-de-ploermel-en-aout\/?lang=es#primaryimage","url":"http:\/\/www.lamennais.org\/images\/images2015\/013_famennaisienne01.jpg","contentUrl":"http:\/\/www.lamennais.org\/images\/images2015\/013_famennaisienne01.jpg"},{"@type":"BreadcrumbList","@id":"https:\/\/www.lamennais.org\/famille-mennaisienne-message-du-frere-superieur-general-a-loccasion-de-lassemblee-internationale-de-ploermel-en-aout\/?lang=es#breadcrumb","itemListElement":[{"@type":"ListItem","position":1,"name":"Accueil","item":"https:\/\/www.lamennais.org\/"},{"@type":"ListItem","position":2,"name":"FAMILLE MENNAISIENNE. Message du Fr\u00e8re Sup\u00e9rieur g\u00e9n\u00e9ral \u00e0 l&#8217;occasion de l&#8217;assembl\u00e9e internationale de Plo\u00ebrmel en ao\u00fbt"}]},{"@type":"WebSite","@id":"https:\/\/www.lamennais.org\/#website","url":"https:\/\/www.lamennais.org\/","name":"LaMennais.org","description":"Fr\u00e8res de l&#039;Instruction Chr\u00e9tienne et Famille Mennaisienne","potentialAction":[{"@type":"SearchAction","target":{"@type":"EntryPoint","urlTemplate":"https:\/\/www.lamennais.org\/?s={search_term_string}"},"query-input":{"@type":"PropertyValueSpecification","valueRequired":true,"valueName":"search_term_string"}}],"inLanguage":"en-US"},{"@type":"Person","@id":"https:\/\/www.lamennais.org\/#\/schema\/person\/a0284cbd3544e52f538d69e4acf1e58a","name":"admon","image":{"@type":"ImageObject","inLanguage":"en-US","@id":"https:\/\/secure.gravatar.com\/avatar\/e69e6842b80ff10350a4c83f8c2e6ed6596fd887741cad3e5032828126fba0f2?s=96&d=mm&r=g","url":"https:\/\/secure.gravatar.com\/avatar\/e69e6842b80ff10350a4c83f8c2e6ed6596fd887741cad3e5032828126fba0f2?s=96&d=mm&r=g","contentUrl":"https:\/\/secure.gravatar.com\/avatar\/e69e6842b80ff10350a4c83f8c2e6ed6596fd887741cad3e5032828126fba0f2?s=96&d=mm&r=g","caption":"admon"}}]}},"_links":{"self":[{"href":"https:\/\/www.lamennais.org\/en\/wp-json\/wp\/v2\/posts\/1943","targetHints":{"allow":["GET"]}}],"collection":[{"href":"https:\/\/www.lamennais.org\/en\/wp-json\/wp\/v2\/posts"}],"about":[{"href":"https:\/\/www.lamennais.org\/en\/wp-json\/wp\/v2\/types\/post"}],"author":[{"embeddable":true,"href":"https:\/\/www.lamennais.org\/en\/wp-json\/wp\/v2\/users\/1"}],"replies":[{"embeddable":true,"href":"https:\/\/www.lamennais.org\/en\/wp-json\/wp\/v2\/comments?post=1943"}],"version-history":[{"count":4,"href":"https:\/\/www.lamennais.org\/en\/wp-json\/wp\/v2\/posts\/1943\/revisions"}],"predecessor-version":[{"id":22241,"href":"https:\/\/www.lamennais.org\/en\/wp-json\/wp\/v2\/posts\/1943\/revisions\/22241"}],"wp:attachment":[{"href":"https:\/\/www.lamennais.org\/en\/wp-json\/wp\/v2\/media?parent=1943"}],"wp:term":[{"taxonomy":"category","embeddable":true,"href":"https:\/\/www.lamennais.org\/en\/wp-json\/wp\/v2\/categories?post=1943"},{"taxonomy":"post_tag","embeddable":true,"href":"https:\/\/www.lamennais.org\/en\/wp-json\/wp\/v2\/tags?post=1943"}],"curies":[{"name":"wp","href":"https:\/\/api.w.org\/{rel}","templated":true}]}}