{"id":1924,"date":"2015-03-06T11:44:57","date_gmt":"2015-03-06T10:44:57","guid":{"rendered":"http:\/\/www.lamennais.org\/?p=1924"},"modified":"2019-06-25T12:14:35","modified_gmt":"2019-06-25T10:14:35","slug":"espagne-assemblee-deducation-a-santo-domingo-le-21-fevrier","status":"publish","type":"post","link":"https:\/\/www.lamennais.org\/en\/espagne-assemblee-deducation-a-santo-domingo-le-21-fevrier\/","title":{"rendered":"ESPAGNE. Assembl\u00e9e d&#8217;\u00e9ducation \u00e0 Santo Domingo, le 21 f\u00e9vrier."},"content":{"rendered":"<p>L&#8217;Assembl\u00e9e d&#8217;Education s&#8217;est retrouv\u00e9e samedi dernier, 21 f\u00e9vrier, \u00e0 Santo Domingo de la Calzada avec des repr\u00e9sentants la\u00efcs et des Fr\u00e8res de tous les \u00e9tablissements de la Province.<\/p>\n<p>Le froid ext\u00e9rieur contrastait avec le d\u00e9sir ardent de vouloir continuer \u00e0 construire le Royaume pour et avec les jeunes qui nous sont confi\u00e9s.<\/p>\n<p>L&#8217;avenir n&#8217;est pas incertain&nbsp;: les protagonistes de l&#8217;assembl\u00e9e ont affirm\u00e9 \u00eatre dans la main de Dieu.<\/p>\n<p>Le Chapitre de la Province de Notre-Dame del Pilar&#8221; avait dit : &#8220;On demande au fr\u00e8re Provincial et \u00e0 son Conseil d&#8217;organiser une Assembl\u00e9e d&#8217;Education pour orienter le fonctionnement de la Mission Educative. Le Conseil de Province \u00e9tablira les membres (selon la repr\u00e9sentativit\u00e9 du nombre d&#8217;\u00e9ducateurs dans chaque \u00e9tablissement), le rythme (au moins une fois par an) et les comp\u00e9tences (pour \u00e9valuer, d\u00e9battre, imaginer et discerner). C&#8217;est cette Assembl\u00e9e qui propose au fr\u00e8re Provincial et son Conseil, les la\u00efcs qui formeront partie de l&#8217;Equipe de Mission.&#8221;<\/p>\n<p align=\"center\"><img fetchpriority=\"high\" decoding=\"async\" src=\"http:\/\/www.lamennais.org\/images\/images2015\/006_espagne.jpg\" width=\"460\" height=\"307\"><\/p>\n","protected":false},"excerpt":{"rendered":"<p>L&#8217;Assembl\u00e9e d&#8217;Education s&#8217;est retrouv\u00e9e samedi dernier, 21 f\u00e9vrier, \u00e0 Santo Domingo de la Calzada avec des repr\u00e9sentants la\u00efcs et des Fr\u00e8res de tous les \u00e9tablissements de la Province. Le froid ext\u00e9rieur contrastait avec le d\u00e9sir ardent de vouloir continuer \u00e0 construire le Royaume pour et avec les jeunes qui nous sont confi\u00e9s. L&#8217;avenir n&#8217;est pas [&hellip;]<\/p>\n","protected":false},"author":1,"featured_media":0,"comment_status":"closed","ping_status":"closed","sticky":false,"template":"","format":"standard","meta":{"footnotes":""},"categories":[333],"tags":[],"class_list":["post-1924","post","type-post","status-publish","format-standard","hentry","category-archives"],"yoast_head":"<!-- This site is optimized with the Yoast SEO plugin v27.4 - https:\/\/yoast.com\/product\/yoast-seo-wordpress\/ -->\n<title>ESPAGNE. Assembl\u00e9e d&#039;\u00e9ducation \u00e0 Santo Domingo, le 21 f\u00e9vrier. - LaMennais.org<\/title>\n<meta name=\"robots\" content=\"index, follow, max-snippet:-1, max-image-preview:large, max-video-preview:-1\" \/>\n<link rel=\"canonical\" href=\"https:\/\/www.lamennais.org\/espagne-assemblee-deducation-a-santo-domingo-le-21-fevrier\/?lang=es\" \/>\n<meta property=\"og:locale\" content=\"en_US\" \/>\n<meta property=\"og:type\" content=\"article\" \/>\n<meta property=\"og:title\" content=\"ESPAGNE. Assembl\u00e9e d&#039;\u00e9ducation \u00e0 Santo Domingo, le 21 f\u00e9vrier. - LaMennais.org\" \/>\n<meta property=\"og:description\" content=\"L&#8217;Assembl\u00e9e d&#8217;Education s&#8217;est retrouv\u00e9e samedi dernier, 21 f\u00e9vrier, \u00e0 Santo Domingo de la Calzada avec des repr\u00e9sentants la\u00efcs et des Fr\u00e8res de tous les \u00e9tablissements de la Province. Le froid ext\u00e9rieur contrastait avec le d\u00e9sir ardent de vouloir continuer \u00e0 construire le Royaume pour et avec les jeunes qui nous sont confi\u00e9s. L&#8217;avenir n&#8217;est pas [&hellip;]\" \/>\n<meta property=\"og:url\" content=\"https:\/\/www.lamennais.org\/espagne-assemblee-deducation-a-santo-domingo-le-21-fevrier\/?lang=es\" \/>\n<meta property=\"og:site_name\" content=\"LaMennais.org\" \/>\n<meta property=\"article:published_time\" content=\"2015-03-06T10:44:57+00:00\" \/>\n<meta property=\"article:modified_time\" content=\"2019-06-25T10:14:35+00:00\" \/>\n<meta property=\"og:image\" content=\"http:\/\/www.lamennais.org\/images\/images2015\/006_espagne.jpg\" \/>\n<meta name=\"author\" content=\"admon\" \/>\n<meta name=\"twitter:card\" content=\"summary_large_image\" \/>\n<meta name=\"twitter:label1\" content=\"Written by\" \/>\n\t<meta name=\"twitter:data1\" content=\"admon\" \/>\n\t<meta name=\"twitter:label2\" content=\"Est. reading time\" \/>\n\t<meta name=\"twitter:data2\" content=\"1 minute\" \/>\n<script type=\"application\/ld+json\" class=\"yoast-schema-graph\">{\"@context\":\"https:\\\/\\\/schema.org\",\"@graph\":[{\"@type\":\"Article\",\"@id\":\"https:\\\/\\\/www.lamennais.org\\\/espagne-assemblee-deducation-a-santo-domingo-le-21-fevrier\\\/?lang=es#article\",\"isPartOf\":{\"@id\":\"https:\\\/\\\/www.lamennais.org\\\/espagne-assemblee-deducation-a-santo-domingo-le-21-fevrier\\\/?lang=es\"},\"author\":{\"name\":\"admon\",\"@id\":\"https:\\\/\\\/www.lamennais.org\\\/#\\\/schema\\\/person\\\/a0284cbd3544e52f538d69e4acf1e58a\"},\"headline\":\"ESPAGNE. Assembl\u00e9e d&#8217;\u00e9ducation \u00e0 Santo Domingo, le 21 f\u00e9vrier.\",\"datePublished\":\"2015-03-06T10:44:57+00:00\",\"dateModified\":\"2019-06-25T10:14:35+00:00\",\"mainEntityOfPage\":{\"@id\":\"https:\\\/\\\/www.lamennais.org\\\/espagne-assemblee-deducation-a-santo-domingo-le-21-fevrier\\\/?lang=es\"},\"wordCount\":189,\"image\":{\"@id\":\"https:\\\/\\\/www.lamennais.org\\\/espagne-assemblee-deducation-a-santo-domingo-le-21-fevrier\\\/?lang=es#primaryimage\"},\"thumbnailUrl\":\"http:\\\/\\\/www.lamennais.org\\\/images\\\/images2015\\\/006_espagne.jpg\",\"articleSection\":[\"Archives\"],\"inLanguage\":\"en-US\"},{\"@type\":\"WebPage\",\"@id\":\"https:\\\/\\\/www.lamennais.org\\\/espagne-assemblee-deducation-a-santo-domingo-le-21-fevrier\\\/?lang=es\",\"url\":\"https:\\\/\\\/www.lamennais.org\\\/espagne-assemblee-deducation-a-santo-domingo-le-21-fevrier\\\/?lang=es\",\"name\":\"ESPAGNE. Assembl\u00e9e d'\u00e9ducation \u00e0 Santo Domingo, le 21 f\u00e9vrier. - LaMennais.org\",\"isPartOf\":{\"@id\":\"https:\\\/\\\/www.lamennais.org\\\/#website\"},\"primaryImageOfPage\":{\"@id\":\"https:\\\/\\\/www.lamennais.org\\\/espagne-assemblee-deducation-a-santo-domingo-le-21-fevrier\\\/?lang=es#primaryimage\"},\"image\":{\"@id\":\"https:\\\/\\\/www.lamennais.org\\\/espagne-assemblee-deducation-a-santo-domingo-le-21-fevrier\\\/?lang=es#primaryimage\"},\"thumbnailUrl\":\"http:\\\/\\\/www.lamennais.org\\\/images\\\/images2015\\\/006_espagne.jpg\",\"datePublished\":\"2015-03-06T10:44:57+00:00\",\"dateModified\":\"2019-06-25T10:14:35+00:00\",\"author\":{\"@id\":\"https:\\\/\\\/www.lamennais.org\\\/#\\\/schema\\\/person\\\/a0284cbd3544e52f538d69e4acf1e58a\"},\"breadcrumb\":{\"@id\":\"https:\\\/\\\/www.lamennais.org\\\/espagne-assemblee-deducation-a-santo-domingo-le-21-fevrier\\\/?lang=es#breadcrumb\"},\"inLanguage\":\"en-US\",\"potentialAction\":[{\"@type\":\"ReadAction\",\"target\":[\"https:\\\/\\\/www.lamennais.org\\\/espagne-assemblee-deducation-a-santo-domingo-le-21-fevrier\\\/?lang=es\"]}]},{\"@type\":\"ImageObject\",\"inLanguage\":\"en-US\",\"@id\":\"https:\\\/\\\/www.lamennais.org\\\/espagne-assemblee-deducation-a-santo-domingo-le-21-fevrier\\\/?lang=es#primaryimage\",\"url\":\"http:\\\/\\\/www.lamennais.org\\\/images\\\/images2015\\\/006_espagne.jpg\",\"contentUrl\":\"http:\\\/\\\/www.lamennais.org\\\/images\\\/images2015\\\/006_espagne.jpg\"},{\"@type\":\"BreadcrumbList\",\"@id\":\"https:\\\/\\\/www.lamennais.org\\\/espagne-assemblee-deducation-a-santo-domingo-le-21-fevrier\\\/?lang=es#breadcrumb\",\"itemListElement\":[{\"@type\":\"ListItem\",\"position\":1,\"name\":\"Accueil\",\"item\":\"https:\\\/\\\/www.lamennais.org\\\/\"},{\"@type\":\"ListItem\",\"position\":2,\"name\":\"ESPAGNE. Assembl\u00e9e d&#8217;\u00e9ducation \u00e0 Santo Domingo, le 21 f\u00e9vrier.\"}]},{\"@type\":\"WebSite\",\"@id\":\"https:\\\/\\\/www.lamennais.org\\\/#website\",\"url\":\"https:\\\/\\\/www.lamennais.org\\\/\",\"name\":\"LaMennais.org\",\"description\":\"Fr\u00e8res de l&#039;Instruction Chr\u00e9tienne et Famille Mennaisienne\",\"potentialAction\":[{\"@type\":\"SearchAction\",\"target\":{\"@type\":\"EntryPoint\",\"urlTemplate\":\"https:\\\/\\\/www.lamennais.org\\\/?s={search_term_string}\"},\"query-input\":{\"@type\":\"PropertyValueSpecification\",\"valueRequired\":true,\"valueName\":\"search_term_string\"}}],\"inLanguage\":\"en-US\"},{\"@type\":\"Person\",\"@id\":\"https:\\\/\\\/www.lamennais.org\\\/#\\\/schema\\\/person\\\/a0284cbd3544e52f538d69e4acf1e58a\",\"name\":\"admon\",\"image\":{\"@type\":\"ImageObject\",\"inLanguage\":\"en-US\",\"@id\":\"https:\\\/\\\/secure.gravatar.com\\\/avatar\\\/e69e6842b80ff10350a4c83f8c2e6ed6596fd887741cad3e5032828126fba0f2?s=96&d=mm&r=g\",\"url\":\"https:\\\/\\\/secure.gravatar.com\\\/avatar\\\/e69e6842b80ff10350a4c83f8c2e6ed6596fd887741cad3e5032828126fba0f2?s=96&d=mm&r=g\",\"contentUrl\":\"https:\\\/\\\/secure.gravatar.com\\\/avatar\\\/e69e6842b80ff10350a4c83f8c2e6ed6596fd887741cad3e5032828126fba0f2?s=96&d=mm&r=g\",\"caption\":\"admon\"}}]}<\/script>\n<!-- \/ Yoast SEO plugin. -->","yoast_head_json":{"title":"ESPAGNE. Assembl\u00e9e d'\u00e9ducation \u00e0 Santo Domingo, le 21 f\u00e9vrier. - LaMennais.org","robots":{"index":"index","follow":"follow","max-snippet":"max-snippet:-1","max-image-preview":"max-image-preview:large","max-video-preview":"max-video-preview:-1"},"canonical":"https:\/\/www.lamennais.org\/espagne-assemblee-deducation-a-santo-domingo-le-21-fevrier\/?lang=es","og_locale":"en_US","og_type":"article","og_title":"ESPAGNE. Assembl\u00e9e d'\u00e9ducation \u00e0 Santo Domingo, le 21 f\u00e9vrier. - LaMennais.org","og_description":"L&#8217;Assembl\u00e9e d&#8217;Education s&#8217;est retrouv\u00e9e samedi dernier, 21 f\u00e9vrier, \u00e0 Santo Domingo de la Calzada avec des repr\u00e9sentants la\u00efcs et des Fr\u00e8res de tous les \u00e9tablissements de la Province. Le froid ext\u00e9rieur contrastait avec le d\u00e9sir ardent de vouloir continuer \u00e0 construire le Royaume pour et avec les jeunes qui nous sont confi\u00e9s. L&#8217;avenir n&#8217;est pas [&hellip;]","og_url":"https:\/\/www.lamennais.org\/espagne-assemblee-deducation-a-santo-domingo-le-21-fevrier\/?lang=es","og_site_name":"LaMennais.org","article_published_time":"2015-03-06T10:44:57+00:00","article_modified_time":"2019-06-25T10:14:35+00:00","og_image":[{"url":"http:\/\/www.lamennais.org\/images\/images2015\/006_espagne.jpg","type":"","width":"","height":""}],"author":"admon","twitter_card":"summary_large_image","twitter_misc":{"Written by":"admon","Est. reading time":"1 minute"},"schema":{"@context":"https:\/\/schema.org","@graph":[{"@type":"Article","@id":"https:\/\/www.lamennais.org\/espagne-assemblee-deducation-a-santo-domingo-le-21-fevrier\/?lang=es#article","isPartOf":{"@id":"https:\/\/www.lamennais.org\/espagne-assemblee-deducation-a-santo-domingo-le-21-fevrier\/?lang=es"},"author":{"name":"admon","@id":"https:\/\/www.lamennais.org\/#\/schema\/person\/a0284cbd3544e52f538d69e4acf1e58a"},"headline":"ESPAGNE. Assembl\u00e9e d&#8217;\u00e9ducation \u00e0 Santo Domingo, le 21 f\u00e9vrier.","datePublished":"2015-03-06T10:44:57+00:00","dateModified":"2019-06-25T10:14:35+00:00","mainEntityOfPage":{"@id":"https:\/\/www.lamennais.org\/espagne-assemblee-deducation-a-santo-domingo-le-21-fevrier\/?lang=es"},"wordCount":189,"image":{"@id":"https:\/\/www.lamennais.org\/espagne-assemblee-deducation-a-santo-domingo-le-21-fevrier\/?lang=es#primaryimage"},"thumbnailUrl":"http:\/\/www.lamennais.org\/images\/images2015\/006_espagne.jpg","articleSection":["Archives"],"inLanguage":"en-US"},{"@type":"WebPage","@id":"https:\/\/www.lamennais.org\/espagne-assemblee-deducation-a-santo-domingo-le-21-fevrier\/?lang=es","url":"https:\/\/www.lamennais.org\/espagne-assemblee-deducation-a-santo-domingo-le-21-fevrier\/?lang=es","name":"ESPAGNE. Assembl\u00e9e d'\u00e9ducation \u00e0 Santo Domingo, le 21 f\u00e9vrier. - LaMennais.org","isPartOf":{"@id":"https:\/\/www.lamennais.org\/#website"},"primaryImageOfPage":{"@id":"https:\/\/www.lamennais.org\/espagne-assemblee-deducation-a-santo-domingo-le-21-fevrier\/?lang=es#primaryimage"},"image":{"@id":"https:\/\/www.lamennais.org\/espagne-assemblee-deducation-a-santo-domingo-le-21-fevrier\/?lang=es#primaryimage"},"thumbnailUrl":"http:\/\/www.lamennais.org\/images\/images2015\/006_espagne.jpg","datePublished":"2015-03-06T10:44:57+00:00","dateModified":"2019-06-25T10:14:35+00:00","author":{"@id":"https:\/\/www.lamennais.org\/#\/schema\/person\/a0284cbd3544e52f538d69e4acf1e58a"},"breadcrumb":{"@id":"https:\/\/www.lamennais.org\/espagne-assemblee-deducation-a-santo-domingo-le-21-fevrier\/?lang=es#breadcrumb"},"inLanguage":"en-US","potentialAction":[{"@type":"ReadAction","target":["https:\/\/www.lamennais.org\/espagne-assemblee-deducation-a-santo-domingo-le-21-fevrier\/?lang=es"]}]},{"@type":"ImageObject","inLanguage":"en-US","@id":"https:\/\/www.lamennais.org\/espagne-assemblee-deducation-a-santo-domingo-le-21-fevrier\/?lang=es#primaryimage","url":"http:\/\/www.lamennais.org\/images\/images2015\/006_espagne.jpg","contentUrl":"http:\/\/www.lamennais.org\/images\/images2015\/006_espagne.jpg"},{"@type":"BreadcrumbList","@id":"https:\/\/www.lamennais.org\/espagne-assemblee-deducation-a-santo-domingo-le-21-fevrier\/?lang=es#breadcrumb","itemListElement":[{"@type":"ListItem","position":1,"name":"Accueil","item":"https:\/\/www.lamennais.org\/"},{"@type":"ListItem","position":2,"name":"ESPAGNE. Assembl\u00e9e d&#8217;\u00e9ducation \u00e0 Santo Domingo, le 21 f\u00e9vrier."}]},{"@type":"WebSite","@id":"https:\/\/www.lamennais.org\/#website","url":"https:\/\/www.lamennais.org\/","name":"LaMennais.org","description":"Fr\u00e8res de l&#039;Instruction Chr\u00e9tienne et Famille Mennaisienne","potentialAction":[{"@type":"SearchAction","target":{"@type":"EntryPoint","urlTemplate":"https:\/\/www.lamennais.org\/?s={search_term_string}"},"query-input":{"@type":"PropertyValueSpecification","valueRequired":true,"valueName":"search_term_string"}}],"inLanguage":"en-US"},{"@type":"Person","@id":"https:\/\/www.lamennais.org\/#\/schema\/person\/a0284cbd3544e52f538d69e4acf1e58a","name":"admon","image":{"@type":"ImageObject","inLanguage":"en-US","@id":"https:\/\/secure.gravatar.com\/avatar\/e69e6842b80ff10350a4c83f8c2e6ed6596fd887741cad3e5032828126fba0f2?s=96&d=mm&r=g","url":"https:\/\/secure.gravatar.com\/avatar\/e69e6842b80ff10350a4c83f8c2e6ed6596fd887741cad3e5032828126fba0f2?s=96&d=mm&r=g","contentUrl":"https:\/\/secure.gravatar.com\/avatar\/e69e6842b80ff10350a4c83f8c2e6ed6596fd887741cad3e5032828126fba0f2?s=96&d=mm&r=g","caption":"admon"}}]}},"_links":{"self":[{"href":"https:\/\/www.lamennais.org\/en\/wp-json\/wp\/v2\/posts\/1924","targetHints":{"allow":["GET"]}}],"collection":[{"href":"https:\/\/www.lamennais.org\/en\/wp-json\/wp\/v2\/posts"}],"about":[{"href":"https:\/\/www.lamennais.org\/en\/wp-json\/wp\/v2\/types\/post"}],"author":[{"embeddable":true,"href":"https:\/\/www.lamennais.org\/en\/wp-json\/wp\/v2\/users\/1"}],"replies":[{"embeddable":true,"href":"https:\/\/www.lamennais.org\/en\/wp-json\/wp\/v2\/comments?post=1924"}],"version-history":[{"count":3,"href":"https:\/\/www.lamennais.org\/en\/wp-json\/wp\/v2\/posts\/1924\/revisions"}],"predecessor-version":[{"id":22237,"href":"https:\/\/www.lamennais.org\/en\/wp-json\/wp\/v2\/posts\/1924\/revisions\/22237"}],"wp:attachment":[{"href":"https:\/\/www.lamennais.org\/en\/wp-json\/wp\/v2\/media?parent=1924"}],"wp:term":[{"taxonomy":"category","embeddable":true,"href":"https:\/\/www.lamennais.org\/en\/wp-json\/wp\/v2\/categories?post=1924"},{"taxonomy":"post_tag","embeddable":true,"href":"https:\/\/www.lamennais.org\/en\/wp-json\/wp\/v2\/tags?post=1924"}],"curies":[{"name":"wp","href":"https:\/\/api.w.org\/{rel}","templated":true}]}}