{"id":17851,"date":"2018-09-25T15:39:02","date_gmt":"2018-09-25T13:39:02","guid":{"rendered":"http:\/\/www.lamennais.org\/?p=17851"},"modified":"2018-09-26T15:12:20","modified_gmt":"2018-09-26T13:12:20","slug":"gabriel-deshayes-800-pilgrims-celebrate-the-250th-anniversary-of-st-vincent-de-paul-de-louest-at-st-laurent-sur-sevre","status":"publish","type":"post","link":"https:\/\/www.lamennais.org\/en\/gabriel-deshayes-800-pilgrims-celebrate-the-250th-anniversary-of-st-vincent-de-paul-de-louest-at-st-laurent-sur-sevre\/","title":{"rendered":"GABRIEL DESHAYES. 800 pilgrims celebrate the 250th anniversary of &#8220;St Vincent de Paul de l&#8217;Ouest&#8221; at St-Laurent-sur-S\u00e8vre"},"content":{"rendered":"<p>Multicolour! This was the meeting of pilgrims in the footsteps of Gabriel Deshayes during the two-day anniversary on Saturday 22<sup>nd<\/sup> and Sunday 23<sup>rd<\/sup> September at Saint-Laurent sur S\u00e8vre.<\/p>\n<div id=\"attachment_17844\" style=\"width: 870px\" class=\"wp-caption alignleft\"><img fetchpriority=\"high\" decoding=\"async\" aria-describedby=\"caption-attachment-17844\" class=\"wp-image-17844 size-large\" src=\"http:\/\/www.lamennais.org\/wp-content\/uploads\/2018\/09\/P1050342-1-1024x683.jpg\" alt=\"\" width=\"860\" height=\"574\" srcset=\"https:\/\/www.lamennais.org\/wp-content\/uploads\/2018\/09\/P1050342-1-1024x683.jpg 1024w, https:\/\/www.lamennais.org\/wp-content\/uploads\/2018\/09\/P1050342-1-300x200.jpg 300w, https:\/\/www.lamennais.org\/wp-content\/uploads\/2018\/09\/P1050342-1-768x512.jpg 768w, https:\/\/www.lamennais.org\/wp-content\/uploads\/2018\/09\/P1050342-1-260x173.jpg 260w, https:\/\/www.lamennais.org\/wp-content\/uploads\/2018\/09\/P1050342-1-1200x800.jpg 1200w\" sizes=\"(max-width: 860px) 100vw, 860px\" \/><p id=\"caption-attachment-17844\" class=\"wp-caption-text\"><em>The rain did not stop the pilgrims! Here, at the front, the Basilica and the Chapel of the Wisdom Daughters. <\/em><\/p><\/div>\n<p><em><img decoding=\"async\" class=\"alignleft size-large wp-image-17775\" src=\"http:\/\/www.lamennais.org\/wp-content\/uploads\/2018\/09\/P1050614-1024x683.jpg\" alt=\"\" width=\"860\" height=\"574\" srcset=\"https:\/\/www.lamennais.org\/wp-content\/uploads\/2018\/09\/P1050614-1024x683.jpg 1024w, https:\/\/www.lamennais.org\/wp-content\/uploads\/2018\/09\/P1050614-300x200.jpg 300w, https:\/\/www.lamennais.org\/wp-content\/uploads\/2018\/09\/P1050614-768x512.jpg 768w, https:\/\/www.lamennais.org\/wp-content\/uploads\/2018\/09\/P1050614-260x173.jpg 260w, https:\/\/www.lamennais.org\/wp-content\/uploads\/2018\/09\/P1050614-1200x800.jpg 1200w\" sizes=\"(max-width: 860px) 100vw, 860px\" \/><\/em><\/p>\n<p><em>They closed the year marking the 250<sup>th<\/sup> anniversary of Father Deshayes&#8217; birth.<\/em> The Sisters, Brothers and Fathers of the different Congregations having been founded, co-founded, re-founded or accompanied by this tireless apostle were also surrounded by many lay people including the members of the Association of Friends of Gabriel Deshayes and those of the Pastoral Care of the Deaf of the Dioceses of Vannes, Nantes, Luzon. Participants also came from countries such as India, Italy, Belgium, Spain, and many regions in France.<\/p>\n<div id=\"attachment_17763\" style=\"width: 870px\" class=\"wp-caption alignleft\"><img decoding=\"async\" aria-describedby=\"caption-attachment-17763\" class=\"wp-image-17763 size-large\" src=\"http:\/\/www.lamennais.org\/wp-content\/uploads\/2018\/09\/P1050556-1024x683.jpg\" alt=\"\" width=\"860\" height=\"574\" srcset=\"https:\/\/www.lamennais.org\/wp-content\/uploads\/2018\/09\/P1050556-1024x683.jpg 1024w, https:\/\/www.lamennais.org\/wp-content\/uploads\/2018\/09\/P1050556-300x200.jpg 300w, https:\/\/www.lamennais.org\/wp-content\/uploads\/2018\/09\/P1050556-768x512.jpg 768w, https:\/\/www.lamennais.org\/wp-content\/uploads\/2018\/09\/P1050556-260x173.jpg 260w, https:\/\/www.lamennais.org\/wp-content\/uploads\/2018\/09\/P1050556-1200x800.jpg 1200w\" sizes=\"(max-width: 860px) 100vw, 860px\" \/><p id=\"caption-attachment-17763\" class=\"wp-caption-text\"><em>General view of the Basilica St LM Grignon Montfort, St-Laurent-sur-S\u00e8vre.<\/em><\/p><\/div>\n<p><strong>Fraternal, memorable and moving.<\/strong> This anniversary day had begun the day before with the projection of the sensitive film entitled &#8220;Marin Heurtin&#8221; -realized in 2014- and listening to testimonies of deaf and blind people.<\/p>\n<div id=\"attachment_17827\" style=\"width: 870px\" class=\"wp-caption alignleft\"><img loading=\"lazy\" decoding=\"async\" aria-describedby=\"caption-attachment-17827\" class=\"wp-image-17827 size-large\" src=\"http:\/\/www.lamennais.org\/wp-content\/uploads\/2018\/09\/18-MarieHeurtin-6-1024x682.jpg\" alt=\"\" width=\"860\" height=\"573\" srcset=\"https:\/\/www.lamennais.org\/wp-content\/uploads\/2018\/09\/18-MarieHeurtin-6-1024x682.jpg 1024w, https:\/\/www.lamennais.org\/wp-content\/uploads\/2018\/09\/18-MarieHeurtin-6-300x200.jpg 300w, https:\/\/www.lamennais.org\/wp-content\/uploads\/2018\/09\/18-MarieHeurtin-6-768x512.jpg 768w, https:\/\/www.lamennais.org\/wp-content\/uploads\/2018\/09\/18-MarieHeurtin-6-260x173.jpg 260w, https:\/\/www.lamennais.org\/wp-content\/uploads\/2018\/09\/18-MarieHeurtin-6-1200x800.jpg 1200w, https:\/\/www.lamennais.org\/wp-content\/uploads\/2018\/09\/18-MarieHeurtin-6.jpg 2000w\" sizes=\"(max-width: 860px) 100vw, 860px\" \/><p id=\"caption-attachment-17827\" class=\"wp-caption-text\"><em>Sharing and testimonies after the projection of the film &#8220;Marie Heurtin&#8221;. Cl. D. Busnel, smm.<br \/><\/em><\/p><\/div>\n<p>The presentation of historical slideshows and the exhibition on this endearing figure animated the appointment of Saturday which ended with a prayer vigil for vocations.<\/p>\n<div id=\"attachment_17830\" style=\"width: 870px\" class=\"wp-caption alignleft\"><img loading=\"lazy\" decoding=\"async\" aria-describedby=\"caption-attachment-17830\" class=\"wp-image-17830 size-large\" src=\"http:\/\/www.lamennais.org\/wp-content\/uploads\/2018\/09\/18-Conference-10-1024x647.jpg\" alt=\"\" width=\"860\" height=\"543\" srcset=\"https:\/\/www.lamennais.org\/wp-content\/uploads\/2018\/09\/18-Conference-10-1024x647.jpg 1024w, https:\/\/www.lamennais.org\/wp-content\/uploads\/2018\/09\/18-Conference-10-300x189.jpg 300w, https:\/\/www.lamennais.org\/wp-content\/uploads\/2018\/09\/18-Conference-10-768x485.jpg 768w, https:\/\/www.lamennais.org\/wp-content\/uploads\/2018\/09\/18-Conference-10-260x164.jpg 260w, https:\/\/www.lamennais.org\/wp-content\/uploads\/2018\/09\/18-Conference-10.jpg 1718w\" sizes=\"(max-width: 860px) 100vw, 860px\" \/><p id=\"caption-attachment-17830\" class=\"wp-caption-text\"><em>Father Olivier Marie, Provincial of the Montfortain Missionaries, opened the next day with a presentation of the figure of Father Deshayes at St Laurent.Cl. D. Busnel, smm.<\/em><\/p><\/div>\n<p>Father Olivier Marie, Provincial of the Montfortain Missionaries, opened the next day with a presentation of the figure of Father Deshayes at St Laurent.<\/p>\n<p><img loading=\"lazy\" decoding=\"async\" class=\"alignleft size-large wp-image-17739\" src=\"http:\/\/www.lamennais.org\/wp-content\/uploads\/2018\/09\/P1050441-1024x718.jpg\" alt=\"\" width=\"860\" height=\"603\" srcset=\"https:\/\/www.lamennais.org\/wp-content\/uploads\/2018\/09\/P1050441-1024x718.jpg 1024w, https:\/\/www.lamennais.org\/wp-content\/uploads\/2018\/09\/P1050441-300x210.jpg 300w, https:\/\/www.lamennais.org\/wp-content\/uploads\/2018\/09\/P1050441-768x539.jpg 768w, https:\/\/www.lamennais.org\/wp-content\/uploads\/2018\/09\/P1050441-260x182.jpg 260w\" sizes=\"(max-width: 860px) 100vw, 860px\" \/><\/p>\n<div id=\"attachment_17757\" style=\"width: 870px\" class=\"wp-caption alignleft\"><img loading=\"lazy\" decoding=\"async\" aria-describedby=\"caption-attachment-17757\" class=\"wp-image-17757 size-large\" src=\"http:\/\/www.lamennais.org\/wp-content\/uploads\/2018\/09\/P1050539-1024x647.jpg\" alt=\"\" width=\"860\" height=\"543\" srcset=\"https:\/\/www.lamennais.org\/wp-content\/uploads\/2018\/09\/P1050539-1024x647.jpg 1024w, https:\/\/www.lamennais.org\/wp-content\/uploads\/2018\/09\/P1050539-300x190.jpg 300w, https:\/\/www.lamennais.org\/wp-content\/uploads\/2018\/09\/P1050539-768x485.jpg 768w, https:\/\/www.lamennais.org\/wp-content\/uploads\/2018\/09\/P1050539-260x164.jpg 260w\" sizes=\"(max-width: 860px) 100vw, 860px\" \/><p id=\"caption-attachment-17757\" class=\"wp-caption-text\"><em>The choir that animated the Mass is a group of young people from Lyc\u00e9e St Gabriel: &#8220;CH\u0152UR PASTO&#8221; under the direction of Mr. Gervais Morillon.<\/em><\/p><\/div>\n<div id=\"attachment_17754\" style=\"width: 870px\" class=\"wp-caption alignleft\"><img loading=\"lazy\" decoding=\"async\" aria-describedby=\"caption-attachment-17754\" class=\"wp-image-17754 size-large\" src=\"http:\/\/www.lamennais.org\/wp-content\/uploads\/2018\/09\/P1050531-1024x683.jpg\" alt=\"\" width=\"860\" height=\"574\" srcset=\"https:\/\/www.lamennais.org\/wp-content\/uploads\/2018\/09\/P1050531-1024x683.jpg 1024w, https:\/\/www.lamennais.org\/wp-content\/uploads\/2018\/09\/P1050531-300x200.jpg 300w, https:\/\/www.lamennais.org\/wp-content\/uploads\/2018\/09\/P1050531-768x512.jpg 768w, https:\/\/www.lamennais.org\/wp-content\/uploads\/2018\/09\/P1050531-260x173.jpg 260w, https:\/\/www.lamennais.org\/wp-content\/uploads\/2018\/09\/P1050531-1200x800.jpg 1200w\" sizes=\"(max-width: 860px) 100vw, 860px\" \/><p id=\"caption-attachment-17754\" class=\"wp-caption-text\"><em>The international presence was well represented<br \/><\/em><\/p><\/div>\n<p>This Sunday, the colours of the scarves of the participants were not enough to stop the rain (!) But gave a festive air to the meeting. &#8220;We look at his life and see the work of Christ. Why does he not act so strongly in ours? Asked Bishop Cent\u00e8ne, Bishop of Vannes, at the opening of the Eucharistic celebration.<\/p>\n<p><img loading=\"lazy\" decoding=\"async\" class=\"alignleft size-large wp-image-17751\" src=\"http:\/\/www.lamennais.org\/wp-content\/uploads\/2018\/09\/P1050496-1024x478.jpg\" alt=\"\" width=\"860\" height=\"401\" srcset=\"https:\/\/www.lamennais.org\/wp-content\/uploads\/2018\/09\/P1050496-1024x478.jpg 1024w, https:\/\/www.lamennais.org\/wp-content\/uploads\/2018\/09\/P1050496-300x140.jpg 300w, https:\/\/www.lamennais.org\/wp-content\/uploads\/2018\/09\/P1050496-768x359.jpg 768w, https:\/\/www.lamennais.org\/wp-content\/uploads\/2018\/09\/P1050496-260x121.jpg 260w\" sizes=\"(max-width: 860px) 100vw, 860px\" \/><\/p>\n<p>He recalled the dates that marked this Jubilee year: 17<sup>th<\/sup> September, 2017 at Sainte Anne d&#8217;Auray; 3<sup>rd<\/sup> and 6<sup>th<\/sup> December, 2017 at Beignon; 18<sup>th<\/sup> June\u00a0 at Auray and the high point on this Sunday.<\/p>\n<div id=\"attachment_17742\" style=\"width: 870px\" class=\"wp-caption alignleft\"><img loading=\"lazy\" decoding=\"async\" aria-describedby=\"caption-attachment-17742\" class=\"wp-image-17742 size-large\" src=\"http:\/\/www.lamennais.org\/wp-content\/uploads\/2018\/09\/P1050454-1024x627.jpg\" alt=\"\" width=\"860\" height=\"527\" srcset=\"https:\/\/www.lamennais.org\/wp-content\/uploads\/2018\/09\/P1050454-1024x627.jpg 1024w, https:\/\/www.lamennais.org\/wp-content\/uploads\/2018\/09\/P1050454-300x184.jpg 300w, https:\/\/www.lamennais.org\/wp-content\/uploads\/2018\/09\/P1050454-768x471.jpg 768w, https:\/\/www.lamennais.org\/wp-content\/uploads\/2018\/09\/P1050454-260x159.jpg 260w\" sizes=\"(max-width: 860px) 100vw, 860px\" \/><p id=\"caption-attachment-17742\" class=\"wp-caption-text\"><em>Homily of Mgr. Cent\u00e8ne and translation into sign language.<\/em><\/p><\/div>\n<p><em>&#8220;Gabriel Deshayes experienced a society without God, which leads to a society against man,&#8221;<\/em> said Bishop Cent\u00e8ne.<br \/>\nCalling upon his listeners to follow Gabriel Deshayes&#8217; footsteps, he invited them to <em>&#8220;be a missionary, immersing oneself in Christ and acting in the first place around him&#8221;. &#8220;Faithful to God and open to others, his life had been marked by faithfulness, service and selflessness. &#8220;<\/em><\/p>\n<div id=\"attachment_17748\" style=\"width: 870px\" class=\"wp-caption alignleft\"><img loading=\"lazy\" decoding=\"async\" aria-describedby=\"caption-attachment-17748\" class=\"wp-image-17748 size-large\" src=\"http:\/\/www.lamennais.org\/wp-content\/uploads\/2018\/09\/P1050482-1024x675.jpg\" alt=\"\" width=\"860\" height=\"567\" srcset=\"https:\/\/www.lamennais.org\/wp-content\/uploads\/2018\/09\/P1050482-1024x675.jpg 1024w, https:\/\/www.lamennais.org\/wp-content\/uploads\/2018\/09\/P1050482-300x198.jpg 300w, https:\/\/www.lamennais.org\/wp-content\/uploads\/2018\/09\/P1050482-768x506.jpg 768w, https:\/\/www.lamennais.org\/wp-content\/uploads\/2018\/09\/P1050482-260x171.jpg 260w, https:\/\/www.lamennais.org\/wp-content\/uploads\/2018\/09\/P1050482.jpg 1859w\" sizes=\"(max-width: 860px) 100vw, 860px\" \/><p id=\"caption-attachment-17748\" class=\"wp-caption-text\"><em>Eucharistic procession with the representatives of the congregations related to P. Deshayes.<\/em><\/p><\/div>\n<div id=\"attachment_17745\" style=\"width: 870px\" class=\"wp-caption alignleft\"><img loading=\"lazy\" decoding=\"async\" aria-describedby=\"caption-attachment-17745\" class=\"wp-image-17745 size-large\" src=\"http:\/\/www.lamennais.org\/wp-content\/uploads\/2018\/09\/P1050456-1024x526.jpg\" alt=\"\" width=\"860\" height=\"442\" srcset=\"https:\/\/www.lamennais.org\/wp-content\/uploads\/2018\/09\/P1050456-1024x526.jpg 1024w, https:\/\/www.lamennais.org\/wp-content\/uploads\/2018\/09\/P1050456-300x154.jpg 300w, https:\/\/www.lamennais.org\/wp-content\/uploads\/2018\/09\/P1050456-768x394.jpg 768w, https:\/\/www.lamennais.org\/wp-content\/uploads\/2018\/09\/P1050456-260x134.jpg 260w\" sizes=\"(max-width: 860px) 100vw, 860px\" \/><p id=\"caption-attachment-17745\" class=\"wp-caption-text\"><em>Intentions of universal prayer read by consecrated persons.<\/em><\/p><\/div>\n<p>&nbsp;<\/p>\n<div id=\"attachment_17772\" style=\"width: 870px\" class=\"wp-caption alignleft\"><img loading=\"lazy\" decoding=\"async\" aria-describedby=\"caption-attachment-17772\" class=\"wp-image-17772 size-large\" src=\"http:\/\/www.lamennais.org\/wp-content\/uploads\/2018\/09\/P1050606-1024x502.jpg\" alt=\"\" width=\"860\" height=\"422\" srcset=\"https:\/\/www.lamennais.org\/wp-content\/uploads\/2018\/09\/P1050606-1024x502.jpg 1024w, https:\/\/www.lamennais.org\/wp-content\/uploads\/2018\/09\/P1050606-300x147.jpg 300w, https:\/\/www.lamennais.org\/wp-content\/uploads\/2018\/09\/P1050606-768x376.jpg 768w, https:\/\/www.lamennais.org\/wp-content\/uploads\/2018\/09\/P1050606-260x127.jpg 260w\" sizes=\"(max-width: 860px) 100vw, 860px\" \/><p id=\"caption-attachment-17772\" class=\"wp-caption-text\"><em>The concelebrants surrounding Monsignor Cent\u00e8ne.<\/em><\/p><\/div>\n<p><img loading=\"lazy\" decoding=\"async\" class=\"alignleft size-large wp-image-17799\" src=\"http:\/\/www.lamennais.org\/wp-content\/uploads\/2018\/09\/P1050772-1024x569.jpg\" alt=\"\" width=\"860\" height=\"478\" srcset=\"https:\/\/www.lamennais.org\/wp-content\/uploads\/2018\/09\/P1050772-1024x569.jpg 1024w, https:\/\/www.lamennais.org\/wp-content\/uploads\/2018\/09\/P1050772-300x167.jpg 300w, https:\/\/www.lamennais.org\/wp-content\/uploads\/2018\/09\/P1050772-768x427.jpg 768w, https:\/\/www.lamennais.org\/wp-content\/uploads\/2018\/09\/P1050772-260x144.jpg 260w\" sizes=\"(max-width: 860px) 100vw, 860px\" \/><\/p>\n<p>A celebration at the tomb of Father Deshayes &#8211; recently endowed with a description &#8211; allowed us to recall his itinerary, his pragmatic sense of action and his spiritual depth.<\/p>\n<p><img loading=\"lazy\" decoding=\"async\" class=\"alignleft size-large wp-image-17833\" src=\"http:\/\/www.lamennais.org\/wp-content\/uploads\/2018\/09\/P1050635-1024x552.jpg\" alt=\"\" width=\"860\" height=\"464\" srcset=\"https:\/\/www.lamennais.org\/wp-content\/uploads\/2018\/09\/P1050635-1024x552.jpg 1024w, https:\/\/www.lamennais.org\/wp-content\/uploads\/2018\/09\/P1050635-300x162.jpg 300w, https:\/\/www.lamennais.org\/wp-content\/uploads\/2018\/09\/P1050635-768x414.jpg 768w, https:\/\/www.lamennais.org\/wp-content\/uploads\/2018\/09\/P1050635-260x140.jpg 260w\" sizes=\"(max-width: 860px) 100vw, 860px\" \/><\/p>\n<div id=\"attachment_17784\" style=\"width: 870px\" class=\"wp-caption alignleft\"><img loading=\"lazy\" decoding=\"async\" aria-describedby=\"caption-attachment-17784\" class=\"wp-image-17784 size-large\" src=\"http:\/\/www.lamennais.org\/wp-content\/uploads\/2018\/09\/P1050676-1024x596.jpg\" alt=\"\" width=\"860\" height=\"501\" srcset=\"https:\/\/www.lamennais.org\/wp-content\/uploads\/2018\/09\/P1050676-1024x596.jpg 1024w, https:\/\/www.lamennais.org\/wp-content\/uploads\/2018\/09\/P1050676-300x175.jpg 300w, https:\/\/www.lamennais.org\/wp-content\/uploads\/2018\/09\/P1050676-768x447.jpg 768w, https:\/\/www.lamennais.org\/wp-content\/uploads\/2018\/09\/P1050676-260x151.jpg 260w\" sizes=\"(max-width: 860px) 100vw, 860px\" \/><p id=\"caption-attachment-17784\" class=\"wp-caption-text\"><em>Offering of a plaque by the Pastoral of the Deaf.<\/em><\/p><\/div>\n<p>The Deaf Pastoral Group offered a plaque bearing the image of the Father to be placed on the tomb and guided a specific time, while the whole day was lived through animators practising sign language.<\/p>\n<div id=\"attachment_17781\" style=\"width: 870px\" class=\"wp-caption alignleft\"><img loading=\"lazy\" decoding=\"async\" aria-describedby=\"caption-attachment-17781\" class=\"wp-image-17781 size-large\" src=\"http:\/\/www.lamennais.org\/wp-content\/uploads\/2018\/09\/P1050652-1024x574.jpg\" alt=\"\" width=\"860\" height=\"482\" srcset=\"https:\/\/www.lamennais.org\/wp-content\/uploads\/2018\/09\/P1050652-1024x574.jpg 1024w, https:\/\/www.lamennais.org\/wp-content\/uploads\/2018\/09\/P1050652-300x168.jpg 300w, https:\/\/www.lamennais.org\/wp-content\/uploads\/2018\/09\/P1050652-768x430.jpg 768w, https:\/\/www.lamennais.org\/wp-content\/uploads\/2018\/09\/P1050652-260x146.jpg 260w\" sizes=\"(max-width: 860px) 100vw, 860px\" \/><p id=\"caption-attachment-17781\" class=\"wp-caption-text\"><em>Tomb of Father Deshayes in the enclosure of Wisdom.<\/em><\/p><\/div>\n<div id=\"attachment_17793\" style=\"width: 870px\" class=\"wp-caption alignleft\"><img loading=\"lazy\" decoding=\"async\" aria-describedby=\"caption-attachment-17793\" class=\"wp-image-17793 size-large\" src=\"http:\/\/www.lamennais.org\/wp-content\/uploads\/2018\/09\/P1050714-1024x665.jpg\" alt=\"\" width=\"860\" height=\"558\" srcset=\"https:\/\/www.lamennais.org\/wp-content\/uploads\/2018\/09\/P1050714-1024x665.jpg 1024w, https:\/\/www.lamennais.org\/wp-content\/uploads\/2018\/09\/P1050714-300x195.jpg 300w, https:\/\/www.lamennais.org\/wp-content\/uploads\/2018\/09\/P1050714-768x499.jpg 768w, https:\/\/www.lamennais.org\/wp-content\/uploads\/2018\/09\/P1050714-260x169.jpg 260w\" sizes=\"(max-width: 860px) 100vw, 860px\" \/><p id=\"caption-attachment-17793\" class=\"wp-caption-text\"><em>A musical march between the tomb and the chapel of Wisdom.<\/em><\/p><\/div>\n<p><img loading=\"lazy\" decoding=\"async\" class=\"alignleft size-large wp-image-17787\" src=\"http:\/\/www.lamennais.org\/wp-content\/uploads\/2018\/09\/P1050688-1024x450.jpg\" alt=\"\" width=\"860\" height=\"378\" srcset=\"https:\/\/www.lamennais.org\/wp-content\/uploads\/2018\/09\/P1050688-1024x450.jpg 1024w, https:\/\/www.lamennais.org\/wp-content\/uploads\/2018\/09\/P1050688-300x132.jpg 300w, https:\/\/www.lamennais.org\/wp-content\/uploads\/2018\/09\/P1050688-768x338.jpg 768w, https:\/\/www.lamennais.org\/wp-content\/uploads\/2018\/09\/P1050688-260x114.jpg 260w\" sizes=\"(max-width: 860px) 100vw, 860px\" \/><\/p>\n<p>As the day went by, each pilgrim received a prayer bookmark, a pen and a votive bearing the image of Father Deshayes.<\/p>\n<div id=\"attachment_17796\" style=\"width: 870px\" class=\"wp-caption alignleft\"><img loading=\"lazy\" decoding=\"async\" aria-describedby=\"caption-attachment-17796\" class=\"wp-image-17796 size-large\" src=\"http:\/\/www.lamennais.org\/wp-content\/uploads\/2018\/09\/P1050763-1024x607.jpg\" alt=\"\" width=\"860\" height=\"510\" srcset=\"https:\/\/www.lamennais.org\/wp-content\/uploads\/2018\/09\/P1050763-1024x607.jpg 1024w, https:\/\/www.lamennais.org\/wp-content\/uploads\/2018\/09\/P1050763-300x178.jpg 300w, https:\/\/www.lamennais.org\/wp-content\/uploads\/2018\/09\/P1050763-768x456.jpg 768w, https:\/\/www.lamennais.org\/wp-content\/uploads\/2018\/09\/P1050763-260x154.jpg 260w\" sizes=\"(max-width: 860px) 100vw, 860px\" \/><p id=\"caption-attachment-17796\" class=\"wp-caption-text\"><em>In the chapel of Wisdom, during the celebration.<\/em><\/p><\/div>\n<div id=\"attachment_17805\" style=\"width: 870px\" class=\"wp-caption alignleft\"><img loading=\"lazy\" decoding=\"async\" aria-describedby=\"caption-attachment-17805\" class=\"wp-image-17805 size-large\" src=\"http:\/\/www.lamennais.org\/wp-content\/uploads\/2018\/09\/P1050817-1024x666.jpg\" alt=\"\" width=\"860\" height=\"559\" srcset=\"https:\/\/www.lamennais.org\/wp-content\/uploads\/2018\/09\/P1050817-1024x666.jpg 1024w, https:\/\/www.lamennais.org\/wp-content\/uploads\/2018\/09\/P1050817-300x195.jpg 300w, https:\/\/www.lamennais.org\/wp-content\/uploads\/2018\/09\/P1050817-768x500.jpg 768w, https:\/\/www.lamennais.org\/wp-content\/uploads\/2018\/09\/P1050817-260x169.jpg 260w, https:\/\/www.lamennais.org\/wp-content\/uploads\/2018\/09\/P1050817.jpg 1841w\" sizes=\"(max-width: 860px) 100vw, 860px\" \/><p id=\"caption-attachment-17805\" class=\"wp-caption-text\"><em>Each wrote and received a message at the end of the day.<\/em><\/p><\/div>\n<div id=\"attachment_17802\" style=\"width: 870px\" class=\"wp-caption alignleft\"><img loading=\"lazy\" decoding=\"async\" aria-describedby=\"caption-attachment-17802\" class=\"wp-image-17802 size-large\" src=\"http:\/\/www.lamennais.org\/wp-content\/uploads\/2018\/09\/P1050766-1024x638.jpg\" alt=\"\" width=\"860\" height=\"536\" srcset=\"https:\/\/www.lamennais.org\/wp-content\/uploads\/2018\/09\/P1050766-1024x638.jpg 1024w, https:\/\/www.lamennais.org\/wp-content\/uploads\/2018\/09\/P1050766-300x187.jpg 300w, https:\/\/www.lamennais.org\/wp-content\/uploads\/2018\/09\/P1050766-768x478.jpg 768w, https:\/\/www.lamennais.org\/wp-content\/uploads\/2018\/09\/P1050766-260x162.jpg 260w\" sizes=\"(max-width: 860px) 100vw, 860px\" \/><p id=\"caption-attachment-17802\" class=\"wp-caption-text\"><em>A votive with the portrait of Father Deshayes can accompany the prayer for the Cause of the Father.<\/em><\/p><\/div>\n<p><strong>Missionary, builder, entrepreneur, social priest,<\/strong> close to jobseekers, prisoners, sick, with special attention to the deaf &#8211; he opened 10 institutions &#8211; Father Deshayes marked the hearts of people and today, in the world, many of them continue their work knowing that thousands benefit.<\/p>\n<div id=\"attachment_17808\" style=\"width: 870px\" class=\"wp-caption alignleft\"><img loading=\"lazy\" decoding=\"async\" aria-describedby=\"caption-attachment-17808\" class=\"wp-image-17808 size-large\" src=\"http:\/\/www.lamennais.org\/wp-content\/uploads\/2018\/09\/P1050810-1024x683.jpg\" alt=\"\" width=\"860\" height=\"574\" srcset=\"https:\/\/www.lamennais.org\/wp-content\/uploads\/2018\/09\/P1050810-1024x683.jpg 1024w, https:\/\/www.lamennais.org\/wp-content\/uploads\/2018\/09\/P1050810-300x200.jpg 300w, https:\/\/www.lamennais.org\/wp-content\/uploads\/2018\/09\/P1050810-768x512.jpg 768w, https:\/\/www.lamennais.org\/wp-content\/uploads\/2018\/09\/P1050810-260x173.jpg 260w, https:\/\/www.lamennais.org\/wp-content\/uploads\/2018\/09\/P1050810-1200x800.jpg 1200w\" sizes=\"(max-width: 860px) 100vw, 860px\" \/><p id=\"caption-attachment-17808\" class=\"wp-caption-text\"><em>Symbol of openness to the world &#8230;<\/em><\/p><\/div>\n<p>&nbsp;<\/p>\n<div id=\"attachment_17790\" style=\"width: 870px\" class=\"wp-caption alignleft\"><img loading=\"lazy\" decoding=\"async\" aria-describedby=\"caption-attachment-17790\" class=\"wp-image-17790 size-large\" src=\"http:\/\/www.lamennais.org\/wp-content\/uploads\/2018\/09\/P1050741-1024x593.jpg\" alt=\"\" width=\"860\" height=\"498\" srcset=\"https:\/\/www.lamennais.org\/wp-content\/uploads\/2018\/09\/P1050741-1024x593.jpg 1024w, https:\/\/www.lamennais.org\/wp-content\/uploads\/2018\/09\/P1050741-300x174.jpg 300w, https:\/\/www.lamennais.org\/wp-content\/uploads\/2018\/09\/P1050741-768x444.jpg 768w, https:\/\/www.lamennais.org\/wp-content\/uploads\/2018\/09\/P1050741-260x150.jpg 260w\" sizes=\"(max-width: 860px) 100vw, 860px\" \/><p id=\"caption-attachment-17790\" class=\"wp-caption-text\"><em>The pectoral cross of Father Deshayes and embroidered pieces of one of his stoles.<\/em><\/p><\/div>\n<p>&nbsp;<\/p>\n<p>&nbsp;<\/p>\n<p>&nbsp;<\/p>\n<p>&nbsp;<\/p>\n<p>Born in Beignon, Parish priest of Auray for 16 years, he was from 1821 to 1841 Superior of the Montfortian Congregations: Brothers of St Gabriel, Sisters of Wisdom, Montfortains\u00a0 at St Laurent-sur-S\u00e8vre.<\/p>\n<div id=\"attachment_17769\" style=\"width: 870px\" class=\"wp-caption alignleft\"><img loading=\"lazy\" decoding=\"async\" aria-describedby=\"caption-attachment-17769\" class=\"wp-image-17769 size-large\" src=\"http:\/\/www.lamennais.org\/wp-content\/uploads\/2018\/09\/P1050575-1024x584.jpg\" alt=\"\" width=\"860\" height=\"490\" srcset=\"https:\/\/www.lamennais.org\/wp-content\/uploads\/2018\/09\/P1050575-1024x584.jpg 1024w, https:\/\/www.lamennais.org\/wp-content\/uploads\/2018\/09\/P1050575-300x171.jpg 300w, https:\/\/www.lamennais.org\/wp-content\/uploads\/2018\/09\/P1050575-768x438.jpg 768w, https:\/\/www.lamennais.org\/wp-content\/uploads\/2018\/09\/P1050575-260x148.jpg 260w\" sizes=\"(max-width: 860px) 100vw, 860px\" \/><p id=\"caption-attachment-17769\" class=\"wp-caption-text\"><em>Bro. Claude Marsaud, Provincial of the Brothers of St Gabriel and Fr. Paulin Ramanandraibe, Rector of the Basilica of St Louis Marie de Montfort, to the thanks and applause &#8211; in sign language &#8211; at the end of the morning celebration.<\/em><\/p><\/div>\n<p>Brothers Claude Marsaud and Christian Bizon, Brothers of St. Gabriel, coordinated these Deshayes days with the help of an inter-congregations committee and associations. Several Brothers of Christian instruction also contributed to this day in various ways: the Brothers Fran\u00e7ois Jaffrey, Claude Launay, and Joseph Le Goff.<\/p>\n<p><img loading=\"lazy\" decoding=\"async\" class=\"alignleft size-full wp-image-17766\" src=\"http:\/\/www.lamennais.org\/wp-content\/uploads\/2018\/09\/P1050566.jpg\" alt=\"\" width=\"649\" height=\"914\" srcset=\"https:\/\/www.lamennais.org\/wp-content\/uploads\/2018\/09\/P1050566.jpg 649w, https:\/\/www.lamennais.org\/wp-content\/uploads\/2018\/09\/P1050566-213x300.jpg 213w, https:\/\/www.lamennais.org\/wp-content\/uploads\/2018\/09\/P1050566-260x366.jpg 260w\" sizes=\"(max-width: 649px) 100vw, 649px\" \/><\/p>\n<p>&nbsp;<\/p>\n<p>&nbsp;<\/p>\n<p>&nbsp;<\/p>\n<p>&nbsp;<\/p>\n<p>&nbsp;<\/p>\n<p>&nbsp;<\/p>\n<p>&nbsp;<\/p>\n<p>&nbsp;<\/p>\n<p>&nbsp;<\/p>\n<p>&nbsp;<\/p>\n<p>&nbsp;<\/p>\n<p>&nbsp;<\/p>\n<p>&nbsp;<\/p>\n<p>&nbsp;<\/p>\n<p>&nbsp;<\/p>\n<p>&nbsp;<\/p>\n<p>&nbsp;<\/p>\n<p>&nbsp;<\/p>\n<p>&nbsp;<\/p>\n<p>&nbsp;<\/p>\n<p>&nbsp;<\/p>\n<p>&nbsp;<\/p>\n<p>&nbsp;<\/p>\n<p><strong>+ <\/strong><strong>Testament of Gabriel Deshayes<\/strong> addressed to women and men, members of congregations with which he was related:<strong><em>&#8220;In my eyes, the congregations are of equal interest to me, I ask them to be united together and to support each other.\u201d<\/em><\/strong><\/p>\n<p>&nbsp;<\/p>\n<div id=\"attachment_17811\" style=\"width: 870px\" class=\"wp-caption alignleft\"><img loading=\"lazy\" decoding=\"async\" aria-describedby=\"caption-attachment-17811\" class=\"wp-image-17811 size-large\" src=\"http:\/\/www.lamennais.org\/wp-content\/uploads\/2018\/09\/P1050829-1024x657.jpg\" alt=\"\" width=\"860\" height=\"552\" srcset=\"https:\/\/www.lamennais.org\/wp-content\/uploads\/2018\/09\/P1050829-1024x657.jpg 1024w, https:\/\/www.lamennais.org\/wp-content\/uploads\/2018\/09\/P1050829-300x192.jpg 300w, https:\/\/www.lamennais.org\/wp-content\/uploads\/2018\/09\/P1050829-768x493.jpg 768w, https:\/\/www.lamennais.org\/wp-content\/uploads\/2018\/09\/P1050829-260x167.jpg 260w, https:\/\/www.lamennais.org\/wp-content\/uploads\/2018\/09\/P1050829.jpg 1587w\" sizes=\"(max-width: 860px) 100vw, 860px\" \/><p id=\"caption-attachment-17811\" class=\"wp-caption-text\"><em>Each received a light with the image of Gabriel Deshayes.<\/em><\/p><\/div>\n<p>The Organizing Committee for Dioceses, Congregations and the Friends of Gabriel Deshayes hopes to continue many projects following this anniversary: the cause of beatification of Gabriel Deshayes, publication projects and other meetings.<\/p>\n<p><strong><img loading=\"lazy\" decoding=\"async\" class=\"alignleft size-large wp-image-17736\" src=\"http:\/\/www.lamennais.org\/wp-content\/uploads\/2018\/09\/P1050410-1024x625.jpg\" alt=\"\" width=\"860\" height=\"525\" srcset=\"https:\/\/www.lamennais.org\/wp-content\/uploads\/2018\/09\/P1050410-1024x625.jpg 1024w, https:\/\/www.lamennais.org\/wp-content\/uploads\/2018\/09\/P1050410-300x183.jpg 300w, https:\/\/www.lamennais.org\/wp-content\/uploads\/2018\/09\/P1050410-768x469.jpg 768w, https:\/\/www.lamennais.org\/wp-content\/uploads\/2018\/09\/P1050410-260x159.jpg 260w\" sizes=\"(max-width: 860px) 100vw, 860px\" \/><\/strong><\/p>\n<p><strong>+ Personalities present during the Eucharistic celebration of 23<sup>rd<\/sup> September.<\/strong><\/p>\n<p><strong>Bishop Raymond Cent\u00e8ne<\/strong>, Bishop of Vannes &#8211; excused: <strong>Bishop Fran\u00e7ois Jacolin,<\/strong> Bishop of Lu\u00e7on and <strong>Mgr Jean-Paul James,<\/strong> Bishop of Nantes, <strong>Fr.Jean Borderon,<\/strong> Parish priest of Montfort sur Evre-, <strong>Fr.Jean Bondu<\/strong>, Vicar General of Lu\u00e7on, <strong>Fr. Jean-Yves Le Saux, <\/strong>Vicar General of the Diocese of Vannes,<strong> Fr. Jean-Paul Russeil<\/strong>, Vicar General of the Diocese of Poitiers, <strong>Fr. Adrien Collet<\/strong>, President of the Association of Friends of Gabriel Deshayes, <strong>Fr. Ga\u00e9tan Lucas<\/strong> , Parish priest of Auray, <strong>Fr. Marco Pasinato<\/strong>, General Councilor of the Montfortain Missionaries, <strong>Fr. Olivier Maire,<\/strong> Superior of the Montfortian Missionaries, <strong>Brother John Kallarackal<\/strong>, Superior General of the Brothers of St Gabriel accompanied by the Brothers <strong>Pratap and James<\/strong>, Assistants, <strong>Bro. Faustino Besa Gil<\/strong>, Spanish Superior of the Brothers of St. Gabriel with 2 Brothers of Spain and 5 Laity , <strong>Bros. Louis S\u00e9it\u00e9 and Thierry Beauplet<\/strong>, Provincial and Deputy Provincial of the Brothers of Christian Instruction, La Mennais, Plo\u00ebrmel, <strong>Sr. Louise Mador\u00e9,<\/strong> former Superior General of the Daughters of Wisdom representing <strong>Sr. Rani Kurian,<\/strong> Superior General, <strong>Sr. Isabelle Retailleau,<\/strong> General Councillor ,Daughters of Wisdom, <strong>Sr. Marie-Fran\u00e7oise Vivien<\/strong>, Provincial France\u00a0 Daughters of\u00a0 Wisdom, <strong>Sr.Marie-Th\u00e9r\u00e8se Chaillou,<\/strong> Superior General of the Sisters of St-Gildas-des-Bois, <strong>Sr. Dominique Gu\u00e9rin<\/strong>, <strong>Louise Mallet, Catherine Broche<\/strong>, General Councillors of the Sisters of St-Gildas-des-Bois, <strong>Sr Jeanne d&#8217;Arc Kantiono,<\/strong> Councillor of the Sisters of St. Mary of Torfou, Sr. Mary of Carmel and Sr. Jacqueline of the Sisters of the Guardian Angel of Montauban, Sr. Martine Guichard, Provincial of the Sisters of the Sacred Heart of Jesus of St. Jacut, Sr. Nadia Brianceau, s Ours of the Sacred Hearts of Jesus and Mary of Mormaison, Sr Marie-Th\u00e9r\u00e8se Morini\u00e8re, former prayer of the Carmel Apostolic of the Sisters of Bethlehem of Nantes, <strong>descendants of the family of Fr. Deshayes, Mr. Guy-Marie Maudet,<\/strong> Mayor of St -Laurent-sur-S\u00e8vre ..<\/p>\n<div id=\"attachment_17836\" style=\"width: 870px\" class=\"wp-caption alignleft\"><img loading=\"lazy\" decoding=\"async\" aria-describedby=\"caption-attachment-17836\" class=\"wp-image-17836 size-large\" src=\"http:\/\/www.lamennais.org\/wp-content\/uploads\/2018\/09\/Veill\u00e9ePriere32-1024x576.jpg\" alt=\"\" width=\"860\" height=\"484\" srcset=\"https:\/\/www.lamennais.org\/wp-content\/uploads\/2018\/09\/Veill\u00e9ePriere32-1024x576.jpg 1024w, https:\/\/www.lamennais.org\/wp-content\/uploads\/2018\/09\/Veill\u00e9ePriere32-300x169.jpg 300w, https:\/\/www.lamennais.org\/wp-content\/uploads\/2018\/09\/Veill\u00e9ePriere32-768x432.jpg 768w, https:\/\/www.lamennais.org\/wp-content\/uploads\/2018\/09\/Veill\u00e9ePriere32-260x146.jpg 260w, https:\/\/www.lamennais.org\/wp-content\/uploads\/2018\/09\/Veill\u00e9ePriere32.jpg 1280w\" sizes=\"(max-width: 860px) 100vw, 860px\" \/><p id=\"caption-attachment-17836\" class=\"wp-caption-text\"><em>The congregations to which Father Deshayes was linked. Photo copyright : St Gabriel Brothers.<br \/><\/em><\/p><\/div>\n<p><img loading=\"lazy\" decoding=\"async\" class=\"alignleft size-large wp-image-17733\" src=\"http:\/\/www.lamennais.org\/wp-content\/uploads\/2018\/09\/P1050361-1024x520.jpg\" alt=\"\" width=\"860\" height=\"437\" srcset=\"https:\/\/www.lamennais.org\/wp-content\/uploads\/2018\/09\/P1050361-1024x520.jpg 1024w, https:\/\/www.lamennais.org\/wp-content\/uploads\/2018\/09\/P1050361-300x152.jpg 300w, https:\/\/www.lamennais.org\/wp-content\/uploads\/2018\/09\/P1050361-768x390.jpg 768w, https:\/\/www.lamennais.org\/wp-content\/uploads\/2018\/09\/P1050361-260x132.jpg 260w\" sizes=\"(max-width: 860px) 100vw, 860px\" \/><\/p>\n<p><em>More than twenty Brothers of Christian instruction were present on this anniversary Sunday.<\/em><\/p>\n<p><em>Texts and photos of the article : Michel Tanguy &#8211; Information Director &#8211; Brothers of Christian Instruction, La Mennais.\u00a0\u00a0\u00a0\u00a0\u00a0\u00a0\u00a0\u00a0\u00a0\u00a0\u00a0\u00a0\u00a0\u00a0\u00a0\u00a0\u00a0\u00a0\u00a0\u00a0\u00a0\u00a0\u00a0\u00a0\u00a0\u00a0\u00a0\u00a0\u00a0\u00a0\u00a0\u00a0\u00a0\u00a0\u00a0\u00a0\u00a0\u00a0\u00a0\u00a0\u00a0\u00a0\u00a0\u00a0\u00a0\u00a0\u00a0\u00a0\u00a0\u00a0\u00a0\u00a0\u00a0 Other photos copyrights : see below the pictures.<\/em><\/p>\n<p><img loading=\"lazy\" decoding=\"async\" class=\"alignleft size-large wp-image-17760\" src=\"http:\/\/www.lamennais.org\/wp-content\/uploads\/2018\/09\/P1050553-1024x525.jpg\" alt=\"\" width=\"860\" height=\"441\" srcset=\"https:\/\/www.lamennais.org\/wp-content\/uploads\/2018\/09\/P1050553-1024x525.jpg 1024w, https:\/\/www.lamennais.org\/wp-content\/uploads\/2018\/09\/P1050553-300x154.jpg 300w, https:\/\/www.lamennais.org\/wp-content\/uploads\/2018\/09\/P1050553-768x394.jpg 768w, https:\/\/www.lamennais.org\/wp-content\/uploads\/2018\/09\/P1050553-260x133.jpg 260w\" sizes=\"(max-width: 860px) 100vw, 860px\" \/><\/p>\n","protected":false},"excerpt":{"rendered":"<p>Multicolour! This was the meeting of pilgrims in the footsteps of Gabriel Deshayes during the two-day anniversary on Saturday 22nd and Sunday 23rd September at Saint-Laurent sur S\u00e8vre. They closed the year marking the 250th anniversary of Father Deshayes&#8217; birth. The Sisters, Brothers and Fathers of the different Congregations having been founded, co-founded, re-founded or [&hellip;]<\/p>\n","protected":false},"author":3,"featured_media":17725,"comment_status":"closed","ping_status":"closed","sticky":false,"template":"","format":"standard","meta":{"footnotes":""},"categories":[104,162,221,219,158,225,164],"tags":[],"class_list":["post-17851","post","type-post","status-publish","format-standard","has-post-thumbnail","hentry","category-news","category-news-brothers","category-news-church","category-news-education","category-news-founders","category-news-lay","category-news-young"],"yoast_head":"<!-- This site is optimized with the Yoast SEO plugin v27.5 - https:\/\/yoast.com\/product\/yoast-seo-wordpress\/ -->\n<title>GABRIEL DESHAYES. 800 pilgrims celebrate the 250th anniversary of &quot;St Vincent de Paul de l&#039;Ouest&quot; at St-Laurent-sur-S\u00e8vre - LaMennais.org<\/title>\n<meta name=\"robots\" content=\"index, follow, max-snippet:-1, max-image-preview:large, max-video-preview:-1\" \/>\n<link rel=\"canonical\" href=\"https:\/\/www.lamennais.org\/gabriel-deshayes-800-pilgrims-celebrate-the-250th-anniversary-of-st-vincent-de-paul-de-louest-at-st-laurent-sur-sevre\/?lang=en\" \/>\n<meta property=\"og:locale\" content=\"en_US\" \/>\n<meta property=\"og:type\" content=\"article\" \/>\n<meta property=\"og:title\" content=\"GABRIEL DESHAYES. 800 pilgrims celebrate the 250th anniversary of &quot;St Vincent de Paul de l&#039;Ouest&quot; at St-Laurent-sur-S\u00e8vre - LaMennais.org\" \/>\n<meta property=\"og:description\" content=\"Multicolour! This was the meeting of pilgrims in the footsteps of Gabriel Deshayes during the two-day anniversary on Saturday 22nd and Sunday 23rd September at Saint-Laurent sur S\u00e8vre. They closed the year marking the 250th anniversary of Father Deshayes&#8217; birth. The Sisters, Brothers and Fathers of the different Congregations having been founded, co-founded, re-founded or [&hellip;]\" \/>\n<meta property=\"og:url\" content=\"https:\/\/www.lamennais.org\/gabriel-deshayes-800-pilgrims-celebrate-the-250th-anniversary-of-st-vincent-de-paul-de-louest-at-st-laurent-sur-sevre\/?lang=en\" \/>\n<meta property=\"og:site_name\" content=\"LaMennais.org\" \/>\n<meta property=\"article:published_time\" content=\"2018-09-25T13:39:02+00:00\" \/>\n<meta property=\"article:modified_time\" content=\"2018-09-26T13:12:20+00:00\" \/>\n<meta property=\"og:image\" content=\"https:\/\/www.lamennais.org\/wp-content\/uploads\/2018\/09\/OK.jpg\" \/>\n\t<meta property=\"og:image:width\" content=\"2736\" \/>\n\t<meta property=\"og:image:height\" content=\"1586\" \/>\n\t<meta property=\"og:image:type\" content=\"image\/jpeg\" \/>\n<meta name=\"author\" content=\"Herv\u00e9 Asse\" \/>\n<meta name=\"twitter:card\" content=\"summary_large_image\" \/>\n<meta name=\"twitter:label1\" content=\"Written by\" \/>\n\t<meta name=\"twitter:data1\" content=\"Herv\u00e9 Asse\" \/>\n\t<meta name=\"twitter:label2\" content=\"Est. reading time\" \/>\n\t<meta name=\"twitter:data2\" content=\"7 minutes\" \/>\n<script type=\"application\/ld+json\" class=\"yoast-schema-graph\">{\"@context\":\"https:\\\/\\\/schema.org\",\"@graph\":[{\"@type\":\"Article\",\"@id\":\"https:\\\/\\\/www.lamennais.org\\\/gabriel-deshayes-800-pilgrims-celebrate-the-250th-anniversary-of-st-vincent-de-paul-de-louest-at-st-laurent-sur-sevre\\\/?lang=en#article\",\"isPartOf\":{\"@id\":\"https:\\\/\\\/www.lamennais.org\\\/gabriel-deshayes-800-pilgrims-celebrate-the-250th-anniversary-of-st-vincent-de-paul-de-louest-at-st-laurent-sur-sevre\\\/?lang=en\"},\"author\":{\"name\":\"Herv\u00e9 Asse\",\"@id\":\"https:\\\/\\\/www.lamennais.org\\\/#\\\/schema\\\/person\\\/2a8d6e8a95babedd5ba1c43afd2e3844\"},\"headline\":\"GABRIEL DESHAYES. 800 pilgrims celebrate the 250th anniversary of &#8220;St Vincent de Paul de l&#8217;Ouest&#8221; at St-Laurent-sur-S\u00e8vre\",\"datePublished\":\"2018-09-25T13:39:02+00:00\",\"dateModified\":\"2018-09-26T13:12:20+00:00\",\"mainEntityOfPage\":{\"@id\":\"https:\\\/\\\/www.lamennais.org\\\/gabriel-deshayes-800-pilgrims-celebrate-the-250th-anniversary-of-st-vincent-de-paul-de-louest-at-st-laurent-sur-sevre\\\/?lang=en\"},\"wordCount\":1478,\"image\":{\"@id\":\"https:\\\/\\\/www.lamennais.org\\\/gabriel-deshayes-800-pilgrims-celebrate-the-250th-anniversary-of-st-vincent-de-paul-de-louest-at-st-laurent-sur-sevre\\\/?lang=en#primaryimage\"},\"thumbnailUrl\":\"https:\\\/\\\/www.lamennais.org\\\/wp-content\\\/uploads\\\/2018\\\/09\\\/OK.jpg\",\"articleSection\":[\"NEWS\",\"News - Brothers\",\"News - Church\",\"News - Education\",\"News - Founders\",\"News - Lay\",\"News - Young\"],\"inLanguage\":\"en-US\"},{\"@type\":\"WebPage\",\"@id\":\"https:\\\/\\\/www.lamennais.org\\\/gabriel-deshayes-800-pilgrims-celebrate-the-250th-anniversary-of-st-vincent-de-paul-de-louest-at-st-laurent-sur-sevre\\\/?lang=en\",\"url\":\"https:\\\/\\\/www.lamennais.org\\\/gabriel-deshayes-800-pilgrims-celebrate-the-250th-anniversary-of-st-vincent-de-paul-de-louest-at-st-laurent-sur-sevre\\\/?lang=en\",\"name\":\"GABRIEL DESHAYES. 800 pilgrims celebrate the 250th anniversary of \\\"St Vincent de Paul de l'Ouest\\\" at St-Laurent-sur-S\u00e8vre - LaMennais.org\",\"isPartOf\":{\"@id\":\"https:\\\/\\\/www.lamennais.org\\\/#website\"},\"primaryImageOfPage\":{\"@id\":\"https:\\\/\\\/www.lamennais.org\\\/gabriel-deshayes-800-pilgrims-celebrate-the-250th-anniversary-of-st-vincent-de-paul-de-louest-at-st-laurent-sur-sevre\\\/?lang=en#primaryimage\"},\"image\":{\"@id\":\"https:\\\/\\\/www.lamennais.org\\\/gabriel-deshayes-800-pilgrims-celebrate-the-250th-anniversary-of-st-vincent-de-paul-de-louest-at-st-laurent-sur-sevre\\\/?lang=en#primaryimage\"},\"thumbnailUrl\":\"https:\\\/\\\/www.lamennais.org\\\/wp-content\\\/uploads\\\/2018\\\/09\\\/OK.jpg\",\"datePublished\":\"2018-09-25T13:39:02+00:00\",\"dateModified\":\"2018-09-26T13:12:20+00:00\",\"author\":{\"@id\":\"https:\\\/\\\/www.lamennais.org\\\/#\\\/schema\\\/person\\\/2a8d6e8a95babedd5ba1c43afd2e3844\"},\"breadcrumb\":{\"@id\":\"https:\\\/\\\/www.lamennais.org\\\/gabriel-deshayes-800-pilgrims-celebrate-the-250th-anniversary-of-st-vincent-de-paul-de-louest-at-st-laurent-sur-sevre\\\/?lang=en#breadcrumb\"},\"inLanguage\":\"en-US\",\"potentialAction\":[{\"@type\":\"ReadAction\",\"target\":[\"https:\\\/\\\/www.lamennais.org\\\/gabriel-deshayes-800-pilgrims-celebrate-the-250th-anniversary-of-st-vincent-de-paul-de-louest-at-st-laurent-sur-sevre\\\/?lang=en\"]}]},{\"@type\":\"ImageObject\",\"inLanguage\":\"en-US\",\"@id\":\"https:\\\/\\\/www.lamennais.org\\\/gabriel-deshayes-800-pilgrims-celebrate-the-250th-anniversary-of-st-vincent-de-paul-de-louest-at-st-laurent-sur-sevre\\\/?lang=en#primaryimage\",\"url\":\"https:\\\/\\\/www.lamennais.org\\\/wp-content\\\/uploads\\\/2018\\\/09\\\/OK.jpg\",\"contentUrl\":\"https:\\\/\\\/www.lamennais.org\\\/wp-content\\\/uploads\\\/2018\\\/09\\\/OK.jpg\",\"width\":2736,\"height\":1586},{\"@type\":\"BreadcrumbList\",\"@id\":\"https:\\\/\\\/www.lamennais.org\\\/gabriel-deshayes-800-pilgrims-celebrate-the-250th-anniversary-of-st-vincent-de-paul-de-louest-at-st-laurent-sur-sevre\\\/?lang=en#breadcrumb\",\"itemListElement\":[{\"@type\":\"ListItem\",\"position\":1,\"name\":\"Accueil\",\"item\":\"https:\\\/\\\/www.lamennais.org\\\/\"},{\"@type\":\"ListItem\",\"position\":2,\"name\":\"GABRIEL DESHAYES. 800 pilgrims celebrate the 250th anniversary of &#8220;St Vincent de Paul de l&#8217;Ouest&#8221; at St-Laurent-sur-S\u00e8vre\"}]},{\"@type\":\"WebSite\",\"@id\":\"https:\\\/\\\/www.lamennais.org\\\/#website\",\"url\":\"https:\\\/\\\/www.lamennais.org\\\/\",\"name\":\"LaMennais.org\",\"description\":\"Fr\u00e8res de l&#039;Instruction Chr\u00e9tienne et Famille Mennaisienne\",\"potentialAction\":[{\"@type\":\"SearchAction\",\"target\":{\"@type\":\"EntryPoint\",\"urlTemplate\":\"https:\\\/\\\/www.lamennais.org\\\/?s={search_term_string}\"},\"query-input\":{\"@type\":\"PropertyValueSpecification\",\"valueRequired\":true,\"valueName\":\"search_term_string\"}}],\"inLanguage\":\"en-US\"},{\"@type\":\"Person\",\"@id\":\"https:\\\/\\\/www.lamennais.org\\\/#\\\/schema\\\/person\\\/2a8d6e8a95babedd5ba1c43afd2e3844\",\"name\":\"Herv\u00e9 Asse\",\"image\":{\"@type\":\"ImageObject\",\"inLanguage\":\"en-US\",\"@id\":\"https:\\\/\\\/secure.gravatar.com\\\/avatar\\\/1aaa7b1baf759c8b40525f40af381cbaa2b0ddd554f57145bceb0654ba45b4c0?s=96&d=mm&r=g\",\"url\":\"https:\\\/\\\/secure.gravatar.com\\\/avatar\\\/1aaa7b1baf759c8b40525f40af381cbaa2b0ddd554f57145bceb0654ba45b4c0?s=96&d=mm&r=g\",\"contentUrl\":\"https:\\\/\\\/secure.gravatar.com\\\/avatar\\\/1aaa7b1baf759c8b40525f40af381cbaa2b0ddd554f57145bceb0654ba45b4c0?s=96&d=mm&r=g\",\"caption\":\"Herv\u00e9 Asse\"}}]}<\/script>\n<!-- \/ Yoast SEO plugin. -->","yoast_head_json":{"title":"GABRIEL DESHAYES. 800 pilgrims celebrate the 250th anniversary of \"St Vincent de Paul de l'Ouest\" at St-Laurent-sur-S\u00e8vre - LaMennais.org","robots":{"index":"index","follow":"follow","max-snippet":"max-snippet:-1","max-image-preview":"max-image-preview:large","max-video-preview":"max-video-preview:-1"},"canonical":"https:\/\/www.lamennais.org\/gabriel-deshayes-800-pilgrims-celebrate-the-250th-anniversary-of-st-vincent-de-paul-de-louest-at-st-laurent-sur-sevre\/?lang=en","og_locale":"en_US","og_type":"article","og_title":"GABRIEL DESHAYES. 800 pilgrims celebrate the 250th anniversary of \"St Vincent de Paul de l'Ouest\" at St-Laurent-sur-S\u00e8vre - LaMennais.org","og_description":"Multicolour! This was the meeting of pilgrims in the footsteps of Gabriel Deshayes during the two-day anniversary on Saturday 22nd and Sunday 23rd September at Saint-Laurent sur S\u00e8vre. They closed the year marking the 250th anniversary of Father Deshayes&#8217; birth. The Sisters, Brothers and Fathers of the different Congregations having been founded, co-founded, re-founded or [&hellip;]","og_url":"https:\/\/www.lamennais.org\/gabriel-deshayes-800-pilgrims-celebrate-the-250th-anniversary-of-st-vincent-de-paul-de-louest-at-st-laurent-sur-sevre\/?lang=en","og_site_name":"LaMennais.org","article_published_time":"2018-09-25T13:39:02+00:00","article_modified_time":"2018-09-26T13:12:20+00:00","og_image":[{"width":2736,"height":1586,"url":"https:\/\/www.lamennais.org\/wp-content\/uploads\/2018\/09\/OK.jpg","type":"image\/jpeg"}],"author":"Herv\u00e9 Asse","twitter_card":"summary_large_image","twitter_misc":{"Written by":"Herv\u00e9 Asse","Est. reading time":"7 minutes"},"schema":{"@context":"https:\/\/schema.org","@graph":[{"@type":"Article","@id":"https:\/\/www.lamennais.org\/gabriel-deshayes-800-pilgrims-celebrate-the-250th-anniversary-of-st-vincent-de-paul-de-louest-at-st-laurent-sur-sevre\/?lang=en#article","isPartOf":{"@id":"https:\/\/www.lamennais.org\/gabriel-deshayes-800-pilgrims-celebrate-the-250th-anniversary-of-st-vincent-de-paul-de-louest-at-st-laurent-sur-sevre\/?lang=en"},"author":{"name":"Herv\u00e9 Asse","@id":"https:\/\/www.lamennais.org\/#\/schema\/person\/2a8d6e8a95babedd5ba1c43afd2e3844"},"headline":"GABRIEL DESHAYES. 800 pilgrims celebrate the 250th anniversary of &#8220;St Vincent de Paul de l&#8217;Ouest&#8221; at St-Laurent-sur-S\u00e8vre","datePublished":"2018-09-25T13:39:02+00:00","dateModified":"2018-09-26T13:12:20+00:00","mainEntityOfPage":{"@id":"https:\/\/www.lamennais.org\/gabriel-deshayes-800-pilgrims-celebrate-the-250th-anniversary-of-st-vincent-de-paul-de-louest-at-st-laurent-sur-sevre\/?lang=en"},"wordCount":1478,"image":{"@id":"https:\/\/www.lamennais.org\/gabriel-deshayes-800-pilgrims-celebrate-the-250th-anniversary-of-st-vincent-de-paul-de-louest-at-st-laurent-sur-sevre\/?lang=en#primaryimage"},"thumbnailUrl":"https:\/\/www.lamennais.org\/wp-content\/uploads\/2018\/09\/OK.jpg","articleSection":["NEWS","News - Brothers","News - Church","News - Education","News - Founders","News - Lay","News - Young"],"inLanguage":"en-US"},{"@type":"WebPage","@id":"https:\/\/www.lamennais.org\/gabriel-deshayes-800-pilgrims-celebrate-the-250th-anniversary-of-st-vincent-de-paul-de-louest-at-st-laurent-sur-sevre\/?lang=en","url":"https:\/\/www.lamennais.org\/gabriel-deshayes-800-pilgrims-celebrate-the-250th-anniversary-of-st-vincent-de-paul-de-louest-at-st-laurent-sur-sevre\/?lang=en","name":"GABRIEL DESHAYES. 800 pilgrims celebrate the 250th anniversary of \"St Vincent de Paul de l'Ouest\" at St-Laurent-sur-S\u00e8vre - LaMennais.org","isPartOf":{"@id":"https:\/\/www.lamennais.org\/#website"},"primaryImageOfPage":{"@id":"https:\/\/www.lamennais.org\/gabriel-deshayes-800-pilgrims-celebrate-the-250th-anniversary-of-st-vincent-de-paul-de-louest-at-st-laurent-sur-sevre\/?lang=en#primaryimage"},"image":{"@id":"https:\/\/www.lamennais.org\/gabriel-deshayes-800-pilgrims-celebrate-the-250th-anniversary-of-st-vincent-de-paul-de-louest-at-st-laurent-sur-sevre\/?lang=en#primaryimage"},"thumbnailUrl":"https:\/\/www.lamennais.org\/wp-content\/uploads\/2018\/09\/OK.jpg","datePublished":"2018-09-25T13:39:02+00:00","dateModified":"2018-09-26T13:12:20+00:00","author":{"@id":"https:\/\/www.lamennais.org\/#\/schema\/person\/2a8d6e8a95babedd5ba1c43afd2e3844"},"breadcrumb":{"@id":"https:\/\/www.lamennais.org\/gabriel-deshayes-800-pilgrims-celebrate-the-250th-anniversary-of-st-vincent-de-paul-de-louest-at-st-laurent-sur-sevre\/?lang=en#breadcrumb"},"inLanguage":"en-US","potentialAction":[{"@type":"ReadAction","target":["https:\/\/www.lamennais.org\/gabriel-deshayes-800-pilgrims-celebrate-the-250th-anniversary-of-st-vincent-de-paul-de-louest-at-st-laurent-sur-sevre\/?lang=en"]}]},{"@type":"ImageObject","inLanguage":"en-US","@id":"https:\/\/www.lamennais.org\/gabriel-deshayes-800-pilgrims-celebrate-the-250th-anniversary-of-st-vincent-de-paul-de-louest-at-st-laurent-sur-sevre\/?lang=en#primaryimage","url":"https:\/\/www.lamennais.org\/wp-content\/uploads\/2018\/09\/OK.jpg","contentUrl":"https:\/\/www.lamennais.org\/wp-content\/uploads\/2018\/09\/OK.jpg","width":2736,"height":1586},{"@type":"BreadcrumbList","@id":"https:\/\/www.lamennais.org\/gabriel-deshayes-800-pilgrims-celebrate-the-250th-anniversary-of-st-vincent-de-paul-de-louest-at-st-laurent-sur-sevre\/?lang=en#breadcrumb","itemListElement":[{"@type":"ListItem","position":1,"name":"Accueil","item":"https:\/\/www.lamennais.org\/"},{"@type":"ListItem","position":2,"name":"GABRIEL DESHAYES. 800 pilgrims celebrate the 250th anniversary of &#8220;St Vincent de Paul de l&#8217;Ouest&#8221; at St-Laurent-sur-S\u00e8vre"}]},{"@type":"WebSite","@id":"https:\/\/www.lamennais.org\/#website","url":"https:\/\/www.lamennais.org\/","name":"LaMennais.org","description":"Fr\u00e8res de l&#039;Instruction Chr\u00e9tienne et Famille Mennaisienne","potentialAction":[{"@type":"SearchAction","target":{"@type":"EntryPoint","urlTemplate":"https:\/\/www.lamennais.org\/?s={search_term_string}"},"query-input":{"@type":"PropertyValueSpecification","valueRequired":true,"valueName":"search_term_string"}}],"inLanguage":"en-US"},{"@type":"Person","@id":"https:\/\/www.lamennais.org\/#\/schema\/person\/2a8d6e8a95babedd5ba1c43afd2e3844","name":"Herv\u00e9 Asse","image":{"@type":"ImageObject","inLanguage":"en-US","@id":"https:\/\/secure.gravatar.com\/avatar\/1aaa7b1baf759c8b40525f40af381cbaa2b0ddd554f57145bceb0654ba45b4c0?s=96&d=mm&r=g","url":"https:\/\/secure.gravatar.com\/avatar\/1aaa7b1baf759c8b40525f40af381cbaa2b0ddd554f57145bceb0654ba45b4c0?s=96&d=mm&r=g","contentUrl":"https:\/\/secure.gravatar.com\/avatar\/1aaa7b1baf759c8b40525f40af381cbaa2b0ddd554f57145bceb0654ba45b4c0?s=96&d=mm&r=g","caption":"Herv\u00e9 Asse"}}]}},"_links":{"self":[{"href":"https:\/\/www.lamennais.org\/en\/wp-json\/wp\/v2\/posts\/17851","targetHints":{"allow":["GET"]}}],"collection":[{"href":"https:\/\/www.lamennais.org\/en\/wp-json\/wp\/v2\/posts"}],"about":[{"href":"https:\/\/www.lamennais.org\/en\/wp-json\/wp\/v2\/types\/post"}],"author":[{"embeddable":true,"href":"https:\/\/www.lamennais.org\/en\/wp-json\/wp\/v2\/users\/3"}],"replies":[{"embeddable":true,"href":"https:\/\/www.lamennais.org\/en\/wp-json\/wp\/v2\/comments?post=17851"}],"version-history":[{"count":2,"href":"https:\/\/www.lamennais.org\/en\/wp-json\/wp\/v2\/posts\/17851\/revisions"}],"predecessor-version":[{"id":17853,"href":"https:\/\/www.lamennais.org\/en\/wp-json\/wp\/v2\/posts\/17851\/revisions\/17853"}],"wp:featuredmedia":[{"embeddable":true,"href":"https:\/\/www.lamennais.org\/en\/wp-json\/wp\/v2\/media\/17725"}],"wp:attachment":[{"href":"https:\/\/www.lamennais.org\/en\/wp-json\/wp\/v2\/media?parent=17851"}],"wp:term":[{"taxonomy":"category","embeddable":true,"href":"https:\/\/www.lamennais.org\/en\/wp-json\/wp\/v2\/categories?post=17851"},{"taxonomy":"post_tag","embeddable":true,"href":"https:\/\/www.lamennais.org\/en\/wp-json\/wp\/v2\/tags?post=17851"}],"curies":[{"name":"wp","href":"https:\/\/api.w.org\/{rel}","templated":true}]}}