{"id":11075,"date":"2017-03-21T08:27:00","date_gmt":"2017-03-21T07:27:00","guid":{"rendered":"http:\/\/www.lamennais.org\/frere-michel-letort-michel-archange\/"},"modified":"2017-03-21T08:33:34","modified_gmt":"2017-03-21T07:33:34","slug":"frere-michel-letort-michel-archange","status":"publish","type":"post","link":"https:\/\/www.lamennais.org\/en\/frere-michel-letort-michel-archange\/","title":{"rendered":"Fr\u00e8re Michel LETORT (Michel-Archange)"},"content":{"rendered":"<p><img fetchpriority=\"high\" decoding=\"async\" class=\"alignleft size-medium wp-image-11068\" src=\"http:\/\/www.lamennais.org\/wp-content\/uploads\/2017\/03\/Letort-226x300.jpg\" alt=\"\" width=\"226\" height=\"300\" srcset=\"https:\/\/www.lamennais.org\/wp-content\/uploads\/2017\/03\/Letort-226x300.jpg 226w, https:\/\/www.lamennais.org\/wp-content\/uploads\/2017\/03\/Letort-768x1017.jpg 768w, https:\/\/www.lamennais.org\/wp-content\/uploads\/2017\/03\/Letort-773x1024.jpg 773w, https:\/\/www.lamennais.org\/wp-content\/uploads\/2017\/03\/Letort-260x344.jpg 260w, https:\/\/www.lamennais.org\/wp-content\/uploads\/2017\/03\/Letort.jpg 1232w\" sizes=\"(max-width: 226px) 100vw, 226px\" \/><br \/>\n<strong>Naissance : Lign\u00e9 (France)<\/strong><\/p>\n<p><strong>le 12 ao\u00fbt 1925<\/strong><\/p>\n<p><strong>Noviciat : le 19 ao\u00fbt 1941, au Roscoat<\/strong><\/p>\n<p><strong>Profession perp\u00e9tuelle : 15 ao\u00fbt 1948<\/strong><\/p>\n<p><strong>Province Saint Jean-Baptiste (France)<\/strong><\/p>\n<p><strong>D\u00e9c\u00e9d\u00e9 \u00e0 la communaut\u00e9 de Josselin, dimanche 19 mars 2017, \u00e0 l\u2019\u00e2ge de 91 ans dont 75 de vie religieuse.\u00a0<\/strong><\/p>\n<hr \/>\n<h4><strong>Situations et postes occup\u00e9s :<\/strong><\/h4>\n<table width=\"768\">\n<tbody>\n<tr>\n<td width=\"106\">1944<\/td>\n<td width=\"331\">NANTES (Toutes-Aides)<\/td>\n<td width=\"331\">Enseignant<\/td>\n<\/tr>\n<tr>\n<td width=\"106\">1946<\/td>\n<td width=\"331\">JOSSELIN (St-Martin)<\/td>\n<td width=\"331\">Malade<\/td>\n<\/tr>\n<tr>\n<td width=\"106\">1948<\/td>\n<td width=\"331\">NANTES (N.D.de l&#8217;Abbaye)<\/td>\n<td width=\"331\">Surveillant<\/td>\n<\/tr>\n<tr>\n<td width=\"106\">1957<\/td>\n<td width=\"331\">LOURDES (Ma\u00eetrise)<\/td>\n<td width=\"331\">Enseignant<\/td>\n<\/tr>\n<tr>\n<td width=\"106\">1959<\/td>\n<td width=\"331\">BETHANIE (Juv\u00e9nat)<\/td>\n<td width=\"331\">Directeur<\/td>\n<\/tr>\n<tr>\n<td width=\"106\">1963<\/td>\n<td width=\"331\">JERSEY<\/td>\n<td width=\"331\">Second Noviciat<\/td>\n<\/tr>\n<tr>\n<td width=\"106\">1963<\/td>\n<td width=\"331\">NANTES (Les Tilleuls)<\/td>\n<td width=\"331\">D\u00e9l\u00e9gu\u00e9 aux vocations<\/td>\n<\/tr>\n<tr>\n<td width=\"106\">1974<\/td>\n<td width=\"331\">SAVENAY (Coll\u00e8ge St-Joseph)<\/td>\n<td width=\"331\">Cat\u00e9ch\u00e8se<\/td>\n<\/tr>\n<tr>\n<td width=\"106\">1980<\/td>\n<td width=\"331\">ROME<\/td>\n<td width=\"331\">Second Noviciat<\/td>\n<\/tr>\n<tr>\n<td width=\"106\">1980<\/td>\n<td width=\"331\">SAVENAY (Coll\u00e8ge St-Joseph)<\/td>\n<td width=\"331\">Cat\u00e9ch\u00e8se<\/td>\n<\/tr>\n<tr>\n<td width=\"106\">1991<\/td>\n<td width=\"331\">LOURDES (St-Joseph)<\/td>\n<td width=\"331\">Animateur \u00e0 l\u2019\u00e9cole de Massabielle<\/td>\n<\/tr>\n<tr>\n<td width=\"106\">1999<\/td>\n<td width=\"331\">CIBOURE (B\u00e9thanie)<\/td>\n<td width=\"331\">Retrait\u00e9<\/td>\n<\/tr>\n<tr>\n<td width=\"106\">2010<\/td>\n<td width=\"331\">JOSSELIN<\/td>\n<td width=\"331\">Retrait\u00e9<\/td>\n<\/tr>\n<\/tbody>\n<\/table>\n","protected":false},"excerpt":{"rendered":"<p>Naissance : Lign\u00e9 (France) le 12 ao\u00fbt 1925 Noviciat : le 19 ao\u00fbt 1941, au Roscoat Profession perp\u00e9tuelle : 15 ao\u00fbt 1948 Province Saint Jean-Baptiste (France) D\u00e9c\u00e9d\u00e9 \u00e0 la communaut\u00e9 de Josselin, dimanche 19 mars 2017, \u00e0 l\u2019\u00e2ge de 91 ans dont 75 de vie religieuse.\u00a0 Situations et postes occup\u00e9s : 1944 NANTES (Toutes-Aides) Enseignant [&hellip;]<\/p>\n","protected":false},"author":3,"featured_media":0,"comment_status":"closed","ping_status":"closed","sticky":false,"template":"","format":"standard","meta":{"footnotes":""},"categories":[205,207],"tags":[],"class_list":["post-11075","post","type-post","status-publish","format-standard","hentry","category-brothers-en","category-deceased"],"yoast_head":"<!-- This site is optimized with the Yoast SEO plugin v27.5 - https:\/\/yoast.com\/product\/yoast-seo-wordpress\/ -->\n<title>Fr\u00e8re Michel LETORT (Michel-Archange) - LaMennais.org<\/title>\n<meta name=\"robots\" content=\"index, follow, max-snippet:-1, max-image-preview:large, max-video-preview:-1\" \/>\n<link rel=\"canonical\" href=\"https:\/\/www.lamennais.org\/frere-michel-letort-michel-archange\/?lang=en\" \/>\n<meta property=\"og:locale\" content=\"en_US\" \/>\n<meta property=\"og:type\" content=\"article\" \/>\n<meta property=\"og:title\" content=\"Fr\u00e8re Michel LETORT (Michel-Archange) - LaMennais.org\" \/>\n<meta property=\"og:description\" content=\"Naissance : Lign\u00e9 (France) le 12 ao\u00fbt 1925 Noviciat : le 19 ao\u00fbt 1941, au Roscoat Profession perp\u00e9tuelle : 15 ao\u00fbt 1948 Province Saint Jean-Baptiste (France) D\u00e9c\u00e9d\u00e9 \u00e0 la communaut\u00e9 de Josselin, dimanche 19 mars 2017, \u00e0 l\u2019\u00e2ge de 91 ans dont 75 de vie religieuse.\u00a0 Situations et postes occup\u00e9s : 1944 NANTES (Toutes-Aides) Enseignant [&hellip;]\" \/>\n<meta property=\"og:url\" content=\"https:\/\/www.lamennais.org\/frere-michel-letort-michel-archange\/?lang=en\" \/>\n<meta property=\"og:site_name\" content=\"LaMennais.org\" \/>\n<meta property=\"article:published_time\" content=\"2017-03-21T07:27:00+00:00\" \/>\n<meta property=\"article:modified_time\" content=\"2017-03-21T07:33:34+00:00\" \/>\n<meta property=\"og:image\" content=\"http:\/\/www.lamennais.org\/wp-content\/uploads\/2017\/03\/Letort-226x300.jpg\" \/>\n<meta name=\"author\" content=\"Herv\u00e9 Asse\" \/>\n<meta name=\"twitter:card\" content=\"summary_large_image\" \/>\n<meta name=\"twitter:label1\" content=\"Written by\" \/>\n\t<meta name=\"twitter:data1\" content=\"Herv\u00e9 Asse\" \/>\n\t<meta name=\"twitter:label2\" content=\"Est. reading time\" \/>\n\t<meta name=\"twitter:data2\" content=\"1 minute\" \/>\n<script type=\"application\/ld+json\" class=\"yoast-schema-graph\">{\"@context\":\"https:\\\/\\\/schema.org\",\"@graph\":[{\"@type\":\"Article\",\"@id\":\"https:\\\/\\\/www.lamennais.org\\\/frere-michel-letort-michel-archange\\\/?lang=en#article\",\"isPartOf\":{\"@id\":\"https:\\\/\\\/www.lamennais.org\\\/frere-michel-letort-michel-archange\\\/?lang=en\"},\"author\":{\"name\":\"Herv\u00e9 Asse\",\"@id\":\"https:\\\/\\\/www.lamennais.org\\\/#\\\/schema\\\/person\\\/2a8d6e8a95babedd5ba1c43afd2e3844\"},\"headline\":\"Fr\u00e8re Michel LETORT (Michel-Archange)\",\"datePublished\":\"2017-03-21T07:27:00+00:00\",\"dateModified\":\"2017-03-21T07:33:34+00:00\",\"mainEntityOfPage\":{\"@id\":\"https:\\\/\\\/www.lamennais.org\\\/frere-michel-letort-michel-archange\\\/?lang=en\"},\"wordCount\":110,\"image\":{\"@id\":\"https:\\\/\\\/www.lamennais.org\\\/frere-michel-letort-michel-archange\\\/?lang=en#primaryimage\"},\"thumbnailUrl\":\"http:\\\/\\\/www.lamennais.org\\\/wp-content\\\/uploads\\\/2017\\\/03\\\/Letort-226x300.jpg\",\"articleSection\":[\"Brothers\",\"Deceased\"],\"inLanguage\":\"en-US\"},{\"@type\":\"WebPage\",\"@id\":\"https:\\\/\\\/www.lamennais.org\\\/frere-michel-letort-michel-archange\\\/?lang=en\",\"url\":\"https:\\\/\\\/www.lamennais.org\\\/frere-michel-letort-michel-archange\\\/?lang=en\",\"name\":\"Fr\u00e8re Michel LETORT (Michel-Archange) - LaMennais.org\",\"isPartOf\":{\"@id\":\"https:\\\/\\\/www.lamennais.org\\\/#website\"},\"primaryImageOfPage\":{\"@id\":\"https:\\\/\\\/www.lamennais.org\\\/frere-michel-letort-michel-archange\\\/?lang=en#primaryimage\"},\"image\":{\"@id\":\"https:\\\/\\\/www.lamennais.org\\\/frere-michel-letort-michel-archange\\\/?lang=en#primaryimage\"},\"thumbnailUrl\":\"http:\\\/\\\/www.lamennais.org\\\/wp-content\\\/uploads\\\/2017\\\/03\\\/Letort-226x300.jpg\",\"datePublished\":\"2017-03-21T07:27:00+00:00\",\"dateModified\":\"2017-03-21T07:33:34+00:00\",\"author\":{\"@id\":\"https:\\\/\\\/www.lamennais.org\\\/#\\\/schema\\\/person\\\/2a8d6e8a95babedd5ba1c43afd2e3844\"},\"breadcrumb\":{\"@id\":\"https:\\\/\\\/www.lamennais.org\\\/frere-michel-letort-michel-archange\\\/?lang=en#breadcrumb\"},\"inLanguage\":\"en-US\",\"potentialAction\":[{\"@type\":\"ReadAction\",\"target\":[\"https:\\\/\\\/www.lamennais.org\\\/frere-michel-letort-michel-archange\\\/?lang=en\"]}]},{\"@type\":\"ImageObject\",\"inLanguage\":\"en-US\",\"@id\":\"https:\\\/\\\/www.lamennais.org\\\/frere-michel-letort-michel-archange\\\/?lang=en#primaryimage\",\"url\":\"http:\\\/\\\/www.lamennais.org\\\/wp-content\\\/uploads\\\/2017\\\/03\\\/Letort-226x300.jpg\",\"contentUrl\":\"http:\\\/\\\/www.lamennais.org\\\/wp-content\\\/uploads\\\/2017\\\/03\\\/Letort-226x300.jpg\"},{\"@type\":\"BreadcrumbList\",\"@id\":\"https:\\\/\\\/www.lamennais.org\\\/frere-michel-letort-michel-archange\\\/?lang=en#breadcrumb\",\"itemListElement\":[{\"@type\":\"ListItem\",\"position\":1,\"name\":\"Accueil\",\"item\":\"https:\\\/\\\/www.lamennais.org\\\/\"},{\"@type\":\"ListItem\",\"position\":2,\"name\":\"Fr\u00e8re Michel LETORT (Michel-Archange)\"}]},{\"@type\":\"WebSite\",\"@id\":\"https:\\\/\\\/www.lamennais.org\\\/#website\",\"url\":\"https:\\\/\\\/www.lamennais.org\\\/\",\"name\":\"LaMennais.org\",\"description\":\"Fr\u00e8res de l&#039;Instruction Chr\u00e9tienne et Famille Mennaisienne\",\"potentialAction\":[{\"@type\":\"SearchAction\",\"target\":{\"@type\":\"EntryPoint\",\"urlTemplate\":\"https:\\\/\\\/www.lamennais.org\\\/?s={search_term_string}\"},\"query-input\":{\"@type\":\"PropertyValueSpecification\",\"valueRequired\":true,\"valueName\":\"search_term_string\"}}],\"inLanguage\":\"en-US\"},{\"@type\":\"Person\",\"@id\":\"https:\\\/\\\/www.lamennais.org\\\/#\\\/schema\\\/person\\\/2a8d6e8a95babedd5ba1c43afd2e3844\",\"name\":\"Herv\u00e9 Asse\",\"image\":{\"@type\":\"ImageObject\",\"inLanguage\":\"en-US\",\"@id\":\"https:\\\/\\\/secure.gravatar.com\\\/avatar\\\/1aaa7b1baf759c8b40525f40af381cbaa2b0ddd554f57145bceb0654ba45b4c0?s=96&d=mm&r=g\",\"url\":\"https:\\\/\\\/secure.gravatar.com\\\/avatar\\\/1aaa7b1baf759c8b40525f40af381cbaa2b0ddd554f57145bceb0654ba45b4c0?s=96&d=mm&r=g\",\"contentUrl\":\"https:\\\/\\\/secure.gravatar.com\\\/avatar\\\/1aaa7b1baf759c8b40525f40af381cbaa2b0ddd554f57145bceb0654ba45b4c0?s=96&d=mm&r=g\",\"caption\":\"Herv\u00e9 Asse\"}}]}<\/script>\n<!-- \/ Yoast SEO plugin. -->","yoast_head_json":{"title":"Fr\u00e8re Michel LETORT (Michel-Archange) - LaMennais.org","robots":{"index":"index","follow":"follow","max-snippet":"max-snippet:-1","max-image-preview":"max-image-preview:large","max-video-preview":"max-video-preview:-1"},"canonical":"https:\/\/www.lamennais.org\/frere-michel-letort-michel-archange\/?lang=en","og_locale":"en_US","og_type":"article","og_title":"Fr\u00e8re Michel LETORT (Michel-Archange) - LaMennais.org","og_description":"Naissance : Lign\u00e9 (France) le 12 ao\u00fbt 1925 Noviciat : le 19 ao\u00fbt 1941, au Roscoat Profession perp\u00e9tuelle : 15 ao\u00fbt 1948 Province Saint Jean-Baptiste (France) D\u00e9c\u00e9d\u00e9 \u00e0 la communaut\u00e9 de Josselin, dimanche 19 mars 2017, \u00e0 l\u2019\u00e2ge de 91 ans dont 75 de vie religieuse.\u00a0 Situations et postes occup\u00e9s : 1944 NANTES (Toutes-Aides) Enseignant [&hellip;]","og_url":"https:\/\/www.lamennais.org\/frere-michel-letort-michel-archange\/?lang=en","og_site_name":"LaMennais.org","article_published_time":"2017-03-21T07:27:00+00:00","article_modified_time":"2017-03-21T07:33:34+00:00","og_image":[{"url":"http:\/\/www.lamennais.org\/wp-content\/uploads\/2017\/03\/Letort-226x300.jpg","type":"","width":"","height":""}],"author":"Herv\u00e9 Asse","twitter_card":"summary_large_image","twitter_misc":{"Written by":"Herv\u00e9 Asse","Est. reading time":"1 minute"},"schema":{"@context":"https:\/\/schema.org","@graph":[{"@type":"Article","@id":"https:\/\/www.lamennais.org\/frere-michel-letort-michel-archange\/?lang=en#article","isPartOf":{"@id":"https:\/\/www.lamennais.org\/frere-michel-letort-michel-archange\/?lang=en"},"author":{"name":"Herv\u00e9 Asse","@id":"https:\/\/www.lamennais.org\/#\/schema\/person\/2a8d6e8a95babedd5ba1c43afd2e3844"},"headline":"Fr\u00e8re Michel LETORT (Michel-Archange)","datePublished":"2017-03-21T07:27:00+00:00","dateModified":"2017-03-21T07:33:34+00:00","mainEntityOfPage":{"@id":"https:\/\/www.lamennais.org\/frere-michel-letort-michel-archange\/?lang=en"},"wordCount":110,"image":{"@id":"https:\/\/www.lamennais.org\/frere-michel-letort-michel-archange\/?lang=en#primaryimage"},"thumbnailUrl":"http:\/\/www.lamennais.org\/wp-content\/uploads\/2017\/03\/Letort-226x300.jpg","articleSection":["Brothers","Deceased"],"inLanguage":"en-US"},{"@type":"WebPage","@id":"https:\/\/www.lamennais.org\/frere-michel-letort-michel-archange\/?lang=en","url":"https:\/\/www.lamennais.org\/frere-michel-letort-michel-archange\/?lang=en","name":"Fr\u00e8re Michel LETORT (Michel-Archange) - LaMennais.org","isPartOf":{"@id":"https:\/\/www.lamennais.org\/#website"},"primaryImageOfPage":{"@id":"https:\/\/www.lamennais.org\/frere-michel-letort-michel-archange\/?lang=en#primaryimage"},"image":{"@id":"https:\/\/www.lamennais.org\/frere-michel-letort-michel-archange\/?lang=en#primaryimage"},"thumbnailUrl":"http:\/\/www.lamennais.org\/wp-content\/uploads\/2017\/03\/Letort-226x300.jpg","datePublished":"2017-03-21T07:27:00+00:00","dateModified":"2017-03-21T07:33:34+00:00","author":{"@id":"https:\/\/www.lamennais.org\/#\/schema\/person\/2a8d6e8a95babedd5ba1c43afd2e3844"},"breadcrumb":{"@id":"https:\/\/www.lamennais.org\/frere-michel-letort-michel-archange\/?lang=en#breadcrumb"},"inLanguage":"en-US","potentialAction":[{"@type":"ReadAction","target":["https:\/\/www.lamennais.org\/frere-michel-letort-michel-archange\/?lang=en"]}]},{"@type":"ImageObject","inLanguage":"en-US","@id":"https:\/\/www.lamennais.org\/frere-michel-letort-michel-archange\/?lang=en#primaryimage","url":"http:\/\/www.lamennais.org\/wp-content\/uploads\/2017\/03\/Letort-226x300.jpg","contentUrl":"http:\/\/www.lamennais.org\/wp-content\/uploads\/2017\/03\/Letort-226x300.jpg"},{"@type":"BreadcrumbList","@id":"https:\/\/www.lamennais.org\/frere-michel-letort-michel-archange\/?lang=en#breadcrumb","itemListElement":[{"@type":"ListItem","position":1,"name":"Accueil","item":"https:\/\/www.lamennais.org\/"},{"@type":"ListItem","position":2,"name":"Fr\u00e8re Michel LETORT (Michel-Archange)"}]},{"@type":"WebSite","@id":"https:\/\/www.lamennais.org\/#website","url":"https:\/\/www.lamennais.org\/","name":"LaMennais.org","description":"Fr\u00e8res de l&#039;Instruction Chr\u00e9tienne et Famille Mennaisienne","potentialAction":[{"@type":"SearchAction","target":{"@type":"EntryPoint","urlTemplate":"https:\/\/www.lamennais.org\/?s={search_term_string}"},"query-input":{"@type":"PropertyValueSpecification","valueRequired":true,"valueName":"search_term_string"}}],"inLanguage":"en-US"},{"@type":"Person","@id":"https:\/\/www.lamennais.org\/#\/schema\/person\/2a8d6e8a95babedd5ba1c43afd2e3844","name":"Herv\u00e9 Asse","image":{"@type":"ImageObject","inLanguage":"en-US","@id":"https:\/\/secure.gravatar.com\/avatar\/1aaa7b1baf759c8b40525f40af381cbaa2b0ddd554f57145bceb0654ba45b4c0?s=96&d=mm&r=g","url":"https:\/\/secure.gravatar.com\/avatar\/1aaa7b1baf759c8b40525f40af381cbaa2b0ddd554f57145bceb0654ba45b4c0?s=96&d=mm&r=g","contentUrl":"https:\/\/secure.gravatar.com\/avatar\/1aaa7b1baf759c8b40525f40af381cbaa2b0ddd554f57145bceb0654ba45b4c0?s=96&d=mm&r=g","caption":"Herv\u00e9 Asse"}}]}},"_links":{"self":[{"href":"https:\/\/www.lamennais.org\/en\/wp-json\/wp\/v2\/posts\/11075","targetHints":{"allow":["GET"]}}],"collection":[{"href":"https:\/\/www.lamennais.org\/en\/wp-json\/wp\/v2\/posts"}],"about":[{"href":"https:\/\/www.lamennais.org\/en\/wp-json\/wp\/v2\/types\/post"}],"author":[{"embeddable":true,"href":"https:\/\/www.lamennais.org\/en\/wp-json\/wp\/v2\/users\/3"}],"replies":[{"embeddable":true,"href":"https:\/\/www.lamennais.org\/en\/wp-json\/wp\/v2\/comments?post=11075"}],"version-history":[{"count":1,"href":"https:\/\/www.lamennais.org\/en\/wp-json\/wp\/v2\/posts\/11075\/revisions"}],"predecessor-version":[{"id":11081,"href":"https:\/\/www.lamennais.org\/en\/wp-json\/wp\/v2\/posts\/11075\/revisions\/11081"}],"wp:attachment":[{"href":"https:\/\/www.lamennais.org\/en\/wp-json\/wp\/v2\/media?parent=11075"}],"wp:term":[{"taxonomy":"category","embeddable":true,"href":"https:\/\/www.lamennais.org\/en\/wp-json\/wp\/v2\/categories?post=11075"},{"taxonomy":"post_tag","embeddable":true,"href":"https:\/\/www.lamennais.org\/en\/wp-json\/wp\/v2\/tags?post=11075"}],"curies":[{"name":"wp","href":"https:\/\/api.w.org\/{rel}","templated":true}]}}