{"id":10487,"date":"2017-01-16T14:44:32","date_gmt":"2017-01-16T13:44:32","guid":{"rendered":"http:\/\/www.lamennais.org\/?p=10487"},"modified":"2017-01-21T17:40:25","modified_gmt":"2017-01-21T16:40:25","slug":"frere-louis-allot-celestin-michel","status":"publish","type":"post","link":"https:\/\/www.lamennais.org\/en\/frere-louis-allot-celestin-michel\/","title":{"rendered":"Fr\u00e8re Louis ALLOT (C\u00e9lestin-Michel)"},"content":{"rendered":"<p><strong><img fetchpriority=\"high\" decoding=\"async\" class=\"size-medium wp-image-10412 alignleft\" src=\"http:\/\/www.lamennais.org\/wp-content\/uploads\/2017\/01\/Allot-208x300.jpg\" alt=\"\" width=\"208\" height=\"300\" srcset=\"https:\/\/www.lamennais.org\/wp-content\/uploads\/2017\/01\/Allot-208x300.jpg 208w, https:\/\/www.lamennais.org\/wp-content\/uploads\/2017\/01\/Allot-260x376.jpg 260w, https:\/\/www.lamennais.org\/wp-content\/uploads\/2017\/01\/Allot.jpg 332w\" sizes=\"(max-width: 208px) 100vw, 208px\" \/><\/strong><\/p>\n<p>&nbsp;<\/p>\n<p><strong>Naissance : <\/strong>Plo\u00ebrdut (France)<\/p>\n<p>le 08 avril 1928<\/p>\n<p><strong>Noviciat :<\/strong> le 15 ao\u00fbt 1944, \u00e0 Plo\u00ebrmel<\/p>\n<p><strong>Profession perp\u00e9tuelle : <\/strong>15 ao\u00fbt 1953<\/p>\n<p><strong>Province Saint Jean-Baptiste (France)<\/strong><\/p>\n<p><strong>D\u00e9c\u00e9d\u00e9 \u00e0 la clinique de Malestroit, 15 janvier 2017, \u00e0 l\u2019\u00e2ge de 88 ans dont 72 de vie religieuse.<\/strong><\/p>\n<hr \/>\n<h4><strong>Situations et postes occup\u00e9s :<\/strong><\/h4>\n<table width=\"756\">\n<tbody>\n<tr>\n<td width=\"106\">1946<\/td>\n<td width=\"355\">PONTIVY (\u00c9cole Sts-Anges)<\/td>\n<td width=\"295\">Enseignant<\/td>\n<\/tr>\n<tr>\n<td width=\"106\">1950<\/td>\n<td width=\"355\">Service militaire<\/td>\n<td width=\"295\"><\/td>\n<\/tr>\n<tr>\n<td width=\"106\">1951<\/td>\n<td width=\"355\">PONTIVY (\u00c9cole Sts-Anges)<\/td>\n<td width=\"295\">Enseignant<\/td>\n<\/tr>\n<tr>\n<td width=\"106\">1968<\/td>\n<td width=\"355\">PONTIVY (Ecole Second. Ste J. d&#8217;Arc)<\/td>\n<td width=\"295\">Enseignant<\/td>\n<\/tr>\n<tr>\n<td width=\"106\">1969<\/td>\n<td width=\"355\">PLOERMEL (Lyc\u00e9e la Mennais)<\/td>\n<td width=\"295\">Directeur<\/td>\n<\/tr>\n<tr>\n<td width=\"106\">1979<\/td>\n<td width=\"355\">ROME (Via Cassia)<\/td>\n<td width=\"295\">Second Noviciat<\/td>\n<\/tr>\n<tr>\n<td width=\"106\">1980<\/td>\n<td width=\"355\">TREGUIER (Coll\u00e8ge St-Yves)<\/td>\n<td width=\"295\">Directeur et Enseignant<\/td>\n<\/tr>\n<tr>\n<td width=\"106\">1982<\/td>\n<td width=\"355\">LOUDEAC (Coll\u00e8ge St-Joseph et Lyc\u00e9e)<\/td>\n<td width=\"295\">Directeur<\/td>\n<\/tr>\n<tr>\n<td width=\"106\">1987<\/td>\n<td width=\"355\">LANGUIDIC (Coll\u00e8ge St Aubin)<\/td>\n<td width=\"295\">Directeur<\/td>\n<\/tr>\n<tr>\n<td width=\"106\">1993<\/td>\n<td width=\"355\">PENESTIN (N.D. du Palandrin)<\/td>\n<td width=\"295\">Retrait\u00e9<\/td>\n<\/tr>\n<tr>\n<td width=\"106\">2003<\/td>\n<td width=\"355\">MALESTROIT<\/td>\n<td width=\"295\">Retrait\u00e9<\/td>\n<\/tr>\n<tr>\n<td width=\"106\">D\u00e9cembre 2016<\/td>\n<td width=\"355\">JOSSELIN<\/td>\n<td width=\"295\">Retrait\u00e9<\/td>\n<\/tr>\n<\/tbody>\n<\/table>\n","protected":false},"excerpt":{"rendered":"<p>&nbsp; Naissance : Plo\u00ebrdut (France) le 08 avril 1928 Noviciat : le 15 ao\u00fbt 1944, \u00e0 Plo\u00ebrmel Profession perp\u00e9tuelle : 15 ao\u00fbt 1953 Province Saint Jean-Baptiste (France) D\u00e9c\u00e9d\u00e9 \u00e0 la clinique de Malestroit, 15 janvier 2017, \u00e0 l\u2019\u00e2ge de 88 ans dont 72 de vie religieuse. Situations et postes occup\u00e9s : 1946 PONTIVY (\u00c9cole Sts-Anges) [&hellip;]<\/p>\n","protected":false},"author":3,"featured_media":0,"comment_status":"closed","ping_status":"closed","sticky":false,"template":"","format":"standard","meta":{"footnotes":""},"categories":[205,207],"tags":[],"class_list":["post-10487","post","type-post","status-publish","format-standard","hentry","category-brothers-en","category-deceased"],"yoast_head":"<!-- This site is optimized with the Yoast SEO plugin v27.5 - https:\/\/yoast.com\/product\/yoast-seo-wordpress\/ -->\n<title>Fr\u00e8re Louis ALLOT (C\u00e9lestin-Michel) - LaMennais.org<\/title>\n<meta name=\"robots\" content=\"index, follow, max-snippet:-1, max-image-preview:large, max-video-preview:-1\" \/>\n<link rel=\"canonical\" href=\"https:\/\/www.lamennais.org\/frere-louis-allot-celestin-michel\/?lang=en\" \/>\n<meta property=\"og:locale\" content=\"en_US\" \/>\n<meta property=\"og:type\" content=\"article\" \/>\n<meta property=\"og:title\" content=\"Fr\u00e8re Louis ALLOT (C\u00e9lestin-Michel) - LaMennais.org\" \/>\n<meta property=\"og:description\" content=\"&nbsp; Naissance : Plo\u00ebrdut (France) le 08 avril 1928 Noviciat : le 15 ao\u00fbt 1944, \u00e0 Plo\u00ebrmel Profession perp\u00e9tuelle : 15 ao\u00fbt 1953 Province Saint Jean-Baptiste (France) D\u00e9c\u00e9d\u00e9 \u00e0 la clinique de Malestroit, 15 janvier 2017, \u00e0 l\u2019\u00e2ge de 88 ans dont 72 de vie religieuse. Situations et postes occup\u00e9s : 1946 PONTIVY (\u00c9cole Sts-Anges) [&hellip;]\" \/>\n<meta property=\"og:url\" content=\"https:\/\/www.lamennais.org\/frere-louis-allot-celestin-michel\/?lang=en\" \/>\n<meta property=\"og:site_name\" content=\"LaMennais.org\" \/>\n<meta property=\"article:published_time\" content=\"2017-01-16T13:44:32+00:00\" \/>\n<meta property=\"article:modified_time\" content=\"2017-01-21T16:40:25+00:00\" \/>\n<meta property=\"og:image\" content=\"http:\/\/www.lamennais.org\/wp-content\/uploads\/2017\/01\/Allot-208x300.jpg\" \/>\n<meta name=\"author\" content=\"Herv\u00e9 Asse\" \/>\n<meta name=\"twitter:card\" content=\"summary_large_image\" \/>\n<meta name=\"twitter:label1\" content=\"Written by\" \/>\n\t<meta name=\"twitter:data1\" content=\"Herv\u00e9 Asse\" \/>\n\t<meta name=\"twitter:label2\" content=\"Est. reading time\" \/>\n\t<meta name=\"twitter:data2\" content=\"1 minute\" \/>\n<script type=\"application\/ld+json\" class=\"yoast-schema-graph\">{\"@context\":\"https:\\\/\\\/schema.org\",\"@graph\":[{\"@type\":\"Article\",\"@id\":\"https:\\\/\\\/www.lamennais.org\\\/frere-louis-allot-celestin-michel\\\/?lang=en#article\",\"isPartOf\":{\"@id\":\"https:\\\/\\\/www.lamennais.org\\\/frere-louis-allot-celestin-michel\\\/?lang=en\"},\"author\":{\"name\":\"Herv\u00e9 Asse\",\"@id\":\"https:\\\/\\\/www.lamennais.org\\\/#\\\/schema\\\/person\\\/2a8d6e8a95babedd5ba1c43afd2e3844\"},\"headline\":\"Fr\u00e8re Louis ALLOT (C\u00e9lestin-Michel)\",\"datePublished\":\"2017-01-16T13:44:32+00:00\",\"dateModified\":\"2017-01-21T16:40:25+00:00\",\"mainEntityOfPage\":{\"@id\":\"https:\\\/\\\/www.lamennais.org\\\/frere-louis-allot-celestin-michel\\\/?lang=en\"},\"wordCount\":111,\"image\":{\"@id\":\"https:\\\/\\\/www.lamennais.org\\\/frere-louis-allot-celestin-michel\\\/?lang=en#primaryimage\"},\"thumbnailUrl\":\"http:\\\/\\\/www.lamennais.org\\\/wp-content\\\/uploads\\\/2017\\\/01\\\/Allot-208x300.jpg\",\"articleSection\":[\"Brothers\",\"Deceased\"],\"inLanguage\":\"en-US\"},{\"@type\":\"WebPage\",\"@id\":\"https:\\\/\\\/www.lamennais.org\\\/frere-louis-allot-celestin-michel\\\/?lang=en\",\"url\":\"https:\\\/\\\/www.lamennais.org\\\/frere-louis-allot-celestin-michel\\\/?lang=en\",\"name\":\"Fr\u00e8re Louis ALLOT (C\u00e9lestin-Michel) - LaMennais.org\",\"isPartOf\":{\"@id\":\"https:\\\/\\\/www.lamennais.org\\\/#website\"},\"primaryImageOfPage\":{\"@id\":\"https:\\\/\\\/www.lamennais.org\\\/frere-louis-allot-celestin-michel\\\/?lang=en#primaryimage\"},\"image\":{\"@id\":\"https:\\\/\\\/www.lamennais.org\\\/frere-louis-allot-celestin-michel\\\/?lang=en#primaryimage\"},\"thumbnailUrl\":\"http:\\\/\\\/www.lamennais.org\\\/wp-content\\\/uploads\\\/2017\\\/01\\\/Allot-208x300.jpg\",\"datePublished\":\"2017-01-16T13:44:32+00:00\",\"dateModified\":\"2017-01-21T16:40:25+00:00\",\"author\":{\"@id\":\"https:\\\/\\\/www.lamennais.org\\\/#\\\/schema\\\/person\\\/2a8d6e8a95babedd5ba1c43afd2e3844\"},\"breadcrumb\":{\"@id\":\"https:\\\/\\\/www.lamennais.org\\\/frere-louis-allot-celestin-michel\\\/?lang=en#breadcrumb\"},\"inLanguage\":\"en-US\",\"potentialAction\":[{\"@type\":\"ReadAction\",\"target\":[\"https:\\\/\\\/www.lamennais.org\\\/frere-louis-allot-celestin-michel\\\/?lang=en\"]}]},{\"@type\":\"ImageObject\",\"inLanguage\":\"en-US\",\"@id\":\"https:\\\/\\\/www.lamennais.org\\\/frere-louis-allot-celestin-michel\\\/?lang=en#primaryimage\",\"url\":\"http:\\\/\\\/www.lamennais.org\\\/wp-content\\\/uploads\\\/2017\\\/01\\\/Allot-208x300.jpg\",\"contentUrl\":\"http:\\\/\\\/www.lamennais.org\\\/wp-content\\\/uploads\\\/2017\\\/01\\\/Allot-208x300.jpg\"},{\"@type\":\"BreadcrumbList\",\"@id\":\"https:\\\/\\\/www.lamennais.org\\\/frere-louis-allot-celestin-michel\\\/?lang=en#breadcrumb\",\"itemListElement\":[{\"@type\":\"ListItem\",\"position\":1,\"name\":\"Accueil\",\"item\":\"https:\\\/\\\/www.lamennais.org\\\/\"},{\"@type\":\"ListItem\",\"position\":2,\"name\":\"Fr\u00e8re Louis ALLOT (C\u00e9lestin-Michel)\"}]},{\"@type\":\"WebSite\",\"@id\":\"https:\\\/\\\/www.lamennais.org\\\/#website\",\"url\":\"https:\\\/\\\/www.lamennais.org\\\/\",\"name\":\"LaMennais.org\",\"description\":\"Fr\u00e8res de l&#039;Instruction Chr\u00e9tienne et Famille Mennaisienne\",\"potentialAction\":[{\"@type\":\"SearchAction\",\"target\":{\"@type\":\"EntryPoint\",\"urlTemplate\":\"https:\\\/\\\/www.lamennais.org\\\/?s={search_term_string}\"},\"query-input\":{\"@type\":\"PropertyValueSpecification\",\"valueRequired\":true,\"valueName\":\"search_term_string\"}}],\"inLanguage\":\"en-US\"},{\"@type\":\"Person\",\"@id\":\"https:\\\/\\\/www.lamennais.org\\\/#\\\/schema\\\/person\\\/2a8d6e8a95babedd5ba1c43afd2e3844\",\"name\":\"Herv\u00e9 Asse\",\"image\":{\"@type\":\"ImageObject\",\"inLanguage\":\"en-US\",\"@id\":\"https:\\\/\\\/secure.gravatar.com\\\/avatar\\\/1aaa7b1baf759c8b40525f40af381cbaa2b0ddd554f57145bceb0654ba45b4c0?s=96&d=mm&r=g\",\"url\":\"https:\\\/\\\/secure.gravatar.com\\\/avatar\\\/1aaa7b1baf759c8b40525f40af381cbaa2b0ddd554f57145bceb0654ba45b4c0?s=96&d=mm&r=g\",\"contentUrl\":\"https:\\\/\\\/secure.gravatar.com\\\/avatar\\\/1aaa7b1baf759c8b40525f40af381cbaa2b0ddd554f57145bceb0654ba45b4c0?s=96&d=mm&r=g\",\"caption\":\"Herv\u00e9 Asse\"}}]}<\/script>\n<!-- \/ Yoast SEO plugin. -->","yoast_head_json":{"title":"Fr\u00e8re Louis ALLOT (C\u00e9lestin-Michel) - LaMennais.org","robots":{"index":"index","follow":"follow","max-snippet":"max-snippet:-1","max-image-preview":"max-image-preview:large","max-video-preview":"max-video-preview:-1"},"canonical":"https:\/\/www.lamennais.org\/frere-louis-allot-celestin-michel\/?lang=en","og_locale":"en_US","og_type":"article","og_title":"Fr\u00e8re Louis ALLOT (C\u00e9lestin-Michel) - LaMennais.org","og_description":"&nbsp; Naissance : Plo\u00ebrdut (France) le 08 avril 1928 Noviciat : le 15 ao\u00fbt 1944, \u00e0 Plo\u00ebrmel Profession perp\u00e9tuelle : 15 ao\u00fbt 1953 Province Saint Jean-Baptiste (France) D\u00e9c\u00e9d\u00e9 \u00e0 la clinique de Malestroit, 15 janvier 2017, \u00e0 l\u2019\u00e2ge de 88 ans dont 72 de vie religieuse. Situations et postes occup\u00e9s : 1946 PONTIVY (\u00c9cole Sts-Anges) [&hellip;]","og_url":"https:\/\/www.lamennais.org\/frere-louis-allot-celestin-michel\/?lang=en","og_site_name":"LaMennais.org","article_published_time":"2017-01-16T13:44:32+00:00","article_modified_time":"2017-01-21T16:40:25+00:00","og_image":[{"url":"http:\/\/www.lamennais.org\/wp-content\/uploads\/2017\/01\/Allot-208x300.jpg","type":"","width":"","height":""}],"author":"Herv\u00e9 Asse","twitter_card":"summary_large_image","twitter_misc":{"Written by":"Herv\u00e9 Asse","Est. reading time":"1 minute"},"schema":{"@context":"https:\/\/schema.org","@graph":[{"@type":"Article","@id":"https:\/\/www.lamennais.org\/frere-louis-allot-celestin-michel\/?lang=en#article","isPartOf":{"@id":"https:\/\/www.lamennais.org\/frere-louis-allot-celestin-michel\/?lang=en"},"author":{"name":"Herv\u00e9 Asse","@id":"https:\/\/www.lamennais.org\/#\/schema\/person\/2a8d6e8a95babedd5ba1c43afd2e3844"},"headline":"Fr\u00e8re Louis ALLOT (C\u00e9lestin-Michel)","datePublished":"2017-01-16T13:44:32+00:00","dateModified":"2017-01-21T16:40:25+00:00","mainEntityOfPage":{"@id":"https:\/\/www.lamennais.org\/frere-louis-allot-celestin-michel\/?lang=en"},"wordCount":111,"image":{"@id":"https:\/\/www.lamennais.org\/frere-louis-allot-celestin-michel\/?lang=en#primaryimage"},"thumbnailUrl":"http:\/\/www.lamennais.org\/wp-content\/uploads\/2017\/01\/Allot-208x300.jpg","articleSection":["Brothers","Deceased"],"inLanguage":"en-US"},{"@type":"WebPage","@id":"https:\/\/www.lamennais.org\/frere-louis-allot-celestin-michel\/?lang=en","url":"https:\/\/www.lamennais.org\/frere-louis-allot-celestin-michel\/?lang=en","name":"Fr\u00e8re Louis ALLOT (C\u00e9lestin-Michel) - LaMennais.org","isPartOf":{"@id":"https:\/\/www.lamennais.org\/#website"},"primaryImageOfPage":{"@id":"https:\/\/www.lamennais.org\/frere-louis-allot-celestin-michel\/?lang=en#primaryimage"},"image":{"@id":"https:\/\/www.lamennais.org\/frere-louis-allot-celestin-michel\/?lang=en#primaryimage"},"thumbnailUrl":"http:\/\/www.lamennais.org\/wp-content\/uploads\/2017\/01\/Allot-208x300.jpg","datePublished":"2017-01-16T13:44:32+00:00","dateModified":"2017-01-21T16:40:25+00:00","author":{"@id":"https:\/\/www.lamennais.org\/#\/schema\/person\/2a8d6e8a95babedd5ba1c43afd2e3844"},"breadcrumb":{"@id":"https:\/\/www.lamennais.org\/frere-louis-allot-celestin-michel\/?lang=en#breadcrumb"},"inLanguage":"en-US","potentialAction":[{"@type":"ReadAction","target":["https:\/\/www.lamennais.org\/frere-louis-allot-celestin-michel\/?lang=en"]}]},{"@type":"ImageObject","inLanguage":"en-US","@id":"https:\/\/www.lamennais.org\/frere-louis-allot-celestin-michel\/?lang=en#primaryimage","url":"http:\/\/www.lamennais.org\/wp-content\/uploads\/2017\/01\/Allot-208x300.jpg","contentUrl":"http:\/\/www.lamennais.org\/wp-content\/uploads\/2017\/01\/Allot-208x300.jpg"},{"@type":"BreadcrumbList","@id":"https:\/\/www.lamennais.org\/frere-louis-allot-celestin-michel\/?lang=en#breadcrumb","itemListElement":[{"@type":"ListItem","position":1,"name":"Accueil","item":"https:\/\/www.lamennais.org\/"},{"@type":"ListItem","position":2,"name":"Fr\u00e8re Louis ALLOT (C\u00e9lestin-Michel)"}]},{"@type":"WebSite","@id":"https:\/\/www.lamennais.org\/#website","url":"https:\/\/www.lamennais.org\/","name":"LaMennais.org","description":"Fr\u00e8res de l&#039;Instruction Chr\u00e9tienne et Famille Mennaisienne","potentialAction":[{"@type":"SearchAction","target":{"@type":"EntryPoint","urlTemplate":"https:\/\/www.lamennais.org\/?s={search_term_string}"},"query-input":{"@type":"PropertyValueSpecification","valueRequired":true,"valueName":"search_term_string"}}],"inLanguage":"en-US"},{"@type":"Person","@id":"https:\/\/www.lamennais.org\/#\/schema\/person\/2a8d6e8a95babedd5ba1c43afd2e3844","name":"Herv\u00e9 Asse","image":{"@type":"ImageObject","inLanguage":"en-US","@id":"https:\/\/secure.gravatar.com\/avatar\/1aaa7b1baf759c8b40525f40af381cbaa2b0ddd554f57145bceb0654ba45b4c0?s=96&d=mm&r=g","url":"https:\/\/secure.gravatar.com\/avatar\/1aaa7b1baf759c8b40525f40af381cbaa2b0ddd554f57145bceb0654ba45b4c0?s=96&d=mm&r=g","contentUrl":"https:\/\/secure.gravatar.com\/avatar\/1aaa7b1baf759c8b40525f40af381cbaa2b0ddd554f57145bceb0654ba45b4c0?s=96&d=mm&r=g","caption":"Herv\u00e9 Asse"}}]}},"_links":{"self":[{"href":"https:\/\/www.lamennais.org\/en\/wp-json\/wp\/v2\/posts\/10487","targetHints":{"allow":["GET"]}}],"collection":[{"href":"https:\/\/www.lamennais.org\/en\/wp-json\/wp\/v2\/posts"}],"about":[{"href":"https:\/\/www.lamennais.org\/en\/wp-json\/wp\/v2\/types\/post"}],"author":[{"embeddable":true,"href":"https:\/\/www.lamennais.org\/en\/wp-json\/wp\/v2\/users\/3"}],"replies":[{"embeddable":true,"href":"https:\/\/www.lamennais.org\/en\/wp-json\/wp\/v2\/comments?post=10487"}],"version-history":[{"count":1,"href":"https:\/\/www.lamennais.org\/en\/wp-json\/wp\/v2\/posts\/10487\/revisions"}],"predecessor-version":[{"id":10488,"href":"https:\/\/www.lamennais.org\/en\/wp-json\/wp\/v2\/posts\/10487\/revisions\/10488"}],"wp:attachment":[{"href":"https:\/\/www.lamennais.org\/en\/wp-json\/wp\/v2\/media?parent=10487"}],"wp:term":[{"taxonomy":"category","embeddable":true,"href":"https:\/\/www.lamennais.org\/en\/wp-json\/wp\/v2\/categories?post=10487"},{"taxonomy":"post_tag","embeddable":true,"href":"https:\/\/www.lamennais.org\/en\/wp-json\/wp\/v2\/tags?post=10487"}],"curies":[{"name":"wp","href":"https:\/\/api.w.org\/{rel}","templated":true}]}}