{"id":6453,"date":"2016-07-09T09:00:38","date_gmt":"2016-07-09T07:00:38","guid":{"rendered":"http:\/\/www.lamennais.org\/?post_type=post_sermons&#038;p=6453&#038;lang=en"},"modified":"2019-12-03T08:05:10","modified_gmt":"2019-12-03T07:05:10","slug":"meditations","status":"publish","type":"post_sermons","link":"https:\/\/www.lamennais.org\/en\/sermon\/meditations\/","title":{"rendered":"Meditations"},"content":{"rendered":"<blockquote>\n<h2><strong>God chose to make us wait<\/strong><\/h2>\n<p>God, you chose to make yourself wait all <strong>the time for an Advent.<\/strong><br \/>\nI don\u2019t like waiting in line.<br \/>\nI don\u2019t like to wait my turn.<br \/>\nI don\u2019t like waiting for the train.<br \/>\nI don\u2019t like waiting to judge.<br \/>\nI don\u2019t like waiting for the moment.<br \/>\nI don\u2019t like waiting another day.<br \/>\nI don\u2019t like to wait because I don\u2019t have time and I live only in the moment.<\/p>\n<p>As you well know, everything is done for me to avoid waiting : credit cards and free services, credit sales and cash machines, phone calls and photos with instant development, telex and computer terminals, television and radio flashes&#8230; I don\u2019t need to wait for news, it precedes me.<\/p>\n<p>But you, God, have chosen to make yourself wait for the time of an entire Advent.<br \/>\nBecause you have made waiting the space of conversion, face to face with what is hidden, wear and tear that does not wear out.<\/p>\n<p>Waiting, only waiting, waiting for waiting, intimacy with waiting that is in us because only waiting awakens attention and only attention is capable of loving.<\/p>\n<p>Everything is already given in expectation, and for You, God, Waiting conjugates Praying.<\/p>\n<p style=\"text-align: right;\"><em>by Father Jean Debruynne<\/em><\/p>\n<hr \/>\n<h2><strong>40 days of Lent and a small test<\/strong><\/h2>\n<p><img fetchpriority=\"high\" decoding=\"async\" class=\"size-medium wp-image-11011 alignleft\" src=\"http:\/\/www.lamennais.org\/wp-content\/uploads\/2016\/07\/PB179713-225x300.jpg\" alt=\"\" width=\"225\" height=\"300\" srcset=\"https:\/\/www.lamennais.org\/wp-content\/uploads\/2016\/07\/PB179713-225x300.jpg 225w, https:\/\/www.lamennais.org\/wp-content\/uploads\/2016\/07\/PB179713-768x1024.jpg 768w, https:\/\/www.lamennais.org\/wp-content\/uploads\/2016\/07\/PB179713-260x347.jpg 260w\" sizes=\"(max-width: 225px) 100vw, 225px\" \/><\/p>\n<p>Here we are in the Lenten Season. We still know some days of the rigours of Winter (cold, rain, wind) and we are already invited to turn to the Feast of Easter, associated with Spring.<\/p>\n<p>Easter is, indeed, the horizon of our approach. Forty days of Lent are a path which makes us cross the desert to open us to life. The desert reminds us of lack, fasting, a kind of hardship, the purpose of which is to direct our desire to something better. It is not a question of &#8220;mortifying&#8221; ourselves but, on the contrary, &#8220;to animate&#8221; ourselves, to do good to ourselves, by digging within us a space to welcome what only God can give us: his Life in plenitude.<\/p>\n<p>To favour this opening to the Gift of God, each can look for the appropriate way suited to one\u2019s situation, to one\u2019s concrete existence, \u00a0and to one\u2019s daily life. So THIS way is not an &#8220;extraordinary&#8221; effort, it is to be chosen \u00a0in the &#8220;ordinary&#8221; of life, for example the relation to God &#8211; prayer, reading of the Word of God, or the relation to the others &#8211; sharing, solidarity, listening, or the relation to goods &#8211; fasting of food, drink, tobacco, Internet, computer, TV \u2026<br \/>\nTo know if the chosen means or &#8220;effort&#8221; for Lent is good, a small test: does it make me less unpleasant towards those who live with me? Does it put peace and joy in my heart?<\/p>\n<h5><strong><br \/>\nBro. Jean-Yves Hamon<\/strong><\/h5>\n<hr \/>\n<h2><strong>New year: a blessing<\/strong><\/h2>\n<p>To bless, it is to speak well or to speak well of somebody (<em>bene-dicere<\/em> ). We bless God who gives us everything. But it is at first God who blesses us. The blessing is as the BASICS of any true relation. To bless should be the basic attitude of every educator (parent, teacher, and animator). Children need that their parents and their educators bless them. In their turn, they will address the adults who trust them, and whom they trust, words of blessing, gratitude, and thanksgiving.<\/p>\n<h2><strong><img decoding=\"async\" class=\"alignleft size-medium wp-image-10086\" src=\"http:\/\/www.lamennais.org\/wp-content\/uploads\/2016\/07\/F-et-P-300x225.jpg\" alt=\"\" width=\"300\" height=\"225\" srcset=\"https:\/\/www.lamennais.org\/wp-content\/uploads\/2016\/07\/F-et-P-300x225.jpg 300w, https:\/\/www.lamennais.org\/wp-content\/uploads\/2016\/07\/F-et-P-768x576.jpg 768w, https:\/\/www.lamennais.org\/wp-content\/uploads\/2016\/07\/F-et-P-1024x768.jpg 1024w, https:\/\/www.lamennais.org\/wp-content\/uploads\/2016\/07\/F-et-P-260x195.jpg 260w, https:\/\/www.lamennais.org\/wp-content\/uploads\/2016\/07\/F-et-P.jpg 1200w\" sizes=\"(max-width: 300px) 100vw, 300px\" \/><\/strong><\/h2>\n<p>To trust in ourselves and to grow up, we need to be blessed, to hear encouraging words, which help us to live, to continue the road, to overcome obstacles, to overcome trials \u2026 Let us remember ourselves all these words which were for us factors of self-fulfilment, of growth \u2026 On the contrary, other words hurt us, destroyed us, discouraged, brought down, excluded, rejected&#8230;<\/p>\n<p>In Mark&#8217;s Gospel (10: 46-52), we find this situation: Bartimaeus, a blind beggar, is on the side of the way, completely off! \u2026 Jesus speaks to him through other people &#8211; Jesus loves the intermediaries: &#8220;Take heart, get up, he is calling you\u201d. Here is a word of blessing, a word of encouragement, a friendly word (which wishes well) and a word which is beneficial.<\/p>\n<p>Let us address each other words of blessing. By so doing, we contribute to the well-being of those who live with us, and thus really live as the children of God who does not stop blessing us &#8230; It is never too late to begin!<\/p>\n<p><strong>Bro. Jean-Yves Hamon<\/strong><\/p>\n<hr \/>\n<h2><strong>En marche\u2026\u00a0!<\/strong><\/h2>\n<\/blockquote>\n<p>Marcher, c\u2019est d\u00e9placer notre pied d\u2019un lieu connu, ferme et s\u00fbr, pour le poser un peu plus loin, c\u2019est prendre appui alternativement sur la jambe droite puis sur la jambe gauche. C\u2019est \u00e9vident pour nous, nous n\u2019y pensons pas\u2026 Et pourtant, observons un enfant qui risque ses premiers pas\u00a0: au d\u00e9but, que d\u2019efforts pour d\u00e9coller sa jambe du sol et la projeter en avant\u00a0! Mais apr\u00e8s quelques semaines de t\u00e2tonnements, d\u2019h\u00e9sitations, de chutes aussi, quelle fiert\u00e9 de pouvoir se d\u00e9placer avec une aisance toute relative\u2026<\/p>\n<p>De m\u00eame lorsque nos d\u00e9cidons de partir \u00e0 pied sur une longue distance, pour un p\u00e8lerinage, nous pouvons \u00eatre partag\u00e9s entre l\u2019ivresse de l\u2019aventure et la peur de l\u2019inconnu. Nous h\u00e9sitons\u2026 Rester sur place est tellement plus confortable, mais nous pressentons que la vie est en avant\u00a0!<\/p>\n<p>Partir sur la route, c\u2019est laisser derri\u00e8re nous ce qui nous encombre, ce qui est lourd, inutile, superflu\u00a0: all\u00e9ger notre sac permet d\u2019avoir l\u2019esprit et le c\u0153ur l\u00e9gers\u2026 Partir, c\u2019est aussi quitter, pour un temps, parents et amis, pour nous risquer \u00e0 devenir nous-m\u00eames, \u00e0 exister par nous-m\u00eames\u2026 C\u2019est choisir de tracer notre propre chemin, d\u2019aller seuls, m\u00eame si nous marchons \u00e0 plusieurs, car pour chacun l\u2019exp\u00e9rience est unique\u2026<\/p>\n<p>Seuls, mais pas solitaires, car accompagn\u00e9s, conduits, pouss\u00e9s par l\u2019Esprit, sur des chemins toujours nouveaux, o\u00f9 il nous devance\u2026 L\u2019Esprit en effet aime ces moments de disponibilit\u00e9, de calme, de gratuit\u00e9, pour inspirer ceux qui lui font confiance, ceux qui vont l\u00e0 o\u00f9 ils nous voulaient peut-\u00eatre pas aller\u2026<\/p>\n<p>Prendre la route, c\u2019est sortir de chez nous, sortir de nous-m\u00eames, pour aller \u00e0 la rencontre des autres diff\u00e9rents, de ceux qui cheminent comme nous, anim\u00e9s par le d\u00e9sir d\u2019aller voir ailleurs, et de ceux qui vivent dans les villes et villages que nous traversons\u2026 C\u2019est savoir nous arr\u00eater pour saluer, pour dire une parole de salut, de bienveillance, pour faire conversation, pour \u00e9couter, pour partager, recevoir et donner.<\/p>\n<p>Marcher, c\u2019est avancer, non seulement avec nos\u00a0pieds, mais aussi avec notre t\u00eate et notre c\u0153ur\u00a0; nos pens\u00e9es, elles aussi, cheminent. La marche est souvent propice \u00e0 la r\u00e9flexion, \u00e0 la m\u00e9ditation, \u00e0 la contemplation, \u00e0 la relecture de vie, \u00e0 la pr\u00e9paration d\u2019une d\u00e9cision\u2026 Marcher c\u2019est se projeter vers l\u2019avant\u2026<\/p>\n<p>Marcher, c\u2019est aller quelque part, avoir une destination, tendre vers un but\u2026 et c\u2019est souvent trouver autre chose que ce que nous avions imagin\u00e9 au d\u00e9part\u2026 Au fond, n\u2019est-ce pas chercher Dieu\u2026 l\u2019Autre par excellence, qui toujours nous \u00e9chappe et nous invite \u00e0 le chercher encore\u00a0?\u2026<\/p>\n<p>C\u2019est enfin, comme les mages, regagner notre pays par un autre chemin, car la route nous a transform\u00e9s, creus\u00e9s, lib\u00e9r\u00e9s.<\/p>\n<p><strong>F. Jean Yves Hamon<\/strong><\/p>\n","protected":false},"excerpt":{"rendered":"<p>God chose to make us wait<\/p>\n","protected":false},"author":1,"featured_media":24198,"template":"","meta":[],"wpl_sermons_category":[256,251],"class_list":["post-6453","post_sermons","type-post_sermons","status-publish","has-post-thumbnail","hentry","wpl_sermons_category-meditations-en","wpl_sermons_category-vitamins"],"yoast_head":"<!-- This site is optimized with the Yoast SEO plugin v27.4 - https:\/\/yoast.com\/product\/yoast-seo-wordpress\/ -->\n<title>Meditations - LaMennais.org<\/title>\n<meta name=\"robots\" content=\"noindex, follow\" \/>\n<meta property=\"og:locale\" content=\"en_US\" \/>\n<meta property=\"og:type\" content=\"article\" \/>\n<meta property=\"og:title\" content=\"Meditations - LaMennais.org\" \/>\n<meta property=\"og:description\" content=\"God chose to make us wait\" \/>\n<meta property=\"og:url\" content=\"https:\/\/www.lamennais.org\/sermon\/meditations\/?lang=en\" \/>\n<meta property=\"og:site_name\" content=\"LaMennais.org\" \/>\n<meta property=\"article:modified_time\" content=\"2019-12-03T07:05:10+00:00\" \/>\n<meta property=\"og:image\" content=\"https:\/\/www.lamennais.org\/wp-content\/uploads\/2016\/07\/avent.jpg\" \/>\n\t<meta property=\"og:image:width\" content=\"1561\" \/>\n\t<meta property=\"og:image:height\" content=\"976\" \/>\n\t<meta property=\"og:image:type\" content=\"image\/jpeg\" \/>\n<meta name=\"twitter:card\" content=\"summary_large_image\" \/>\n<meta name=\"twitter:label1\" content=\"Est. reading time\" \/>\n\t<meta name=\"twitter:data1\" content=\"6 minutes\" \/>\n<script type=\"application\/ld+json\" class=\"yoast-schema-graph\">{\"@context\":\"https:\\\/\\\/schema.org\",\"@graph\":[{\"@type\":\"WebPage\",\"@id\":\"https:\\\/\\\/www.lamennais.org\\\/sermon\\\/meditations\\\/?lang=en\",\"url\":\"https:\\\/\\\/www.lamennais.org\\\/sermon\\\/meditations\\\/?lang=en\",\"name\":\"Meditations - LaMennais.org\",\"isPartOf\":{\"@id\":\"https:\\\/\\\/www.lamennais.org\\\/#website\"},\"primaryImageOfPage\":{\"@id\":\"https:\\\/\\\/www.lamennais.org\\\/sermon\\\/meditations\\\/?lang=en#primaryimage\"},\"image\":{\"@id\":\"https:\\\/\\\/www.lamennais.org\\\/sermon\\\/meditations\\\/?lang=en#primaryimage\"},\"thumbnailUrl\":\"https:\\\/\\\/www.lamennais.org\\\/wp-content\\\/uploads\\\/2016\\\/07\\\/avent.jpg\",\"datePublished\":\"2016-07-09T07:00:38+00:00\",\"dateModified\":\"2019-12-03T07:05:10+00:00\",\"breadcrumb\":{\"@id\":\"https:\\\/\\\/www.lamennais.org\\\/sermon\\\/meditations\\\/?lang=en#breadcrumb\"},\"inLanguage\":\"en-US\",\"potentialAction\":[{\"@type\":\"ReadAction\",\"target\":[\"https:\\\/\\\/www.lamennais.org\\\/sermon\\\/meditations\\\/?lang=en\"]}]},{\"@type\":\"ImageObject\",\"inLanguage\":\"en-US\",\"@id\":\"https:\\\/\\\/www.lamennais.org\\\/sermon\\\/meditations\\\/?lang=en#primaryimage\",\"url\":\"https:\\\/\\\/www.lamennais.org\\\/wp-content\\\/uploads\\\/2016\\\/07\\\/avent.jpg\",\"contentUrl\":\"https:\\\/\\\/www.lamennais.org\\\/wp-content\\\/uploads\\\/2016\\\/07\\\/avent.jpg\",\"width\":1561,\"height\":976},{\"@type\":\"BreadcrumbList\",\"@id\":\"https:\\\/\\\/www.lamennais.org\\\/sermon\\\/meditations\\\/?lang=en#breadcrumb\",\"itemListElement\":[{\"@type\":\"ListItem\",\"position\":1,\"name\":\"Accueil\",\"item\":\"https:\\\/\\\/www.lamennais.org\\\/\"},{\"@type\":\"ListItem\",\"position\":2,\"name\":\"Meditations\"}]},{\"@type\":\"WebSite\",\"@id\":\"https:\\\/\\\/www.lamennais.org\\\/#website\",\"url\":\"https:\\\/\\\/www.lamennais.org\\\/\",\"name\":\"LaMennais.org\",\"description\":\"Fr\u00e8res de l&#039;Instruction Chr\u00e9tienne et Famille Mennaisienne\",\"potentialAction\":[{\"@type\":\"SearchAction\",\"target\":{\"@type\":\"EntryPoint\",\"urlTemplate\":\"https:\\\/\\\/www.lamennais.org\\\/?s={search_term_string}\"},\"query-input\":{\"@type\":\"PropertyValueSpecification\",\"valueRequired\":true,\"valueName\":\"search_term_string\"}}],\"inLanguage\":\"en-US\"}]}<\/script>\n<!-- \/ Yoast SEO plugin. -->","yoast_head_json":{"title":"Meditations - LaMennais.org","robots":{"index":"noindex","follow":"follow"},"og_locale":"en_US","og_type":"article","og_title":"Meditations - LaMennais.org","og_description":"God chose to make us wait","og_url":"https:\/\/www.lamennais.org\/sermon\/meditations\/?lang=en","og_site_name":"LaMennais.org","article_modified_time":"2019-12-03T07:05:10+00:00","og_image":[{"width":1561,"height":976,"url":"https:\/\/www.lamennais.org\/wp-content\/uploads\/2016\/07\/avent.jpg","type":"image\/jpeg"}],"twitter_card":"summary_large_image","twitter_misc":{"Est. reading time":"6 minutes"},"schema":{"@context":"https:\/\/schema.org","@graph":[{"@type":"WebPage","@id":"https:\/\/www.lamennais.org\/sermon\/meditations\/?lang=en","url":"https:\/\/www.lamennais.org\/sermon\/meditations\/?lang=en","name":"Meditations - LaMennais.org","isPartOf":{"@id":"https:\/\/www.lamennais.org\/#website"},"primaryImageOfPage":{"@id":"https:\/\/www.lamennais.org\/sermon\/meditations\/?lang=en#primaryimage"},"image":{"@id":"https:\/\/www.lamennais.org\/sermon\/meditations\/?lang=en#primaryimage"},"thumbnailUrl":"https:\/\/www.lamennais.org\/wp-content\/uploads\/2016\/07\/avent.jpg","datePublished":"2016-07-09T07:00:38+00:00","dateModified":"2019-12-03T07:05:10+00:00","breadcrumb":{"@id":"https:\/\/www.lamennais.org\/sermon\/meditations\/?lang=en#breadcrumb"},"inLanguage":"en-US","potentialAction":[{"@type":"ReadAction","target":["https:\/\/www.lamennais.org\/sermon\/meditations\/?lang=en"]}]},{"@type":"ImageObject","inLanguage":"en-US","@id":"https:\/\/www.lamennais.org\/sermon\/meditations\/?lang=en#primaryimage","url":"https:\/\/www.lamennais.org\/wp-content\/uploads\/2016\/07\/avent.jpg","contentUrl":"https:\/\/www.lamennais.org\/wp-content\/uploads\/2016\/07\/avent.jpg","width":1561,"height":976},{"@type":"BreadcrumbList","@id":"https:\/\/www.lamennais.org\/sermon\/meditations\/?lang=en#breadcrumb","itemListElement":[{"@type":"ListItem","position":1,"name":"Accueil","item":"https:\/\/www.lamennais.org\/"},{"@type":"ListItem","position":2,"name":"Meditations"}]},{"@type":"WebSite","@id":"https:\/\/www.lamennais.org\/#website","url":"https:\/\/www.lamennais.org\/","name":"LaMennais.org","description":"Fr\u00e8res de l&#039;Instruction Chr\u00e9tienne et Famille Mennaisienne","potentialAction":[{"@type":"SearchAction","target":{"@type":"EntryPoint","urlTemplate":"https:\/\/www.lamennais.org\/?s={search_term_string}"},"query-input":{"@type":"PropertyValueSpecification","valueRequired":true,"valueName":"search_term_string"}}],"inLanguage":"en-US"}]}},"_links":{"self":[{"href":"https:\/\/www.lamennais.org\/en\/wp-json\/wp\/v2\/post_sermons\/6453","targetHints":{"allow":["GET"]}}],"collection":[{"href":"https:\/\/www.lamennais.org\/en\/wp-json\/wp\/v2\/post_sermons"}],"about":[{"href":"https:\/\/www.lamennais.org\/en\/wp-json\/wp\/v2\/types\/post_sermons"}],"author":[{"embeddable":true,"href":"https:\/\/www.lamennais.org\/en\/wp-json\/wp\/v2\/users\/1"}],"version-history":[{"count":2,"href":"https:\/\/www.lamennais.org\/en\/wp-json\/wp\/v2\/post_sermons\/6453\/revisions"}],"predecessor-version":[{"id":10158,"href":"https:\/\/www.lamennais.org\/en\/wp-json\/wp\/v2\/post_sermons\/6453\/revisions\/10158"}],"wp:featuredmedia":[{"embeddable":true,"href":"https:\/\/www.lamennais.org\/en\/wp-json\/wp\/v2\/media\/24198"}],"wp:attachment":[{"href":"https:\/\/www.lamennais.org\/en\/wp-json\/wp\/v2\/media?parent=6453"}],"wp:term":[{"taxonomy":"wpl_sermons_category","embeddable":true,"href":"https:\/\/www.lamennais.org\/en\/wp-json\/wp\/v2\/wpl_sermons_category?post=6453"}],"curies":[{"name":"wp","href":"https:\/\/api.w.org\/{rel}","templated":true}]}}